{"id":36015,"date":"2026-02-28T10:04:19","date_gmt":"2026-02-28T08:04:19","guid":{"rendered":"https:\/\/kuzeyinsesi.org\/index.php\/2026\/02\/28\/israile-misilleme-yapacagiz\/"},"modified":"2026-02-28T10:04:19","modified_gmt":"2026-02-28T08:04:19","slug":"israile-misilleme-yapacagiz","status":"publish","type":"post","link":"https:\/\/kuzeyinsesi.org\/index.php\/2026\/02\/28\/israile-misilleme-yapacagiz\/","title":{"rendered":"\u0130srail\u2019e misilleme yapaca\u011f\u0131z"},"content":{"rendered":"<p>Azizi, ABD merkezli X \u015firketinin sosyal medya platformundaki hesab\u0131ndan yapt\u0131\u011f\u0131 a\u00e7\u0131klamada, \u0130srail&#8217;in sald\u0131r\u0131s\u0131na misilleme yapacaklar\u0131n\u0131 kaydetti.<\/p>\n<p>\u0130ran&#8217;dan sava\u015fa ili\u015fkin yap\u0131lan ilk resmi a\u00e7\u0131klamada Azizi, &#8220;Daha \u00f6nce uyarm\u0131\u015ft\u0131k, siz ba\u015flatt\u0131n\u0131z ama biti\u015fi sizin elinizde olmayacak.&#8221; ifadelerini kulland\u0131.<\/p>\n<p>\u0130srail Savunma Bakan\u0131 Yisrael Katz, \u0130srail\u2019in \u0130ran\u2019a &#8220;\u00f6nleyici bir sald\u0131r\u0131&#8221; ba\u015flatt\u0131\u011f\u0131n\u0131 duyurmu\u015ftu.<\/p>\n<div class=\"\">\n<div class=\"card-title cardTitle ltr\"><span class=\"detailHeadLine\">-\u0130ran&#8217;\u0131n ba\u015fkenti Tahran&#8217;da hastaneler alarm durumuna ge\u00e7ti<\/span><\/div>\n<\/div>\n<div class=\"card-text\">\n<div class=\"fotoDiv\">\u0130ran Sa\u011fl\u0131k Bakanl\u0131\u011f\u0131 S\u00f6zc\u00fcs\u00fc H\u00fcseyin Kermanipur, ba\u015fkent Tahran&#8217;da patlama seslerinin duyulmas\u0131n\u0131n ard\u0131ndan hastanelerin alarm durumuna ge\u00e7ti\u011fini belirtti.<\/div>\n<div id=\"habericerikDiv3\" class=\" v3HaberIcerikDiv ltr\">\n<p>\u0130ran resmi ajan\u0131 IRNA&#8217;ya konu\u015fan Kermanipur konuya ili\u015fkin bilgi verdi.<\/p>\n<p>Kermanipur, &#8220;Patlama seslerinin duyulmas\u0131n\u0131n ard\u0131ndan ambulanslar Tahran\u2019\u0131n merkezi b\u00f6lgelerine sevk edildi ve hastaneler haz\u0131r bekletiliyor. Hastaneler alarm durumuna ge\u00e7irildi.&#8221; dedi.<\/p>\n<p>\u0130ranl\u0131 yetkili olas\u0131 yaral\u0131 say\u0131s\u0131 ve b\u00f6lgelerin netle\u015fmesinin ard\u0131ndan konuya dair bilgi vereceklerini kaydetti.<\/p>\n<\/div>\n<\/div>\n<p>\u0130srail&#8217;e misilleme yapaca\u011f\u0131z yaz\u0131s\u0131 ilk \u00f6nce K\u0131br\u0131s Hakikat \u00fczerinde ortaya \u00e7\u0131kt\u0131.<\/p>\n","protected":false},"excerpt":{"rendered":"<p>Azizi, ABD merkezli X \u015firketinin sosyal medya platformundaki hesab\u0131ndan yapt\u0131\u011f\u0131 a\u00e7\u0131klamada, \u0130srail&#8217;in sald\u0131r\u0131s\u0131na misilleme yapacaklar\u0131n\u0131 kaydetti. \u0130ran&#8217;dan sava\u015fa ili\u015fkin yap\u0131lan ilk resmi a\u00e7\u0131klamada Azizi, &#8220;Daha \u00f6nce uyarm\u0131\u015ft\u0131k, siz ba\u015flatt\u0131n\u0131z ama biti\u015fi sizin elinizde olmayacak.&#8221; ifadelerini kulland\u0131. \u0130srail Savunma Bakan\u0131 Yisrael Katz, \u0130srail\u2019in \u0130ran\u2019a &#8220;\u00f6nleyici bir sald\u0131r\u0131&#8221; ba\u015flatt\u0131\u011f\u0131n\u0131 duyurmu\u015ftu. -\u0130ran&#8217;\u0131n ba\u015fkenti Tahran&#8217;da hastaneler alarm durumuna ge\u00e7ti [&hellip;]<\/p>\n","protected":false},"author":1,"featured_media":36016,"comment_status":"open","ping_status":"open","sticky":false,"template":"","format":"standard","meta":{"jnews-multi-image_gallery":[],"jnews_single_post":[],"jnews_primary_category":[],"jnews_social_meta":[],"jnews_override_counter":[],"footnotes":""},"categories":[1],"tags":[],"class_list":["post-36015","post","type-post","status-publish","format-standard","has-post-thumbnail","hentry","category-kibris"],"yoast_head":"<!-- This site is optimized with the Yoast SEO plugin v27.5 - https:\/\/yoast.com\/product\/yoast-seo-wordpress\/ -->\n<title>\u0130srail\u2019e misilleme yapaca\u011f\u0131z - Kuzeyin Sesi<\/title>\n<meta name=\"robots\" content=\"index, follow, max-snippet:-1, max-image-preview:large, max-video-preview:-1\" \/>\n<link rel=\"canonical\" href=\"https:\/\/kuzeyinsesi.org\/index.php\/2026\/02\/28\/israile-misilleme-yapacagiz\/\" \/>\n<meta property=\"og:locale\" content=\"tr_TR\" \/>\n<meta property=\"og:type\" content=\"article\" \/>\n<meta property=\"og:title\" content=\"\u0130srail\u2019e misilleme yapaca\u011f\u0131z - Kuzeyin Sesi\" \/>\n<meta property=\"og:description\" content=\"Azizi, ABD merkezli X \u015firketinin sosyal medya platformundaki hesab\u0131ndan yapt\u0131\u011f\u0131 a\u00e7\u0131klamada, \u0130srail&#8217;in sald\u0131r\u0131s\u0131na misilleme yapacaklar\u0131n\u0131 kaydetti. \u0130ran&#8217;dan sava\u015fa ili\u015fkin yap\u0131lan ilk resmi a\u00e7\u0131klamada Azizi, &#8220;Daha \u00f6nce uyarm\u0131\u015ft\u0131k, siz ba\u015flatt\u0131n\u0131z ama biti\u015fi sizin elinizde olmayacak.&#8221; ifadelerini kulland\u0131. \u0130srail Savunma Bakan\u0131 Yisrael Katz, \u0130srail\u2019in \u0130ran\u2019a &#8220;\u00f6nleyici bir sald\u0131r\u0131&#8221; ba\u015flatt\u0131\u011f\u0131n\u0131 duyurmu\u015ftu. -\u0130ran&#8217;\u0131n ba\u015fkenti Tahran&#8217;da hastaneler alarm durumuna ge\u00e7ti [&hellip;]\" \/>\n<meta property=\"og:url\" content=\"https:\/\/kuzeyinsesi.org\/index.php\/2026\/02\/28\/israile-misilleme-yapacagiz\/\" \/>\n<meta property=\"og:site_name\" content=\"Kuzeyin Sesi\" \/>\n<meta property=\"article:publisher\" content=\"https:\/\/www.facebook.com\/kuzeyinsesii\" \/>\n<meta property=\"article:published_time\" content=\"2026-02-28T08:04:19+00:00\" \/>\n<meta name=\"author\" content=\"Kuzeyin Sesi\" \/>\n<meta name=\"twitter:card\" content=\"summary_large_image\" \/>\n<meta name=\"twitter:creator\" content=\"@kuzeyinsesii\" \/>\n<meta name=\"twitter:site\" content=\"@kuzeyinsesii\" \/>\n<meta name=\"twitter:label1\" content=\"Yazan:\" \/>\n\t<meta name=\"twitter:data1\" content=\"Kuzeyin Sesi\" \/>\n\t<meta name=\"twitter:label2\" content=\"Tahmini okuma s\u00fcresi\" \/>\n\t<meta name=\"twitter:data2\" content=\"1 dakika\" \/>\n<script type=\"application\/ld+json\" class=\"yoast-schema-graph\">{\"@context\":\"https:\\\/\\\/schema.org\",\"@graph\":[{\"@type\":\"Article\",\"@id\":\"https:\\\/\\\/kuzeyinsesi.org\\\/index.php\\\/2026\\\/02\\\/28\\\/israile-misilleme-yapacagiz\\\/#article\",\"isPartOf\":{\"@id\":\"https:\\\/\\\/kuzeyinsesi.org\\\/index.php\\\/2026\\\/02\\\/28\\\/israile-misilleme-yapacagiz\\\/\"},\"author\":{\"name\":\"Kuzeyin Sesi\",\"@id\":\"https:\\\/\\\/kuzeyinsesi.org\\\/#\\\/schema\\\/person\\\/9f859689cdf01485597712386e37f5aa\"},\"headline\":\"\u0130srail\u2019e misilleme yapaca\u011f\u0131z\",\"datePublished\":\"2026-02-28T08:04:19+00:00\",\"mainEntityOfPage\":{\"@id\":\"https:\\\/\\\/kuzeyinsesi.org\\\/index.php\\\/2026\\\/02\\\/28\\\/israile-misilleme-yapacagiz\\\/\"},\"wordCount\":192,\"commentCount\":0,\"image\":{\"@id\":\"https:\\\/\\\/kuzeyinsesi.org\\\/index.php\\\/2026\\\/02\\\/28\\\/israile-misilleme-yapacagiz\\\/#primaryimage\"},\"thumbnailUrl\":\"https:\\\/\\\/kuzeyinsesi.org\\\/wp-content\\\/uploads\\\/2026\\\/02\\\/17722651904354cbu9f3a69eb562p0gk_800C450.jpg\",\"articleSection\":[\"K\u0131br\u0131s\"],\"inLanguage\":\"tr\",\"potentialAction\":[{\"@type\":\"CommentAction\",\"name\":\"Comment\",\"target\":[\"https:\\\/\\\/kuzeyinsesi.org\\\/index.php\\\/2026\\\/02\\\/28\\\/israile-misilleme-yapacagiz\\\/#respond\"]}]},{\"@type\":\"WebPage\",\"@id\":\"https:\\\/\\\/kuzeyinsesi.org\\\/index.php\\\/2026\\\/02\\\/28\\\/israile-misilleme-yapacagiz\\\/\",\"url\":\"https:\\\/\\\/kuzeyinsesi.org\\\/index.php\\\/2026\\\/02\\\/28\\\/israile-misilleme-yapacagiz\\\/\",\"name\":\"\u0130srail\u2019e misilleme yapaca\u011f\u0131z - Kuzeyin Sesi\",\"isPartOf\":{\"@id\":\"https:\\\/\\\/kuzeyinsesi.org\\\/#website\"},\"primaryImageOfPage\":{\"@id\":\"https:\\\/\\\/kuzeyinsesi.org\\\/index.php\\\/2026\\\/02\\\/28\\\/israile-misilleme-yapacagiz\\\/#primaryimage\"},\"image\":{\"@id\":\"https:\\\/\\\/kuzeyinsesi.org\\\/index.php\\\/2026\\\/02\\\/28\\\/israile-misilleme-yapacagiz\\\/#primaryimage\"},\"thumbnailUrl\":\"https:\\\/\\\/kuzeyinsesi.org\\\/wp-content\\\/uploads\\\/2026\\\/02\\\/17722651904354cbu9f3a69eb562p0gk_800C450.jpg\",\"datePublished\":\"2026-02-28T08:04:19+00:00\",\"author\":{\"@id\":\"https:\\\/\\\/kuzeyinsesi.org\\\/#\\\/schema\\\/person\\\/9f859689cdf01485597712386e37f5aa\"},\"breadcrumb\":{\"@id\":\"https:\\\/\\\/kuzeyinsesi.org\\\/index.php\\\/2026\\\/02\\\/28\\\/israile-misilleme-yapacagiz\\\/#breadcrumb\"},\"inLanguage\":\"tr\",\"potentialAction\":[{\"@type\":\"ReadAction\",\"target\":[\"https:\\\/\\\/kuzeyinsesi.org\\\/index.php\\\/2026\\\/02\\\/28\\\/israile-misilleme-yapacagiz\\\/\"]}]},{\"@type\":\"ImageObject\",\"inLanguage\":\"tr\",\"@id\":\"https:\\\/\\\/kuzeyinsesi.org\\\/index.php\\\/2026\\\/02\\\/28\\\/israile-misilleme-yapacagiz\\\/#primaryimage\",\"url\":\"https:\\\/\\\/kuzeyinsesi.org\\\/wp-content\\\/uploads\\\/2026\\\/02\\\/17722651904354cbu9f3a69eb562p0gk_800C450.jpg\",\"contentUrl\":\"https:\\\/\\\/kuzeyinsesi.org\\\/wp-content\\\/uploads\\\/2026\\\/02\\\/17722651904354cbu9f3a69eb562p0gk_800C450.jpg\",\"width\":800,\"height\":450},{\"@type\":\"BreadcrumbList\",\"@id\":\"https:\\\/\\\/kuzeyinsesi.org\\\/index.php\\\/2026\\\/02\\\/28\\\/israile-misilleme-yapacagiz\\\/#breadcrumb\",\"itemListElement\":[{\"@type\":\"ListItem\",\"position\":1,\"name\":\"Anasayfa\",\"item\":\"https:\\\/\\\/kuzeyinsesi.org\\\/\"},{\"@type\":\"ListItem\",\"position\":2,\"name\":\"\u0130srail\u2019e misilleme yapaca\u011f\u0131z\"}]},{\"@type\":\"WebSite\",\"@id\":\"https:\\\/\\\/kuzeyinsesi.org\\\/#website\",\"url\":\"https:\\\/\\\/kuzeyinsesi.org\\\/\",\"name\":\"Kuzeyin Sesi\",\"description\":\"Do\u011fru Haberin Adresi\",\"potentialAction\":[{\"@type\":\"SearchAction\",\"target\":{\"@type\":\"EntryPoint\",\"urlTemplate\":\"https:\\\/\\\/kuzeyinsesi.org\\\/?s={search_term_string}\"},\"query-input\":{\"@type\":\"PropertyValueSpecification\",\"valueRequired\":true,\"valueName\":\"search_term_string\"}}],\"inLanguage\":\"tr\"},{\"@type\":\"Person\",\"@id\":\"https:\\\/\\\/kuzeyinsesi.org\\\/#\\\/schema\\\/person\\\/9f859689cdf01485597712386e37f5aa\",\"name\":\"Kuzeyin Sesi\",\"image\":{\"@type\":\"ImageObject\",\"inLanguage\":\"tr\",\"@id\":\"https:\\\/\\\/secure.gravatar.com\\\/avatar\\\/bab33852abfd8b282518d6ed81826833d77c3c882d9ab608add591ccace47a44?s=96&d=mm&r=g\",\"url\":\"https:\\\/\\\/secure.gravatar.com\\\/avatar\\\/bab33852abfd8b282518d6ed81826833d77c3c882d9ab608add591ccace47a44?s=96&d=mm&r=g\",\"contentUrl\":\"https:\\\/\\\/secure.gravatar.com\\\/avatar\\\/bab33852abfd8b282518d6ed81826833d77c3c882d9ab608add591ccace47a44?s=96&d=mm&r=g\",\"caption\":\"Kuzeyin Sesi\"},\"sameAs\":[\"https:\\\/\\\/kuzeyinsesi.org\"],\"url\":\"https:\\\/\\\/kuzeyinsesi.org\\\/index.php\\\/author\\\/guven\\\/\"}]}<\/script>\n<!-- \/ Yoast SEO plugin. -->","yoast_head_json":{"title":"\u0130srail\u2019e misilleme yapaca\u011f\u0131z - Kuzeyin Sesi","robots":{"index":"index","follow":"follow","max-snippet":"max-snippet:-1","max-image-preview":"max-image-preview:large","max-video-preview":"max-video-preview:-1"},"canonical":"https:\/\/kuzeyinsesi.org\/index.php\/2026\/02\/28\/israile-misilleme-yapacagiz\/","og_locale":"tr_TR","og_type":"article","og_title":"\u0130srail\u2019e misilleme yapaca\u011f\u0131z - Kuzeyin Sesi","og_description":"Azizi, ABD merkezli X \u015firketinin sosyal medya platformundaki hesab\u0131ndan yapt\u0131\u011f\u0131 a\u00e7\u0131klamada, \u0130srail&#8217;in sald\u0131r\u0131s\u0131na misilleme yapacaklar\u0131n\u0131 kaydetti. \u0130ran&#8217;dan sava\u015fa ili\u015fkin yap\u0131lan ilk resmi a\u00e7\u0131klamada Azizi, &#8220;Daha \u00f6nce uyarm\u0131\u015ft\u0131k, siz ba\u015flatt\u0131n\u0131z ama biti\u015fi sizin elinizde olmayacak.&#8221; ifadelerini kulland\u0131. \u0130srail Savunma Bakan\u0131 Yisrael Katz, \u0130srail\u2019in \u0130ran\u2019a &#8220;\u00f6nleyici bir sald\u0131r\u0131&#8221; ba\u015flatt\u0131\u011f\u0131n\u0131 duyurmu\u015ftu. -\u0130ran&#8217;\u0131n ba\u015fkenti Tahran&#8217;da hastaneler alarm durumuna ge\u00e7ti [&hellip;]","og_url":"https:\/\/kuzeyinsesi.org\/index.php\/2026\/02\/28\/israile-misilleme-yapacagiz\/","og_site_name":"Kuzeyin Sesi","article_publisher":"https:\/\/www.facebook.com\/kuzeyinsesii","article_published_time":"2026-02-28T08:04:19+00:00","author":"Kuzeyin Sesi","twitter_card":"summary_large_image","twitter_creator":"@kuzeyinsesii","twitter_site":"@kuzeyinsesii","twitter_misc":{"Yazan:":"Kuzeyin Sesi","Tahmini okuma s\u00fcresi":"1 dakika"},"schema":{"@context":"https:\/\/schema.org","@graph":[{"@type":"Article","@id":"https:\/\/kuzeyinsesi.org\/index.php\/2026\/02\/28\/israile-misilleme-yapacagiz\/#article","isPartOf":{"@id":"https:\/\/kuzeyinsesi.org\/index.php\/2026\/02\/28\/israile-misilleme-yapacagiz\/"},"author":{"name":"Kuzeyin Sesi","@id":"https:\/\/kuzeyinsesi.org\/#\/schema\/person\/9f859689cdf01485597712386e37f5aa"},"headline":"\u0130srail\u2019e misilleme yapaca\u011f\u0131z","datePublished":"2026-02-28T08:04:19+00:00","mainEntityOfPage":{"@id":"https:\/\/kuzeyinsesi.org\/index.php\/2026\/02\/28\/israile-misilleme-yapacagiz\/"},"wordCount":192,"commentCount":0,"image":{"@id":"https:\/\/kuzeyinsesi.org\/index.php\/2026\/02\/28\/israile-misilleme-yapacagiz\/#primaryimage"},"thumbnailUrl":"https:\/\/kuzeyinsesi.org\/wp-content\/uploads\/2026\/02\/17722651904354cbu9f3a69eb562p0gk_800C450.jpg","articleSection":["K\u0131br\u0131s"],"inLanguage":"tr","potentialAction":[{"@type":"CommentAction","name":"Comment","target":["https:\/\/kuzeyinsesi.org\/index.php\/2026\/02\/28\/israile-misilleme-yapacagiz\/#respond"]}]},{"@type":"WebPage","@id":"https:\/\/kuzeyinsesi.org\/index.php\/2026\/02\/28\/israile-misilleme-yapacagiz\/","url":"https:\/\/kuzeyinsesi.org\/index.php\/2026\/02\/28\/israile-misilleme-yapacagiz\/","name":"\u0130srail\u2019e misilleme yapaca\u011f\u0131z - Kuzeyin Sesi","isPartOf":{"@id":"https:\/\/kuzeyinsesi.org\/#website"},"primaryImageOfPage":{"@id":"https:\/\/kuzeyinsesi.org\/index.php\/2026\/02\/28\/israile-misilleme-yapacagiz\/#primaryimage"},"image":{"@id":"https:\/\/kuzeyinsesi.org\/index.php\/2026\/02\/28\/israile-misilleme-yapacagiz\/#primaryimage"},"thumbnailUrl":"https:\/\/kuzeyinsesi.org\/wp-content\/uploads\/2026\/02\/17722651904354cbu9f3a69eb562p0gk_800C450.jpg","datePublished":"2026-02-28T08:04:19+00:00","author":{"@id":"https:\/\/kuzeyinsesi.org\/#\/schema\/person\/9f859689cdf01485597712386e37f5aa"},"breadcrumb":{"@id":"https:\/\/kuzeyinsesi.org\/index.php\/2026\/02\/28\/israile-misilleme-yapacagiz\/#breadcrumb"},"inLanguage":"tr","potentialAction":[{"@type":"ReadAction","target":["https:\/\/kuzeyinsesi.org\/index.php\/2026\/02\/28\/israile-misilleme-yapacagiz\/"]}]},{"@type":"ImageObject","inLanguage":"tr","@id":"https:\/\/kuzeyinsesi.org\/index.php\/2026\/02\/28\/israile-misilleme-yapacagiz\/#primaryimage","url":"https:\/\/kuzeyinsesi.org\/wp-content\/uploads\/2026\/02\/17722651904354cbu9f3a69eb562p0gk_800C450.jpg","contentUrl":"https:\/\/kuzeyinsesi.org\/wp-content\/uploads\/2026\/02\/17722651904354cbu9f3a69eb562p0gk_800C450.jpg","width":800,"height":450},{"@type":"BreadcrumbList","@id":"https:\/\/kuzeyinsesi.org\/index.php\/2026\/02\/28\/israile-misilleme-yapacagiz\/#breadcrumb","itemListElement":[{"@type":"ListItem","position":1,"name":"Anasayfa","item":"https:\/\/kuzeyinsesi.org\/"},{"@type":"ListItem","position":2,"name":"\u0130srail\u2019e misilleme yapaca\u011f\u0131z"}]},{"@type":"WebSite","@id":"https:\/\/kuzeyinsesi.org\/#website","url":"https:\/\/kuzeyinsesi.org\/","name":"Kuzeyin Sesi","description":"Do\u011fru Haberin Adresi","potentialAction":[{"@type":"SearchAction","target":{"@type":"EntryPoint","urlTemplate":"https:\/\/kuzeyinsesi.org\/?s={search_term_string}"},"query-input":{"@type":"PropertyValueSpecification","valueRequired":true,"valueName":"search_term_string"}}],"inLanguage":"tr"},{"@type":"Person","@id":"https:\/\/kuzeyinsesi.org\/#\/schema\/person\/9f859689cdf01485597712386e37f5aa","name":"Kuzeyin Sesi","image":{"@type":"ImageObject","inLanguage":"tr","@id":"https:\/\/secure.gravatar.com\/avatar\/bab33852abfd8b282518d6ed81826833d77c3c882d9ab608add591ccace47a44?s=96&d=mm&r=g","url":"https:\/\/secure.gravatar.com\/avatar\/bab33852abfd8b282518d6ed81826833d77c3c882d9ab608add591ccace47a44?s=96&d=mm&r=g","contentUrl":"https:\/\/secure.gravatar.com\/avatar\/bab33852abfd8b282518d6ed81826833d77c3c882d9ab608add591ccace47a44?s=96&d=mm&r=g","caption":"Kuzeyin Sesi"},"sameAs":["https:\/\/kuzeyinsesi.org"],"url":"https:\/\/kuzeyinsesi.org\/index.php\/author\/guven\/"}]}},"_links":{"self":[{"href":"https:\/\/kuzeyinsesi.org\/index.php\/wp-json\/wp\/v2\/posts\/36015","targetHints":{"allow":["GET"]}}],"collection":[{"href":"https:\/\/kuzeyinsesi.org\/index.php\/wp-json\/wp\/v2\/posts"}],"about":[{"href":"https:\/\/kuzeyinsesi.org\/index.php\/wp-json\/wp\/v2\/types\/post"}],"author":[{"embeddable":true,"href":"https:\/\/kuzeyinsesi.org\/index.php\/wp-json\/wp\/v2\/users\/1"}],"replies":[{"embeddable":true,"href":"https:\/\/kuzeyinsesi.org\/index.php\/wp-json\/wp\/v2\/comments?post=36015"}],"version-history":[{"count":0,"href":"https:\/\/kuzeyinsesi.org\/index.php\/wp-json\/wp\/v2\/posts\/36015\/revisions"}],"wp:featuredmedia":[{"embeddable":true,"href":"https:\/\/kuzeyinsesi.org\/index.php\/wp-json\/wp\/v2\/media\/36016"}],"wp:attachment":[{"href":"https:\/\/kuzeyinsesi.org\/index.php\/wp-json\/wp\/v2\/media?parent=36015"}],"wp:term":[{"taxonomy":"category","embeddable":true,"href":"https:\/\/kuzeyinsesi.org\/index.php\/wp-json\/wp\/v2\/categories?post=36015"},{"taxonomy":"post_tag","embeddable":true,"href":"https:\/\/kuzeyinsesi.org\/index.php\/wp-json\/wp\/v2\/tags?post=36015"}],"curies":[{"name":"wp","href":"https:\/\/api.w.org\/{rel}","templated":true}]}}