{"id":36013,"date":"2026-02-28T09:50:48","date_gmt":"2026-02-28T07:50:48","guid":{"rendered":"https:\/\/kuzeyinsesi.org\/index.php\/2026\/02\/28\/abd-irana-haksiz-gozaltilar-nedeniyle-yaptirim-karari-acikladi\/"},"modified":"2026-02-28T09:50:48","modified_gmt":"2026-02-28T07:50:48","slug":"abd-irana-haksiz-gozaltilar-nedeniyle-yaptirim-karari-acikladi","status":"publish","type":"post","link":"https:\/\/kuzeyinsesi.org\/index.php\/2026\/02\/28\/abd-irana-haksiz-gozaltilar-nedeniyle-yaptirim-karari-acikladi\/","title":{"rendered":"ABD, \u0130ran\u2019a haks\u0131z g\u00f6zalt\u0131lar nedeniyle yapt\u0131r\u0131m karar\u0131 a\u00e7\u0131klad\u0131"},"content":{"rendered":"<p>Rubio, D\u0131\u015fi\u015fleri Bakanl\u0131\u011f\u0131n\u0131n internet sayfas\u0131ndan yap\u0131lan yaz\u0131l\u0131 a\u00e7\u0131klamayla, \u0130ran rejiminin 47 y\u0131l \u00f6nce iktidar\u0131 ele ge\u00e7irdi\u011fi d\u00f6nemde Ayetullah Humeyni&#8217;nin emriyle ABD B\u00fcy\u00fckel\u00e7ili\u011fi personelinin rehin al\u0131nmas\u0131n\u0131 ele\u015ftirdi.<\/p>\n<p>A\u00e7\u0131klamada, &#8220;\u0130ran, on y\u0131llard\u0131r, di\u011fer devletlere kar\u015f\u0131 siyasi koz olarak kullanmak \u00fczere masum Amerikal\u0131lar\u0131 ve di\u011fer uluslar\u0131n vatanda\u015flar\u0131n\u0131 ac\u0131mas\u0131zca g\u00f6zalt\u0131na almaya devam etti.&#8221; ifadesine yer veren Rubio, bu uygulaman\u0131n sona ermesi gerekti\u011fini belirtti.<\/p>\n<p>Rubio, ABD Ba\u015fkan\u0131 Donald Trump&#8217;\u0131n, 2025 y\u0131l\u0131nda ABD vatanda\u015flar\u0131n\u0131 yurt d\u0131\u015f\u0131nda &#8220;haks\u0131z yere&#8221; g\u00f6zalt\u0131na al\u0131nmaktan korumak i\u00e7in bir ba\u015fkanl\u0131k kararnamesi yay\u0131nlad\u0131\u011f\u0131n\u0131 ve ABD Kongresi&#8217;nin ayn\u0131 y\u0131l Haks\u0131z G\u00f6zalt\u0131yla M\u00fccadele Yasas\u0131&#8217;n\u0131 y\u00fcr\u00fcrl\u00fc\u011fe koydu\u011funu hat\u0131rlatt\u0131\u011f\u0131 a\u00e7\u0131klamas\u0131nda, bu giri\u015fimlerin D\u0131\u015fi\u015fleri Bakanl\u0131\u011f\u0131n\u0131n, \u0130ran&#8217;a y\u00f6nelik bu konuda yapt\u0131r\u0131m karar\u0131 almas\u0131n\u0131n \u00f6n\u00fcn\u00fc a\u00e7t\u0131\u011f\u0131n\u0131 vurgulad\u0131.<\/p>\n<p>Bakan Rubio, a\u00e7\u0131klamas\u0131nda, &#8220;\u0130ran bu uygulamadan vazge\u00e7mezse ABD pasaportuyla \u0130ran&#8217;a giri\u015f-\u00e7\u0131k\u0131\u015flarla ilgili potansiyel co\u011frafi seyahat k\u0131s\u0131tlamas\u0131 dahil ek \u00f6nlemler almak zorunda kalaca\u011f\u0131z.&#8221; ifadesini kulland\u0131.<\/p>\n<p>A\u00e7\u0131klamada, \u0130ran&#8217;\u0131n haks\u0131z yere g\u00f6zalt\u0131na al\u0131nan t\u00fcm Amerikan vatanda\u015flar\u0131n\u0131 serbest b\u0131rakmas\u0131 gerekti\u011fini belirten Rubio, b\u00f6yle bir durumda ise s\u00f6z konusu yapt\u0131r\u0131mlar\u0131n kald\u0131r\u0131labilece\u011finin alt\u0131n\u0131 \u00e7izdi.<\/p>\n<p>Rubio son olarak, hi\u00e7bir ABD vatanda\u015f\u0131n\u0131n \u0130ran&#8217;a &#8220;hi\u00e7bir sebeple&#8221; seyahat etmemesi gerekti\u011fine i\u015faret etti\u011fi a\u00e7\u0131klamas\u0131nda, \u0130ran&#8217;da bulunan t\u00fcm ABD vatanda\u015flar\u0131n\u0131n da &#8220;derhal&#8221; \u00fclkeyi terk etmesi \u00e7a\u011fr\u0131s\u0131nda bulundu.<\/p>\n<p>ABD, \u0130ran&#8217;a haks\u0131z g\u00f6zalt\u0131lar nedeniyle yapt\u0131r\u0131m karar\u0131 a\u00e7\u0131klad\u0131 yaz\u0131s\u0131 ilk \u00f6nce K\u0131br\u0131s Hakikat \u00fczerinde ortaya \u00e7\u0131kt\u0131.<\/p>\n","protected":false},"excerpt":{"rendered":"<p>Rubio, D\u0131\u015fi\u015fleri Bakanl\u0131\u011f\u0131n\u0131n internet sayfas\u0131ndan yap\u0131lan yaz\u0131l\u0131 a\u00e7\u0131klamayla, \u0130ran rejiminin 47 y\u0131l \u00f6nce iktidar\u0131 ele ge\u00e7irdi\u011fi d\u00f6nemde Ayetullah Humeyni&#8217;nin emriyle ABD B\u00fcy\u00fckel\u00e7ili\u011fi personelinin rehin al\u0131nmas\u0131n\u0131 ele\u015ftirdi. A\u00e7\u0131klamada, &#8220;\u0130ran, on y\u0131llard\u0131r, di\u011fer devletlere kar\u015f\u0131 siyasi koz olarak kullanmak \u00fczere masum Amerikal\u0131lar\u0131 ve di\u011fer uluslar\u0131n vatanda\u015flar\u0131n\u0131 ac\u0131mas\u0131zca g\u00f6zalt\u0131na almaya devam etti.&#8221; ifadesine yer veren Rubio, bu uygulaman\u0131n [&hellip;]<\/p>\n","protected":false},"author":1,"featured_media":36014,"comment_status":"open","ping_status":"open","sticky":false,"template":"","format":"standard","meta":{"jnews-multi-image_gallery":[],"jnews_single_post":[],"jnews_primary_category":[],"jnews_social_meta":[],"jnews_override_counter":[],"footnotes":""},"categories":[1],"tags":[],"class_list":["post-36013","post","type-post","status-publish","format-standard","has-post-thumbnail","hentry","category-kibris"],"yoast_head":"<!-- This site is optimized with the Yoast SEO plugin v27.5 - https:\/\/yoast.com\/product\/yoast-seo-wordpress\/ -->\n<title>ABD, \u0130ran\u2019a haks\u0131z g\u00f6zalt\u0131lar nedeniyle yapt\u0131r\u0131m karar\u0131 a\u00e7\u0131klad\u0131 - Kuzeyin Sesi<\/title>\n<meta name=\"robots\" content=\"index, follow, max-snippet:-1, max-image-preview:large, max-video-preview:-1\" \/>\n<link rel=\"canonical\" href=\"https:\/\/kuzeyinsesi.org\/index.php\/2026\/02\/28\/abd-irana-haksiz-gozaltilar-nedeniyle-yaptirim-karari-acikladi\/\" \/>\n<meta property=\"og:locale\" content=\"tr_TR\" \/>\n<meta property=\"og:type\" content=\"article\" \/>\n<meta property=\"og:title\" content=\"ABD, \u0130ran\u2019a haks\u0131z g\u00f6zalt\u0131lar nedeniyle yapt\u0131r\u0131m karar\u0131 a\u00e7\u0131klad\u0131 - Kuzeyin Sesi\" \/>\n<meta property=\"og:description\" content=\"Rubio, D\u0131\u015fi\u015fleri Bakanl\u0131\u011f\u0131n\u0131n internet sayfas\u0131ndan yap\u0131lan yaz\u0131l\u0131 a\u00e7\u0131klamayla, \u0130ran rejiminin 47 y\u0131l \u00f6nce iktidar\u0131 ele ge\u00e7irdi\u011fi d\u00f6nemde Ayetullah Humeyni&#8217;nin emriyle ABD B\u00fcy\u00fckel\u00e7ili\u011fi personelinin rehin al\u0131nmas\u0131n\u0131 ele\u015ftirdi. A\u00e7\u0131klamada, &#8220;\u0130ran, on y\u0131llard\u0131r, di\u011fer devletlere kar\u015f\u0131 siyasi koz olarak kullanmak \u00fczere masum Amerikal\u0131lar\u0131 ve di\u011fer uluslar\u0131n vatanda\u015flar\u0131n\u0131 ac\u0131mas\u0131zca g\u00f6zalt\u0131na almaya devam etti.&#8221; ifadesine yer veren Rubio, bu uygulaman\u0131n [&hellip;]\" \/>\n<meta property=\"og:url\" content=\"https:\/\/kuzeyinsesi.org\/index.php\/2026\/02\/28\/abd-irana-haksiz-gozaltilar-nedeniyle-yaptirim-karari-acikladi\/\" \/>\n<meta property=\"og:site_name\" content=\"Kuzeyin Sesi\" \/>\n<meta property=\"article:publisher\" content=\"https:\/\/www.facebook.com\/kuzeyinsesii\" \/>\n<meta property=\"article:published_time\" content=\"2026-02-28T07:50:48+00:00\" \/>\n<meta name=\"author\" content=\"Kuzeyin Sesi\" \/>\n<meta name=\"twitter:card\" content=\"summary_large_image\" \/>\n<meta name=\"twitter:creator\" content=\"@kuzeyinsesii\" \/>\n<meta name=\"twitter:site\" content=\"@kuzeyinsesii\" \/>\n<meta name=\"twitter:label1\" content=\"Yazan:\" \/>\n\t<meta name=\"twitter:data1\" content=\"Kuzeyin Sesi\" \/>\n\t<meta name=\"twitter:label2\" content=\"Tahmini okuma s\u00fcresi\" \/>\n\t<meta name=\"twitter:data2\" content=\"2 dakika\" \/>\n<script type=\"application\/ld+json\" class=\"yoast-schema-graph\">{\"@context\":\"https:\\\/\\\/schema.org\",\"@graph\":[{\"@type\":\"Article\",\"@id\":\"https:\\\/\\\/kuzeyinsesi.org\\\/index.php\\\/2026\\\/02\\\/28\\\/abd-irana-haksiz-gozaltilar-nedeniyle-yaptirim-karari-acikladi\\\/#article\",\"isPartOf\":{\"@id\":\"https:\\\/\\\/kuzeyinsesi.org\\\/index.php\\\/2026\\\/02\\\/28\\\/abd-irana-haksiz-gozaltilar-nedeniyle-yaptirim-karari-acikladi\\\/\"},\"author\":{\"name\":\"Kuzeyin Sesi\",\"@id\":\"https:\\\/\\\/kuzeyinsesi.org\\\/#\\\/schema\\\/person\\\/9f859689cdf01485597712386e37f5aa\"},\"headline\":\"ABD, \u0130ran\u2019a haks\u0131z g\u00f6zalt\u0131lar nedeniyle yapt\u0131r\u0131m karar\u0131 a\u00e7\u0131klad\u0131\",\"datePublished\":\"2026-02-28T07:50:48+00:00\",\"mainEntityOfPage\":{\"@id\":\"https:\\\/\\\/kuzeyinsesi.org\\\/index.php\\\/2026\\\/02\\\/28\\\/abd-irana-haksiz-gozaltilar-nedeniyle-yaptirim-karari-acikladi\\\/\"},\"wordCount\":349,\"commentCount\":0,\"image\":{\"@id\":\"https:\\\/\\\/kuzeyinsesi.org\\\/index.php\\\/2026\\\/02\\\/28\\\/abd-irana-haksiz-gozaltilar-nedeniyle-yaptirim-karari-acikladi\\\/#primaryimage\"},\"thumbnailUrl\":\"https:\\\/\\\/kuzeyinsesi.org\\\/wp-content\\\/uploads\\\/2026\\\/02\\\/1772263814285ABD.jpg\",\"articleSection\":[\"K\u0131br\u0131s\"],\"inLanguage\":\"tr\",\"potentialAction\":[{\"@type\":\"CommentAction\",\"name\":\"Comment\",\"target\":[\"https:\\\/\\\/kuzeyinsesi.org\\\/index.php\\\/2026\\\/02\\\/28\\\/abd-irana-haksiz-gozaltilar-nedeniyle-yaptirim-karari-acikladi\\\/#respond\"]}]},{\"@type\":\"WebPage\",\"@id\":\"https:\\\/\\\/kuzeyinsesi.org\\\/index.php\\\/2026\\\/02\\\/28\\\/abd-irana-haksiz-gozaltilar-nedeniyle-yaptirim-karari-acikladi\\\/\",\"url\":\"https:\\\/\\\/kuzeyinsesi.org\\\/index.php\\\/2026\\\/02\\\/28\\\/abd-irana-haksiz-gozaltilar-nedeniyle-yaptirim-karari-acikladi\\\/\",\"name\":\"ABD, \u0130ran\u2019a haks\u0131z g\u00f6zalt\u0131lar nedeniyle yapt\u0131r\u0131m karar\u0131 a\u00e7\u0131klad\u0131 - Kuzeyin Sesi\",\"isPartOf\":{\"@id\":\"https:\\\/\\\/kuzeyinsesi.org\\\/#website\"},\"primaryImageOfPage\":{\"@id\":\"https:\\\/\\\/kuzeyinsesi.org\\\/index.php\\\/2026\\\/02\\\/28\\\/abd-irana-haksiz-gozaltilar-nedeniyle-yaptirim-karari-acikladi\\\/#primaryimage\"},\"image\":{\"@id\":\"https:\\\/\\\/kuzeyinsesi.org\\\/index.php\\\/2026\\\/02\\\/28\\\/abd-irana-haksiz-gozaltilar-nedeniyle-yaptirim-karari-acikladi\\\/#primaryimage\"},\"thumbnailUrl\":\"https:\\\/\\\/kuzeyinsesi.org\\\/wp-content\\\/uploads\\\/2026\\\/02\\\/1772263814285ABD.jpg\",\"datePublished\":\"2026-02-28T07:50:48+00:00\",\"author\":{\"@id\":\"https:\\\/\\\/kuzeyinsesi.org\\\/#\\\/schema\\\/person\\\/9f859689cdf01485597712386e37f5aa\"},\"breadcrumb\":{\"@id\":\"https:\\\/\\\/kuzeyinsesi.org\\\/index.php\\\/2026\\\/02\\\/28\\\/abd-irana-haksiz-gozaltilar-nedeniyle-yaptirim-karari-acikladi\\\/#breadcrumb\"},\"inLanguage\":\"tr\",\"potentialAction\":[{\"@type\":\"ReadAction\",\"target\":[\"https:\\\/\\\/kuzeyinsesi.org\\\/index.php\\\/2026\\\/02\\\/28\\\/abd-irana-haksiz-gozaltilar-nedeniyle-yaptirim-karari-acikladi\\\/\"]}]},{\"@type\":\"ImageObject\",\"inLanguage\":\"tr\",\"@id\":\"https:\\\/\\\/kuzeyinsesi.org\\\/index.php\\\/2026\\\/02\\\/28\\\/abd-irana-haksiz-gozaltilar-nedeniyle-yaptirim-karari-acikladi\\\/#primaryimage\",\"url\":\"https:\\\/\\\/kuzeyinsesi.org\\\/wp-content\\\/uploads\\\/2026\\\/02\\\/1772263814285ABD.jpg\",\"contentUrl\":\"https:\\\/\\\/kuzeyinsesi.org\\\/wp-content\\\/uploads\\\/2026\\\/02\\\/1772263814285ABD.jpg\",\"width\":483,\"height\":337},{\"@type\":\"BreadcrumbList\",\"@id\":\"https:\\\/\\\/kuzeyinsesi.org\\\/index.php\\\/2026\\\/02\\\/28\\\/abd-irana-haksiz-gozaltilar-nedeniyle-yaptirim-karari-acikladi\\\/#breadcrumb\",\"itemListElement\":[{\"@type\":\"ListItem\",\"position\":1,\"name\":\"Anasayfa\",\"item\":\"https:\\\/\\\/kuzeyinsesi.org\\\/\"},{\"@type\":\"ListItem\",\"position\":2,\"name\":\"ABD, \u0130ran\u2019a haks\u0131z g\u00f6zalt\u0131lar nedeniyle yapt\u0131r\u0131m karar\u0131 a\u00e7\u0131klad\u0131\"}]},{\"@type\":\"WebSite\",\"@id\":\"https:\\\/\\\/kuzeyinsesi.org\\\/#website\",\"url\":\"https:\\\/\\\/kuzeyinsesi.org\\\/\",\"name\":\"Kuzeyin Sesi\",\"description\":\"Do\u011fru Haberin Adresi\",\"potentialAction\":[{\"@type\":\"SearchAction\",\"target\":{\"@type\":\"EntryPoint\",\"urlTemplate\":\"https:\\\/\\\/kuzeyinsesi.org\\\/?s={search_term_string}\"},\"query-input\":{\"@type\":\"PropertyValueSpecification\",\"valueRequired\":true,\"valueName\":\"search_term_string\"}}],\"inLanguage\":\"tr\"},{\"@type\":\"Person\",\"@id\":\"https:\\\/\\\/kuzeyinsesi.org\\\/#\\\/schema\\\/person\\\/9f859689cdf01485597712386e37f5aa\",\"name\":\"Kuzeyin Sesi\",\"image\":{\"@type\":\"ImageObject\",\"inLanguage\":\"tr\",\"@id\":\"https:\\\/\\\/secure.gravatar.com\\\/avatar\\\/bab33852abfd8b282518d6ed81826833d77c3c882d9ab608add591ccace47a44?s=96&d=mm&r=g\",\"url\":\"https:\\\/\\\/secure.gravatar.com\\\/avatar\\\/bab33852abfd8b282518d6ed81826833d77c3c882d9ab608add591ccace47a44?s=96&d=mm&r=g\",\"contentUrl\":\"https:\\\/\\\/secure.gravatar.com\\\/avatar\\\/bab33852abfd8b282518d6ed81826833d77c3c882d9ab608add591ccace47a44?s=96&d=mm&r=g\",\"caption\":\"Kuzeyin Sesi\"},\"sameAs\":[\"https:\\\/\\\/kuzeyinsesi.org\"],\"url\":\"https:\\\/\\\/kuzeyinsesi.org\\\/index.php\\\/author\\\/guven\\\/\"}]}<\/script>\n<!-- \/ Yoast SEO plugin. -->","yoast_head_json":{"title":"ABD, \u0130ran\u2019a haks\u0131z g\u00f6zalt\u0131lar nedeniyle yapt\u0131r\u0131m karar\u0131 a\u00e7\u0131klad\u0131 - Kuzeyin Sesi","robots":{"index":"index","follow":"follow","max-snippet":"max-snippet:-1","max-image-preview":"max-image-preview:large","max-video-preview":"max-video-preview:-1"},"canonical":"https:\/\/kuzeyinsesi.org\/index.php\/2026\/02\/28\/abd-irana-haksiz-gozaltilar-nedeniyle-yaptirim-karari-acikladi\/","og_locale":"tr_TR","og_type":"article","og_title":"ABD, \u0130ran\u2019a haks\u0131z g\u00f6zalt\u0131lar nedeniyle yapt\u0131r\u0131m karar\u0131 a\u00e7\u0131klad\u0131 - Kuzeyin Sesi","og_description":"Rubio, D\u0131\u015fi\u015fleri Bakanl\u0131\u011f\u0131n\u0131n internet sayfas\u0131ndan yap\u0131lan yaz\u0131l\u0131 a\u00e7\u0131klamayla, \u0130ran rejiminin 47 y\u0131l \u00f6nce iktidar\u0131 ele ge\u00e7irdi\u011fi d\u00f6nemde Ayetullah Humeyni&#8217;nin emriyle ABD B\u00fcy\u00fckel\u00e7ili\u011fi personelinin rehin al\u0131nmas\u0131n\u0131 ele\u015ftirdi. A\u00e7\u0131klamada, &#8220;\u0130ran, on y\u0131llard\u0131r, di\u011fer devletlere kar\u015f\u0131 siyasi koz olarak kullanmak \u00fczere masum Amerikal\u0131lar\u0131 ve di\u011fer uluslar\u0131n vatanda\u015flar\u0131n\u0131 ac\u0131mas\u0131zca g\u00f6zalt\u0131na almaya devam etti.&#8221; ifadesine yer veren Rubio, bu uygulaman\u0131n [&hellip;]","og_url":"https:\/\/kuzeyinsesi.org\/index.php\/2026\/02\/28\/abd-irana-haksiz-gozaltilar-nedeniyle-yaptirim-karari-acikladi\/","og_site_name":"Kuzeyin Sesi","article_publisher":"https:\/\/www.facebook.com\/kuzeyinsesii","article_published_time":"2026-02-28T07:50:48+00:00","author":"Kuzeyin Sesi","twitter_card":"summary_large_image","twitter_creator":"@kuzeyinsesii","twitter_site":"@kuzeyinsesii","twitter_misc":{"Yazan:":"Kuzeyin Sesi","Tahmini okuma s\u00fcresi":"2 dakika"},"schema":{"@context":"https:\/\/schema.org","@graph":[{"@type":"Article","@id":"https:\/\/kuzeyinsesi.org\/index.php\/2026\/02\/28\/abd-irana-haksiz-gozaltilar-nedeniyle-yaptirim-karari-acikladi\/#article","isPartOf":{"@id":"https:\/\/kuzeyinsesi.org\/index.php\/2026\/02\/28\/abd-irana-haksiz-gozaltilar-nedeniyle-yaptirim-karari-acikladi\/"},"author":{"name":"Kuzeyin Sesi","@id":"https:\/\/kuzeyinsesi.org\/#\/schema\/person\/9f859689cdf01485597712386e37f5aa"},"headline":"ABD, \u0130ran\u2019a haks\u0131z g\u00f6zalt\u0131lar nedeniyle yapt\u0131r\u0131m karar\u0131 a\u00e7\u0131klad\u0131","datePublished":"2026-02-28T07:50:48+00:00","mainEntityOfPage":{"@id":"https:\/\/kuzeyinsesi.org\/index.php\/2026\/02\/28\/abd-irana-haksiz-gozaltilar-nedeniyle-yaptirim-karari-acikladi\/"},"wordCount":349,"commentCount":0,"image":{"@id":"https:\/\/kuzeyinsesi.org\/index.php\/2026\/02\/28\/abd-irana-haksiz-gozaltilar-nedeniyle-yaptirim-karari-acikladi\/#primaryimage"},"thumbnailUrl":"https:\/\/kuzeyinsesi.org\/wp-content\/uploads\/2026\/02\/1772263814285ABD.jpg","articleSection":["K\u0131br\u0131s"],"inLanguage":"tr","potentialAction":[{"@type":"CommentAction","name":"Comment","target":["https:\/\/kuzeyinsesi.org\/index.php\/2026\/02\/28\/abd-irana-haksiz-gozaltilar-nedeniyle-yaptirim-karari-acikladi\/#respond"]}]},{"@type":"WebPage","@id":"https:\/\/kuzeyinsesi.org\/index.php\/2026\/02\/28\/abd-irana-haksiz-gozaltilar-nedeniyle-yaptirim-karari-acikladi\/","url":"https:\/\/kuzeyinsesi.org\/index.php\/2026\/02\/28\/abd-irana-haksiz-gozaltilar-nedeniyle-yaptirim-karari-acikladi\/","name":"ABD, \u0130ran\u2019a haks\u0131z g\u00f6zalt\u0131lar nedeniyle yapt\u0131r\u0131m karar\u0131 a\u00e7\u0131klad\u0131 - Kuzeyin Sesi","isPartOf":{"@id":"https:\/\/kuzeyinsesi.org\/#website"},"primaryImageOfPage":{"@id":"https:\/\/kuzeyinsesi.org\/index.php\/2026\/02\/28\/abd-irana-haksiz-gozaltilar-nedeniyle-yaptirim-karari-acikladi\/#primaryimage"},"image":{"@id":"https:\/\/kuzeyinsesi.org\/index.php\/2026\/02\/28\/abd-irana-haksiz-gozaltilar-nedeniyle-yaptirim-karari-acikladi\/#primaryimage"},"thumbnailUrl":"https:\/\/kuzeyinsesi.org\/wp-content\/uploads\/2026\/02\/1772263814285ABD.jpg","datePublished":"2026-02-28T07:50:48+00:00","author":{"@id":"https:\/\/kuzeyinsesi.org\/#\/schema\/person\/9f859689cdf01485597712386e37f5aa"},"breadcrumb":{"@id":"https:\/\/kuzeyinsesi.org\/index.php\/2026\/02\/28\/abd-irana-haksiz-gozaltilar-nedeniyle-yaptirim-karari-acikladi\/#breadcrumb"},"inLanguage":"tr","potentialAction":[{"@type":"ReadAction","target":["https:\/\/kuzeyinsesi.org\/index.php\/2026\/02\/28\/abd-irana-haksiz-gozaltilar-nedeniyle-yaptirim-karari-acikladi\/"]}]},{"@type":"ImageObject","inLanguage":"tr","@id":"https:\/\/kuzeyinsesi.org\/index.php\/2026\/02\/28\/abd-irana-haksiz-gozaltilar-nedeniyle-yaptirim-karari-acikladi\/#primaryimage","url":"https:\/\/kuzeyinsesi.org\/wp-content\/uploads\/2026\/02\/1772263814285ABD.jpg","contentUrl":"https:\/\/kuzeyinsesi.org\/wp-content\/uploads\/2026\/02\/1772263814285ABD.jpg","width":483,"height":337},{"@type":"BreadcrumbList","@id":"https:\/\/kuzeyinsesi.org\/index.php\/2026\/02\/28\/abd-irana-haksiz-gozaltilar-nedeniyle-yaptirim-karari-acikladi\/#breadcrumb","itemListElement":[{"@type":"ListItem","position":1,"name":"Anasayfa","item":"https:\/\/kuzeyinsesi.org\/"},{"@type":"ListItem","position":2,"name":"ABD, \u0130ran\u2019a haks\u0131z g\u00f6zalt\u0131lar nedeniyle yapt\u0131r\u0131m karar\u0131 a\u00e7\u0131klad\u0131"}]},{"@type":"WebSite","@id":"https:\/\/kuzeyinsesi.org\/#website","url":"https:\/\/kuzeyinsesi.org\/","name":"Kuzeyin Sesi","description":"Do\u011fru Haberin Adresi","potentialAction":[{"@type":"SearchAction","target":{"@type":"EntryPoint","urlTemplate":"https:\/\/kuzeyinsesi.org\/?s={search_term_string}"},"query-input":{"@type":"PropertyValueSpecification","valueRequired":true,"valueName":"search_term_string"}}],"inLanguage":"tr"},{"@type":"Person","@id":"https:\/\/kuzeyinsesi.org\/#\/schema\/person\/9f859689cdf01485597712386e37f5aa","name":"Kuzeyin Sesi","image":{"@type":"ImageObject","inLanguage":"tr","@id":"https:\/\/secure.gravatar.com\/avatar\/bab33852abfd8b282518d6ed81826833d77c3c882d9ab608add591ccace47a44?s=96&d=mm&r=g","url":"https:\/\/secure.gravatar.com\/avatar\/bab33852abfd8b282518d6ed81826833d77c3c882d9ab608add591ccace47a44?s=96&d=mm&r=g","contentUrl":"https:\/\/secure.gravatar.com\/avatar\/bab33852abfd8b282518d6ed81826833d77c3c882d9ab608add591ccace47a44?s=96&d=mm&r=g","caption":"Kuzeyin Sesi"},"sameAs":["https:\/\/kuzeyinsesi.org"],"url":"https:\/\/kuzeyinsesi.org\/index.php\/author\/guven\/"}]}},"_links":{"self":[{"href":"https:\/\/kuzeyinsesi.org\/index.php\/wp-json\/wp\/v2\/posts\/36013","targetHints":{"allow":["GET"]}}],"collection":[{"href":"https:\/\/kuzeyinsesi.org\/index.php\/wp-json\/wp\/v2\/posts"}],"about":[{"href":"https:\/\/kuzeyinsesi.org\/index.php\/wp-json\/wp\/v2\/types\/post"}],"author":[{"embeddable":true,"href":"https:\/\/kuzeyinsesi.org\/index.php\/wp-json\/wp\/v2\/users\/1"}],"replies":[{"embeddable":true,"href":"https:\/\/kuzeyinsesi.org\/index.php\/wp-json\/wp\/v2\/comments?post=36013"}],"version-history":[{"count":0,"href":"https:\/\/kuzeyinsesi.org\/index.php\/wp-json\/wp\/v2\/posts\/36013\/revisions"}],"wp:featuredmedia":[{"embeddable":true,"href":"https:\/\/kuzeyinsesi.org\/index.php\/wp-json\/wp\/v2\/media\/36014"}],"wp:attachment":[{"href":"https:\/\/kuzeyinsesi.org\/index.php\/wp-json\/wp\/v2\/media?parent=36013"}],"wp:term":[{"taxonomy":"category","embeddable":true,"href":"https:\/\/kuzeyinsesi.org\/index.php\/wp-json\/wp\/v2\/categories?post=36013"},{"taxonomy":"post_tag","embeddable":true,"href":"https:\/\/kuzeyinsesi.org\/index.php\/wp-json\/wp\/v2\/tags?post=36013"}],"curies":[{"name":"wp","href":"https:\/\/api.w.org\/{rel}","templated":true}]}}