{"id":36001,"date":"2026-02-27T16:17:09","date_gmt":"2026-02-27T14:17:09","guid":{"rendered":"https:\/\/kuzeyinsesi.org\/index.php\/2026\/02\/27\/devlet-ciddiyeti-ve-seffafliktan-taviz-vermeyiz\/"},"modified":"2026-02-27T16:17:09","modified_gmt":"2026-02-27T14:17:09","slug":"devlet-ciddiyeti-ve-seffafliktan-taviz-vermeyiz","status":"publish","type":"post","link":"https:\/\/kuzeyinsesi.org\/index.php\/2026\/02\/27\/devlet-ciddiyeti-ve-seffafliktan-taviz-vermeyiz\/","title":{"rendered":"Devlet ciddiyeti ve \u015feffafl\u0131ktan taviz vermeyiz"},"content":{"rendered":"<p>Protokol i\u00e7eri\u011finin imza \u00f6ncesinde ve sonras\u0131nda Demokrat Parti ile payla\u015f\u0131lmad\u0131\u011f\u0131n\u0131 savunan Akp\u0131nar, s\u00fcrece dair esasl\u0131 bilgiyi d\u00fczenlemenin Meclis g\u00fcndemine getirilece\u011fi g\u00fcn edindi\u011fini kaydetti. Uluslararas\u0131 boyutu ve ekonomik sonu\u00e7lar\u0131 olabilecek bir d\u00fczenlemenin bu \u015fekilde Meclis\u2019e ta\u015f\u0131nmas\u0131n\u0131n parlamenter ciddiyetle ba\u011fda\u015fmad\u0131\u011f\u0131n\u0131 vurgulad\u0131.<\/p>\n<p>Parti i\u00e7i ileti\u015fim eksikli\u011fine de dikkat \u00e7eken Akp\u0131nar, bu durumun kabul edilemez oldu\u011funu belirtti. Protokol\u00fcn onayland\u0131\u011f\u0131 g\u00fcn ya\u015fanan tart\u0131\u015fmalar sonras\u0131nda, K\u0131br\u0131s T\u00fcrk halk\u0131n\u0131n haklar\u0131n\u0131 g\u00fcvence alt\u0131na alacak bir ek protokol haz\u0131rlanaca\u011f\u0131 taahh\u00fcd\u00fc do\u011frultusunda destek verdiklerini ifade eden Akp\u0131nar, bu deste\u011fin ko\u015fulsuz olmad\u0131\u011f\u0131n\u0131 s\u00f6yledi.<\/p>\n<p>Uluslararas\u0131 nitelikli yasalar\u0131n h\u00fck\u00fcmet ortaklar\u0131yla birlikte, teknik de\u011ferlendirmeler tamamlanarak haz\u0131rlanmas\u0131 gerekti\u011fini belirten Akp\u0131nar, aksi yakla\u015f\u0131m\u0131n koalisyon hukukunu zedeleyece\u011fini kaydetti. Ele\u015ftirilerin bast\u0131r\u0131lmaya \u00e7al\u0131\u015f\u0131lmas\u0131n\u0131 do\u011fru bulmad\u0131\u011f\u0131n\u0131 ifade eden Akp\u0131nar, Demokrat Parti\u2019nin siyasi hesaplara malzeme yap\u0131lamayaca\u011f\u0131n\u0131 vurgulad\u0131.<\/p>\n<p>Akp\u0131nar, ek protokol s\u00fcrecinde halk\u0131n haklar\u0131n\u0131n tam g\u00fcvence alt\u0131na al\u0131nmamas\u0131 halinde gerekli demokratik ve parlamenter ad\u0131mlar\u0131n at\u0131laca\u011f\u0131n\u0131 a\u00e7\u0131klad\u0131.<\/p>\n<p>Devlet ciddiyeti ve \u015feffafl\u0131ktan taviz vermeyiz yaz\u0131s\u0131 ilk \u00f6nce K\u0131br\u0131s Hakikat \u00fczerinde ortaya \u00e7\u0131kt\u0131.<\/p>\n","protected":false},"excerpt":{"rendered":"<p>Protokol i\u00e7eri\u011finin imza \u00f6ncesinde ve sonras\u0131nda Demokrat Parti ile payla\u015f\u0131lmad\u0131\u011f\u0131n\u0131 savunan Akp\u0131nar, s\u00fcrece dair esasl\u0131 bilgiyi d\u00fczenlemenin Meclis g\u00fcndemine getirilece\u011fi g\u00fcn edindi\u011fini kaydetti. Uluslararas\u0131 boyutu ve ekonomik sonu\u00e7lar\u0131 olabilecek bir d\u00fczenlemenin bu \u015fekilde Meclis\u2019e ta\u015f\u0131nmas\u0131n\u0131n parlamenter ciddiyetle ba\u011fda\u015fmad\u0131\u011f\u0131n\u0131 vurgulad\u0131. Parti i\u00e7i ileti\u015fim eksikli\u011fine de dikkat \u00e7eken Akp\u0131nar, bu durumun kabul edilemez oldu\u011funu belirtti. Protokol\u00fcn onayland\u0131\u011f\u0131 [&hellip;]<\/p>\n","protected":false},"author":1,"featured_media":36002,"comment_status":"open","ping_status":"open","sticky":false,"template":"","format":"standard","meta":{"jnews-multi-image_gallery":[],"jnews_single_post":[],"jnews_primary_category":[],"jnews_social_meta":[],"jnews_override_counter":[],"footnotes":""},"categories":[1],"tags":[],"class_list":["post-36001","post","type-post","status-publish","format-standard","has-post-thumbnail","hentry","category-kibris"],"yoast_head":"<!-- This site is optimized with the Yoast SEO plugin v27.5 - https:\/\/yoast.com\/product\/yoast-seo-wordpress\/ -->\n<title>Devlet ciddiyeti ve \u015feffafl\u0131ktan taviz vermeyiz - Kuzeyin Sesi<\/title>\n<meta name=\"robots\" content=\"index, follow, max-snippet:-1, max-image-preview:large, max-video-preview:-1\" \/>\n<link rel=\"canonical\" href=\"https:\/\/kuzeyinsesi.org\/index.php\/2026\/02\/27\/devlet-ciddiyeti-ve-seffafliktan-taviz-vermeyiz\/\" \/>\n<meta property=\"og:locale\" content=\"tr_TR\" \/>\n<meta property=\"og:type\" content=\"article\" \/>\n<meta property=\"og:title\" content=\"Devlet ciddiyeti ve \u015feffafl\u0131ktan taviz vermeyiz - Kuzeyin Sesi\" \/>\n<meta property=\"og:description\" content=\"Protokol i\u00e7eri\u011finin imza \u00f6ncesinde ve sonras\u0131nda Demokrat Parti ile payla\u015f\u0131lmad\u0131\u011f\u0131n\u0131 savunan Akp\u0131nar, s\u00fcrece dair esasl\u0131 bilgiyi d\u00fczenlemenin Meclis g\u00fcndemine getirilece\u011fi g\u00fcn edindi\u011fini kaydetti. Uluslararas\u0131 boyutu ve ekonomik sonu\u00e7lar\u0131 olabilecek bir d\u00fczenlemenin bu \u015fekilde Meclis\u2019e ta\u015f\u0131nmas\u0131n\u0131n parlamenter ciddiyetle ba\u011fda\u015fmad\u0131\u011f\u0131n\u0131 vurgulad\u0131. Parti i\u00e7i ileti\u015fim eksikli\u011fine de dikkat \u00e7eken Akp\u0131nar, bu durumun kabul edilemez oldu\u011funu belirtti. Protokol\u00fcn onayland\u0131\u011f\u0131 [&hellip;]\" \/>\n<meta property=\"og:url\" content=\"https:\/\/kuzeyinsesi.org\/index.php\/2026\/02\/27\/devlet-ciddiyeti-ve-seffafliktan-taviz-vermeyiz\/\" \/>\n<meta property=\"og:site_name\" content=\"Kuzeyin Sesi\" \/>\n<meta property=\"article:publisher\" content=\"https:\/\/www.facebook.com\/kuzeyinsesii\" \/>\n<meta property=\"article:published_time\" content=\"2026-02-27T14:17:09+00:00\" \/>\n<meta name=\"author\" content=\"Kuzeyin Sesi\" \/>\n<meta name=\"twitter:card\" content=\"summary_large_image\" \/>\n<meta name=\"twitter:creator\" content=\"@kuzeyinsesii\" \/>\n<meta name=\"twitter:site\" content=\"@kuzeyinsesii\" \/>\n<meta name=\"twitter:label1\" content=\"Yazan:\" \/>\n\t<meta name=\"twitter:data1\" content=\"Kuzeyin Sesi\" \/>\n\t<meta name=\"twitter:label2\" content=\"Tahmini okuma s\u00fcresi\" \/>\n\t<meta name=\"twitter:data2\" content=\"1 dakika\" \/>\n<script type=\"application\/ld+json\" class=\"yoast-schema-graph\">{\"@context\":\"https:\\\/\\\/schema.org\",\"@graph\":[{\"@type\":\"Article\",\"@id\":\"https:\\\/\\\/kuzeyinsesi.org\\\/index.php\\\/2026\\\/02\\\/27\\\/devlet-ciddiyeti-ve-seffafliktan-taviz-vermeyiz\\\/#article\",\"isPartOf\":{\"@id\":\"https:\\\/\\\/kuzeyinsesi.org\\\/index.php\\\/2026\\\/02\\\/27\\\/devlet-ciddiyeti-ve-seffafliktan-taviz-vermeyiz\\\/\"},\"author\":{\"name\":\"Kuzeyin Sesi\",\"@id\":\"https:\\\/\\\/kuzeyinsesi.org\\\/#\\\/schema\\\/person\\\/9f859689cdf01485597712386e37f5aa\"},\"headline\":\"Devlet ciddiyeti ve \u015feffafl\u0131ktan taviz vermeyiz\",\"datePublished\":\"2026-02-27T14:17:09+00:00\",\"mainEntityOfPage\":{\"@id\":\"https:\\\/\\\/kuzeyinsesi.org\\\/index.php\\\/2026\\\/02\\\/27\\\/devlet-ciddiyeti-ve-seffafliktan-taviz-vermeyiz\\\/\"},\"wordCount\":241,\"commentCount\":0,\"image\":{\"@id\":\"https:\\\/\\\/kuzeyinsesi.org\\\/index.php\\\/2026\\\/02\\\/27\\\/devlet-ciddiyeti-ve-seffafliktan-taviz-vermeyiz\\\/#primaryimage\"},\"thumbnailUrl\":\"https:\\\/\\\/kuzeyinsesi.org\\\/wp-content\\\/uploads\\\/2026\\\/02\\\/Kirmizi-Modern-Haber-Merkezi-Youtube-Kucuk-Resim-10.png\",\"articleSection\":[\"K\u0131br\u0131s\"],\"inLanguage\":\"tr\",\"potentialAction\":[{\"@type\":\"CommentAction\",\"name\":\"Comment\",\"target\":[\"https:\\\/\\\/kuzeyinsesi.org\\\/index.php\\\/2026\\\/02\\\/27\\\/devlet-ciddiyeti-ve-seffafliktan-taviz-vermeyiz\\\/#respond\"]}]},{\"@type\":\"WebPage\",\"@id\":\"https:\\\/\\\/kuzeyinsesi.org\\\/index.php\\\/2026\\\/02\\\/27\\\/devlet-ciddiyeti-ve-seffafliktan-taviz-vermeyiz\\\/\",\"url\":\"https:\\\/\\\/kuzeyinsesi.org\\\/index.php\\\/2026\\\/02\\\/27\\\/devlet-ciddiyeti-ve-seffafliktan-taviz-vermeyiz\\\/\",\"name\":\"Devlet ciddiyeti ve \u015feffafl\u0131ktan taviz vermeyiz - Kuzeyin Sesi\",\"isPartOf\":{\"@id\":\"https:\\\/\\\/kuzeyinsesi.org\\\/#website\"},\"primaryImageOfPage\":{\"@id\":\"https:\\\/\\\/kuzeyinsesi.org\\\/index.php\\\/2026\\\/02\\\/27\\\/devlet-ciddiyeti-ve-seffafliktan-taviz-vermeyiz\\\/#primaryimage\"},\"image\":{\"@id\":\"https:\\\/\\\/kuzeyinsesi.org\\\/index.php\\\/2026\\\/02\\\/27\\\/devlet-ciddiyeti-ve-seffafliktan-taviz-vermeyiz\\\/#primaryimage\"},\"thumbnailUrl\":\"https:\\\/\\\/kuzeyinsesi.org\\\/wp-content\\\/uploads\\\/2026\\\/02\\\/Kirmizi-Modern-Haber-Merkezi-Youtube-Kucuk-Resim-10.png\",\"datePublished\":\"2026-02-27T14:17:09+00:00\",\"author\":{\"@id\":\"https:\\\/\\\/kuzeyinsesi.org\\\/#\\\/schema\\\/person\\\/9f859689cdf01485597712386e37f5aa\"},\"breadcrumb\":{\"@id\":\"https:\\\/\\\/kuzeyinsesi.org\\\/index.php\\\/2026\\\/02\\\/27\\\/devlet-ciddiyeti-ve-seffafliktan-taviz-vermeyiz\\\/#breadcrumb\"},\"inLanguage\":\"tr\",\"potentialAction\":[{\"@type\":\"ReadAction\",\"target\":[\"https:\\\/\\\/kuzeyinsesi.org\\\/index.php\\\/2026\\\/02\\\/27\\\/devlet-ciddiyeti-ve-seffafliktan-taviz-vermeyiz\\\/\"]}]},{\"@type\":\"ImageObject\",\"inLanguage\":\"tr\",\"@id\":\"https:\\\/\\\/kuzeyinsesi.org\\\/index.php\\\/2026\\\/02\\\/27\\\/devlet-ciddiyeti-ve-seffafliktan-taviz-vermeyiz\\\/#primaryimage\",\"url\":\"https:\\\/\\\/kuzeyinsesi.org\\\/wp-content\\\/uploads\\\/2026\\\/02\\\/Kirmizi-Modern-Haber-Merkezi-Youtube-Kucuk-Resim-10.png\",\"contentUrl\":\"https:\\\/\\\/kuzeyinsesi.org\\\/wp-content\\\/uploads\\\/2026\\\/02\\\/Kirmizi-Modern-Haber-Merkezi-Youtube-Kucuk-Resim-10.png\",\"width\":1280,\"height\":720},{\"@type\":\"BreadcrumbList\",\"@id\":\"https:\\\/\\\/kuzeyinsesi.org\\\/index.php\\\/2026\\\/02\\\/27\\\/devlet-ciddiyeti-ve-seffafliktan-taviz-vermeyiz\\\/#breadcrumb\",\"itemListElement\":[{\"@type\":\"ListItem\",\"position\":1,\"name\":\"Anasayfa\",\"item\":\"https:\\\/\\\/kuzeyinsesi.org\\\/\"},{\"@type\":\"ListItem\",\"position\":2,\"name\":\"Devlet ciddiyeti ve \u015feffafl\u0131ktan taviz vermeyiz\"}]},{\"@type\":\"WebSite\",\"@id\":\"https:\\\/\\\/kuzeyinsesi.org\\\/#website\",\"url\":\"https:\\\/\\\/kuzeyinsesi.org\\\/\",\"name\":\"Kuzeyin Sesi\",\"description\":\"Do\u011fru Haberin Adresi\",\"potentialAction\":[{\"@type\":\"SearchAction\",\"target\":{\"@type\":\"EntryPoint\",\"urlTemplate\":\"https:\\\/\\\/kuzeyinsesi.org\\\/?s={search_term_string}\"},\"query-input\":{\"@type\":\"PropertyValueSpecification\",\"valueRequired\":true,\"valueName\":\"search_term_string\"}}],\"inLanguage\":\"tr\"},{\"@type\":\"Person\",\"@id\":\"https:\\\/\\\/kuzeyinsesi.org\\\/#\\\/schema\\\/person\\\/9f859689cdf01485597712386e37f5aa\",\"name\":\"Kuzeyin Sesi\",\"image\":{\"@type\":\"ImageObject\",\"inLanguage\":\"tr\",\"@id\":\"https:\\\/\\\/secure.gravatar.com\\\/avatar\\\/bab33852abfd8b282518d6ed81826833d77c3c882d9ab608add591ccace47a44?s=96&d=mm&r=g\",\"url\":\"https:\\\/\\\/secure.gravatar.com\\\/avatar\\\/bab33852abfd8b282518d6ed81826833d77c3c882d9ab608add591ccace47a44?s=96&d=mm&r=g\",\"contentUrl\":\"https:\\\/\\\/secure.gravatar.com\\\/avatar\\\/bab33852abfd8b282518d6ed81826833d77c3c882d9ab608add591ccace47a44?s=96&d=mm&r=g\",\"caption\":\"Kuzeyin Sesi\"},\"sameAs\":[\"https:\\\/\\\/kuzeyinsesi.org\"],\"url\":\"https:\\\/\\\/kuzeyinsesi.org\\\/index.php\\\/author\\\/guven\\\/\"}]}<\/script>\n<!-- \/ Yoast SEO plugin. -->","yoast_head_json":{"title":"Devlet ciddiyeti ve \u015feffafl\u0131ktan taviz vermeyiz - Kuzeyin Sesi","robots":{"index":"index","follow":"follow","max-snippet":"max-snippet:-1","max-image-preview":"max-image-preview:large","max-video-preview":"max-video-preview:-1"},"canonical":"https:\/\/kuzeyinsesi.org\/index.php\/2026\/02\/27\/devlet-ciddiyeti-ve-seffafliktan-taviz-vermeyiz\/","og_locale":"tr_TR","og_type":"article","og_title":"Devlet ciddiyeti ve \u015feffafl\u0131ktan taviz vermeyiz - Kuzeyin Sesi","og_description":"Protokol i\u00e7eri\u011finin imza \u00f6ncesinde ve sonras\u0131nda Demokrat Parti ile payla\u015f\u0131lmad\u0131\u011f\u0131n\u0131 savunan Akp\u0131nar, s\u00fcrece dair esasl\u0131 bilgiyi d\u00fczenlemenin Meclis g\u00fcndemine getirilece\u011fi g\u00fcn edindi\u011fini kaydetti. Uluslararas\u0131 boyutu ve ekonomik sonu\u00e7lar\u0131 olabilecek bir d\u00fczenlemenin bu \u015fekilde Meclis\u2019e ta\u015f\u0131nmas\u0131n\u0131n parlamenter ciddiyetle ba\u011fda\u015fmad\u0131\u011f\u0131n\u0131 vurgulad\u0131. Parti i\u00e7i ileti\u015fim eksikli\u011fine de dikkat \u00e7eken Akp\u0131nar, bu durumun kabul edilemez oldu\u011funu belirtti. Protokol\u00fcn onayland\u0131\u011f\u0131 [&hellip;]","og_url":"https:\/\/kuzeyinsesi.org\/index.php\/2026\/02\/27\/devlet-ciddiyeti-ve-seffafliktan-taviz-vermeyiz\/","og_site_name":"Kuzeyin Sesi","article_publisher":"https:\/\/www.facebook.com\/kuzeyinsesii","article_published_time":"2026-02-27T14:17:09+00:00","author":"Kuzeyin Sesi","twitter_card":"summary_large_image","twitter_creator":"@kuzeyinsesii","twitter_site":"@kuzeyinsesii","twitter_misc":{"Yazan:":"Kuzeyin Sesi","Tahmini okuma s\u00fcresi":"1 dakika"},"schema":{"@context":"https:\/\/schema.org","@graph":[{"@type":"Article","@id":"https:\/\/kuzeyinsesi.org\/index.php\/2026\/02\/27\/devlet-ciddiyeti-ve-seffafliktan-taviz-vermeyiz\/#article","isPartOf":{"@id":"https:\/\/kuzeyinsesi.org\/index.php\/2026\/02\/27\/devlet-ciddiyeti-ve-seffafliktan-taviz-vermeyiz\/"},"author":{"name":"Kuzeyin Sesi","@id":"https:\/\/kuzeyinsesi.org\/#\/schema\/person\/9f859689cdf01485597712386e37f5aa"},"headline":"Devlet ciddiyeti ve \u015feffafl\u0131ktan taviz vermeyiz","datePublished":"2026-02-27T14:17:09+00:00","mainEntityOfPage":{"@id":"https:\/\/kuzeyinsesi.org\/index.php\/2026\/02\/27\/devlet-ciddiyeti-ve-seffafliktan-taviz-vermeyiz\/"},"wordCount":241,"commentCount":0,"image":{"@id":"https:\/\/kuzeyinsesi.org\/index.php\/2026\/02\/27\/devlet-ciddiyeti-ve-seffafliktan-taviz-vermeyiz\/#primaryimage"},"thumbnailUrl":"https:\/\/kuzeyinsesi.org\/wp-content\/uploads\/2026\/02\/Kirmizi-Modern-Haber-Merkezi-Youtube-Kucuk-Resim-10.png","articleSection":["K\u0131br\u0131s"],"inLanguage":"tr","potentialAction":[{"@type":"CommentAction","name":"Comment","target":["https:\/\/kuzeyinsesi.org\/index.php\/2026\/02\/27\/devlet-ciddiyeti-ve-seffafliktan-taviz-vermeyiz\/#respond"]}]},{"@type":"WebPage","@id":"https:\/\/kuzeyinsesi.org\/index.php\/2026\/02\/27\/devlet-ciddiyeti-ve-seffafliktan-taviz-vermeyiz\/","url":"https:\/\/kuzeyinsesi.org\/index.php\/2026\/02\/27\/devlet-ciddiyeti-ve-seffafliktan-taviz-vermeyiz\/","name":"Devlet ciddiyeti ve \u015feffafl\u0131ktan taviz vermeyiz - Kuzeyin Sesi","isPartOf":{"@id":"https:\/\/kuzeyinsesi.org\/#website"},"primaryImageOfPage":{"@id":"https:\/\/kuzeyinsesi.org\/index.php\/2026\/02\/27\/devlet-ciddiyeti-ve-seffafliktan-taviz-vermeyiz\/#primaryimage"},"image":{"@id":"https:\/\/kuzeyinsesi.org\/index.php\/2026\/02\/27\/devlet-ciddiyeti-ve-seffafliktan-taviz-vermeyiz\/#primaryimage"},"thumbnailUrl":"https:\/\/kuzeyinsesi.org\/wp-content\/uploads\/2026\/02\/Kirmizi-Modern-Haber-Merkezi-Youtube-Kucuk-Resim-10.png","datePublished":"2026-02-27T14:17:09+00:00","author":{"@id":"https:\/\/kuzeyinsesi.org\/#\/schema\/person\/9f859689cdf01485597712386e37f5aa"},"breadcrumb":{"@id":"https:\/\/kuzeyinsesi.org\/index.php\/2026\/02\/27\/devlet-ciddiyeti-ve-seffafliktan-taviz-vermeyiz\/#breadcrumb"},"inLanguage":"tr","potentialAction":[{"@type":"ReadAction","target":["https:\/\/kuzeyinsesi.org\/index.php\/2026\/02\/27\/devlet-ciddiyeti-ve-seffafliktan-taviz-vermeyiz\/"]}]},{"@type":"ImageObject","inLanguage":"tr","@id":"https:\/\/kuzeyinsesi.org\/index.php\/2026\/02\/27\/devlet-ciddiyeti-ve-seffafliktan-taviz-vermeyiz\/#primaryimage","url":"https:\/\/kuzeyinsesi.org\/wp-content\/uploads\/2026\/02\/Kirmizi-Modern-Haber-Merkezi-Youtube-Kucuk-Resim-10.png","contentUrl":"https:\/\/kuzeyinsesi.org\/wp-content\/uploads\/2026\/02\/Kirmizi-Modern-Haber-Merkezi-Youtube-Kucuk-Resim-10.png","width":1280,"height":720},{"@type":"BreadcrumbList","@id":"https:\/\/kuzeyinsesi.org\/index.php\/2026\/02\/27\/devlet-ciddiyeti-ve-seffafliktan-taviz-vermeyiz\/#breadcrumb","itemListElement":[{"@type":"ListItem","position":1,"name":"Anasayfa","item":"https:\/\/kuzeyinsesi.org\/"},{"@type":"ListItem","position":2,"name":"Devlet ciddiyeti ve \u015feffafl\u0131ktan taviz vermeyiz"}]},{"@type":"WebSite","@id":"https:\/\/kuzeyinsesi.org\/#website","url":"https:\/\/kuzeyinsesi.org\/","name":"Kuzeyin Sesi","description":"Do\u011fru Haberin Adresi","potentialAction":[{"@type":"SearchAction","target":{"@type":"EntryPoint","urlTemplate":"https:\/\/kuzeyinsesi.org\/?s={search_term_string}"},"query-input":{"@type":"PropertyValueSpecification","valueRequired":true,"valueName":"search_term_string"}}],"inLanguage":"tr"},{"@type":"Person","@id":"https:\/\/kuzeyinsesi.org\/#\/schema\/person\/9f859689cdf01485597712386e37f5aa","name":"Kuzeyin Sesi","image":{"@type":"ImageObject","inLanguage":"tr","@id":"https:\/\/secure.gravatar.com\/avatar\/bab33852abfd8b282518d6ed81826833d77c3c882d9ab608add591ccace47a44?s=96&d=mm&r=g","url":"https:\/\/secure.gravatar.com\/avatar\/bab33852abfd8b282518d6ed81826833d77c3c882d9ab608add591ccace47a44?s=96&d=mm&r=g","contentUrl":"https:\/\/secure.gravatar.com\/avatar\/bab33852abfd8b282518d6ed81826833d77c3c882d9ab608add591ccace47a44?s=96&d=mm&r=g","caption":"Kuzeyin Sesi"},"sameAs":["https:\/\/kuzeyinsesi.org"],"url":"https:\/\/kuzeyinsesi.org\/index.php\/author\/guven\/"}]}},"_links":{"self":[{"href":"https:\/\/kuzeyinsesi.org\/index.php\/wp-json\/wp\/v2\/posts\/36001","targetHints":{"allow":["GET"]}}],"collection":[{"href":"https:\/\/kuzeyinsesi.org\/index.php\/wp-json\/wp\/v2\/posts"}],"about":[{"href":"https:\/\/kuzeyinsesi.org\/index.php\/wp-json\/wp\/v2\/types\/post"}],"author":[{"embeddable":true,"href":"https:\/\/kuzeyinsesi.org\/index.php\/wp-json\/wp\/v2\/users\/1"}],"replies":[{"embeddable":true,"href":"https:\/\/kuzeyinsesi.org\/index.php\/wp-json\/wp\/v2\/comments?post=36001"}],"version-history":[{"count":0,"href":"https:\/\/kuzeyinsesi.org\/index.php\/wp-json\/wp\/v2\/posts\/36001\/revisions"}],"wp:featuredmedia":[{"embeddable":true,"href":"https:\/\/kuzeyinsesi.org\/index.php\/wp-json\/wp\/v2\/media\/36002"}],"wp:attachment":[{"href":"https:\/\/kuzeyinsesi.org\/index.php\/wp-json\/wp\/v2\/media?parent=36001"}],"wp:term":[{"taxonomy":"category","embeddable":true,"href":"https:\/\/kuzeyinsesi.org\/index.php\/wp-json\/wp\/v2\/categories?post=36001"},{"taxonomy":"post_tag","embeddable":true,"href":"https:\/\/kuzeyinsesi.org\/index.php\/wp-json\/wp\/v2\/tags?post=36001"}],"curies":[{"name":"wp","href":"https:\/\/api.w.org\/{rel}","templated":true}]}}