{"id":35999,"date":"2026-02-27T14:17:48","date_gmt":"2026-02-27T12:17:48","guid":{"rendered":"https:\/\/kuzeyinsesi.org\/index.php\/2026\/02\/27\/erhurman-almanya-buyukelcisi-hans-peter-jugeli-kabul-etti\/"},"modified":"2026-02-27T14:17:48","modified_gmt":"2026-02-27T12:17:48","slug":"erhurman-almanya-buyukelcisi-hans-peter-jugeli-kabul-etti","status":"publish","type":"post","link":"https:\/\/kuzeyinsesi.org\/index.php\/2026\/02\/27\/erhurman-almanya-buyukelcisi-hans-peter-jugeli-kabul-etti\/","title":{"rendered":"Erh\u00fcrman, Almanya B\u00fcy\u00fckel\u00e7isi Hans-Peter Jugel\u2019i Kabul Etti"},"content":{"rendered":"<h2><strong>KIBRIS SORUNU VE G\u00dcNCEL GEL\u0130\u015eMELER MASADA<\/strong><\/h2>\n<p><strong>Cumhurba\u015fkan\u0131 Tufan Erh\u00fcrman<\/strong>, Almanya\u2019n\u0131n Lefko\u015fa B\u00fcy\u00fckel\u00e7isi Hans-Peter Jugel\u2019\u0131 kabul ederek g\u00f6r\u00fc\u015ft\u00fc.<\/p>\n<p>Cumhurba\u015fkanl\u0131\u011f\u0131\u2019nda ger\u00e7ekle\u015fen g\u00f6r\u00fc\u015fmede K\u0131br\u0131s sorunu ve b\u00f6lgedeki g\u00fcncel geli\u015fmeler hakk\u0131nda g\u00f6r\u00fc\u015f al\u0131\u015fveri\u015finde bulunuldu.<\/p>\n<p>Kabulde Cumhurba\u015fkanl\u0131\u011f\u0131 M\u00fcste\u015far\u0131 <strong>Mehmet D\u00e2n\u00e2<\/strong> da haz\u0131r bulundu. G\u00f6r\u00fc\u015fmenin diplomatik temaslar \u00e7er\u00e7evesinde kar\u015f\u0131l\u0131kl\u0131 de\u011ferlendirmelerle tamamland\u0131\u011f\u0131 belirtildi.<\/p>\n<p>Erh\u00fcrman, Almanya B\u00fcy\u00fckel\u00e7isi Hans-Peter Jugel\u2019i Kabul Etti yaz\u0131s\u0131 ilk \u00f6nce K\u0131br\u0131s Hakikat \u00fczerinde ortaya \u00e7\u0131kt\u0131.<\/p>\n","protected":false},"excerpt":{"rendered":"<p>KIBRIS SORUNU VE G\u00dcNCEL GEL\u0130\u015eMELER MASADA Cumhurba\u015fkan\u0131 Tufan Erh\u00fcrman, Almanya\u2019n\u0131n Lefko\u015fa B\u00fcy\u00fckel\u00e7isi Hans-Peter Jugel\u2019\u0131 kabul ederek g\u00f6r\u00fc\u015ft\u00fc. Cumhurba\u015fkanl\u0131\u011f\u0131\u2019nda ger\u00e7ekle\u015fen g\u00f6r\u00fc\u015fmede K\u0131br\u0131s sorunu ve b\u00f6lgedeki g\u00fcncel geli\u015fmeler hakk\u0131nda g\u00f6r\u00fc\u015f al\u0131\u015fveri\u015finde bulunuldu. Kabulde Cumhurba\u015fkanl\u0131\u011f\u0131 M\u00fcste\u015far\u0131 Mehmet D\u00e2n\u00e2 da haz\u0131r bulundu. G\u00f6r\u00fc\u015fmenin diplomatik temaslar \u00e7er\u00e7evesinde kar\u015f\u0131l\u0131kl\u0131 de\u011ferlendirmelerle tamamland\u0131\u011f\u0131 belirtildi. Erh\u00fcrman, Almanya B\u00fcy\u00fckel\u00e7isi Hans-Peter Jugel\u2019i Kabul Etti yaz\u0131s\u0131 ilk [&hellip;]<\/p>\n","protected":false},"author":1,"featured_media":36000,"comment_status":"open","ping_status":"open","sticky":false,"template":"","format":"standard","meta":{"jnews-multi-image_gallery":[],"jnews_single_post":[],"jnews_primary_category":[],"jnews_social_meta":[],"jnews_override_counter":[],"footnotes":""},"categories":[1],"tags":[],"class_list":["post-35999","post","type-post","status-publish","format-standard","has-post-thumbnail","hentry","category-kibris"],"yoast_head":"<!-- This site is optimized with the Yoast SEO plugin v27.5 - https:\/\/yoast.com\/product\/yoast-seo-wordpress\/ -->\n<title>Erh\u00fcrman, Almanya B\u00fcy\u00fckel\u00e7isi Hans-Peter Jugel\u2019i Kabul Etti - Kuzeyin Sesi<\/title>\n<meta name=\"robots\" content=\"index, follow, max-snippet:-1, max-image-preview:large, max-video-preview:-1\" \/>\n<link rel=\"canonical\" href=\"https:\/\/kuzeyinsesi.org\/index.php\/2026\/02\/27\/erhurman-almanya-buyukelcisi-hans-peter-jugeli-kabul-etti\/\" \/>\n<meta property=\"og:locale\" content=\"tr_TR\" \/>\n<meta property=\"og:type\" content=\"article\" \/>\n<meta property=\"og:title\" content=\"Erh\u00fcrman, Almanya B\u00fcy\u00fckel\u00e7isi Hans-Peter Jugel\u2019i Kabul Etti - Kuzeyin Sesi\" \/>\n<meta property=\"og:description\" content=\"KIBRIS SORUNU VE G\u00dcNCEL GEL\u0130\u015eMELER MASADA Cumhurba\u015fkan\u0131 Tufan Erh\u00fcrman, Almanya\u2019n\u0131n Lefko\u015fa B\u00fcy\u00fckel\u00e7isi Hans-Peter Jugel\u2019\u0131 kabul ederek g\u00f6r\u00fc\u015ft\u00fc. Cumhurba\u015fkanl\u0131\u011f\u0131\u2019nda ger\u00e7ekle\u015fen g\u00f6r\u00fc\u015fmede K\u0131br\u0131s sorunu ve b\u00f6lgedeki g\u00fcncel geli\u015fmeler hakk\u0131nda g\u00f6r\u00fc\u015f al\u0131\u015fveri\u015finde bulunuldu. Kabulde Cumhurba\u015fkanl\u0131\u011f\u0131 M\u00fcste\u015far\u0131 Mehmet D\u00e2n\u00e2 da haz\u0131r bulundu. G\u00f6r\u00fc\u015fmenin diplomatik temaslar \u00e7er\u00e7evesinde kar\u015f\u0131l\u0131kl\u0131 de\u011ferlendirmelerle tamamland\u0131\u011f\u0131 belirtildi. Erh\u00fcrman, Almanya B\u00fcy\u00fckel\u00e7isi Hans-Peter Jugel\u2019i Kabul Etti yaz\u0131s\u0131 ilk [&hellip;]\" \/>\n<meta property=\"og:url\" content=\"https:\/\/kuzeyinsesi.org\/index.php\/2026\/02\/27\/erhurman-almanya-buyukelcisi-hans-peter-jugeli-kabul-etti\/\" \/>\n<meta property=\"og:site_name\" content=\"Kuzeyin Sesi\" \/>\n<meta property=\"article:publisher\" content=\"https:\/\/www.facebook.com\/kuzeyinsesii\" \/>\n<meta property=\"article:published_time\" content=\"2026-02-27T12:17:48+00:00\" \/>\n<meta name=\"author\" content=\"Kuzeyin Sesi\" \/>\n<meta name=\"twitter:card\" content=\"summary_large_image\" \/>\n<meta name=\"twitter:creator\" content=\"@kuzeyinsesii\" \/>\n<meta name=\"twitter:site\" content=\"@kuzeyinsesii\" \/>\n<meta name=\"twitter:label1\" content=\"Yazan:\" \/>\n\t<meta name=\"twitter:data1\" content=\"Kuzeyin Sesi\" \/>\n\t<meta name=\"twitter:label2\" content=\"Tahmini okuma s\u00fcresi\" \/>\n\t<meta name=\"twitter:data2\" content=\"1 dakika\" \/>\n<script type=\"application\/ld+json\" class=\"yoast-schema-graph\">{\"@context\":\"https:\\\/\\\/schema.org\",\"@graph\":[{\"@type\":\"Article\",\"@id\":\"https:\\\/\\\/kuzeyinsesi.org\\\/index.php\\\/2026\\\/02\\\/27\\\/erhurman-almanya-buyukelcisi-hans-peter-jugeli-kabul-etti\\\/#article\",\"isPartOf\":{\"@id\":\"https:\\\/\\\/kuzeyinsesi.org\\\/index.php\\\/2026\\\/02\\\/27\\\/erhurman-almanya-buyukelcisi-hans-peter-jugeli-kabul-etti\\\/\"},\"author\":{\"name\":\"Kuzeyin Sesi\",\"@id\":\"https:\\\/\\\/kuzeyinsesi.org\\\/#\\\/schema\\\/person\\\/9f859689cdf01485597712386e37f5aa\"},\"headline\":\"Erh\u00fcrman, Almanya B\u00fcy\u00fckel\u00e7isi Hans-Peter Jugel\u2019i Kabul Etti\",\"datePublished\":\"2026-02-27T12:17:48+00:00\",\"mainEntityOfPage\":{\"@id\":\"https:\\\/\\\/kuzeyinsesi.org\\\/index.php\\\/2026\\\/02\\\/27\\\/erhurman-almanya-buyukelcisi-hans-peter-jugeli-kabul-etti\\\/\"},\"wordCount\":119,\"commentCount\":0,\"image\":{\"@id\":\"https:\\\/\\\/kuzeyinsesi.org\\\/index.php\\\/2026\\\/02\\\/27\\\/erhurman-almanya-buyukelcisi-hans-peter-jugeli-kabul-etti\\\/#primaryimage\"},\"thumbnailUrl\":\"https:\\\/\\\/kuzeyinsesi.org\\\/wp-content\\\/uploads\\\/2026\\\/02\\\/IMG_7725.webp.webp\",\"articleSection\":[\"K\u0131br\u0131s\"],\"inLanguage\":\"tr\",\"potentialAction\":[{\"@type\":\"CommentAction\",\"name\":\"Comment\",\"target\":[\"https:\\\/\\\/kuzeyinsesi.org\\\/index.php\\\/2026\\\/02\\\/27\\\/erhurman-almanya-buyukelcisi-hans-peter-jugeli-kabul-etti\\\/#respond\"]}]},{\"@type\":\"WebPage\",\"@id\":\"https:\\\/\\\/kuzeyinsesi.org\\\/index.php\\\/2026\\\/02\\\/27\\\/erhurman-almanya-buyukelcisi-hans-peter-jugeli-kabul-etti\\\/\",\"url\":\"https:\\\/\\\/kuzeyinsesi.org\\\/index.php\\\/2026\\\/02\\\/27\\\/erhurman-almanya-buyukelcisi-hans-peter-jugeli-kabul-etti\\\/\",\"name\":\"Erh\u00fcrman, Almanya B\u00fcy\u00fckel\u00e7isi Hans-Peter Jugel\u2019i Kabul Etti - Kuzeyin Sesi\",\"isPartOf\":{\"@id\":\"https:\\\/\\\/kuzeyinsesi.org\\\/#website\"},\"primaryImageOfPage\":{\"@id\":\"https:\\\/\\\/kuzeyinsesi.org\\\/index.php\\\/2026\\\/02\\\/27\\\/erhurman-almanya-buyukelcisi-hans-peter-jugeli-kabul-etti\\\/#primaryimage\"},\"image\":{\"@id\":\"https:\\\/\\\/kuzeyinsesi.org\\\/index.php\\\/2026\\\/02\\\/27\\\/erhurman-almanya-buyukelcisi-hans-peter-jugeli-kabul-etti\\\/#primaryimage\"},\"thumbnailUrl\":\"https:\\\/\\\/kuzeyinsesi.org\\\/wp-content\\\/uploads\\\/2026\\\/02\\\/IMG_7725.webp.webp\",\"datePublished\":\"2026-02-27T12:17:48+00:00\",\"author\":{\"@id\":\"https:\\\/\\\/kuzeyinsesi.org\\\/#\\\/schema\\\/person\\\/9f859689cdf01485597712386e37f5aa\"},\"breadcrumb\":{\"@id\":\"https:\\\/\\\/kuzeyinsesi.org\\\/index.php\\\/2026\\\/02\\\/27\\\/erhurman-almanya-buyukelcisi-hans-peter-jugeli-kabul-etti\\\/#breadcrumb\"},\"inLanguage\":\"tr\",\"potentialAction\":[{\"@type\":\"ReadAction\",\"target\":[\"https:\\\/\\\/kuzeyinsesi.org\\\/index.php\\\/2026\\\/02\\\/27\\\/erhurman-almanya-buyukelcisi-hans-peter-jugeli-kabul-etti\\\/\"]}]},{\"@type\":\"ImageObject\",\"inLanguage\":\"tr\",\"@id\":\"https:\\\/\\\/kuzeyinsesi.org\\\/index.php\\\/2026\\\/02\\\/27\\\/erhurman-almanya-buyukelcisi-hans-peter-jugeli-kabul-etti\\\/#primaryimage\",\"url\":\"https:\\\/\\\/kuzeyinsesi.org\\\/wp-content\\\/uploads\\\/2026\\\/02\\\/IMG_7725.webp.webp\",\"contentUrl\":\"https:\\\/\\\/kuzeyinsesi.org\\\/wp-content\\\/uploads\\\/2026\\\/02\\\/IMG_7725.webp.webp\",\"width\":1280,\"height\":720},{\"@type\":\"BreadcrumbList\",\"@id\":\"https:\\\/\\\/kuzeyinsesi.org\\\/index.php\\\/2026\\\/02\\\/27\\\/erhurman-almanya-buyukelcisi-hans-peter-jugeli-kabul-etti\\\/#breadcrumb\",\"itemListElement\":[{\"@type\":\"ListItem\",\"position\":1,\"name\":\"Anasayfa\",\"item\":\"https:\\\/\\\/kuzeyinsesi.org\\\/\"},{\"@type\":\"ListItem\",\"position\":2,\"name\":\"Erh\u00fcrman, Almanya B\u00fcy\u00fckel\u00e7isi Hans-Peter Jugel\u2019i Kabul Etti\"}]},{\"@type\":\"WebSite\",\"@id\":\"https:\\\/\\\/kuzeyinsesi.org\\\/#website\",\"url\":\"https:\\\/\\\/kuzeyinsesi.org\\\/\",\"name\":\"Kuzeyin Sesi\",\"description\":\"Do\u011fru Haberin Adresi\",\"potentialAction\":[{\"@type\":\"SearchAction\",\"target\":{\"@type\":\"EntryPoint\",\"urlTemplate\":\"https:\\\/\\\/kuzeyinsesi.org\\\/?s={search_term_string}\"},\"query-input\":{\"@type\":\"PropertyValueSpecification\",\"valueRequired\":true,\"valueName\":\"search_term_string\"}}],\"inLanguage\":\"tr\"},{\"@type\":\"Person\",\"@id\":\"https:\\\/\\\/kuzeyinsesi.org\\\/#\\\/schema\\\/person\\\/9f859689cdf01485597712386e37f5aa\",\"name\":\"Kuzeyin Sesi\",\"image\":{\"@type\":\"ImageObject\",\"inLanguage\":\"tr\",\"@id\":\"https:\\\/\\\/secure.gravatar.com\\\/avatar\\\/bab33852abfd8b282518d6ed81826833d77c3c882d9ab608add591ccace47a44?s=96&d=mm&r=g\",\"url\":\"https:\\\/\\\/secure.gravatar.com\\\/avatar\\\/bab33852abfd8b282518d6ed81826833d77c3c882d9ab608add591ccace47a44?s=96&d=mm&r=g\",\"contentUrl\":\"https:\\\/\\\/secure.gravatar.com\\\/avatar\\\/bab33852abfd8b282518d6ed81826833d77c3c882d9ab608add591ccace47a44?s=96&d=mm&r=g\",\"caption\":\"Kuzeyin Sesi\"},\"sameAs\":[\"https:\\\/\\\/kuzeyinsesi.org\"],\"url\":\"https:\\\/\\\/kuzeyinsesi.org\\\/index.php\\\/author\\\/guven\\\/\"}]}<\/script>\n<!-- \/ Yoast SEO plugin. -->","yoast_head_json":{"title":"Erh\u00fcrman, Almanya B\u00fcy\u00fckel\u00e7isi Hans-Peter Jugel\u2019i Kabul Etti - Kuzeyin Sesi","robots":{"index":"index","follow":"follow","max-snippet":"max-snippet:-1","max-image-preview":"max-image-preview:large","max-video-preview":"max-video-preview:-1"},"canonical":"https:\/\/kuzeyinsesi.org\/index.php\/2026\/02\/27\/erhurman-almanya-buyukelcisi-hans-peter-jugeli-kabul-etti\/","og_locale":"tr_TR","og_type":"article","og_title":"Erh\u00fcrman, Almanya B\u00fcy\u00fckel\u00e7isi Hans-Peter Jugel\u2019i Kabul Etti - Kuzeyin Sesi","og_description":"KIBRIS SORUNU VE G\u00dcNCEL GEL\u0130\u015eMELER MASADA Cumhurba\u015fkan\u0131 Tufan Erh\u00fcrman, Almanya\u2019n\u0131n Lefko\u015fa B\u00fcy\u00fckel\u00e7isi Hans-Peter Jugel\u2019\u0131 kabul ederek g\u00f6r\u00fc\u015ft\u00fc. Cumhurba\u015fkanl\u0131\u011f\u0131\u2019nda ger\u00e7ekle\u015fen g\u00f6r\u00fc\u015fmede K\u0131br\u0131s sorunu ve b\u00f6lgedeki g\u00fcncel geli\u015fmeler hakk\u0131nda g\u00f6r\u00fc\u015f al\u0131\u015fveri\u015finde bulunuldu. Kabulde Cumhurba\u015fkanl\u0131\u011f\u0131 M\u00fcste\u015far\u0131 Mehmet D\u00e2n\u00e2 da haz\u0131r bulundu. G\u00f6r\u00fc\u015fmenin diplomatik temaslar \u00e7er\u00e7evesinde kar\u015f\u0131l\u0131kl\u0131 de\u011ferlendirmelerle tamamland\u0131\u011f\u0131 belirtildi. Erh\u00fcrman, Almanya B\u00fcy\u00fckel\u00e7isi Hans-Peter Jugel\u2019i Kabul Etti yaz\u0131s\u0131 ilk [&hellip;]","og_url":"https:\/\/kuzeyinsesi.org\/index.php\/2026\/02\/27\/erhurman-almanya-buyukelcisi-hans-peter-jugeli-kabul-etti\/","og_site_name":"Kuzeyin Sesi","article_publisher":"https:\/\/www.facebook.com\/kuzeyinsesii","article_published_time":"2026-02-27T12:17:48+00:00","author":"Kuzeyin Sesi","twitter_card":"summary_large_image","twitter_creator":"@kuzeyinsesii","twitter_site":"@kuzeyinsesii","twitter_misc":{"Yazan:":"Kuzeyin Sesi","Tahmini okuma s\u00fcresi":"1 dakika"},"schema":{"@context":"https:\/\/schema.org","@graph":[{"@type":"Article","@id":"https:\/\/kuzeyinsesi.org\/index.php\/2026\/02\/27\/erhurman-almanya-buyukelcisi-hans-peter-jugeli-kabul-etti\/#article","isPartOf":{"@id":"https:\/\/kuzeyinsesi.org\/index.php\/2026\/02\/27\/erhurman-almanya-buyukelcisi-hans-peter-jugeli-kabul-etti\/"},"author":{"name":"Kuzeyin Sesi","@id":"https:\/\/kuzeyinsesi.org\/#\/schema\/person\/9f859689cdf01485597712386e37f5aa"},"headline":"Erh\u00fcrman, Almanya B\u00fcy\u00fckel\u00e7isi Hans-Peter Jugel\u2019i Kabul Etti","datePublished":"2026-02-27T12:17:48+00:00","mainEntityOfPage":{"@id":"https:\/\/kuzeyinsesi.org\/index.php\/2026\/02\/27\/erhurman-almanya-buyukelcisi-hans-peter-jugeli-kabul-etti\/"},"wordCount":119,"commentCount":0,"image":{"@id":"https:\/\/kuzeyinsesi.org\/index.php\/2026\/02\/27\/erhurman-almanya-buyukelcisi-hans-peter-jugeli-kabul-etti\/#primaryimage"},"thumbnailUrl":"https:\/\/kuzeyinsesi.org\/wp-content\/uploads\/2026\/02\/IMG_7725.webp.webp","articleSection":["K\u0131br\u0131s"],"inLanguage":"tr","potentialAction":[{"@type":"CommentAction","name":"Comment","target":["https:\/\/kuzeyinsesi.org\/index.php\/2026\/02\/27\/erhurman-almanya-buyukelcisi-hans-peter-jugeli-kabul-etti\/#respond"]}]},{"@type":"WebPage","@id":"https:\/\/kuzeyinsesi.org\/index.php\/2026\/02\/27\/erhurman-almanya-buyukelcisi-hans-peter-jugeli-kabul-etti\/","url":"https:\/\/kuzeyinsesi.org\/index.php\/2026\/02\/27\/erhurman-almanya-buyukelcisi-hans-peter-jugeli-kabul-etti\/","name":"Erh\u00fcrman, Almanya B\u00fcy\u00fckel\u00e7isi Hans-Peter Jugel\u2019i Kabul Etti - Kuzeyin Sesi","isPartOf":{"@id":"https:\/\/kuzeyinsesi.org\/#website"},"primaryImageOfPage":{"@id":"https:\/\/kuzeyinsesi.org\/index.php\/2026\/02\/27\/erhurman-almanya-buyukelcisi-hans-peter-jugeli-kabul-etti\/#primaryimage"},"image":{"@id":"https:\/\/kuzeyinsesi.org\/index.php\/2026\/02\/27\/erhurman-almanya-buyukelcisi-hans-peter-jugeli-kabul-etti\/#primaryimage"},"thumbnailUrl":"https:\/\/kuzeyinsesi.org\/wp-content\/uploads\/2026\/02\/IMG_7725.webp.webp","datePublished":"2026-02-27T12:17:48+00:00","author":{"@id":"https:\/\/kuzeyinsesi.org\/#\/schema\/person\/9f859689cdf01485597712386e37f5aa"},"breadcrumb":{"@id":"https:\/\/kuzeyinsesi.org\/index.php\/2026\/02\/27\/erhurman-almanya-buyukelcisi-hans-peter-jugeli-kabul-etti\/#breadcrumb"},"inLanguage":"tr","potentialAction":[{"@type":"ReadAction","target":["https:\/\/kuzeyinsesi.org\/index.php\/2026\/02\/27\/erhurman-almanya-buyukelcisi-hans-peter-jugeli-kabul-etti\/"]}]},{"@type":"ImageObject","inLanguage":"tr","@id":"https:\/\/kuzeyinsesi.org\/index.php\/2026\/02\/27\/erhurman-almanya-buyukelcisi-hans-peter-jugeli-kabul-etti\/#primaryimage","url":"https:\/\/kuzeyinsesi.org\/wp-content\/uploads\/2026\/02\/IMG_7725.webp.webp","contentUrl":"https:\/\/kuzeyinsesi.org\/wp-content\/uploads\/2026\/02\/IMG_7725.webp.webp","width":1280,"height":720},{"@type":"BreadcrumbList","@id":"https:\/\/kuzeyinsesi.org\/index.php\/2026\/02\/27\/erhurman-almanya-buyukelcisi-hans-peter-jugeli-kabul-etti\/#breadcrumb","itemListElement":[{"@type":"ListItem","position":1,"name":"Anasayfa","item":"https:\/\/kuzeyinsesi.org\/"},{"@type":"ListItem","position":2,"name":"Erh\u00fcrman, Almanya B\u00fcy\u00fckel\u00e7isi Hans-Peter Jugel\u2019i Kabul Etti"}]},{"@type":"WebSite","@id":"https:\/\/kuzeyinsesi.org\/#website","url":"https:\/\/kuzeyinsesi.org\/","name":"Kuzeyin Sesi","description":"Do\u011fru Haberin Adresi","potentialAction":[{"@type":"SearchAction","target":{"@type":"EntryPoint","urlTemplate":"https:\/\/kuzeyinsesi.org\/?s={search_term_string}"},"query-input":{"@type":"PropertyValueSpecification","valueRequired":true,"valueName":"search_term_string"}}],"inLanguage":"tr"},{"@type":"Person","@id":"https:\/\/kuzeyinsesi.org\/#\/schema\/person\/9f859689cdf01485597712386e37f5aa","name":"Kuzeyin Sesi","image":{"@type":"ImageObject","inLanguage":"tr","@id":"https:\/\/secure.gravatar.com\/avatar\/bab33852abfd8b282518d6ed81826833d77c3c882d9ab608add591ccace47a44?s=96&d=mm&r=g","url":"https:\/\/secure.gravatar.com\/avatar\/bab33852abfd8b282518d6ed81826833d77c3c882d9ab608add591ccace47a44?s=96&d=mm&r=g","contentUrl":"https:\/\/secure.gravatar.com\/avatar\/bab33852abfd8b282518d6ed81826833d77c3c882d9ab608add591ccace47a44?s=96&d=mm&r=g","caption":"Kuzeyin Sesi"},"sameAs":["https:\/\/kuzeyinsesi.org"],"url":"https:\/\/kuzeyinsesi.org\/index.php\/author\/guven\/"}]}},"_links":{"self":[{"href":"https:\/\/kuzeyinsesi.org\/index.php\/wp-json\/wp\/v2\/posts\/35999","targetHints":{"allow":["GET"]}}],"collection":[{"href":"https:\/\/kuzeyinsesi.org\/index.php\/wp-json\/wp\/v2\/posts"}],"about":[{"href":"https:\/\/kuzeyinsesi.org\/index.php\/wp-json\/wp\/v2\/types\/post"}],"author":[{"embeddable":true,"href":"https:\/\/kuzeyinsesi.org\/index.php\/wp-json\/wp\/v2\/users\/1"}],"replies":[{"embeddable":true,"href":"https:\/\/kuzeyinsesi.org\/index.php\/wp-json\/wp\/v2\/comments?post=35999"}],"version-history":[{"count":0,"href":"https:\/\/kuzeyinsesi.org\/index.php\/wp-json\/wp\/v2\/posts\/35999\/revisions"}],"wp:featuredmedia":[{"embeddable":true,"href":"https:\/\/kuzeyinsesi.org\/index.php\/wp-json\/wp\/v2\/media\/36000"}],"wp:attachment":[{"href":"https:\/\/kuzeyinsesi.org\/index.php\/wp-json\/wp\/v2\/media?parent=35999"}],"wp:term":[{"taxonomy":"category","embeddable":true,"href":"https:\/\/kuzeyinsesi.org\/index.php\/wp-json\/wp\/v2\/categories?post=35999"},{"taxonomy":"post_tag","embeddable":true,"href":"https:\/\/kuzeyinsesi.org\/index.php\/wp-json\/wp\/v2\/tags?post=35999"}],"curies":[{"name":"wp","href":"https:\/\/api.w.org\/{rel}","templated":true}]}}