{"id":35997,"date":"2026-02-27T14:12:03","date_gmt":"2026-02-27T12:12:03","guid":{"rendered":"https:\/\/kuzeyinsesi.org\/index.php\/2026\/02\/27\/ataser-mare-monte-sozlesmesinde-yeni-duzenleme-yapildi\/"},"modified":"2026-02-27T14:12:03","modified_gmt":"2026-02-27T12:12:03","slug":"ataser-mare-monte-sozlesmesinde-yeni-duzenleme-yapildi","status":"publish","type":"post","link":"https:\/\/kuzeyinsesi.org\/index.php\/2026\/02\/27\/ataser-mare-monte-sozlesmesinde-yeni-duzenleme-yapildi\/","title":{"rendered":"Ataser: Mare Monte S\u00f6zle\u015fmesinde Yeni D\u00fczenleme Yap\u0131ld\u0131"},"content":{"rendered":"<p>LA\u00c7 Belediye Ba\u015fkan\u0131 F\u0131rat Ataser, Mare Monte s\u00f6zle\u015fmesinde Bakanlar Kurulu karar\u0131yla d\u00fczenlemeye gidildi\u011fini a\u00e7\u0131klad\u0131. Plaj ve baz\u0131 alanlar\u0131n s\u00f6zle\u015fme kapsam\u0131ndan \u00e7\u0131kar\u0131ld\u0131\u011f\u0131 belirtildi.<\/p>\n<p>F\u0131rat Ataser, ger\u00e7ekle\u015ftirdi\u011fi canl\u0131 yay\u0131nda Mare Monte ile ilgili y\u00fcr\u00fct\u00fclen s\u00fcrece dair \u00f6nemli a\u00e7\u0131klamalarda bulundu.<\/p>\n<p>Ataser, Alsancak Belediyesi d\u00f6neminde ba\u015flat\u0131lan m\u00fccadelenin \u00f6nemli bir a\u015famaya geldi\u011fini belirterek, ge\u00e7ti\u011fimiz hafta al\u0131nan Bakanlar Kurulu karar\u0131yla Mare Monte s\u00f6zle\u015fmesinde yeni bir d\u00fczenlemeye gidildi\u011fini a\u00e7\u0131klad\u0131.<\/p>\n<p>Al\u0131nan karar do\u011frultusunda; eski Mare Monte Restoran\u0131\u2019n\u0131n bulundu\u011fu alan, otel b\u00f6lgesi, plaj, bungalovlar\u0131n yer ald\u0131\u011f\u0131 k\u0131s\u0131m ve Krali\u00e7e Havuzlar\u0131 b\u00f6lgesinin s\u00f6zle\u015fme kapsam\u0131ndan \u00e7\u0131kar\u0131ld\u0131\u011f\u0131 ifade edildi.<\/p>\n<p>Net Holding\u2019e b\u0131rak\u0131lan alan\u0131n ise Mare Monte\u2019nin alt k\u0131sm\u0131 ile Krali\u00e7e Havuzlar\u0131 yoluna kadar olan b\u00f6l\u00fcm ve Royal k\u0131sm\u0131n\u0131n \u00fcst taraf\u0131 oldu\u011fu belirtildi.<\/p>\n<h2>BELED\u0130YE K\u0130RALAMAYA HAZIR<\/h2>\n<p>Ataser, belediye taraf\u0131ndan kullan\u0131lmakta olan plaj\u0131n yan\u0131 s\u0131ra s\u00f6zle\u015fmeden \u00e7\u0131kar\u0131lan di\u011fer alanlar\u0131n da belediyeye kiralanmas\u0131 i\u00e7in Vak\u0131flar \u0130daresi\u2019ne yaz\u0131l\u0131 talepte bulunduklar\u0131n\u0131 a\u00e7\u0131klad\u0131.<\/p>\n<p>\u201cMakul bir kira bedeliyle buray\u0131 devralmaya haz\u0131r\u0131z\u201d diyen Ataser, s\u00fcrecin kavga ve g\u00fcr\u00fclt\u00fcden uzak, iki taraf\u0131n da kazanaca\u011f\u0131 bir anlay\u0131\u015fla y\u00fcr\u00fct\u00fclmesi gerekti\u011fini vurgulad\u0131.<\/p>\n<h2>\u201cNEW MARE MONTE\u201d HEDEF\u0130<\/h2>\n<p>Ba\u015fkan Ataser, hedeflerinin eski Mare Monte\u2019yi do\u011faya zarar vermeden, yap\u0131n\u0131n ruhunu koruyarak yeniden b\u00f6lgeye kazand\u0131rmak oldu\u011funu belirtti.<\/p>\n<p>\u201cEski Mare Monte\u2019yi \u2018New Mare Monte\u2019 olarak yeniden aya\u011fa kald\u0131raca\u011f\u0131z\u201d ifadelerini kullanan Ataser, s\u00fcrecin isti\u015fare ve kararl\u0131l\u0131kla tamamlanaca\u011f\u0131n\u0131 s\u00f6yledi.<\/p>\n<p>Ataser: Mare Monte S\u00f6zle\u015fmesinde Yeni D\u00fczenleme Yap\u0131ld\u0131 yaz\u0131s\u0131 ilk \u00f6nce K\u0131br\u0131s Hakikat \u00fczerinde ortaya \u00e7\u0131kt\u0131.<\/p>\n","protected":false},"excerpt":{"rendered":"<p>LA\u00c7 Belediye Ba\u015fkan\u0131 F\u0131rat Ataser, Mare Monte s\u00f6zle\u015fmesinde Bakanlar Kurulu karar\u0131yla d\u00fczenlemeye gidildi\u011fini a\u00e7\u0131klad\u0131. Plaj ve baz\u0131 alanlar\u0131n s\u00f6zle\u015fme kapsam\u0131ndan \u00e7\u0131kar\u0131ld\u0131\u011f\u0131 belirtildi. F\u0131rat Ataser, ger\u00e7ekle\u015ftirdi\u011fi canl\u0131 yay\u0131nda Mare Monte ile ilgili y\u00fcr\u00fct\u00fclen s\u00fcrece dair \u00f6nemli a\u00e7\u0131klamalarda bulundu. Ataser, Alsancak Belediyesi d\u00f6neminde ba\u015flat\u0131lan m\u00fccadelenin \u00f6nemli bir a\u015famaya geldi\u011fini belirterek, ge\u00e7ti\u011fimiz hafta al\u0131nan Bakanlar Kurulu karar\u0131yla Mare [&hellip;]<\/p>\n","protected":false},"author":1,"featured_media":35998,"comment_status":"open","ping_status":"open","sticky":false,"template":"","format":"standard","meta":{"jnews-multi-image_gallery":[],"jnews_single_post":[],"jnews_primary_category":[],"jnews_social_meta":[],"jnews_override_counter":[],"footnotes":""},"categories":[1],"tags":[],"class_list":["post-35997","post","type-post","status-publish","format-standard","has-post-thumbnail","hentry","category-kibris"],"yoast_head":"<!-- This site is optimized with the Yoast SEO plugin v27.5 - https:\/\/yoast.com\/product\/yoast-seo-wordpress\/ -->\n<title>Ataser: Mare Monte S\u00f6zle\u015fmesinde Yeni D\u00fczenleme Yap\u0131ld\u0131 - Kuzeyin Sesi<\/title>\n<meta name=\"robots\" content=\"index, follow, max-snippet:-1, max-image-preview:large, max-video-preview:-1\" \/>\n<link rel=\"canonical\" href=\"https:\/\/kuzeyinsesi.org\/index.php\/2026\/02\/27\/ataser-mare-monte-sozlesmesinde-yeni-duzenleme-yapildi\/\" \/>\n<meta property=\"og:locale\" content=\"tr_TR\" \/>\n<meta property=\"og:type\" content=\"article\" \/>\n<meta property=\"og:title\" content=\"Ataser: Mare Monte S\u00f6zle\u015fmesinde Yeni D\u00fczenleme Yap\u0131ld\u0131 - Kuzeyin Sesi\" \/>\n<meta property=\"og:description\" content=\"LA\u00c7 Belediye Ba\u015fkan\u0131 F\u0131rat Ataser, Mare Monte s\u00f6zle\u015fmesinde Bakanlar Kurulu karar\u0131yla d\u00fczenlemeye gidildi\u011fini a\u00e7\u0131klad\u0131. Plaj ve baz\u0131 alanlar\u0131n s\u00f6zle\u015fme kapsam\u0131ndan \u00e7\u0131kar\u0131ld\u0131\u011f\u0131 belirtildi. F\u0131rat Ataser, ger\u00e7ekle\u015ftirdi\u011fi canl\u0131 yay\u0131nda Mare Monte ile ilgili y\u00fcr\u00fct\u00fclen s\u00fcrece dair \u00f6nemli a\u00e7\u0131klamalarda bulundu. Ataser, Alsancak Belediyesi d\u00f6neminde ba\u015flat\u0131lan m\u00fccadelenin \u00f6nemli bir a\u015famaya geldi\u011fini belirterek, ge\u00e7ti\u011fimiz hafta al\u0131nan Bakanlar Kurulu karar\u0131yla Mare [&hellip;]\" \/>\n<meta property=\"og:url\" content=\"https:\/\/kuzeyinsesi.org\/index.php\/2026\/02\/27\/ataser-mare-monte-sozlesmesinde-yeni-duzenleme-yapildi\/\" \/>\n<meta property=\"og:site_name\" content=\"Kuzeyin Sesi\" \/>\n<meta property=\"article:publisher\" content=\"https:\/\/www.facebook.com\/kuzeyinsesii\" \/>\n<meta property=\"article:published_time\" content=\"2026-02-27T12:12:03+00:00\" \/>\n<meta name=\"author\" content=\"Kuzeyin Sesi\" \/>\n<meta name=\"twitter:card\" content=\"summary_large_image\" \/>\n<meta name=\"twitter:creator\" content=\"@kuzeyinsesii\" \/>\n<meta name=\"twitter:site\" content=\"@kuzeyinsesii\" \/>\n<meta name=\"twitter:label1\" content=\"Yazan:\" \/>\n\t<meta name=\"twitter:data1\" content=\"Kuzeyin Sesi\" \/>\n\t<meta name=\"twitter:label2\" content=\"Tahmini okuma s\u00fcresi\" \/>\n\t<meta name=\"twitter:data2\" content=\"2 dakika\" \/>\n<script type=\"application\/ld+json\" class=\"yoast-schema-graph\">{\"@context\":\"https:\\\/\\\/schema.org\",\"@graph\":[{\"@type\":\"Article\",\"@id\":\"https:\\\/\\\/kuzeyinsesi.org\\\/index.php\\\/2026\\\/02\\\/27\\\/ataser-mare-monte-sozlesmesinde-yeni-duzenleme-yapildi\\\/#article\",\"isPartOf\":{\"@id\":\"https:\\\/\\\/kuzeyinsesi.org\\\/index.php\\\/2026\\\/02\\\/27\\\/ataser-mare-monte-sozlesmesinde-yeni-duzenleme-yapildi\\\/\"},\"author\":{\"name\":\"Kuzeyin Sesi\",\"@id\":\"https:\\\/\\\/kuzeyinsesi.org\\\/#\\\/schema\\\/person\\\/9f859689cdf01485597712386e37f5aa\"},\"headline\":\"Ataser: Mare Monte S\u00f6zle\u015fmesinde Yeni D\u00fczenleme Yap\u0131ld\u0131\",\"datePublished\":\"2026-02-27T12:12:03+00:00\",\"mainEntityOfPage\":{\"@id\":\"https:\\\/\\\/kuzeyinsesi.org\\\/index.php\\\/2026\\\/02\\\/27\\\/ataser-mare-monte-sozlesmesinde-yeni-duzenleme-yapildi\\\/\"},\"wordCount\":344,\"commentCount\":0,\"image\":{\"@id\":\"https:\\\/\\\/kuzeyinsesi.org\\\/index.php\\\/2026\\\/02\\\/27\\\/ataser-mare-monte-sozlesmesinde-yeni-duzenleme-yapildi\\\/#primaryimage\"},\"thumbnailUrl\":\"https:\\\/\\\/kuzeyinsesi.org\\\/wp-content\\\/uploads\\\/2026\\\/02\\\/IMG_7727.webp.webp\",\"articleSection\":[\"K\u0131br\u0131s\"],\"inLanguage\":\"tr\",\"potentialAction\":[{\"@type\":\"CommentAction\",\"name\":\"Comment\",\"target\":[\"https:\\\/\\\/kuzeyinsesi.org\\\/index.php\\\/2026\\\/02\\\/27\\\/ataser-mare-monte-sozlesmesinde-yeni-duzenleme-yapildi\\\/#respond\"]}]},{\"@type\":\"WebPage\",\"@id\":\"https:\\\/\\\/kuzeyinsesi.org\\\/index.php\\\/2026\\\/02\\\/27\\\/ataser-mare-monte-sozlesmesinde-yeni-duzenleme-yapildi\\\/\",\"url\":\"https:\\\/\\\/kuzeyinsesi.org\\\/index.php\\\/2026\\\/02\\\/27\\\/ataser-mare-monte-sozlesmesinde-yeni-duzenleme-yapildi\\\/\",\"name\":\"Ataser: Mare Monte S\u00f6zle\u015fmesinde Yeni D\u00fczenleme Yap\u0131ld\u0131 - Kuzeyin Sesi\",\"isPartOf\":{\"@id\":\"https:\\\/\\\/kuzeyinsesi.org\\\/#website\"},\"primaryImageOfPage\":{\"@id\":\"https:\\\/\\\/kuzeyinsesi.org\\\/index.php\\\/2026\\\/02\\\/27\\\/ataser-mare-monte-sozlesmesinde-yeni-duzenleme-yapildi\\\/#primaryimage\"},\"image\":{\"@id\":\"https:\\\/\\\/kuzeyinsesi.org\\\/index.php\\\/2026\\\/02\\\/27\\\/ataser-mare-monte-sozlesmesinde-yeni-duzenleme-yapildi\\\/#primaryimage\"},\"thumbnailUrl\":\"https:\\\/\\\/kuzeyinsesi.org\\\/wp-content\\\/uploads\\\/2026\\\/02\\\/IMG_7727.webp.webp\",\"datePublished\":\"2026-02-27T12:12:03+00:00\",\"author\":{\"@id\":\"https:\\\/\\\/kuzeyinsesi.org\\\/#\\\/schema\\\/person\\\/9f859689cdf01485597712386e37f5aa\"},\"breadcrumb\":{\"@id\":\"https:\\\/\\\/kuzeyinsesi.org\\\/index.php\\\/2026\\\/02\\\/27\\\/ataser-mare-monte-sozlesmesinde-yeni-duzenleme-yapildi\\\/#breadcrumb\"},\"inLanguage\":\"tr\",\"potentialAction\":[{\"@type\":\"ReadAction\",\"target\":[\"https:\\\/\\\/kuzeyinsesi.org\\\/index.php\\\/2026\\\/02\\\/27\\\/ataser-mare-monte-sozlesmesinde-yeni-duzenleme-yapildi\\\/\"]}]},{\"@type\":\"ImageObject\",\"inLanguage\":\"tr\",\"@id\":\"https:\\\/\\\/kuzeyinsesi.org\\\/index.php\\\/2026\\\/02\\\/27\\\/ataser-mare-monte-sozlesmesinde-yeni-duzenleme-yapildi\\\/#primaryimage\",\"url\":\"https:\\\/\\\/kuzeyinsesi.org\\\/wp-content\\\/uploads\\\/2026\\\/02\\\/IMG_7727.webp.webp\",\"contentUrl\":\"https:\\\/\\\/kuzeyinsesi.org\\\/wp-content\\\/uploads\\\/2026\\\/02\\\/IMG_7727.webp.webp\",\"width\":1280,\"height\":720},{\"@type\":\"BreadcrumbList\",\"@id\":\"https:\\\/\\\/kuzeyinsesi.org\\\/index.php\\\/2026\\\/02\\\/27\\\/ataser-mare-monte-sozlesmesinde-yeni-duzenleme-yapildi\\\/#breadcrumb\",\"itemListElement\":[{\"@type\":\"ListItem\",\"position\":1,\"name\":\"Anasayfa\",\"item\":\"https:\\\/\\\/kuzeyinsesi.org\\\/\"},{\"@type\":\"ListItem\",\"position\":2,\"name\":\"Ataser: Mare Monte S\u00f6zle\u015fmesinde Yeni D\u00fczenleme Yap\u0131ld\u0131\"}]},{\"@type\":\"WebSite\",\"@id\":\"https:\\\/\\\/kuzeyinsesi.org\\\/#website\",\"url\":\"https:\\\/\\\/kuzeyinsesi.org\\\/\",\"name\":\"Kuzeyin Sesi\",\"description\":\"Do\u011fru Haberin Adresi\",\"potentialAction\":[{\"@type\":\"SearchAction\",\"target\":{\"@type\":\"EntryPoint\",\"urlTemplate\":\"https:\\\/\\\/kuzeyinsesi.org\\\/?s={search_term_string}\"},\"query-input\":{\"@type\":\"PropertyValueSpecification\",\"valueRequired\":true,\"valueName\":\"search_term_string\"}}],\"inLanguage\":\"tr\"},{\"@type\":\"Person\",\"@id\":\"https:\\\/\\\/kuzeyinsesi.org\\\/#\\\/schema\\\/person\\\/9f859689cdf01485597712386e37f5aa\",\"name\":\"Kuzeyin Sesi\",\"image\":{\"@type\":\"ImageObject\",\"inLanguage\":\"tr\",\"@id\":\"https:\\\/\\\/secure.gravatar.com\\\/avatar\\\/bab33852abfd8b282518d6ed81826833d77c3c882d9ab608add591ccace47a44?s=96&d=mm&r=g\",\"url\":\"https:\\\/\\\/secure.gravatar.com\\\/avatar\\\/bab33852abfd8b282518d6ed81826833d77c3c882d9ab608add591ccace47a44?s=96&d=mm&r=g\",\"contentUrl\":\"https:\\\/\\\/secure.gravatar.com\\\/avatar\\\/bab33852abfd8b282518d6ed81826833d77c3c882d9ab608add591ccace47a44?s=96&d=mm&r=g\",\"caption\":\"Kuzeyin Sesi\"},\"sameAs\":[\"https:\\\/\\\/kuzeyinsesi.org\"],\"url\":\"https:\\\/\\\/kuzeyinsesi.org\\\/index.php\\\/author\\\/guven\\\/\"}]}<\/script>\n<!-- \/ Yoast SEO plugin. -->","yoast_head_json":{"title":"Ataser: Mare Monte S\u00f6zle\u015fmesinde Yeni D\u00fczenleme Yap\u0131ld\u0131 - Kuzeyin Sesi","robots":{"index":"index","follow":"follow","max-snippet":"max-snippet:-1","max-image-preview":"max-image-preview:large","max-video-preview":"max-video-preview:-1"},"canonical":"https:\/\/kuzeyinsesi.org\/index.php\/2026\/02\/27\/ataser-mare-monte-sozlesmesinde-yeni-duzenleme-yapildi\/","og_locale":"tr_TR","og_type":"article","og_title":"Ataser: Mare Monte S\u00f6zle\u015fmesinde Yeni D\u00fczenleme Yap\u0131ld\u0131 - Kuzeyin Sesi","og_description":"LA\u00c7 Belediye Ba\u015fkan\u0131 F\u0131rat Ataser, Mare Monte s\u00f6zle\u015fmesinde Bakanlar Kurulu karar\u0131yla d\u00fczenlemeye gidildi\u011fini a\u00e7\u0131klad\u0131. Plaj ve baz\u0131 alanlar\u0131n s\u00f6zle\u015fme kapsam\u0131ndan \u00e7\u0131kar\u0131ld\u0131\u011f\u0131 belirtildi. F\u0131rat Ataser, ger\u00e7ekle\u015ftirdi\u011fi canl\u0131 yay\u0131nda Mare Monte ile ilgili y\u00fcr\u00fct\u00fclen s\u00fcrece dair \u00f6nemli a\u00e7\u0131klamalarda bulundu. Ataser, Alsancak Belediyesi d\u00f6neminde ba\u015flat\u0131lan m\u00fccadelenin \u00f6nemli bir a\u015famaya geldi\u011fini belirterek, ge\u00e7ti\u011fimiz hafta al\u0131nan Bakanlar Kurulu karar\u0131yla Mare [&hellip;]","og_url":"https:\/\/kuzeyinsesi.org\/index.php\/2026\/02\/27\/ataser-mare-monte-sozlesmesinde-yeni-duzenleme-yapildi\/","og_site_name":"Kuzeyin Sesi","article_publisher":"https:\/\/www.facebook.com\/kuzeyinsesii","article_published_time":"2026-02-27T12:12:03+00:00","author":"Kuzeyin Sesi","twitter_card":"summary_large_image","twitter_creator":"@kuzeyinsesii","twitter_site":"@kuzeyinsesii","twitter_misc":{"Yazan:":"Kuzeyin Sesi","Tahmini okuma s\u00fcresi":"2 dakika"},"schema":{"@context":"https:\/\/schema.org","@graph":[{"@type":"Article","@id":"https:\/\/kuzeyinsesi.org\/index.php\/2026\/02\/27\/ataser-mare-monte-sozlesmesinde-yeni-duzenleme-yapildi\/#article","isPartOf":{"@id":"https:\/\/kuzeyinsesi.org\/index.php\/2026\/02\/27\/ataser-mare-monte-sozlesmesinde-yeni-duzenleme-yapildi\/"},"author":{"name":"Kuzeyin Sesi","@id":"https:\/\/kuzeyinsesi.org\/#\/schema\/person\/9f859689cdf01485597712386e37f5aa"},"headline":"Ataser: Mare Monte S\u00f6zle\u015fmesinde Yeni D\u00fczenleme Yap\u0131ld\u0131","datePublished":"2026-02-27T12:12:03+00:00","mainEntityOfPage":{"@id":"https:\/\/kuzeyinsesi.org\/index.php\/2026\/02\/27\/ataser-mare-monte-sozlesmesinde-yeni-duzenleme-yapildi\/"},"wordCount":344,"commentCount":0,"image":{"@id":"https:\/\/kuzeyinsesi.org\/index.php\/2026\/02\/27\/ataser-mare-monte-sozlesmesinde-yeni-duzenleme-yapildi\/#primaryimage"},"thumbnailUrl":"https:\/\/kuzeyinsesi.org\/wp-content\/uploads\/2026\/02\/IMG_7727.webp.webp","articleSection":["K\u0131br\u0131s"],"inLanguage":"tr","potentialAction":[{"@type":"CommentAction","name":"Comment","target":["https:\/\/kuzeyinsesi.org\/index.php\/2026\/02\/27\/ataser-mare-monte-sozlesmesinde-yeni-duzenleme-yapildi\/#respond"]}]},{"@type":"WebPage","@id":"https:\/\/kuzeyinsesi.org\/index.php\/2026\/02\/27\/ataser-mare-monte-sozlesmesinde-yeni-duzenleme-yapildi\/","url":"https:\/\/kuzeyinsesi.org\/index.php\/2026\/02\/27\/ataser-mare-monte-sozlesmesinde-yeni-duzenleme-yapildi\/","name":"Ataser: Mare Monte S\u00f6zle\u015fmesinde Yeni D\u00fczenleme Yap\u0131ld\u0131 - Kuzeyin Sesi","isPartOf":{"@id":"https:\/\/kuzeyinsesi.org\/#website"},"primaryImageOfPage":{"@id":"https:\/\/kuzeyinsesi.org\/index.php\/2026\/02\/27\/ataser-mare-monte-sozlesmesinde-yeni-duzenleme-yapildi\/#primaryimage"},"image":{"@id":"https:\/\/kuzeyinsesi.org\/index.php\/2026\/02\/27\/ataser-mare-monte-sozlesmesinde-yeni-duzenleme-yapildi\/#primaryimage"},"thumbnailUrl":"https:\/\/kuzeyinsesi.org\/wp-content\/uploads\/2026\/02\/IMG_7727.webp.webp","datePublished":"2026-02-27T12:12:03+00:00","author":{"@id":"https:\/\/kuzeyinsesi.org\/#\/schema\/person\/9f859689cdf01485597712386e37f5aa"},"breadcrumb":{"@id":"https:\/\/kuzeyinsesi.org\/index.php\/2026\/02\/27\/ataser-mare-monte-sozlesmesinde-yeni-duzenleme-yapildi\/#breadcrumb"},"inLanguage":"tr","potentialAction":[{"@type":"ReadAction","target":["https:\/\/kuzeyinsesi.org\/index.php\/2026\/02\/27\/ataser-mare-monte-sozlesmesinde-yeni-duzenleme-yapildi\/"]}]},{"@type":"ImageObject","inLanguage":"tr","@id":"https:\/\/kuzeyinsesi.org\/index.php\/2026\/02\/27\/ataser-mare-monte-sozlesmesinde-yeni-duzenleme-yapildi\/#primaryimage","url":"https:\/\/kuzeyinsesi.org\/wp-content\/uploads\/2026\/02\/IMG_7727.webp.webp","contentUrl":"https:\/\/kuzeyinsesi.org\/wp-content\/uploads\/2026\/02\/IMG_7727.webp.webp","width":1280,"height":720},{"@type":"BreadcrumbList","@id":"https:\/\/kuzeyinsesi.org\/index.php\/2026\/02\/27\/ataser-mare-monte-sozlesmesinde-yeni-duzenleme-yapildi\/#breadcrumb","itemListElement":[{"@type":"ListItem","position":1,"name":"Anasayfa","item":"https:\/\/kuzeyinsesi.org\/"},{"@type":"ListItem","position":2,"name":"Ataser: Mare Monte S\u00f6zle\u015fmesinde Yeni D\u00fczenleme Yap\u0131ld\u0131"}]},{"@type":"WebSite","@id":"https:\/\/kuzeyinsesi.org\/#website","url":"https:\/\/kuzeyinsesi.org\/","name":"Kuzeyin Sesi","description":"Do\u011fru Haberin Adresi","potentialAction":[{"@type":"SearchAction","target":{"@type":"EntryPoint","urlTemplate":"https:\/\/kuzeyinsesi.org\/?s={search_term_string}"},"query-input":{"@type":"PropertyValueSpecification","valueRequired":true,"valueName":"search_term_string"}}],"inLanguage":"tr"},{"@type":"Person","@id":"https:\/\/kuzeyinsesi.org\/#\/schema\/person\/9f859689cdf01485597712386e37f5aa","name":"Kuzeyin Sesi","image":{"@type":"ImageObject","inLanguage":"tr","@id":"https:\/\/secure.gravatar.com\/avatar\/bab33852abfd8b282518d6ed81826833d77c3c882d9ab608add591ccace47a44?s=96&d=mm&r=g","url":"https:\/\/secure.gravatar.com\/avatar\/bab33852abfd8b282518d6ed81826833d77c3c882d9ab608add591ccace47a44?s=96&d=mm&r=g","contentUrl":"https:\/\/secure.gravatar.com\/avatar\/bab33852abfd8b282518d6ed81826833d77c3c882d9ab608add591ccace47a44?s=96&d=mm&r=g","caption":"Kuzeyin Sesi"},"sameAs":["https:\/\/kuzeyinsesi.org"],"url":"https:\/\/kuzeyinsesi.org\/index.php\/author\/guven\/"}]}},"_links":{"self":[{"href":"https:\/\/kuzeyinsesi.org\/index.php\/wp-json\/wp\/v2\/posts\/35997","targetHints":{"allow":["GET"]}}],"collection":[{"href":"https:\/\/kuzeyinsesi.org\/index.php\/wp-json\/wp\/v2\/posts"}],"about":[{"href":"https:\/\/kuzeyinsesi.org\/index.php\/wp-json\/wp\/v2\/types\/post"}],"author":[{"embeddable":true,"href":"https:\/\/kuzeyinsesi.org\/index.php\/wp-json\/wp\/v2\/users\/1"}],"replies":[{"embeddable":true,"href":"https:\/\/kuzeyinsesi.org\/index.php\/wp-json\/wp\/v2\/comments?post=35997"}],"version-history":[{"count":0,"href":"https:\/\/kuzeyinsesi.org\/index.php\/wp-json\/wp\/v2\/posts\/35997\/revisions"}],"wp:featuredmedia":[{"embeddable":true,"href":"https:\/\/kuzeyinsesi.org\/index.php\/wp-json\/wp\/v2\/media\/35998"}],"wp:attachment":[{"href":"https:\/\/kuzeyinsesi.org\/index.php\/wp-json\/wp\/v2\/media?parent=35997"}],"wp:term":[{"taxonomy":"category","embeddable":true,"href":"https:\/\/kuzeyinsesi.org\/index.php\/wp-json\/wp\/v2\/categories?post=35997"},{"taxonomy":"post_tag","embeddable":true,"href":"https:\/\/kuzeyinsesi.org\/index.php\/wp-json\/wp\/v2\/tags?post=35997"}],"curies":[{"name":"wp","href":"https:\/\/api.w.org\/{rel}","templated":true}]}}