{"id":35995,"date":"2026-02-27T13:52:51","date_gmt":"2026-02-27T11:52:51","guid":{"rendered":"https:\/\/kuzeyinsesi.org\/index.php\/2026\/02\/27\/icisleri-bakanligindan-goc-yonetimi-personeline-takdir-belgesi\/"},"modified":"2026-02-27T13:52:51","modified_gmt":"2026-02-27T11:52:51","slug":"icisleri-bakanligindan-goc-yonetimi-personeline-takdir-belgesi","status":"publish","type":"post","link":"https:\/\/kuzeyinsesi.org\/index.php\/2026\/02\/27\/icisleri-bakanligindan-goc-yonetimi-personeline-takdir-belgesi\/","title":{"rendered":"\u0130\u00e7i\u015fleri Bakanl\u0131\u011f\u0131\u2019ndan G\u00f6\u00e7 Y\u00f6netimi Personeline Takdir Belgesi"},"content":{"rendered":"<h2 class=\"lead text-lg-start text-dark my-2 description\">\u0130\u00e7i\u015fleri Bakan\u0131 Dursun O\u011fuz, G\u00f6\u00e7 Y\u00f6netim Merkezi ile koordineli \u00e7al\u0131\u015fan kaymakaml\u0131k personeline takdir belgeleri verdi. O\u011fuz, g\u00f6\u00e7 y\u00f6netiminin kamu d\u00fczeni ve g\u00fcvenli\u011fin \u00f6nemli bir par\u00e7as\u0131 oldu\u011funu vurgulad\u0131.<\/h2>\n<p>Dursun O\u011fuz ba\u015fkanl\u0131\u011f\u0131nda d\u00fczenlenen t\u00f6rende, G\u00f6\u00e7 Y\u00f6netim Merkezi ile koordineli \u015fekilde g\u00f6rev yapan il\u00e7e kaymakaml\u0131klar\u0131na ba\u011fl\u0131 personellere takdir belgeleri verildi.<\/p>\n<p>Bakanl\u0131k taraf\u0131ndan ger\u00e7ekle\u015ftirilen t\u00f6rende konu\u015fan O\u011fuz, g\u00f6\u00e7 y\u00f6netiminin yaln\u0131zca idari bir s\u00fcre\u00e7 olmad\u0131\u011f\u0131n\u0131; kamu d\u00fczeni, g\u00fcvenlik ve insan odakl\u0131 hizmet anlay\u0131\u015f\u0131n\u0131n ayr\u0131lmaz bir par\u00e7as\u0131 oldu\u011funu ifade etti.<\/p>\n<h2>SAHADA ETK\u0130N DENET\u0130M<\/h2>\n<p>Mobil denetim ara\u00e7lar\u0131nda aktif g\u00f6rev yapan ve 6 il\u00e7eye ba\u011fl\u0131 kaymakaml\u0131k m\u00fcfetti\u015fleri taraf\u0131ndan y\u00fcr\u00fct\u00fclen denetimlerin sahadaki etkinli\u011fi art\u0131rd\u0131\u011f\u0131na dikkat \u00e7ekildi. Bu kapsamda g\u00f6rev yapan m\u00fcfetti\u015flere takdir belgeleri takdim edildi.<\/p>\n<p>O\u011fuz, artan i\u015f y\u00fck\u00fcne ra\u011fmen mevzuata uygun, h\u0131zl\u0131 ve \u00e7\u00f6z\u00fcm odakl\u0131 hizmet sunan personelin sorumluluk bilincinin takdire \u015fayan oldu\u011funu belirtti.<\/p>\n<h2>G\u00dc\u00c7L\u00dc KOORD\u0130NASYON VURGUSU<\/h2>\n<p>T\u00f6rene \u0130\u00e7i\u015fleri M\u00fcste\u015far\u0131 Suat Yeldener, Muhaceret Dairesi M\u00fcd\u00fcr\u00fc Erkan Ba\u015fta\u015f, Bakanl\u0131k M\u00fcd\u00fcr\u00fc Mehmet Ercilasun, Girne Kaymakam\u0131 Zerin G\u00fcrler ve G\u00f6\u00e7 Y\u00f6netim Merkezi yetkilileri kat\u0131ld\u0131.<\/p>\n<p>Bakan O\u011fuz, G\u00f6\u00e7 Y\u00f6netim Merkezi ile kaymakaml\u0131klar aras\u0131ndaki g\u00fc\u00e7l\u00fc koordinasyonun kurumsal kapasiteyi g\u00fc\u00e7lendirdi\u011fini ve vatanda\u015f memnuniyetini art\u0131rd\u0131\u011f\u0131n\u0131 vurgulad\u0131.<\/p>\n<h2>\u201cS\u00dcRD\u00dcR\u00dcLEB\u0130L\u0130R G\u00d6\u00c7 Y\u00d6NET\u0130M\u0130 HEDEF\u0130\u201d<\/h2>\n<p>Takdir belgelerinin, kamu hizmetinde fedak\u00e2rca g\u00f6rev yapan personel i\u00e7in moral ve motivasyon kayna\u011f\u0131 oldu\u011funu kaydeden O\u011fuz, \u0130\u00e7i\u015fleri Bakanl\u0131\u011f\u0131\u2019n\u0131n etkin, planl\u0131 ve s\u00fcrd\u00fcr\u00fclebilir g\u00f6\u00e7 y\u00f6netimi hedefi do\u011frultusunda \u00e7al\u0131\u015fmalar\u0131n\u0131 kararl\u0131l\u0131kla s\u00fcrd\u00fcrece\u011fini ifade etti.<\/p>\n<p>\u0130\u00e7i\u015fleri Bakanl\u0131\u011f\u0131\u2019ndan G\u00f6\u00e7 Y\u00f6netimi Personeline Takdir Belgesi yaz\u0131s\u0131 ilk \u00f6nce K\u0131br\u0131s Hakikat \u00fczerinde ortaya \u00e7\u0131kt\u0131.<\/p>\n","protected":false},"excerpt":{"rendered":"<p>\u0130\u00e7i\u015fleri Bakan\u0131 Dursun O\u011fuz, G\u00f6\u00e7 Y\u00f6netim Merkezi ile koordineli \u00e7al\u0131\u015fan kaymakaml\u0131k personeline takdir belgeleri verdi. O\u011fuz, g\u00f6\u00e7 y\u00f6netiminin kamu d\u00fczeni ve g\u00fcvenli\u011fin \u00f6nemli bir par\u00e7as\u0131 oldu\u011funu vurgulad\u0131. Dursun O\u011fuz ba\u015fkanl\u0131\u011f\u0131nda d\u00fczenlenen t\u00f6rende, G\u00f6\u00e7 Y\u00f6netim Merkezi ile koordineli \u015fekilde g\u00f6rev yapan il\u00e7e kaymakaml\u0131klar\u0131na ba\u011fl\u0131 personellere takdir belgeleri verildi. Bakanl\u0131k taraf\u0131ndan ger\u00e7ekle\u015ftirilen t\u00f6rende konu\u015fan O\u011fuz, g\u00f6\u00e7 y\u00f6netiminin [&hellip;]<\/p>\n","protected":false},"author":1,"featured_media":35996,"comment_status":"open","ping_status":"open","sticky":false,"template":"","format":"standard","meta":{"jnews-multi-image_gallery":[],"jnews_single_post":[],"jnews_primary_category":[],"jnews_social_meta":[],"jnews_override_counter":[],"footnotes":""},"categories":[1],"tags":[],"class_list":["post-35995","post","type-post","status-publish","format-standard","has-post-thumbnail","hentry","category-kibris"],"yoast_head":"<!-- This site is optimized with the Yoast SEO plugin v27.5 - https:\/\/yoast.com\/product\/yoast-seo-wordpress\/ -->\n<title>\u0130\u00e7i\u015fleri Bakanl\u0131\u011f\u0131\u2019ndan G\u00f6\u00e7 Y\u00f6netimi Personeline Takdir Belgesi - Kuzeyin Sesi<\/title>\n<meta name=\"robots\" content=\"index, follow, max-snippet:-1, max-image-preview:large, max-video-preview:-1\" \/>\n<link rel=\"canonical\" href=\"https:\/\/kuzeyinsesi.org\/index.php\/2026\/02\/27\/icisleri-bakanligindan-goc-yonetimi-personeline-takdir-belgesi\/\" \/>\n<meta property=\"og:locale\" content=\"tr_TR\" \/>\n<meta property=\"og:type\" content=\"article\" \/>\n<meta property=\"og:title\" content=\"\u0130\u00e7i\u015fleri Bakanl\u0131\u011f\u0131\u2019ndan G\u00f6\u00e7 Y\u00f6netimi Personeline Takdir Belgesi - Kuzeyin Sesi\" \/>\n<meta property=\"og:description\" content=\"\u0130\u00e7i\u015fleri Bakan\u0131 Dursun O\u011fuz, G\u00f6\u00e7 Y\u00f6netim Merkezi ile koordineli \u00e7al\u0131\u015fan kaymakaml\u0131k personeline takdir belgeleri verdi. O\u011fuz, g\u00f6\u00e7 y\u00f6netiminin kamu d\u00fczeni ve g\u00fcvenli\u011fin \u00f6nemli bir par\u00e7as\u0131 oldu\u011funu vurgulad\u0131. Dursun O\u011fuz ba\u015fkanl\u0131\u011f\u0131nda d\u00fczenlenen t\u00f6rende, G\u00f6\u00e7 Y\u00f6netim Merkezi ile koordineli \u015fekilde g\u00f6rev yapan il\u00e7e kaymakaml\u0131klar\u0131na ba\u011fl\u0131 personellere takdir belgeleri verildi. Bakanl\u0131k taraf\u0131ndan ger\u00e7ekle\u015ftirilen t\u00f6rende konu\u015fan O\u011fuz, g\u00f6\u00e7 y\u00f6netiminin [&hellip;]\" \/>\n<meta property=\"og:url\" content=\"https:\/\/kuzeyinsesi.org\/index.php\/2026\/02\/27\/icisleri-bakanligindan-goc-yonetimi-personeline-takdir-belgesi\/\" \/>\n<meta property=\"og:site_name\" content=\"Kuzeyin Sesi\" \/>\n<meta property=\"article:publisher\" content=\"https:\/\/www.facebook.com\/kuzeyinsesii\" \/>\n<meta property=\"article:published_time\" content=\"2026-02-27T11:52:51+00:00\" \/>\n<meta name=\"author\" content=\"Kuzeyin Sesi\" \/>\n<meta name=\"twitter:card\" content=\"summary_large_image\" \/>\n<meta name=\"twitter:creator\" content=\"@kuzeyinsesii\" \/>\n<meta name=\"twitter:site\" content=\"@kuzeyinsesii\" \/>\n<meta name=\"twitter:label1\" content=\"Yazan:\" \/>\n\t<meta name=\"twitter:data1\" content=\"Kuzeyin Sesi\" \/>\n\t<meta name=\"twitter:label2\" content=\"Tahmini okuma s\u00fcresi\" \/>\n\t<meta name=\"twitter:data2\" content=\"2 dakika\" \/>\n<script type=\"application\/ld+json\" class=\"yoast-schema-graph\">{\"@context\":\"https:\\\/\\\/schema.org\",\"@graph\":[{\"@type\":\"Article\",\"@id\":\"https:\\\/\\\/kuzeyinsesi.org\\\/index.php\\\/2026\\\/02\\\/27\\\/icisleri-bakanligindan-goc-yonetimi-personeline-takdir-belgesi\\\/#article\",\"isPartOf\":{\"@id\":\"https:\\\/\\\/kuzeyinsesi.org\\\/index.php\\\/2026\\\/02\\\/27\\\/icisleri-bakanligindan-goc-yonetimi-personeline-takdir-belgesi\\\/\"},\"author\":{\"name\":\"Kuzeyin Sesi\",\"@id\":\"https:\\\/\\\/kuzeyinsesi.org\\\/#\\\/schema\\\/person\\\/9f859689cdf01485597712386e37f5aa\"},\"headline\":\"\u0130\u00e7i\u015fleri Bakanl\u0131\u011f\u0131\u2019ndan G\u00f6\u00e7 Y\u00f6netimi Personeline Takdir Belgesi\",\"datePublished\":\"2026-02-27T11:52:51+00:00\",\"mainEntityOfPage\":{\"@id\":\"https:\\\/\\\/kuzeyinsesi.org\\\/index.php\\\/2026\\\/02\\\/27\\\/icisleri-bakanligindan-goc-yonetimi-personeline-takdir-belgesi\\\/\"},\"wordCount\":355,\"commentCount\":0,\"image\":{\"@id\":\"https:\\\/\\\/kuzeyinsesi.org\\\/index.php\\\/2026\\\/02\\\/27\\\/icisleri-bakanligindan-goc-yonetimi-personeline-takdir-belgesi\\\/#primaryimage\"},\"thumbnailUrl\":\"https:\\\/\\\/kuzeyinsesi.org\\\/wp-content\\\/uploads\\\/2026\\\/02\\\/IMG_7723.webp.webp\",\"articleSection\":[\"K\u0131br\u0131s\"],\"inLanguage\":\"tr\",\"potentialAction\":[{\"@type\":\"CommentAction\",\"name\":\"Comment\",\"target\":[\"https:\\\/\\\/kuzeyinsesi.org\\\/index.php\\\/2026\\\/02\\\/27\\\/icisleri-bakanligindan-goc-yonetimi-personeline-takdir-belgesi\\\/#respond\"]}]},{\"@type\":\"WebPage\",\"@id\":\"https:\\\/\\\/kuzeyinsesi.org\\\/index.php\\\/2026\\\/02\\\/27\\\/icisleri-bakanligindan-goc-yonetimi-personeline-takdir-belgesi\\\/\",\"url\":\"https:\\\/\\\/kuzeyinsesi.org\\\/index.php\\\/2026\\\/02\\\/27\\\/icisleri-bakanligindan-goc-yonetimi-personeline-takdir-belgesi\\\/\",\"name\":\"\u0130\u00e7i\u015fleri Bakanl\u0131\u011f\u0131\u2019ndan G\u00f6\u00e7 Y\u00f6netimi Personeline Takdir Belgesi - Kuzeyin Sesi\",\"isPartOf\":{\"@id\":\"https:\\\/\\\/kuzeyinsesi.org\\\/#website\"},\"primaryImageOfPage\":{\"@id\":\"https:\\\/\\\/kuzeyinsesi.org\\\/index.php\\\/2026\\\/02\\\/27\\\/icisleri-bakanligindan-goc-yonetimi-personeline-takdir-belgesi\\\/#primaryimage\"},\"image\":{\"@id\":\"https:\\\/\\\/kuzeyinsesi.org\\\/index.php\\\/2026\\\/02\\\/27\\\/icisleri-bakanligindan-goc-yonetimi-personeline-takdir-belgesi\\\/#primaryimage\"},\"thumbnailUrl\":\"https:\\\/\\\/kuzeyinsesi.org\\\/wp-content\\\/uploads\\\/2026\\\/02\\\/IMG_7723.webp.webp\",\"datePublished\":\"2026-02-27T11:52:51+00:00\",\"author\":{\"@id\":\"https:\\\/\\\/kuzeyinsesi.org\\\/#\\\/schema\\\/person\\\/9f859689cdf01485597712386e37f5aa\"},\"breadcrumb\":{\"@id\":\"https:\\\/\\\/kuzeyinsesi.org\\\/index.php\\\/2026\\\/02\\\/27\\\/icisleri-bakanligindan-goc-yonetimi-personeline-takdir-belgesi\\\/#breadcrumb\"},\"inLanguage\":\"tr\",\"potentialAction\":[{\"@type\":\"ReadAction\",\"target\":[\"https:\\\/\\\/kuzeyinsesi.org\\\/index.php\\\/2026\\\/02\\\/27\\\/icisleri-bakanligindan-goc-yonetimi-personeline-takdir-belgesi\\\/\"]}]},{\"@type\":\"ImageObject\",\"inLanguage\":\"tr\",\"@id\":\"https:\\\/\\\/kuzeyinsesi.org\\\/index.php\\\/2026\\\/02\\\/27\\\/icisleri-bakanligindan-goc-yonetimi-personeline-takdir-belgesi\\\/#primaryimage\",\"url\":\"https:\\\/\\\/kuzeyinsesi.org\\\/wp-content\\\/uploads\\\/2026\\\/02\\\/IMG_7723.webp.webp\",\"contentUrl\":\"https:\\\/\\\/kuzeyinsesi.org\\\/wp-content\\\/uploads\\\/2026\\\/02\\\/IMG_7723.webp.webp\",\"width\":1280,\"height\":720},{\"@type\":\"BreadcrumbList\",\"@id\":\"https:\\\/\\\/kuzeyinsesi.org\\\/index.php\\\/2026\\\/02\\\/27\\\/icisleri-bakanligindan-goc-yonetimi-personeline-takdir-belgesi\\\/#breadcrumb\",\"itemListElement\":[{\"@type\":\"ListItem\",\"position\":1,\"name\":\"Anasayfa\",\"item\":\"https:\\\/\\\/kuzeyinsesi.org\\\/\"},{\"@type\":\"ListItem\",\"position\":2,\"name\":\"\u0130\u00e7i\u015fleri Bakanl\u0131\u011f\u0131\u2019ndan G\u00f6\u00e7 Y\u00f6netimi Personeline Takdir Belgesi\"}]},{\"@type\":\"WebSite\",\"@id\":\"https:\\\/\\\/kuzeyinsesi.org\\\/#website\",\"url\":\"https:\\\/\\\/kuzeyinsesi.org\\\/\",\"name\":\"Kuzeyin Sesi\",\"description\":\"Do\u011fru Haberin Adresi\",\"potentialAction\":[{\"@type\":\"SearchAction\",\"target\":{\"@type\":\"EntryPoint\",\"urlTemplate\":\"https:\\\/\\\/kuzeyinsesi.org\\\/?s={search_term_string}\"},\"query-input\":{\"@type\":\"PropertyValueSpecification\",\"valueRequired\":true,\"valueName\":\"search_term_string\"}}],\"inLanguage\":\"tr\"},{\"@type\":\"Person\",\"@id\":\"https:\\\/\\\/kuzeyinsesi.org\\\/#\\\/schema\\\/person\\\/9f859689cdf01485597712386e37f5aa\",\"name\":\"Kuzeyin Sesi\",\"image\":{\"@type\":\"ImageObject\",\"inLanguage\":\"tr\",\"@id\":\"https:\\\/\\\/secure.gravatar.com\\\/avatar\\\/bab33852abfd8b282518d6ed81826833d77c3c882d9ab608add591ccace47a44?s=96&d=mm&r=g\",\"url\":\"https:\\\/\\\/secure.gravatar.com\\\/avatar\\\/bab33852abfd8b282518d6ed81826833d77c3c882d9ab608add591ccace47a44?s=96&d=mm&r=g\",\"contentUrl\":\"https:\\\/\\\/secure.gravatar.com\\\/avatar\\\/bab33852abfd8b282518d6ed81826833d77c3c882d9ab608add591ccace47a44?s=96&d=mm&r=g\",\"caption\":\"Kuzeyin Sesi\"},\"sameAs\":[\"https:\\\/\\\/kuzeyinsesi.org\"],\"url\":\"https:\\\/\\\/kuzeyinsesi.org\\\/index.php\\\/author\\\/guven\\\/\"}]}<\/script>\n<!-- \/ Yoast SEO plugin. -->","yoast_head_json":{"title":"\u0130\u00e7i\u015fleri Bakanl\u0131\u011f\u0131\u2019ndan G\u00f6\u00e7 Y\u00f6netimi Personeline Takdir Belgesi - Kuzeyin Sesi","robots":{"index":"index","follow":"follow","max-snippet":"max-snippet:-1","max-image-preview":"max-image-preview:large","max-video-preview":"max-video-preview:-1"},"canonical":"https:\/\/kuzeyinsesi.org\/index.php\/2026\/02\/27\/icisleri-bakanligindan-goc-yonetimi-personeline-takdir-belgesi\/","og_locale":"tr_TR","og_type":"article","og_title":"\u0130\u00e7i\u015fleri Bakanl\u0131\u011f\u0131\u2019ndan G\u00f6\u00e7 Y\u00f6netimi Personeline Takdir Belgesi - Kuzeyin Sesi","og_description":"\u0130\u00e7i\u015fleri Bakan\u0131 Dursun O\u011fuz, G\u00f6\u00e7 Y\u00f6netim Merkezi ile koordineli \u00e7al\u0131\u015fan kaymakaml\u0131k personeline takdir belgeleri verdi. O\u011fuz, g\u00f6\u00e7 y\u00f6netiminin kamu d\u00fczeni ve g\u00fcvenli\u011fin \u00f6nemli bir par\u00e7as\u0131 oldu\u011funu vurgulad\u0131. Dursun O\u011fuz ba\u015fkanl\u0131\u011f\u0131nda d\u00fczenlenen t\u00f6rende, G\u00f6\u00e7 Y\u00f6netim Merkezi ile koordineli \u015fekilde g\u00f6rev yapan il\u00e7e kaymakaml\u0131klar\u0131na ba\u011fl\u0131 personellere takdir belgeleri verildi. Bakanl\u0131k taraf\u0131ndan ger\u00e7ekle\u015ftirilen t\u00f6rende konu\u015fan O\u011fuz, g\u00f6\u00e7 y\u00f6netiminin [&hellip;]","og_url":"https:\/\/kuzeyinsesi.org\/index.php\/2026\/02\/27\/icisleri-bakanligindan-goc-yonetimi-personeline-takdir-belgesi\/","og_site_name":"Kuzeyin Sesi","article_publisher":"https:\/\/www.facebook.com\/kuzeyinsesii","article_published_time":"2026-02-27T11:52:51+00:00","author":"Kuzeyin Sesi","twitter_card":"summary_large_image","twitter_creator":"@kuzeyinsesii","twitter_site":"@kuzeyinsesii","twitter_misc":{"Yazan:":"Kuzeyin Sesi","Tahmini okuma s\u00fcresi":"2 dakika"},"schema":{"@context":"https:\/\/schema.org","@graph":[{"@type":"Article","@id":"https:\/\/kuzeyinsesi.org\/index.php\/2026\/02\/27\/icisleri-bakanligindan-goc-yonetimi-personeline-takdir-belgesi\/#article","isPartOf":{"@id":"https:\/\/kuzeyinsesi.org\/index.php\/2026\/02\/27\/icisleri-bakanligindan-goc-yonetimi-personeline-takdir-belgesi\/"},"author":{"name":"Kuzeyin Sesi","@id":"https:\/\/kuzeyinsesi.org\/#\/schema\/person\/9f859689cdf01485597712386e37f5aa"},"headline":"\u0130\u00e7i\u015fleri Bakanl\u0131\u011f\u0131\u2019ndan G\u00f6\u00e7 Y\u00f6netimi Personeline Takdir Belgesi","datePublished":"2026-02-27T11:52:51+00:00","mainEntityOfPage":{"@id":"https:\/\/kuzeyinsesi.org\/index.php\/2026\/02\/27\/icisleri-bakanligindan-goc-yonetimi-personeline-takdir-belgesi\/"},"wordCount":355,"commentCount":0,"image":{"@id":"https:\/\/kuzeyinsesi.org\/index.php\/2026\/02\/27\/icisleri-bakanligindan-goc-yonetimi-personeline-takdir-belgesi\/#primaryimage"},"thumbnailUrl":"https:\/\/kuzeyinsesi.org\/wp-content\/uploads\/2026\/02\/IMG_7723.webp.webp","articleSection":["K\u0131br\u0131s"],"inLanguage":"tr","potentialAction":[{"@type":"CommentAction","name":"Comment","target":["https:\/\/kuzeyinsesi.org\/index.php\/2026\/02\/27\/icisleri-bakanligindan-goc-yonetimi-personeline-takdir-belgesi\/#respond"]}]},{"@type":"WebPage","@id":"https:\/\/kuzeyinsesi.org\/index.php\/2026\/02\/27\/icisleri-bakanligindan-goc-yonetimi-personeline-takdir-belgesi\/","url":"https:\/\/kuzeyinsesi.org\/index.php\/2026\/02\/27\/icisleri-bakanligindan-goc-yonetimi-personeline-takdir-belgesi\/","name":"\u0130\u00e7i\u015fleri Bakanl\u0131\u011f\u0131\u2019ndan G\u00f6\u00e7 Y\u00f6netimi Personeline Takdir Belgesi - Kuzeyin Sesi","isPartOf":{"@id":"https:\/\/kuzeyinsesi.org\/#website"},"primaryImageOfPage":{"@id":"https:\/\/kuzeyinsesi.org\/index.php\/2026\/02\/27\/icisleri-bakanligindan-goc-yonetimi-personeline-takdir-belgesi\/#primaryimage"},"image":{"@id":"https:\/\/kuzeyinsesi.org\/index.php\/2026\/02\/27\/icisleri-bakanligindan-goc-yonetimi-personeline-takdir-belgesi\/#primaryimage"},"thumbnailUrl":"https:\/\/kuzeyinsesi.org\/wp-content\/uploads\/2026\/02\/IMG_7723.webp.webp","datePublished":"2026-02-27T11:52:51+00:00","author":{"@id":"https:\/\/kuzeyinsesi.org\/#\/schema\/person\/9f859689cdf01485597712386e37f5aa"},"breadcrumb":{"@id":"https:\/\/kuzeyinsesi.org\/index.php\/2026\/02\/27\/icisleri-bakanligindan-goc-yonetimi-personeline-takdir-belgesi\/#breadcrumb"},"inLanguage":"tr","potentialAction":[{"@type":"ReadAction","target":["https:\/\/kuzeyinsesi.org\/index.php\/2026\/02\/27\/icisleri-bakanligindan-goc-yonetimi-personeline-takdir-belgesi\/"]}]},{"@type":"ImageObject","inLanguage":"tr","@id":"https:\/\/kuzeyinsesi.org\/index.php\/2026\/02\/27\/icisleri-bakanligindan-goc-yonetimi-personeline-takdir-belgesi\/#primaryimage","url":"https:\/\/kuzeyinsesi.org\/wp-content\/uploads\/2026\/02\/IMG_7723.webp.webp","contentUrl":"https:\/\/kuzeyinsesi.org\/wp-content\/uploads\/2026\/02\/IMG_7723.webp.webp","width":1280,"height":720},{"@type":"BreadcrumbList","@id":"https:\/\/kuzeyinsesi.org\/index.php\/2026\/02\/27\/icisleri-bakanligindan-goc-yonetimi-personeline-takdir-belgesi\/#breadcrumb","itemListElement":[{"@type":"ListItem","position":1,"name":"Anasayfa","item":"https:\/\/kuzeyinsesi.org\/"},{"@type":"ListItem","position":2,"name":"\u0130\u00e7i\u015fleri Bakanl\u0131\u011f\u0131\u2019ndan G\u00f6\u00e7 Y\u00f6netimi Personeline Takdir Belgesi"}]},{"@type":"WebSite","@id":"https:\/\/kuzeyinsesi.org\/#website","url":"https:\/\/kuzeyinsesi.org\/","name":"Kuzeyin Sesi","description":"Do\u011fru Haberin Adresi","potentialAction":[{"@type":"SearchAction","target":{"@type":"EntryPoint","urlTemplate":"https:\/\/kuzeyinsesi.org\/?s={search_term_string}"},"query-input":{"@type":"PropertyValueSpecification","valueRequired":true,"valueName":"search_term_string"}}],"inLanguage":"tr"},{"@type":"Person","@id":"https:\/\/kuzeyinsesi.org\/#\/schema\/person\/9f859689cdf01485597712386e37f5aa","name":"Kuzeyin Sesi","image":{"@type":"ImageObject","inLanguage":"tr","@id":"https:\/\/secure.gravatar.com\/avatar\/bab33852abfd8b282518d6ed81826833d77c3c882d9ab608add591ccace47a44?s=96&d=mm&r=g","url":"https:\/\/secure.gravatar.com\/avatar\/bab33852abfd8b282518d6ed81826833d77c3c882d9ab608add591ccace47a44?s=96&d=mm&r=g","contentUrl":"https:\/\/secure.gravatar.com\/avatar\/bab33852abfd8b282518d6ed81826833d77c3c882d9ab608add591ccace47a44?s=96&d=mm&r=g","caption":"Kuzeyin Sesi"},"sameAs":["https:\/\/kuzeyinsesi.org"],"url":"https:\/\/kuzeyinsesi.org\/index.php\/author\/guven\/"}]}},"_links":{"self":[{"href":"https:\/\/kuzeyinsesi.org\/index.php\/wp-json\/wp\/v2\/posts\/35995","targetHints":{"allow":["GET"]}}],"collection":[{"href":"https:\/\/kuzeyinsesi.org\/index.php\/wp-json\/wp\/v2\/posts"}],"about":[{"href":"https:\/\/kuzeyinsesi.org\/index.php\/wp-json\/wp\/v2\/types\/post"}],"author":[{"embeddable":true,"href":"https:\/\/kuzeyinsesi.org\/index.php\/wp-json\/wp\/v2\/users\/1"}],"replies":[{"embeddable":true,"href":"https:\/\/kuzeyinsesi.org\/index.php\/wp-json\/wp\/v2\/comments?post=35995"}],"version-history":[{"count":0,"href":"https:\/\/kuzeyinsesi.org\/index.php\/wp-json\/wp\/v2\/posts\/35995\/revisions"}],"wp:featuredmedia":[{"embeddable":true,"href":"https:\/\/kuzeyinsesi.org\/index.php\/wp-json\/wp\/v2\/media\/35996"}],"wp:attachment":[{"href":"https:\/\/kuzeyinsesi.org\/index.php\/wp-json\/wp\/v2\/media?parent=35995"}],"wp:term":[{"taxonomy":"category","embeddable":true,"href":"https:\/\/kuzeyinsesi.org\/index.php\/wp-json\/wp\/v2\/categories?post=35995"},{"taxonomy":"post_tag","embeddable":true,"href":"https:\/\/kuzeyinsesi.org\/index.php\/wp-json\/wp\/v2\/tags?post=35995"}],"curies":[{"name":"wp","href":"https:\/\/api.w.org\/{rel}","templated":true}]}}