{"id":35991,"date":"2026-02-26T21:06:22","date_gmt":"2026-02-26T19:06:22","guid":{"rendered":"https:\/\/kuzeyinsesi.org\/index.php\/2026\/02\/26\/numan-kurtulmus-kibrisli-soydaslarimiz-icin-mucadelemizi-surdurecegiz\/"},"modified":"2026-02-26T21:06:22","modified_gmt":"2026-02-26T19:06:22","slug":"numan-kurtulmus-kibrisli-soydaslarimiz-icin-mucadelemizi-surdurecegiz","status":"publish","type":"post","link":"https:\/\/kuzeyinsesi.org\/index.php\/2026\/02\/26\/numan-kurtulmus-kibrisli-soydaslarimiz-icin-mucadelemizi-surdurecegiz\/","title":{"rendered":"Numan Kurtulmu\u015f: K\u0131br\u0131sl\u0131 soyda\u015flar\u0131m\u0131z i\u00e7in m\u00fccadelemizi s\u00fcrd\u00fcrece\u011fiz"},"content":{"rendered":"<p>TBMM Ba\u015fkan\u0131 Numan Kurtulmu\u015f,\u00a0Kuzey K\u0131br\u0131s\u2019\u0131n hakl\u0131 m\u00fccadelesinde her zaman yan\u0131nda olacaklar\u0131n\u0131 vurgulad\u0131.<\/p>\n<p>Kurtulmu\u015f, Cumhuriyet Meclisi Ba\u015fkan\u0131 Ziya \u00d6zt\u00fcrkler ile g\u00f6r\u00fc\u015fmesinin ard\u0131ndan sosyal medya hesab\u0131ndan mesaj payla\u015ft\u0131.<\/p>\n<p>Kurtulmu\u015f mesaj\u0131nda, &#8220;Kuzey K\u0131br\u0131s T\u00fcrk Cumhuriyeti Cumhuriyet Meclisi Ba\u015fkan\u0131 Ziya \u00d6zt\u00fcrkler ile milli iradenin kalbi Gazi Meclisimizde bir araya geldik. B\u00f6lgemizi yak\u0131ndan ilgilendiren g\u00fcncel geli\u015fmeleri t\u00fcm boyutlar\u0131yla de\u011ferlendirdi\u011fimiz g\u00f6r\u00fc\u015fmede, parlamentolar\u0131m\u0131z aras\u0131ndaki i\u015fbirli\u011fini daha da g\u00fc\u00e7lendirecek ad\u0131mlar\u0131 ve m\u00fc\u015fterek \u00e7al\u0131\u015fmalar\u0131m\u0131z\u0131 ele ald\u0131k. Kuzey K\u0131br\u0131s\u2019\u0131n hakl\u0131 m\u00fccadelesinde her zaman yan\u0131nda olaca\u011f\u0131z, K\u0131br\u0131sl\u0131 soyda\u015flar\u0131m\u0131z\u0131n her t\u00fcrl\u00fc hak ve hukukunun teminat alt\u0131na al\u0131nmas\u0131 i\u00e7in d\u00fcn oldu\u011fu gibi bug\u00fcn de m\u00fccadelemizi s\u00fcrd\u00fcrece\u011fiz.&#8221; ifadelerine yer verdi.<\/p>\n<p>Numan Kurtulmu\u015f: K\u0131br\u0131sl\u0131 soyda\u015flar\u0131m\u0131z i\u00e7in m\u00fccadelemizi s\u00fcrd\u00fcrece\u011fiz yaz\u0131s\u0131 ilk \u00f6nce K\u0131br\u0131s Hakikat \u00fczerinde ortaya \u00e7\u0131kt\u0131.<\/p>\n","protected":false},"excerpt":{"rendered":"<p>TBMM Ba\u015fkan\u0131 Numan Kurtulmu\u015f,\u00a0Kuzey K\u0131br\u0131s\u2019\u0131n hakl\u0131 m\u00fccadelesinde her zaman yan\u0131nda olacaklar\u0131n\u0131 vurgulad\u0131. Kurtulmu\u015f, Cumhuriyet Meclisi Ba\u015fkan\u0131 Ziya \u00d6zt\u00fcrkler ile g\u00f6r\u00fc\u015fmesinin ard\u0131ndan sosyal medya hesab\u0131ndan mesaj payla\u015ft\u0131. Kurtulmu\u015f mesaj\u0131nda, &#8220;Kuzey K\u0131br\u0131s T\u00fcrk Cumhuriyeti Cumhuriyet Meclisi Ba\u015fkan\u0131 Ziya \u00d6zt\u00fcrkler ile milli iradenin kalbi Gazi Meclisimizde bir araya geldik. B\u00f6lgemizi yak\u0131ndan ilgilendiren g\u00fcncel geli\u015fmeleri t\u00fcm boyutlar\u0131yla de\u011ferlendirdi\u011fimiz g\u00f6r\u00fc\u015fmede, [&hellip;]<\/p>\n","protected":false},"author":1,"featured_media":35992,"comment_status":"open","ping_status":"open","sticky":false,"template":"","format":"standard","meta":{"jnews-multi-image_gallery":[],"jnews_single_post":[],"jnews_primary_category":[],"jnews_social_meta":[],"jnews_override_counter":[],"footnotes":""},"categories":[1],"tags":[],"class_list":["post-35991","post","type-post","status-publish","format-standard","has-post-thumbnail","hentry","category-kibris"],"yoast_head":"<!-- This site is optimized with the Yoast SEO plugin v27.5 - https:\/\/yoast.com\/product\/yoast-seo-wordpress\/ -->\n<title>Numan Kurtulmu\u015f: K\u0131br\u0131sl\u0131 soyda\u015flar\u0131m\u0131z i\u00e7in m\u00fccadelemizi s\u00fcrd\u00fcrece\u011fiz - Kuzeyin Sesi<\/title>\n<meta name=\"robots\" content=\"index, follow, max-snippet:-1, max-image-preview:large, max-video-preview:-1\" \/>\n<link rel=\"canonical\" href=\"https:\/\/kuzeyinsesi.org\/index.php\/2026\/02\/26\/numan-kurtulmus-kibrisli-soydaslarimiz-icin-mucadelemizi-surdurecegiz\/\" \/>\n<meta property=\"og:locale\" content=\"tr_TR\" \/>\n<meta property=\"og:type\" content=\"article\" \/>\n<meta property=\"og:title\" content=\"Numan Kurtulmu\u015f: K\u0131br\u0131sl\u0131 soyda\u015flar\u0131m\u0131z i\u00e7in m\u00fccadelemizi s\u00fcrd\u00fcrece\u011fiz - Kuzeyin Sesi\" \/>\n<meta property=\"og:description\" content=\"TBMM Ba\u015fkan\u0131 Numan Kurtulmu\u015f,\u00a0Kuzey K\u0131br\u0131s\u2019\u0131n hakl\u0131 m\u00fccadelesinde her zaman yan\u0131nda olacaklar\u0131n\u0131 vurgulad\u0131. Kurtulmu\u015f, Cumhuriyet Meclisi Ba\u015fkan\u0131 Ziya \u00d6zt\u00fcrkler ile g\u00f6r\u00fc\u015fmesinin ard\u0131ndan sosyal medya hesab\u0131ndan mesaj payla\u015ft\u0131. Kurtulmu\u015f mesaj\u0131nda, &#8220;Kuzey K\u0131br\u0131s T\u00fcrk Cumhuriyeti Cumhuriyet Meclisi Ba\u015fkan\u0131 Ziya \u00d6zt\u00fcrkler ile milli iradenin kalbi Gazi Meclisimizde bir araya geldik. B\u00f6lgemizi yak\u0131ndan ilgilendiren g\u00fcncel geli\u015fmeleri t\u00fcm boyutlar\u0131yla de\u011ferlendirdi\u011fimiz g\u00f6r\u00fc\u015fmede, [&hellip;]\" \/>\n<meta property=\"og:url\" content=\"https:\/\/kuzeyinsesi.org\/index.php\/2026\/02\/26\/numan-kurtulmus-kibrisli-soydaslarimiz-icin-mucadelemizi-surdurecegiz\/\" \/>\n<meta property=\"og:site_name\" content=\"Kuzeyin Sesi\" \/>\n<meta property=\"article:publisher\" content=\"https:\/\/www.facebook.com\/kuzeyinsesii\" \/>\n<meta property=\"article:published_time\" content=\"2026-02-26T19:06:22+00:00\" \/>\n<meta name=\"author\" content=\"Kuzeyin Sesi\" \/>\n<meta name=\"twitter:card\" content=\"summary_large_image\" \/>\n<meta name=\"twitter:creator\" content=\"@kuzeyinsesii\" \/>\n<meta name=\"twitter:site\" content=\"@kuzeyinsesii\" \/>\n<meta name=\"twitter:label1\" content=\"Yazan:\" \/>\n\t<meta name=\"twitter:data1\" content=\"Kuzeyin Sesi\" \/>\n\t<meta name=\"twitter:label2\" content=\"Tahmini okuma s\u00fcresi\" \/>\n\t<meta name=\"twitter:data2\" content=\"1 dakika\" \/>\n<script type=\"application\/ld+json\" class=\"yoast-schema-graph\">{\"@context\":\"https:\\\/\\\/schema.org\",\"@graph\":[{\"@type\":\"Article\",\"@id\":\"https:\\\/\\\/kuzeyinsesi.org\\\/index.php\\\/2026\\\/02\\\/26\\\/numan-kurtulmus-kibrisli-soydaslarimiz-icin-mucadelemizi-surdurecegiz\\\/#article\",\"isPartOf\":{\"@id\":\"https:\\\/\\\/kuzeyinsesi.org\\\/index.php\\\/2026\\\/02\\\/26\\\/numan-kurtulmus-kibrisli-soydaslarimiz-icin-mucadelemizi-surdurecegiz\\\/\"},\"author\":{\"name\":\"Kuzeyin Sesi\",\"@id\":\"https:\\\/\\\/kuzeyinsesi.org\\\/#\\\/schema\\\/person\\\/9f859689cdf01485597712386e37f5aa\"},\"headline\":\"Numan Kurtulmu\u015f: K\u0131br\u0131sl\u0131 soyda\u015flar\u0131m\u0131z i\u00e7in m\u00fccadelemizi s\u00fcrd\u00fcrece\u011fiz\",\"datePublished\":\"2026-02-26T19:06:22+00:00\",\"mainEntityOfPage\":{\"@id\":\"https:\\\/\\\/kuzeyinsesi.org\\\/index.php\\\/2026\\\/02\\\/26\\\/numan-kurtulmus-kibrisli-soydaslarimiz-icin-mucadelemizi-surdurecegiz\\\/\"},\"wordCount\":207,\"commentCount\":0,\"image\":{\"@id\":\"https:\\\/\\\/kuzeyinsesi.org\\\/index.php\\\/2026\\\/02\\\/26\\\/numan-kurtulmus-kibrisli-soydaslarimiz-icin-mucadelemizi-surdurecegiz\\\/#primaryimage\"},\"thumbnailUrl\":\"https:\\\/\\\/kuzeyinsesi.org\\\/wp-content\\\/uploads\\\/2026\\\/02\\\/IMG_7722.webp.webp\",\"articleSection\":[\"K\u0131br\u0131s\"],\"inLanguage\":\"tr\",\"potentialAction\":[{\"@type\":\"CommentAction\",\"name\":\"Comment\",\"target\":[\"https:\\\/\\\/kuzeyinsesi.org\\\/index.php\\\/2026\\\/02\\\/26\\\/numan-kurtulmus-kibrisli-soydaslarimiz-icin-mucadelemizi-surdurecegiz\\\/#respond\"]}]},{\"@type\":\"WebPage\",\"@id\":\"https:\\\/\\\/kuzeyinsesi.org\\\/index.php\\\/2026\\\/02\\\/26\\\/numan-kurtulmus-kibrisli-soydaslarimiz-icin-mucadelemizi-surdurecegiz\\\/\",\"url\":\"https:\\\/\\\/kuzeyinsesi.org\\\/index.php\\\/2026\\\/02\\\/26\\\/numan-kurtulmus-kibrisli-soydaslarimiz-icin-mucadelemizi-surdurecegiz\\\/\",\"name\":\"Numan Kurtulmu\u015f: K\u0131br\u0131sl\u0131 soyda\u015flar\u0131m\u0131z i\u00e7in m\u00fccadelemizi s\u00fcrd\u00fcrece\u011fiz - Kuzeyin Sesi\",\"isPartOf\":{\"@id\":\"https:\\\/\\\/kuzeyinsesi.org\\\/#website\"},\"primaryImageOfPage\":{\"@id\":\"https:\\\/\\\/kuzeyinsesi.org\\\/index.php\\\/2026\\\/02\\\/26\\\/numan-kurtulmus-kibrisli-soydaslarimiz-icin-mucadelemizi-surdurecegiz\\\/#primaryimage\"},\"image\":{\"@id\":\"https:\\\/\\\/kuzeyinsesi.org\\\/index.php\\\/2026\\\/02\\\/26\\\/numan-kurtulmus-kibrisli-soydaslarimiz-icin-mucadelemizi-surdurecegiz\\\/#primaryimage\"},\"thumbnailUrl\":\"https:\\\/\\\/kuzeyinsesi.org\\\/wp-content\\\/uploads\\\/2026\\\/02\\\/IMG_7722.webp.webp\",\"datePublished\":\"2026-02-26T19:06:22+00:00\",\"author\":{\"@id\":\"https:\\\/\\\/kuzeyinsesi.org\\\/#\\\/schema\\\/person\\\/9f859689cdf01485597712386e37f5aa\"},\"breadcrumb\":{\"@id\":\"https:\\\/\\\/kuzeyinsesi.org\\\/index.php\\\/2026\\\/02\\\/26\\\/numan-kurtulmus-kibrisli-soydaslarimiz-icin-mucadelemizi-surdurecegiz\\\/#breadcrumb\"},\"inLanguage\":\"tr\",\"potentialAction\":[{\"@type\":\"ReadAction\",\"target\":[\"https:\\\/\\\/kuzeyinsesi.org\\\/index.php\\\/2026\\\/02\\\/26\\\/numan-kurtulmus-kibrisli-soydaslarimiz-icin-mucadelemizi-surdurecegiz\\\/\"]}]},{\"@type\":\"ImageObject\",\"inLanguage\":\"tr\",\"@id\":\"https:\\\/\\\/kuzeyinsesi.org\\\/index.php\\\/2026\\\/02\\\/26\\\/numan-kurtulmus-kibrisli-soydaslarimiz-icin-mucadelemizi-surdurecegiz\\\/#primaryimage\",\"url\":\"https:\\\/\\\/kuzeyinsesi.org\\\/wp-content\\\/uploads\\\/2026\\\/02\\\/IMG_7722.webp.webp\",\"contentUrl\":\"https:\\\/\\\/kuzeyinsesi.org\\\/wp-content\\\/uploads\\\/2026\\\/02\\\/IMG_7722.webp.webp\",\"width\":971,\"height\":551},{\"@type\":\"BreadcrumbList\",\"@id\":\"https:\\\/\\\/kuzeyinsesi.org\\\/index.php\\\/2026\\\/02\\\/26\\\/numan-kurtulmus-kibrisli-soydaslarimiz-icin-mucadelemizi-surdurecegiz\\\/#breadcrumb\",\"itemListElement\":[{\"@type\":\"ListItem\",\"position\":1,\"name\":\"Anasayfa\",\"item\":\"https:\\\/\\\/kuzeyinsesi.org\\\/\"},{\"@type\":\"ListItem\",\"position\":2,\"name\":\"Numan Kurtulmu\u015f: K\u0131br\u0131sl\u0131 soyda\u015flar\u0131m\u0131z i\u00e7in m\u00fccadelemizi s\u00fcrd\u00fcrece\u011fiz\"}]},{\"@type\":\"WebSite\",\"@id\":\"https:\\\/\\\/kuzeyinsesi.org\\\/#website\",\"url\":\"https:\\\/\\\/kuzeyinsesi.org\\\/\",\"name\":\"Kuzeyin Sesi\",\"description\":\"Do\u011fru Haberin Adresi\",\"potentialAction\":[{\"@type\":\"SearchAction\",\"target\":{\"@type\":\"EntryPoint\",\"urlTemplate\":\"https:\\\/\\\/kuzeyinsesi.org\\\/?s={search_term_string}\"},\"query-input\":{\"@type\":\"PropertyValueSpecification\",\"valueRequired\":true,\"valueName\":\"search_term_string\"}}],\"inLanguage\":\"tr\"},{\"@type\":\"Person\",\"@id\":\"https:\\\/\\\/kuzeyinsesi.org\\\/#\\\/schema\\\/person\\\/9f859689cdf01485597712386e37f5aa\",\"name\":\"Kuzeyin Sesi\",\"image\":{\"@type\":\"ImageObject\",\"inLanguage\":\"tr\",\"@id\":\"https:\\\/\\\/secure.gravatar.com\\\/avatar\\\/bab33852abfd8b282518d6ed81826833d77c3c882d9ab608add591ccace47a44?s=96&d=mm&r=g\",\"url\":\"https:\\\/\\\/secure.gravatar.com\\\/avatar\\\/bab33852abfd8b282518d6ed81826833d77c3c882d9ab608add591ccace47a44?s=96&d=mm&r=g\",\"contentUrl\":\"https:\\\/\\\/secure.gravatar.com\\\/avatar\\\/bab33852abfd8b282518d6ed81826833d77c3c882d9ab608add591ccace47a44?s=96&d=mm&r=g\",\"caption\":\"Kuzeyin Sesi\"},\"sameAs\":[\"https:\\\/\\\/kuzeyinsesi.org\"],\"url\":\"https:\\\/\\\/kuzeyinsesi.org\\\/index.php\\\/author\\\/guven\\\/\"}]}<\/script>\n<!-- \/ Yoast SEO plugin. -->","yoast_head_json":{"title":"Numan Kurtulmu\u015f: K\u0131br\u0131sl\u0131 soyda\u015flar\u0131m\u0131z i\u00e7in m\u00fccadelemizi s\u00fcrd\u00fcrece\u011fiz - Kuzeyin Sesi","robots":{"index":"index","follow":"follow","max-snippet":"max-snippet:-1","max-image-preview":"max-image-preview:large","max-video-preview":"max-video-preview:-1"},"canonical":"https:\/\/kuzeyinsesi.org\/index.php\/2026\/02\/26\/numan-kurtulmus-kibrisli-soydaslarimiz-icin-mucadelemizi-surdurecegiz\/","og_locale":"tr_TR","og_type":"article","og_title":"Numan Kurtulmu\u015f: K\u0131br\u0131sl\u0131 soyda\u015flar\u0131m\u0131z i\u00e7in m\u00fccadelemizi s\u00fcrd\u00fcrece\u011fiz - Kuzeyin Sesi","og_description":"TBMM Ba\u015fkan\u0131 Numan Kurtulmu\u015f,\u00a0Kuzey K\u0131br\u0131s\u2019\u0131n hakl\u0131 m\u00fccadelesinde her zaman yan\u0131nda olacaklar\u0131n\u0131 vurgulad\u0131. Kurtulmu\u015f, Cumhuriyet Meclisi Ba\u015fkan\u0131 Ziya \u00d6zt\u00fcrkler ile g\u00f6r\u00fc\u015fmesinin ard\u0131ndan sosyal medya hesab\u0131ndan mesaj payla\u015ft\u0131. Kurtulmu\u015f mesaj\u0131nda, &#8220;Kuzey K\u0131br\u0131s T\u00fcrk Cumhuriyeti Cumhuriyet Meclisi Ba\u015fkan\u0131 Ziya \u00d6zt\u00fcrkler ile milli iradenin kalbi Gazi Meclisimizde bir araya geldik. B\u00f6lgemizi yak\u0131ndan ilgilendiren g\u00fcncel geli\u015fmeleri t\u00fcm boyutlar\u0131yla de\u011ferlendirdi\u011fimiz g\u00f6r\u00fc\u015fmede, [&hellip;]","og_url":"https:\/\/kuzeyinsesi.org\/index.php\/2026\/02\/26\/numan-kurtulmus-kibrisli-soydaslarimiz-icin-mucadelemizi-surdurecegiz\/","og_site_name":"Kuzeyin Sesi","article_publisher":"https:\/\/www.facebook.com\/kuzeyinsesii","article_published_time":"2026-02-26T19:06:22+00:00","author":"Kuzeyin Sesi","twitter_card":"summary_large_image","twitter_creator":"@kuzeyinsesii","twitter_site":"@kuzeyinsesii","twitter_misc":{"Yazan:":"Kuzeyin Sesi","Tahmini okuma s\u00fcresi":"1 dakika"},"schema":{"@context":"https:\/\/schema.org","@graph":[{"@type":"Article","@id":"https:\/\/kuzeyinsesi.org\/index.php\/2026\/02\/26\/numan-kurtulmus-kibrisli-soydaslarimiz-icin-mucadelemizi-surdurecegiz\/#article","isPartOf":{"@id":"https:\/\/kuzeyinsesi.org\/index.php\/2026\/02\/26\/numan-kurtulmus-kibrisli-soydaslarimiz-icin-mucadelemizi-surdurecegiz\/"},"author":{"name":"Kuzeyin Sesi","@id":"https:\/\/kuzeyinsesi.org\/#\/schema\/person\/9f859689cdf01485597712386e37f5aa"},"headline":"Numan Kurtulmu\u015f: K\u0131br\u0131sl\u0131 soyda\u015flar\u0131m\u0131z i\u00e7in m\u00fccadelemizi s\u00fcrd\u00fcrece\u011fiz","datePublished":"2026-02-26T19:06:22+00:00","mainEntityOfPage":{"@id":"https:\/\/kuzeyinsesi.org\/index.php\/2026\/02\/26\/numan-kurtulmus-kibrisli-soydaslarimiz-icin-mucadelemizi-surdurecegiz\/"},"wordCount":207,"commentCount":0,"image":{"@id":"https:\/\/kuzeyinsesi.org\/index.php\/2026\/02\/26\/numan-kurtulmus-kibrisli-soydaslarimiz-icin-mucadelemizi-surdurecegiz\/#primaryimage"},"thumbnailUrl":"https:\/\/kuzeyinsesi.org\/wp-content\/uploads\/2026\/02\/IMG_7722.webp.webp","articleSection":["K\u0131br\u0131s"],"inLanguage":"tr","potentialAction":[{"@type":"CommentAction","name":"Comment","target":["https:\/\/kuzeyinsesi.org\/index.php\/2026\/02\/26\/numan-kurtulmus-kibrisli-soydaslarimiz-icin-mucadelemizi-surdurecegiz\/#respond"]}]},{"@type":"WebPage","@id":"https:\/\/kuzeyinsesi.org\/index.php\/2026\/02\/26\/numan-kurtulmus-kibrisli-soydaslarimiz-icin-mucadelemizi-surdurecegiz\/","url":"https:\/\/kuzeyinsesi.org\/index.php\/2026\/02\/26\/numan-kurtulmus-kibrisli-soydaslarimiz-icin-mucadelemizi-surdurecegiz\/","name":"Numan Kurtulmu\u015f: K\u0131br\u0131sl\u0131 soyda\u015flar\u0131m\u0131z i\u00e7in m\u00fccadelemizi s\u00fcrd\u00fcrece\u011fiz - Kuzeyin Sesi","isPartOf":{"@id":"https:\/\/kuzeyinsesi.org\/#website"},"primaryImageOfPage":{"@id":"https:\/\/kuzeyinsesi.org\/index.php\/2026\/02\/26\/numan-kurtulmus-kibrisli-soydaslarimiz-icin-mucadelemizi-surdurecegiz\/#primaryimage"},"image":{"@id":"https:\/\/kuzeyinsesi.org\/index.php\/2026\/02\/26\/numan-kurtulmus-kibrisli-soydaslarimiz-icin-mucadelemizi-surdurecegiz\/#primaryimage"},"thumbnailUrl":"https:\/\/kuzeyinsesi.org\/wp-content\/uploads\/2026\/02\/IMG_7722.webp.webp","datePublished":"2026-02-26T19:06:22+00:00","author":{"@id":"https:\/\/kuzeyinsesi.org\/#\/schema\/person\/9f859689cdf01485597712386e37f5aa"},"breadcrumb":{"@id":"https:\/\/kuzeyinsesi.org\/index.php\/2026\/02\/26\/numan-kurtulmus-kibrisli-soydaslarimiz-icin-mucadelemizi-surdurecegiz\/#breadcrumb"},"inLanguage":"tr","potentialAction":[{"@type":"ReadAction","target":["https:\/\/kuzeyinsesi.org\/index.php\/2026\/02\/26\/numan-kurtulmus-kibrisli-soydaslarimiz-icin-mucadelemizi-surdurecegiz\/"]}]},{"@type":"ImageObject","inLanguage":"tr","@id":"https:\/\/kuzeyinsesi.org\/index.php\/2026\/02\/26\/numan-kurtulmus-kibrisli-soydaslarimiz-icin-mucadelemizi-surdurecegiz\/#primaryimage","url":"https:\/\/kuzeyinsesi.org\/wp-content\/uploads\/2026\/02\/IMG_7722.webp.webp","contentUrl":"https:\/\/kuzeyinsesi.org\/wp-content\/uploads\/2026\/02\/IMG_7722.webp.webp","width":971,"height":551},{"@type":"BreadcrumbList","@id":"https:\/\/kuzeyinsesi.org\/index.php\/2026\/02\/26\/numan-kurtulmus-kibrisli-soydaslarimiz-icin-mucadelemizi-surdurecegiz\/#breadcrumb","itemListElement":[{"@type":"ListItem","position":1,"name":"Anasayfa","item":"https:\/\/kuzeyinsesi.org\/"},{"@type":"ListItem","position":2,"name":"Numan Kurtulmu\u015f: K\u0131br\u0131sl\u0131 soyda\u015flar\u0131m\u0131z i\u00e7in m\u00fccadelemizi s\u00fcrd\u00fcrece\u011fiz"}]},{"@type":"WebSite","@id":"https:\/\/kuzeyinsesi.org\/#website","url":"https:\/\/kuzeyinsesi.org\/","name":"Kuzeyin Sesi","description":"Do\u011fru Haberin Adresi","potentialAction":[{"@type":"SearchAction","target":{"@type":"EntryPoint","urlTemplate":"https:\/\/kuzeyinsesi.org\/?s={search_term_string}"},"query-input":{"@type":"PropertyValueSpecification","valueRequired":true,"valueName":"search_term_string"}}],"inLanguage":"tr"},{"@type":"Person","@id":"https:\/\/kuzeyinsesi.org\/#\/schema\/person\/9f859689cdf01485597712386e37f5aa","name":"Kuzeyin Sesi","image":{"@type":"ImageObject","inLanguage":"tr","@id":"https:\/\/secure.gravatar.com\/avatar\/bab33852abfd8b282518d6ed81826833d77c3c882d9ab608add591ccace47a44?s=96&d=mm&r=g","url":"https:\/\/secure.gravatar.com\/avatar\/bab33852abfd8b282518d6ed81826833d77c3c882d9ab608add591ccace47a44?s=96&d=mm&r=g","contentUrl":"https:\/\/secure.gravatar.com\/avatar\/bab33852abfd8b282518d6ed81826833d77c3c882d9ab608add591ccace47a44?s=96&d=mm&r=g","caption":"Kuzeyin Sesi"},"sameAs":["https:\/\/kuzeyinsesi.org"],"url":"https:\/\/kuzeyinsesi.org\/index.php\/author\/guven\/"}]}},"_links":{"self":[{"href":"https:\/\/kuzeyinsesi.org\/index.php\/wp-json\/wp\/v2\/posts\/35991","targetHints":{"allow":["GET"]}}],"collection":[{"href":"https:\/\/kuzeyinsesi.org\/index.php\/wp-json\/wp\/v2\/posts"}],"about":[{"href":"https:\/\/kuzeyinsesi.org\/index.php\/wp-json\/wp\/v2\/types\/post"}],"author":[{"embeddable":true,"href":"https:\/\/kuzeyinsesi.org\/index.php\/wp-json\/wp\/v2\/users\/1"}],"replies":[{"embeddable":true,"href":"https:\/\/kuzeyinsesi.org\/index.php\/wp-json\/wp\/v2\/comments?post=35991"}],"version-history":[{"count":0,"href":"https:\/\/kuzeyinsesi.org\/index.php\/wp-json\/wp\/v2\/posts\/35991\/revisions"}],"wp:featuredmedia":[{"embeddable":true,"href":"https:\/\/kuzeyinsesi.org\/index.php\/wp-json\/wp\/v2\/media\/35992"}],"wp:attachment":[{"href":"https:\/\/kuzeyinsesi.org\/index.php\/wp-json\/wp\/v2\/media?parent=35991"}],"wp:term":[{"taxonomy":"category","embeddable":true,"href":"https:\/\/kuzeyinsesi.org\/index.php\/wp-json\/wp\/v2\/categories?post=35991"},{"taxonomy":"post_tag","embeddable":true,"href":"https:\/\/kuzeyinsesi.org\/index.php\/wp-json\/wp\/v2\/tags?post=35991"}],"curies":[{"name":"wp","href":"https:\/\/api.w.org\/{rel}","templated":true}]}}