{"id":35989,"date":"2026-02-26T20:56:37","date_gmt":"2026-02-26T18:56:37","guid":{"rendered":"https:\/\/kuzeyinsesi.org\/index.php\/2026\/02\/26\/kibris-turk-halkinin-mucadelesi-ile-anadolunun-istiklal-mucadelesi-ayni-ruhun-tezahurudur\/"},"modified":"2026-02-26T20:56:37","modified_gmt":"2026-02-26T18:56:37","slug":"kibris-turk-halkinin-mucadelesi-ile-anadolunun-istiklal-mucadelesi-ayni-ruhun-tezahurudur","status":"publish","type":"post","link":"https:\/\/kuzeyinsesi.org\/index.php\/2026\/02\/26\/kibris-turk-halkinin-mucadelesi-ile-anadolunun-istiklal-mucadelesi-ayni-ruhun-tezahurudur\/","title":{"rendered":"K\u0131br\u0131s T\u00fcrk halk\u0131n\u0131n m\u00fccadelesi ile Anadolu\u2019nun istiklal m\u00fccadelesi ayn\u0131 ruhun tezah\u00fcr\u00fcd\u00fcr"},"content":{"rendered":"<p>TBMM Ba\u015fkan\u0131 Numan Kurtulmu\u015f&#8217;un ev sahipli\u011finde Cumhuriyet Meclisi Ba\u015fkan\u0131 \u00a0Ziya \u00d6zt\u00fcrkler\u2019in de kat\u0131l\u0131m\u0131yla TBMM T\u00f6ren Salonunda \u015fehit aileleri ve gazilerle ger\u00e7ekle\u015ftirilen iftar program\u0131nda konu\u015fan \u00c7ift\u00e7i, \u201cCumhuriyet Meclisi Ba\u015fkan\u0131 Say\u0131n Ziya \u00d6zt\u00fcrkler\u2019in burada bulunmas\u0131 da ayr\u0131 bir anlam ta\u015f\u0131maktad\u0131r.\u201d ifadelerini kulland\u0131.<\/p>\n<p>K\u0131br\u0131s T\u00fcrk halk\u0131n\u0131n m\u00fccadelesi ile Anadolu&#8217;nun istiklal m\u00fccadelesinin ayn\u0131 ruhun tezah\u00fcr\u00fc ve ayn\u0131 bayra\u011f\u0131n g\u00f6lgesinde, ayn\u0131 duan\u0131n i\u00e7inde birle\u015fen bir kader birli\u011fi oldu\u011funu s\u00f6yleyen \u00c7ift\u00e7i \u015f\u00f6yle devam etti:<\/p>\n<p>\u201c\u015eehit aileleri en k\u0131ymetli emanettir. \u015eehitler bayra\u011f\u0131 yere d\u00fc\u015f\u00fcrmemek i\u00e7in canlar\u0131n\u0131 feda ediyor. \u015eehitlerimiz, bu topraklara kanlar\u0131yla m\u00fch\u00fcr basan serdenge\u00e7tilerdir. Onlar\u0131n emanetleri, ba\u015f\u0131m\u0131z\u0131n tac\u0131, g\u00f6nl\u00fcm\u00fcz\u00fcn en k\u0131ymetli yerindedir. Muhterem Cumhurba\u015fkan\u0131&#8217;m\u0131z\u0131n her f\u0131rsatta ifade buyurduklar\u0131 gibi sizlere her alanda sahip \u00e7\u0131kmak bizlerin en asli vazifelerinden biridir. \u0130\u00e7i\u015fleri Bakanl\u0131\u011f\u0131 olarak bizler de ayn\u0131 \u015fuurla hareket ediyor, \u015fehit ailelerimizin her zaman yan\u0131nda olmay\u0131 bir onur kabul ediyoruz.\u201d<\/p>\n<p>K\u0131br\u0131s T\u00fcrk halk\u0131n\u0131n m\u00fccadelesi ile Anadolu&#8217;nun istiklal m\u00fccadelesi ayn\u0131 ruhun tezah\u00fcr\u00fcd\u00fcr yaz\u0131s\u0131 ilk \u00f6nce K\u0131br\u0131s Hakikat \u00fczerinde ortaya \u00e7\u0131kt\u0131.<\/p>\n","protected":false},"excerpt":{"rendered":"<p>TBMM Ba\u015fkan\u0131 Numan Kurtulmu\u015f&#8217;un ev sahipli\u011finde Cumhuriyet Meclisi Ba\u015fkan\u0131 \u00a0Ziya \u00d6zt\u00fcrkler\u2019in de kat\u0131l\u0131m\u0131yla TBMM T\u00f6ren Salonunda \u015fehit aileleri ve gazilerle ger\u00e7ekle\u015ftirilen iftar program\u0131nda konu\u015fan \u00c7ift\u00e7i, \u201cCumhuriyet Meclisi Ba\u015fkan\u0131 Say\u0131n Ziya \u00d6zt\u00fcrkler\u2019in burada bulunmas\u0131 da ayr\u0131 bir anlam ta\u015f\u0131maktad\u0131r.\u201d ifadelerini kulland\u0131. K\u0131br\u0131s T\u00fcrk halk\u0131n\u0131n m\u00fccadelesi ile Anadolu&#8217;nun istiklal m\u00fccadelesinin ayn\u0131 ruhun tezah\u00fcr\u00fc ve ayn\u0131 bayra\u011f\u0131n g\u00f6lgesinde, [&hellip;]<\/p>\n","protected":false},"author":1,"featured_media":35990,"comment_status":"open","ping_status":"open","sticky":false,"template":"","format":"standard","meta":{"jnews-multi-image_gallery":[],"jnews_single_post":[],"jnews_primary_category":[],"jnews_social_meta":[],"jnews_override_counter":[],"footnotes":""},"categories":[1],"tags":[],"class_list":["post-35989","post","type-post","status-publish","format-standard","has-post-thumbnail","hentry","category-kibris"],"yoast_head":"<!-- This site is optimized with the Yoast SEO plugin v27.5 - https:\/\/yoast.com\/product\/yoast-seo-wordpress\/ -->\n<title>K\u0131br\u0131s T\u00fcrk halk\u0131n\u0131n m\u00fccadelesi ile Anadolu\u2019nun istiklal m\u00fccadelesi ayn\u0131 ruhun tezah\u00fcr\u00fcd\u00fcr - Kuzeyin Sesi<\/title>\n<meta name=\"robots\" content=\"index, follow, max-snippet:-1, max-image-preview:large, max-video-preview:-1\" \/>\n<link rel=\"canonical\" href=\"https:\/\/kuzeyinsesi.org\/index.php\/2026\/02\/26\/kibris-turk-halkinin-mucadelesi-ile-anadolunun-istiklal-mucadelesi-ayni-ruhun-tezahurudur\/\" \/>\n<meta property=\"og:locale\" content=\"tr_TR\" \/>\n<meta property=\"og:type\" content=\"article\" \/>\n<meta property=\"og:title\" content=\"K\u0131br\u0131s T\u00fcrk halk\u0131n\u0131n m\u00fccadelesi ile Anadolu\u2019nun istiklal m\u00fccadelesi ayn\u0131 ruhun tezah\u00fcr\u00fcd\u00fcr - Kuzeyin Sesi\" \/>\n<meta property=\"og:description\" content=\"TBMM Ba\u015fkan\u0131 Numan Kurtulmu\u015f&#8217;un ev sahipli\u011finde Cumhuriyet Meclisi Ba\u015fkan\u0131 \u00a0Ziya \u00d6zt\u00fcrkler\u2019in de kat\u0131l\u0131m\u0131yla TBMM T\u00f6ren Salonunda \u015fehit aileleri ve gazilerle ger\u00e7ekle\u015ftirilen iftar program\u0131nda konu\u015fan \u00c7ift\u00e7i, \u201cCumhuriyet Meclisi Ba\u015fkan\u0131 Say\u0131n Ziya \u00d6zt\u00fcrkler\u2019in burada bulunmas\u0131 da ayr\u0131 bir anlam ta\u015f\u0131maktad\u0131r.\u201d ifadelerini kulland\u0131. K\u0131br\u0131s T\u00fcrk halk\u0131n\u0131n m\u00fccadelesi ile Anadolu&#8217;nun istiklal m\u00fccadelesinin ayn\u0131 ruhun tezah\u00fcr\u00fc ve ayn\u0131 bayra\u011f\u0131n g\u00f6lgesinde, [&hellip;]\" \/>\n<meta property=\"og:url\" content=\"https:\/\/kuzeyinsesi.org\/index.php\/2026\/02\/26\/kibris-turk-halkinin-mucadelesi-ile-anadolunun-istiklal-mucadelesi-ayni-ruhun-tezahurudur\/\" \/>\n<meta property=\"og:site_name\" content=\"Kuzeyin Sesi\" \/>\n<meta property=\"article:publisher\" content=\"https:\/\/www.facebook.com\/kuzeyinsesii\" \/>\n<meta property=\"article:published_time\" content=\"2026-02-26T18:56:37+00:00\" \/>\n<meta name=\"author\" content=\"Kuzeyin Sesi\" \/>\n<meta name=\"twitter:card\" content=\"summary_large_image\" \/>\n<meta name=\"twitter:creator\" content=\"@kuzeyinsesii\" \/>\n<meta name=\"twitter:site\" content=\"@kuzeyinsesii\" \/>\n<meta name=\"twitter:label1\" content=\"Yazan:\" \/>\n\t<meta name=\"twitter:data1\" content=\"Kuzeyin Sesi\" \/>\n\t<meta name=\"twitter:label2\" content=\"Tahmini okuma s\u00fcresi\" \/>\n\t<meta name=\"twitter:data2\" content=\"1 dakika\" \/>\n<script type=\"application\/ld+json\" class=\"yoast-schema-graph\">{\"@context\":\"https:\\\/\\\/schema.org\",\"@graph\":[{\"@type\":\"Article\",\"@id\":\"https:\\\/\\\/kuzeyinsesi.org\\\/index.php\\\/2026\\\/02\\\/26\\\/kibris-turk-halkinin-mucadelesi-ile-anadolunun-istiklal-mucadelesi-ayni-ruhun-tezahurudur\\\/#article\",\"isPartOf\":{\"@id\":\"https:\\\/\\\/kuzeyinsesi.org\\\/index.php\\\/2026\\\/02\\\/26\\\/kibris-turk-halkinin-mucadelesi-ile-anadolunun-istiklal-mucadelesi-ayni-ruhun-tezahurudur\\\/\"},\"author\":{\"name\":\"Kuzeyin Sesi\",\"@id\":\"https:\\\/\\\/kuzeyinsesi.org\\\/#\\\/schema\\\/person\\\/9f859689cdf01485597712386e37f5aa\"},\"headline\":\"K\u0131br\u0131s T\u00fcrk halk\u0131n\u0131n m\u00fccadelesi ile Anadolu\u2019nun istiklal m\u00fccadelesi ayn\u0131 ruhun tezah\u00fcr\u00fcd\u00fcr\",\"datePublished\":\"2026-02-26T18:56:37+00:00\",\"mainEntityOfPage\":{\"@id\":\"https:\\\/\\\/kuzeyinsesi.org\\\/index.php\\\/2026\\\/02\\\/26\\\/kibris-turk-halkinin-mucadelesi-ile-anadolunun-istiklal-mucadelesi-ayni-ruhun-tezahurudur\\\/\"},\"wordCount\":250,\"commentCount\":0,\"image\":{\"@id\":\"https:\\\/\\\/kuzeyinsesi.org\\\/index.php\\\/2026\\\/02\\\/26\\\/kibris-turk-halkinin-mucadelesi-ile-anadolunun-istiklal-mucadelesi-ayni-ruhun-tezahurudur\\\/#primaryimage\"},\"thumbnailUrl\":\"https:\\\/\\\/kuzeyinsesi.org\\\/wp-content\\\/uploads\\\/2026\\\/02\\\/IMG_7720.webp.webp\",\"articleSection\":[\"K\u0131br\u0131s\"],\"inLanguage\":\"tr\",\"potentialAction\":[{\"@type\":\"CommentAction\",\"name\":\"Comment\",\"target\":[\"https:\\\/\\\/kuzeyinsesi.org\\\/index.php\\\/2026\\\/02\\\/26\\\/kibris-turk-halkinin-mucadelesi-ile-anadolunun-istiklal-mucadelesi-ayni-ruhun-tezahurudur\\\/#respond\"]}]},{\"@type\":\"WebPage\",\"@id\":\"https:\\\/\\\/kuzeyinsesi.org\\\/index.php\\\/2026\\\/02\\\/26\\\/kibris-turk-halkinin-mucadelesi-ile-anadolunun-istiklal-mucadelesi-ayni-ruhun-tezahurudur\\\/\",\"url\":\"https:\\\/\\\/kuzeyinsesi.org\\\/index.php\\\/2026\\\/02\\\/26\\\/kibris-turk-halkinin-mucadelesi-ile-anadolunun-istiklal-mucadelesi-ayni-ruhun-tezahurudur\\\/\",\"name\":\"K\u0131br\u0131s T\u00fcrk halk\u0131n\u0131n m\u00fccadelesi ile Anadolu\u2019nun istiklal m\u00fccadelesi ayn\u0131 ruhun tezah\u00fcr\u00fcd\u00fcr - Kuzeyin Sesi\",\"isPartOf\":{\"@id\":\"https:\\\/\\\/kuzeyinsesi.org\\\/#website\"},\"primaryImageOfPage\":{\"@id\":\"https:\\\/\\\/kuzeyinsesi.org\\\/index.php\\\/2026\\\/02\\\/26\\\/kibris-turk-halkinin-mucadelesi-ile-anadolunun-istiklal-mucadelesi-ayni-ruhun-tezahurudur\\\/#primaryimage\"},\"image\":{\"@id\":\"https:\\\/\\\/kuzeyinsesi.org\\\/index.php\\\/2026\\\/02\\\/26\\\/kibris-turk-halkinin-mucadelesi-ile-anadolunun-istiklal-mucadelesi-ayni-ruhun-tezahurudur\\\/#primaryimage\"},\"thumbnailUrl\":\"https:\\\/\\\/kuzeyinsesi.org\\\/wp-content\\\/uploads\\\/2026\\\/02\\\/IMG_7720.webp.webp\",\"datePublished\":\"2026-02-26T18:56:37+00:00\",\"author\":{\"@id\":\"https:\\\/\\\/kuzeyinsesi.org\\\/#\\\/schema\\\/person\\\/9f859689cdf01485597712386e37f5aa\"},\"breadcrumb\":{\"@id\":\"https:\\\/\\\/kuzeyinsesi.org\\\/index.php\\\/2026\\\/02\\\/26\\\/kibris-turk-halkinin-mucadelesi-ile-anadolunun-istiklal-mucadelesi-ayni-ruhun-tezahurudur\\\/#breadcrumb\"},\"inLanguage\":\"tr\",\"potentialAction\":[{\"@type\":\"ReadAction\",\"target\":[\"https:\\\/\\\/kuzeyinsesi.org\\\/index.php\\\/2026\\\/02\\\/26\\\/kibris-turk-halkinin-mucadelesi-ile-anadolunun-istiklal-mucadelesi-ayni-ruhun-tezahurudur\\\/\"]}]},{\"@type\":\"ImageObject\",\"inLanguage\":\"tr\",\"@id\":\"https:\\\/\\\/kuzeyinsesi.org\\\/index.php\\\/2026\\\/02\\\/26\\\/kibris-turk-halkinin-mucadelesi-ile-anadolunun-istiklal-mucadelesi-ayni-ruhun-tezahurudur\\\/#primaryimage\",\"url\":\"https:\\\/\\\/kuzeyinsesi.org\\\/wp-content\\\/uploads\\\/2026\\\/02\\\/IMG_7720.webp.webp\",\"contentUrl\":\"https:\\\/\\\/kuzeyinsesi.org\\\/wp-content\\\/uploads\\\/2026\\\/02\\\/IMG_7720.webp.webp\",\"width\":971,\"height\":551},{\"@type\":\"BreadcrumbList\",\"@id\":\"https:\\\/\\\/kuzeyinsesi.org\\\/index.php\\\/2026\\\/02\\\/26\\\/kibris-turk-halkinin-mucadelesi-ile-anadolunun-istiklal-mucadelesi-ayni-ruhun-tezahurudur\\\/#breadcrumb\",\"itemListElement\":[{\"@type\":\"ListItem\",\"position\":1,\"name\":\"Anasayfa\",\"item\":\"https:\\\/\\\/kuzeyinsesi.org\\\/\"},{\"@type\":\"ListItem\",\"position\":2,\"name\":\"K\u0131br\u0131s T\u00fcrk halk\u0131n\u0131n m\u00fccadelesi ile Anadolu\u2019nun istiklal m\u00fccadelesi ayn\u0131 ruhun tezah\u00fcr\u00fcd\u00fcr\"}]},{\"@type\":\"WebSite\",\"@id\":\"https:\\\/\\\/kuzeyinsesi.org\\\/#website\",\"url\":\"https:\\\/\\\/kuzeyinsesi.org\\\/\",\"name\":\"Kuzeyin Sesi\",\"description\":\"Do\u011fru Haberin Adresi\",\"potentialAction\":[{\"@type\":\"SearchAction\",\"target\":{\"@type\":\"EntryPoint\",\"urlTemplate\":\"https:\\\/\\\/kuzeyinsesi.org\\\/?s={search_term_string}\"},\"query-input\":{\"@type\":\"PropertyValueSpecification\",\"valueRequired\":true,\"valueName\":\"search_term_string\"}}],\"inLanguage\":\"tr\"},{\"@type\":\"Person\",\"@id\":\"https:\\\/\\\/kuzeyinsesi.org\\\/#\\\/schema\\\/person\\\/9f859689cdf01485597712386e37f5aa\",\"name\":\"Kuzeyin Sesi\",\"image\":{\"@type\":\"ImageObject\",\"inLanguage\":\"tr\",\"@id\":\"https:\\\/\\\/secure.gravatar.com\\\/avatar\\\/bab33852abfd8b282518d6ed81826833d77c3c882d9ab608add591ccace47a44?s=96&d=mm&r=g\",\"url\":\"https:\\\/\\\/secure.gravatar.com\\\/avatar\\\/bab33852abfd8b282518d6ed81826833d77c3c882d9ab608add591ccace47a44?s=96&d=mm&r=g\",\"contentUrl\":\"https:\\\/\\\/secure.gravatar.com\\\/avatar\\\/bab33852abfd8b282518d6ed81826833d77c3c882d9ab608add591ccace47a44?s=96&d=mm&r=g\",\"caption\":\"Kuzeyin Sesi\"},\"sameAs\":[\"https:\\\/\\\/kuzeyinsesi.org\"],\"url\":\"https:\\\/\\\/kuzeyinsesi.org\\\/index.php\\\/author\\\/guven\\\/\"}]}<\/script>\n<!-- \/ Yoast SEO plugin. -->","yoast_head_json":{"title":"K\u0131br\u0131s T\u00fcrk halk\u0131n\u0131n m\u00fccadelesi ile Anadolu\u2019nun istiklal m\u00fccadelesi ayn\u0131 ruhun tezah\u00fcr\u00fcd\u00fcr - Kuzeyin Sesi","robots":{"index":"index","follow":"follow","max-snippet":"max-snippet:-1","max-image-preview":"max-image-preview:large","max-video-preview":"max-video-preview:-1"},"canonical":"https:\/\/kuzeyinsesi.org\/index.php\/2026\/02\/26\/kibris-turk-halkinin-mucadelesi-ile-anadolunun-istiklal-mucadelesi-ayni-ruhun-tezahurudur\/","og_locale":"tr_TR","og_type":"article","og_title":"K\u0131br\u0131s T\u00fcrk halk\u0131n\u0131n m\u00fccadelesi ile Anadolu\u2019nun istiklal m\u00fccadelesi ayn\u0131 ruhun tezah\u00fcr\u00fcd\u00fcr - Kuzeyin Sesi","og_description":"TBMM Ba\u015fkan\u0131 Numan Kurtulmu\u015f&#8217;un ev sahipli\u011finde Cumhuriyet Meclisi Ba\u015fkan\u0131 \u00a0Ziya \u00d6zt\u00fcrkler\u2019in de kat\u0131l\u0131m\u0131yla TBMM T\u00f6ren Salonunda \u015fehit aileleri ve gazilerle ger\u00e7ekle\u015ftirilen iftar program\u0131nda konu\u015fan \u00c7ift\u00e7i, \u201cCumhuriyet Meclisi Ba\u015fkan\u0131 Say\u0131n Ziya \u00d6zt\u00fcrkler\u2019in burada bulunmas\u0131 da ayr\u0131 bir anlam ta\u015f\u0131maktad\u0131r.\u201d ifadelerini kulland\u0131. K\u0131br\u0131s T\u00fcrk halk\u0131n\u0131n m\u00fccadelesi ile Anadolu&#8217;nun istiklal m\u00fccadelesinin ayn\u0131 ruhun tezah\u00fcr\u00fc ve ayn\u0131 bayra\u011f\u0131n g\u00f6lgesinde, [&hellip;]","og_url":"https:\/\/kuzeyinsesi.org\/index.php\/2026\/02\/26\/kibris-turk-halkinin-mucadelesi-ile-anadolunun-istiklal-mucadelesi-ayni-ruhun-tezahurudur\/","og_site_name":"Kuzeyin Sesi","article_publisher":"https:\/\/www.facebook.com\/kuzeyinsesii","article_published_time":"2026-02-26T18:56:37+00:00","author":"Kuzeyin Sesi","twitter_card":"summary_large_image","twitter_creator":"@kuzeyinsesii","twitter_site":"@kuzeyinsesii","twitter_misc":{"Yazan:":"Kuzeyin Sesi","Tahmini okuma s\u00fcresi":"1 dakika"},"schema":{"@context":"https:\/\/schema.org","@graph":[{"@type":"Article","@id":"https:\/\/kuzeyinsesi.org\/index.php\/2026\/02\/26\/kibris-turk-halkinin-mucadelesi-ile-anadolunun-istiklal-mucadelesi-ayni-ruhun-tezahurudur\/#article","isPartOf":{"@id":"https:\/\/kuzeyinsesi.org\/index.php\/2026\/02\/26\/kibris-turk-halkinin-mucadelesi-ile-anadolunun-istiklal-mucadelesi-ayni-ruhun-tezahurudur\/"},"author":{"name":"Kuzeyin Sesi","@id":"https:\/\/kuzeyinsesi.org\/#\/schema\/person\/9f859689cdf01485597712386e37f5aa"},"headline":"K\u0131br\u0131s T\u00fcrk halk\u0131n\u0131n m\u00fccadelesi ile Anadolu\u2019nun istiklal m\u00fccadelesi ayn\u0131 ruhun tezah\u00fcr\u00fcd\u00fcr","datePublished":"2026-02-26T18:56:37+00:00","mainEntityOfPage":{"@id":"https:\/\/kuzeyinsesi.org\/index.php\/2026\/02\/26\/kibris-turk-halkinin-mucadelesi-ile-anadolunun-istiklal-mucadelesi-ayni-ruhun-tezahurudur\/"},"wordCount":250,"commentCount":0,"image":{"@id":"https:\/\/kuzeyinsesi.org\/index.php\/2026\/02\/26\/kibris-turk-halkinin-mucadelesi-ile-anadolunun-istiklal-mucadelesi-ayni-ruhun-tezahurudur\/#primaryimage"},"thumbnailUrl":"https:\/\/kuzeyinsesi.org\/wp-content\/uploads\/2026\/02\/IMG_7720.webp.webp","articleSection":["K\u0131br\u0131s"],"inLanguage":"tr","potentialAction":[{"@type":"CommentAction","name":"Comment","target":["https:\/\/kuzeyinsesi.org\/index.php\/2026\/02\/26\/kibris-turk-halkinin-mucadelesi-ile-anadolunun-istiklal-mucadelesi-ayni-ruhun-tezahurudur\/#respond"]}]},{"@type":"WebPage","@id":"https:\/\/kuzeyinsesi.org\/index.php\/2026\/02\/26\/kibris-turk-halkinin-mucadelesi-ile-anadolunun-istiklal-mucadelesi-ayni-ruhun-tezahurudur\/","url":"https:\/\/kuzeyinsesi.org\/index.php\/2026\/02\/26\/kibris-turk-halkinin-mucadelesi-ile-anadolunun-istiklal-mucadelesi-ayni-ruhun-tezahurudur\/","name":"K\u0131br\u0131s T\u00fcrk halk\u0131n\u0131n m\u00fccadelesi ile Anadolu\u2019nun istiklal m\u00fccadelesi ayn\u0131 ruhun tezah\u00fcr\u00fcd\u00fcr - Kuzeyin Sesi","isPartOf":{"@id":"https:\/\/kuzeyinsesi.org\/#website"},"primaryImageOfPage":{"@id":"https:\/\/kuzeyinsesi.org\/index.php\/2026\/02\/26\/kibris-turk-halkinin-mucadelesi-ile-anadolunun-istiklal-mucadelesi-ayni-ruhun-tezahurudur\/#primaryimage"},"image":{"@id":"https:\/\/kuzeyinsesi.org\/index.php\/2026\/02\/26\/kibris-turk-halkinin-mucadelesi-ile-anadolunun-istiklal-mucadelesi-ayni-ruhun-tezahurudur\/#primaryimage"},"thumbnailUrl":"https:\/\/kuzeyinsesi.org\/wp-content\/uploads\/2026\/02\/IMG_7720.webp.webp","datePublished":"2026-02-26T18:56:37+00:00","author":{"@id":"https:\/\/kuzeyinsesi.org\/#\/schema\/person\/9f859689cdf01485597712386e37f5aa"},"breadcrumb":{"@id":"https:\/\/kuzeyinsesi.org\/index.php\/2026\/02\/26\/kibris-turk-halkinin-mucadelesi-ile-anadolunun-istiklal-mucadelesi-ayni-ruhun-tezahurudur\/#breadcrumb"},"inLanguage":"tr","potentialAction":[{"@type":"ReadAction","target":["https:\/\/kuzeyinsesi.org\/index.php\/2026\/02\/26\/kibris-turk-halkinin-mucadelesi-ile-anadolunun-istiklal-mucadelesi-ayni-ruhun-tezahurudur\/"]}]},{"@type":"ImageObject","inLanguage":"tr","@id":"https:\/\/kuzeyinsesi.org\/index.php\/2026\/02\/26\/kibris-turk-halkinin-mucadelesi-ile-anadolunun-istiklal-mucadelesi-ayni-ruhun-tezahurudur\/#primaryimage","url":"https:\/\/kuzeyinsesi.org\/wp-content\/uploads\/2026\/02\/IMG_7720.webp.webp","contentUrl":"https:\/\/kuzeyinsesi.org\/wp-content\/uploads\/2026\/02\/IMG_7720.webp.webp","width":971,"height":551},{"@type":"BreadcrumbList","@id":"https:\/\/kuzeyinsesi.org\/index.php\/2026\/02\/26\/kibris-turk-halkinin-mucadelesi-ile-anadolunun-istiklal-mucadelesi-ayni-ruhun-tezahurudur\/#breadcrumb","itemListElement":[{"@type":"ListItem","position":1,"name":"Anasayfa","item":"https:\/\/kuzeyinsesi.org\/"},{"@type":"ListItem","position":2,"name":"K\u0131br\u0131s T\u00fcrk halk\u0131n\u0131n m\u00fccadelesi ile Anadolu\u2019nun istiklal m\u00fccadelesi ayn\u0131 ruhun tezah\u00fcr\u00fcd\u00fcr"}]},{"@type":"WebSite","@id":"https:\/\/kuzeyinsesi.org\/#website","url":"https:\/\/kuzeyinsesi.org\/","name":"Kuzeyin Sesi","description":"Do\u011fru Haberin Adresi","potentialAction":[{"@type":"SearchAction","target":{"@type":"EntryPoint","urlTemplate":"https:\/\/kuzeyinsesi.org\/?s={search_term_string}"},"query-input":{"@type":"PropertyValueSpecification","valueRequired":true,"valueName":"search_term_string"}}],"inLanguage":"tr"},{"@type":"Person","@id":"https:\/\/kuzeyinsesi.org\/#\/schema\/person\/9f859689cdf01485597712386e37f5aa","name":"Kuzeyin Sesi","image":{"@type":"ImageObject","inLanguage":"tr","@id":"https:\/\/secure.gravatar.com\/avatar\/bab33852abfd8b282518d6ed81826833d77c3c882d9ab608add591ccace47a44?s=96&d=mm&r=g","url":"https:\/\/secure.gravatar.com\/avatar\/bab33852abfd8b282518d6ed81826833d77c3c882d9ab608add591ccace47a44?s=96&d=mm&r=g","contentUrl":"https:\/\/secure.gravatar.com\/avatar\/bab33852abfd8b282518d6ed81826833d77c3c882d9ab608add591ccace47a44?s=96&d=mm&r=g","caption":"Kuzeyin Sesi"},"sameAs":["https:\/\/kuzeyinsesi.org"],"url":"https:\/\/kuzeyinsesi.org\/index.php\/author\/guven\/"}]}},"_links":{"self":[{"href":"https:\/\/kuzeyinsesi.org\/index.php\/wp-json\/wp\/v2\/posts\/35989","targetHints":{"allow":["GET"]}}],"collection":[{"href":"https:\/\/kuzeyinsesi.org\/index.php\/wp-json\/wp\/v2\/posts"}],"about":[{"href":"https:\/\/kuzeyinsesi.org\/index.php\/wp-json\/wp\/v2\/types\/post"}],"author":[{"embeddable":true,"href":"https:\/\/kuzeyinsesi.org\/index.php\/wp-json\/wp\/v2\/users\/1"}],"replies":[{"embeddable":true,"href":"https:\/\/kuzeyinsesi.org\/index.php\/wp-json\/wp\/v2\/comments?post=35989"}],"version-history":[{"count":0,"href":"https:\/\/kuzeyinsesi.org\/index.php\/wp-json\/wp\/v2\/posts\/35989\/revisions"}],"wp:featuredmedia":[{"embeddable":true,"href":"https:\/\/kuzeyinsesi.org\/index.php\/wp-json\/wp\/v2\/media\/35990"}],"wp:attachment":[{"href":"https:\/\/kuzeyinsesi.org\/index.php\/wp-json\/wp\/v2\/media?parent=35989"}],"wp:term":[{"taxonomy":"category","embeddable":true,"href":"https:\/\/kuzeyinsesi.org\/index.php\/wp-json\/wp\/v2\/categories?post=35989"},{"taxonomy":"post_tag","embeddable":true,"href":"https:\/\/kuzeyinsesi.org\/index.php\/wp-json\/wp\/v2\/tags?post=35989"}],"curies":[{"name":"wp","href":"https:\/\/api.w.org\/{rel}","templated":true}]}}