{"id":35987,"date":"2026-02-26T17:11:40","date_gmt":"2026-02-26T15:11:40","guid":{"rendered":"https:\/\/kuzeyinsesi.org\/index.php\/2026\/02\/26\/turkiye-milli-savunma-bakani-guler-ozturkleri-kabul-etti-turkiye-ile-esgudum-icinde-calismayi-surdurecegiz\/"},"modified":"2026-02-26T17:11:40","modified_gmt":"2026-02-26T15:11:40","slug":"turkiye-milli-savunma-bakani-guler-ozturkleri-kabul-etti-turkiye-ile-esgudum-icinde-calismayi-surdurecegiz","status":"publish","type":"post","link":"https:\/\/kuzeyinsesi.org\/index.php\/2026\/02\/26\/turkiye-milli-savunma-bakani-guler-ozturkleri-kabul-etti-turkiye-ile-esgudum-icinde-calismayi-surdurecegiz\/","title":{"rendered":"T\u00fcrkiye Milli Savunma Bakan\u0131 G\u00fcler, \u00d6zt\u00fcrkler\u2019i kabul etti: T\u00fcrkiye ile e\u015fg\u00fcd\u00fcm i\u00e7inde \u00e7al\u0131\u015fmay\u0131 s\u00fcrd\u00fcrece\u011fiz"},"content":{"rendered":"<p>Cumhuriyet Meclisi Ba\u015fkan\u0131 Ziya \u00d6zt\u00fcrkler, T\u00fcrkiye Cumhuriyeti Milli Savunma Bakan\u0131 Ya\u015far G\u00fcler\u2019i ziyaretinde, K\u0131br\u0131s T\u00fcrk halk\u0131n\u0131n huzurunu ve g\u00fcvenli\u011fini teminat alt\u0131na almak ad\u0131na T\u00fcrkiye ile e\u015fg\u00fcd\u00fcm i\u00e7inde \u00e7al\u0131\u015fmalar\u0131n\u0131 s\u00fcrd\u00fcreceklerini s\u00f6yledi.<\/p>\n<p>Meclis\u2019ten yap\u0131lan a\u00e7\u0131klamaya g\u00f6re \u00d6zt\u00fcrkler, Ankara temaslar\u0131 kapsam\u0131nda T\u00fcrkiye Cumhuriyeti Milli Savunma Bakan\u0131 Ya\u015far G\u00fcler\u2019i makam\u0131nda ziyaret etti.<\/p>\n<p>G\u00f6r\u00fc\u015fmede, KKTC ile T\u00fcrkiye aras\u0131ndaki g\u00fc\u00e7l\u00fc ba\u011flar, savunma alan\u0131ndaki i\u015f birli\u011fi ve b\u00f6lgesel geli\u015fmeler ele al\u0131nd\u0131. Do\u011fu Akdeniz\u2019de ya\u015fanan geli\u015fmelerin de\u011ferlendirildi\u011fi g\u00f6r\u00fc\u015fmede, iki \u00fclke aras\u0131ndaki stratejik dayan\u0131\u015fman\u0131n \u00f6nemi vurguland\u0131.<\/p>\n<p>Ba\u015fkan \u00d6zt\u00fcrkler, g\u00f6r\u00fc\u015fme ile ilgili yapt\u0131\u011f\u0131 de\u011ferlendirmede, T\u00fcrkiye\u2019nin yaln\u0131zca tarihi ve k\u00fclt\u00fcrel ba\u011flarla de\u011fil, g\u00fcvenlik ve savunma alan\u0131ndaki g\u00fc\u00e7l\u00fc deste\u011fiyle de KKTC\u2019nin en sa\u011flam dayana\u011f\u0131 oldu\u011funu vurgulad\u0131.<\/p>\n<p>\u0130ki \u00fclke aras\u0131ndaki k\u00f6kl\u00fc ili\u015fkilerin ayn\u0131 kararl\u0131l\u0131k ve dayan\u0131\u015fma ruhuyla s\u00fcrd\u00fcr\u00fclece\u011fini belirten \u00d6zt\u00fcrkler, K\u0131br\u0131s T\u00fcrk halk\u0131n\u0131n huzurunu ve g\u00fcvenli\u011fini teminat alt\u0131na almak ad\u0131na T\u00fcrkiye ile e\u015fg\u00fcd\u00fcm i\u00e7inde \u00e7al\u0131\u015fmalar\u0131n\u0131 s\u00fcrd\u00fcreceklerini dile getirdi.<\/p>\n<p>T\u00fcrkiye Milli Savunma Bakan\u0131 G\u00fcler, \u00d6zt\u00fcrkler&#8217;i kabul etti: T\u00fcrkiye ile e\u015fg\u00fcd\u00fcm i\u00e7inde \u00e7al\u0131\u015fmay\u0131 s\u00fcrd\u00fcrece\u011fiz yaz\u0131s\u0131 ilk \u00f6nce K\u0131br\u0131s Hakikat \u00fczerinde ortaya \u00e7\u0131kt\u0131.<\/p>\n","protected":false},"excerpt":{"rendered":"<p>Cumhuriyet Meclisi Ba\u015fkan\u0131 Ziya \u00d6zt\u00fcrkler, T\u00fcrkiye Cumhuriyeti Milli Savunma Bakan\u0131 Ya\u015far G\u00fcler\u2019i ziyaretinde, K\u0131br\u0131s T\u00fcrk halk\u0131n\u0131n huzurunu ve g\u00fcvenli\u011fini teminat alt\u0131na almak ad\u0131na T\u00fcrkiye ile e\u015fg\u00fcd\u00fcm i\u00e7inde \u00e7al\u0131\u015fmalar\u0131n\u0131 s\u00fcrd\u00fcreceklerini s\u00f6yledi. Meclis\u2019ten yap\u0131lan a\u00e7\u0131klamaya g\u00f6re \u00d6zt\u00fcrkler, Ankara temaslar\u0131 kapsam\u0131nda T\u00fcrkiye Cumhuriyeti Milli Savunma Bakan\u0131 Ya\u015far G\u00fcler\u2019i makam\u0131nda ziyaret etti. G\u00f6r\u00fc\u015fmede, KKTC ile T\u00fcrkiye aras\u0131ndaki g\u00fc\u00e7l\u00fc ba\u011flar, [&hellip;]<\/p>\n","protected":false},"author":1,"featured_media":35988,"comment_status":"open","ping_status":"open","sticky":false,"template":"","format":"standard","meta":{"jnews-multi-image_gallery":[],"jnews_single_post":[],"jnews_primary_category":[],"jnews_social_meta":[],"jnews_override_counter":[],"footnotes":""},"categories":[1],"tags":[],"class_list":["post-35987","post","type-post","status-publish","format-standard","has-post-thumbnail","hentry","category-kibris"],"yoast_head":"<!-- This site is optimized with the Yoast SEO plugin v27.5 - https:\/\/yoast.com\/product\/yoast-seo-wordpress\/ -->\n<title>T\u00fcrkiye Milli Savunma Bakan\u0131 G\u00fcler, \u00d6zt\u00fcrkler\u2019i kabul etti: T\u00fcrkiye ile e\u015fg\u00fcd\u00fcm i\u00e7inde \u00e7al\u0131\u015fmay\u0131 s\u00fcrd\u00fcrece\u011fiz - Kuzeyin Sesi<\/title>\n<meta name=\"robots\" content=\"index, follow, max-snippet:-1, max-image-preview:large, max-video-preview:-1\" \/>\n<link rel=\"canonical\" href=\"https:\/\/kuzeyinsesi.org\/index.php\/2026\/02\/26\/turkiye-milli-savunma-bakani-guler-ozturkleri-kabul-etti-turkiye-ile-esgudum-icinde-calismayi-surdurecegiz\/\" \/>\n<meta property=\"og:locale\" content=\"tr_TR\" \/>\n<meta property=\"og:type\" content=\"article\" \/>\n<meta property=\"og:title\" content=\"T\u00fcrkiye Milli Savunma Bakan\u0131 G\u00fcler, \u00d6zt\u00fcrkler\u2019i kabul etti: T\u00fcrkiye ile e\u015fg\u00fcd\u00fcm i\u00e7inde \u00e7al\u0131\u015fmay\u0131 s\u00fcrd\u00fcrece\u011fiz - Kuzeyin Sesi\" \/>\n<meta property=\"og:description\" content=\"Cumhuriyet Meclisi Ba\u015fkan\u0131 Ziya \u00d6zt\u00fcrkler, T\u00fcrkiye Cumhuriyeti Milli Savunma Bakan\u0131 Ya\u015far G\u00fcler\u2019i ziyaretinde, K\u0131br\u0131s T\u00fcrk halk\u0131n\u0131n huzurunu ve g\u00fcvenli\u011fini teminat alt\u0131na almak ad\u0131na T\u00fcrkiye ile e\u015fg\u00fcd\u00fcm i\u00e7inde \u00e7al\u0131\u015fmalar\u0131n\u0131 s\u00fcrd\u00fcreceklerini s\u00f6yledi. Meclis\u2019ten yap\u0131lan a\u00e7\u0131klamaya g\u00f6re \u00d6zt\u00fcrkler, Ankara temaslar\u0131 kapsam\u0131nda T\u00fcrkiye Cumhuriyeti Milli Savunma Bakan\u0131 Ya\u015far G\u00fcler\u2019i makam\u0131nda ziyaret etti. G\u00f6r\u00fc\u015fmede, KKTC ile T\u00fcrkiye aras\u0131ndaki g\u00fc\u00e7l\u00fc ba\u011flar, [&hellip;]\" \/>\n<meta property=\"og:url\" content=\"https:\/\/kuzeyinsesi.org\/index.php\/2026\/02\/26\/turkiye-milli-savunma-bakani-guler-ozturkleri-kabul-etti-turkiye-ile-esgudum-icinde-calismayi-surdurecegiz\/\" \/>\n<meta property=\"og:site_name\" content=\"Kuzeyin Sesi\" \/>\n<meta property=\"article:publisher\" content=\"https:\/\/www.facebook.com\/kuzeyinsesii\" \/>\n<meta property=\"article:published_time\" content=\"2026-02-26T15:11:40+00:00\" \/>\n<meta name=\"author\" content=\"Kuzeyin Sesi\" \/>\n<meta name=\"twitter:card\" content=\"summary_large_image\" \/>\n<meta name=\"twitter:creator\" content=\"@kuzeyinsesii\" \/>\n<meta name=\"twitter:site\" content=\"@kuzeyinsesii\" \/>\n<meta name=\"twitter:label1\" content=\"Yazan:\" \/>\n\t<meta name=\"twitter:data1\" content=\"Kuzeyin Sesi\" \/>\n\t<meta name=\"twitter:label2\" content=\"Tahmini okuma s\u00fcresi\" \/>\n\t<meta name=\"twitter:data2\" content=\"1 dakika\" \/>\n<script type=\"application\/ld+json\" class=\"yoast-schema-graph\">{\"@context\":\"https:\\\/\\\/schema.org\",\"@graph\":[{\"@type\":\"Article\",\"@id\":\"https:\\\/\\\/kuzeyinsesi.org\\\/index.php\\\/2026\\\/02\\\/26\\\/turkiye-milli-savunma-bakani-guler-ozturkleri-kabul-etti-turkiye-ile-esgudum-icinde-calismayi-surdurecegiz\\\/#article\",\"isPartOf\":{\"@id\":\"https:\\\/\\\/kuzeyinsesi.org\\\/index.php\\\/2026\\\/02\\\/26\\\/turkiye-milli-savunma-bakani-guler-ozturkleri-kabul-etti-turkiye-ile-esgudum-icinde-calismayi-surdurecegiz\\\/\"},\"author\":{\"name\":\"Kuzeyin Sesi\",\"@id\":\"https:\\\/\\\/kuzeyinsesi.org\\\/#\\\/schema\\\/person\\\/9f859689cdf01485597712386e37f5aa\"},\"headline\":\"T\u00fcrkiye Milli Savunma Bakan\u0131 G\u00fcler, \u00d6zt\u00fcrkler\u2019i kabul etti: T\u00fcrkiye ile e\u015fg\u00fcd\u00fcm i\u00e7inde \u00e7al\u0131\u015fmay\u0131 s\u00fcrd\u00fcrece\u011fiz\",\"datePublished\":\"2026-02-26T15:11:40+00:00\",\"mainEntityOfPage\":{\"@id\":\"https:\\\/\\\/kuzeyinsesi.org\\\/index.php\\\/2026\\\/02\\\/26\\\/turkiye-milli-savunma-bakani-guler-ozturkleri-kabul-etti-turkiye-ile-esgudum-icinde-calismayi-surdurecegiz\\\/\"},\"wordCount\":306,\"commentCount\":0,\"image\":{\"@id\":\"https:\\\/\\\/kuzeyinsesi.org\\\/index.php\\\/2026\\\/02\\\/26\\\/turkiye-milli-savunma-bakani-guler-ozturkleri-kabul-etti-turkiye-ile-esgudum-icinde-calismayi-surdurecegiz\\\/#primaryimage\"},\"thumbnailUrl\":\"https:\\\/\\\/kuzeyinsesi.org\\\/wp-content\\\/uploads\\\/2026\\\/02\\\/IMG_7717.webp.webp\",\"articleSection\":[\"K\u0131br\u0131s\"],\"inLanguage\":\"tr\",\"potentialAction\":[{\"@type\":\"CommentAction\",\"name\":\"Comment\",\"target\":[\"https:\\\/\\\/kuzeyinsesi.org\\\/index.php\\\/2026\\\/02\\\/26\\\/turkiye-milli-savunma-bakani-guler-ozturkleri-kabul-etti-turkiye-ile-esgudum-icinde-calismayi-surdurecegiz\\\/#respond\"]}]},{\"@type\":\"WebPage\",\"@id\":\"https:\\\/\\\/kuzeyinsesi.org\\\/index.php\\\/2026\\\/02\\\/26\\\/turkiye-milli-savunma-bakani-guler-ozturkleri-kabul-etti-turkiye-ile-esgudum-icinde-calismayi-surdurecegiz\\\/\",\"url\":\"https:\\\/\\\/kuzeyinsesi.org\\\/index.php\\\/2026\\\/02\\\/26\\\/turkiye-milli-savunma-bakani-guler-ozturkleri-kabul-etti-turkiye-ile-esgudum-icinde-calismayi-surdurecegiz\\\/\",\"name\":\"T\u00fcrkiye Milli Savunma Bakan\u0131 G\u00fcler, \u00d6zt\u00fcrkler\u2019i kabul etti: T\u00fcrkiye ile e\u015fg\u00fcd\u00fcm i\u00e7inde \u00e7al\u0131\u015fmay\u0131 s\u00fcrd\u00fcrece\u011fiz - Kuzeyin Sesi\",\"isPartOf\":{\"@id\":\"https:\\\/\\\/kuzeyinsesi.org\\\/#website\"},\"primaryImageOfPage\":{\"@id\":\"https:\\\/\\\/kuzeyinsesi.org\\\/index.php\\\/2026\\\/02\\\/26\\\/turkiye-milli-savunma-bakani-guler-ozturkleri-kabul-etti-turkiye-ile-esgudum-icinde-calismayi-surdurecegiz\\\/#primaryimage\"},\"image\":{\"@id\":\"https:\\\/\\\/kuzeyinsesi.org\\\/index.php\\\/2026\\\/02\\\/26\\\/turkiye-milli-savunma-bakani-guler-ozturkleri-kabul-etti-turkiye-ile-esgudum-icinde-calismayi-surdurecegiz\\\/#primaryimage\"},\"thumbnailUrl\":\"https:\\\/\\\/kuzeyinsesi.org\\\/wp-content\\\/uploads\\\/2026\\\/02\\\/IMG_7717.webp.webp\",\"datePublished\":\"2026-02-26T15:11:40+00:00\",\"author\":{\"@id\":\"https:\\\/\\\/kuzeyinsesi.org\\\/#\\\/schema\\\/person\\\/9f859689cdf01485597712386e37f5aa\"},\"breadcrumb\":{\"@id\":\"https:\\\/\\\/kuzeyinsesi.org\\\/index.php\\\/2026\\\/02\\\/26\\\/turkiye-milli-savunma-bakani-guler-ozturkleri-kabul-etti-turkiye-ile-esgudum-icinde-calismayi-surdurecegiz\\\/#breadcrumb\"},\"inLanguage\":\"tr\",\"potentialAction\":[{\"@type\":\"ReadAction\",\"target\":[\"https:\\\/\\\/kuzeyinsesi.org\\\/index.php\\\/2026\\\/02\\\/26\\\/turkiye-milli-savunma-bakani-guler-ozturkleri-kabul-etti-turkiye-ile-esgudum-icinde-calismayi-surdurecegiz\\\/\"]}]},{\"@type\":\"ImageObject\",\"inLanguage\":\"tr\",\"@id\":\"https:\\\/\\\/kuzeyinsesi.org\\\/index.php\\\/2026\\\/02\\\/26\\\/turkiye-milli-savunma-bakani-guler-ozturkleri-kabul-etti-turkiye-ile-esgudum-icinde-calismayi-surdurecegiz\\\/#primaryimage\",\"url\":\"https:\\\/\\\/kuzeyinsesi.org\\\/wp-content\\\/uploads\\\/2026\\\/02\\\/IMG_7717.webp.webp\",\"contentUrl\":\"https:\\\/\\\/kuzeyinsesi.org\\\/wp-content\\\/uploads\\\/2026\\\/02\\\/IMG_7717.webp.webp\",\"width\":971,\"height\":551},{\"@type\":\"BreadcrumbList\",\"@id\":\"https:\\\/\\\/kuzeyinsesi.org\\\/index.php\\\/2026\\\/02\\\/26\\\/turkiye-milli-savunma-bakani-guler-ozturkleri-kabul-etti-turkiye-ile-esgudum-icinde-calismayi-surdurecegiz\\\/#breadcrumb\",\"itemListElement\":[{\"@type\":\"ListItem\",\"position\":1,\"name\":\"Anasayfa\",\"item\":\"https:\\\/\\\/kuzeyinsesi.org\\\/\"},{\"@type\":\"ListItem\",\"position\":2,\"name\":\"T\u00fcrkiye Milli Savunma Bakan\u0131 G\u00fcler, \u00d6zt\u00fcrkler\u2019i kabul etti: T\u00fcrkiye ile e\u015fg\u00fcd\u00fcm i\u00e7inde \u00e7al\u0131\u015fmay\u0131 s\u00fcrd\u00fcrece\u011fiz\"}]},{\"@type\":\"WebSite\",\"@id\":\"https:\\\/\\\/kuzeyinsesi.org\\\/#website\",\"url\":\"https:\\\/\\\/kuzeyinsesi.org\\\/\",\"name\":\"Kuzeyin Sesi\",\"description\":\"Do\u011fru Haberin Adresi\",\"potentialAction\":[{\"@type\":\"SearchAction\",\"target\":{\"@type\":\"EntryPoint\",\"urlTemplate\":\"https:\\\/\\\/kuzeyinsesi.org\\\/?s={search_term_string}\"},\"query-input\":{\"@type\":\"PropertyValueSpecification\",\"valueRequired\":true,\"valueName\":\"search_term_string\"}}],\"inLanguage\":\"tr\"},{\"@type\":\"Person\",\"@id\":\"https:\\\/\\\/kuzeyinsesi.org\\\/#\\\/schema\\\/person\\\/9f859689cdf01485597712386e37f5aa\",\"name\":\"Kuzeyin Sesi\",\"image\":{\"@type\":\"ImageObject\",\"inLanguage\":\"tr\",\"@id\":\"https:\\\/\\\/secure.gravatar.com\\\/avatar\\\/bab33852abfd8b282518d6ed81826833d77c3c882d9ab608add591ccace47a44?s=96&d=mm&r=g\",\"url\":\"https:\\\/\\\/secure.gravatar.com\\\/avatar\\\/bab33852abfd8b282518d6ed81826833d77c3c882d9ab608add591ccace47a44?s=96&d=mm&r=g\",\"contentUrl\":\"https:\\\/\\\/secure.gravatar.com\\\/avatar\\\/bab33852abfd8b282518d6ed81826833d77c3c882d9ab608add591ccace47a44?s=96&d=mm&r=g\",\"caption\":\"Kuzeyin Sesi\"},\"sameAs\":[\"https:\\\/\\\/kuzeyinsesi.org\"],\"url\":\"https:\\\/\\\/kuzeyinsesi.org\\\/index.php\\\/author\\\/guven\\\/\"}]}<\/script>\n<!-- \/ Yoast SEO plugin. -->","yoast_head_json":{"title":"T\u00fcrkiye Milli Savunma Bakan\u0131 G\u00fcler, \u00d6zt\u00fcrkler\u2019i kabul etti: T\u00fcrkiye ile e\u015fg\u00fcd\u00fcm i\u00e7inde \u00e7al\u0131\u015fmay\u0131 s\u00fcrd\u00fcrece\u011fiz - Kuzeyin Sesi","robots":{"index":"index","follow":"follow","max-snippet":"max-snippet:-1","max-image-preview":"max-image-preview:large","max-video-preview":"max-video-preview:-1"},"canonical":"https:\/\/kuzeyinsesi.org\/index.php\/2026\/02\/26\/turkiye-milli-savunma-bakani-guler-ozturkleri-kabul-etti-turkiye-ile-esgudum-icinde-calismayi-surdurecegiz\/","og_locale":"tr_TR","og_type":"article","og_title":"T\u00fcrkiye Milli Savunma Bakan\u0131 G\u00fcler, \u00d6zt\u00fcrkler\u2019i kabul etti: T\u00fcrkiye ile e\u015fg\u00fcd\u00fcm i\u00e7inde \u00e7al\u0131\u015fmay\u0131 s\u00fcrd\u00fcrece\u011fiz - Kuzeyin Sesi","og_description":"Cumhuriyet Meclisi Ba\u015fkan\u0131 Ziya \u00d6zt\u00fcrkler, T\u00fcrkiye Cumhuriyeti Milli Savunma Bakan\u0131 Ya\u015far G\u00fcler\u2019i ziyaretinde, K\u0131br\u0131s T\u00fcrk halk\u0131n\u0131n huzurunu ve g\u00fcvenli\u011fini teminat alt\u0131na almak ad\u0131na T\u00fcrkiye ile e\u015fg\u00fcd\u00fcm i\u00e7inde \u00e7al\u0131\u015fmalar\u0131n\u0131 s\u00fcrd\u00fcreceklerini s\u00f6yledi. Meclis\u2019ten yap\u0131lan a\u00e7\u0131klamaya g\u00f6re \u00d6zt\u00fcrkler, Ankara temaslar\u0131 kapsam\u0131nda T\u00fcrkiye Cumhuriyeti Milli Savunma Bakan\u0131 Ya\u015far G\u00fcler\u2019i makam\u0131nda ziyaret etti. G\u00f6r\u00fc\u015fmede, KKTC ile T\u00fcrkiye aras\u0131ndaki g\u00fc\u00e7l\u00fc ba\u011flar, [&hellip;]","og_url":"https:\/\/kuzeyinsesi.org\/index.php\/2026\/02\/26\/turkiye-milli-savunma-bakani-guler-ozturkleri-kabul-etti-turkiye-ile-esgudum-icinde-calismayi-surdurecegiz\/","og_site_name":"Kuzeyin Sesi","article_publisher":"https:\/\/www.facebook.com\/kuzeyinsesii","article_published_time":"2026-02-26T15:11:40+00:00","author":"Kuzeyin Sesi","twitter_card":"summary_large_image","twitter_creator":"@kuzeyinsesii","twitter_site":"@kuzeyinsesii","twitter_misc":{"Yazan:":"Kuzeyin Sesi","Tahmini okuma s\u00fcresi":"1 dakika"},"schema":{"@context":"https:\/\/schema.org","@graph":[{"@type":"Article","@id":"https:\/\/kuzeyinsesi.org\/index.php\/2026\/02\/26\/turkiye-milli-savunma-bakani-guler-ozturkleri-kabul-etti-turkiye-ile-esgudum-icinde-calismayi-surdurecegiz\/#article","isPartOf":{"@id":"https:\/\/kuzeyinsesi.org\/index.php\/2026\/02\/26\/turkiye-milli-savunma-bakani-guler-ozturkleri-kabul-etti-turkiye-ile-esgudum-icinde-calismayi-surdurecegiz\/"},"author":{"name":"Kuzeyin Sesi","@id":"https:\/\/kuzeyinsesi.org\/#\/schema\/person\/9f859689cdf01485597712386e37f5aa"},"headline":"T\u00fcrkiye Milli Savunma Bakan\u0131 G\u00fcler, \u00d6zt\u00fcrkler\u2019i kabul etti: T\u00fcrkiye ile e\u015fg\u00fcd\u00fcm i\u00e7inde \u00e7al\u0131\u015fmay\u0131 s\u00fcrd\u00fcrece\u011fiz","datePublished":"2026-02-26T15:11:40+00:00","mainEntityOfPage":{"@id":"https:\/\/kuzeyinsesi.org\/index.php\/2026\/02\/26\/turkiye-milli-savunma-bakani-guler-ozturkleri-kabul-etti-turkiye-ile-esgudum-icinde-calismayi-surdurecegiz\/"},"wordCount":306,"commentCount":0,"image":{"@id":"https:\/\/kuzeyinsesi.org\/index.php\/2026\/02\/26\/turkiye-milli-savunma-bakani-guler-ozturkleri-kabul-etti-turkiye-ile-esgudum-icinde-calismayi-surdurecegiz\/#primaryimage"},"thumbnailUrl":"https:\/\/kuzeyinsesi.org\/wp-content\/uploads\/2026\/02\/IMG_7717.webp.webp","articleSection":["K\u0131br\u0131s"],"inLanguage":"tr","potentialAction":[{"@type":"CommentAction","name":"Comment","target":["https:\/\/kuzeyinsesi.org\/index.php\/2026\/02\/26\/turkiye-milli-savunma-bakani-guler-ozturkleri-kabul-etti-turkiye-ile-esgudum-icinde-calismayi-surdurecegiz\/#respond"]}]},{"@type":"WebPage","@id":"https:\/\/kuzeyinsesi.org\/index.php\/2026\/02\/26\/turkiye-milli-savunma-bakani-guler-ozturkleri-kabul-etti-turkiye-ile-esgudum-icinde-calismayi-surdurecegiz\/","url":"https:\/\/kuzeyinsesi.org\/index.php\/2026\/02\/26\/turkiye-milli-savunma-bakani-guler-ozturkleri-kabul-etti-turkiye-ile-esgudum-icinde-calismayi-surdurecegiz\/","name":"T\u00fcrkiye Milli Savunma Bakan\u0131 G\u00fcler, \u00d6zt\u00fcrkler\u2019i kabul etti: T\u00fcrkiye ile e\u015fg\u00fcd\u00fcm i\u00e7inde \u00e7al\u0131\u015fmay\u0131 s\u00fcrd\u00fcrece\u011fiz - Kuzeyin Sesi","isPartOf":{"@id":"https:\/\/kuzeyinsesi.org\/#website"},"primaryImageOfPage":{"@id":"https:\/\/kuzeyinsesi.org\/index.php\/2026\/02\/26\/turkiye-milli-savunma-bakani-guler-ozturkleri-kabul-etti-turkiye-ile-esgudum-icinde-calismayi-surdurecegiz\/#primaryimage"},"image":{"@id":"https:\/\/kuzeyinsesi.org\/index.php\/2026\/02\/26\/turkiye-milli-savunma-bakani-guler-ozturkleri-kabul-etti-turkiye-ile-esgudum-icinde-calismayi-surdurecegiz\/#primaryimage"},"thumbnailUrl":"https:\/\/kuzeyinsesi.org\/wp-content\/uploads\/2026\/02\/IMG_7717.webp.webp","datePublished":"2026-02-26T15:11:40+00:00","author":{"@id":"https:\/\/kuzeyinsesi.org\/#\/schema\/person\/9f859689cdf01485597712386e37f5aa"},"breadcrumb":{"@id":"https:\/\/kuzeyinsesi.org\/index.php\/2026\/02\/26\/turkiye-milli-savunma-bakani-guler-ozturkleri-kabul-etti-turkiye-ile-esgudum-icinde-calismayi-surdurecegiz\/#breadcrumb"},"inLanguage":"tr","potentialAction":[{"@type":"ReadAction","target":["https:\/\/kuzeyinsesi.org\/index.php\/2026\/02\/26\/turkiye-milli-savunma-bakani-guler-ozturkleri-kabul-etti-turkiye-ile-esgudum-icinde-calismayi-surdurecegiz\/"]}]},{"@type":"ImageObject","inLanguage":"tr","@id":"https:\/\/kuzeyinsesi.org\/index.php\/2026\/02\/26\/turkiye-milli-savunma-bakani-guler-ozturkleri-kabul-etti-turkiye-ile-esgudum-icinde-calismayi-surdurecegiz\/#primaryimage","url":"https:\/\/kuzeyinsesi.org\/wp-content\/uploads\/2026\/02\/IMG_7717.webp.webp","contentUrl":"https:\/\/kuzeyinsesi.org\/wp-content\/uploads\/2026\/02\/IMG_7717.webp.webp","width":971,"height":551},{"@type":"BreadcrumbList","@id":"https:\/\/kuzeyinsesi.org\/index.php\/2026\/02\/26\/turkiye-milli-savunma-bakani-guler-ozturkleri-kabul-etti-turkiye-ile-esgudum-icinde-calismayi-surdurecegiz\/#breadcrumb","itemListElement":[{"@type":"ListItem","position":1,"name":"Anasayfa","item":"https:\/\/kuzeyinsesi.org\/"},{"@type":"ListItem","position":2,"name":"T\u00fcrkiye Milli Savunma Bakan\u0131 G\u00fcler, \u00d6zt\u00fcrkler\u2019i kabul etti: T\u00fcrkiye ile e\u015fg\u00fcd\u00fcm i\u00e7inde \u00e7al\u0131\u015fmay\u0131 s\u00fcrd\u00fcrece\u011fiz"}]},{"@type":"WebSite","@id":"https:\/\/kuzeyinsesi.org\/#website","url":"https:\/\/kuzeyinsesi.org\/","name":"Kuzeyin Sesi","description":"Do\u011fru Haberin Adresi","potentialAction":[{"@type":"SearchAction","target":{"@type":"EntryPoint","urlTemplate":"https:\/\/kuzeyinsesi.org\/?s={search_term_string}"},"query-input":{"@type":"PropertyValueSpecification","valueRequired":true,"valueName":"search_term_string"}}],"inLanguage":"tr"},{"@type":"Person","@id":"https:\/\/kuzeyinsesi.org\/#\/schema\/person\/9f859689cdf01485597712386e37f5aa","name":"Kuzeyin Sesi","image":{"@type":"ImageObject","inLanguage":"tr","@id":"https:\/\/secure.gravatar.com\/avatar\/bab33852abfd8b282518d6ed81826833d77c3c882d9ab608add591ccace47a44?s=96&d=mm&r=g","url":"https:\/\/secure.gravatar.com\/avatar\/bab33852abfd8b282518d6ed81826833d77c3c882d9ab608add591ccace47a44?s=96&d=mm&r=g","contentUrl":"https:\/\/secure.gravatar.com\/avatar\/bab33852abfd8b282518d6ed81826833d77c3c882d9ab608add591ccace47a44?s=96&d=mm&r=g","caption":"Kuzeyin Sesi"},"sameAs":["https:\/\/kuzeyinsesi.org"],"url":"https:\/\/kuzeyinsesi.org\/index.php\/author\/guven\/"}]}},"_links":{"self":[{"href":"https:\/\/kuzeyinsesi.org\/index.php\/wp-json\/wp\/v2\/posts\/35987","targetHints":{"allow":["GET"]}}],"collection":[{"href":"https:\/\/kuzeyinsesi.org\/index.php\/wp-json\/wp\/v2\/posts"}],"about":[{"href":"https:\/\/kuzeyinsesi.org\/index.php\/wp-json\/wp\/v2\/types\/post"}],"author":[{"embeddable":true,"href":"https:\/\/kuzeyinsesi.org\/index.php\/wp-json\/wp\/v2\/users\/1"}],"replies":[{"embeddable":true,"href":"https:\/\/kuzeyinsesi.org\/index.php\/wp-json\/wp\/v2\/comments?post=35987"}],"version-history":[{"count":0,"href":"https:\/\/kuzeyinsesi.org\/index.php\/wp-json\/wp\/v2\/posts\/35987\/revisions"}],"wp:featuredmedia":[{"embeddable":true,"href":"https:\/\/kuzeyinsesi.org\/index.php\/wp-json\/wp\/v2\/media\/35988"}],"wp:attachment":[{"href":"https:\/\/kuzeyinsesi.org\/index.php\/wp-json\/wp\/v2\/media?parent=35987"}],"wp:term":[{"taxonomy":"category","embeddable":true,"href":"https:\/\/kuzeyinsesi.org\/index.php\/wp-json\/wp\/v2\/categories?post=35987"},{"taxonomy":"post_tag","embeddable":true,"href":"https:\/\/kuzeyinsesi.org\/index.php\/wp-json\/wp\/v2\/tags?post=35987"}],"curies":[{"name":"wp","href":"https:\/\/api.w.org\/{rel}","templated":true}]}}