{"id":35985,"date":"2026-02-26T14:42:42","date_gmt":"2026-02-26T12:42:42","guid":{"rendered":"https:\/\/kuzeyinsesi.org\/index.php\/2026\/02\/26\/celal-karatureden-islam-alemine-ders\/"},"modified":"2026-02-26T14:42:42","modified_gmt":"2026-02-26T12:42:42","slug":"celal-karatureden-islam-alemine-ders","status":"publish","type":"post","link":"https:\/\/kuzeyinsesi.org\/index.php\/2026\/02\/26\/celal-karatureden-islam-alemine-ders\/","title":{"rendered":"CELAL KARATURE\u2019DEN \u0130SLAM ALEM\u0130NE DERS"},"content":{"rendered":"<p>\u0130slam d\u00fcnyas\u0131n\u0131n bug\u00fcn en \u00e7ok ihtiya\u00e7 duydu\u011fu \u015fey nedir diye sorsak, san\u0131r\u0131m pek \u00e7o\u011fumuz ayn\u0131 kelimede bulu\u015furuz: samimiyet.<br \/>\nT\u00fcrkiye\u2019de Roman as\u0131ll\u0131 bir vatanda\u015f olan Celal Karature, okudu\u011fu bir ilahiyle asl\u0131nda sadece bir eser seslendirmedi; fark\u0131nda olarak ya da olmayarak b\u00fct\u00fcn \u0130slam \u00e2lemine \u00e7ok g\u00fc\u00e7l\u00fc bir mesaj verdi.<br \/>\nMesaj basitti ama derindi: Allah i\u00e7in yap\u0131lan i\u015f, g\u00f6steri\u015fsiz de olsa yolunu bulur.<br \/>\nS\u00f6z konusu ilahi, y\u0131llard\u0131r Abdurrahman \u00d6n\u00fcl taraf\u0131ndan bestelenmi\u015f, binlerce ki\u015fi taraf\u0131ndan farkl\u0131 yorumlarla seslendirilmi\u015fti.<br \/>\nL\u00fcks salonlarda, \u015f\u0131k kost\u00fcmlerle, pahal\u0131 prod\u00fcksiyonlarla, milyonluk saatler takan bileklerin \u201cAllah birdir\u201d i\u015fareti e\u015fli\u011finde okudu\u011fu bu eserler oldu.<br \/>\nOldu ama nedense beklenen kar\u015f\u0131l\u0131\u011f\u0131 bulmad\u0131.<br \/>\nDerken Celal Karature \u00e7\u0131kt\u0131 kar\u015f\u0131m\u0131za.<br \/>\nRoman kimli\u011fiyle, ba\u015f\u0131ndaki m\u00fctevaz\u0131 takkesiyle, elindeki pahal\u0131 oldu\u011fu pek de s\u00f6ylenemeyecek defiyle\u2026<br \/>\n\u00dczerindeki k\u0131yafetler belki semt pazar\u0131ndan al\u0131nm\u0131\u015ft\u0131. Yan\u0131nda birka\u00e7 arkada\u015f\u0131 vard\u0131; enstr\u00fcman yoktu, teknoloji yoktu. Sadece a\u011f\u0131zlardan \u00e7\u0131kan bir ritim vard\u0131:<br \/>\n\u201cAllah\u2026 Allah\u2026 Allah\u2026\u201d<br \/>\nVe bir de niyet vard\u0131.<br \/>\nSadece Allah r\u0131zas\u0131.<br \/>\n\u0130\u015fte tam da bu y\u00fczden g\u00f6n\u00fcllere dokundu. \u00d6nce kulaklara girdi, sonra kalplere\u2026<br \/>\nArd\u0131ndan listelere. T\u00fcrkiye\u2019de birincili\u011fe, d\u00fcnyada ise sekizinci s\u0131raya oturdu.<br \/>\nBu bir tesad\u00fcf m\u00fcyd\u00fc? Yoksa bize verilmi\u015f a\u00e7\u0131k bir ders miydi?<br \/>\nBence bu, \u0130slam \u00e2lemi i\u00e7in ba\u015fl\u0131 ba\u015f\u0131na bir tebli\u011f modeliydi.<br \/>\nG\u00f6steri\u015ften uzak, kibirden ar\u0131nm\u0131\u015f, peygamber\u00ee bir yol.<br \/>\n\u0130nsanlar\u0131n kalbine yukar\u0131dan bakarak de\u011fil, yan\u0131na diz \u00e7\u00f6kerek girmeyi tercih eden bir yol.<br \/>\nBizim inanc\u0131m\u0131zda ba\u015far\u0131; \u015fatafatla, ihti\u015famla, \u201cben\u201d diyerek \u00f6l\u00e7\u00fclmez.<br \/>\nAksine tevazu, sadelik ve samimiyetle anlam kazan\u0131r. Riyadan, kibirden, benlikten uzak bir hayat; dinimizin as\u0131l ba\u015far\u0131 \u00f6l\u00e7\u00fcs\u00fcd\u00fcr.<br \/>\nHepimizin dilinde olan o d\u00fcstur vard\u0131r ya:<br \/>\n\u201cRabbim \u2018ol\u2019 deyince olur.\u201d<br \/>\nBelli ki Rabbim \u201col\u201d dedi\u2026<br \/>\nVe Karature zirve oldu.<br \/>\nNe mutlu bu manzaradan ders \u00e7\u0131karmaya \u00e7al\u0131\u015fanlara.<br \/>\nNe mutlu h\u00e2l\u00e2 samimiyetin kazand\u0131\u011f\u0131na inananlara.<\/p>\n<p>CELAL KARATURE\u2019DEN \u0130SLAM ALEM\u0130NE DERS yaz\u0131s\u0131 ilk \u00f6nce K\u0131br\u0131s Hakikat \u00fczerinde ortaya \u00e7\u0131kt\u0131.<\/p>\n","protected":false},"excerpt":{"rendered":"<p>\u0130slam d\u00fcnyas\u0131n\u0131n bug\u00fcn en \u00e7ok ihtiya\u00e7 duydu\u011fu \u015fey nedir diye sorsak, san\u0131r\u0131m pek \u00e7o\u011fumuz ayn\u0131 kelimede bulu\u015furuz: samimiyet. T\u00fcrkiye\u2019de Roman as\u0131ll\u0131 bir vatanda\u015f olan Celal Karature, okudu\u011fu bir ilahiyle asl\u0131nda sadece bir eser seslendirmedi; fark\u0131nda olarak ya da olmayarak b\u00fct\u00fcn \u0130slam \u00e2lemine \u00e7ok g\u00fc\u00e7l\u00fc bir mesaj verdi. Mesaj basitti ama derindi: Allah i\u00e7in yap\u0131lan i\u015f, [&hellip;]<\/p>\n","protected":false},"author":1,"featured_media":35986,"comment_status":"open","ping_status":"open","sticky":false,"template":"","format":"standard","meta":{"jnews-multi-image_gallery":[],"jnews_single_post":[],"jnews_primary_category":[],"jnews_social_meta":[],"jnews_override_counter":[],"footnotes":""},"categories":[1],"tags":[],"class_list":["post-35985","post","type-post","status-publish","format-standard","has-post-thumbnail","hentry","category-kibris"],"yoast_head":"<!-- This site is optimized with the Yoast SEO plugin v27.5 - https:\/\/yoast.com\/product\/yoast-seo-wordpress\/ -->\n<title>CELAL KARATURE\u2019DEN \u0130SLAM ALEM\u0130NE DERS - Kuzeyin Sesi<\/title>\n<meta name=\"robots\" content=\"index, follow, max-snippet:-1, max-image-preview:large, max-video-preview:-1\" \/>\n<link rel=\"canonical\" href=\"https:\/\/kuzeyinsesi.org\/index.php\/2026\/02\/26\/celal-karatureden-islam-alemine-ders\/\" \/>\n<meta property=\"og:locale\" content=\"tr_TR\" \/>\n<meta property=\"og:type\" content=\"article\" \/>\n<meta property=\"og:title\" content=\"CELAL KARATURE\u2019DEN \u0130SLAM ALEM\u0130NE DERS - Kuzeyin Sesi\" \/>\n<meta property=\"og:description\" content=\"\u0130slam d\u00fcnyas\u0131n\u0131n bug\u00fcn en \u00e7ok ihtiya\u00e7 duydu\u011fu \u015fey nedir diye sorsak, san\u0131r\u0131m pek \u00e7o\u011fumuz ayn\u0131 kelimede bulu\u015furuz: samimiyet. T\u00fcrkiye\u2019de Roman as\u0131ll\u0131 bir vatanda\u015f olan Celal Karature, okudu\u011fu bir ilahiyle asl\u0131nda sadece bir eser seslendirmedi; fark\u0131nda olarak ya da olmayarak b\u00fct\u00fcn \u0130slam \u00e2lemine \u00e7ok g\u00fc\u00e7l\u00fc bir mesaj verdi. Mesaj basitti ama derindi: Allah i\u00e7in yap\u0131lan i\u015f, [&hellip;]\" \/>\n<meta property=\"og:url\" content=\"https:\/\/kuzeyinsesi.org\/index.php\/2026\/02\/26\/celal-karatureden-islam-alemine-ders\/\" \/>\n<meta property=\"og:site_name\" content=\"Kuzeyin Sesi\" \/>\n<meta property=\"article:publisher\" content=\"https:\/\/www.facebook.com\/kuzeyinsesii\" \/>\n<meta property=\"article:published_time\" content=\"2026-02-26T12:42:42+00:00\" \/>\n<meta name=\"author\" content=\"Kuzeyin Sesi\" \/>\n<meta name=\"twitter:card\" content=\"summary_large_image\" \/>\n<meta name=\"twitter:creator\" content=\"@kuzeyinsesii\" \/>\n<meta name=\"twitter:site\" content=\"@kuzeyinsesii\" \/>\n<meta name=\"twitter:label1\" content=\"Yazan:\" \/>\n\t<meta name=\"twitter:data1\" content=\"Kuzeyin Sesi\" \/>\n\t<meta name=\"twitter:label2\" content=\"Tahmini okuma s\u00fcresi\" \/>\n\t<meta name=\"twitter:data2\" content=\"2 dakika\" \/>\n<script type=\"application\/ld+json\" class=\"yoast-schema-graph\">{\"@context\":\"https:\\\/\\\/schema.org\",\"@graph\":[{\"@type\":\"Article\",\"@id\":\"https:\\\/\\\/kuzeyinsesi.org\\\/index.php\\\/2026\\\/02\\\/26\\\/celal-karatureden-islam-alemine-ders\\\/#article\",\"isPartOf\":{\"@id\":\"https:\\\/\\\/kuzeyinsesi.org\\\/index.php\\\/2026\\\/02\\\/26\\\/celal-karatureden-islam-alemine-ders\\\/\"},\"author\":{\"name\":\"Kuzeyin Sesi\",\"@id\":\"https:\\\/\\\/kuzeyinsesi.org\\\/#\\\/schema\\\/person\\\/9f859689cdf01485597712386e37f5aa\"},\"headline\":\"CELAL KARATURE\u2019DEN \u0130SLAM ALEM\u0130NE DERS\",\"datePublished\":\"2026-02-26T12:42:42+00:00\",\"mainEntityOfPage\":{\"@id\":\"https:\\\/\\\/kuzeyinsesi.org\\\/index.php\\\/2026\\\/02\\\/26\\\/celal-karatureden-islam-alemine-ders\\\/\"},\"wordCount\":382,\"commentCount\":0,\"image\":{\"@id\":\"https:\\\/\\\/kuzeyinsesi.org\\\/index.php\\\/2026\\\/02\\\/26\\\/celal-karatureden-islam-alemine-ders\\\/#primaryimage\"},\"thumbnailUrl\":\"https:\\\/\\\/kuzeyinsesi.org\\\/wp-content\\\/uploads\\\/2026\\\/02\\\/Kirmizi-Modern-Haber-Merkezi-Youtube-Kucuk-Resim-9.png\",\"articleSection\":[\"K\u0131br\u0131s\"],\"inLanguage\":\"tr\",\"potentialAction\":[{\"@type\":\"CommentAction\",\"name\":\"Comment\",\"target\":[\"https:\\\/\\\/kuzeyinsesi.org\\\/index.php\\\/2026\\\/02\\\/26\\\/celal-karatureden-islam-alemine-ders\\\/#respond\"]}]},{\"@type\":\"WebPage\",\"@id\":\"https:\\\/\\\/kuzeyinsesi.org\\\/index.php\\\/2026\\\/02\\\/26\\\/celal-karatureden-islam-alemine-ders\\\/\",\"url\":\"https:\\\/\\\/kuzeyinsesi.org\\\/index.php\\\/2026\\\/02\\\/26\\\/celal-karatureden-islam-alemine-ders\\\/\",\"name\":\"CELAL KARATURE\u2019DEN \u0130SLAM ALEM\u0130NE DERS - Kuzeyin Sesi\",\"isPartOf\":{\"@id\":\"https:\\\/\\\/kuzeyinsesi.org\\\/#website\"},\"primaryImageOfPage\":{\"@id\":\"https:\\\/\\\/kuzeyinsesi.org\\\/index.php\\\/2026\\\/02\\\/26\\\/celal-karatureden-islam-alemine-ders\\\/#primaryimage\"},\"image\":{\"@id\":\"https:\\\/\\\/kuzeyinsesi.org\\\/index.php\\\/2026\\\/02\\\/26\\\/celal-karatureden-islam-alemine-ders\\\/#primaryimage\"},\"thumbnailUrl\":\"https:\\\/\\\/kuzeyinsesi.org\\\/wp-content\\\/uploads\\\/2026\\\/02\\\/Kirmizi-Modern-Haber-Merkezi-Youtube-Kucuk-Resim-9.png\",\"datePublished\":\"2026-02-26T12:42:42+00:00\",\"author\":{\"@id\":\"https:\\\/\\\/kuzeyinsesi.org\\\/#\\\/schema\\\/person\\\/9f859689cdf01485597712386e37f5aa\"},\"breadcrumb\":{\"@id\":\"https:\\\/\\\/kuzeyinsesi.org\\\/index.php\\\/2026\\\/02\\\/26\\\/celal-karatureden-islam-alemine-ders\\\/#breadcrumb\"},\"inLanguage\":\"tr\",\"potentialAction\":[{\"@type\":\"ReadAction\",\"target\":[\"https:\\\/\\\/kuzeyinsesi.org\\\/index.php\\\/2026\\\/02\\\/26\\\/celal-karatureden-islam-alemine-ders\\\/\"]}]},{\"@type\":\"ImageObject\",\"inLanguage\":\"tr\",\"@id\":\"https:\\\/\\\/kuzeyinsesi.org\\\/index.php\\\/2026\\\/02\\\/26\\\/celal-karatureden-islam-alemine-ders\\\/#primaryimage\",\"url\":\"https:\\\/\\\/kuzeyinsesi.org\\\/wp-content\\\/uploads\\\/2026\\\/02\\\/Kirmizi-Modern-Haber-Merkezi-Youtube-Kucuk-Resim-9.png\",\"contentUrl\":\"https:\\\/\\\/kuzeyinsesi.org\\\/wp-content\\\/uploads\\\/2026\\\/02\\\/Kirmizi-Modern-Haber-Merkezi-Youtube-Kucuk-Resim-9.png\",\"width\":1280,\"height\":720},{\"@type\":\"BreadcrumbList\",\"@id\":\"https:\\\/\\\/kuzeyinsesi.org\\\/index.php\\\/2026\\\/02\\\/26\\\/celal-karatureden-islam-alemine-ders\\\/#breadcrumb\",\"itemListElement\":[{\"@type\":\"ListItem\",\"position\":1,\"name\":\"Anasayfa\",\"item\":\"https:\\\/\\\/kuzeyinsesi.org\\\/\"},{\"@type\":\"ListItem\",\"position\":2,\"name\":\"CELAL KARATURE\u2019DEN \u0130SLAM ALEM\u0130NE DERS\"}]},{\"@type\":\"WebSite\",\"@id\":\"https:\\\/\\\/kuzeyinsesi.org\\\/#website\",\"url\":\"https:\\\/\\\/kuzeyinsesi.org\\\/\",\"name\":\"Kuzeyin Sesi\",\"description\":\"Do\u011fru Haberin Adresi\",\"potentialAction\":[{\"@type\":\"SearchAction\",\"target\":{\"@type\":\"EntryPoint\",\"urlTemplate\":\"https:\\\/\\\/kuzeyinsesi.org\\\/?s={search_term_string}\"},\"query-input\":{\"@type\":\"PropertyValueSpecification\",\"valueRequired\":true,\"valueName\":\"search_term_string\"}}],\"inLanguage\":\"tr\"},{\"@type\":\"Person\",\"@id\":\"https:\\\/\\\/kuzeyinsesi.org\\\/#\\\/schema\\\/person\\\/9f859689cdf01485597712386e37f5aa\",\"name\":\"Kuzeyin Sesi\",\"image\":{\"@type\":\"ImageObject\",\"inLanguage\":\"tr\",\"@id\":\"https:\\\/\\\/secure.gravatar.com\\\/avatar\\\/bab33852abfd8b282518d6ed81826833d77c3c882d9ab608add591ccace47a44?s=96&d=mm&r=g\",\"url\":\"https:\\\/\\\/secure.gravatar.com\\\/avatar\\\/bab33852abfd8b282518d6ed81826833d77c3c882d9ab608add591ccace47a44?s=96&d=mm&r=g\",\"contentUrl\":\"https:\\\/\\\/secure.gravatar.com\\\/avatar\\\/bab33852abfd8b282518d6ed81826833d77c3c882d9ab608add591ccace47a44?s=96&d=mm&r=g\",\"caption\":\"Kuzeyin Sesi\"},\"sameAs\":[\"https:\\\/\\\/kuzeyinsesi.org\"],\"url\":\"https:\\\/\\\/kuzeyinsesi.org\\\/index.php\\\/author\\\/guven\\\/\"}]}<\/script>\n<!-- \/ Yoast SEO plugin. -->","yoast_head_json":{"title":"CELAL KARATURE\u2019DEN \u0130SLAM ALEM\u0130NE DERS - Kuzeyin Sesi","robots":{"index":"index","follow":"follow","max-snippet":"max-snippet:-1","max-image-preview":"max-image-preview:large","max-video-preview":"max-video-preview:-1"},"canonical":"https:\/\/kuzeyinsesi.org\/index.php\/2026\/02\/26\/celal-karatureden-islam-alemine-ders\/","og_locale":"tr_TR","og_type":"article","og_title":"CELAL KARATURE\u2019DEN \u0130SLAM ALEM\u0130NE DERS - Kuzeyin Sesi","og_description":"\u0130slam d\u00fcnyas\u0131n\u0131n bug\u00fcn en \u00e7ok ihtiya\u00e7 duydu\u011fu \u015fey nedir diye sorsak, san\u0131r\u0131m pek \u00e7o\u011fumuz ayn\u0131 kelimede bulu\u015furuz: samimiyet. T\u00fcrkiye\u2019de Roman as\u0131ll\u0131 bir vatanda\u015f olan Celal Karature, okudu\u011fu bir ilahiyle asl\u0131nda sadece bir eser seslendirmedi; fark\u0131nda olarak ya da olmayarak b\u00fct\u00fcn \u0130slam \u00e2lemine \u00e7ok g\u00fc\u00e7l\u00fc bir mesaj verdi. Mesaj basitti ama derindi: Allah i\u00e7in yap\u0131lan i\u015f, [&hellip;]","og_url":"https:\/\/kuzeyinsesi.org\/index.php\/2026\/02\/26\/celal-karatureden-islam-alemine-ders\/","og_site_name":"Kuzeyin Sesi","article_publisher":"https:\/\/www.facebook.com\/kuzeyinsesii","article_published_time":"2026-02-26T12:42:42+00:00","author":"Kuzeyin Sesi","twitter_card":"summary_large_image","twitter_creator":"@kuzeyinsesii","twitter_site":"@kuzeyinsesii","twitter_misc":{"Yazan:":"Kuzeyin Sesi","Tahmini okuma s\u00fcresi":"2 dakika"},"schema":{"@context":"https:\/\/schema.org","@graph":[{"@type":"Article","@id":"https:\/\/kuzeyinsesi.org\/index.php\/2026\/02\/26\/celal-karatureden-islam-alemine-ders\/#article","isPartOf":{"@id":"https:\/\/kuzeyinsesi.org\/index.php\/2026\/02\/26\/celal-karatureden-islam-alemine-ders\/"},"author":{"name":"Kuzeyin Sesi","@id":"https:\/\/kuzeyinsesi.org\/#\/schema\/person\/9f859689cdf01485597712386e37f5aa"},"headline":"CELAL KARATURE\u2019DEN \u0130SLAM ALEM\u0130NE DERS","datePublished":"2026-02-26T12:42:42+00:00","mainEntityOfPage":{"@id":"https:\/\/kuzeyinsesi.org\/index.php\/2026\/02\/26\/celal-karatureden-islam-alemine-ders\/"},"wordCount":382,"commentCount":0,"image":{"@id":"https:\/\/kuzeyinsesi.org\/index.php\/2026\/02\/26\/celal-karatureden-islam-alemine-ders\/#primaryimage"},"thumbnailUrl":"https:\/\/kuzeyinsesi.org\/wp-content\/uploads\/2026\/02\/Kirmizi-Modern-Haber-Merkezi-Youtube-Kucuk-Resim-9.png","articleSection":["K\u0131br\u0131s"],"inLanguage":"tr","potentialAction":[{"@type":"CommentAction","name":"Comment","target":["https:\/\/kuzeyinsesi.org\/index.php\/2026\/02\/26\/celal-karatureden-islam-alemine-ders\/#respond"]}]},{"@type":"WebPage","@id":"https:\/\/kuzeyinsesi.org\/index.php\/2026\/02\/26\/celal-karatureden-islam-alemine-ders\/","url":"https:\/\/kuzeyinsesi.org\/index.php\/2026\/02\/26\/celal-karatureden-islam-alemine-ders\/","name":"CELAL KARATURE\u2019DEN \u0130SLAM ALEM\u0130NE DERS - Kuzeyin Sesi","isPartOf":{"@id":"https:\/\/kuzeyinsesi.org\/#website"},"primaryImageOfPage":{"@id":"https:\/\/kuzeyinsesi.org\/index.php\/2026\/02\/26\/celal-karatureden-islam-alemine-ders\/#primaryimage"},"image":{"@id":"https:\/\/kuzeyinsesi.org\/index.php\/2026\/02\/26\/celal-karatureden-islam-alemine-ders\/#primaryimage"},"thumbnailUrl":"https:\/\/kuzeyinsesi.org\/wp-content\/uploads\/2026\/02\/Kirmizi-Modern-Haber-Merkezi-Youtube-Kucuk-Resim-9.png","datePublished":"2026-02-26T12:42:42+00:00","author":{"@id":"https:\/\/kuzeyinsesi.org\/#\/schema\/person\/9f859689cdf01485597712386e37f5aa"},"breadcrumb":{"@id":"https:\/\/kuzeyinsesi.org\/index.php\/2026\/02\/26\/celal-karatureden-islam-alemine-ders\/#breadcrumb"},"inLanguage":"tr","potentialAction":[{"@type":"ReadAction","target":["https:\/\/kuzeyinsesi.org\/index.php\/2026\/02\/26\/celal-karatureden-islam-alemine-ders\/"]}]},{"@type":"ImageObject","inLanguage":"tr","@id":"https:\/\/kuzeyinsesi.org\/index.php\/2026\/02\/26\/celal-karatureden-islam-alemine-ders\/#primaryimage","url":"https:\/\/kuzeyinsesi.org\/wp-content\/uploads\/2026\/02\/Kirmizi-Modern-Haber-Merkezi-Youtube-Kucuk-Resim-9.png","contentUrl":"https:\/\/kuzeyinsesi.org\/wp-content\/uploads\/2026\/02\/Kirmizi-Modern-Haber-Merkezi-Youtube-Kucuk-Resim-9.png","width":1280,"height":720},{"@type":"BreadcrumbList","@id":"https:\/\/kuzeyinsesi.org\/index.php\/2026\/02\/26\/celal-karatureden-islam-alemine-ders\/#breadcrumb","itemListElement":[{"@type":"ListItem","position":1,"name":"Anasayfa","item":"https:\/\/kuzeyinsesi.org\/"},{"@type":"ListItem","position":2,"name":"CELAL KARATURE\u2019DEN \u0130SLAM ALEM\u0130NE DERS"}]},{"@type":"WebSite","@id":"https:\/\/kuzeyinsesi.org\/#website","url":"https:\/\/kuzeyinsesi.org\/","name":"Kuzeyin Sesi","description":"Do\u011fru Haberin Adresi","potentialAction":[{"@type":"SearchAction","target":{"@type":"EntryPoint","urlTemplate":"https:\/\/kuzeyinsesi.org\/?s={search_term_string}"},"query-input":{"@type":"PropertyValueSpecification","valueRequired":true,"valueName":"search_term_string"}}],"inLanguage":"tr"},{"@type":"Person","@id":"https:\/\/kuzeyinsesi.org\/#\/schema\/person\/9f859689cdf01485597712386e37f5aa","name":"Kuzeyin Sesi","image":{"@type":"ImageObject","inLanguage":"tr","@id":"https:\/\/secure.gravatar.com\/avatar\/bab33852abfd8b282518d6ed81826833d77c3c882d9ab608add591ccace47a44?s=96&d=mm&r=g","url":"https:\/\/secure.gravatar.com\/avatar\/bab33852abfd8b282518d6ed81826833d77c3c882d9ab608add591ccace47a44?s=96&d=mm&r=g","contentUrl":"https:\/\/secure.gravatar.com\/avatar\/bab33852abfd8b282518d6ed81826833d77c3c882d9ab608add591ccace47a44?s=96&d=mm&r=g","caption":"Kuzeyin Sesi"},"sameAs":["https:\/\/kuzeyinsesi.org"],"url":"https:\/\/kuzeyinsesi.org\/index.php\/author\/guven\/"}]}},"_links":{"self":[{"href":"https:\/\/kuzeyinsesi.org\/index.php\/wp-json\/wp\/v2\/posts\/35985","targetHints":{"allow":["GET"]}}],"collection":[{"href":"https:\/\/kuzeyinsesi.org\/index.php\/wp-json\/wp\/v2\/posts"}],"about":[{"href":"https:\/\/kuzeyinsesi.org\/index.php\/wp-json\/wp\/v2\/types\/post"}],"author":[{"embeddable":true,"href":"https:\/\/kuzeyinsesi.org\/index.php\/wp-json\/wp\/v2\/users\/1"}],"replies":[{"embeddable":true,"href":"https:\/\/kuzeyinsesi.org\/index.php\/wp-json\/wp\/v2\/comments?post=35985"}],"version-history":[{"count":0,"href":"https:\/\/kuzeyinsesi.org\/index.php\/wp-json\/wp\/v2\/posts\/35985\/revisions"}],"wp:featuredmedia":[{"embeddable":true,"href":"https:\/\/kuzeyinsesi.org\/index.php\/wp-json\/wp\/v2\/media\/35986"}],"wp:attachment":[{"href":"https:\/\/kuzeyinsesi.org\/index.php\/wp-json\/wp\/v2\/media?parent=35985"}],"wp:term":[{"taxonomy":"category","embeddable":true,"href":"https:\/\/kuzeyinsesi.org\/index.php\/wp-json\/wp\/v2\/categories?post=35985"},{"taxonomy":"post_tag","embeddable":true,"href":"https:\/\/kuzeyinsesi.org\/index.php\/wp-json\/wp\/v2\/tags?post=35985"}],"curies":[{"name":"wp","href":"https:\/\/api.w.org\/{rel}","templated":true}]}}