{"id":35981,"date":"2026-02-26T13:45:36","date_gmt":"2026-02-26T11:45:36","guid":{"rendered":"https:\/\/kuzeyinsesi.org\/index.php\/2026\/02\/26\/erhurman-karpazda-halkla-bir-araya-geldi-yurttaslarin-sorunlari-dinlendi\/"},"modified":"2026-02-26T13:45:36","modified_gmt":"2026-02-26T11:45:36","slug":"erhurman-karpazda-halkla-bir-araya-geldi-yurttaslarin-sorunlari-dinlendi","status":"publish","type":"post","link":"https:\/\/kuzeyinsesi.org\/index.php\/2026\/02\/26\/erhurman-karpazda-halkla-bir-araya-geldi-yurttaslarin-sorunlari-dinlendi\/","title":{"rendered":"Erh\u00fcrman, Karpaz\u2019da halkla bir araya geldi: Yurtta\u015flar\u0131n sorunlar\u0131 dinlendi"},"content":{"rendered":"<p>Cumhurba\u015fkan\u0131 Tufan Erh\u00fcrman, \u0130skele-Karpaz b\u00f6lgesine ger\u00e7ekle\u015ftirdi\u011fi ziyaret kapsam\u0131nda Dipkarpaz, Yeni Erenk\u00f6y, Kumyal\u0131, Mehmet\u00e7ik, Yedikonuk ve B\u00fcy\u00fckkonuk\u2019u ziyaret ederek b\u00f6lge halk\u0131yla bir araya geldi.<br \/>\nZiyaretleri s\u0131ras\u0131nda yurtta\u015flarla sohbet eden Erh\u00fcrman, b\u00f6lge sakinlerinin sorunlar\u0131n\u0131 dinleyerek sorular\u0131 yan\u0131tlad\u0131.<\/p>\n<p>Cumhurba\u015fkan\u0131 Erh\u00fcrman, Karpaz\u2019a hem b\u00f6lge halk\u0131yla yeniden bir arada olmak ve hasret gidermek hem de vatanda\u015flar\u0131n sorunlar\u0131n\u0131 yerinde dinleyip not almak amac\u0131yla gitti\u011fini ifade etti.<\/p>\n<p>Cumhurba\u015fkan\u0131 Erh\u00fcrman Cumhurba\u015fkanl\u0131\u011f\u0131 makam\u0131n\u0131n yaln\u0131zca d\u0131\u015f konular ve K\u0131br\u0131s meselesiyle ilgilenmedi\u011fini i\u00e7 konularda da koordinasyon g\u00f6revinin oldu\u011funu, halk\u0131n sorunlar\u0131na duyars\u0131z kal\u0131nmayaca\u011f\u0131n\u0131 ifade etti.<\/p>\n<p>Cumhurba\u015fkan\u0131 Erh\u00fcrman, se\u00e7imden \u00f6nce de belirtti\u011fi gibi halk ile birlikte y\u00fcr\u00fcmeye devam edece\u011fini dile getirerek K\u0131br\u0131s sorununda gelinen son a\u015fama ile ilgili sorular\u0131 yan\u0131tlad\u0131.<\/p>\n<p>K\u00f6y ziyaretlerinde b\u00fcy\u00fck ilgi ve sevgiyle kar\u015f\u0131lanan Cumhurba\u015fkan\u0131 Erh\u00fcrman\u2019a b\u00f6lge belediye ba\u015fkanlar\u0131, baz\u0131 milletvekilleri, kaymakam ve b\u00f6lge muhtarlar\u0131 e\u015flik etti.<\/p>\n<p>&nbsp;<\/p>\n<p>Erh\u00fcrman, Karpaz\u2019da halkla bir araya geldi: Yurtta\u015flar\u0131n sorunlar\u0131 dinlendi yaz\u0131s\u0131 ilk \u00f6nce K\u0131br\u0131s Hakikat \u00fczerinde ortaya \u00e7\u0131kt\u0131.<\/p>\n","protected":false},"excerpt":{"rendered":"<p>Cumhurba\u015fkan\u0131 Tufan Erh\u00fcrman, \u0130skele-Karpaz b\u00f6lgesine ger\u00e7ekle\u015ftirdi\u011fi ziyaret kapsam\u0131nda Dipkarpaz, Yeni Erenk\u00f6y, Kumyal\u0131, Mehmet\u00e7ik, Yedikonuk ve B\u00fcy\u00fckkonuk\u2019u ziyaret ederek b\u00f6lge halk\u0131yla bir araya geldi. Ziyaretleri s\u0131ras\u0131nda yurtta\u015flarla sohbet eden Erh\u00fcrman, b\u00f6lge sakinlerinin sorunlar\u0131n\u0131 dinleyerek sorular\u0131 yan\u0131tlad\u0131. Cumhurba\u015fkan\u0131 Erh\u00fcrman, Karpaz\u2019a hem b\u00f6lge halk\u0131yla yeniden bir arada olmak ve hasret gidermek hem de vatanda\u015flar\u0131n sorunlar\u0131n\u0131 yerinde dinleyip not [&hellip;]<\/p>\n","protected":false},"author":1,"featured_media":35982,"comment_status":"open","ping_status":"open","sticky":false,"template":"","format":"standard","meta":{"jnews-multi-image_gallery":[],"jnews_single_post":[],"jnews_primary_category":[],"jnews_social_meta":[],"jnews_override_counter":[],"footnotes":""},"categories":[1],"tags":[],"class_list":["post-35981","post","type-post","status-publish","format-standard","has-post-thumbnail","hentry","category-kibris"],"yoast_head":"<!-- This site is optimized with the Yoast SEO plugin v27.5 - https:\/\/yoast.com\/product\/yoast-seo-wordpress\/ -->\n<title>Erh\u00fcrman, Karpaz\u2019da halkla bir araya geldi: Yurtta\u015flar\u0131n sorunlar\u0131 dinlendi - Kuzeyin Sesi<\/title>\n<meta name=\"robots\" content=\"index, follow, max-snippet:-1, max-image-preview:large, max-video-preview:-1\" \/>\n<link rel=\"canonical\" href=\"https:\/\/kuzeyinsesi.org\/index.php\/2026\/02\/26\/erhurman-karpazda-halkla-bir-araya-geldi-yurttaslarin-sorunlari-dinlendi\/\" \/>\n<meta property=\"og:locale\" content=\"tr_TR\" \/>\n<meta property=\"og:type\" content=\"article\" \/>\n<meta property=\"og:title\" content=\"Erh\u00fcrman, Karpaz\u2019da halkla bir araya geldi: Yurtta\u015flar\u0131n sorunlar\u0131 dinlendi - Kuzeyin Sesi\" \/>\n<meta property=\"og:description\" content=\"Cumhurba\u015fkan\u0131 Tufan Erh\u00fcrman, \u0130skele-Karpaz b\u00f6lgesine ger\u00e7ekle\u015ftirdi\u011fi ziyaret kapsam\u0131nda Dipkarpaz, Yeni Erenk\u00f6y, Kumyal\u0131, Mehmet\u00e7ik, Yedikonuk ve B\u00fcy\u00fckkonuk\u2019u ziyaret ederek b\u00f6lge halk\u0131yla bir araya geldi. Ziyaretleri s\u0131ras\u0131nda yurtta\u015flarla sohbet eden Erh\u00fcrman, b\u00f6lge sakinlerinin sorunlar\u0131n\u0131 dinleyerek sorular\u0131 yan\u0131tlad\u0131. Cumhurba\u015fkan\u0131 Erh\u00fcrman, Karpaz\u2019a hem b\u00f6lge halk\u0131yla yeniden bir arada olmak ve hasret gidermek hem de vatanda\u015flar\u0131n sorunlar\u0131n\u0131 yerinde dinleyip not [&hellip;]\" \/>\n<meta property=\"og:url\" content=\"https:\/\/kuzeyinsesi.org\/index.php\/2026\/02\/26\/erhurman-karpazda-halkla-bir-araya-geldi-yurttaslarin-sorunlari-dinlendi\/\" \/>\n<meta property=\"og:site_name\" content=\"Kuzeyin Sesi\" \/>\n<meta property=\"article:publisher\" content=\"https:\/\/www.facebook.com\/kuzeyinsesii\" \/>\n<meta property=\"article:published_time\" content=\"2026-02-26T11:45:36+00:00\" \/>\n<meta name=\"author\" content=\"Kuzeyin Sesi\" \/>\n<meta name=\"twitter:card\" content=\"summary_large_image\" \/>\n<meta name=\"twitter:creator\" content=\"@kuzeyinsesii\" \/>\n<meta name=\"twitter:site\" content=\"@kuzeyinsesii\" \/>\n<meta name=\"twitter:label1\" content=\"Yazan:\" \/>\n\t<meta name=\"twitter:data1\" content=\"Kuzeyin Sesi\" \/>\n\t<meta name=\"twitter:label2\" content=\"Tahmini okuma s\u00fcresi\" \/>\n\t<meta name=\"twitter:data2\" content=\"1 dakika\" \/>\n<script type=\"application\/ld+json\" class=\"yoast-schema-graph\">{\"@context\":\"https:\\\/\\\/schema.org\",\"@graph\":[{\"@type\":\"Article\",\"@id\":\"https:\\\/\\\/kuzeyinsesi.org\\\/index.php\\\/2026\\\/02\\\/26\\\/erhurman-karpazda-halkla-bir-araya-geldi-yurttaslarin-sorunlari-dinlendi\\\/#article\",\"isPartOf\":{\"@id\":\"https:\\\/\\\/kuzeyinsesi.org\\\/index.php\\\/2026\\\/02\\\/26\\\/erhurman-karpazda-halkla-bir-araya-geldi-yurttaslarin-sorunlari-dinlendi\\\/\"},\"author\":{\"name\":\"Kuzeyin Sesi\",\"@id\":\"https:\\\/\\\/kuzeyinsesi.org\\\/#\\\/schema\\\/person\\\/9f859689cdf01485597712386e37f5aa\"},\"headline\":\"Erh\u00fcrman, Karpaz\u2019da halkla bir araya geldi: Yurtta\u015flar\u0131n sorunlar\u0131 dinlendi\",\"datePublished\":\"2026-02-26T11:45:36+00:00\",\"mainEntityOfPage\":{\"@id\":\"https:\\\/\\\/kuzeyinsesi.org\\\/index.php\\\/2026\\\/02\\\/26\\\/erhurman-karpazda-halkla-bir-araya-geldi-yurttaslarin-sorunlari-dinlendi\\\/\"},\"wordCount\":234,\"commentCount\":0,\"image\":{\"@id\":\"https:\\\/\\\/kuzeyinsesi.org\\\/index.php\\\/2026\\\/02\\\/26\\\/erhurman-karpazda-halkla-bir-araya-geldi-yurttaslarin-sorunlari-dinlendi\\\/#primaryimage\"},\"thumbnailUrl\":\"https:\\\/\\\/kuzeyinsesi.org\\\/wp-content\\\/uploads\\\/2026\\\/02\\\/IMG_7699.webp.webp\",\"articleSection\":[\"K\u0131br\u0131s\"],\"inLanguage\":\"tr\",\"potentialAction\":[{\"@type\":\"CommentAction\",\"name\":\"Comment\",\"target\":[\"https:\\\/\\\/kuzeyinsesi.org\\\/index.php\\\/2026\\\/02\\\/26\\\/erhurman-karpazda-halkla-bir-araya-geldi-yurttaslarin-sorunlari-dinlendi\\\/#respond\"]}]},{\"@type\":\"WebPage\",\"@id\":\"https:\\\/\\\/kuzeyinsesi.org\\\/index.php\\\/2026\\\/02\\\/26\\\/erhurman-karpazda-halkla-bir-araya-geldi-yurttaslarin-sorunlari-dinlendi\\\/\",\"url\":\"https:\\\/\\\/kuzeyinsesi.org\\\/index.php\\\/2026\\\/02\\\/26\\\/erhurman-karpazda-halkla-bir-araya-geldi-yurttaslarin-sorunlari-dinlendi\\\/\",\"name\":\"Erh\u00fcrman, Karpaz\u2019da halkla bir araya geldi: Yurtta\u015flar\u0131n sorunlar\u0131 dinlendi - Kuzeyin Sesi\",\"isPartOf\":{\"@id\":\"https:\\\/\\\/kuzeyinsesi.org\\\/#website\"},\"primaryImageOfPage\":{\"@id\":\"https:\\\/\\\/kuzeyinsesi.org\\\/index.php\\\/2026\\\/02\\\/26\\\/erhurman-karpazda-halkla-bir-araya-geldi-yurttaslarin-sorunlari-dinlendi\\\/#primaryimage\"},\"image\":{\"@id\":\"https:\\\/\\\/kuzeyinsesi.org\\\/index.php\\\/2026\\\/02\\\/26\\\/erhurman-karpazda-halkla-bir-araya-geldi-yurttaslarin-sorunlari-dinlendi\\\/#primaryimage\"},\"thumbnailUrl\":\"https:\\\/\\\/kuzeyinsesi.org\\\/wp-content\\\/uploads\\\/2026\\\/02\\\/IMG_7699.webp.webp\",\"datePublished\":\"2026-02-26T11:45:36+00:00\",\"author\":{\"@id\":\"https:\\\/\\\/kuzeyinsesi.org\\\/#\\\/schema\\\/person\\\/9f859689cdf01485597712386e37f5aa\"},\"breadcrumb\":{\"@id\":\"https:\\\/\\\/kuzeyinsesi.org\\\/index.php\\\/2026\\\/02\\\/26\\\/erhurman-karpazda-halkla-bir-araya-geldi-yurttaslarin-sorunlari-dinlendi\\\/#breadcrumb\"},\"inLanguage\":\"tr\",\"potentialAction\":[{\"@type\":\"ReadAction\",\"target\":[\"https:\\\/\\\/kuzeyinsesi.org\\\/index.php\\\/2026\\\/02\\\/26\\\/erhurman-karpazda-halkla-bir-araya-geldi-yurttaslarin-sorunlari-dinlendi\\\/\"]}]},{\"@type\":\"ImageObject\",\"inLanguage\":\"tr\",\"@id\":\"https:\\\/\\\/kuzeyinsesi.org\\\/index.php\\\/2026\\\/02\\\/26\\\/erhurman-karpazda-halkla-bir-araya-geldi-yurttaslarin-sorunlari-dinlendi\\\/#primaryimage\",\"url\":\"https:\\\/\\\/kuzeyinsesi.org\\\/wp-content\\\/uploads\\\/2026\\\/02\\\/IMG_7699.webp.webp\",\"contentUrl\":\"https:\\\/\\\/kuzeyinsesi.org\\\/wp-content\\\/uploads\\\/2026\\\/02\\\/IMG_7699.webp.webp\",\"width\":971,\"height\":551},{\"@type\":\"BreadcrumbList\",\"@id\":\"https:\\\/\\\/kuzeyinsesi.org\\\/index.php\\\/2026\\\/02\\\/26\\\/erhurman-karpazda-halkla-bir-araya-geldi-yurttaslarin-sorunlari-dinlendi\\\/#breadcrumb\",\"itemListElement\":[{\"@type\":\"ListItem\",\"position\":1,\"name\":\"Anasayfa\",\"item\":\"https:\\\/\\\/kuzeyinsesi.org\\\/\"},{\"@type\":\"ListItem\",\"position\":2,\"name\":\"Erh\u00fcrman, Karpaz\u2019da halkla bir araya geldi: Yurtta\u015flar\u0131n sorunlar\u0131 dinlendi\"}]},{\"@type\":\"WebSite\",\"@id\":\"https:\\\/\\\/kuzeyinsesi.org\\\/#website\",\"url\":\"https:\\\/\\\/kuzeyinsesi.org\\\/\",\"name\":\"Kuzeyin Sesi\",\"description\":\"Do\u011fru Haberin Adresi\",\"potentialAction\":[{\"@type\":\"SearchAction\",\"target\":{\"@type\":\"EntryPoint\",\"urlTemplate\":\"https:\\\/\\\/kuzeyinsesi.org\\\/?s={search_term_string}\"},\"query-input\":{\"@type\":\"PropertyValueSpecification\",\"valueRequired\":true,\"valueName\":\"search_term_string\"}}],\"inLanguage\":\"tr\"},{\"@type\":\"Person\",\"@id\":\"https:\\\/\\\/kuzeyinsesi.org\\\/#\\\/schema\\\/person\\\/9f859689cdf01485597712386e37f5aa\",\"name\":\"Kuzeyin Sesi\",\"image\":{\"@type\":\"ImageObject\",\"inLanguage\":\"tr\",\"@id\":\"https:\\\/\\\/secure.gravatar.com\\\/avatar\\\/bab33852abfd8b282518d6ed81826833d77c3c882d9ab608add591ccace47a44?s=96&d=mm&r=g\",\"url\":\"https:\\\/\\\/secure.gravatar.com\\\/avatar\\\/bab33852abfd8b282518d6ed81826833d77c3c882d9ab608add591ccace47a44?s=96&d=mm&r=g\",\"contentUrl\":\"https:\\\/\\\/secure.gravatar.com\\\/avatar\\\/bab33852abfd8b282518d6ed81826833d77c3c882d9ab608add591ccace47a44?s=96&d=mm&r=g\",\"caption\":\"Kuzeyin Sesi\"},\"sameAs\":[\"https:\\\/\\\/kuzeyinsesi.org\"],\"url\":\"https:\\\/\\\/kuzeyinsesi.org\\\/index.php\\\/author\\\/guven\\\/\"}]}<\/script>\n<!-- \/ Yoast SEO plugin. -->","yoast_head_json":{"title":"Erh\u00fcrman, Karpaz\u2019da halkla bir araya geldi: Yurtta\u015flar\u0131n sorunlar\u0131 dinlendi - Kuzeyin Sesi","robots":{"index":"index","follow":"follow","max-snippet":"max-snippet:-1","max-image-preview":"max-image-preview:large","max-video-preview":"max-video-preview:-1"},"canonical":"https:\/\/kuzeyinsesi.org\/index.php\/2026\/02\/26\/erhurman-karpazda-halkla-bir-araya-geldi-yurttaslarin-sorunlari-dinlendi\/","og_locale":"tr_TR","og_type":"article","og_title":"Erh\u00fcrman, Karpaz\u2019da halkla bir araya geldi: Yurtta\u015flar\u0131n sorunlar\u0131 dinlendi - Kuzeyin Sesi","og_description":"Cumhurba\u015fkan\u0131 Tufan Erh\u00fcrman, \u0130skele-Karpaz b\u00f6lgesine ger\u00e7ekle\u015ftirdi\u011fi ziyaret kapsam\u0131nda Dipkarpaz, Yeni Erenk\u00f6y, Kumyal\u0131, Mehmet\u00e7ik, Yedikonuk ve B\u00fcy\u00fckkonuk\u2019u ziyaret ederek b\u00f6lge halk\u0131yla bir araya geldi. Ziyaretleri s\u0131ras\u0131nda yurtta\u015flarla sohbet eden Erh\u00fcrman, b\u00f6lge sakinlerinin sorunlar\u0131n\u0131 dinleyerek sorular\u0131 yan\u0131tlad\u0131. Cumhurba\u015fkan\u0131 Erh\u00fcrman, Karpaz\u2019a hem b\u00f6lge halk\u0131yla yeniden bir arada olmak ve hasret gidermek hem de vatanda\u015flar\u0131n sorunlar\u0131n\u0131 yerinde dinleyip not [&hellip;]","og_url":"https:\/\/kuzeyinsesi.org\/index.php\/2026\/02\/26\/erhurman-karpazda-halkla-bir-araya-geldi-yurttaslarin-sorunlari-dinlendi\/","og_site_name":"Kuzeyin Sesi","article_publisher":"https:\/\/www.facebook.com\/kuzeyinsesii","article_published_time":"2026-02-26T11:45:36+00:00","author":"Kuzeyin Sesi","twitter_card":"summary_large_image","twitter_creator":"@kuzeyinsesii","twitter_site":"@kuzeyinsesii","twitter_misc":{"Yazan:":"Kuzeyin Sesi","Tahmini okuma s\u00fcresi":"1 dakika"},"schema":{"@context":"https:\/\/schema.org","@graph":[{"@type":"Article","@id":"https:\/\/kuzeyinsesi.org\/index.php\/2026\/02\/26\/erhurman-karpazda-halkla-bir-araya-geldi-yurttaslarin-sorunlari-dinlendi\/#article","isPartOf":{"@id":"https:\/\/kuzeyinsesi.org\/index.php\/2026\/02\/26\/erhurman-karpazda-halkla-bir-araya-geldi-yurttaslarin-sorunlari-dinlendi\/"},"author":{"name":"Kuzeyin Sesi","@id":"https:\/\/kuzeyinsesi.org\/#\/schema\/person\/9f859689cdf01485597712386e37f5aa"},"headline":"Erh\u00fcrman, Karpaz\u2019da halkla bir araya geldi: Yurtta\u015flar\u0131n sorunlar\u0131 dinlendi","datePublished":"2026-02-26T11:45:36+00:00","mainEntityOfPage":{"@id":"https:\/\/kuzeyinsesi.org\/index.php\/2026\/02\/26\/erhurman-karpazda-halkla-bir-araya-geldi-yurttaslarin-sorunlari-dinlendi\/"},"wordCount":234,"commentCount":0,"image":{"@id":"https:\/\/kuzeyinsesi.org\/index.php\/2026\/02\/26\/erhurman-karpazda-halkla-bir-araya-geldi-yurttaslarin-sorunlari-dinlendi\/#primaryimage"},"thumbnailUrl":"https:\/\/kuzeyinsesi.org\/wp-content\/uploads\/2026\/02\/IMG_7699.webp.webp","articleSection":["K\u0131br\u0131s"],"inLanguage":"tr","potentialAction":[{"@type":"CommentAction","name":"Comment","target":["https:\/\/kuzeyinsesi.org\/index.php\/2026\/02\/26\/erhurman-karpazda-halkla-bir-araya-geldi-yurttaslarin-sorunlari-dinlendi\/#respond"]}]},{"@type":"WebPage","@id":"https:\/\/kuzeyinsesi.org\/index.php\/2026\/02\/26\/erhurman-karpazda-halkla-bir-araya-geldi-yurttaslarin-sorunlari-dinlendi\/","url":"https:\/\/kuzeyinsesi.org\/index.php\/2026\/02\/26\/erhurman-karpazda-halkla-bir-araya-geldi-yurttaslarin-sorunlari-dinlendi\/","name":"Erh\u00fcrman, Karpaz\u2019da halkla bir araya geldi: Yurtta\u015flar\u0131n sorunlar\u0131 dinlendi - Kuzeyin Sesi","isPartOf":{"@id":"https:\/\/kuzeyinsesi.org\/#website"},"primaryImageOfPage":{"@id":"https:\/\/kuzeyinsesi.org\/index.php\/2026\/02\/26\/erhurman-karpazda-halkla-bir-araya-geldi-yurttaslarin-sorunlari-dinlendi\/#primaryimage"},"image":{"@id":"https:\/\/kuzeyinsesi.org\/index.php\/2026\/02\/26\/erhurman-karpazda-halkla-bir-araya-geldi-yurttaslarin-sorunlari-dinlendi\/#primaryimage"},"thumbnailUrl":"https:\/\/kuzeyinsesi.org\/wp-content\/uploads\/2026\/02\/IMG_7699.webp.webp","datePublished":"2026-02-26T11:45:36+00:00","author":{"@id":"https:\/\/kuzeyinsesi.org\/#\/schema\/person\/9f859689cdf01485597712386e37f5aa"},"breadcrumb":{"@id":"https:\/\/kuzeyinsesi.org\/index.php\/2026\/02\/26\/erhurman-karpazda-halkla-bir-araya-geldi-yurttaslarin-sorunlari-dinlendi\/#breadcrumb"},"inLanguage":"tr","potentialAction":[{"@type":"ReadAction","target":["https:\/\/kuzeyinsesi.org\/index.php\/2026\/02\/26\/erhurman-karpazda-halkla-bir-araya-geldi-yurttaslarin-sorunlari-dinlendi\/"]}]},{"@type":"ImageObject","inLanguage":"tr","@id":"https:\/\/kuzeyinsesi.org\/index.php\/2026\/02\/26\/erhurman-karpazda-halkla-bir-araya-geldi-yurttaslarin-sorunlari-dinlendi\/#primaryimage","url":"https:\/\/kuzeyinsesi.org\/wp-content\/uploads\/2026\/02\/IMG_7699.webp.webp","contentUrl":"https:\/\/kuzeyinsesi.org\/wp-content\/uploads\/2026\/02\/IMG_7699.webp.webp","width":971,"height":551},{"@type":"BreadcrumbList","@id":"https:\/\/kuzeyinsesi.org\/index.php\/2026\/02\/26\/erhurman-karpazda-halkla-bir-araya-geldi-yurttaslarin-sorunlari-dinlendi\/#breadcrumb","itemListElement":[{"@type":"ListItem","position":1,"name":"Anasayfa","item":"https:\/\/kuzeyinsesi.org\/"},{"@type":"ListItem","position":2,"name":"Erh\u00fcrman, Karpaz\u2019da halkla bir araya geldi: Yurtta\u015flar\u0131n sorunlar\u0131 dinlendi"}]},{"@type":"WebSite","@id":"https:\/\/kuzeyinsesi.org\/#website","url":"https:\/\/kuzeyinsesi.org\/","name":"Kuzeyin Sesi","description":"Do\u011fru Haberin Adresi","potentialAction":[{"@type":"SearchAction","target":{"@type":"EntryPoint","urlTemplate":"https:\/\/kuzeyinsesi.org\/?s={search_term_string}"},"query-input":{"@type":"PropertyValueSpecification","valueRequired":true,"valueName":"search_term_string"}}],"inLanguage":"tr"},{"@type":"Person","@id":"https:\/\/kuzeyinsesi.org\/#\/schema\/person\/9f859689cdf01485597712386e37f5aa","name":"Kuzeyin Sesi","image":{"@type":"ImageObject","inLanguage":"tr","@id":"https:\/\/secure.gravatar.com\/avatar\/bab33852abfd8b282518d6ed81826833d77c3c882d9ab608add591ccace47a44?s=96&d=mm&r=g","url":"https:\/\/secure.gravatar.com\/avatar\/bab33852abfd8b282518d6ed81826833d77c3c882d9ab608add591ccace47a44?s=96&d=mm&r=g","contentUrl":"https:\/\/secure.gravatar.com\/avatar\/bab33852abfd8b282518d6ed81826833d77c3c882d9ab608add591ccace47a44?s=96&d=mm&r=g","caption":"Kuzeyin Sesi"},"sameAs":["https:\/\/kuzeyinsesi.org"],"url":"https:\/\/kuzeyinsesi.org\/index.php\/author\/guven\/"}]}},"_links":{"self":[{"href":"https:\/\/kuzeyinsesi.org\/index.php\/wp-json\/wp\/v2\/posts\/35981","targetHints":{"allow":["GET"]}}],"collection":[{"href":"https:\/\/kuzeyinsesi.org\/index.php\/wp-json\/wp\/v2\/posts"}],"about":[{"href":"https:\/\/kuzeyinsesi.org\/index.php\/wp-json\/wp\/v2\/types\/post"}],"author":[{"embeddable":true,"href":"https:\/\/kuzeyinsesi.org\/index.php\/wp-json\/wp\/v2\/users\/1"}],"replies":[{"embeddable":true,"href":"https:\/\/kuzeyinsesi.org\/index.php\/wp-json\/wp\/v2\/comments?post=35981"}],"version-history":[{"count":0,"href":"https:\/\/kuzeyinsesi.org\/index.php\/wp-json\/wp\/v2\/posts\/35981\/revisions"}],"wp:featuredmedia":[{"embeddable":true,"href":"https:\/\/kuzeyinsesi.org\/index.php\/wp-json\/wp\/v2\/media\/35982"}],"wp:attachment":[{"href":"https:\/\/kuzeyinsesi.org\/index.php\/wp-json\/wp\/v2\/media?parent=35981"}],"wp:term":[{"taxonomy":"category","embeddable":true,"href":"https:\/\/kuzeyinsesi.org\/index.php\/wp-json\/wp\/v2\/categories?post=35981"},{"taxonomy":"post_tag","embeddable":true,"href":"https:\/\/kuzeyinsesi.org\/index.php\/wp-json\/wp\/v2\/tags?post=35981"}],"curies":[{"name":"wp","href":"https:\/\/api.w.org\/{rel}","templated":true}]}}