{"id":35979,"date":"2026-02-26T11:40:32","date_gmt":"2026-02-26T09:40:32","guid":{"rendered":"https:\/\/kuzeyinsesi.org\/index.php\/2026\/02\/26\/erhurman-dipkarpazda-ogrencilerle-bulustu\/"},"modified":"2026-02-26T11:40:32","modified_gmt":"2026-02-26T09:40:32","slug":"erhurman-dipkarpazda-ogrencilerle-bulustu","status":"publish","type":"post","link":"https:\/\/kuzeyinsesi.org\/index.php\/2026\/02\/26\/erhurman-dipkarpazda-ogrencilerle-bulustu\/","title":{"rendered":"Erh\u00fcrman Dipkarpaz\u2019da \u00d6\u011frencilerle Bulu\u015ftu"},"content":{"rendered":"<p>Ziyaret program\u0131na K\u0131br\u0131sl\u0131 Rum \u00f6\u011frencilerin e\u011fitim g\u00f6rd\u00fc\u011f\u00fc Dipkarpaz Rum Ortaokulu ile ba\u015flayan Cumhurba\u015fkan\u0131 Erh\u00fcrman, \u00f6\u011frenci ve \u00f6\u011fretmenlerle bir araya geldi. Cumhurba\u015fkan\u0131 Erh\u00fcrman, s\u0131n\u0131flar\u0131 gezerek \u00f6\u011frencilerle sohbet etti.<br \/>\n\u00d6\u011frenciler ve \u00f6\u011fretmenlerle sohbet eden Cumhurba\u015fkan\u0131 Erh\u00fcrman, Dipkarpaz Rum \u0130lkokulu M\u00fcd\u00fcr\u00fc Katerina Ktisti ve Dipkarpaz Rum Ortaokulu M\u00fcd\u00fcr\u00fc \u0130lias Evribidu ile g\u00f6r\u00fc\u015ferek okullar\u0131n genel durumu hakk\u0131nda bilgi ald\u0131. Okul m\u00fcd\u00fcrleri yapt\u0131klar\u0131 konu\u015fmada, Cumhurba\u015fkan\u0131 Tufan Erh\u00fcrman\u2019a ziyaretlerinden dolay\u0131 te\u015fekk\u00fcr etti. Dipkarpaz Rum Ortaokulu\u2019nda Cumhurba\u015fkan\u0131 Tufan Erh\u00fcrman\u2019a ziyaret an\u0131s\u0131na hediye de takdim edildi.<br \/>\nProgram\u0131 kapsam\u0131nda daha sonra Dipkarpaz Recep Tayyip Erdo\u011fan Ortaokulu\u2019nu ziyaret eden Erh\u00fcrman, burada da \u00f6\u011frencilerle bulu\u015ftu. Okul m\u00fcd\u00fcr\u00fc ve \u00f6\u011fretmenlerle bir araya gelen Cumhurba\u015fkan\u0131, y\u00fcr\u00fct\u00fclen faaliyetler hakk\u0131nda bilgi ald\u0131.<br \/>\nZiyaret etti\u011fi okullarda yo\u011fun ilgiyle kar\u015f\u0131lanan Cumhurba\u015fkan\u0131 Erh\u00fcrman, \u00f6\u011frencilerle bir arada olmaktan duydu\u011fu memnuniyeti dile getirdi. Erh\u00fcrman, b\u00f6lgedeki okullar\u0131n ya\u015fad\u0131\u011f\u0131 olas\u0131 sorunlar\u0131 yerinde dinlemek ve de\u011ferlendirmek amac\u0131yla bu ziyaretleri ger\u00e7ekle\u015ftirdi\u011fini ifade etti<\/p>\n<p>&nbsp;<\/p>\n<p>Erh\u00fcrman Dipkarpaz\u2019da \u00d6\u011frencilerle Bulu\u015ftu yaz\u0131s\u0131 ilk \u00f6nce K\u0131br\u0131s Hakikat \u00fczerinde ortaya \u00e7\u0131kt\u0131.<\/p>\n","protected":false},"excerpt":{"rendered":"<p>Ziyaret program\u0131na K\u0131br\u0131sl\u0131 Rum \u00f6\u011frencilerin e\u011fitim g\u00f6rd\u00fc\u011f\u00fc Dipkarpaz Rum Ortaokulu ile ba\u015flayan Cumhurba\u015fkan\u0131 Erh\u00fcrman, \u00f6\u011frenci ve \u00f6\u011fretmenlerle bir araya geldi. Cumhurba\u015fkan\u0131 Erh\u00fcrman, s\u0131n\u0131flar\u0131 gezerek \u00f6\u011frencilerle sohbet etti. \u00d6\u011frenciler ve \u00f6\u011fretmenlerle sohbet eden Cumhurba\u015fkan\u0131 Erh\u00fcrman, Dipkarpaz Rum \u0130lkokulu M\u00fcd\u00fcr\u00fc Katerina Ktisti ve Dipkarpaz Rum Ortaokulu M\u00fcd\u00fcr\u00fc \u0130lias Evribidu ile g\u00f6r\u00fc\u015ferek okullar\u0131n genel durumu hakk\u0131nda bilgi ald\u0131. [&hellip;]<\/p>\n","protected":false},"author":1,"featured_media":35980,"comment_status":"open","ping_status":"open","sticky":false,"template":"","format":"standard","meta":{"jnews-multi-image_gallery":[],"jnews_single_post":[],"jnews_primary_category":[],"jnews_social_meta":[],"jnews_override_counter":[],"footnotes":""},"categories":[1],"tags":[],"class_list":["post-35979","post","type-post","status-publish","format-standard","has-post-thumbnail","hentry","category-kibris"],"yoast_head":"<!-- This site is optimized with the Yoast SEO plugin v27.5 - https:\/\/yoast.com\/product\/yoast-seo-wordpress\/ -->\n<title>Erh\u00fcrman Dipkarpaz\u2019da \u00d6\u011frencilerle Bulu\u015ftu - Kuzeyin Sesi<\/title>\n<meta name=\"robots\" content=\"index, follow, max-snippet:-1, max-image-preview:large, max-video-preview:-1\" \/>\n<link rel=\"canonical\" href=\"https:\/\/kuzeyinsesi.org\/index.php\/2026\/02\/26\/erhurman-dipkarpazda-ogrencilerle-bulustu\/\" \/>\n<meta property=\"og:locale\" content=\"tr_TR\" \/>\n<meta property=\"og:type\" content=\"article\" \/>\n<meta property=\"og:title\" content=\"Erh\u00fcrman Dipkarpaz\u2019da \u00d6\u011frencilerle Bulu\u015ftu - Kuzeyin Sesi\" \/>\n<meta property=\"og:description\" content=\"Ziyaret program\u0131na K\u0131br\u0131sl\u0131 Rum \u00f6\u011frencilerin e\u011fitim g\u00f6rd\u00fc\u011f\u00fc Dipkarpaz Rum Ortaokulu ile ba\u015flayan Cumhurba\u015fkan\u0131 Erh\u00fcrman, \u00f6\u011frenci ve \u00f6\u011fretmenlerle bir araya geldi. Cumhurba\u015fkan\u0131 Erh\u00fcrman, s\u0131n\u0131flar\u0131 gezerek \u00f6\u011frencilerle sohbet etti. \u00d6\u011frenciler ve \u00f6\u011fretmenlerle sohbet eden Cumhurba\u015fkan\u0131 Erh\u00fcrman, Dipkarpaz Rum \u0130lkokulu M\u00fcd\u00fcr\u00fc Katerina Ktisti ve Dipkarpaz Rum Ortaokulu M\u00fcd\u00fcr\u00fc \u0130lias Evribidu ile g\u00f6r\u00fc\u015ferek okullar\u0131n genel durumu hakk\u0131nda bilgi ald\u0131. [&hellip;]\" \/>\n<meta property=\"og:url\" content=\"https:\/\/kuzeyinsesi.org\/index.php\/2026\/02\/26\/erhurman-dipkarpazda-ogrencilerle-bulustu\/\" \/>\n<meta property=\"og:site_name\" content=\"Kuzeyin Sesi\" \/>\n<meta property=\"article:publisher\" content=\"https:\/\/www.facebook.com\/kuzeyinsesii\" \/>\n<meta property=\"article:published_time\" content=\"2026-02-26T09:40:32+00:00\" \/>\n<meta name=\"author\" content=\"Kuzeyin Sesi\" \/>\n<meta name=\"twitter:card\" content=\"summary_large_image\" \/>\n<meta name=\"twitter:creator\" content=\"@kuzeyinsesii\" \/>\n<meta name=\"twitter:site\" content=\"@kuzeyinsesii\" \/>\n<meta name=\"twitter:label1\" content=\"Yazan:\" \/>\n\t<meta name=\"twitter:data1\" content=\"Kuzeyin Sesi\" \/>\n\t<meta name=\"twitter:label2\" content=\"Tahmini okuma s\u00fcresi\" \/>\n\t<meta name=\"twitter:data2\" content=\"1 dakika\" \/>\n<script type=\"application\/ld+json\" class=\"yoast-schema-graph\">{\"@context\":\"https:\\\/\\\/schema.org\",\"@graph\":[{\"@type\":\"Article\",\"@id\":\"https:\\\/\\\/kuzeyinsesi.org\\\/index.php\\\/2026\\\/02\\\/26\\\/erhurman-dipkarpazda-ogrencilerle-bulustu\\\/#article\",\"isPartOf\":{\"@id\":\"https:\\\/\\\/kuzeyinsesi.org\\\/index.php\\\/2026\\\/02\\\/26\\\/erhurman-dipkarpazda-ogrencilerle-bulustu\\\/\"},\"author\":{\"name\":\"Kuzeyin Sesi\",\"@id\":\"https:\\\/\\\/kuzeyinsesi.org\\\/#\\\/schema\\\/person\\\/9f859689cdf01485597712386e37f5aa\"},\"headline\":\"Erh\u00fcrman Dipkarpaz\u2019da \u00d6\u011frencilerle Bulu\u015ftu\",\"datePublished\":\"2026-02-26T09:40:32+00:00\",\"mainEntityOfPage\":{\"@id\":\"https:\\\/\\\/kuzeyinsesi.org\\\/index.php\\\/2026\\\/02\\\/26\\\/erhurman-dipkarpazda-ogrencilerle-bulustu\\\/\"},\"wordCount\":229,\"commentCount\":0,\"image\":{\"@id\":\"https:\\\/\\\/kuzeyinsesi.org\\\/index.php\\\/2026\\\/02\\\/26\\\/erhurman-dipkarpazda-ogrencilerle-bulustu\\\/#primaryimage\"},\"thumbnailUrl\":\"https:\\\/\\\/kuzeyinsesi.org\\\/wp-content\\\/uploads\\\/2026\\\/02\\\/IMG_7681.jpeg\",\"articleSection\":[\"K\u0131br\u0131s\"],\"inLanguage\":\"tr\",\"potentialAction\":[{\"@type\":\"CommentAction\",\"name\":\"Comment\",\"target\":[\"https:\\\/\\\/kuzeyinsesi.org\\\/index.php\\\/2026\\\/02\\\/26\\\/erhurman-dipkarpazda-ogrencilerle-bulustu\\\/#respond\"]}]},{\"@type\":\"WebPage\",\"@id\":\"https:\\\/\\\/kuzeyinsesi.org\\\/index.php\\\/2026\\\/02\\\/26\\\/erhurman-dipkarpazda-ogrencilerle-bulustu\\\/\",\"url\":\"https:\\\/\\\/kuzeyinsesi.org\\\/index.php\\\/2026\\\/02\\\/26\\\/erhurman-dipkarpazda-ogrencilerle-bulustu\\\/\",\"name\":\"Erh\u00fcrman Dipkarpaz\u2019da \u00d6\u011frencilerle Bulu\u015ftu - Kuzeyin Sesi\",\"isPartOf\":{\"@id\":\"https:\\\/\\\/kuzeyinsesi.org\\\/#website\"},\"primaryImageOfPage\":{\"@id\":\"https:\\\/\\\/kuzeyinsesi.org\\\/index.php\\\/2026\\\/02\\\/26\\\/erhurman-dipkarpazda-ogrencilerle-bulustu\\\/#primaryimage\"},\"image\":{\"@id\":\"https:\\\/\\\/kuzeyinsesi.org\\\/index.php\\\/2026\\\/02\\\/26\\\/erhurman-dipkarpazda-ogrencilerle-bulustu\\\/#primaryimage\"},\"thumbnailUrl\":\"https:\\\/\\\/kuzeyinsesi.org\\\/wp-content\\\/uploads\\\/2026\\\/02\\\/IMG_7681.jpeg\",\"datePublished\":\"2026-02-26T09:40:32+00:00\",\"author\":{\"@id\":\"https:\\\/\\\/kuzeyinsesi.org\\\/#\\\/schema\\\/person\\\/9f859689cdf01485597712386e37f5aa\"},\"breadcrumb\":{\"@id\":\"https:\\\/\\\/kuzeyinsesi.org\\\/index.php\\\/2026\\\/02\\\/26\\\/erhurman-dipkarpazda-ogrencilerle-bulustu\\\/#breadcrumb\"},\"inLanguage\":\"tr\",\"potentialAction\":[{\"@type\":\"ReadAction\",\"target\":[\"https:\\\/\\\/kuzeyinsesi.org\\\/index.php\\\/2026\\\/02\\\/26\\\/erhurman-dipkarpazda-ogrencilerle-bulustu\\\/\"]}]},{\"@type\":\"ImageObject\",\"inLanguage\":\"tr\",\"@id\":\"https:\\\/\\\/kuzeyinsesi.org\\\/index.php\\\/2026\\\/02\\\/26\\\/erhurman-dipkarpazda-ogrencilerle-bulustu\\\/#primaryimage\",\"url\":\"https:\\\/\\\/kuzeyinsesi.org\\\/wp-content\\\/uploads\\\/2026\\\/02\\\/IMG_7681.jpeg\",\"contentUrl\":\"https:\\\/\\\/kuzeyinsesi.org\\\/wp-content\\\/uploads\\\/2026\\\/02\\\/IMG_7681.jpeg\",\"width\":960,\"height\":638},{\"@type\":\"BreadcrumbList\",\"@id\":\"https:\\\/\\\/kuzeyinsesi.org\\\/index.php\\\/2026\\\/02\\\/26\\\/erhurman-dipkarpazda-ogrencilerle-bulustu\\\/#breadcrumb\",\"itemListElement\":[{\"@type\":\"ListItem\",\"position\":1,\"name\":\"Anasayfa\",\"item\":\"https:\\\/\\\/kuzeyinsesi.org\\\/\"},{\"@type\":\"ListItem\",\"position\":2,\"name\":\"Erh\u00fcrman Dipkarpaz\u2019da \u00d6\u011frencilerle Bulu\u015ftu\"}]},{\"@type\":\"WebSite\",\"@id\":\"https:\\\/\\\/kuzeyinsesi.org\\\/#website\",\"url\":\"https:\\\/\\\/kuzeyinsesi.org\\\/\",\"name\":\"Kuzeyin Sesi\",\"description\":\"Do\u011fru Haberin Adresi\",\"potentialAction\":[{\"@type\":\"SearchAction\",\"target\":{\"@type\":\"EntryPoint\",\"urlTemplate\":\"https:\\\/\\\/kuzeyinsesi.org\\\/?s={search_term_string}\"},\"query-input\":{\"@type\":\"PropertyValueSpecification\",\"valueRequired\":true,\"valueName\":\"search_term_string\"}}],\"inLanguage\":\"tr\"},{\"@type\":\"Person\",\"@id\":\"https:\\\/\\\/kuzeyinsesi.org\\\/#\\\/schema\\\/person\\\/9f859689cdf01485597712386e37f5aa\",\"name\":\"Kuzeyin Sesi\",\"image\":{\"@type\":\"ImageObject\",\"inLanguage\":\"tr\",\"@id\":\"https:\\\/\\\/secure.gravatar.com\\\/avatar\\\/bab33852abfd8b282518d6ed81826833d77c3c882d9ab608add591ccace47a44?s=96&d=mm&r=g\",\"url\":\"https:\\\/\\\/secure.gravatar.com\\\/avatar\\\/bab33852abfd8b282518d6ed81826833d77c3c882d9ab608add591ccace47a44?s=96&d=mm&r=g\",\"contentUrl\":\"https:\\\/\\\/secure.gravatar.com\\\/avatar\\\/bab33852abfd8b282518d6ed81826833d77c3c882d9ab608add591ccace47a44?s=96&d=mm&r=g\",\"caption\":\"Kuzeyin Sesi\"},\"sameAs\":[\"https:\\\/\\\/kuzeyinsesi.org\"],\"url\":\"https:\\\/\\\/kuzeyinsesi.org\\\/index.php\\\/author\\\/guven\\\/\"}]}<\/script>\n<!-- \/ Yoast SEO plugin. -->","yoast_head_json":{"title":"Erh\u00fcrman Dipkarpaz\u2019da \u00d6\u011frencilerle Bulu\u015ftu - Kuzeyin Sesi","robots":{"index":"index","follow":"follow","max-snippet":"max-snippet:-1","max-image-preview":"max-image-preview:large","max-video-preview":"max-video-preview:-1"},"canonical":"https:\/\/kuzeyinsesi.org\/index.php\/2026\/02\/26\/erhurman-dipkarpazda-ogrencilerle-bulustu\/","og_locale":"tr_TR","og_type":"article","og_title":"Erh\u00fcrman Dipkarpaz\u2019da \u00d6\u011frencilerle Bulu\u015ftu - Kuzeyin Sesi","og_description":"Ziyaret program\u0131na K\u0131br\u0131sl\u0131 Rum \u00f6\u011frencilerin e\u011fitim g\u00f6rd\u00fc\u011f\u00fc Dipkarpaz Rum Ortaokulu ile ba\u015flayan Cumhurba\u015fkan\u0131 Erh\u00fcrman, \u00f6\u011frenci ve \u00f6\u011fretmenlerle bir araya geldi. Cumhurba\u015fkan\u0131 Erh\u00fcrman, s\u0131n\u0131flar\u0131 gezerek \u00f6\u011frencilerle sohbet etti. \u00d6\u011frenciler ve \u00f6\u011fretmenlerle sohbet eden Cumhurba\u015fkan\u0131 Erh\u00fcrman, Dipkarpaz Rum \u0130lkokulu M\u00fcd\u00fcr\u00fc Katerina Ktisti ve Dipkarpaz Rum Ortaokulu M\u00fcd\u00fcr\u00fc \u0130lias Evribidu ile g\u00f6r\u00fc\u015ferek okullar\u0131n genel durumu hakk\u0131nda bilgi ald\u0131. [&hellip;]","og_url":"https:\/\/kuzeyinsesi.org\/index.php\/2026\/02\/26\/erhurman-dipkarpazda-ogrencilerle-bulustu\/","og_site_name":"Kuzeyin Sesi","article_publisher":"https:\/\/www.facebook.com\/kuzeyinsesii","article_published_time":"2026-02-26T09:40:32+00:00","author":"Kuzeyin Sesi","twitter_card":"summary_large_image","twitter_creator":"@kuzeyinsesii","twitter_site":"@kuzeyinsesii","twitter_misc":{"Yazan:":"Kuzeyin Sesi","Tahmini okuma s\u00fcresi":"1 dakika"},"schema":{"@context":"https:\/\/schema.org","@graph":[{"@type":"Article","@id":"https:\/\/kuzeyinsesi.org\/index.php\/2026\/02\/26\/erhurman-dipkarpazda-ogrencilerle-bulustu\/#article","isPartOf":{"@id":"https:\/\/kuzeyinsesi.org\/index.php\/2026\/02\/26\/erhurman-dipkarpazda-ogrencilerle-bulustu\/"},"author":{"name":"Kuzeyin Sesi","@id":"https:\/\/kuzeyinsesi.org\/#\/schema\/person\/9f859689cdf01485597712386e37f5aa"},"headline":"Erh\u00fcrman Dipkarpaz\u2019da \u00d6\u011frencilerle Bulu\u015ftu","datePublished":"2026-02-26T09:40:32+00:00","mainEntityOfPage":{"@id":"https:\/\/kuzeyinsesi.org\/index.php\/2026\/02\/26\/erhurman-dipkarpazda-ogrencilerle-bulustu\/"},"wordCount":229,"commentCount":0,"image":{"@id":"https:\/\/kuzeyinsesi.org\/index.php\/2026\/02\/26\/erhurman-dipkarpazda-ogrencilerle-bulustu\/#primaryimage"},"thumbnailUrl":"https:\/\/kuzeyinsesi.org\/wp-content\/uploads\/2026\/02\/IMG_7681.jpeg","articleSection":["K\u0131br\u0131s"],"inLanguage":"tr","potentialAction":[{"@type":"CommentAction","name":"Comment","target":["https:\/\/kuzeyinsesi.org\/index.php\/2026\/02\/26\/erhurman-dipkarpazda-ogrencilerle-bulustu\/#respond"]}]},{"@type":"WebPage","@id":"https:\/\/kuzeyinsesi.org\/index.php\/2026\/02\/26\/erhurman-dipkarpazda-ogrencilerle-bulustu\/","url":"https:\/\/kuzeyinsesi.org\/index.php\/2026\/02\/26\/erhurman-dipkarpazda-ogrencilerle-bulustu\/","name":"Erh\u00fcrman Dipkarpaz\u2019da \u00d6\u011frencilerle Bulu\u015ftu - Kuzeyin Sesi","isPartOf":{"@id":"https:\/\/kuzeyinsesi.org\/#website"},"primaryImageOfPage":{"@id":"https:\/\/kuzeyinsesi.org\/index.php\/2026\/02\/26\/erhurman-dipkarpazda-ogrencilerle-bulustu\/#primaryimage"},"image":{"@id":"https:\/\/kuzeyinsesi.org\/index.php\/2026\/02\/26\/erhurman-dipkarpazda-ogrencilerle-bulustu\/#primaryimage"},"thumbnailUrl":"https:\/\/kuzeyinsesi.org\/wp-content\/uploads\/2026\/02\/IMG_7681.jpeg","datePublished":"2026-02-26T09:40:32+00:00","author":{"@id":"https:\/\/kuzeyinsesi.org\/#\/schema\/person\/9f859689cdf01485597712386e37f5aa"},"breadcrumb":{"@id":"https:\/\/kuzeyinsesi.org\/index.php\/2026\/02\/26\/erhurman-dipkarpazda-ogrencilerle-bulustu\/#breadcrumb"},"inLanguage":"tr","potentialAction":[{"@type":"ReadAction","target":["https:\/\/kuzeyinsesi.org\/index.php\/2026\/02\/26\/erhurman-dipkarpazda-ogrencilerle-bulustu\/"]}]},{"@type":"ImageObject","inLanguage":"tr","@id":"https:\/\/kuzeyinsesi.org\/index.php\/2026\/02\/26\/erhurman-dipkarpazda-ogrencilerle-bulustu\/#primaryimage","url":"https:\/\/kuzeyinsesi.org\/wp-content\/uploads\/2026\/02\/IMG_7681.jpeg","contentUrl":"https:\/\/kuzeyinsesi.org\/wp-content\/uploads\/2026\/02\/IMG_7681.jpeg","width":960,"height":638},{"@type":"BreadcrumbList","@id":"https:\/\/kuzeyinsesi.org\/index.php\/2026\/02\/26\/erhurman-dipkarpazda-ogrencilerle-bulustu\/#breadcrumb","itemListElement":[{"@type":"ListItem","position":1,"name":"Anasayfa","item":"https:\/\/kuzeyinsesi.org\/"},{"@type":"ListItem","position":2,"name":"Erh\u00fcrman Dipkarpaz\u2019da \u00d6\u011frencilerle Bulu\u015ftu"}]},{"@type":"WebSite","@id":"https:\/\/kuzeyinsesi.org\/#website","url":"https:\/\/kuzeyinsesi.org\/","name":"Kuzeyin Sesi","description":"Do\u011fru Haberin Adresi","potentialAction":[{"@type":"SearchAction","target":{"@type":"EntryPoint","urlTemplate":"https:\/\/kuzeyinsesi.org\/?s={search_term_string}"},"query-input":{"@type":"PropertyValueSpecification","valueRequired":true,"valueName":"search_term_string"}}],"inLanguage":"tr"},{"@type":"Person","@id":"https:\/\/kuzeyinsesi.org\/#\/schema\/person\/9f859689cdf01485597712386e37f5aa","name":"Kuzeyin Sesi","image":{"@type":"ImageObject","inLanguage":"tr","@id":"https:\/\/secure.gravatar.com\/avatar\/bab33852abfd8b282518d6ed81826833d77c3c882d9ab608add591ccace47a44?s=96&d=mm&r=g","url":"https:\/\/secure.gravatar.com\/avatar\/bab33852abfd8b282518d6ed81826833d77c3c882d9ab608add591ccace47a44?s=96&d=mm&r=g","contentUrl":"https:\/\/secure.gravatar.com\/avatar\/bab33852abfd8b282518d6ed81826833d77c3c882d9ab608add591ccace47a44?s=96&d=mm&r=g","caption":"Kuzeyin Sesi"},"sameAs":["https:\/\/kuzeyinsesi.org"],"url":"https:\/\/kuzeyinsesi.org\/index.php\/author\/guven\/"}]}},"_links":{"self":[{"href":"https:\/\/kuzeyinsesi.org\/index.php\/wp-json\/wp\/v2\/posts\/35979","targetHints":{"allow":["GET"]}}],"collection":[{"href":"https:\/\/kuzeyinsesi.org\/index.php\/wp-json\/wp\/v2\/posts"}],"about":[{"href":"https:\/\/kuzeyinsesi.org\/index.php\/wp-json\/wp\/v2\/types\/post"}],"author":[{"embeddable":true,"href":"https:\/\/kuzeyinsesi.org\/index.php\/wp-json\/wp\/v2\/users\/1"}],"replies":[{"embeddable":true,"href":"https:\/\/kuzeyinsesi.org\/index.php\/wp-json\/wp\/v2\/comments?post=35979"}],"version-history":[{"count":0,"href":"https:\/\/kuzeyinsesi.org\/index.php\/wp-json\/wp\/v2\/posts\/35979\/revisions"}],"wp:featuredmedia":[{"embeddable":true,"href":"https:\/\/kuzeyinsesi.org\/index.php\/wp-json\/wp\/v2\/media\/35980"}],"wp:attachment":[{"href":"https:\/\/kuzeyinsesi.org\/index.php\/wp-json\/wp\/v2\/media?parent=35979"}],"wp:term":[{"taxonomy":"category","embeddable":true,"href":"https:\/\/kuzeyinsesi.org\/index.php\/wp-json\/wp\/v2\/categories?post=35979"},{"taxonomy":"post_tag","embeddable":true,"href":"https:\/\/kuzeyinsesi.org\/index.php\/wp-json\/wp\/v2\/tags?post=35979"}],"curies":[{"name":"wp","href":"https:\/\/api.w.org\/{rel}","templated":true}]}}