{"id":35977,"date":"2026-02-26T10:56:38","date_gmt":"2026-02-26T08:56:38","guid":{"rendered":"https:\/\/kuzeyinsesi.org\/index.php\/2026\/02\/26\/insaat-muhendislerinden-imo-ani-ormanina-400-yeni-fidan\/"},"modified":"2026-02-26T10:56:38","modified_gmt":"2026-02-26T08:56:38","slug":"insaat-muhendislerinden-imo-ani-ormanina-400-yeni-fidan","status":"publish","type":"post","link":"https:\/\/kuzeyinsesi.org\/index.php\/2026\/02\/26\/insaat-muhendislerinden-imo-ani-ormanina-400-yeni-fidan\/","title":{"rendered":"\u0130n\u015faat m\u00fchendislerinden \u0130MO An\u0131 Orman\u0131\u2019na 400 yeni fidan"},"content":{"rendered":"<p>KTMMOB \u0130n\u015faat M\u00fchendisleri Odas\u0131, \u00e7evre bilinci ve toplumsal sorumluluk anlay\u0131\u015f\u0131n\u0131 somut ad\u0131mlarla b\u00fcy\u00fctmeye devam ediyor. Bu kapsamda Oda, 21 \u015eubat 2026 tarihinde do\u011faya olan sorumlulu\u011funu g\u00f6stermek amac\u0131yla \u201cA\u011fa\u00e7 Dikme Etkinli\u011fi\u201d d\u00fczenledi. Etkinlik, KTMMOB \u0130n\u015faat M\u00fchendisleri Odas\u0131 An\u0131 Orman\u0131\u2019nda; Oda Ba\u015fkan\u0131, y\u00f6netim kurulu \u00fcyeleri, oda personeli, \u00fcyeler, aileleri ve gelece\u011fin in\u015faat m\u00fchendisleri olacak \u00f6\u011frencilerin kat\u0131l\u0131m\u0131yla ger\u00e7ekle\u015ftirildi.<\/p>\n<p>A\u011fa\u00e7land\u0131rma \u00e7al\u0131\u015fmalar\u0131 kapsam\u0131nda ge\u00e7ti\u011fimiz y\u0131l \u0130MO Orman\u0131\u2019na 250 fidan dikilirken, bu y\u0131l d\u00fczenlenen etkinlikte 400 yeni fidan daha toprakla bulu\u015fturularak do\u011faya verilen de\u011fer bir kez daha g\u00fc\u00e7l\u00fc bi\u00e7imde ortaya kondu. Etkinli\u011fe kat\u0131lan \u00fcyeler yaln\u0131zca a\u011fa\u00e7 dikmekle kalmay\u0131p, gelecek nesillere daha ya\u015fanabilir bir d\u00fcnya b\u0131rakma sorumlulu\u011funu da payla\u015ft\u0131lar. Birlik ve beraberlik ruhunun \u00f6ne \u00e7\u0131kt\u0131\u011f\u0131 organizasyonda meslekta\u015flar, dayan\u0131\u015fman\u0131n do\u011fa sevgisiyle birle\u015fti\u011finde nas\u0131l kal\u0131c\u0131 bir etki olu\u015fturdu\u011funu g\u00f6sterdi.<\/p>\n<p><\/p>\n<p>A\u00e7\u0131l\u0131\u015f konu\u015fmas\u0131n\u0131 yapan Do\u00e7. Dr. Abdullah Ekinci, do\u011fadan ald\u0131klar\u0131m\u0131z\u0131 do\u011faya geri vermenin bir sorumluluk oldu\u011funu vurgulad\u0131 ve a\u011fa\u00e7lar\u0131n karbon ayak izinin azalt\u0131lmas\u0131nda \u00f6nemli rol oynad\u0131\u011f\u0131n\u0131 belirtti. A\u011fa\u00e7land\u0131rma \u00e7al\u0131\u015fmalar\u0131n\u0131n yaln\u0131zca sembolik bir faaliyet olmad\u0131\u011f\u0131; iklim de\u011fi\u015fikli\u011fiyle m\u00fccadele, do\u011fal dengenin korunmas\u0131 ve s\u00fcrd\u00fcr\u00fclebilir ya\u015fam bilincinin yayg\u0131nla\u015ft\u0131r\u0131lmas\u0131 a\u00e7\u0131s\u0131ndan uzun vadeli bir vizyonun par\u00e7as\u0131 oldu\u011fu vurguland\u0131. Bu t\u00fcr organizasyonlar\u0131n birlik ve beraberlik duygusunu g\u00fc\u00e7lendirirken \u00e7evre bilincinin yay\u0131lmas\u0131na da katk\u0131 sundu\u011fu ifade edildi.<\/p>\n<p>\u0130MO Orman\u0131\u2019na dikilen her fidan; do\u011faya sayg\u0131n\u0131n, ortak sorumlulu\u011fun ve s\u00fcrd\u00fcr\u00fclebilir bir gelecek vizyonunun simgesi olarak y\u00fckselmeye devam ediyor.<\/p>\n<p>\u0130n\u015faat m\u00fchendislerinden \u0130MO An\u0131 Orman\u0131\u2019na 400 yeni fidan yaz\u0131s\u0131 ilk \u00f6nce K\u0131br\u0131s Hakikat \u00fczerinde ortaya \u00e7\u0131kt\u0131.<\/p>\n","protected":false},"excerpt":{"rendered":"<p>KTMMOB \u0130n\u015faat M\u00fchendisleri Odas\u0131, \u00e7evre bilinci ve toplumsal sorumluluk anlay\u0131\u015f\u0131n\u0131 somut ad\u0131mlarla b\u00fcy\u00fctmeye devam ediyor. Bu kapsamda Oda, 21 \u015eubat 2026 tarihinde do\u011faya olan sorumlulu\u011funu g\u00f6stermek amac\u0131yla \u201cA\u011fa\u00e7 Dikme Etkinli\u011fi\u201d d\u00fczenledi. Etkinlik, KTMMOB \u0130n\u015faat M\u00fchendisleri Odas\u0131 An\u0131 Orman\u0131\u2019nda; Oda Ba\u015fkan\u0131, y\u00f6netim kurulu \u00fcyeleri, oda personeli, \u00fcyeler, aileleri ve gelece\u011fin in\u015faat m\u00fchendisleri olacak \u00f6\u011frencilerin kat\u0131l\u0131m\u0131yla ger\u00e7ekle\u015ftirildi. [&hellip;]<\/p>\n","protected":false},"author":1,"featured_media":35978,"comment_status":"open","ping_status":"open","sticky":false,"template":"","format":"standard","meta":{"jnews-multi-image_gallery":[],"jnews_single_post":[],"jnews_primary_category":[],"jnews_social_meta":[],"jnews_override_counter":[],"footnotes":""},"categories":[1],"tags":[],"class_list":["post-35977","post","type-post","status-publish","format-standard","has-post-thumbnail","hentry","category-kibris"],"yoast_head":"<!-- This site is optimized with the Yoast SEO plugin v27.5 - https:\/\/yoast.com\/product\/yoast-seo-wordpress\/ -->\n<title>\u0130n\u015faat m\u00fchendislerinden \u0130MO An\u0131 Orman\u0131\u2019na 400 yeni fidan - Kuzeyin Sesi<\/title>\n<meta name=\"robots\" content=\"index, follow, max-snippet:-1, max-image-preview:large, max-video-preview:-1\" \/>\n<link rel=\"canonical\" href=\"https:\/\/kuzeyinsesi.org\/index.php\/2026\/02\/26\/insaat-muhendislerinden-imo-ani-ormanina-400-yeni-fidan\/\" \/>\n<meta property=\"og:locale\" content=\"tr_TR\" \/>\n<meta property=\"og:type\" content=\"article\" \/>\n<meta property=\"og:title\" content=\"\u0130n\u015faat m\u00fchendislerinden \u0130MO An\u0131 Orman\u0131\u2019na 400 yeni fidan - Kuzeyin Sesi\" \/>\n<meta property=\"og:description\" content=\"KTMMOB \u0130n\u015faat M\u00fchendisleri Odas\u0131, \u00e7evre bilinci ve toplumsal sorumluluk anlay\u0131\u015f\u0131n\u0131 somut ad\u0131mlarla b\u00fcy\u00fctmeye devam ediyor. Bu kapsamda Oda, 21 \u015eubat 2026 tarihinde do\u011faya olan sorumlulu\u011funu g\u00f6stermek amac\u0131yla \u201cA\u011fa\u00e7 Dikme Etkinli\u011fi\u201d d\u00fczenledi. Etkinlik, KTMMOB \u0130n\u015faat M\u00fchendisleri Odas\u0131 An\u0131 Orman\u0131\u2019nda; Oda Ba\u015fkan\u0131, y\u00f6netim kurulu \u00fcyeleri, oda personeli, \u00fcyeler, aileleri ve gelece\u011fin in\u015faat m\u00fchendisleri olacak \u00f6\u011frencilerin kat\u0131l\u0131m\u0131yla ger\u00e7ekle\u015ftirildi. [&hellip;]\" \/>\n<meta property=\"og:url\" content=\"https:\/\/kuzeyinsesi.org\/index.php\/2026\/02\/26\/insaat-muhendislerinden-imo-ani-ormanina-400-yeni-fidan\/\" \/>\n<meta property=\"og:site_name\" content=\"Kuzeyin Sesi\" \/>\n<meta property=\"article:publisher\" content=\"https:\/\/www.facebook.com\/kuzeyinsesii\" \/>\n<meta property=\"article:published_time\" content=\"2026-02-26T08:56:38+00:00\" \/>\n<meta property=\"og:image\" content=\"https:\/\/www.kibrispostasi.com\/upload\/news\/v\/v2\/v2normalhaberboyutuablonsuzkopyas-2026-02-26t091225280_1772090264.jpg\" \/>\n<meta name=\"author\" content=\"Kuzeyin Sesi\" \/>\n<meta name=\"twitter:card\" content=\"summary_large_image\" \/>\n<meta name=\"twitter:creator\" content=\"@kuzeyinsesii\" \/>\n<meta name=\"twitter:site\" content=\"@kuzeyinsesii\" \/>\n<meta name=\"twitter:label1\" content=\"Yazan:\" \/>\n\t<meta name=\"twitter:data1\" content=\"Kuzeyin Sesi\" \/>\n\t<meta name=\"twitter:label2\" content=\"Tahmini okuma s\u00fcresi\" \/>\n\t<meta name=\"twitter:data2\" content=\"2 dakika\" \/>\n<script type=\"application\/ld+json\" class=\"yoast-schema-graph\">{\"@context\":\"https:\\\/\\\/schema.org\",\"@graph\":[{\"@type\":\"Article\",\"@id\":\"https:\\\/\\\/kuzeyinsesi.org\\\/index.php\\\/2026\\\/02\\\/26\\\/insaat-muhendislerinden-imo-ani-ormanina-400-yeni-fidan\\\/#article\",\"isPartOf\":{\"@id\":\"https:\\\/\\\/kuzeyinsesi.org\\\/index.php\\\/2026\\\/02\\\/26\\\/insaat-muhendislerinden-imo-ani-ormanina-400-yeni-fidan\\\/\"},\"author\":{\"name\":\"Kuzeyin Sesi\",\"@id\":\"https:\\\/\\\/kuzeyinsesi.org\\\/#\\\/schema\\\/person\\\/9f859689cdf01485597712386e37f5aa\"},\"headline\":\"\u0130n\u015faat m\u00fchendislerinden \u0130MO An\u0131 Orman\u0131\u2019na 400 yeni fidan\",\"datePublished\":\"2026-02-26T08:56:38+00:00\",\"mainEntityOfPage\":{\"@id\":\"https:\\\/\\\/kuzeyinsesi.org\\\/index.php\\\/2026\\\/02\\\/26\\\/insaat-muhendislerinden-imo-ani-ormanina-400-yeni-fidan\\\/\"},\"wordCount\":352,\"commentCount\":0,\"image\":{\"@id\":\"https:\\\/\\\/kuzeyinsesi.org\\\/index.php\\\/2026\\\/02\\\/26\\\/insaat-muhendislerinden-imo-ani-ormanina-400-yeni-fidan\\\/#primaryimage\"},\"thumbnailUrl\":\"https:\\\/\\\/kuzeyinsesi.org\\\/wp-content\\\/uploads\\\/2026\\\/02\\\/IMG_7678.webp.webp\",\"articleSection\":[\"K\u0131br\u0131s\"],\"inLanguage\":\"tr\",\"potentialAction\":[{\"@type\":\"CommentAction\",\"name\":\"Comment\",\"target\":[\"https:\\\/\\\/kuzeyinsesi.org\\\/index.php\\\/2026\\\/02\\\/26\\\/insaat-muhendislerinden-imo-ani-ormanina-400-yeni-fidan\\\/#respond\"]}]},{\"@type\":\"WebPage\",\"@id\":\"https:\\\/\\\/kuzeyinsesi.org\\\/index.php\\\/2026\\\/02\\\/26\\\/insaat-muhendislerinden-imo-ani-ormanina-400-yeni-fidan\\\/\",\"url\":\"https:\\\/\\\/kuzeyinsesi.org\\\/index.php\\\/2026\\\/02\\\/26\\\/insaat-muhendislerinden-imo-ani-ormanina-400-yeni-fidan\\\/\",\"name\":\"\u0130n\u015faat m\u00fchendislerinden \u0130MO An\u0131 Orman\u0131\u2019na 400 yeni fidan - Kuzeyin Sesi\",\"isPartOf\":{\"@id\":\"https:\\\/\\\/kuzeyinsesi.org\\\/#website\"},\"primaryImageOfPage\":{\"@id\":\"https:\\\/\\\/kuzeyinsesi.org\\\/index.php\\\/2026\\\/02\\\/26\\\/insaat-muhendislerinden-imo-ani-ormanina-400-yeni-fidan\\\/#primaryimage\"},\"image\":{\"@id\":\"https:\\\/\\\/kuzeyinsesi.org\\\/index.php\\\/2026\\\/02\\\/26\\\/insaat-muhendislerinden-imo-ani-ormanina-400-yeni-fidan\\\/#primaryimage\"},\"thumbnailUrl\":\"https:\\\/\\\/kuzeyinsesi.org\\\/wp-content\\\/uploads\\\/2026\\\/02\\\/IMG_7678.webp.webp\",\"datePublished\":\"2026-02-26T08:56:38+00:00\",\"author\":{\"@id\":\"https:\\\/\\\/kuzeyinsesi.org\\\/#\\\/schema\\\/person\\\/9f859689cdf01485597712386e37f5aa\"},\"breadcrumb\":{\"@id\":\"https:\\\/\\\/kuzeyinsesi.org\\\/index.php\\\/2026\\\/02\\\/26\\\/insaat-muhendislerinden-imo-ani-ormanina-400-yeni-fidan\\\/#breadcrumb\"},\"inLanguage\":\"tr\",\"potentialAction\":[{\"@type\":\"ReadAction\",\"target\":[\"https:\\\/\\\/kuzeyinsesi.org\\\/index.php\\\/2026\\\/02\\\/26\\\/insaat-muhendislerinden-imo-ani-ormanina-400-yeni-fidan\\\/\"]}]},{\"@type\":\"ImageObject\",\"inLanguage\":\"tr\",\"@id\":\"https:\\\/\\\/kuzeyinsesi.org\\\/index.php\\\/2026\\\/02\\\/26\\\/insaat-muhendislerinden-imo-ani-ormanina-400-yeni-fidan\\\/#primaryimage\",\"url\":\"https:\\\/\\\/kuzeyinsesi.org\\\/wp-content\\\/uploads\\\/2026\\\/02\\\/IMG_7678.webp.webp\",\"contentUrl\":\"https:\\\/\\\/kuzeyinsesi.org\\\/wp-content\\\/uploads\\\/2026\\\/02\\\/IMG_7678.webp.webp\",\"width\":971,\"height\":551},{\"@type\":\"BreadcrumbList\",\"@id\":\"https:\\\/\\\/kuzeyinsesi.org\\\/index.php\\\/2026\\\/02\\\/26\\\/insaat-muhendislerinden-imo-ani-ormanina-400-yeni-fidan\\\/#breadcrumb\",\"itemListElement\":[{\"@type\":\"ListItem\",\"position\":1,\"name\":\"Anasayfa\",\"item\":\"https:\\\/\\\/kuzeyinsesi.org\\\/\"},{\"@type\":\"ListItem\",\"position\":2,\"name\":\"\u0130n\u015faat m\u00fchendislerinden \u0130MO An\u0131 Orman\u0131\u2019na 400 yeni fidan\"}]},{\"@type\":\"WebSite\",\"@id\":\"https:\\\/\\\/kuzeyinsesi.org\\\/#website\",\"url\":\"https:\\\/\\\/kuzeyinsesi.org\\\/\",\"name\":\"Kuzeyin Sesi\",\"description\":\"Do\u011fru Haberin Adresi\",\"potentialAction\":[{\"@type\":\"SearchAction\",\"target\":{\"@type\":\"EntryPoint\",\"urlTemplate\":\"https:\\\/\\\/kuzeyinsesi.org\\\/?s={search_term_string}\"},\"query-input\":{\"@type\":\"PropertyValueSpecification\",\"valueRequired\":true,\"valueName\":\"search_term_string\"}}],\"inLanguage\":\"tr\"},{\"@type\":\"Person\",\"@id\":\"https:\\\/\\\/kuzeyinsesi.org\\\/#\\\/schema\\\/person\\\/9f859689cdf01485597712386e37f5aa\",\"name\":\"Kuzeyin Sesi\",\"image\":{\"@type\":\"ImageObject\",\"inLanguage\":\"tr\",\"@id\":\"https:\\\/\\\/secure.gravatar.com\\\/avatar\\\/bab33852abfd8b282518d6ed81826833d77c3c882d9ab608add591ccace47a44?s=96&d=mm&r=g\",\"url\":\"https:\\\/\\\/secure.gravatar.com\\\/avatar\\\/bab33852abfd8b282518d6ed81826833d77c3c882d9ab608add591ccace47a44?s=96&d=mm&r=g\",\"contentUrl\":\"https:\\\/\\\/secure.gravatar.com\\\/avatar\\\/bab33852abfd8b282518d6ed81826833d77c3c882d9ab608add591ccace47a44?s=96&d=mm&r=g\",\"caption\":\"Kuzeyin Sesi\"},\"sameAs\":[\"https:\\\/\\\/kuzeyinsesi.org\"],\"url\":\"https:\\\/\\\/kuzeyinsesi.org\\\/index.php\\\/author\\\/guven\\\/\"}]}<\/script>\n<!-- \/ Yoast SEO plugin. -->","yoast_head_json":{"title":"\u0130n\u015faat m\u00fchendislerinden \u0130MO An\u0131 Orman\u0131\u2019na 400 yeni fidan - Kuzeyin Sesi","robots":{"index":"index","follow":"follow","max-snippet":"max-snippet:-1","max-image-preview":"max-image-preview:large","max-video-preview":"max-video-preview:-1"},"canonical":"https:\/\/kuzeyinsesi.org\/index.php\/2026\/02\/26\/insaat-muhendislerinden-imo-ani-ormanina-400-yeni-fidan\/","og_locale":"tr_TR","og_type":"article","og_title":"\u0130n\u015faat m\u00fchendislerinden \u0130MO An\u0131 Orman\u0131\u2019na 400 yeni fidan - Kuzeyin Sesi","og_description":"KTMMOB \u0130n\u015faat M\u00fchendisleri Odas\u0131, \u00e7evre bilinci ve toplumsal sorumluluk anlay\u0131\u015f\u0131n\u0131 somut ad\u0131mlarla b\u00fcy\u00fctmeye devam ediyor. Bu kapsamda Oda, 21 \u015eubat 2026 tarihinde do\u011faya olan sorumlulu\u011funu g\u00f6stermek amac\u0131yla \u201cA\u011fa\u00e7 Dikme Etkinli\u011fi\u201d d\u00fczenledi. Etkinlik, KTMMOB \u0130n\u015faat M\u00fchendisleri Odas\u0131 An\u0131 Orman\u0131\u2019nda; Oda Ba\u015fkan\u0131, y\u00f6netim kurulu \u00fcyeleri, oda personeli, \u00fcyeler, aileleri ve gelece\u011fin in\u015faat m\u00fchendisleri olacak \u00f6\u011frencilerin kat\u0131l\u0131m\u0131yla ger\u00e7ekle\u015ftirildi. [&hellip;]","og_url":"https:\/\/kuzeyinsesi.org\/index.php\/2026\/02\/26\/insaat-muhendislerinden-imo-ani-ormanina-400-yeni-fidan\/","og_site_name":"Kuzeyin Sesi","article_publisher":"https:\/\/www.facebook.com\/kuzeyinsesii","article_published_time":"2026-02-26T08:56:38+00:00","og_image":[{"url":"https:\/\/www.kibrispostasi.com\/upload\/news\/v\/v2\/v2normalhaberboyutuablonsuzkopyas-2026-02-26t091225280_1772090264.jpg","type":"","width":"","height":""}],"author":"Kuzeyin Sesi","twitter_card":"summary_large_image","twitter_creator":"@kuzeyinsesii","twitter_site":"@kuzeyinsesii","twitter_misc":{"Yazan:":"Kuzeyin Sesi","Tahmini okuma s\u00fcresi":"2 dakika"},"schema":{"@context":"https:\/\/schema.org","@graph":[{"@type":"Article","@id":"https:\/\/kuzeyinsesi.org\/index.php\/2026\/02\/26\/insaat-muhendislerinden-imo-ani-ormanina-400-yeni-fidan\/#article","isPartOf":{"@id":"https:\/\/kuzeyinsesi.org\/index.php\/2026\/02\/26\/insaat-muhendislerinden-imo-ani-ormanina-400-yeni-fidan\/"},"author":{"name":"Kuzeyin Sesi","@id":"https:\/\/kuzeyinsesi.org\/#\/schema\/person\/9f859689cdf01485597712386e37f5aa"},"headline":"\u0130n\u015faat m\u00fchendislerinden \u0130MO An\u0131 Orman\u0131\u2019na 400 yeni fidan","datePublished":"2026-02-26T08:56:38+00:00","mainEntityOfPage":{"@id":"https:\/\/kuzeyinsesi.org\/index.php\/2026\/02\/26\/insaat-muhendislerinden-imo-ani-ormanina-400-yeni-fidan\/"},"wordCount":352,"commentCount":0,"image":{"@id":"https:\/\/kuzeyinsesi.org\/index.php\/2026\/02\/26\/insaat-muhendislerinden-imo-ani-ormanina-400-yeni-fidan\/#primaryimage"},"thumbnailUrl":"https:\/\/kuzeyinsesi.org\/wp-content\/uploads\/2026\/02\/IMG_7678.webp.webp","articleSection":["K\u0131br\u0131s"],"inLanguage":"tr","potentialAction":[{"@type":"CommentAction","name":"Comment","target":["https:\/\/kuzeyinsesi.org\/index.php\/2026\/02\/26\/insaat-muhendislerinden-imo-ani-ormanina-400-yeni-fidan\/#respond"]}]},{"@type":"WebPage","@id":"https:\/\/kuzeyinsesi.org\/index.php\/2026\/02\/26\/insaat-muhendislerinden-imo-ani-ormanina-400-yeni-fidan\/","url":"https:\/\/kuzeyinsesi.org\/index.php\/2026\/02\/26\/insaat-muhendislerinden-imo-ani-ormanina-400-yeni-fidan\/","name":"\u0130n\u015faat m\u00fchendislerinden \u0130MO An\u0131 Orman\u0131\u2019na 400 yeni fidan - Kuzeyin Sesi","isPartOf":{"@id":"https:\/\/kuzeyinsesi.org\/#website"},"primaryImageOfPage":{"@id":"https:\/\/kuzeyinsesi.org\/index.php\/2026\/02\/26\/insaat-muhendislerinden-imo-ani-ormanina-400-yeni-fidan\/#primaryimage"},"image":{"@id":"https:\/\/kuzeyinsesi.org\/index.php\/2026\/02\/26\/insaat-muhendislerinden-imo-ani-ormanina-400-yeni-fidan\/#primaryimage"},"thumbnailUrl":"https:\/\/kuzeyinsesi.org\/wp-content\/uploads\/2026\/02\/IMG_7678.webp.webp","datePublished":"2026-02-26T08:56:38+00:00","author":{"@id":"https:\/\/kuzeyinsesi.org\/#\/schema\/person\/9f859689cdf01485597712386e37f5aa"},"breadcrumb":{"@id":"https:\/\/kuzeyinsesi.org\/index.php\/2026\/02\/26\/insaat-muhendislerinden-imo-ani-ormanina-400-yeni-fidan\/#breadcrumb"},"inLanguage":"tr","potentialAction":[{"@type":"ReadAction","target":["https:\/\/kuzeyinsesi.org\/index.php\/2026\/02\/26\/insaat-muhendislerinden-imo-ani-ormanina-400-yeni-fidan\/"]}]},{"@type":"ImageObject","inLanguage":"tr","@id":"https:\/\/kuzeyinsesi.org\/index.php\/2026\/02\/26\/insaat-muhendislerinden-imo-ani-ormanina-400-yeni-fidan\/#primaryimage","url":"https:\/\/kuzeyinsesi.org\/wp-content\/uploads\/2026\/02\/IMG_7678.webp.webp","contentUrl":"https:\/\/kuzeyinsesi.org\/wp-content\/uploads\/2026\/02\/IMG_7678.webp.webp","width":971,"height":551},{"@type":"BreadcrumbList","@id":"https:\/\/kuzeyinsesi.org\/index.php\/2026\/02\/26\/insaat-muhendislerinden-imo-ani-ormanina-400-yeni-fidan\/#breadcrumb","itemListElement":[{"@type":"ListItem","position":1,"name":"Anasayfa","item":"https:\/\/kuzeyinsesi.org\/"},{"@type":"ListItem","position":2,"name":"\u0130n\u015faat m\u00fchendislerinden \u0130MO An\u0131 Orman\u0131\u2019na 400 yeni fidan"}]},{"@type":"WebSite","@id":"https:\/\/kuzeyinsesi.org\/#website","url":"https:\/\/kuzeyinsesi.org\/","name":"Kuzeyin Sesi","description":"Do\u011fru Haberin Adresi","potentialAction":[{"@type":"SearchAction","target":{"@type":"EntryPoint","urlTemplate":"https:\/\/kuzeyinsesi.org\/?s={search_term_string}"},"query-input":{"@type":"PropertyValueSpecification","valueRequired":true,"valueName":"search_term_string"}}],"inLanguage":"tr"},{"@type":"Person","@id":"https:\/\/kuzeyinsesi.org\/#\/schema\/person\/9f859689cdf01485597712386e37f5aa","name":"Kuzeyin Sesi","image":{"@type":"ImageObject","inLanguage":"tr","@id":"https:\/\/secure.gravatar.com\/avatar\/bab33852abfd8b282518d6ed81826833d77c3c882d9ab608add591ccace47a44?s=96&d=mm&r=g","url":"https:\/\/secure.gravatar.com\/avatar\/bab33852abfd8b282518d6ed81826833d77c3c882d9ab608add591ccace47a44?s=96&d=mm&r=g","contentUrl":"https:\/\/secure.gravatar.com\/avatar\/bab33852abfd8b282518d6ed81826833d77c3c882d9ab608add591ccace47a44?s=96&d=mm&r=g","caption":"Kuzeyin Sesi"},"sameAs":["https:\/\/kuzeyinsesi.org"],"url":"https:\/\/kuzeyinsesi.org\/index.php\/author\/guven\/"}]}},"_links":{"self":[{"href":"https:\/\/kuzeyinsesi.org\/index.php\/wp-json\/wp\/v2\/posts\/35977","targetHints":{"allow":["GET"]}}],"collection":[{"href":"https:\/\/kuzeyinsesi.org\/index.php\/wp-json\/wp\/v2\/posts"}],"about":[{"href":"https:\/\/kuzeyinsesi.org\/index.php\/wp-json\/wp\/v2\/types\/post"}],"author":[{"embeddable":true,"href":"https:\/\/kuzeyinsesi.org\/index.php\/wp-json\/wp\/v2\/users\/1"}],"replies":[{"embeddable":true,"href":"https:\/\/kuzeyinsesi.org\/index.php\/wp-json\/wp\/v2\/comments?post=35977"}],"version-history":[{"count":0,"href":"https:\/\/kuzeyinsesi.org\/index.php\/wp-json\/wp\/v2\/posts\/35977\/revisions"}],"wp:featuredmedia":[{"embeddable":true,"href":"https:\/\/kuzeyinsesi.org\/index.php\/wp-json\/wp\/v2\/media\/35978"}],"wp:attachment":[{"href":"https:\/\/kuzeyinsesi.org\/index.php\/wp-json\/wp\/v2\/media?parent=35977"}],"wp:term":[{"taxonomy":"category","embeddable":true,"href":"https:\/\/kuzeyinsesi.org\/index.php\/wp-json\/wp\/v2\/categories?post=35977"},{"taxonomy":"post_tag","embeddable":true,"href":"https:\/\/kuzeyinsesi.org\/index.php\/wp-json\/wp\/v2\/tags?post=35977"}],"curies":[{"name":"wp","href":"https:\/\/api.w.org\/{rel}","templated":true}]}}