{"id":35971,"date":"2026-02-25T17:28:05","date_gmt":"2026-02-25T15:28:05","guid":{"rendered":"https:\/\/kuzeyinsesi.org\/index.php\/2026\/02\/25\/659-surucu-rapor-edildi-24-arac-trafikten-men-edildi\/"},"modified":"2026-02-25T17:28:05","modified_gmt":"2026-02-25T15:28:05","slug":"659-surucu-rapor-edildi-24-arac-trafikten-men-edildi","status":"publish","type":"post","link":"https:\/\/kuzeyinsesi.org\/index.php\/2026\/02\/25\/659-surucu-rapor-edildi-24-arac-trafikten-men-edildi\/","title":{"rendered":"659 s\u00fcr\u00fcc\u00fc rapor edildi, 24 ara\u00e7 trafikten men edildi"},"content":{"rendered":"<p>Gazima\u011fusa, Girne ve G\u00fczelyurt\u2019ta 24 \u015eubat gecesi ger\u00e7ekle\u015ftirilen asayi\u015f ve trafik denetimlerinde 659 s\u00fcr\u00fcc\u00fc rapor edildi, 24 ara\u00e7 trafikten men edildi; ikamet izinsiz oldu\u011fu tespit edilen 11 ki\u015fi ile g\u00fcmr\u00fc\u011fe beyan edilmemi\u015f elektronik nargile tasarruf eden 1 ki\u015fi tutukland\u0131.<\/p>\n<p>Polis Bas\u0131n Subayl\u0131\u011f\u0131\u2019ndan verilen bilgiye g\u00f6re, 24 \u015eubat 2026 tarihinde 20.00\u201324.00 saatleri aras\u0131nda Gazima\u011fusa, Girne ve G\u00fczelyurt Polis M\u00fcd\u00fcrl\u00fckleri\u2019nin sorumluluk alanlar\u0131nda e\u015f zamanl\u0131 asayi\u015f ve trafik denetimleri yap\u0131ld\u0131.<\/p>\n<p><strong>GAZ\u0130MA\u011eUSA<\/strong><\/p>\n<p>Gazima\u011fusa\u2019da e\u011flence mekanlar\u0131, alkoll\u00fc i\u00e7ki sat\u0131\u015f\u0131 yap\u0131lan yerler, gece kul\u00fcpleri, kahvehaneler, bahis ofisleri ve halk\u0131n yo\u011fun bulundu\u011fu alanlar kontrol edildi; herhangi bir olumsuzluk tespit edilmedi.<\/p>\n<p>Trafik ekiplerince 862 s\u00fcr\u00fcc\u00fc denetlendi. Kontrollerde 161 s\u00fcr\u00fcc\u00fc h\u0131z s\u0131n\u0131r\u0131n\u0131 a\u015fmak, 1 s\u00fcr\u00fcc\u00fc ehliyetsiz ve sigortas\u0131z ara\u00e7 kullanmak, 5 s\u00fcr\u00fcc\u00fc sigortas\u0131z, 12 s\u00fcr\u00fcc\u00fc muayenesiz, 45 s\u00fcr\u00fcc\u00fc seyr\u00fcsefer ruhsats\u0131z ara\u00e7 kullanmak, 2 s\u00fcr\u00fcc\u00fc y\u0131pranm\u0131\u015f lastikli ara\u00e7 kullanmak, 49 s\u00fcr\u00fcc\u00fc trafik levha ve i\u015faretlerine uymamak, 1 s\u00fcr\u00fcc\u00fc kasks\u0131z motosiklet kullanmak, 1 s\u00fcr\u00fcc\u00fc \u201cdur\u201d emrine uymamak ve 10 s\u00fcr\u00fcc\u00fc \u0131\u015f\u0131k kurallar\u0131na uymamak su\u00e7lar\u0131ndan olmak \u00fczere toplam 287 ki\u015fi rapor edilerek aleyhlerinde yasal i\u015flem ba\u015flat\u0131ld\u0131.<\/p>\n<p><strong>G\u0130RNE<\/strong><\/p>\n<p>Girne\u2019de e\u011flence mekanlar\u0131, alkoll\u00fc i\u00e7ki sat\u0131\u015f\u0131 yap\u0131lan yerler, kahvehaneler, pansiyonlar, oteller ve halk\u0131n yo\u011fun bulundu\u011fu alanlar kontrol edildi. Denetimlerde, \u00fclkede yasal stat\u00fcs\u00fc olmadan ikamet etti\u011fi belirlenen 9 ki\u015fi tutukland\u0131. Ayr\u0131ca bir ara\u00e7ta yap\u0131lan aramada, g\u00fcmr\u00fc\u011fe beyan edilmemi\u015f 5 elektronik nargile tespit edilmesi \u00fczerine 1 ki\u015fi daha tutukland\u0131.<\/p>\n<p>Trafik denetimlerinde 2 bin 305 s\u00fcr\u00fcc\u00fc kontrol edildi. 89 s\u00fcr\u00fcc\u00fc h\u0131z, 4 s\u00fcr\u00fcc\u00fc alkoll\u00fc ara\u00e7 kullanma, 1 s\u00fcr\u00fcc\u00fc ehliyetsiz ve sigortas\u0131z ara\u00e7 kullanma, 21 s\u00fcr\u00fcc\u00fc sigortas\u0131z ara\u00e7 kullanma, 3 s\u00fcr\u00fcc\u00fc seyir halinde cep telefonu kullanma, 6 s\u00fcr\u00fcc\u00fc emniyet kemeri takmama, 1 s\u00fcr\u00fcc\u00fc elektrikli scooter kurallar\u0131na uymama, 2 s\u00fcr\u00fcc\u00fc kasks\u0131z motosiklet kullanma, 1 s\u00fcr\u00fcc\u00fc susturucusuz egzoz kullanma ve 142 s\u00fcr\u00fcc\u00fc di\u011fer trafik su\u00e7lar\u0131ndan olmak \u00fczere toplam 270 ki\u015fi rapor edildi. Ayr\u0131ca 24 ara\u00e7 trafikten men edildi.<\/p>\n<p><strong>G\u00dcZELYURT<\/strong><\/p>\n<p>G\u00fczelyurt\u2019ta e\u011flence mekanlar\u0131, alkoll\u00fc i\u00e7ki sat\u0131\u015f\u0131 yap\u0131lan yerler, bahis ofisleri ve halk\u0131n yo\u011fun bulundu\u011fu alanlar denetlendi. \u0130kamet izinsiz oldu\u011fu tespit edilen 2 ki\u015fi tutukland\u0131.<\/p>\n<p>Trafik kontrollerinde 685 s\u00fcr\u00fcc\u00fc denetlendi. 21 s\u00fcr\u00fcc\u00fc h\u0131z, 1 s\u00fcr\u00fcc\u00fc seyir halinde cep telefonu kullanma, 10 s\u00fcr\u00fcc\u00fc emniyet kemeri takmama, 2 s\u00fcr\u00fcc\u00fc \u0131\u015f\u0131k kurallar\u0131na uymama ve 68 s\u00fcr\u00fcc\u00fc di\u011fer trafik su\u00e7lar\u0131ndan olmak \u00fczere toplam 102 ki\u015fi rapor edilerek haklar\u0131nda yasal i\u015flem ba\u015flat\u0131ld\u0131.<\/p>\n<p>659 s\u00fcr\u00fcc\u00fc rapor edildi, 24 ara\u00e7 trafikten men edildi yaz\u0131s\u0131 ilk \u00f6nce K\u0131br\u0131s Hakikat \u00fczerinde ortaya \u00e7\u0131kt\u0131.<\/p>\n","protected":false},"excerpt":{"rendered":"<p>Gazima\u011fusa, Girne ve G\u00fczelyurt\u2019ta 24 \u015eubat gecesi ger\u00e7ekle\u015ftirilen asayi\u015f ve trafik denetimlerinde 659 s\u00fcr\u00fcc\u00fc rapor edildi, 24 ara\u00e7 trafikten men edildi; ikamet izinsiz oldu\u011fu tespit edilen 11 ki\u015fi ile g\u00fcmr\u00fc\u011fe beyan edilmemi\u015f elektronik nargile tasarruf eden 1 ki\u015fi tutukland\u0131. Polis Bas\u0131n Subayl\u0131\u011f\u0131\u2019ndan verilen bilgiye g\u00f6re, 24 \u015eubat 2026 tarihinde 20.00\u201324.00 saatleri aras\u0131nda Gazima\u011fusa, Girne ve [&hellip;]<\/p>\n","protected":false},"author":1,"featured_media":35972,"comment_status":"open","ping_status":"open","sticky":false,"template":"","format":"standard","meta":{"jnews-multi-image_gallery":[],"jnews_single_post":[],"jnews_primary_category":[],"jnews_social_meta":[],"jnews_override_counter":[],"footnotes":""},"categories":[1],"tags":[],"class_list":["post-35971","post","type-post","status-publish","format-standard","has-post-thumbnail","hentry","category-kibris"],"yoast_head":"<!-- This site is optimized with the Yoast SEO plugin v27.5 - https:\/\/yoast.com\/product\/yoast-seo-wordpress\/ -->\n<title>659 s\u00fcr\u00fcc\u00fc rapor edildi, 24 ara\u00e7 trafikten men edildi - Kuzeyin Sesi<\/title>\n<meta name=\"robots\" content=\"index, follow, max-snippet:-1, max-image-preview:large, max-video-preview:-1\" \/>\n<link rel=\"canonical\" href=\"https:\/\/kuzeyinsesi.org\/index.php\/2026\/02\/25\/659-surucu-rapor-edildi-24-arac-trafikten-men-edildi\/\" \/>\n<meta property=\"og:locale\" content=\"tr_TR\" \/>\n<meta property=\"og:type\" content=\"article\" \/>\n<meta property=\"og:title\" content=\"659 s\u00fcr\u00fcc\u00fc rapor edildi, 24 ara\u00e7 trafikten men edildi - Kuzeyin Sesi\" \/>\n<meta property=\"og:description\" content=\"Gazima\u011fusa, Girne ve G\u00fczelyurt\u2019ta 24 \u015eubat gecesi ger\u00e7ekle\u015ftirilen asayi\u015f ve trafik denetimlerinde 659 s\u00fcr\u00fcc\u00fc rapor edildi, 24 ara\u00e7 trafikten men edildi; ikamet izinsiz oldu\u011fu tespit edilen 11 ki\u015fi ile g\u00fcmr\u00fc\u011fe beyan edilmemi\u015f elektronik nargile tasarruf eden 1 ki\u015fi tutukland\u0131. Polis Bas\u0131n Subayl\u0131\u011f\u0131\u2019ndan verilen bilgiye g\u00f6re, 24 \u015eubat 2026 tarihinde 20.00\u201324.00 saatleri aras\u0131nda Gazima\u011fusa, Girne ve [&hellip;]\" \/>\n<meta property=\"og:url\" content=\"https:\/\/kuzeyinsesi.org\/index.php\/2026\/02\/25\/659-surucu-rapor-edildi-24-arac-trafikten-men-edildi\/\" \/>\n<meta property=\"og:site_name\" content=\"Kuzeyin Sesi\" \/>\n<meta property=\"article:publisher\" content=\"https:\/\/www.facebook.com\/kuzeyinsesii\" \/>\n<meta property=\"article:published_time\" content=\"2026-02-25T15:28:05+00:00\" \/>\n<meta name=\"author\" content=\"Kuzeyin Sesi\" \/>\n<meta name=\"twitter:card\" content=\"summary_large_image\" \/>\n<meta name=\"twitter:creator\" content=\"@kuzeyinsesii\" \/>\n<meta name=\"twitter:site\" content=\"@kuzeyinsesii\" \/>\n<meta name=\"twitter:label1\" content=\"Yazan:\" \/>\n\t<meta name=\"twitter:data1\" content=\"Kuzeyin Sesi\" \/>\n\t<meta name=\"twitter:label2\" content=\"Tahmini okuma s\u00fcresi\" \/>\n\t<meta name=\"twitter:data2\" content=\"2 dakika\" \/>\n<script type=\"application\/ld+json\" class=\"yoast-schema-graph\">{\"@context\":\"https:\\\/\\\/schema.org\",\"@graph\":[{\"@type\":\"Article\",\"@id\":\"https:\\\/\\\/kuzeyinsesi.org\\\/index.php\\\/2026\\\/02\\\/25\\\/659-surucu-rapor-edildi-24-arac-trafikten-men-edildi\\\/#article\",\"isPartOf\":{\"@id\":\"https:\\\/\\\/kuzeyinsesi.org\\\/index.php\\\/2026\\\/02\\\/25\\\/659-surucu-rapor-edildi-24-arac-trafikten-men-edildi\\\/\"},\"author\":{\"name\":\"Kuzeyin Sesi\",\"@id\":\"https:\\\/\\\/kuzeyinsesi.org\\\/#\\\/schema\\\/person\\\/9f859689cdf01485597712386e37f5aa\"},\"headline\":\"659 s\u00fcr\u00fcc\u00fc rapor edildi, 24 ara\u00e7 trafikten men edildi\",\"datePublished\":\"2026-02-25T15:28:05+00:00\",\"mainEntityOfPage\":{\"@id\":\"https:\\\/\\\/kuzeyinsesi.org\\\/index.php\\\/2026\\\/02\\\/25\\\/659-surucu-rapor-edildi-24-arac-trafikten-men-edildi\\\/\"},\"wordCount\":496,\"commentCount\":0,\"image\":{\"@id\":\"https:\\\/\\\/kuzeyinsesi.org\\\/index.php\\\/2026\\\/02\\\/25\\\/659-surucu-rapor-edildi-24-arac-trafikten-men-edildi\\\/#primaryimage\"},\"thumbnailUrl\":\"https:\\\/\\\/kuzeyinsesi.org\\\/wp-content\\\/uploads\\\/2026\\\/02\\\/IMG_7676.webp.webp\",\"articleSection\":[\"K\u0131br\u0131s\"],\"inLanguage\":\"tr\",\"potentialAction\":[{\"@type\":\"CommentAction\",\"name\":\"Comment\",\"target\":[\"https:\\\/\\\/kuzeyinsesi.org\\\/index.php\\\/2026\\\/02\\\/25\\\/659-surucu-rapor-edildi-24-arac-trafikten-men-edildi\\\/#respond\"]}]},{\"@type\":\"WebPage\",\"@id\":\"https:\\\/\\\/kuzeyinsesi.org\\\/index.php\\\/2026\\\/02\\\/25\\\/659-surucu-rapor-edildi-24-arac-trafikten-men-edildi\\\/\",\"url\":\"https:\\\/\\\/kuzeyinsesi.org\\\/index.php\\\/2026\\\/02\\\/25\\\/659-surucu-rapor-edildi-24-arac-trafikten-men-edildi\\\/\",\"name\":\"659 s\u00fcr\u00fcc\u00fc rapor edildi, 24 ara\u00e7 trafikten men edildi - Kuzeyin Sesi\",\"isPartOf\":{\"@id\":\"https:\\\/\\\/kuzeyinsesi.org\\\/#website\"},\"primaryImageOfPage\":{\"@id\":\"https:\\\/\\\/kuzeyinsesi.org\\\/index.php\\\/2026\\\/02\\\/25\\\/659-surucu-rapor-edildi-24-arac-trafikten-men-edildi\\\/#primaryimage\"},\"image\":{\"@id\":\"https:\\\/\\\/kuzeyinsesi.org\\\/index.php\\\/2026\\\/02\\\/25\\\/659-surucu-rapor-edildi-24-arac-trafikten-men-edildi\\\/#primaryimage\"},\"thumbnailUrl\":\"https:\\\/\\\/kuzeyinsesi.org\\\/wp-content\\\/uploads\\\/2026\\\/02\\\/IMG_7676.webp.webp\",\"datePublished\":\"2026-02-25T15:28:05+00:00\",\"author\":{\"@id\":\"https:\\\/\\\/kuzeyinsesi.org\\\/#\\\/schema\\\/person\\\/9f859689cdf01485597712386e37f5aa\"},\"breadcrumb\":{\"@id\":\"https:\\\/\\\/kuzeyinsesi.org\\\/index.php\\\/2026\\\/02\\\/25\\\/659-surucu-rapor-edildi-24-arac-trafikten-men-edildi\\\/#breadcrumb\"},\"inLanguage\":\"tr\",\"potentialAction\":[{\"@type\":\"ReadAction\",\"target\":[\"https:\\\/\\\/kuzeyinsesi.org\\\/index.php\\\/2026\\\/02\\\/25\\\/659-surucu-rapor-edildi-24-arac-trafikten-men-edildi\\\/\"]}]},{\"@type\":\"ImageObject\",\"inLanguage\":\"tr\",\"@id\":\"https:\\\/\\\/kuzeyinsesi.org\\\/index.php\\\/2026\\\/02\\\/25\\\/659-surucu-rapor-edildi-24-arac-trafikten-men-edildi\\\/#primaryimage\",\"url\":\"https:\\\/\\\/kuzeyinsesi.org\\\/wp-content\\\/uploads\\\/2026\\\/02\\\/IMG_7676.webp.webp\",\"contentUrl\":\"https:\\\/\\\/kuzeyinsesi.org\\\/wp-content\\\/uploads\\\/2026\\\/02\\\/IMG_7676.webp.webp\",\"width\":971,\"height\":551},{\"@type\":\"BreadcrumbList\",\"@id\":\"https:\\\/\\\/kuzeyinsesi.org\\\/index.php\\\/2026\\\/02\\\/25\\\/659-surucu-rapor-edildi-24-arac-trafikten-men-edildi\\\/#breadcrumb\",\"itemListElement\":[{\"@type\":\"ListItem\",\"position\":1,\"name\":\"Anasayfa\",\"item\":\"https:\\\/\\\/kuzeyinsesi.org\\\/\"},{\"@type\":\"ListItem\",\"position\":2,\"name\":\"659 s\u00fcr\u00fcc\u00fc rapor edildi, 24 ara\u00e7 trafikten men edildi\"}]},{\"@type\":\"WebSite\",\"@id\":\"https:\\\/\\\/kuzeyinsesi.org\\\/#website\",\"url\":\"https:\\\/\\\/kuzeyinsesi.org\\\/\",\"name\":\"Kuzeyin Sesi\",\"description\":\"Do\u011fru Haberin Adresi\",\"potentialAction\":[{\"@type\":\"SearchAction\",\"target\":{\"@type\":\"EntryPoint\",\"urlTemplate\":\"https:\\\/\\\/kuzeyinsesi.org\\\/?s={search_term_string}\"},\"query-input\":{\"@type\":\"PropertyValueSpecification\",\"valueRequired\":true,\"valueName\":\"search_term_string\"}}],\"inLanguage\":\"tr\"},{\"@type\":\"Person\",\"@id\":\"https:\\\/\\\/kuzeyinsesi.org\\\/#\\\/schema\\\/person\\\/9f859689cdf01485597712386e37f5aa\",\"name\":\"Kuzeyin Sesi\",\"image\":{\"@type\":\"ImageObject\",\"inLanguage\":\"tr\",\"@id\":\"https:\\\/\\\/secure.gravatar.com\\\/avatar\\\/bab33852abfd8b282518d6ed81826833d77c3c882d9ab608add591ccace47a44?s=96&d=mm&r=g\",\"url\":\"https:\\\/\\\/secure.gravatar.com\\\/avatar\\\/bab33852abfd8b282518d6ed81826833d77c3c882d9ab608add591ccace47a44?s=96&d=mm&r=g\",\"contentUrl\":\"https:\\\/\\\/secure.gravatar.com\\\/avatar\\\/bab33852abfd8b282518d6ed81826833d77c3c882d9ab608add591ccace47a44?s=96&d=mm&r=g\",\"caption\":\"Kuzeyin Sesi\"},\"sameAs\":[\"https:\\\/\\\/kuzeyinsesi.org\"],\"url\":\"https:\\\/\\\/kuzeyinsesi.org\\\/index.php\\\/author\\\/guven\\\/\"}]}<\/script>\n<!-- \/ Yoast SEO plugin. -->","yoast_head_json":{"title":"659 s\u00fcr\u00fcc\u00fc rapor edildi, 24 ara\u00e7 trafikten men edildi - Kuzeyin Sesi","robots":{"index":"index","follow":"follow","max-snippet":"max-snippet:-1","max-image-preview":"max-image-preview:large","max-video-preview":"max-video-preview:-1"},"canonical":"https:\/\/kuzeyinsesi.org\/index.php\/2026\/02\/25\/659-surucu-rapor-edildi-24-arac-trafikten-men-edildi\/","og_locale":"tr_TR","og_type":"article","og_title":"659 s\u00fcr\u00fcc\u00fc rapor edildi, 24 ara\u00e7 trafikten men edildi - Kuzeyin Sesi","og_description":"Gazima\u011fusa, Girne ve G\u00fczelyurt\u2019ta 24 \u015eubat gecesi ger\u00e7ekle\u015ftirilen asayi\u015f ve trafik denetimlerinde 659 s\u00fcr\u00fcc\u00fc rapor edildi, 24 ara\u00e7 trafikten men edildi; ikamet izinsiz oldu\u011fu tespit edilen 11 ki\u015fi ile g\u00fcmr\u00fc\u011fe beyan edilmemi\u015f elektronik nargile tasarruf eden 1 ki\u015fi tutukland\u0131. Polis Bas\u0131n Subayl\u0131\u011f\u0131\u2019ndan verilen bilgiye g\u00f6re, 24 \u015eubat 2026 tarihinde 20.00\u201324.00 saatleri aras\u0131nda Gazima\u011fusa, Girne ve [&hellip;]","og_url":"https:\/\/kuzeyinsesi.org\/index.php\/2026\/02\/25\/659-surucu-rapor-edildi-24-arac-trafikten-men-edildi\/","og_site_name":"Kuzeyin Sesi","article_publisher":"https:\/\/www.facebook.com\/kuzeyinsesii","article_published_time":"2026-02-25T15:28:05+00:00","author":"Kuzeyin Sesi","twitter_card":"summary_large_image","twitter_creator":"@kuzeyinsesii","twitter_site":"@kuzeyinsesii","twitter_misc":{"Yazan:":"Kuzeyin Sesi","Tahmini okuma s\u00fcresi":"2 dakika"},"schema":{"@context":"https:\/\/schema.org","@graph":[{"@type":"Article","@id":"https:\/\/kuzeyinsesi.org\/index.php\/2026\/02\/25\/659-surucu-rapor-edildi-24-arac-trafikten-men-edildi\/#article","isPartOf":{"@id":"https:\/\/kuzeyinsesi.org\/index.php\/2026\/02\/25\/659-surucu-rapor-edildi-24-arac-trafikten-men-edildi\/"},"author":{"name":"Kuzeyin Sesi","@id":"https:\/\/kuzeyinsesi.org\/#\/schema\/person\/9f859689cdf01485597712386e37f5aa"},"headline":"659 s\u00fcr\u00fcc\u00fc rapor edildi, 24 ara\u00e7 trafikten men edildi","datePublished":"2026-02-25T15:28:05+00:00","mainEntityOfPage":{"@id":"https:\/\/kuzeyinsesi.org\/index.php\/2026\/02\/25\/659-surucu-rapor-edildi-24-arac-trafikten-men-edildi\/"},"wordCount":496,"commentCount":0,"image":{"@id":"https:\/\/kuzeyinsesi.org\/index.php\/2026\/02\/25\/659-surucu-rapor-edildi-24-arac-trafikten-men-edildi\/#primaryimage"},"thumbnailUrl":"https:\/\/kuzeyinsesi.org\/wp-content\/uploads\/2026\/02\/IMG_7676.webp.webp","articleSection":["K\u0131br\u0131s"],"inLanguage":"tr","potentialAction":[{"@type":"CommentAction","name":"Comment","target":["https:\/\/kuzeyinsesi.org\/index.php\/2026\/02\/25\/659-surucu-rapor-edildi-24-arac-trafikten-men-edildi\/#respond"]}]},{"@type":"WebPage","@id":"https:\/\/kuzeyinsesi.org\/index.php\/2026\/02\/25\/659-surucu-rapor-edildi-24-arac-trafikten-men-edildi\/","url":"https:\/\/kuzeyinsesi.org\/index.php\/2026\/02\/25\/659-surucu-rapor-edildi-24-arac-trafikten-men-edildi\/","name":"659 s\u00fcr\u00fcc\u00fc rapor edildi, 24 ara\u00e7 trafikten men edildi - Kuzeyin Sesi","isPartOf":{"@id":"https:\/\/kuzeyinsesi.org\/#website"},"primaryImageOfPage":{"@id":"https:\/\/kuzeyinsesi.org\/index.php\/2026\/02\/25\/659-surucu-rapor-edildi-24-arac-trafikten-men-edildi\/#primaryimage"},"image":{"@id":"https:\/\/kuzeyinsesi.org\/index.php\/2026\/02\/25\/659-surucu-rapor-edildi-24-arac-trafikten-men-edildi\/#primaryimage"},"thumbnailUrl":"https:\/\/kuzeyinsesi.org\/wp-content\/uploads\/2026\/02\/IMG_7676.webp.webp","datePublished":"2026-02-25T15:28:05+00:00","author":{"@id":"https:\/\/kuzeyinsesi.org\/#\/schema\/person\/9f859689cdf01485597712386e37f5aa"},"breadcrumb":{"@id":"https:\/\/kuzeyinsesi.org\/index.php\/2026\/02\/25\/659-surucu-rapor-edildi-24-arac-trafikten-men-edildi\/#breadcrumb"},"inLanguage":"tr","potentialAction":[{"@type":"ReadAction","target":["https:\/\/kuzeyinsesi.org\/index.php\/2026\/02\/25\/659-surucu-rapor-edildi-24-arac-trafikten-men-edildi\/"]}]},{"@type":"ImageObject","inLanguage":"tr","@id":"https:\/\/kuzeyinsesi.org\/index.php\/2026\/02\/25\/659-surucu-rapor-edildi-24-arac-trafikten-men-edildi\/#primaryimage","url":"https:\/\/kuzeyinsesi.org\/wp-content\/uploads\/2026\/02\/IMG_7676.webp.webp","contentUrl":"https:\/\/kuzeyinsesi.org\/wp-content\/uploads\/2026\/02\/IMG_7676.webp.webp","width":971,"height":551},{"@type":"BreadcrumbList","@id":"https:\/\/kuzeyinsesi.org\/index.php\/2026\/02\/25\/659-surucu-rapor-edildi-24-arac-trafikten-men-edildi\/#breadcrumb","itemListElement":[{"@type":"ListItem","position":1,"name":"Anasayfa","item":"https:\/\/kuzeyinsesi.org\/"},{"@type":"ListItem","position":2,"name":"659 s\u00fcr\u00fcc\u00fc rapor edildi, 24 ara\u00e7 trafikten men edildi"}]},{"@type":"WebSite","@id":"https:\/\/kuzeyinsesi.org\/#website","url":"https:\/\/kuzeyinsesi.org\/","name":"Kuzeyin Sesi","description":"Do\u011fru Haberin Adresi","potentialAction":[{"@type":"SearchAction","target":{"@type":"EntryPoint","urlTemplate":"https:\/\/kuzeyinsesi.org\/?s={search_term_string}"},"query-input":{"@type":"PropertyValueSpecification","valueRequired":true,"valueName":"search_term_string"}}],"inLanguage":"tr"},{"@type":"Person","@id":"https:\/\/kuzeyinsesi.org\/#\/schema\/person\/9f859689cdf01485597712386e37f5aa","name":"Kuzeyin Sesi","image":{"@type":"ImageObject","inLanguage":"tr","@id":"https:\/\/secure.gravatar.com\/avatar\/bab33852abfd8b282518d6ed81826833d77c3c882d9ab608add591ccace47a44?s=96&d=mm&r=g","url":"https:\/\/secure.gravatar.com\/avatar\/bab33852abfd8b282518d6ed81826833d77c3c882d9ab608add591ccace47a44?s=96&d=mm&r=g","contentUrl":"https:\/\/secure.gravatar.com\/avatar\/bab33852abfd8b282518d6ed81826833d77c3c882d9ab608add591ccace47a44?s=96&d=mm&r=g","caption":"Kuzeyin Sesi"},"sameAs":["https:\/\/kuzeyinsesi.org"],"url":"https:\/\/kuzeyinsesi.org\/index.php\/author\/guven\/"}]}},"_links":{"self":[{"href":"https:\/\/kuzeyinsesi.org\/index.php\/wp-json\/wp\/v2\/posts\/35971","targetHints":{"allow":["GET"]}}],"collection":[{"href":"https:\/\/kuzeyinsesi.org\/index.php\/wp-json\/wp\/v2\/posts"}],"about":[{"href":"https:\/\/kuzeyinsesi.org\/index.php\/wp-json\/wp\/v2\/types\/post"}],"author":[{"embeddable":true,"href":"https:\/\/kuzeyinsesi.org\/index.php\/wp-json\/wp\/v2\/users\/1"}],"replies":[{"embeddable":true,"href":"https:\/\/kuzeyinsesi.org\/index.php\/wp-json\/wp\/v2\/comments?post=35971"}],"version-history":[{"count":0,"href":"https:\/\/kuzeyinsesi.org\/index.php\/wp-json\/wp\/v2\/posts\/35971\/revisions"}],"wp:featuredmedia":[{"embeddable":true,"href":"https:\/\/kuzeyinsesi.org\/index.php\/wp-json\/wp\/v2\/media\/35972"}],"wp:attachment":[{"href":"https:\/\/kuzeyinsesi.org\/index.php\/wp-json\/wp\/v2\/media?parent=35971"}],"wp:term":[{"taxonomy":"category","embeddable":true,"href":"https:\/\/kuzeyinsesi.org\/index.php\/wp-json\/wp\/v2\/categories?post=35971"},{"taxonomy":"post_tag","embeddable":true,"href":"https:\/\/kuzeyinsesi.org\/index.php\/wp-json\/wp\/v2\/tags?post=35971"}],"curies":[{"name":"wp","href":"https:\/\/api.w.org\/{rel}","templated":true}]}}