{"id":35969,"date":"2026-02-25T16:57:29","date_gmt":"2026-02-25T14:57:29","guid":{"rendered":"https:\/\/kuzeyinsesi.org\/index.php\/2026\/02\/25\/kktcde-oyunculuk-egitimine-yeni-vizyon-actada-akademi-kuruldu\/"},"modified":"2026-02-25T16:57:29","modified_gmt":"2026-02-25T14:57:29","slug":"kktcde-oyunculuk-egitimine-yeni-vizyon-actada-akademi-kuruldu","status":"publish","type":"post","link":"https:\/\/kuzeyinsesi.org\/index.php\/2026\/02\/25\/kktcde-oyunculuk-egitimine-yeni-vizyon-actada-akademi-kuruldu\/","title":{"rendered":"KKTC\u2019DE OYUNCULUK E\u011e\u0130T\u0130M\u0130NE YEN\u0130 V\u0130ZYON: ACTADA AKADEM\u0130 KURULDU"},"content":{"rendered":"<p>Yetene\u011fin do\u011fru e\u011fitim modeli ve g\u00fc\u00e7l\u00fc sekt\u00f6r ba\u011flant\u0131lar\u0131yla desteklenmesi gerekti\u011fine dikkat \u00e7eken akademi y\u00f6netimi, Y\u00f6netmen ve Yap\u0131mc\u0131 Servet Aksoy\u2019un \u00f6\u011frencilerle \u00e7al\u0131\u015faca\u011f\u0131n\u0131 duyurdu. E\u011fitim kadrosunda \u0130BB\u015eT oyuncular\u0131 Yonca \u0130nal, H\u00fcseyin K\u00f6ro\u011flu ve \u015eenay Sa\u00e7b\u00fcker yer al\u0131yor.<\/p>\n<p>Program kapsam\u0131nda diksiyon, fiziksel tiyatro, do\u011fa\u00e7lama, dramaturji, sahne kompozisyonu, reji ve kamera \u00f6n\u00fc oyunculuk gibi dersler verilecek. Devlet Konservatuvar\u0131 yetenek s\u0131nav\u0131na haz\u0131rl\u0131k e\u011fitimleri de sunulacak.<\/p>\n<p>KKTC\u2019DE OYUNCULUK E\u011e\u0130T\u0130M\u0130NE YEN\u0130 V\u0130ZYON: ACTADA AKADEM\u0130 KURULDU yaz\u0131s\u0131 ilk \u00f6nce K\u0131br\u0131s Hakikat \u00fczerinde ortaya \u00e7\u0131kt\u0131.<\/p>\n","protected":false},"excerpt":{"rendered":"<p>Yetene\u011fin do\u011fru e\u011fitim modeli ve g\u00fc\u00e7l\u00fc sekt\u00f6r ba\u011flant\u0131lar\u0131yla desteklenmesi gerekti\u011fine dikkat \u00e7eken akademi y\u00f6netimi, Y\u00f6netmen ve Yap\u0131mc\u0131 Servet Aksoy\u2019un \u00f6\u011frencilerle \u00e7al\u0131\u015faca\u011f\u0131n\u0131 duyurdu. E\u011fitim kadrosunda \u0130BB\u015eT oyuncular\u0131 Yonca \u0130nal, H\u00fcseyin K\u00f6ro\u011flu ve \u015eenay Sa\u00e7b\u00fcker yer al\u0131yor. Program kapsam\u0131nda diksiyon, fiziksel tiyatro, do\u011fa\u00e7lama, dramaturji, sahne kompozisyonu, reji ve kamera \u00f6n\u00fc oyunculuk gibi dersler verilecek. Devlet Konservatuvar\u0131 yetenek [&hellip;]<\/p>\n","protected":false},"author":1,"featured_media":35970,"comment_status":"open","ping_status":"open","sticky":false,"template":"","format":"standard","meta":{"jnews-multi-image_gallery":[],"jnews_single_post":[],"jnews_primary_category":[],"jnews_social_meta":[],"jnews_override_counter":[],"footnotes":""},"categories":[1],"tags":[],"class_list":["post-35969","post","type-post","status-publish","format-standard","has-post-thumbnail","hentry","category-kibris"],"yoast_head":"<!-- This site is optimized with the Yoast SEO plugin v27.5 - https:\/\/yoast.com\/product\/yoast-seo-wordpress\/ -->\n<title>KKTC\u2019DE OYUNCULUK E\u011e\u0130T\u0130M\u0130NE YEN\u0130 V\u0130ZYON: ACTADA AKADEM\u0130 KURULDU - Kuzeyin Sesi<\/title>\n<meta name=\"robots\" content=\"index, follow, max-snippet:-1, max-image-preview:large, max-video-preview:-1\" \/>\n<link rel=\"canonical\" href=\"https:\/\/kuzeyinsesi.org\/index.php\/2026\/02\/25\/kktcde-oyunculuk-egitimine-yeni-vizyon-actada-akademi-kuruldu\/\" \/>\n<meta property=\"og:locale\" content=\"tr_TR\" \/>\n<meta property=\"og:type\" content=\"article\" \/>\n<meta property=\"og:title\" content=\"KKTC\u2019DE OYUNCULUK E\u011e\u0130T\u0130M\u0130NE YEN\u0130 V\u0130ZYON: ACTADA AKADEM\u0130 KURULDU - Kuzeyin Sesi\" \/>\n<meta property=\"og:description\" content=\"Yetene\u011fin do\u011fru e\u011fitim modeli ve g\u00fc\u00e7l\u00fc sekt\u00f6r ba\u011flant\u0131lar\u0131yla desteklenmesi gerekti\u011fine dikkat \u00e7eken akademi y\u00f6netimi, Y\u00f6netmen ve Yap\u0131mc\u0131 Servet Aksoy\u2019un \u00f6\u011frencilerle \u00e7al\u0131\u015faca\u011f\u0131n\u0131 duyurdu. E\u011fitim kadrosunda \u0130BB\u015eT oyuncular\u0131 Yonca \u0130nal, H\u00fcseyin K\u00f6ro\u011flu ve \u015eenay Sa\u00e7b\u00fcker yer al\u0131yor. Program kapsam\u0131nda diksiyon, fiziksel tiyatro, do\u011fa\u00e7lama, dramaturji, sahne kompozisyonu, reji ve kamera \u00f6n\u00fc oyunculuk gibi dersler verilecek. Devlet Konservatuvar\u0131 yetenek [&hellip;]\" \/>\n<meta property=\"og:url\" content=\"https:\/\/kuzeyinsesi.org\/index.php\/2026\/02\/25\/kktcde-oyunculuk-egitimine-yeni-vizyon-actada-akademi-kuruldu\/\" \/>\n<meta property=\"og:site_name\" content=\"Kuzeyin Sesi\" \/>\n<meta property=\"article:publisher\" content=\"https:\/\/www.facebook.com\/kuzeyinsesii\" \/>\n<meta property=\"article:published_time\" content=\"2026-02-25T14:57:29+00:00\" \/>\n<meta name=\"author\" content=\"Kuzeyin Sesi\" \/>\n<meta name=\"twitter:card\" content=\"summary_large_image\" \/>\n<meta name=\"twitter:creator\" content=\"@kuzeyinsesii\" \/>\n<meta name=\"twitter:site\" content=\"@kuzeyinsesii\" \/>\n<meta name=\"twitter:label1\" content=\"Yazan:\" \/>\n\t<meta name=\"twitter:data1\" content=\"Kuzeyin Sesi\" \/>\n\t<meta name=\"twitter:label2\" content=\"Tahmini okuma s\u00fcresi\" \/>\n\t<meta name=\"twitter:data2\" content=\"1 dakika\" \/>\n<script type=\"application\/ld+json\" class=\"yoast-schema-graph\">{\"@context\":\"https:\\\/\\\/schema.org\",\"@graph\":[{\"@type\":\"Article\",\"@id\":\"https:\\\/\\\/kuzeyinsesi.org\\\/index.php\\\/2026\\\/02\\\/25\\\/kktcde-oyunculuk-egitimine-yeni-vizyon-actada-akademi-kuruldu\\\/#article\",\"isPartOf\":{\"@id\":\"https:\\\/\\\/kuzeyinsesi.org\\\/index.php\\\/2026\\\/02\\\/25\\\/kktcde-oyunculuk-egitimine-yeni-vizyon-actada-akademi-kuruldu\\\/\"},\"author\":{\"name\":\"Kuzeyin Sesi\",\"@id\":\"https:\\\/\\\/kuzeyinsesi.org\\\/#\\\/schema\\\/person\\\/9f859689cdf01485597712386e37f5aa\"},\"headline\":\"KKTC\u2019DE OYUNCULUK E\u011e\u0130T\u0130M\u0130NE YEN\u0130 V\u0130ZYON: ACTADA AKADEM\u0130 KURULDU\",\"datePublished\":\"2026-02-25T14:57:29+00:00\",\"mainEntityOfPage\":{\"@id\":\"https:\\\/\\\/kuzeyinsesi.org\\\/index.php\\\/2026\\\/02\\\/25\\\/kktcde-oyunculuk-egitimine-yeni-vizyon-actada-akademi-kuruldu\\\/\"},\"wordCount\":128,\"commentCount\":0,\"image\":{\"@id\":\"https:\\\/\\\/kuzeyinsesi.org\\\/index.php\\\/2026\\\/02\\\/25\\\/kktcde-oyunculuk-egitimine-yeni-vizyon-actada-akademi-kuruldu\\\/#primaryimage\"},\"thumbnailUrl\":\"https:\\\/\\\/kuzeyinsesi.org\\\/wp-content\\\/uploads\\\/2026\\\/02\\\/IMG_7674.jpeg\",\"articleSection\":[\"K\u0131br\u0131s\"],\"inLanguage\":\"tr\",\"potentialAction\":[{\"@type\":\"CommentAction\",\"name\":\"Comment\",\"target\":[\"https:\\\/\\\/kuzeyinsesi.org\\\/index.php\\\/2026\\\/02\\\/25\\\/kktcde-oyunculuk-egitimine-yeni-vizyon-actada-akademi-kuruldu\\\/#respond\"]}]},{\"@type\":\"WebPage\",\"@id\":\"https:\\\/\\\/kuzeyinsesi.org\\\/index.php\\\/2026\\\/02\\\/25\\\/kktcde-oyunculuk-egitimine-yeni-vizyon-actada-akademi-kuruldu\\\/\",\"url\":\"https:\\\/\\\/kuzeyinsesi.org\\\/index.php\\\/2026\\\/02\\\/25\\\/kktcde-oyunculuk-egitimine-yeni-vizyon-actada-akademi-kuruldu\\\/\",\"name\":\"KKTC\u2019DE OYUNCULUK E\u011e\u0130T\u0130M\u0130NE YEN\u0130 V\u0130ZYON: ACTADA AKADEM\u0130 KURULDU - Kuzeyin Sesi\",\"isPartOf\":{\"@id\":\"https:\\\/\\\/kuzeyinsesi.org\\\/#website\"},\"primaryImageOfPage\":{\"@id\":\"https:\\\/\\\/kuzeyinsesi.org\\\/index.php\\\/2026\\\/02\\\/25\\\/kktcde-oyunculuk-egitimine-yeni-vizyon-actada-akademi-kuruldu\\\/#primaryimage\"},\"image\":{\"@id\":\"https:\\\/\\\/kuzeyinsesi.org\\\/index.php\\\/2026\\\/02\\\/25\\\/kktcde-oyunculuk-egitimine-yeni-vizyon-actada-akademi-kuruldu\\\/#primaryimage\"},\"thumbnailUrl\":\"https:\\\/\\\/kuzeyinsesi.org\\\/wp-content\\\/uploads\\\/2026\\\/02\\\/IMG_7674.jpeg\",\"datePublished\":\"2026-02-25T14:57:29+00:00\",\"author\":{\"@id\":\"https:\\\/\\\/kuzeyinsesi.org\\\/#\\\/schema\\\/person\\\/9f859689cdf01485597712386e37f5aa\"},\"breadcrumb\":{\"@id\":\"https:\\\/\\\/kuzeyinsesi.org\\\/index.php\\\/2026\\\/02\\\/25\\\/kktcde-oyunculuk-egitimine-yeni-vizyon-actada-akademi-kuruldu\\\/#breadcrumb\"},\"inLanguage\":\"tr\",\"potentialAction\":[{\"@type\":\"ReadAction\",\"target\":[\"https:\\\/\\\/kuzeyinsesi.org\\\/index.php\\\/2026\\\/02\\\/25\\\/kktcde-oyunculuk-egitimine-yeni-vizyon-actada-akademi-kuruldu\\\/\"]}]},{\"@type\":\"ImageObject\",\"inLanguage\":\"tr\",\"@id\":\"https:\\\/\\\/kuzeyinsesi.org\\\/index.php\\\/2026\\\/02\\\/25\\\/kktcde-oyunculuk-egitimine-yeni-vizyon-actada-akademi-kuruldu\\\/#primaryimage\",\"url\":\"https:\\\/\\\/kuzeyinsesi.org\\\/wp-content\\\/uploads\\\/2026\\\/02\\\/IMG_7674.jpeg\",\"contentUrl\":\"https:\\\/\\\/kuzeyinsesi.org\\\/wp-content\\\/uploads\\\/2026\\\/02\\\/IMG_7674.jpeg\",\"width\":1600,\"height\":1200},{\"@type\":\"BreadcrumbList\",\"@id\":\"https:\\\/\\\/kuzeyinsesi.org\\\/index.php\\\/2026\\\/02\\\/25\\\/kktcde-oyunculuk-egitimine-yeni-vizyon-actada-akademi-kuruldu\\\/#breadcrumb\",\"itemListElement\":[{\"@type\":\"ListItem\",\"position\":1,\"name\":\"Anasayfa\",\"item\":\"https:\\\/\\\/kuzeyinsesi.org\\\/\"},{\"@type\":\"ListItem\",\"position\":2,\"name\":\"KKTC\u2019DE OYUNCULUK E\u011e\u0130T\u0130M\u0130NE YEN\u0130 V\u0130ZYON: ACTADA AKADEM\u0130 KURULDU\"}]},{\"@type\":\"WebSite\",\"@id\":\"https:\\\/\\\/kuzeyinsesi.org\\\/#website\",\"url\":\"https:\\\/\\\/kuzeyinsesi.org\\\/\",\"name\":\"Kuzeyin Sesi\",\"description\":\"Do\u011fru Haberin Adresi\",\"potentialAction\":[{\"@type\":\"SearchAction\",\"target\":{\"@type\":\"EntryPoint\",\"urlTemplate\":\"https:\\\/\\\/kuzeyinsesi.org\\\/?s={search_term_string}\"},\"query-input\":{\"@type\":\"PropertyValueSpecification\",\"valueRequired\":true,\"valueName\":\"search_term_string\"}}],\"inLanguage\":\"tr\"},{\"@type\":\"Person\",\"@id\":\"https:\\\/\\\/kuzeyinsesi.org\\\/#\\\/schema\\\/person\\\/9f859689cdf01485597712386e37f5aa\",\"name\":\"Kuzeyin Sesi\",\"image\":{\"@type\":\"ImageObject\",\"inLanguage\":\"tr\",\"@id\":\"https:\\\/\\\/secure.gravatar.com\\\/avatar\\\/bab33852abfd8b282518d6ed81826833d77c3c882d9ab608add591ccace47a44?s=96&d=mm&r=g\",\"url\":\"https:\\\/\\\/secure.gravatar.com\\\/avatar\\\/bab33852abfd8b282518d6ed81826833d77c3c882d9ab608add591ccace47a44?s=96&d=mm&r=g\",\"contentUrl\":\"https:\\\/\\\/secure.gravatar.com\\\/avatar\\\/bab33852abfd8b282518d6ed81826833d77c3c882d9ab608add591ccace47a44?s=96&d=mm&r=g\",\"caption\":\"Kuzeyin Sesi\"},\"sameAs\":[\"https:\\\/\\\/kuzeyinsesi.org\"],\"url\":\"https:\\\/\\\/kuzeyinsesi.org\\\/index.php\\\/author\\\/guven\\\/\"}]}<\/script>\n<!-- \/ Yoast SEO plugin. -->","yoast_head_json":{"title":"KKTC\u2019DE OYUNCULUK E\u011e\u0130T\u0130M\u0130NE YEN\u0130 V\u0130ZYON: ACTADA AKADEM\u0130 KURULDU - Kuzeyin Sesi","robots":{"index":"index","follow":"follow","max-snippet":"max-snippet:-1","max-image-preview":"max-image-preview:large","max-video-preview":"max-video-preview:-1"},"canonical":"https:\/\/kuzeyinsesi.org\/index.php\/2026\/02\/25\/kktcde-oyunculuk-egitimine-yeni-vizyon-actada-akademi-kuruldu\/","og_locale":"tr_TR","og_type":"article","og_title":"KKTC\u2019DE OYUNCULUK E\u011e\u0130T\u0130M\u0130NE YEN\u0130 V\u0130ZYON: ACTADA AKADEM\u0130 KURULDU - Kuzeyin Sesi","og_description":"Yetene\u011fin do\u011fru e\u011fitim modeli ve g\u00fc\u00e7l\u00fc sekt\u00f6r ba\u011flant\u0131lar\u0131yla desteklenmesi gerekti\u011fine dikkat \u00e7eken akademi y\u00f6netimi, Y\u00f6netmen ve Yap\u0131mc\u0131 Servet Aksoy\u2019un \u00f6\u011frencilerle \u00e7al\u0131\u015faca\u011f\u0131n\u0131 duyurdu. E\u011fitim kadrosunda \u0130BB\u015eT oyuncular\u0131 Yonca \u0130nal, H\u00fcseyin K\u00f6ro\u011flu ve \u015eenay Sa\u00e7b\u00fcker yer al\u0131yor. Program kapsam\u0131nda diksiyon, fiziksel tiyatro, do\u011fa\u00e7lama, dramaturji, sahne kompozisyonu, reji ve kamera \u00f6n\u00fc oyunculuk gibi dersler verilecek. Devlet Konservatuvar\u0131 yetenek [&hellip;]","og_url":"https:\/\/kuzeyinsesi.org\/index.php\/2026\/02\/25\/kktcde-oyunculuk-egitimine-yeni-vizyon-actada-akademi-kuruldu\/","og_site_name":"Kuzeyin Sesi","article_publisher":"https:\/\/www.facebook.com\/kuzeyinsesii","article_published_time":"2026-02-25T14:57:29+00:00","author":"Kuzeyin Sesi","twitter_card":"summary_large_image","twitter_creator":"@kuzeyinsesii","twitter_site":"@kuzeyinsesii","twitter_misc":{"Yazan:":"Kuzeyin Sesi","Tahmini okuma s\u00fcresi":"1 dakika"},"schema":{"@context":"https:\/\/schema.org","@graph":[{"@type":"Article","@id":"https:\/\/kuzeyinsesi.org\/index.php\/2026\/02\/25\/kktcde-oyunculuk-egitimine-yeni-vizyon-actada-akademi-kuruldu\/#article","isPartOf":{"@id":"https:\/\/kuzeyinsesi.org\/index.php\/2026\/02\/25\/kktcde-oyunculuk-egitimine-yeni-vizyon-actada-akademi-kuruldu\/"},"author":{"name":"Kuzeyin Sesi","@id":"https:\/\/kuzeyinsesi.org\/#\/schema\/person\/9f859689cdf01485597712386e37f5aa"},"headline":"KKTC\u2019DE OYUNCULUK E\u011e\u0130T\u0130M\u0130NE YEN\u0130 V\u0130ZYON: ACTADA AKADEM\u0130 KURULDU","datePublished":"2026-02-25T14:57:29+00:00","mainEntityOfPage":{"@id":"https:\/\/kuzeyinsesi.org\/index.php\/2026\/02\/25\/kktcde-oyunculuk-egitimine-yeni-vizyon-actada-akademi-kuruldu\/"},"wordCount":128,"commentCount":0,"image":{"@id":"https:\/\/kuzeyinsesi.org\/index.php\/2026\/02\/25\/kktcde-oyunculuk-egitimine-yeni-vizyon-actada-akademi-kuruldu\/#primaryimage"},"thumbnailUrl":"https:\/\/kuzeyinsesi.org\/wp-content\/uploads\/2026\/02\/IMG_7674.jpeg","articleSection":["K\u0131br\u0131s"],"inLanguage":"tr","potentialAction":[{"@type":"CommentAction","name":"Comment","target":["https:\/\/kuzeyinsesi.org\/index.php\/2026\/02\/25\/kktcde-oyunculuk-egitimine-yeni-vizyon-actada-akademi-kuruldu\/#respond"]}]},{"@type":"WebPage","@id":"https:\/\/kuzeyinsesi.org\/index.php\/2026\/02\/25\/kktcde-oyunculuk-egitimine-yeni-vizyon-actada-akademi-kuruldu\/","url":"https:\/\/kuzeyinsesi.org\/index.php\/2026\/02\/25\/kktcde-oyunculuk-egitimine-yeni-vizyon-actada-akademi-kuruldu\/","name":"KKTC\u2019DE OYUNCULUK E\u011e\u0130T\u0130M\u0130NE YEN\u0130 V\u0130ZYON: ACTADA AKADEM\u0130 KURULDU - Kuzeyin Sesi","isPartOf":{"@id":"https:\/\/kuzeyinsesi.org\/#website"},"primaryImageOfPage":{"@id":"https:\/\/kuzeyinsesi.org\/index.php\/2026\/02\/25\/kktcde-oyunculuk-egitimine-yeni-vizyon-actada-akademi-kuruldu\/#primaryimage"},"image":{"@id":"https:\/\/kuzeyinsesi.org\/index.php\/2026\/02\/25\/kktcde-oyunculuk-egitimine-yeni-vizyon-actada-akademi-kuruldu\/#primaryimage"},"thumbnailUrl":"https:\/\/kuzeyinsesi.org\/wp-content\/uploads\/2026\/02\/IMG_7674.jpeg","datePublished":"2026-02-25T14:57:29+00:00","author":{"@id":"https:\/\/kuzeyinsesi.org\/#\/schema\/person\/9f859689cdf01485597712386e37f5aa"},"breadcrumb":{"@id":"https:\/\/kuzeyinsesi.org\/index.php\/2026\/02\/25\/kktcde-oyunculuk-egitimine-yeni-vizyon-actada-akademi-kuruldu\/#breadcrumb"},"inLanguage":"tr","potentialAction":[{"@type":"ReadAction","target":["https:\/\/kuzeyinsesi.org\/index.php\/2026\/02\/25\/kktcde-oyunculuk-egitimine-yeni-vizyon-actada-akademi-kuruldu\/"]}]},{"@type":"ImageObject","inLanguage":"tr","@id":"https:\/\/kuzeyinsesi.org\/index.php\/2026\/02\/25\/kktcde-oyunculuk-egitimine-yeni-vizyon-actada-akademi-kuruldu\/#primaryimage","url":"https:\/\/kuzeyinsesi.org\/wp-content\/uploads\/2026\/02\/IMG_7674.jpeg","contentUrl":"https:\/\/kuzeyinsesi.org\/wp-content\/uploads\/2026\/02\/IMG_7674.jpeg","width":1600,"height":1200},{"@type":"BreadcrumbList","@id":"https:\/\/kuzeyinsesi.org\/index.php\/2026\/02\/25\/kktcde-oyunculuk-egitimine-yeni-vizyon-actada-akademi-kuruldu\/#breadcrumb","itemListElement":[{"@type":"ListItem","position":1,"name":"Anasayfa","item":"https:\/\/kuzeyinsesi.org\/"},{"@type":"ListItem","position":2,"name":"KKTC\u2019DE OYUNCULUK E\u011e\u0130T\u0130M\u0130NE YEN\u0130 V\u0130ZYON: ACTADA AKADEM\u0130 KURULDU"}]},{"@type":"WebSite","@id":"https:\/\/kuzeyinsesi.org\/#website","url":"https:\/\/kuzeyinsesi.org\/","name":"Kuzeyin Sesi","description":"Do\u011fru Haberin Adresi","potentialAction":[{"@type":"SearchAction","target":{"@type":"EntryPoint","urlTemplate":"https:\/\/kuzeyinsesi.org\/?s={search_term_string}"},"query-input":{"@type":"PropertyValueSpecification","valueRequired":true,"valueName":"search_term_string"}}],"inLanguage":"tr"},{"@type":"Person","@id":"https:\/\/kuzeyinsesi.org\/#\/schema\/person\/9f859689cdf01485597712386e37f5aa","name":"Kuzeyin Sesi","image":{"@type":"ImageObject","inLanguage":"tr","@id":"https:\/\/secure.gravatar.com\/avatar\/bab33852abfd8b282518d6ed81826833d77c3c882d9ab608add591ccace47a44?s=96&d=mm&r=g","url":"https:\/\/secure.gravatar.com\/avatar\/bab33852abfd8b282518d6ed81826833d77c3c882d9ab608add591ccace47a44?s=96&d=mm&r=g","contentUrl":"https:\/\/secure.gravatar.com\/avatar\/bab33852abfd8b282518d6ed81826833d77c3c882d9ab608add591ccace47a44?s=96&d=mm&r=g","caption":"Kuzeyin Sesi"},"sameAs":["https:\/\/kuzeyinsesi.org"],"url":"https:\/\/kuzeyinsesi.org\/index.php\/author\/guven\/"}]}},"_links":{"self":[{"href":"https:\/\/kuzeyinsesi.org\/index.php\/wp-json\/wp\/v2\/posts\/35969","targetHints":{"allow":["GET"]}}],"collection":[{"href":"https:\/\/kuzeyinsesi.org\/index.php\/wp-json\/wp\/v2\/posts"}],"about":[{"href":"https:\/\/kuzeyinsesi.org\/index.php\/wp-json\/wp\/v2\/types\/post"}],"author":[{"embeddable":true,"href":"https:\/\/kuzeyinsesi.org\/index.php\/wp-json\/wp\/v2\/users\/1"}],"replies":[{"embeddable":true,"href":"https:\/\/kuzeyinsesi.org\/index.php\/wp-json\/wp\/v2\/comments?post=35969"}],"version-history":[{"count":0,"href":"https:\/\/kuzeyinsesi.org\/index.php\/wp-json\/wp\/v2\/posts\/35969\/revisions"}],"wp:featuredmedia":[{"embeddable":true,"href":"https:\/\/kuzeyinsesi.org\/index.php\/wp-json\/wp\/v2\/media\/35970"}],"wp:attachment":[{"href":"https:\/\/kuzeyinsesi.org\/index.php\/wp-json\/wp\/v2\/media?parent=35969"}],"wp:term":[{"taxonomy":"category","embeddable":true,"href":"https:\/\/kuzeyinsesi.org\/index.php\/wp-json\/wp\/v2\/categories?post=35969"},{"taxonomy":"post_tag","embeddable":true,"href":"https:\/\/kuzeyinsesi.org\/index.php\/wp-json\/wp\/v2\/tags?post=35969"}],"curies":[{"name":"wp","href":"https:\/\/api.w.org\/{rel}","templated":true}]}}