{"id":35965,"date":"2026-02-25T16:06:44","date_gmt":"2026-02-25T14:06:44","guid":{"rendered":"https:\/\/kuzeyinsesi.org\/index.php\/2026\/02\/25\/prountzosun-kaymaklidaki-gecis-noktasiyla-ilgili-aciklamasini-memnuniyetle-karsiladim\/"},"modified":"2026-02-25T16:06:44","modified_gmt":"2026-02-25T14:06:44","slug":"prountzosun-kaymaklidaki-gecis-noktasiyla-ilgili-aciklamasini-memnuniyetle-karsiladim","status":"publish","type":"post","link":"https:\/\/kuzeyinsesi.org\/index.php\/2026\/02\/25\/prountzosun-kaymaklidaki-gecis-noktasiyla-ilgili-aciklamasini-memnuniyetle-karsiladim\/","title":{"rendered":"Prountzos\u2019un Kaymakl\u0131\u2019daki ge\u00e7i\u015f noktas\u0131yla ilgili a\u00e7\u0131klamas\u0131n\u0131 memnuniyetle kar\u015f\u0131lad\u0131m"},"content":{"rendered":"<p data-start=\"84\" data-end=\"391\">Lefko\u015fa Rum Belediye Ba\u015fkan\u0131 Haralambos Prountzos, Kaymakl\u0131 b\u00f6lgesinde ara\u00e7l\u0131 ge\u00e7i\u015fe imk\u00e2n sa\u011flayacak yeni bir kap\u0131 i\u00e7in \u00f6neri tasla\u011f\u0131n\u0131n haz\u0131rland\u0131\u011f\u0131n\u0131 a\u00e7\u0131klad\u0131. LTB Ba\u015fkan\u0131 Mehmet Harmanc\u0131 \u00a0bunu memnuniyetle kar\u015f\u0131lad\u0131\u011f\u0131n\u0131 dile getirdi.<\/p>\n<p data-start=\"393\" data-end=\"853\">Lefko\u015fa T\u00fcrk Belediyesi (LTB) Ba\u015fkan\u0131 Mehmet Harmanc\u0131 ise sosyal medya payla\u015f\u0131m\u0131nda, Prountzos\u2019un Kaymakl\u0131\u2019daki yeni ge\u00e7i\u015f noktas\u0131yla ilgili a\u00e7\u0131klamas\u0131n\u0131 memnuniyetle kar\u015f\u0131lad\u0131\u011f\u0131n\u0131 ifade etti. Harmanc\u0131, \u201cUzun zamand\u0131r Lefko\u015fa belediye ba\u015fkanlar\u0131 olarak bir\u00e7ok konuda ortak fikirler geli\u015ftirmeye \u00e7al\u0131\u015f\u0131yoruz. Bug\u00fcn sevgili dostum Prountzos\u2019un a\u00e7\u0131klamas\u0131n\u0131 memnuniyetle kar\u015f\u0131lad\u0131m. Uzun s\u00fcredir tart\u0131\u015ft\u0131\u011f\u0131m\u0131z alternatif bir ge\u00e7i\u015f noktas\u0131\u201d ifadelerini kulland\u0131.<\/p>\n<p data-start=\"855\" data-end=\"1142\">Harmanc\u0131, g\u00fcne\u015f enerjisi santralleri konusunda kal\u0131c\u0131 bir \u00e7\u00f6z\u00fcm bulunana kadar ara b\u00f6lgede yeni \u00e7\u00f6z\u00fcmler geli\u015ftirerek her iki topluma fayda sa\u011flayacak ortak form\u00fcller \u00fcretmeye devam edeceklerini vurgulad\u0131. Ba\u015fkan, ortak eylem geli\u015ftirme noktas\u0131nda teredd\u00fct etmeyeceklerini de belirtti.<\/p>\n<p>Prountzos&#8217;un Kaymakl\u0131\u2019daki ge\u00e7i\u015f noktas\u0131yla ilgili a\u00e7\u0131klamas\u0131n\u0131 memnuniyetle kar\u015f\u0131lad\u0131m yaz\u0131s\u0131 ilk \u00f6nce K\u0131br\u0131s Hakikat \u00fczerinde ortaya \u00e7\u0131kt\u0131.<\/p>\n","protected":false},"excerpt":{"rendered":"<p>Lefko\u015fa Rum Belediye Ba\u015fkan\u0131 Haralambos Prountzos, Kaymakl\u0131 b\u00f6lgesinde ara\u00e7l\u0131 ge\u00e7i\u015fe imk\u00e2n sa\u011flayacak yeni bir kap\u0131 i\u00e7in \u00f6neri tasla\u011f\u0131n\u0131n haz\u0131rland\u0131\u011f\u0131n\u0131 a\u00e7\u0131klad\u0131. LTB Ba\u015fkan\u0131 Mehmet Harmanc\u0131 \u00a0bunu memnuniyetle kar\u015f\u0131lad\u0131\u011f\u0131n\u0131 dile getirdi. Lefko\u015fa T\u00fcrk Belediyesi (LTB) Ba\u015fkan\u0131 Mehmet Harmanc\u0131 ise sosyal medya payla\u015f\u0131m\u0131nda, Prountzos\u2019un Kaymakl\u0131\u2019daki yeni ge\u00e7i\u015f noktas\u0131yla ilgili a\u00e7\u0131klamas\u0131n\u0131 memnuniyetle kar\u015f\u0131lad\u0131\u011f\u0131n\u0131 ifade etti. Harmanc\u0131, \u201cUzun zamand\u0131r Lefko\u015fa [&hellip;]<\/p>\n","protected":false},"author":1,"featured_media":35966,"comment_status":"open","ping_status":"open","sticky":false,"template":"","format":"standard","meta":{"jnews-multi-image_gallery":[],"jnews_single_post":[],"jnews_primary_category":[],"jnews_social_meta":[],"jnews_override_counter":[],"footnotes":""},"categories":[1],"tags":[],"class_list":["post-35965","post","type-post","status-publish","format-standard","has-post-thumbnail","hentry","category-kibris"],"yoast_head":"<!-- This site is optimized with the Yoast SEO plugin v27.5 - https:\/\/yoast.com\/product\/yoast-seo-wordpress\/ -->\n<title>Prountzos\u2019un Kaymakl\u0131\u2019daki ge\u00e7i\u015f noktas\u0131yla ilgili a\u00e7\u0131klamas\u0131n\u0131 memnuniyetle kar\u015f\u0131lad\u0131m - Kuzeyin Sesi<\/title>\n<meta name=\"robots\" content=\"index, follow, max-snippet:-1, max-image-preview:large, max-video-preview:-1\" \/>\n<link rel=\"canonical\" href=\"https:\/\/kuzeyinsesi.org\/index.php\/2026\/02\/25\/prountzosun-kaymaklidaki-gecis-noktasiyla-ilgili-aciklamasini-memnuniyetle-karsiladim\/\" \/>\n<meta property=\"og:locale\" content=\"tr_TR\" \/>\n<meta property=\"og:type\" content=\"article\" \/>\n<meta property=\"og:title\" content=\"Prountzos\u2019un Kaymakl\u0131\u2019daki ge\u00e7i\u015f noktas\u0131yla ilgili a\u00e7\u0131klamas\u0131n\u0131 memnuniyetle kar\u015f\u0131lad\u0131m - Kuzeyin Sesi\" \/>\n<meta property=\"og:description\" content=\"Lefko\u015fa Rum Belediye Ba\u015fkan\u0131 Haralambos Prountzos, Kaymakl\u0131 b\u00f6lgesinde ara\u00e7l\u0131 ge\u00e7i\u015fe imk\u00e2n sa\u011flayacak yeni bir kap\u0131 i\u00e7in \u00f6neri tasla\u011f\u0131n\u0131n haz\u0131rland\u0131\u011f\u0131n\u0131 a\u00e7\u0131klad\u0131. LTB Ba\u015fkan\u0131 Mehmet Harmanc\u0131 \u00a0bunu memnuniyetle kar\u015f\u0131lad\u0131\u011f\u0131n\u0131 dile getirdi. Lefko\u015fa T\u00fcrk Belediyesi (LTB) Ba\u015fkan\u0131 Mehmet Harmanc\u0131 ise sosyal medya payla\u015f\u0131m\u0131nda, Prountzos\u2019un Kaymakl\u0131\u2019daki yeni ge\u00e7i\u015f noktas\u0131yla ilgili a\u00e7\u0131klamas\u0131n\u0131 memnuniyetle kar\u015f\u0131lad\u0131\u011f\u0131n\u0131 ifade etti. Harmanc\u0131, \u201cUzun zamand\u0131r Lefko\u015fa [&hellip;]\" \/>\n<meta property=\"og:url\" content=\"https:\/\/kuzeyinsesi.org\/index.php\/2026\/02\/25\/prountzosun-kaymaklidaki-gecis-noktasiyla-ilgili-aciklamasini-memnuniyetle-karsiladim\/\" \/>\n<meta property=\"og:site_name\" content=\"Kuzeyin Sesi\" \/>\n<meta property=\"article:publisher\" content=\"https:\/\/www.facebook.com\/kuzeyinsesii\" \/>\n<meta property=\"article:published_time\" content=\"2026-02-25T14:06:44+00:00\" \/>\n<meta name=\"author\" content=\"Kuzeyin Sesi\" \/>\n<meta name=\"twitter:card\" content=\"summary_large_image\" \/>\n<meta name=\"twitter:creator\" content=\"@kuzeyinsesii\" \/>\n<meta name=\"twitter:site\" content=\"@kuzeyinsesii\" \/>\n<meta name=\"twitter:label1\" content=\"Yazan:\" \/>\n\t<meta name=\"twitter:data1\" content=\"Kuzeyin Sesi\" \/>\n\t<meta name=\"twitter:label2\" content=\"Tahmini okuma s\u00fcresi\" \/>\n\t<meta name=\"twitter:data2\" content=\"1 dakika\" \/>\n<script type=\"application\/ld+json\" class=\"yoast-schema-graph\">{\"@context\":\"https:\\\/\\\/schema.org\",\"@graph\":[{\"@type\":\"Article\",\"@id\":\"https:\\\/\\\/kuzeyinsesi.org\\\/index.php\\\/2026\\\/02\\\/25\\\/prountzosun-kaymaklidaki-gecis-noktasiyla-ilgili-aciklamasini-memnuniyetle-karsiladim\\\/#article\",\"isPartOf\":{\"@id\":\"https:\\\/\\\/kuzeyinsesi.org\\\/index.php\\\/2026\\\/02\\\/25\\\/prountzosun-kaymaklidaki-gecis-noktasiyla-ilgili-aciklamasini-memnuniyetle-karsiladim\\\/\"},\"author\":{\"name\":\"Kuzeyin Sesi\",\"@id\":\"https:\\\/\\\/kuzeyinsesi.org\\\/#\\\/schema\\\/person\\\/9f859689cdf01485597712386e37f5aa\"},\"headline\":\"Prountzos\u2019un Kaymakl\u0131\u2019daki ge\u00e7i\u015f noktas\u0131yla ilgili a\u00e7\u0131klamas\u0131n\u0131 memnuniyetle kar\u015f\u0131lad\u0131m\",\"datePublished\":\"2026-02-25T14:06:44+00:00\",\"mainEntityOfPage\":{\"@id\":\"https:\\\/\\\/kuzeyinsesi.org\\\/index.php\\\/2026\\\/02\\\/25\\\/prountzosun-kaymaklidaki-gecis-noktasiyla-ilgili-aciklamasini-memnuniyetle-karsiladim\\\/\"},\"wordCount\":217,\"commentCount\":0,\"image\":{\"@id\":\"https:\\\/\\\/kuzeyinsesi.org\\\/index.php\\\/2026\\\/02\\\/25\\\/prountzosun-kaymaklidaki-gecis-noktasiyla-ilgili-aciklamasini-memnuniyetle-karsiladim\\\/#primaryimage\"},\"thumbnailUrl\":\"https:\\\/\\\/kuzeyinsesi.org\\\/wp-content\\\/uploads\\\/2026\\\/02\\\/IMG_7672.webp.webp\",\"articleSection\":[\"K\u0131br\u0131s\"],\"inLanguage\":\"tr\",\"potentialAction\":[{\"@type\":\"CommentAction\",\"name\":\"Comment\",\"target\":[\"https:\\\/\\\/kuzeyinsesi.org\\\/index.php\\\/2026\\\/02\\\/25\\\/prountzosun-kaymaklidaki-gecis-noktasiyla-ilgili-aciklamasini-memnuniyetle-karsiladim\\\/#respond\"]}]},{\"@type\":\"WebPage\",\"@id\":\"https:\\\/\\\/kuzeyinsesi.org\\\/index.php\\\/2026\\\/02\\\/25\\\/prountzosun-kaymaklidaki-gecis-noktasiyla-ilgili-aciklamasini-memnuniyetle-karsiladim\\\/\",\"url\":\"https:\\\/\\\/kuzeyinsesi.org\\\/index.php\\\/2026\\\/02\\\/25\\\/prountzosun-kaymaklidaki-gecis-noktasiyla-ilgili-aciklamasini-memnuniyetle-karsiladim\\\/\",\"name\":\"Prountzos\u2019un Kaymakl\u0131\u2019daki ge\u00e7i\u015f noktas\u0131yla ilgili a\u00e7\u0131klamas\u0131n\u0131 memnuniyetle kar\u015f\u0131lad\u0131m - Kuzeyin Sesi\",\"isPartOf\":{\"@id\":\"https:\\\/\\\/kuzeyinsesi.org\\\/#website\"},\"primaryImageOfPage\":{\"@id\":\"https:\\\/\\\/kuzeyinsesi.org\\\/index.php\\\/2026\\\/02\\\/25\\\/prountzosun-kaymaklidaki-gecis-noktasiyla-ilgili-aciklamasini-memnuniyetle-karsiladim\\\/#primaryimage\"},\"image\":{\"@id\":\"https:\\\/\\\/kuzeyinsesi.org\\\/index.php\\\/2026\\\/02\\\/25\\\/prountzosun-kaymaklidaki-gecis-noktasiyla-ilgili-aciklamasini-memnuniyetle-karsiladim\\\/#primaryimage\"},\"thumbnailUrl\":\"https:\\\/\\\/kuzeyinsesi.org\\\/wp-content\\\/uploads\\\/2026\\\/02\\\/IMG_7672.webp.webp\",\"datePublished\":\"2026-02-25T14:06:44+00:00\",\"author\":{\"@id\":\"https:\\\/\\\/kuzeyinsesi.org\\\/#\\\/schema\\\/person\\\/9f859689cdf01485597712386e37f5aa\"},\"breadcrumb\":{\"@id\":\"https:\\\/\\\/kuzeyinsesi.org\\\/index.php\\\/2026\\\/02\\\/25\\\/prountzosun-kaymaklidaki-gecis-noktasiyla-ilgili-aciklamasini-memnuniyetle-karsiladim\\\/#breadcrumb\"},\"inLanguage\":\"tr\",\"potentialAction\":[{\"@type\":\"ReadAction\",\"target\":[\"https:\\\/\\\/kuzeyinsesi.org\\\/index.php\\\/2026\\\/02\\\/25\\\/prountzosun-kaymaklidaki-gecis-noktasiyla-ilgili-aciklamasini-memnuniyetle-karsiladim\\\/\"]}]},{\"@type\":\"ImageObject\",\"inLanguage\":\"tr\",\"@id\":\"https:\\\/\\\/kuzeyinsesi.org\\\/index.php\\\/2026\\\/02\\\/25\\\/prountzosun-kaymaklidaki-gecis-noktasiyla-ilgili-aciklamasini-memnuniyetle-karsiladim\\\/#primaryimage\",\"url\":\"https:\\\/\\\/kuzeyinsesi.org\\\/wp-content\\\/uploads\\\/2026\\\/02\\\/IMG_7672.webp.webp\",\"contentUrl\":\"https:\\\/\\\/kuzeyinsesi.org\\\/wp-content\\\/uploads\\\/2026\\\/02\\\/IMG_7672.webp.webp\",\"width\":971,\"height\":551},{\"@type\":\"BreadcrumbList\",\"@id\":\"https:\\\/\\\/kuzeyinsesi.org\\\/index.php\\\/2026\\\/02\\\/25\\\/prountzosun-kaymaklidaki-gecis-noktasiyla-ilgili-aciklamasini-memnuniyetle-karsiladim\\\/#breadcrumb\",\"itemListElement\":[{\"@type\":\"ListItem\",\"position\":1,\"name\":\"Anasayfa\",\"item\":\"https:\\\/\\\/kuzeyinsesi.org\\\/\"},{\"@type\":\"ListItem\",\"position\":2,\"name\":\"Prountzos\u2019un Kaymakl\u0131\u2019daki ge\u00e7i\u015f noktas\u0131yla ilgili a\u00e7\u0131klamas\u0131n\u0131 memnuniyetle kar\u015f\u0131lad\u0131m\"}]},{\"@type\":\"WebSite\",\"@id\":\"https:\\\/\\\/kuzeyinsesi.org\\\/#website\",\"url\":\"https:\\\/\\\/kuzeyinsesi.org\\\/\",\"name\":\"Kuzeyin Sesi\",\"description\":\"Do\u011fru Haberin Adresi\",\"potentialAction\":[{\"@type\":\"SearchAction\",\"target\":{\"@type\":\"EntryPoint\",\"urlTemplate\":\"https:\\\/\\\/kuzeyinsesi.org\\\/?s={search_term_string}\"},\"query-input\":{\"@type\":\"PropertyValueSpecification\",\"valueRequired\":true,\"valueName\":\"search_term_string\"}}],\"inLanguage\":\"tr\"},{\"@type\":\"Person\",\"@id\":\"https:\\\/\\\/kuzeyinsesi.org\\\/#\\\/schema\\\/person\\\/9f859689cdf01485597712386e37f5aa\",\"name\":\"Kuzeyin Sesi\",\"image\":{\"@type\":\"ImageObject\",\"inLanguage\":\"tr\",\"@id\":\"https:\\\/\\\/secure.gravatar.com\\\/avatar\\\/bab33852abfd8b282518d6ed81826833d77c3c882d9ab608add591ccace47a44?s=96&d=mm&r=g\",\"url\":\"https:\\\/\\\/secure.gravatar.com\\\/avatar\\\/bab33852abfd8b282518d6ed81826833d77c3c882d9ab608add591ccace47a44?s=96&d=mm&r=g\",\"contentUrl\":\"https:\\\/\\\/secure.gravatar.com\\\/avatar\\\/bab33852abfd8b282518d6ed81826833d77c3c882d9ab608add591ccace47a44?s=96&d=mm&r=g\",\"caption\":\"Kuzeyin Sesi\"},\"sameAs\":[\"https:\\\/\\\/kuzeyinsesi.org\"],\"url\":\"https:\\\/\\\/kuzeyinsesi.org\\\/index.php\\\/author\\\/guven\\\/\"}]}<\/script>\n<!-- \/ Yoast SEO plugin. -->","yoast_head_json":{"title":"Prountzos\u2019un Kaymakl\u0131\u2019daki ge\u00e7i\u015f noktas\u0131yla ilgili a\u00e7\u0131klamas\u0131n\u0131 memnuniyetle kar\u015f\u0131lad\u0131m - Kuzeyin Sesi","robots":{"index":"index","follow":"follow","max-snippet":"max-snippet:-1","max-image-preview":"max-image-preview:large","max-video-preview":"max-video-preview:-1"},"canonical":"https:\/\/kuzeyinsesi.org\/index.php\/2026\/02\/25\/prountzosun-kaymaklidaki-gecis-noktasiyla-ilgili-aciklamasini-memnuniyetle-karsiladim\/","og_locale":"tr_TR","og_type":"article","og_title":"Prountzos\u2019un Kaymakl\u0131\u2019daki ge\u00e7i\u015f noktas\u0131yla ilgili a\u00e7\u0131klamas\u0131n\u0131 memnuniyetle kar\u015f\u0131lad\u0131m - Kuzeyin Sesi","og_description":"Lefko\u015fa Rum Belediye Ba\u015fkan\u0131 Haralambos Prountzos, Kaymakl\u0131 b\u00f6lgesinde ara\u00e7l\u0131 ge\u00e7i\u015fe imk\u00e2n sa\u011flayacak yeni bir kap\u0131 i\u00e7in \u00f6neri tasla\u011f\u0131n\u0131n haz\u0131rland\u0131\u011f\u0131n\u0131 a\u00e7\u0131klad\u0131. LTB Ba\u015fkan\u0131 Mehmet Harmanc\u0131 \u00a0bunu memnuniyetle kar\u015f\u0131lad\u0131\u011f\u0131n\u0131 dile getirdi. Lefko\u015fa T\u00fcrk Belediyesi (LTB) Ba\u015fkan\u0131 Mehmet Harmanc\u0131 ise sosyal medya payla\u015f\u0131m\u0131nda, Prountzos\u2019un Kaymakl\u0131\u2019daki yeni ge\u00e7i\u015f noktas\u0131yla ilgili a\u00e7\u0131klamas\u0131n\u0131 memnuniyetle kar\u015f\u0131lad\u0131\u011f\u0131n\u0131 ifade etti. Harmanc\u0131, \u201cUzun zamand\u0131r Lefko\u015fa [&hellip;]","og_url":"https:\/\/kuzeyinsesi.org\/index.php\/2026\/02\/25\/prountzosun-kaymaklidaki-gecis-noktasiyla-ilgili-aciklamasini-memnuniyetle-karsiladim\/","og_site_name":"Kuzeyin Sesi","article_publisher":"https:\/\/www.facebook.com\/kuzeyinsesii","article_published_time":"2026-02-25T14:06:44+00:00","author":"Kuzeyin Sesi","twitter_card":"summary_large_image","twitter_creator":"@kuzeyinsesii","twitter_site":"@kuzeyinsesii","twitter_misc":{"Yazan:":"Kuzeyin Sesi","Tahmini okuma s\u00fcresi":"1 dakika"},"schema":{"@context":"https:\/\/schema.org","@graph":[{"@type":"Article","@id":"https:\/\/kuzeyinsesi.org\/index.php\/2026\/02\/25\/prountzosun-kaymaklidaki-gecis-noktasiyla-ilgili-aciklamasini-memnuniyetle-karsiladim\/#article","isPartOf":{"@id":"https:\/\/kuzeyinsesi.org\/index.php\/2026\/02\/25\/prountzosun-kaymaklidaki-gecis-noktasiyla-ilgili-aciklamasini-memnuniyetle-karsiladim\/"},"author":{"name":"Kuzeyin Sesi","@id":"https:\/\/kuzeyinsesi.org\/#\/schema\/person\/9f859689cdf01485597712386e37f5aa"},"headline":"Prountzos\u2019un Kaymakl\u0131\u2019daki ge\u00e7i\u015f noktas\u0131yla ilgili a\u00e7\u0131klamas\u0131n\u0131 memnuniyetle kar\u015f\u0131lad\u0131m","datePublished":"2026-02-25T14:06:44+00:00","mainEntityOfPage":{"@id":"https:\/\/kuzeyinsesi.org\/index.php\/2026\/02\/25\/prountzosun-kaymaklidaki-gecis-noktasiyla-ilgili-aciklamasini-memnuniyetle-karsiladim\/"},"wordCount":217,"commentCount":0,"image":{"@id":"https:\/\/kuzeyinsesi.org\/index.php\/2026\/02\/25\/prountzosun-kaymaklidaki-gecis-noktasiyla-ilgili-aciklamasini-memnuniyetle-karsiladim\/#primaryimage"},"thumbnailUrl":"https:\/\/kuzeyinsesi.org\/wp-content\/uploads\/2026\/02\/IMG_7672.webp.webp","articleSection":["K\u0131br\u0131s"],"inLanguage":"tr","potentialAction":[{"@type":"CommentAction","name":"Comment","target":["https:\/\/kuzeyinsesi.org\/index.php\/2026\/02\/25\/prountzosun-kaymaklidaki-gecis-noktasiyla-ilgili-aciklamasini-memnuniyetle-karsiladim\/#respond"]}]},{"@type":"WebPage","@id":"https:\/\/kuzeyinsesi.org\/index.php\/2026\/02\/25\/prountzosun-kaymaklidaki-gecis-noktasiyla-ilgili-aciklamasini-memnuniyetle-karsiladim\/","url":"https:\/\/kuzeyinsesi.org\/index.php\/2026\/02\/25\/prountzosun-kaymaklidaki-gecis-noktasiyla-ilgili-aciklamasini-memnuniyetle-karsiladim\/","name":"Prountzos\u2019un Kaymakl\u0131\u2019daki ge\u00e7i\u015f noktas\u0131yla ilgili a\u00e7\u0131klamas\u0131n\u0131 memnuniyetle kar\u015f\u0131lad\u0131m - Kuzeyin Sesi","isPartOf":{"@id":"https:\/\/kuzeyinsesi.org\/#website"},"primaryImageOfPage":{"@id":"https:\/\/kuzeyinsesi.org\/index.php\/2026\/02\/25\/prountzosun-kaymaklidaki-gecis-noktasiyla-ilgili-aciklamasini-memnuniyetle-karsiladim\/#primaryimage"},"image":{"@id":"https:\/\/kuzeyinsesi.org\/index.php\/2026\/02\/25\/prountzosun-kaymaklidaki-gecis-noktasiyla-ilgili-aciklamasini-memnuniyetle-karsiladim\/#primaryimage"},"thumbnailUrl":"https:\/\/kuzeyinsesi.org\/wp-content\/uploads\/2026\/02\/IMG_7672.webp.webp","datePublished":"2026-02-25T14:06:44+00:00","author":{"@id":"https:\/\/kuzeyinsesi.org\/#\/schema\/person\/9f859689cdf01485597712386e37f5aa"},"breadcrumb":{"@id":"https:\/\/kuzeyinsesi.org\/index.php\/2026\/02\/25\/prountzosun-kaymaklidaki-gecis-noktasiyla-ilgili-aciklamasini-memnuniyetle-karsiladim\/#breadcrumb"},"inLanguage":"tr","potentialAction":[{"@type":"ReadAction","target":["https:\/\/kuzeyinsesi.org\/index.php\/2026\/02\/25\/prountzosun-kaymaklidaki-gecis-noktasiyla-ilgili-aciklamasini-memnuniyetle-karsiladim\/"]}]},{"@type":"ImageObject","inLanguage":"tr","@id":"https:\/\/kuzeyinsesi.org\/index.php\/2026\/02\/25\/prountzosun-kaymaklidaki-gecis-noktasiyla-ilgili-aciklamasini-memnuniyetle-karsiladim\/#primaryimage","url":"https:\/\/kuzeyinsesi.org\/wp-content\/uploads\/2026\/02\/IMG_7672.webp.webp","contentUrl":"https:\/\/kuzeyinsesi.org\/wp-content\/uploads\/2026\/02\/IMG_7672.webp.webp","width":971,"height":551},{"@type":"BreadcrumbList","@id":"https:\/\/kuzeyinsesi.org\/index.php\/2026\/02\/25\/prountzosun-kaymaklidaki-gecis-noktasiyla-ilgili-aciklamasini-memnuniyetle-karsiladim\/#breadcrumb","itemListElement":[{"@type":"ListItem","position":1,"name":"Anasayfa","item":"https:\/\/kuzeyinsesi.org\/"},{"@type":"ListItem","position":2,"name":"Prountzos\u2019un Kaymakl\u0131\u2019daki ge\u00e7i\u015f noktas\u0131yla ilgili a\u00e7\u0131klamas\u0131n\u0131 memnuniyetle kar\u015f\u0131lad\u0131m"}]},{"@type":"WebSite","@id":"https:\/\/kuzeyinsesi.org\/#website","url":"https:\/\/kuzeyinsesi.org\/","name":"Kuzeyin Sesi","description":"Do\u011fru Haberin Adresi","potentialAction":[{"@type":"SearchAction","target":{"@type":"EntryPoint","urlTemplate":"https:\/\/kuzeyinsesi.org\/?s={search_term_string}"},"query-input":{"@type":"PropertyValueSpecification","valueRequired":true,"valueName":"search_term_string"}}],"inLanguage":"tr"},{"@type":"Person","@id":"https:\/\/kuzeyinsesi.org\/#\/schema\/person\/9f859689cdf01485597712386e37f5aa","name":"Kuzeyin Sesi","image":{"@type":"ImageObject","inLanguage":"tr","@id":"https:\/\/secure.gravatar.com\/avatar\/bab33852abfd8b282518d6ed81826833d77c3c882d9ab608add591ccace47a44?s=96&d=mm&r=g","url":"https:\/\/secure.gravatar.com\/avatar\/bab33852abfd8b282518d6ed81826833d77c3c882d9ab608add591ccace47a44?s=96&d=mm&r=g","contentUrl":"https:\/\/secure.gravatar.com\/avatar\/bab33852abfd8b282518d6ed81826833d77c3c882d9ab608add591ccace47a44?s=96&d=mm&r=g","caption":"Kuzeyin Sesi"},"sameAs":["https:\/\/kuzeyinsesi.org"],"url":"https:\/\/kuzeyinsesi.org\/index.php\/author\/guven\/"}]}},"_links":{"self":[{"href":"https:\/\/kuzeyinsesi.org\/index.php\/wp-json\/wp\/v2\/posts\/35965","targetHints":{"allow":["GET"]}}],"collection":[{"href":"https:\/\/kuzeyinsesi.org\/index.php\/wp-json\/wp\/v2\/posts"}],"about":[{"href":"https:\/\/kuzeyinsesi.org\/index.php\/wp-json\/wp\/v2\/types\/post"}],"author":[{"embeddable":true,"href":"https:\/\/kuzeyinsesi.org\/index.php\/wp-json\/wp\/v2\/users\/1"}],"replies":[{"embeddable":true,"href":"https:\/\/kuzeyinsesi.org\/index.php\/wp-json\/wp\/v2\/comments?post=35965"}],"version-history":[{"count":0,"href":"https:\/\/kuzeyinsesi.org\/index.php\/wp-json\/wp\/v2\/posts\/35965\/revisions"}],"wp:featuredmedia":[{"embeddable":true,"href":"https:\/\/kuzeyinsesi.org\/index.php\/wp-json\/wp\/v2\/media\/35966"}],"wp:attachment":[{"href":"https:\/\/kuzeyinsesi.org\/index.php\/wp-json\/wp\/v2\/media?parent=35965"}],"wp:term":[{"taxonomy":"category","embeddable":true,"href":"https:\/\/kuzeyinsesi.org\/index.php\/wp-json\/wp\/v2\/categories?post=35965"},{"taxonomy":"post_tag","embeddable":true,"href":"https:\/\/kuzeyinsesi.org\/index.php\/wp-json\/wp\/v2\/tags?post=35965"}],"curies":[{"name":"wp","href":"https:\/\/api.w.org\/{rel}","templated":true}]}}