{"id":35963,"date":"2026-02-25T12:38:57","date_gmt":"2026-02-25T10:38:57","guid":{"rendered":"https:\/\/kuzeyinsesi.org\/index.php\/2026\/02\/25\/rum-tarafi-egemen-esitligi-kabul-etmiyor\/"},"modified":"2026-02-25T12:38:57","modified_gmt":"2026-02-25T10:38:57","slug":"rum-tarafi-egemen-esitligi-kabul-etmiyor","status":"publish","type":"post","link":"https:\/\/kuzeyinsesi.org\/index.php\/2026\/02\/25\/rum-tarafi-egemen-esitligi-kabul-etmiyor\/","title":{"rendered":"RUM TARAFI EGEMEN E\u015e\u0130TL\u0130\u011e\u0130 KABUL ETM\u0130YOR"},"content":{"rendered":"<p>Milli M\u00fccadele Vakf\u0131 (MMV) Ba\u015fkan\u0131 Aziz G\u00fclbahar, Cumhurba\u015fkan\u0131 Tufan Erh\u00fcrman\u2019a \u00e7a\u011fr\u0131da bulunarak K\u0131br\u0131s T\u00fcrk halk\u0131n\u0131n egemen e\u015fitli\u011finin m\u00fczakere konusu olmad\u0131\u011f\u0131n\u0131 belirtti.<\/p>\n<p>G\u00fclbahar, Erh\u00fcrman ile Rum lider Nikos Hristodulidis aras\u0131nda ger\u00e7ekle\u015fen son g\u00f6r\u00fc\u015fmeye ili\u015fkin de\u011ferlendirmelerde bulundu.<\/p>\n<p>\u201cRUM TARAFI EGEMEN E\u015e\u0130TL\u0130\u011e\u0130 KABUL ETM\u0130YOR\u201d<\/p>\n<p>Rum liderli\u011finin K\u0131br\u0131s T\u00fcrk halk\u0131n\u0131 egemen ve siyasal e\u015fit olarak kabul etmeyen tutumunu s\u00fcrd\u00fcrd\u00fc\u011f\u00fcn\u00fc savunan G\u00fclbahar, Rum taraf\u0131n\u0131n hedefinin anla\u015fma de\u011fil, T\u00fcrkiye\u2019yi K\u0131br\u0131s\u2019tan uzakla\u015ft\u0131rmak ve egemenli\u011fini t\u00fcm adaya yaymak oldu\u011funu iddia etti.<\/p>\n<p>Bu nedenle Rum taraf\u0131n\u0131n, K\u0131br\u0131s T\u00fcrk halk\u0131n\u0131n egemen ve \u00f6zg\u00fcr bir devlete ula\u015fmas\u0131n\u0131 engelledi\u011fini \u00f6ne s\u00fcrd\u00fc.<\/p>\n<p>\u201cA\u00c7IK VE SAM\u0130M\u0130\u201d N\u0130TELEMES\u0130NE ELE\u015eT\u0130R\u0130<\/p>\n<p>Erh\u00fcrman\u2019\u0131n son g\u00f6r\u00fc\u015fmeyi \u201ca\u00e7\u0131k ve samimi\u201d olarak nitelemesini ele\u015ftiren G\u00fclbahar, bunun Rum taraf\u0131n\u0131n ger\u00e7ek tutumunu perdeleyen bir yakla\u015f\u0131m oldu\u011funu ileri s\u00fcrd\u00fc.<\/p>\n<p>Erh\u00fcrman\u2019\u0131n d\u00f6rt maddelik metodolojisi, bizim ifademizle \u00f6n \u015fartlar\u0131, ne zaman yerine getirilecektir?\u201d diye soran G\u00fclbahar, kamuoyuna a\u00e7\u0131kl\u0131k \u00e7a\u011fr\u0131s\u0131nda bulundu.<\/p>\n<p>\u201cG\u00dcVEN YARATICI \u00d6NLEMLERE KAR\u015eI DE\u011e\u0130L\u0130Z\u201d<\/p>\n<p>G\u00fclbahar, Rum taraf\u0131yla g\u00fcven art\u0131r\u0131c\u0131 \u00f6nlemler ve devletleraras\u0131 i\u015f birli\u011fi g\u00f6r\u00fc\u015f\u00fclmesine kar\u015f\u0131 olmad\u0131klar\u0131n\u0131 ancak bunun egemenlikten geri ad\u0131m anlam\u0131na gelmemesi gerekti\u011fini vurgulad\u0131.<\/p>\n<p>Kirac\u0131k\u00f6y kap\u0131s\u0131, gen\u00e7lerin sportif temaslar\u0131 ve konut sekt\u00f6r\u00fcne yat\u0131r\u0131m yapanlara y\u00f6nelik tutuklamalar konular\u0131nda ilerleme sa\u011flanmad\u0131\u011f\u0131n\u0131 savunan G\u00fclbahar, \u201cCumhurba\u015fkan\u0131 hangi g\u00fcveni nas\u0131l yaratmay\u0131 ba\u015faracakt\u0131r?\u201d diye sordu.<\/p>\n<p>CRANS MONTANA VE \u0130K\u0130 DEVLETL\u0130 \u00c7\u00d6Z\u00dcM VURGUSU<\/p>\n<p>2017\u2019deki Crans Montana G\u00f6r\u00fc\u015fmeleri s\u00fcrecinin federasyon hedefli m\u00fczakere d\u00f6neminin sonu oldu\u011funu belirten G\u00fclbahar, T\u00fcrkiye\u2019nin bu tarihten sonra KKTC\u2019nin tan\u0131nmas\u0131na y\u00f6nelik \u00e7abalar\u0131n\u0131 art\u0131rd\u0131\u011f\u0131n\u0131 s\u00f6yledi.<\/p>\n<p>G\u00fclbahar, Erh\u00fcrman\u2019\u0131n Rum liderin \u201ciki devletli \u00e7\u00f6z\u00fcm\u201d \u00e7\u0131k\u0131\u015f\u0131na verdi\u011fi yan\u0131t\u0131 kamuoyuyla payla\u015fmas\u0131 gerekti\u011fini de ifade etti.<\/p>\n<p>Ayr\u0131ca, Recep Tayyip Erdo\u011fan\u2019\u0131n BM Genel Kurulu\u2019nda KKTC\u2019nin tan\u0131nmas\u0131na y\u00f6nelik \u00e7a\u011fr\u0131lar\u0131n\u0131 ve TBMM ile KKTC Cumhuriyet Meclisi\u2019nde al\u0131nan iki devletli \u00e7\u00f6z\u00fcm kararlar\u0131n\u0131 hat\u0131rlatarak, Cumhurba\u015fkan\u0131\u2019n\u0131n bu \u00e7er\u00e7evede hareket etmesi gerekti\u011fini dile getirdi.<\/p>\n<p>RUM TARAFI EGEMEN E\u015e\u0130TL\u0130\u011e\u0130 KABUL ETM\u0130YOR yaz\u0131s\u0131 ilk \u00f6nce K\u0131br\u0131s Hakikat \u00fczerinde ortaya \u00e7\u0131kt\u0131.<\/p>\n","protected":false},"excerpt":{"rendered":"<p>Milli M\u00fccadele Vakf\u0131 (MMV) Ba\u015fkan\u0131 Aziz G\u00fclbahar, Cumhurba\u015fkan\u0131 Tufan Erh\u00fcrman\u2019a \u00e7a\u011fr\u0131da bulunarak K\u0131br\u0131s T\u00fcrk halk\u0131n\u0131n egemen e\u015fitli\u011finin m\u00fczakere konusu olmad\u0131\u011f\u0131n\u0131 belirtti. G\u00fclbahar, Erh\u00fcrman ile Rum lider Nikos Hristodulidis aras\u0131nda ger\u00e7ekle\u015fen son g\u00f6r\u00fc\u015fmeye ili\u015fkin de\u011ferlendirmelerde bulundu. \u201cRUM TARAFI EGEMEN E\u015e\u0130TL\u0130\u011e\u0130 KABUL ETM\u0130YOR\u201d Rum liderli\u011finin K\u0131br\u0131s T\u00fcrk halk\u0131n\u0131 egemen ve siyasal e\u015fit olarak kabul etmeyen tutumunu s\u00fcrd\u00fcrd\u00fc\u011f\u00fcn\u00fc [&hellip;]<\/p>\n","protected":false},"author":1,"featured_media":35964,"comment_status":"open","ping_status":"open","sticky":false,"template":"","format":"standard","meta":{"jnews-multi-image_gallery":[],"jnews_single_post":[],"jnews_primary_category":[],"jnews_social_meta":[],"jnews_override_counter":[],"footnotes":""},"categories":[1],"tags":[],"class_list":["post-35963","post","type-post","status-publish","format-standard","has-post-thumbnail","hentry","category-kibris"],"yoast_head":"<!-- This site is optimized with the Yoast SEO plugin v27.5 - https:\/\/yoast.com\/product\/yoast-seo-wordpress\/ -->\n<title>RUM TARAFI EGEMEN E\u015e\u0130TL\u0130\u011e\u0130 KABUL ETM\u0130YOR - Kuzeyin Sesi<\/title>\n<meta name=\"robots\" content=\"index, follow, max-snippet:-1, max-image-preview:large, max-video-preview:-1\" \/>\n<link rel=\"canonical\" href=\"https:\/\/kuzeyinsesi.org\/index.php\/2026\/02\/25\/rum-tarafi-egemen-esitligi-kabul-etmiyor\/\" \/>\n<meta property=\"og:locale\" content=\"tr_TR\" \/>\n<meta property=\"og:type\" content=\"article\" \/>\n<meta property=\"og:title\" content=\"RUM TARAFI EGEMEN E\u015e\u0130TL\u0130\u011e\u0130 KABUL ETM\u0130YOR - Kuzeyin Sesi\" \/>\n<meta property=\"og:description\" content=\"Milli M\u00fccadele Vakf\u0131 (MMV) Ba\u015fkan\u0131 Aziz G\u00fclbahar, Cumhurba\u015fkan\u0131 Tufan Erh\u00fcrman\u2019a \u00e7a\u011fr\u0131da bulunarak K\u0131br\u0131s T\u00fcrk halk\u0131n\u0131n egemen e\u015fitli\u011finin m\u00fczakere konusu olmad\u0131\u011f\u0131n\u0131 belirtti. G\u00fclbahar, Erh\u00fcrman ile Rum lider Nikos Hristodulidis aras\u0131nda ger\u00e7ekle\u015fen son g\u00f6r\u00fc\u015fmeye ili\u015fkin de\u011ferlendirmelerde bulundu. \u201cRUM TARAFI EGEMEN E\u015e\u0130TL\u0130\u011e\u0130 KABUL ETM\u0130YOR\u201d Rum liderli\u011finin K\u0131br\u0131s T\u00fcrk halk\u0131n\u0131 egemen ve siyasal e\u015fit olarak kabul etmeyen tutumunu s\u00fcrd\u00fcrd\u00fc\u011f\u00fcn\u00fc [&hellip;]\" \/>\n<meta property=\"og:url\" content=\"https:\/\/kuzeyinsesi.org\/index.php\/2026\/02\/25\/rum-tarafi-egemen-esitligi-kabul-etmiyor\/\" \/>\n<meta property=\"og:site_name\" content=\"Kuzeyin Sesi\" \/>\n<meta property=\"article:publisher\" content=\"https:\/\/www.facebook.com\/kuzeyinsesii\" \/>\n<meta property=\"article:published_time\" content=\"2026-02-25T10:38:57+00:00\" \/>\n<meta name=\"author\" content=\"Kuzeyin Sesi\" \/>\n<meta name=\"twitter:card\" content=\"summary_large_image\" \/>\n<meta name=\"twitter:creator\" content=\"@kuzeyinsesii\" \/>\n<meta name=\"twitter:site\" content=\"@kuzeyinsesii\" \/>\n<meta name=\"twitter:label1\" content=\"Yazan:\" \/>\n\t<meta name=\"twitter:data1\" content=\"Kuzeyin Sesi\" \/>\n\t<meta name=\"twitter:label2\" content=\"Tahmini okuma s\u00fcresi\" \/>\n\t<meta name=\"twitter:data2\" content=\"2 dakika\" \/>\n<script type=\"application\/ld+json\" class=\"yoast-schema-graph\">{\"@context\":\"https:\\\/\\\/schema.org\",\"@graph\":[{\"@type\":\"Article\",\"@id\":\"https:\\\/\\\/kuzeyinsesi.org\\\/index.php\\\/2026\\\/02\\\/25\\\/rum-tarafi-egemen-esitligi-kabul-etmiyor\\\/#article\",\"isPartOf\":{\"@id\":\"https:\\\/\\\/kuzeyinsesi.org\\\/index.php\\\/2026\\\/02\\\/25\\\/rum-tarafi-egemen-esitligi-kabul-etmiyor\\\/\"},\"author\":{\"name\":\"Kuzeyin Sesi\",\"@id\":\"https:\\\/\\\/kuzeyinsesi.org\\\/#\\\/schema\\\/person\\\/9f859689cdf01485597712386e37f5aa\"},\"headline\":\"RUM TARAFI EGEMEN E\u015e\u0130TL\u0130\u011e\u0130 KABUL ETM\u0130YOR\",\"datePublished\":\"2026-02-25T10:38:57+00:00\",\"mainEntityOfPage\":{\"@id\":\"https:\\\/\\\/kuzeyinsesi.org\\\/index.php\\\/2026\\\/02\\\/25\\\/rum-tarafi-egemen-esitligi-kabul-etmiyor\\\/\"},\"wordCount\":465,\"commentCount\":0,\"image\":{\"@id\":\"https:\\\/\\\/kuzeyinsesi.org\\\/index.php\\\/2026\\\/02\\\/25\\\/rum-tarafi-egemen-esitligi-kabul-etmiyor\\\/#primaryimage\"},\"thumbnailUrl\":\"https:\\\/\\\/kuzeyinsesi.org\\\/wp-content\\\/uploads\\\/2026\\\/02\\\/IMG_7671.webp.webp\",\"articleSection\":[\"K\u0131br\u0131s\"],\"inLanguage\":\"tr\",\"potentialAction\":[{\"@type\":\"CommentAction\",\"name\":\"Comment\",\"target\":[\"https:\\\/\\\/kuzeyinsesi.org\\\/index.php\\\/2026\\\/02\\\/25\\\/rum-tarafi-egemen-esitligi-kabul-etmiyor\\\/#respond\"]}]},{\"@type\":\"WebPage\",\"@id\":\"https:\\\/\\\/kuzeyinsesi.org\\\/index.php\\\/2026\\\/02\\\/25\\\/rum-tarafi-egemen-esitligi-kabul-etmiyor\\\/\",\"url\":\"https:\\\/\\\/kuzeyinsesi.org\\\/index.php\\\/2026\\\/02\\\/25\\\/rum-tarafi-egemen-esitligi-kabul-etmiyor\\\/\",\"name\":\"RUM TARAFI EGEMEN E\u015e\u0130TL\u0130\u011e\u0130 KABUL ETM\u0130YOR - Kuzeyin Sesi\",\"isPartOf\":{\"@id\":\"https:\\\/\\\/kuzeyinsesi.org\\\/#website\"},\"primaryImageOfPage\":{\"@id\":\"https:\\\/\\\/kuzeyinsesi.org\\\/index.php\\\/2026\\\/02\\\/25\\\/rum-tarafi-egemen-esitligi-kabul-etmiyor\\\/#primaryimage\"},\"image\":{\"@id\":\"https:\\\/\\\/kuzeyinsesi.org\\\/index.php\\\/2026\\\/02\\\/25\\\/rum-tarafi-egemen-esitligi-kabul-etmiyor\\\/#primaryimage\"},\"thumbnailUrl\":\"https:\\\/\\\/kuzeyinsesi.org\\\/wp-content\\\/uploads\\\/2026\\\/02\\\/IMG_7671.webp.webp\",\"datePublished\":\"2026-02-25T10:38:57+00:00\",\"author\":{\"@id\":\"https:\\\/\\\/kuzeyinsesi.org\\\/#\\\/schema\\\/person\\\/9f859689cdf01485597712386e37f5aa\"},\"breadcrumb\":{\"@id\":\"https:\\\/\\\/kuzeyinsesi.org\\\/index.php\\\/2026\\\/02\\\/25\\\/rum-tarafi-egemen-esitligi-kabul-etmiyor\\\/#breadcrumb\"},\"inLanguage\":\"tr\",\"potentialAction\":[{\"@type\":\"ReadAction\",\"target\":[\"https:\\\/\\\/kuzeyinsesi.org\\\/index.php\\\/2026\\\/02\\\/25\\\/rum-tarafi-egemen-esitligi-kabul-etmiyor\\\/\"]}]},{\"@type\":\"ImageObject\",\"inLanguage\":\"tr\",\"@id\":\"https:\\\/\\\/kuzeyinsesi.org\\\/index.php\\\/2026\\\/02\\\/25\\\/rum-tarafi-egemen-esitligi-kabul-etmiyor\\\/#primaryimage\",\"url\":\"https:\\\/\\\/kuzeyinsesi.org\\\/wp-content\\\/uploads\\\/2026\\\/02\\\/IMG_7671.webp.webp\",\"contentUrl\":\"https:\\\/\\\/kuzeyinsesi.org\\\/wp-content\\\/uploads\\\/2026\\\/02\\\/IMG_7671.webp.webp\",\"width\":1280,\"height\":720},{\"@type\":\"BreadcrumbList\",\"@id\":\"https:\\\/\\\/kuzeyinsesi.org\\\/index.php\\\/2026\\\/02\\\/25\\\/rum-tarafi-egemen-esitligi-kabul-etmiyor\\\/#breadcrumb\",\"itemListElement\":[{\"@type\":\"ListItem\",\"position\":1,\"name\":\"Anasayfa\",\"item\":\"https:\\\/\\\/kuzeyinsesi.org\\\/\"},{\"@type\":\"ListItem\",\"position\":2,\"name\":\"RUM TARAFI EGEMEN E\u015e\u0130TL\u0130\u011e\u0130 KABUL ETM\u0130YOR\"}]},{\"@type\":\"WebSite\",\"@id\":\"https:\\\/\\\/kuzeyinsesi.org\\\/#website\",\"url\":\"https:\\\/\\\/kuzeyinsesi.org\\\/\",\"name\":\"Kuzeyin Sesi\",\"description\":\"Do\u011fru Haberin Adresi\",\"potentialAction\":[{\"@type\":\"SearchAction\",\"target\":{\"@type\":\"EntryPoint\",\"urlTemplate\":\"https:\\\/\\\/kuzeyinsesi.org\\\/?s={search_term_string}\"},\"query-input\":{\"@type\":\"PropertyValueSpecification\",\"valueRequired\":true,\"valueName\":\"search_term_string\"}}],\"inLanguage\":\"tr\"},{\"@type\":\"Person\",\"@id\":\"https:\\\/\\\/kuzeyinsesi.org\\\/#\\\/schema\\\/person\\\/9f859689cdf01485597712386e37f5aa\",\"name\":\"Kuzeyin Sesi\",\"image\":{\"@type\":\"ImageObject\",\"inLanguage\":\"tr\",\"@id\":\"https:\\\/\\\/secure.gravatar.com\\\/avatar\\\/bab33852abfd8b282518d6ed81826833d77c3c882d9ab608add591ccace47a44?s=96&d=mm&r=g\",\"url\":\"https:\\\/\\\/secure.gravatar.com\\\/avatar\\\/bab33852abfd8b282518d6ed81826833d77c3c882d9ab608add591ccace47a44?s=96&d=mm&r=g\",\"contentUrl\":\"https:\\\/\\\/secure.gravatar.com\\\/avatar\\\/bab33852abfd8b282518d6ed81826833d77c3c882d9ab608add591ccace47a44?s=96&d=mm&r=g\",\"caption\":\"Kuzeyin Sesi\"},\"sameAs\":[\"https:\\\/\\\/kuzeyinsesi.org\"],\"url\":\"https:\\\/\\\/kuzeyinsesi.org\\\/index.php\\\/author\\\/guven\\\/\"}]}<\/script>\n<!-- \/ Yoast SEO plugin. -->","yoast_head_json":{"title":"RUM TARAFI EGEMEN E\u015e\u0130TL\u0130\u011e\u0130 KABUL ETM\u0130YOR - Kuzeyin Sesi","robots":{"index":"index","follow":"follow","max-snippet":"max-snippet:-1","max-image-preview":"max-image-preview:large","max-video-preview":"max-video-preview:-1"},"canonical":"https:\/\/kuzeyinsesi.org\/index.php\/2026\/02\/25\/rum-tarafi-egemen-esitligi-kabul-etmiyor\/","og_locale":"tr_TR","og_type":"article","og_title":"RUM TARAFI EGEMEN E\u015e\u0130TL\u0130\u011e\u0130 KABUL ETM\u0130YOR - Kuzeyin Sesi","og_description":"Milli M\u00fccadele Vakf\u0131 (MMV) Ba\u015fkan\u0131 Aziz G\u00fclbahar, Cumhurba\u015fkan\u0131 Tufan Erh\u00fcrman\u2019a \u00e7a\u011fr\u0131da bulunarak K\u0131br\u0131s T\u00fcrk halk\u0131n\u0131n egemen e\u015fitli\u011finin m\u00fczakere konusu olmad\u0131\u011f\u0131n\u0131 belirtti. G\u00fclbahar, Erh\u00fcrman ile Rum lider Nikos Hristodulidis aras\u0131nda ger\u00e7ekle\u015fen son g\u00f6r\u00fc\u015fmeye ili\u015fkin de\u011ferlendirmelerde bulundu. \u201cRUM TARAFI EGEMEN E\u015e\u0130TL\u0130\u011e\u0130 KABUL ETM\u0130YOR\u201d Rum liderli\u011finin K\u0131br\u0131s T\u00fcrk halk\u0131n\u0131 egemen ve siyasal e\u015fit olarak kabul etmeyen tutumunu s\u00fcrd\u00fcrd\u00fc\u011f\u00fcn\u00fc [&hellip;]","og_url":"https:\/\/kuzeyinsesi.org\/index.php\/2026\/02\/25\/rum-tarafi-egemen-esitligi-kabul-etmiyor\/","og_site_name":"Kuzeyin Sesi","article_publisher":"https:\/\/www.facebook.com\/kuzeyinsesii","article_published_time":"2026-02-25T10:38:57+00:00","author":"Kuzeyin Sesi","twitter_card":"summary_large_image","twitter_creator":"@kuzeyinsesii","twitter_site":"@kuzeyinsesii","twitter_misc":{"Yazan:":"Kuzeyin Sesi","Tahmini okuma s\u00fcresi":"2 dakika"},"schema":{"@context":"https:\/\/schema.org","@graph":[{"@type":"Article","@id":"https:\/\/kuzeyinsesi.org\/index.php\/2026\/02\/25\/rum-tarafi-egemen-esitligi-kabul-etmiyor\/#article","isPartOf":{"@id":"https:\/\/kuzeyinsesi.org\/index.php\/2026\/02\/25\/rum-tarafi-egemen-esitligi-kabul-etmiyor\/"},"author":{"name":"Kuzeyin Sesi","@id":"https:\/\/kuzeyinsesi.org\/#\/schema\/person\/9f859689cdf01485597712386e37f5aa"},"headline":"RUM TARAFI EGEMEN E\u015e\u0130TL\u0130\u011e\u0130 KABUL ETM\u0130YOR","datePublished":"2026-02-25T10:38:57+00:00","mainEntityOfPage":{"@id":"https:\/\/kuzeyinsesi.org\/index.php\/2026\/02\/25\/rum-tarafi-egemen-esitligi-kabul-etmiyor\/"},"wordCount":465,"commentCount":0,"image":{"@id":"https:\/\/kuzeyinsesi.org\/index.php\/2026\/02\/25\/rum-tarafi-egemen-esitligi-kabul-etmiyor\/#primaryimage"},"thumbnailUrl":"https:\/\/kuzeyinsesi.org\/wp-content\/uploads\/2026\/02\/IMG_7671.webp.webp","articleSection":["K\u0131br\u0131s"],"inLanguage":"tr","potentialAction":[{"@type":"CommentAction","name":"Comment","target":["https:\/\/kuzeyinsesi.org\/index.php\/2026\/02\/25\/rum-tarafi-egemen-esitligi-kabul-etmiyor\/#respond"]}]},{"@type":"WebPage","@id":"https:\/\/kuzeyinsesi.org\/index.php\/2026\/02\/25\/rum-tarafi-egemen-esitligi-kabul-etmiyor\/","url":"https:\/\/kuzeyinsesi.org\/index.php\/2026\/02\/25\/rum-tarafi-egemen-esitligi-kabul-etmiyor\/","name":"RUM TARAFI EGEMEN E\u015e\u0130TL\u0130\u011e\u0130 KABUL ETM\u0130YOR - Kuzeyin Sesi","isPartOf":{"@id":"https:\/\/kuzeyinsesi.org\/#website"},"primaryImageOfPage":{"@id":"https:\/\/kuzeyinsesi.org\/index.php\/2026\/02\/25\/rum-tarafi-egemen-esitligi-kabul-etmiyor\/#primaryimage"},"image":{"@id":"https:\/\/kuzeyinsesi.org\/index.php\/2026\/02\/25\/rum-tarafi-egemen-esitligi-kabul-etmiyor\/#primaryimage"},"thumbnailUrl":"https:\/\/kuzeyinsesi.org\/wp-content\/uploads\/2026\/02\/IMG_7671.webp.webp","datePublished":"2026-02-25T10:38:57+00:00","author":{"@id":"https:\/\/kuzeyinsesi.org\/#\/schema\/person\/9f859689cdf01485597712386e37f5aa"},"breadcrumb":{"@id":"https:\/\/kuzeyinsesi.org\/index.php\/2026\/02\/25\/rum-tarafi-egemen-esitligi-kabul-etmiyor\/#breadcrumb"},"inLanguage":"tr","potentialAction":[{"@type":"ReadAction","target":["https:\/\/kuzeyinsesi.org\/index.php\/2026\/02\/25\/rum-tarafi-egemen-esitligi-kabul-etmiyor\/"]}]},{"@type":"ImageObject","inLanguage":"tr","@id":"https:\/\/kuzeyinsesi.org\/index.php\/2026\/02\/25\/rum-tarafi-egemen-esitligi-kabul-etmiyor\/#primaryimage","url":"https:\/\/kuzeyinsesi.org\/wp-content\/uploads\/2026\/02\/IMG_7671.webp.webp","contentUrl":"https:\/\/kuzeyinsesi.org\/wp-content\/uploads\/2026\/02\/IMG_7671.webp.webp","width":1280,"height":720},{"@type":"BreadcrumbList","@id":"https:\/\/kuzeyinsesi.org\/index.php\/2026\/02\/25\/rum-tarafi-egemen-esitligi-kabul-etmiyor\/#breadcrumb","itemListElement":[{"@type":"ListItem","position":1,"name":"Anasayfa","item":"https:\/\/kuzeyinsesi.org\/"},{"@type":"ListItem","position":2,"name":"RUM TARAFI EGEMEN E\u015e\u0130TL\u0130\u011e\u0130 KABUL ETM\u0130YOR"}]},{"@type":"WebSite","@id":"https:\/\/kuzeyinsesi.org\/#website","url":"https:\/\/kuzeyinsesi.org\/","name":"Kuzeyin Sesi","description":"Do\u011fru Haberin Adresi","potentialAction":[{"@type":"SearchAction","target":{"@type":"EntryPoint","urlTemplate":"https:\/\/kuzeyinsesi.org\/?s={search_term_string}"},"query-input":{"@type":"PropertyValueSpecification","valueRequired":true,"valueName":"search_term_string"}}],"inLanguage":"tr"},{"@type":"Person","@id":"https:\/\/kuzeyinsesi.org\/#\/schema\/person\/9f859689cdf01485597712386e37f5aa","name":"Kuzeyin Sesi","image":{"@type":"ImageObject","inLanguage":"tr","@id":"https:\/\/secure.gravatar.com\/avatar\/bab33852abfd8b282518d6ed81826833d77c3c882d9ab608add591ccace47a44?s=96&d=mm&r=g","url":"https:\/\/secure.gravatar.com\/avatar\/bab33852abfd8b282518d6ed81826833d77c3c882d9ab608add591ccace47a44?s=96&d=mm&r=g","contentUrl":"https:\/\/secure.gravatar.com\/avatar\/bab33852abfd8b282518d6ed81826833d77c3c882d9ab608add591ccace47a44?s=96&d=mm&r=g","caption":"Kuzeyin Sesi"},"sameAs":["https:\/\/kuzeyinsesi.org"],"url":"https:\/\/kuzeyinsesi.org\/index.php\/author\/guven\/"}]}},"_links":{"self":[{"href":"https:\/\/kuzeyinsesi.org\/index.php\/wp-json\/wp\/v2\/posts\/35963","targetHints":{"allow":["GET"]}}],"collection":[{"href":"https:\/\/kuzeyinsesi.org\/index.php\/wp-json\/wp\/v2\/posts"}],"about":[{"href":"https:\/\/kuzeyinsesi.org\/index.php\/wp-json\/wp\/v2\/types\/post"}],"author":[{"embeddable":true,"href":"https:\/\/kuzeyinsesi.org\/index.php\/wp-json\/wp\/v2\/users\/1"}],"replies":[{"embeddable":true,"href":"https:\/\/kuzeyinsesi.org\/index.php\/wp-json\/wp\/v2\/comments?post=35963"}],"version-history":[{"count":0,"href":"https:\/\/kuzeyinsesi.org\/index.php\/wp-json\/wp\/v2\/posts\/35963\/revisions"}],"wp:featuredmedia":[{"embeddable":true,"href":"https:\/\/kuzeyinsesi.org\/index.php\/wp-json\/wp\/v2\/media\/35964"}],"wp:attachment":[{"href":"https:\/\/kuzeyinsesi.org\/index.php\/wp-json\/wp\/v2\/media?parent=35963"}],"wp:term":[{"taxonomy":"category","embeddable":true,"href":"https:\/\/kuzeyinsesi.org\/index.php\/wp-json\/wp\/v2\/categories?post=35963"},{"taxonomy":"post_tag","embeddable":true,"href":"https:\/\/kuzeyinsesi.org\/index.php\/wp-json\/wp\/v2\/tags?post=35963"}],"curies":[{"name":"wp","href":"https:\/\/api.w.org\/{rel}","templated":true}]}}