{"id":35961,"date":"2026-02-25T09:05:06","date_gmt":"2026-02-25T07:05:06","guid":{"rendered":"https:\/\/kuzeyinsesi.org\/index.php\/2026\/02\/25\/fenerbahce-nottingham-forest-deplasmaninda\/"},"modified":"2026-02-25T09:05:06","modified_gmt":"2026-02-25T07:05:06","slug":"fenerbahce-nottingham-forest-deplasmaninda","status":"publish","type":"post","link":"https:\/\/kuzeyinsesi.org\/index.php\/2026\/02\/25\/fenerbahce-nottingham-forest-deplasmaninda\/","title":{"rendered":"Fenerbah\u00e7e, Nottingham Forest deplasman\u0131nda"},"content":{"rendered":"<p><\/p>\n<div>\n<p>&#13;<br \/>\n\tCity Ground&#8217;da oynanacak ve TS\u0130 23.00&#8217;te ba\u015flayacak m\u00fcsabakay\u0131 \u0130talyan hakem Maurizio Mariani y\u00f6netecek.<\/p>\n<p>&#13;<br \/>\n\tMariani&#8217;nin yard\u0131mc\u0131l\u0131klar\u0131n\u0131 <a href=\"https:\/\/www.trthaber.com\/etiket\/italya\/\" target=\"_blank\">\u0130talya<\/a> Futbol Federasyonundan Daniele Bindoni ve Alberto Tegoni yapacak. Kar\u015f\u0131la\u015fman\u0131n 4. hakemi ise Matteo Marchetti olacak.<\/p>\n<h2>&#13;<br \/>\n\t7 eksik<\/h2>\n<p>&#13;<br \/>\n\tFenerbah\u00e7e, Nottingham Forest deplasman\u0131nda 7 oyuncusundan yararlanamayacak.<\/p>\n<p>&#13;<br \/>\n\tSar\u0131-lacivertlilerde Fred Rodrigues ve sakatl\u0131\u011f\u0131 bulunan Jayden Oosterwolde, cezalar\u0131 nedeniyle zorlu kar\u015f\u0131la\u015fmada forma giyemeyecek.<\/p>\n<p>&#13;<br \/>\n\tBu isimlerin yan\u0131 s\u0131ra sakatl\u0131klar\u0131 bulunan Ederson Moraes, Anderson Talisca, Edson Alvarez, <a href=\"https:\/\/www.trthaber.com\/etiket\/milan\/\" target=\"_blank\">Milan<\/a> Skriniar ve \u00c7a\u011flar S\u00f6y\u00fcnc\u00fc de tak\u0131mlar\u0131n\u0131 yaln\u0131z b\u0131rakacak.<\/p>\n<p>&#13;<br \/>\n\t\u00d6te yandan kaleci Mert G\u00fcnok ve Anthony Musaba da stat\u00fc gere\u011fi sahada yer alamayacak.<\/p>\n<h2>&#13;<br \/>\n\tTur i\u00e7in 4 farkl\u0131 galibiyet gerekiyor<\/h2>\n<p>&#13;<br \/>\n\tFenerbah\u00e7e&#8217;nin \u0130ngiltere&#8217;de turu ge\u00e7mek i\u00e7in kar\u015f\u0131la\u015fmadan 4 farkl\u0131 galibiyetle ayr\u0131lmas\u0131 gerekecek.<\/p>\n<p>&#13;<br \/>\n\tHer t\u00fcrl\u00fc galibiyet ve beraberli\u011fin yan\u0131 s\u0131ra 1 ve 2 farkl\u0131 yenilgilerde de ev sahibi ekip tur atlayacak.<\/p>\n<p>&#13;<br \/>\n\tM\u00fcsabakan\u0131n 3 farkl\u0131 <a href=\"https:\/\/www.trthaber.com\/etiket\/fenerbahce\/\" target=\"_blank\">Fenerbah\u00e7e<\/a> galibiyetiyle tamamlanmas\u0131 durumunda ise kar\u015f\u0131la\u015fma uzatmaya gidecek.<\/p>\n<p>&#13;<br \/>\n\tUzatmalarda skorun de\u011fi\u015fmemesi durumunda ise turu ge\u00e7en ekibi seri penalt\u0131 at\u0131\u015flar\u0131 belirleyecek.<\/p>\n<\/p><\/div>\n","protected":false},"excerpt":{"rendered":"<p>&#13; City Ground&#8217;da oynanacak ve TS\u0130 23.00&#8217;te ba\u015flayacak m\u00fcsabakay\u0131 \u0130talyan hakem Maurizio Mariani y\u00f6netecek. &#13; Mariani&#8217;nin yard\u0131mc\u0131l\u0131klar\u0131n\u0131 \u0130talya Futbol Federasyonundan Daniele Bindoni ve Alberto Tegoni yapacak. Kar\u015f\u0131la\u015fman\u0131n 4. hakemi ise Matteo Marchetti olacak. &#13; 7 eksik &#13; Fenerbah\u00e7e, Nottingham Forest deplasman\u0131nda 7 oyuncusundan yararlanamayacak. &#13; Sar\u0131-lacivertlilerde Fred Rodrigues ve sakatl\u0131\u011f\u0131 bulunan Jayden Oosterwolde, cezalar\u0131 nedeniyle [&hellip;]<\/p>\n","protected":false},"author":1,"featured_media":35962,"comment_status":"open","ping_status":"open","sticky":false,"template":"","format":"standard","meta":{"jnews-multi-image_gallery":[],"jnews_single_post":[],"jnews_primary_category":[],"jnews_social_meta":[],"jnews_override_counter":[],"footnotes":""},"categories":[4],"tags":[],"class_list":["post-35961","post","type-post","status-publish","format-standard","has-post-thumbnail","hentry","category-spor"],"yoast_head":"<!-- This site is optimized with the Yoast SEO plugin v27.5 - https:\/\/yoast.com\/product\/yoast-seo-wordpress\/ -->\n<title>Fenerbah\u00e7e, Nottingham Forest deplasman\u0131nda - Kuzeyin Sesi<\/title>\n<meta name=\"robots\" content=\"index, follow, max-snippet:-1, max-image-preview:large, max-video-preview:-1\" \/>\n<link rel=\"canonical\" href=\"https:\/\/kuzeyinsesi.org\/index.php\/2026\/02\/25\/fenerbahce-nottingham-forest-deplasmaninda\/\" \/>\n<meta property=\"og:locale\" content=\"tr_TR\" \/>\n<meta property=\"og:type\" content=\"article\" \/>\n<meta property=\"og:title\" content=\"Fenerbah\u00e7e, Nottingham Forest deplasman\u0131nda - Kuzeyin Sesi\" \/>\n<meta property=\"og:description\" content=\"&#013; City Ground&#8217;da oynanacak ve TS\u0130 23.00&#8217;te ba\u015flayacak m\u00fcsabakay\u0131 \u0130talyan hakem Maurizio Mariani y\u00f6netecek. &#013; Mariani&#8217;nin yard\u0131mc\u0131l\u0131klar\u0131n\u0131 \u0130talya Futbol Federasyonundan Daniele Bindoni ve Alberto Tegoni yapacak. Kar\u015f\u0131la\u015fman\u0131n 4. hakemi ise Matteo Marchetti olacak. &#013; 7 eksik &#013; Fenerbah\u00e7e, Nottingham Forest deplasman\u0131nda 7 oyuncusundan yararlanamayacak. &#013; Sar\u0131-lacivertlilerde Fred Rodrigues ve sakatl\u0131\u011f\u0131 bulunan Jayden Oosterwolde, cezalar\u0131 nedeniyle [&hellip;]\" \/>\n<meta property=\"og:url\" content=\"https:\/\/kuzeyinsesi.org\/index.php\/2026\/02\/25\/fenerbahce-nottingham-forest-deplasmaninda\/\" \/>\n<meta property=\"og:site_name\" content=\"Kuzeyin Sesi\" \/>\n<meta property=\"article:publisher\" content=\"https:\/\/www.facebook.com\/kuzeyinsesii\" \/>\n<meta property=\"article:published_time\" content=\"2026-02-25T07:05:06+00:00\" \/>\n<meta property=\"og:image\" content=\"https:\/\/trthaberstatic.cdn.wp.trt.com.tr\/resimler\/2440000\/fenerbahce-2441678.jpg\" \/>\n<meta name=\"author\" content=\"Kuzeyin Sesi\" \/>\n<meta name=\"twitter:card\" content=\"summary_large_image\" \/>\n<meta name=\"twitter:creator\" content=\"@kuzeyinsesii\" \/>\n<meta name=\"twitter:site\" content=\"@kuzeyinsesii\" \/>\n<meta name=\"twitter:label1\" content=\"Yazan:\" \/>\n\t<meta name=\"twitter:data1\" content=\"Kuzeyin Sesi\" \/>\n\t<meta name=\"twitter:label2\" content=\"Tahmini okuma s\u00fcresi\" \/>\n\t<meta name=\"twitter:data2\" content=\"1 dakika\" \/>\n<script type=\"application\/ld+json\" class=\"yoast-schema-graph\">{\"@context\":\"https:\\\/\\\/schema.org\",\"@graph\":[{\"@type\":\"Article\",\"@id\":\"https:\\\/\\\/kuzeyinsesi.org\\\/index.php\\\/2026\\\/02\\\/25\\\/fenerbahce-nottingham-forest-deplasmaninda\\\/#article\",\"isPartOf\":{\"@id\":\"https:\\\/\\\/kuzeyinsesi.org\\\/index.php\\\/2026\\\/02\\\/25\\\/fenerbahce-nottingham-forest-deplasmaninda\\\/\"},\"author\":{\"name\":\"Kuzeyin Sesi\",\"@id\":\"https:\\\/\\\/kuzeyinsesi.org\\\/#\\\/schema\\\/person\\\/9f859689cdf01485597712386e37f5aa\"},\"headline\":\"Fenerbah\u00e7e, Nottingham Forest deplasman\u0131nda\",\"datePublished\":\"2026-02-25T07:05:06+00:00\",\"mainEntityOfPage\":{\"@id\":\"https:\\\/\\\/kuzeyinsesi.org\\\/index.php\\\/2026\\\/02\\\/25\\\/fenerbahce-nottingham-forest-deplasmaninda\\\/\"},\"wordCount\":194,\"commentCount\":0,\"image\":{\"@id\":\"https:\\\/\\\/kuzeyinsesi.org\\\/index.php\\\/2026\\\/02\\\/25\\\/fenerbahce-nottingham-forest-deplasmaninda\\\/#primaryimage\"},\"thumbnailUrl\":\"https:\\\/\\\/kuzeyinsesi.org\\\/wp-content\\\/uploads\\\/2026\\\/02\\\/fenerbahce-2441678.jpg\",\"articleSection\":[\"Spor\"],\"inLanguage\":\"tr\",\"potentialAction\":[{\"@type\":\"CommentAction\",\"name\":\"Comment\",\"target\":[\"https:\\\/\\\/kuzeyinsesi.org\\\/index.php\\\/2026\\\/02\\\/25\\\/fenerbahce-nottingham-forest-deplasmaninda\\\/#respond\"]}]},{\"@type\":\"WebPage\",\"@id\":\"https:\\\/\\\/kuzeyinsesi.org\\\/index.php\\\/2026\\\/02\\\/25\\\/fenerbahce-nottingham-forest-deplasmaninda\\\/\",\"url\":\"https:\\\/\\\/kuzeyinsesi.org\\\/index.php\\\/2026\\\/02\\\/25\\\/fenerbahce-nottingham-forest-deplasmaninda\\\/\",\"name\":\"Fenerbah\u00e7e, Nottingham Forest deplasman\u0131nda - Kuzeyin Sesi\",\"isPartOf\":{\"@id\":\"https:\\\/\\\/kuzeyinsesi.org\\\/#website\"},\"primaryImageOfPage\":{\"@id\":\"https:\\\/\\\/kuzeyinsesi.org\\\/index.php\\\/2026\\\/02\\\/25\\\/fenerbahce-nottingham-forest-deplasmaninda\\\/#primaryimage\"},\"image\":{\"@id\":\"https:\\\/\\\/kuzeyinsesi.org\\\/index.php\\\/2026\\\/02\\\/25\\\/fenerbahce-nottingham-forest-deplasmaninda\\\/#primaryimage\"},\"thumbnailUrl\":\"https:\\\/\\\/kuzeyinsesi.org\\\/wp-content\\\/uploads\\\/2026\\\/02\\\/fenerbahce-2441678.jpg\",\"datePublished\":\"2026-02-25T07:05:06+00:00\",\"author\":{\"@id\":\"https:\\\/\\\/kuzeyinsesi.org\\\/#\\\/schema\\\/person\\\/9f859689cdf01485597712386e37f5aa\"},\"breadcrumb\":{\"@id\":\"https:\\\/\\\/kuzeyinsesi.org\\\/index.php\\\/2026\\\/02\\\/25\\\/fenerbahce-nottingham-forest-deplasmaninda\\\/#breadcrumb\"},\"inLanguage\":\"tr\",\"potentialAction\":[{\"@type\":\"ReadAction\",\"target\":[\"https:\\\/\\\/kuzeyinsesi.org\\\/index.php\\\/2026\\\/02\\\/25\\\/fenerbahce-nottingham-forest-deplasmaninda\\\/\"]}]},{\"@type\":\"ImageObject\",\"inLanguage\":\"tr\",\"@id\":\"https:\\\/\\\/kuzeyinsesi.org\\\/index.php\\\/2026\\\/02\\\/25\\\/fenerbahce-nottingham-forest-deplasmaninda\\\/#primaryimage\",\"url\":\"https:\\\/\\\/kuzeyinsesi.org\\\/wp-content\\\/uploads\\\/2026\\\/02\\\/fenerbahce-2441678.jpg\",\"contentUrl\":\"https:\\\/\\\/kuzeyinsesi.org\\\/wp-content\\\/uploads\\\/2026\\\/02\\\/fenerbahce-2441678.jpg\",\"width\":1280,\"height\":720},{\"@type\":\"BreadcrumbList\",\"@id\":\"https:\\\/\\\/kuzeyinsesi.org\\\/index.php\\\/2026\\\/02\\\/25\\\/fenerbahce-nottingham-forest-deplasmaninda\\\/#breadcrumb\",\"itemListElement\":[{\"@type\":\"ListItem\",\"position\":1,\"name\":\"Anasayfa\",\"item\":\"https:\\\/\\\/kuzeyinsesi.org\\\/\"},{\"@type\":\"ListItem\",\"position\":2,\"name\":\"Fenerbah\u00e7e, Nottingham Forest deplasman\u0131nda\"}]},{\"@type\":\"WebSite\",\"@id\":\"https:\\\/\\\/kuzeyinsesi.org\\\/#website\",\"url\":\"https:\\\/\\\/kuzeyinsesi.org\\\/\",\"name\":\"Kuzeyin Sesi\",\"description\":\"Do\u011fru Haberin Adresi\",\"potentialAction\":[{\"@type\":\"SearchAction\",\"target\":{\"@type\":\"EntryPoint\",\"urlTemplate\":\"https:\\\/\\\/kuzeyinsesi.org\\\/?s={search_term_string}\"},\"query-input\":{\"@type\":\"PropertyValueSpecification\",\"valueRequired\":true,\"valueName\":\"search_term_string\"}}],\"inLanguage\":\"tr\"},{\"@type\":\"Person\",\"@id\":\"https:\\\/\\\/kuzeyinsesi.org\\\/#\\\/schema\\\/person\\\/9f859689cdf01485597712386e37f5aa\",\"name\":\"Kuzeyin Sesi\",\"image\":{\"@type\":\"ImageObject\",\"inLanguage\":\"tr\",\"@id\":\"https:\\\/\\\/secure.gravatar.com\\\/avatar\\\/bab33852abfd8b282518d6ed81826833d77c3c882d9ab608add591ccace47a44?s=96&d=mm&r=g\",\"url\":\"https:\\\/\\\/secure.gravatar.com\\\/avatar\\\/bab33852abfd8b282518d6ed81826833d77c3c882d9ab608add591ccace47a44?s=96&d=mm&r=g\",\"contentUrl\":\"https:\\\/\\\/secure.gravatar.com\\\/avatar\\\/bab33852abfd8b282518d6ed81826833d77c3c882d9ab608add591ccace47a44?s=96&d=mm&r=g\",\"caption\":\"Kuzeyin Sesi\"},\"sameAs\":[\"https:\\\/\\\/kuzeyinsesi.org\"],\"url\":\"https:\\\/\\\/kuzeyinsesi.org\\\/index.php\\\/author\\\/guven\\\/\"}]}<\/script>\n<!-- \/ Yoast SEO plugin. -->","yoast_head_json":{"title":"Fenerbah\u00e7e, Nottingham Forest deplasman\u0131nda - Kuzeyin Sesi","robots":{"index":"index","follow":"follow","max-snippet":"max-snippet:-1","max-image-preview":"max-image-preview:large","max-video-preview":"max-video-preview:-1"},"canonical":"https:\/\/kuzeyinsesi.org\/index.php\/2026\/02\/25\/fenerbahce-nottingham-forest-deplasmaninda\/","og_locale":"tr_TR","og_type":"article","og_title":"Fenerbah\u00e7e, Nottingham Forest deplasman\u0131nda - Kuzeyin Sesi","og_description":"&#13; City Ground&#8217;da oynanacak ve TS\u0130 23.00&#8217;te ba\u015flayacak m\u00fcsabakay\u0131 \u0130talyan hakem Maurizio Mariani y\u00f6netecek. &#13; Mariani&#8217;nin yard\u0131mc\u0131l\u0131klar\u0131n\u0131 \u0130talya Futbol Federasyonundan Daniele Bindoni ve Alberto Tegoni yapacak. Kar\u015f\u0131la\u015fman\u0131n 4. hakemi ise Matteo Marchetti olacak. &#13; 7 eksik &#13; Fenerbah\u00e7e, Nottingham Forest deplasman\u0131nda 7 oyuncusundan yararlanamayacak. &#13; Sar\u0131-lacivertlilerde Fred Rodrigues ve sakatl\u0131\u011f\u0131 bulunan Jayden Oosterwolde, cezalar\u0131 nedeniyle [&hellip;]","og_url":"https:\/\/kuzeyinsesi.org\/index.php\/2026\/02\/25\/fenerbahce-nottingham-forest-deplasmaninda\/","og_site_name":"Kuzeyin Sesi","article_publisher":"https:\/\/www.facebook.com\/kuzeyinsesii","article_published_time":"2026-02-25T07:05:06+00:00","og_image":[{"url":"https:\/\/trthaberstatic.cdn.wp.trt.com.tr\/resimler\/2440000\/fenerbahce-2441678.jpg","type":"","width":"","height":""}],"author":"Kuzeyin Sesi","twitter_card":"summary_large_image","twitter_creator":"@kuzeyinsesii","twitter_site":"@kuzeyinsesii","twitter_misc":{"Yazan:":"Kuzeyin Sesi","Tahmini okuma s\u00fcresi":"1 dakika"},"schema":{"@context":"https:\/\/schema.org","@graph":[{"@type":"Article","@id":"https:\/\/kuzeyinsesi.org\/index.php\/2026\/02\/25\/fenerbahce-nottingham-forest-deplasmaninda\/#article","isPartOf":{"@id":"https:\/\/kuzeyinsesi.org\/index.php\/2026\/02\/25\/fenerbahce-nottingham-forest-deplasmaninda\/"},"author":{"name":"Kuzeyin Sesi","@id":"https:\/\/kuzeyinsesi.org\/#\/schema\/person\/9f859689cdf01485597712386e37f5aa"},"headline":"Fenerbah\u00e7e, Nottingham Forest deplasman\u0131nda","datePublished":"2026-02-25T07:05:06+00:00","mainEntityOfPage":{"@id":"https:\/\/kuzeyinsesi.org\/index.php\/2026\/02\/25\/fenerbahce-nottingham-forest-deplasmaninda\/"},"wordCount":194,"commentCount":0,"image":{"@id":"https:\/\/kuzeyinsesi.org\/index.php\/2026\/02\/25\/fenerbahce-nottingham-forest-deplasmaninda\/#primaryimage"},"thumbnailUrl":"https:\/\/kuzeyinsesi.org\/wp-content\/uploads\/2026\/02\/fenerbahce-2441678.jpg","articleSection":["Spor"],"inLanguage":"tr","potentialAction":[{"@type":"CommentAction","name":"Comment","target":["https:\/\/kuzeyinsesi.org\/index.php\/2026\/02\/25\/fenerbahce-nottingham-forest-deplasmaninda\/#respond"]}]},{"@type":"WebPage","@id":"https:\/\/kuzeyinsesi.org\/index.php\/2026\/02\/25\/fenerbahce-nottingham-forest-deplasmaninda\/","url":"https:\/\/kuzeyinsesi.org\/index.php\/2026\/02\/25\/fenerbahce-nottingham-forest-deplasmaninda\/","name":"Fenerbah\u00e7e, Nottingham Forest deplasman\u0131nda - Kuzeyin Sesi","isPartOf":{"@id":"https:\/\/kuzeyinsesi.org\/#website"},"primaryImageOfPage":{"@id":"https:\/\/kuzeyinsesi.org\/index.php\/2026\/02\/25\/fenerbahce-nottingham-forest-deplasmaninda\/#primaryimage"},"image":{"@id":"https:\/\/kuzeyinsesi.org\/index.php\/2026\/02\/25\/fenerbahce-nottingham-forest-deplasmaninda\/#primaryimage"},"thumbnailUrl":"https:\/\/kuzeyinsesi.org\/wp-content\/uploads\/2026\/02\/fenerbahce-2441678.jpg","datePublished":"2026-02-25T07:05:06+00:00","author":{"@id":"https:\/\/kuzeyinsesi.org\/#\/schema\/person\/9f859689cdf01485597712386e37f5aa"},"breadcrumb":{"@id":"https:\/\/kuzeyinsesi.org\/index.php\/2026\/02\/25\/fenerbahce-nottingham-forest-deplasmaninda\/#breadcrumb"},"inLanguage":"tr","potentialAction":[{"@type":"ReadAction","target":["https:\/\/kuzeyinsesi.org\/index.php\/2026\/02\/25\/fenerbahce-nottingham-forest-deplasmaninda\/"]}]},{"@type":"ImageObject","inLanguage":"tr","@id":"https:\/\/kuzeyinsesi.org\/index.php\/2026\/02\/25\/fenerbahce-nottingham-forest-deplasmaninda\/#primaryimage","url":"https:\/\/kuzeyinsesi.org\/wp-content\/uploads\/2026\/02\/fenerbahce-2441678.jpg","contentUrl":"https:\/\/kuzeyinsesi.org\/wp-content\/uploads\/2026\/02\/fenerbahce-2441678.jpg","width":1280,"height":720},{"@type":"BreadcrumbList","@id":"https:\/\/kuzeyinsesi.org\/index.php\/2026\/02\/25\/fenerbahce-nottingham-forest-deplasmaninda\/#breadcrumb","itemListElement":[{"@type":"ListItem","position":1,"name":"Anasayfa","item":"https:\/\/kuzeyinsesi.org\/"},{"@type":"ListItem","position":2,"name":"Fenerbah\u00e7e, Nottingham Forest deplasman\u0131nda"}]},{"@type":"WebSite","@id":"https:\/\/kuzeyinsesi.org\/#website","url":"https:\/\/kuzeyinsesi.org\/","name":"Kuzeyin Sesi","description":"Do\u011fru Haberin Adresi","potentialAction":[{"@type":"SearchAction","target":{"@type":"EntryPoint","urlTemplate":"https:\/\/kuzeyinsesi.org\/?s={search_term_string}"},"query-input":{"@type":"PropertyValueSpecification","valueRequired":true,"valueName":"search_term_string"}}],"inLanguage":"tr"},{"@type":"Person","@id":"https:\/\/kuzeyinsesi.org\/#\/schema\/person\/9f859689cdf01485597712386e37f5aa","name":"Kuzeyin Sesi","image":{"@type":"ImageObject","inLanguage":"tr","@id":"https:\/\/secure.gravatar.com\/avatar\/bab33852abfd8b282518d6ed81826833d77c3c882d9ab608add591ccace47a44?s=96&d=mm&r=g","url":"https:\/\/secure.gravatar.com\/avatar\/bab33852abfd8b282518d6ed81826833d77c3c882d9ab608add591ccace47a44?s=96&d=mm&r=g","contentUrl":"https:\/\/secure.gravatar.com\/avatar\/bab33852abfd8b282518d6ed81826833d77c3c882d9ab608add591ccace47a44?s=96&d=mm&r=g","caption":"Kuzeyin Sesi"},"sameAs":["https:\/\/kuzeyinsesi.org"],"url":"https:\/\/kuzeyinsesi.org\/index.php\/author\/guven\/"}]}},"_links":{"self":[{"href":"https:\/\/kuzeyinsesi.org\/index.php\/wp-json\/wp\/v2\/posts\/35961","targetHints":{"allow":["GET"]}}],"collection":[{"href":"https:\/\/kuzeyinsesi.org\/index.php\/wp-json\/wp\/v2\/posts"}],"about":[{"href":"https:\/\/kuzeyinsesi.org\/index.php\/wp-json\/wp\/v2\/types\/post"}],"author":[{"embeddable":true,"href":"https:\/\/kuzeyinsesi.org\/index.php\/wp-json\/wp\/v2\/users\/1"}],"replies":[{"embeddable":true,"href":"https:\/\/kuzeyinsesi.org\/index.php\/wp-json\/wp\/v2\/comments?post=35961"}],"version-history":[{"count":0,"href":"https:\/\/kuzeyinsesi.org\/index.php\/wp-json\/wp\/v2\/posts\/35961\/revisions"}],"wp:featuredmedia":[{"embeddable":true,"href":"https:\/\/kuzeyinsesi.org\/index.php\/wp-json\/wp\/v2\/media\/35962"}],"wp:attachment":[{"href":"https:\/\/kuzeyinsesi.org\/index.php\/wp-json\/wp\/v2\/media?parent=35961"}],"wp:term":[{"taxonomy":"category","embeddable":true,"href":"https:\/\/kuzeyinsesi.org\/index.php\/wp-json\/wp\/v2\/categories?post=35961"},{"taxonomy":"post_tag","embeddable":true,"href":"https:\/\/kuzeyinsesi.org\/index.php\/wp-json\/wp\/v2\/tags?post=35961"}],"curies":[{"name":"wp","href":"https:\/\/api.w.org\/{rel}","templated":true}]}}