{"id":35959,"date":"2026-02-24T16:09:25","date_gmt":"2026-02-24T14:09:25","guid":{"rendered":"https:\/\/kuzeyinsesi.org\/index.php\/2026\/02\/24\/acik-ve-samimi-bir-toplanti-gerceklestirdik\/"},"modified":"2026-02-24T16:09:25","modified_gmt":"2026-02-24T14:09:25","slug":"acik-ve-samimi-bir-toplanti-gerceklestirdik","status":"publish","type":"post","link":"https:\/\/kuzeyinsesi.org\/index.php\/2026\/02\/24\/acik-ve-samimi-bir-toplanti-gerceklestirdik\/","title":{"rendered":"A\u00e7\u0131k ve samimi bir toplant\u0131 ger\u00e7ekle\u015ftirdik"},"content":{"rendered":"<p>&nbsp;<\/p>\n<p>Cumhurba\u015fkan\u0131 Erh\u00fcrman, g\u00f6r\u00fc\u015fme sonras\u0131 Cumhurba\u015fkanl\u0131\u011f\u0131\u2019nda bas\u0131na yapt\u0131\u011f\u0131 a\u00e7\u0131klamada \u015funlar\u0131 kaydetti:<\/p>\n<p>\u201cYEN\u0130DEN B\u0130R ARAYA GELECE\u011e\u0130Z\u201d<br \/>\n\u201cBug\u00fcn daha \u00f6nce yapt\u0131\u011f\u0131m\u0131z \u00f6neriden hareketle ilk defa K\u0131br\u0131sl\u0131 Rum Lider Nikos Hristodulidis ile ba\u015f ba\u015fa bir g\u00f6r\u00fc\u015fme ger\u00e7ekle\u015ftirdik. G\u00f6r\u00fc\u015fme tamamen ikimizin aras\u0131ndayd\u0131. A\u00e7\u0131k ve samimi bir toplant\u0131 oldu\u011funu s\u00f6ylemek istiyorum.<br \/>\nG\u00fcven Yarat\u0131c\u0131 \u00d6nlemlerle ilgili \u00e7al\u0131\u015fmalar\u0131n hangi a\u015famada oldu\u011fu, hangi noktada k\u00fc\u00e7\u00fck k\u00fc\u00e7\u00fck ilerlemeler kaydedildi\u011fi ve daha ileriye nas\u0131l gidilebilece\u011fi konular\u0131n\u0131 ele ald\u0131k. Bu \u00e7er\u00e7evede, temsilcilerimize, d\u00fczenli olarak yapt\u0131klar\u0131 toplant\u0131lara devam etmeleri y\u00f6n\u00fcnde talimat verme karar\u0131 verdik. Ayr\u0131ca, yak\u0131n zamanda yeniden bir araya gelme karar\u0131 da verdik. \u00d6zl\u00fc konulara ili\u015fkin g\u00f6r\u00fc\u015f al\u0131\u015fveri\u015finde bulunmaya devam ettik. \u00d6zellikle G\u00fcven Yarat\u0131c\u0131 \u00d6nlemler konusunda ya\u015fanan gecikmeler konusunda temsilcilerimizin yapacaklar\u0131 g\u00f6r\u00fc\u015fmelerde; K\u0131br\u0131sl\u0131 Rum temsilcinin, K\u0131br\u0131sl\u0131 T\u00fcrk temsilcimiz Mehmet D\u00e2n\u00e2\u2019ya bunlar\u0131n tamamlanmas\u0131 konusunda resmi olarak bilgilendirme yapmas\u0131 hususunda da bir ortak karar verdik. Genel olarak toplant\u0131n\u0131n \u00f6zeti bunlardan ibaretti.\u201d<\/p>\n<p>\u201cOLUMLU YANIT \u0130LETT\u0130K\u2026\u201d<br \/>\nG\u00fcney\u2019de g\u00f6r\u00fclen \u015fap hastal\u0131\u011f\u0131na ili\u015fkin soru \u00fczerine, Cumhurba\u015fkan\u0131 Erh\u00fcrman, 20 bin doz a\u015f\u0131 talebinin kendilerine d\u00fcn ula\u015ft\u0131\u011f\u0131n\u0131 belirterek, Tar\u0131m Bakan\u0131 ile temasa ge\u00e7tiklerini ve ilk 10 bin doz a\u015f\u0131 en ge\u00e7 yar\u0131na, ikinci 10 bin dozu birka\u00e7 g\u00fcn i\u00e7erisinde haz\u0131rlayabilecekleri bilgisini ald\u0131klar\u0131n\u0131 ifade etti. Bu \u00e7er\u00e7evede, Hristodulidis\u2019e bu konudaki olumlu yan\u0131t\u0131 ilettiklerini belirtti. Erh\u00fcrman bunun, adada ortak bir sorun oldu\u011funu da vurgulayarak, iki taraftan bula\u015f riski oldu\u011funu, narenciye ile ilgili de bu sorunla kar\u015f\u0131 kar\u015f\u0131ya kald\u0131klar\u0131n\u0131 belirtti ve bu konularda teknik komiteler arac\u0131l\u0131\u011f\u0131yla e\u015fg\u00fcd\u00fcm i\u00e7erisinde \u00e7al\u0131\u015fmalar\u0131n y\u00fcr\u00fct\u00fclmesi gerekti\u011fine de dikkat \u00e7ekti. Bir sonraki g\u00f6r\u00fc\u015fmenin tarihinin sorulmas\u0131 \u00fczerine, temsilcilerin s\u0131kl\u0131kla g\u00f6r\u00fc\u015fmeye devam edecekleri bilgisini veren Erh\u00fcrman, buna paralel olarak da gecikmeden yak\u0131n zamanda tekrar bir araya gelme konusunda hem fikir olduklar\u0131n\u0131 dile getirdi.<\/p>\n<p>Cumhurba\u015fkan\u0131 Erh\u00fcrman \u015funlar\u0131 kaydetti:<br \/>\n\u201cNTV\u2019de yapt\u0131\u011f\u0131m a\u00e7\u0131klamalar\u0131 Sn. Hristodulidis\u2019e bug\u00fcnk\u00fc g\u00f6r\u00fc\u015fmemde ben aktard\u0131m. T\u00fcrkiye Cumhuriyeti ile s\u00fcrece ili\u015fkin hareket noktam\u0131z ayn\u0131d\u0131r. T\u00fcrkiye Cumhuriyeti ad\u0131na yap\u0131lan a\u00e7\u0131klamalardaki vurgu \u2018Bug\u00fcne kadar devam eden s\u00fcre\u00e7lerde ba\u015far\u0131l\u0131 olunamamas\u0131 nedeni K\u0131br\u0131s Rum liderli\u011finin yetki ve adadaki kaynak payla\u015f\u0131m\u0131 konusundaki isteksizli\u011fi\u2019 g\u00f6sterildi. Ben de bug\u00fcne kadar yapt\u0131\u011f\u0131m a\u00e7\u0131klamalarda ayn\u0131 gerek\u00e7eyi s\u00f6yledim. Metodolojinin birinci maddesi olarak \u2018Etkili Kat\u0131l\u0131m\u2019 ve \u2018D\u00f6n\u00fc\u015f\u00fcml\u00fc Ba\u015fkanl\u0131k\u2019 i\u00e7erecek \u015fekilde siyasi e\u015fitli\u011fi koyma nedenimin bu oldu\u011funu ifade ettim. Bug\u00fcne kadarki K\u0131br\u0131s Rum Liderli\u011finin, adada yetki payla\u015f\u0131m\u0131 ve adadaki varl\u0131klar\u0131n payla\u015f\u0131m\u0131 konusundaki isteksizli\u011fi, K\u0131br\u0131s sorununun uzun s\u00fcre \u00e7\u00f6z\u00fclememe nedeni oldu\u011fu noktas\u0131nda T\u00fcrkiye Cumhuriyeti ile ortak tespitte bulunduk.\u201d<\/p>\n<p>G\u00f6r\u00fc\u015fmenin de\u011ferlendirilmesine ili\u015fkin soru \u00fczerine Cumhurba\u015fkan\u0131 Erh\u00fcrman, yararl\u0131 bir g\u00f6r\u00fc\u015fme ger\u00e7ekle\u015ftirdiklerini dile getirdi. A\u00e7\u0131k ve samimi g\u00f6r\u00fc\u015fme oldu\u011funu ifade eden Erh\u00fcrman, en a\u00e7\u0131k ve en samimi g\u00f6r\u00fc\u015fmelerden biri oldu\u011funu vurgulad\u0131. G\u00f6r\u00fc\u015fmede, G\u00fcven Yarat\u0131c\u0131 \u00d6nlemler \u00fczerinde konu\u015fuldu\u011funu dile getiren Erh\u00fcrman, \u00f6zl\u00fc konularda kendi duru\u015flar\u0131n\u0131 daha net a\u00e7\u0131klama a\u00e7\u0131s\u0131ndan bir f\u0131rsat\u0131 bulduklar\u0131n\u0131n da alt\u0131n\u0131 \u00e7izdi.<\/p>\n<p>Karpaz\u2019daki okul ziyareti ile ilgili soru \u00fczerine, Cumhurba\u015fkan\u0131 Erh\u00fcrman, \u201cKarpaz\u2019daki \u00f6\u011frenim g\u00f6ren K\u0131br\u0131sl\u0131 Rum \u00e7ocuklar da bizim \u00e7ocuklar\u0131m\u0131zd\u0131r. Bir s\u00fcre arkada\u015flarla bunun programlanmas\u0131 \u00fczerine \u00e7al\u0131\u015f\u0131yorduk. Yar\u0131n itibar\u0131yla bu ziyareti ger\u00e7ekle\u015ftirece\u011fim. Dipkarpaz\u2019da Recep Tayyip Erdo\u011fan Ortaokulu\u2019na da ziyaret ger\u00e7ekle\u015ftirece\u011fim. Bu bir talep \u00fczerine ger\u00e7ekle\u015fmedi. Dolay\u0131s\u0131yla talep \u00fczerine ger\u00e7ekle\u015fmi\u015f gibi bir alg\u0131 do\u011fru de\u011fil. Kendisine aktard\u0131m. Kendisi de yorum yapmak istemedi\u011fini s\u00f6yledi\u011fine g\u00f6re daha fazla yorum yapmak istemem. Kuzeyde tek yanl\u0131 olarak talep etmesini beklemeden de o \u00e7ocuklar\u0131 da di\u011fer \u00e7ocuklar\u0131 da kucaklamaya t\u00fcm \u00e7ocuklar\u0131m\u0131z\u0131n problemlerini \u00e7\u00f6zmeye \u00e7al\u0131\u015f\u0131yoruz,\u201d dedi. Bir sorunlar\u0131 oldu\u011funa dair bug\u00fcne kadar bir bilgi almad\u0131\u011f\u0131n\u0131 ifade eden Cumhurba\u015fkan\u0131 Erh\u00fcrman, \u201cYerinde g\u00f6rmeyi tercih ediyorum. T\u00fcm \u00e7ocuklar\u0131m\u0131z\u0131n problemlerini \u00e7\u00f6zmeye \u00e7al\u0131\u015ft\u0131\u011f\u0131m\u0131z gibi onlar\u0131n da problemlerini \u00e7\u00f6zmeye \u00e7al\u0131\u015f\u0131r\u0131z\u201d dedi.<br \/>\nLimasol\u2019daki K\u0131br\u0131sl\u0131 T\u00fcrklerin e\u011fitimi meselesine de\u011finen Cumhurba\u015fkan\u0131 Erh\u00fcrman, \u201cSn. Talat\u2019\u0131n cumhurba\u015fkanl\u0131\u011f\u0131 d\u00f6neminde ben m\u00fczakere heyetindeyken var olan bir problemdir. Oradaki K\u0131br\u0131sl\u0131 T\u00fcrk \u00f6\u011frencilerin bir okulu yoktur. Sadece T\u00fcrk\u00e7e \u00f6\u011frendiklerini bir s\u0131n\u0131f var. Di\u011fer dersler T\u00fcrk\u00e7e de\u011fil. Ben insan haklar\u0131nda m\u00fctekabiliyet diye bir \u015fey kabul eden bir zihniyetten gelmiyorum \u00f6zellikle de konu \u00e7ocuklar ise. Dolay\u0131s\u0131yla gidece\u011fim ve oradaki \u00e7ocuklar\u0131 da dinleyece\u011fim. Bir problemleri varsa di\u011fer okullardaki \u00e7ocuklar\u0131m\u0131z\u0131n problemlerini \u00e7\u00f6zmeye \u00e7al\u0131\u015ft\u0131\u011f\u0131m\u0131z gibi onlar\u0131n da problemlerini \u00e7\u00f6zmeye \u00e7al\u0131\u015faca\u011f\u0131z bir problemleri varsa. \u015eu ana kadar bana gelen bilgi \u00e7ok \u00f6zel bir problem oldu\u011fu y\u00f6n\u00fcnde de\u011fildir\u201d dedi.<\/p>\n<p>Ba\u015fka bir soru \u00fczerine Cumhurba\u015fkan\u0131 Erh\u00fcrman \u015funlar\u0131 belirtti:<br \/>\n\u201cK\u0131br\u0131s sorunu tarif edildi\u011fi gibi toplumlar aras\u0131 bir sorun olman\u0131n \u00f6tesindeydi son d\u00f6nemde bunun daha da \u00f6tesindedir. Bunun gerek\u00e7esi olarak da b\u00f6lgede ya\u015fanan geli\u015fmeler elbette K\u0131br\u0131s sorunu \u00fczerine de etkili. G\u00fcney K\u0131br\u0131s Rum Y\u00f6netiminin \u00e7e\u015fitli \u00fclkelerle yapt\u0131\u011f\u0131 ikili anla\u015fmalar ger\u00e7ekle\u015fti son Crans Montana\u2019dan beri olan d\u00f6nem i\u00e7erisinde. K\u0131br\u0131s sorunun gittik\u00e7e uluslararas\u0131 boyutu daha da art\u0131yor. K\u0131br\u0131sl\u0131 T\u00fcrk lider ve K\u0131br\u0131sl\u0131 Rum lider bu konular\u0131n hepsini konu\u015facak ama bunun \u00f6tesinde b\u00f6lgeyi \u00e7ok yak\u0131ndan ilgilendiren bir meseledir. B\u00f6lgedeki akt\u00f6rler de s\u00fcrece dair birtak\u0131m d\u00fc\u015f\u00fcncelere sahiptirler ve birtak\u0131m etkileme alanlar\u0131 yaratmaya \u00e7al\u0131\u015f\u0131yorlar. Bu a\u015fama K\u0131br\u0131sl\u0131 T\u00fcrk lider ile K\u0131br\u0131sl\u0131 Rum liderin ger\u00e7ekten iki halkta da g\u00fcveni yaratacak birbirlerine olan g\u00fcveni tesis edecek bir yakla\u015f\u0131mla ele almalar\u0131 gereken bir a\u015famad\u0131r. Bir g\u00f6r\u00fc\u015fme masas\u0131ndan \u00e7\u0131k\u0131p da m\u00fczakere masas\u0131na giderse zaten en az\u0131ndan \u00fc\u00e7 garant\u00f6r \u00fclkenin orada olaca\u011f\u0131 zaten biliniyor. Onun d\u0131\u015f\u0131nda orada bulunma talebinde bulunma talebinde bulunanlar var ama biz net duru\u015f sergiliyoruz. M\u00fczakere masas\u0131 kurulursa orada iki lider ve \u00fc\u00e7 garant\u00f6r \u00fclke bug\u00fcne kadar oldu\u011fu gibi orada olacak.<\/p>\n<p>Crans Montana\u2019ya kadarki s\u00fcre\u00e7te kay\u0131t alt\u0131na al\u0131nan yak\u0131nla\u015fmalar ile ilgili yapt\u0131\u011f\u0131 \u00f6nceki a\u00e7\u0131klama ile ilgili bir soru \u00fczerine Cumhurba\u015fkan\u0131 \u015f\u00f6yle devam etti:<\/p>\n<p>\u201c\u00d6zl\u00fc konulara ili\u015fkin g\u00f6r\u00fc\u015f al\u0131\u015fveri\u015finde bulunduk dedi\u011fimiz ba\u015fl\u0131k alt\u0131nda \u00f6zellikle ben 4 maddelik metodolojimizin daha a\u00e7\u0131k bir \u015fekilde anla\u015f\u0131lmas\u0131n\u0131 sa\u011flamak a\u00e7\u0131s\u0131ndan iki ki\u015fi kar\u015f\u0131 kar\u015f\u0131ya oldu\u011fumuz i\u00e7in daha fazla ve daha rahat kendimi anlatma f\u0131rsat\u0131 buldu\u011fumu d\u00fc\u015f\u00fcn\u00fcyorum. Bizim 4 maddelik metodolojimizin ikinci maddesi Crans Montana\u2019ya kadar olan b\u00fct\u00fcn yak\u0131nla\u015fmalar\u0131n ilkesel olarak kabul\u00fcd\u00fcr. E\u011fer yeni bir m\u00fczakere s\u00fcreci ba\u015flayacaksa bug\u00fcne kadar hi\u00e7 m\u00fczakere yap\u0131lmam\u0131\u015f gibi s\u0131f\u0131rdan ba\u015flamayal\u0131m diye bu maddeyi koymu\u015ftum. Senelerce m\u00fczakere masalar\u0131nda dirsek \u00e7\u00fcr\u00fctmek anlam\u0131na gelir. Oturup nerelerde anla\u015fm\u0131\u015ft\u0131k diye bakarsak senin yak\u0131nla\u015fmalar\u0131n benim yak\u0131nla\u015fmalar\u0131m gibi bir ayr\u0131m \u00fczerinden ba\u015flarsak o yak\u0131nla\u015fmalar\u0131 ele almaya ba\u015flarsak asl\u0131nda bu her birinin yeniden m\u00fczakereye a\u00e7\u0131lmas\u0131 anlam\u0131na gelir. Tam da istemedi\u011fimiz \u015fey olan s\u0131f\u0131rdan m\u00fczakereye ba\u015flamak gibi bir \u015fey ortaya \u00e7\u0131kan. Bunu daha a\u00e7\u0131k bir \u015fekilde s\u00f6yleme f\u0131rsat\u0131 buldum. Bunu engelleyen benim laf\u0131 fazla g\u00fc\u00e7l\u00fc laf alg\u0131land\u0131 anla\u015f\u0131lan genel olarak. Engellemekten kast\u0131m s\u00f6yledi\u011fimin anla\u015f\u0131lmas\u0131yd\u0131. Benim bu maddeyi koyma nedenim s\u0131f\u0131rdan ba\u015flamayal\u0131m diye konulmu\u015f bir maddedir. Yak\u0131nla\u015fmalar dedi\u011fimiz \u015feyler zaten BM\u2019nin elinde var. Bunlar\u0131 a\u00e7\u0131p konu\u015faca\u011f\u0131m\u0131z zaman e\u011fer ba\u015flayabilirsek m\u00fczakere masas\u0131na oturdu\u011fumuz zamand\u0131r. Usulen biz Crans Montana\u2019ya kadar olan yak\u0131nla\u015fmalar\u0131n tekrardan m\u00fczakereye a\u00e7\u0131lmayaca\u011f\u0131n\u0131 kabul edelim. Bu benim metodolojimin bir par\u00e7as\u0131 bunun T\u00fcrkiye ile ilgisi yok demekti kast\u0131m.\u201d<\/p>\n<p>Rum liderin a\u00e7\u0131lmas\u0131n\u0131 \u00f6nerdi\u011fi Lefko\u015fa\u2019da ikinci bir yaya ge\u00e7i\u015fine ili\u015fkin bir soru \u00fczerine Cumhurba\u015fkan\u0131 Erh\u00fcrman \u015funlar\u0131 s\u00f6yledi:<br \/>\n&#8220;Sn. Hristodulidis bas\u0131na yapt\u0131\u011f\u0131 a\u00e7\u0131klamalarda s\u00f6ylemi\u015fti. \u015eu anda Metehan\u2019da birtak\u0131m sorunlar ya\u015fan\u0131yor. Bu sorunlar bir an \u00f6nce ortadan kalks\u0131n. Sadece Metehan\u2019da ya\u015fanan sorunlar\u0131n ortadan kalkmas\u0131 ara\u00e7l\u0131 ge\u00e7i\u015f konusundaki t\u00fcm sorunlar\u0131 ortadan kalkaca\u011f\u0131 sonucunu do\u011furmuyor. Lefko\u015fa\u2019da bizim ikinci ara\u00e7 ge\u00e7i\u015f noktas\u0131na ihtiyac\u0131m\u0131z var. K\u0131br\u0131sl\u0131 T\u00fcrklerin ve K\u0131br\u0131sl\u0131 Rumlar\u0131n. Haspolat\u2019ta yeni bir ge\u00e7i\u015f noktas\u0131 a\u00e7\u0131lacaksa sadece K\u0131br\u0131sl\u0131 T\u00fcrklerin kullanaca\u011f\u0131 bir nokta olmayacakt\u0131r. K\u0131br\u0131sl\u0131 Rumlar\u0131n da kullanaca\u011f\u0131 bir ge\u00e7i\u015f noktas\u0131 olacak. Bizim \u015fu anda yaya ge\u00e7i\u015fi a\u00e7\u0131s\u0131ndan yeni bir noktaya ihtiyac\u0131m\u0131z yoktur. Kar\u015f\u0131 oldu\u011fum i\u00e7in de\u011fil. Biz g\u00f6reve geldi\u011fimizde \u00f6n\u00fcm\u00fczde Ak\u0131nc\u0131lar Kirac\u0131k\u00f6y, E\u011flence ve Haspolat ile ilgili Sn. Ersin Tatar d\u00f6neminden beri \u00fczerinde \u00e7al\u0131\u015fan\u0131 bulduk. Pi\u015fmi\u015f a\u015fa su katmayal\u0131m diyerek bunu sonu\u00e7land\u0131ral\u0131m. Bunun i\u00e7inde Haspolat var. Sn. Ersin Tatar o d\u00f6nemde ara\u00e7l\u0131 ikinci bir ge\u00e7i\u015f noktas\u0131na ihtiya\u00e7 var demi\u015f ve Haspolat\u2019\u0131 \u00f6nermi\u015f. Bu K\u0131br\u0131sl\u0131 T\u00fcrklerin i\u015fine yaraca\u011f\u0131 i\u00e7in bir \u00f6neri de\u011fildir. Ben geldikten sonra g\u00f6reve bu konuda bu kadar mesafe kaydedildi\u011fine g\u00f6re bu konuyu \u00e7\u00f6zelim ve yine s\u0131f\u0131rdan ba\u015flamayal\u0131m derdindeyim. \u0130stenilen yer Lokmac\u0131\u2019dan y\u00fcz- y\u00fcz elli metre uzakta ba\u015fka bir ge\u00e7i\u015f noktas\u0131d\u0131r. Kar\u015f\u0131 oldu\u011fumdan de\u011fil ama \u015fu andaki ihtiyac\u0131 kar\u015f\u0131layacak bir \u015fey de\u011fil. G\u00fcndemi da\u011f\u0131tarak bu kadar eme\u011fin heba olmas\u0131n\u0131 istemiyorum.\u201d<\/p>\n<p>Karma evlilikler ile ilgili bir soru \u00fczerine Cumhurba\u015fkan\u0131 Erh\u00fcrman, her g\u00f6r\u00fc\u015fmede oldu\u011fu gibi g\u00fcndeminde olan konulardan biri oldu\u011funu s\u00f6yleyerek, \u201cBirtak\u0131m geli\u015fmeler ya\u015fand\u0131. Elimdeki verileri Sn. Hristodulidis ile payla\u015ft\u0131m o da bu verileri ald\u0131 ve bir sonraki toplant\u0131da bu konu yine g\u00fcndemimizde olacak\u201d dedi.<\/p>\n<p>Derinya-Bostanc\u0131 ge\u00e7i\u015f noktas\u0131nda seyr\u00fcsefer \u00e7\u0131kar\u0131lmas\u0131 ile ilgili soru \u00fczerine, Cumhurba\u015fkan\u0131 Erh\u00fcrman, Rum muhatab\u0131n resmi olarak konu ile ilgili tamamlanma mesaj\u0131n\u0131 vermesini beklediklerini s\u00f6yledi.<\/p>\n<p>A\u00e7\u0131k ve samimi bir toplant\u0131 ger\u00e7ekle\u015ftirdik yaz\u0131s\u0131 ilk \u00f6nce K\u0131br\u0131s Hakikat \u00fczerinde ortaya \u00e7\u0131kt\u0131.<\/p>\n","protected":false},"excerpt":{"rendered":"<p>&nbsp; Cumhurba\u015fkan\u0131 Erh\u00fcrman, g\u00f6r\u00fc\u015fme sonras\u0131 Cumhurba\u015fkanl\u0131\u011f\u0131\u2019nda bas\u0131na yapt\u0131\u011f\u0131 a\u00e7\u0131klamada \u015funlar\u0131 kaydetti: \u201cYEN\u0130DEN B\u0130R ARAYA GELECE\u011e\u0130Z\u201d \u201cBug\u00fcn daha \u00f6nce yapt\u0131\u011f\u0131m\u0131z \u00f6neriden hareketle ilk defa K\u0131br\u0131sl\u0131 Rum Lider Nikos Hristodulidis ile ba\u015f ba\u015fa bir g\u00f6r\u00fc\u015fme ger\u00e7ekle\u015ftirdik. G\u00f6r\u00fc\u015fme tamamen ikimizin aras\u0131ndayd\u0131. A\u00e7\u0131k ve samimi bir toplant\u0131 oldu\u011funu s\u00f6ylemek istiyorum. G\u00fcven Yarat\u0131c\u0131 \u00d6nlemlerle ilgili \u00e7al\u0131\u015fmalar\u0131n hangi a\u015famada oldu\u011fu, hangi [&hellip;]<\/p>\n","protected":false},"author":1,"featured_media":35960,"comment_status":"open","ping_status":"open","sticky":false,"template":"","format":"standard","meta":{"jnews-multi-image_gallery":[],"jnews_single_post":[],"jnews_primary_category":[],"jnews_social_meta":[],"jnews_override_counter":[],"footnotes":""},"categories":[1],"tags":[],"class_list":["post-35959","post","type-post","status-publish","format-standard","has-post-thumbnail","hentry","category-kibris"],"yoast_head":"<!-- This site is optimized with the Yoast SEO plugin v27.5 - https:\/\/yoast.com\/product\/yoast-seo-wordpress\/ -->\n<title>A\u00e7\u0131k ve samimi bir toplant\u0131 ger\u00e7ekle\u015ftirdik - Kuzeyin Sesi<\/title>\n<meta name=\"robots\" content=\"index, follow, max-snippet:-1, max-image-preview:large, max-video-preview:-1\" \/>\n<link rel=\"canonical\" href=\"https:\/\/kuzeyinsesi.org\/index.php\/2026\/02\/24\/acik-ve-samimi-bir-toplanti-gerceklestirdik\/\" \/>\n<meta property=\"og:locale\" content=\"tr_TR\" \/>\n<meta property=\"og:type\" content=\"article\" \/>\n<meta property=\"og:title\" content=\"A\u00e7\u0131k ve samimi bir toplant\u0131 ger\u00e7ekle\u015ftirdik - Kuzeyin Sesi\" \/>\n<meta property=\"og:description\" content=\"&nbsp; Cumhurba\u015fkan\u0131 Erh\u00fcrman, g\u00f6r\u00fc\u015fme sonras\u0131 Cumhurba\u015fkanl\u0131\u011f\u0131\u2019nda bas\u0131na yapt\u0131\u011f\u0131 a\u00e7\u0131klamada \u015funlar\u0131 kaydetti: \u201cYEN\u0130DEN B\u0130R ARAYA GELECE\u011e\u0130Z\u201d \u201cBug\u00fcn daha \u00f6nce yapt\u0131\u011f\u0131m\u0131z \u00f6neriden hareketle ilk defa K\u0131br\u0131sl\u0131 Rum Lider Nikos Hristodulidis ile ba\u015f ba\u015fa bir g\u00f6r\u00fc\u015fme ger\u00e7ekle\u015ftirdik. G\u00f6r\u00fc\u015fme tamamen ikimizin aras\u0131ndayd\u0131. A\u00e7\u0131k ve samimi bir toplant\u0131 oldu\u011funu s\u00f6ylemek istiyorum. G\u00fcven Yarat\u0131c\u0131 \u00d6nlemlerle ilgili \u00e7al\u0131\u015fmalar\u0131n hangi a\u015famada oldu\u011fu, hangi [&hellip;]\" \/>\n<meta property=\"og:url\" content=\"https:\/\/kuzeyinsesi.org\/index.php\/2026\/02\/24\/acik-ve-samimi-bir-toplanti-gerceklestirdik\/\" \/>\n<meta property=\"og:site_name\" content=\"Kuzeyin Sesi\" \/>\n<meta property=\"article:publisher\" content=\"https:\/\/www.facebook.com\/kuzeyinsesii\" \/>\n<meta property=\"article:published_time\" content=\"2026-02-24T14:09:25+00:00\" \/>\n<meta name=\"author\" content=\"Kuzeyin Sesi\" \/>\n<meta name=\"twitter:card\" content=\"summary_large_image\" \/>\n<meta name=\"twitter:creator\" content=\"@kuzeyinsesii\" \/>\n<meta name=\"twitter:site\" content=\"@kuzeyinsesii\" \/>\n<meta name=\"twitter:label1\" content=\"Yazan:\" \/>\n\t<meta name=\"twitter:data1\" content=\"Kuzeyin Sesi\" \/>\n\t<meta name=\"twitter:label2\" content=\"Tahmini okuma s\u00fcresi\" \/>\n\t<meta name=\"twitter:data2\" content=\"10 dakika\" \/>\n<script type=\"application\/ld+json\" class=\"yoast-schema-graph\">{\"@context\":\"https:\\\/\\\/schema.org\",\"@graph\":[{\"@type\":\"Article\",\"@id\":\"https:\\\/\\\/kuzeyinsesi.org\\\/index.php\\\/2026\\\/02\\\/24\\\/acik-ve-samimi-bir-toplanti-gerceklestirdik\\\/#article\",\"isPartOf\":{\"@id\":\"https:\\\/\\\/kuzeyinsesi.org\\\/index.php\\\/2026\\\/02\\\/24\\\/acik-ve-samimi-bir-toplanti-gerceklestirdik\\\/\"},\"author\":{\"name\":\"Kuzeyin Sesi\",\"@id\":\"https:\\\/\\\/kuzeyinsesi.org\\\/#\\\/schema\\\/person\\\/9f859689cdf01485597712386e37f5aa\"},\"headline\":\"A\u00e7\u0131k ve samimi bir toplant\u0131 ger\u00e7ekle\u015ftirdik\",\"datePublished\":\"2026-02-24T14:09:25+00:00\",\"mainEntityOfPage\":{\"@id\":\"https:\\\/\\\/kuzeyinsesi.org\\\/index.php\\\/2026\\\/02\\\/24\\\/acik-ve-samimi-bir-toplanti-gerceklestirdik\\\/\"},\"wordCount\":1943,\"commentCount\":0,\"image\":{\"@id\":\"https:\\\/\\\/kuzeyinsesi.org\\\/index.php\\\/2026\\\/02\\\/24\\\/acik-ve-samimi-bir-toplanti-gerceklestirdik\\\/#primaryimage\"},\"thumbnailUrl\":\"https:\\\/\\\/kuzeyinsesi.org\\\/wp-content\\\/uploads\\\/2026\\\/02\\\/IMG_7656-1.jpeg\",\"articleSection\":[\"K\u0131br\u0131s\"],\"inLanguage\":\"tr\",\"potentialAction\":[{\"@type\":\"CommentAction\",\"name\":\"Comment\",\"target\":[\"https:\\\/\\\/kuzeyinsesi.org\\\/index.php\\\/2026\\\/02\\\/24\\\/acik-ve-samimi-bir-toplanti-gerceklestirdik\\\/#respond\"]}]},{\"@type\":\"WebPage\",\"@id\":\"https:\\\/\\\/kuzeyinsesi.org\\\/index.php\\\/2026\\\/02\\\/24\\\/acik-ve-samimi-bir-toplanti-gerceklestirdik\\\/\",\"url\":\"https:\\\/\\\/kuzeyinsesi.org\\\/index.php\\\/2026\\\/02\\\/24\\\/acik-ve-samimi-bir-toplanti-gerceklestirdik\\\/\",\"name\":\"A\u00e7\u0131k ve samimi bir toplant\u0131 ger\u00e7ekle\u015ftirdik - Kuzeyin Sesi\",\"isPartOf\":{\"@id\":\"https:\\\/\\\/kuzeyinsesi.org\\\/#website\"},\"primaryImageOfPage\":{\"@id\":\"https:\\\/\\\/kuzeyinsesi.org\\\/index.php\\\/2026\\\/02\\\/24\\\/acik-ve-samimi-bir-toplanti-gerceklestirdik\\\/#primaryimage\"},\"image\":{\"@id\":\"https:\\\/\\\/kuzeyinsesi.org\\\/index.php\\\/2026\\\/02\\\/24\\\/acik-ve-samimi-bir-toplanti-gerceklestirdik\\\/#primaryimage\"},\"thumbnailUrl\":\"https:\\\/\\\/kuzeyinsesi.org\\\/wp-content\\\/uploads\\\/2026\\\/02\\\/IMG_7656-1.jpeg\",\"datePublished\":\"2026-02-24T14:09:25+00:00\",\"author\":{\"@id\":\"https:\\\/\\\/kuzeyinsesi.org\\\/#\\\/schema\\\/person\\\/9f859689cdf01485597712386e37f5aa\"},\"breadcrumb\":{\"@id\":\"https:\\\/\\\/kuzeyinsesi.org\\\/index.php\\\/2026\\\/02\\\/24\\\/acik-ve-samimi-bir-toplanti-gerceklestirdik\\\/#breadcrumb\"},\"inLanguage\":\"tr\",\"potentialAction\":[{\"@type\":\"ReadAction\",\"target\":[\"https:\\\/\\\/kuzeyinsesi.org\\\/index.php\\\/2026\\\/02\\\/24\\\/acik-ve-samimi-bir-toplanti-gerceklestirdik\\\/\"]}]},{\"@type\":\"ImageObject\",\"inLanguage\":\"tr\",\"@id\":\"https:\\\/\\\/kuzeyinsesi.org\\\/index.php\\\/2026\\\/02\\\/24\\\/acik-ve-samimi-bir-toplanti-gerceklestirdik\\\/#primaryimage\",\"url\":\"https:\\\/\\\/kuzeyinsesi.org\\\/wp-content\\\/uploads\\\/2026\\\/02\\\/IMG_7656-1.jpeg\",\"contentUrl\":\"https:\\\/\\\/kuzeyinsesi.org\\\/wp-content\\\/uploads\\\/2026\\\/02\\\/IMG_7656-1.jpeg\",\"width\":1500,\"height\":1000},{\"@type\":\"BreadcrumbList\",\"@id\":\"https:\\\/\\\/kuzeyinsesi.org\\\/index.php\\\/2026\\\/02\\\/24\\\/acik-ve-samimi-bir-toplanti-gerceklestirdik\\\/#breadcrumb\",\"itemListElement\":[{\"@type\":\"ListItem\",\"position\":1,\"name\":\"Anasayfa\",\"item\":\"https:\\\/\\\/kuzeyinsesi.org\\\/\"},{\"@type\":\"ListItem\",\"position\":2,\"name\":\"A\u00e7\u0131k ve samimi bir toplant\u0131 ger\u00e7ekle\u015ftirdik\"}]},{\"@type\":\"WebSite\",\"@id\":\"https:\\\/\\\/kuzeyinsesi.org\\\/#website\",\"url\":\"https:\\\/\\\/kuzeyinsesi.org\\\/\",\"name\":\"Kuzeyin Sesi\",\"description\":\"Do\u011fru Haberin Adresi\",\"potentialAction\":[{\"@type\":\"SearchAction\",\"target\":{\"@type\":\"EntryPoint\",\"urlTemplate\":\"https:\\\/\\\/kuzeyinsesi.org\\\/?s={search_term_string}\"},\"query-input\":{\"@type\":\"PropertyValueSpecification\",\"valueRequired\":true,\"valueName\":\"search_term_string\"}}],\"inLanguage\":\"tr\"},{\"@type\":\"Person\",\"@id\":\"https:\\\/\\\/kuzeyinsesi.org\\\/#\\\/schema\\\/person\\\/9f859689cdf01485597712386e37f5aa\",\"name\":\"Kuzeyin Sesi\",\"image\":{\"@type\":\"ImageObject\",\"inLanguage\":\"tr\",\"@id\":\"https:\\\/\\\/secure.gravatar.com\\\/avatar\\\/bab33852abfd8b282518d6ed81826833d77c3c882d9ab608add591ccace47a44?s=96&d=mm&r=g\",\"url\":\"https:\\\/\\\/secure.gravatar.com\\\/avatar\\\/bab33852abfd8b282518d6ed81826833d77c3c882d9ab608add591ccace47a44?s=96&d=mm&r=g\",\"contentUrl\":\"https:\\\/\\\/secure.gravatar.com\\\/avatar\\\/bab33852abfd8b282518d6ed81826833d77c3c882d9ab608add591ccace47a44?s=96&d=mm&r=g\",\"caption\":\"Kuzeyin Sesi\"},\"sameAs\":[\"https:\\\/\\\/kuzeyinsesi.org\"],\"url\":\"https:\\\/\\\/kuzeyinsesi.org\\\/index.php\\\/author\\\/guven\\\/\"}]}<\/script>\n<!-- \/ Yoast SEO plugin. -->","yoast_head_json":{"title":"A\u00e7\u0131k ve samimi bir toplant\u0131 ger\u00e7ekle\u015ftirdik - Kuzeyin Sesi","robots":{"index":"index","follow":"follow","max-snippet":"max-snippet:-1","max-image-preview":"max-image-preview:large","max-video-preview":"max-video-preview:-1"},"canonical":"https:\/\/kuzeyinsesi.org\/index.php\/2026\/02\/24\/acik-ve-samimi-bir-toplanti-gerceklestirdik\/","og_locale":"tr_TR","og_type":"article","og_title":"A\u00e7\u0131k ve samimi bir toplant\u0131 ger\u00e7ekle\u015ftirdik - Kuzeyin Sesi","og_description":"&nbsp; Cumhurba\u015fkan\u0131 Erh\u00fcrman, g\u00f6r\u00fc\u015fme sonras\u0131 Cumhurba\u015fkanl\u0131\u011f\u0131\u2019nda bas\u0131na yapt\u0131\u011f\u0131 a\u00e7\u0131klamada \u015funlar\u0131 kaydetti: \u201cYEN\u0130DEN B\u0130R ARAYA GELECE\u011e\u0130Z\u201d \u201cBug\u00fcn daha \u00f6nce yapt\u0131\u011f\u0131m\u0131z \u00f6neriden hareketle ilk defa K\u0131br\u0131sl\u0131 Rum Lider Nikos Hristodulidis ile ba\u015f ba\u015fa bir g\u00f6r\u00fc\u015fme ger\u00e7ekle\u015ftirdik. G\u00f6r\u00fc\u015fme tamamen ikimizin aras\u0131ndayd\u0131. A\u00e7\u0131k ve samimi bir toplant\u0131 oldu\u011funu s\u00f6ylemek istiyorum. G\u00fcven Yarat\u0131c\u0131 \u00d6nlemlerle ilgili \u00e7al\u0131\u015fmalar\u0131n hangi a\u015famada oldu\u011fu, hangi [&hellip;]","og_url":"https:\/\/kuzeyinsesi.org\/index.php\/2026\/02\/24\/acik-ve-samimi-bir-toplanti-gerceklestirdik\/","og_site_name":"Kuzeyin Sesi","article_publisher":"https:\/\/www.facebook.com\/kuzeyinsesii","article_published_time":"2026-02-24T14:09:25+00:00","author":"Kuzeyin Sesi","twitter_card":"summary_large_image","twitter_creator":"@kuzeyinsesii","twitter_site":"@kuzeyinsesii","twitter_misc":{"Yazan:":"Kuzeyin Sesi","Tahmini okuma s\u00fcresi":"10 dakika"},"schema":{"@context":"https:\/\/schema.org","@graph":[{"@type":"Article","@id":"https:\/\/kuzeyinsesi.org\/index.php\/2026\/02\/24\/acik-ve-samimi-bir-toplanti-gerceklestirdik\/#article","isPartOf":{"@id":"https:\/\/kuzeyinsesi.org\/index.php\/2026\/02\/24\/acik-ve-samimi-bir-toplanti-gerceklestirdik\/"},"author":{"name":"Kuzeyin Sesi","@id":"https:\/\/kuzeyinsesi.org\/#\/schema\/person\/9f859689cdf01485597712386e37f5aa"},"headline":"A\u00e7\u0131k ve samimi bir toplant\u0131 ger\u00e7ekle\u015ftirdik","datePublished":"2026-02-24T14:09:25+00:00","mainEntityOfPage":{"@id":"https:\/\/kuzeyinsesi.org\/index.php\/2026\/02\/24\/acik-ve-samimi-bir-toplanti-gerceklestirdik\/"},"wordCount":1943,"commentCount":0,"image":{"@id":"https:\/\/kuzeyinsesi.org\/index.php\/2026\/02\/24\/acik-ve-samimi-bir-toplanti-gerceklestirdik\/#primaryimage"},"thumbnailUrl":"https:\/\/kuzeyinsesi.org\/wp-content\/uploads\/2026\/02\/IMG_7656-1.jpeg","articleSection":["K\u0131br\u0131s"],"inLanguage":"tr","potentialAction":[{"@type":"CommentAction","name":"Comment","target":["https:\/\/kuzeyinsesi.org\/index.php\/2026\/02\/24\/acik-ve-samimi-bir-toplanti-gerceklestirdik\/#respond"]}]},{"@type":"WebPage","@id":"https:\/\/kuzeyinsesi.org\/index.php\/2026\/02\/24\/acik-ve-samimi-bir-toplanti-gerceklestirdik\/","url":"https:\/\/kuzeyinsesi.org\/index.php\/2026\/02\/24\/acik-ve-samimi-bir-toplanti-gerceklestirdik\/","name":"A\u00e7\u0131k ve samimi bir toplant\u0131 ger\u00e7ekle\u015ftirdik - Kuzeyin Sesi","isPartOf":{"@id":"https:\/\/kuzeyinsesi.org\/#website"},"primaryImageOfPage":{"@id":"https:\/\/kuzeyinsesi.org\/index.php\/2026\/02\/24\/acik-ve-samimi-bir-toplanti-gerceklestirdik\/#primaryimage"},"image":{"@id":"https:\/\/kuzeyinsesi.org\/index.php\/2026\/02\/24\/acik-ve-samimi-bir-toplanti-gerceklestirdik\/#primaryimage"},"thumbnailUrl":"https:\/\/kuzeyinsesi.org\/wp-content\/uploads\/2026\/02\/IMG_7656-1.jpeg","datePublished":"2026-02-24T14:09:25+00:00","author":{"@id":"https:\/\/kuzeyinsesi.org\/#\/schema\/person\/9f859689cdf01485597712386e37f5aa"},"breadcrumb":{"@id":"https:\/\/kuzeyinsesi.org\/index.php\/2026\/02\/24\/acik-ve-samimi-bir-toplanti-gerceklestirdik\/#breadcrumb"},"inLanguage":"tr","potentialAction":[{"@type":"ReadAction","target":["https:\/\/kuzeyinsesi.org\/index.php\/2026\/02\/24\/acik-ve-samimi-bir-toplanti-gerceklestirdik\/"]}]},{"@type":"ImageObject","inLanguage":"tr","@id":"https:\/\/kuzeyinsesi.org\/index.php\/2026\/02\/24\/acik-ve-samimi-bir-toplanti-gerceklestirdik\/#primaryimage","url":"https:\/\/kuzeyinsesi.org\/wp-content\/uploads\/2026\/02\/IMG_7656-1.jpeg","contentUrl":"https:\/\/kuzeyinsesi.org\/wp-content\/uploads\/2026\/02\/IMG_7656-1.jpeg","width":1500,"height":1000},{"@type":"BreadcrumbList","@id":"https:\/\/kuzeyinsesi.org\/index.php\/2026\/02\/24\/acik-ve-samimi-bir-toplanti-gerceklestirdik\/#breadcrumb","itemListElement":[{"@type":"ListItem","position":1,"name":"Anasayfa","item":"https:\/\/kuzeyinsesi.org\/"},{"@type":"ListItem","position":2,"name":"A\u00e7\u0131k ve samimi bir toplant\u0131 ger\u00e7ekle\u015ftirdik"}]},{"@type":"WebSite","@id":"https:\/\/kuzeyinsesi.org\/#website","url":"https:\/\/kuzeyinsesi.org\/","name":"Kuzeyin Sesi","description":"Do\u011fru Haberin Adresi","potentialAction":[{"@type":"SearchAction","target":{"@type":"EntryPoint","urlTemplate":"https:\/\/kuzeyinsesi.org\/?s={search_term_string}"},"query-input":{"@type":"PropertyValueSpecification","valueRequired":true,"valueName":"search_term_string"}}],"inLanguage":"tr"},{"@type":"Person","@id":"https:\/\/kuzeyinsesi.org\/#\/schema\/person\/9f859689cdf01485597712386e37f5aa","name":"Kuzeyin Sesi","image":{"@type":"ImageObject","inLanguage":"tr","@id":"https:\/\/secure.gravatar.com\/avatar\/bab33852abfd8b282518d6ed81826833d77c3c882d9ab608add591ccace47a44?s=96&d=mm&r=g","url":"https:\/\/secure.gravatar.com\/avatar\/bab33852abfd8b282518d6ed81826833d77c3c882d9ab608add591ccace47a44?s=96&d=mm&r=g","contentUrl":"https:\/\/secure.gravatar.com\/avatar\/bab33852abfd8b282518d6ed81826833d77c3c882d9ab608add591ccace47a44?s=96&d=mm&r=g","caption":"Kuzeyin Sesi"},"sameAs":["https:\/\/kuzeyinsesi.org"],"url":"https:\/\/kuzeyinsesi.org\/index.php\/author\/guven\/"}]}},"_links":{"self":[{"href":"https:\/\/kuzeyinsesi.org\/index.php\/wp-json\/wp\/v2\/posts\/35959","targetHints":{"allow":["GET"]}}],"collection":[{"href":"https:\/\/kuzeyinsesi.org\/index.php\/wp-json\/wp\/v2\/posts"}],"about":[{"href":"https:\/\/kuzeyinsesi.org\/index.php\/wp-json\/wp\/v2\/types\/post"}],"author":[{"embeddable":true,"href":"https:\/\/kuzeyinsesi.org\/index.php\/wp-json\/wp\/v2\/users\/1"}],"replies":[{"embeddable":true,"href":"https:\/\/kuzeyinsesi.org\/index.php\/wp-json\/wp\/v2\/comments?post=35959"}],"version-history":[{"count":0,"href":"https:\/\/kuzeyinsesi.org\/index.php\/wp-json\/wp\/v2\/posts\/35959\/revisions"}],"wp:featuredmedia":[{"embeddable":true,"href":"https:\/\/kuzeyinsesi.org\/index.php\/wp-json\/wp\/v2\/media\/35960"}],"wp:attachment":[{"href":"https:\/\/kuzeyinsesi.org\/index.php\/wp-json\/wp\/v2\/media?parent=35959"}],"wp:term":[{"taxonomy":"category","embeddable":true,"href":"https:\/\/kuzeyinsesi.org\/index.php\/wp-json\/wp\/v2\/categories?post=35959"},{"taxonomy":"post_tag","embeddable":true,"href":"https:\/\/kuzeyinsesi.org\/index.php\/wp-json\/wp\/v2\/tags?post=35959"}],"curies":[{"name":"wp","href":"https:\/\/api.w.org\/{rel}","templated":true}]}}