{"id":35952,"date":"2026-02-24T09:29:33","date_gmt":"2026-02-24T07:29:33","guid":{"rendered":"https:\/\/kuzeyinsesi.org\/index.php\/2026\/02\/24\/galatasaray-sampiyonlar-ligi-son-16-turu-icin-yarin-juventusa-konuk-olacak\/"},"modified":"2026-02-24T09:29:33","modified_gmt":"2026-02-24T07:29:33","slug":"galatasaray-sampiyonlar-ligi-son-16-turu-icin-yarin-juventusa-konuk-olacak","status":"publish","type":"post","link":"https:\/\/kuzeyinsesi.org\/index.php\/2026\/02\/24\/galatasaray-sampiyonlar-ligi-son-16-turu-icin-yarin-juventusa-konuk-olacak\/","title":{"rendered":"Galatasaray, \u015eampiyonlar Ligi son 16 turu i\u00e7in yar\u0131n Juventus&#039;a konuk olacak"},"content":{"rendered":"<p><\/p>\n<div>\n<p>&#13;<br \/>\n\tAllianz Stad\u0131&#8217;ndaki kar\u015f\u0131la\u015fma TS\u0130 23.00&#8217;te ba\u015flayacak. M\u00fccadeleyi <a href=\"https:\/\/www.trthaber.com\/etiket\/portekiz\/\" target=\"_blank\">Portekiz<\/a> Futbol Federasyonundan hakem Joao Pinheiro y\u00f6netecek.<\/p>\n<p>&#13;<br \/>\n\tSar\u0131-k\u0131rm\u0131z\u0131l\u0131lar, organizasyonun lig a\u015famas\u0131n\u0131 3 galibiyet, 1 beraberlik ve 4 ma\u011flubiyetle 20. s\u0131rada tamamlayarak son 16 play-off etab\u0131na y\u00fckseldi.<\/p>\n<p>&#13;<br \/>\n\tBu turun ilk ma\u00e7\u0131nda Juventus&#8217;u 5-2 yenen Galatasaray, r\u00f6van\u015f kar\u015f\u0131la\u015fmas\u0131nda her t\u00fcrl\u00fc galibiyet ve beraberli\u011fin yan\u0131 s\u0131ra 2 farkl\u0131 ma\u011flubiyet halinde &#8220;Devler Ligi&#8221;nde son 16 tak\u0131m aras\u0131na kalacak. \u00dc\u00e7 farkl\u0131 ma\u011flubiyette ma\u00e7 uzayacak, 4 veya daha farkl\u0131 yenilgide ise Juventus turu ge\u00e7ecek.<\/p>\n<p>&#13;<br \/>\n\tSar\u0131-k\u0131rm\u0131z\u0131l\u0131 ekip, son 16 turuna kalmas\u0131 durumunda <a href=\"https:\/\/www.trthaber.com\/etiket\/ingiltere\/\" target=\"_blank\">\u0130ngiltere<\/a> ekiplerinden <a href=\"https:\/\/www.trthaber.com\/etiket\/liverpool\/\" target=\"_blank\">Liverpool<\/a> veya Tottenham ile e\u015fle\u015fecek.<\/p>\n<h2>&#13;<br \/>\n\tGalatasaray&#8217;da eksikler<\/h2>\n<p>&#13;<br \/>\n\tGalatasaray&#8217;da \u00fc\u00e7 futbolcu stat\u00fc gere\u011fi forma giyemeyecek.<\/p>\n<p>&#13;<br \/>\n\tArda \u00dcnyay, Renato Nhaga ve Can Armando G\u00fcner, UEFA&#8217;ya bildirilen kadroda yer almad\u0131\u011f\u0131 i\u00e7in yar\u0131nki ma\u00e7ta oynayamayacak.<\/p>\n<h2>&#13;<br \/>\n\tD\u00f6rt oyuncu s\u0131n\u0131rda<\/h2>\n<p>&#13;<br \/>\n\tGalatasaray&#8217;da d\u00f6rt futbolcu sar\u0131 kart ceza s\u0131n\u0131r\u0131nda bulunuyor.<\/p>\n<p>&#13;<br \/>\n\tSenegalli Ismail Jakobs, Kolombiyal\u0131 Davinson Sanchez, Hollandal\u0131 Noa Lang ve Abd\u00fclkerim Bardakc\u0131, yar\u0131n sar\u0131 kart g\u00f6rmeleri halinde sonraki turun ilk ma\u00e7\u0131nda forma giyemeyecek.<\/p>\n<h2>&#13;<br \/>\n\t<a href=\"https:\/\/www.trthaber.com\/etiket\/konyaspor\/\" target=\"_blank\">Konyaspor<\/a> ma\u011flubiyetini unutturmak istiyor<\/h2>\n<p>&#13;<br \/>\n\tGalatasaray, ge\u00e7en hafta sonu Trendyol S\u00fcper Lig&#8217;de T\u00dcMOSAN Konyaspor&#8217;a 2-0 kaybetti\u011fi ma\u00e7\u0131n ard\u0131ndan moral bulmaya \u00e7al\u0131\u015facak.<\/p>\n<p>&#13;<br \/>\n\tSar\u0131-k\u0131rm\u0131z\u0131l\u0131lar, Konyaspor yenilgisinin ard\u0131ndan Juventus kar\u015f\u0131s\u0131nda turu ge\u00e7erek, \u00e7\u0131k\u0131\u015fa ge\u00e7meyi ama\u00e7l\u0131yor.<\/p>\n<h2>&#13;<br \/>\n\tMario Lemina eski tak\u0131m\u0131na kar\u015f\u0131<\/h2>\n<p>&#13;<br \/>\n\tGalatasaray&#8217;\u0131n Gabonlu orta saha oyuncusu Mario Lemina, yar\u0131n eski tak\u0131m\u0131na kar\u015f\u0131 oynayabilir.<\/p>\n<p>&#13;<br \/>\n\tSar\u0131 kart cezas\u0131 nedeniyle ilk ma\u00e7ta oynayamayan Lemina, yar\u0131n teknik direkt\u00f6r Okan Buruk&#8217;un g\u00f6rev vermesi durumunda eski tak\u0131m\u0131na kar\u015f\u0131 forma giyecek.<\/p>\n<p>&#13;<br \/>\n\tJuventus&#8217;ta 2015-2017 y\u0131llar\u0131 aras\u0131nda forma giyen Lemina, <a href=\"https:\/\/www.trthaber.com\/etiket\/italya\/\" target=\"_blank\">\u0130talya<\/a> ekibinde g\u00f6rev ald\u0131\u011f\u0131 42 ma\u00e7ta 3 gol att\u0131.<\/p>\n<h2>&#13;<br \/>\n\t12 senenin ard\u0131ndan son 16<\/h2>\n<p>&#13;<br \/>\n\tGalatasaray, yar\u0131n turu atlamas\u0131 halinde 12 sezon sonra yine bir Juventus zaferiyle <a href=\"https:\/\/www.trthaber.com\/etiket\/uefa\/\" target=\"_blank\">UEFA<\/a> \u015eampiyonlar Ligi&#8217;nde son 16 tak\u0131m aras\u0131na girecek.<\/p>\n<p>&#13;<br \/>\n\tSar\u0131-k\u0131rm\u0131z\u0131l\u0131 ekip, &#8220;Devler Ligi&#8221;nin 2013-2014 sezonunda <a href=\"https:\/\/www.trthaber.com\/etiket\/ispanya\/\" target=\"_blank\">\u0130spanya<\/a> devi Real Madrid, Juventus ve <a href=\"https:\/\/www.trthaber.com\/etiket\/danimarka\/\" target=\"_blank\">Danimarka<\/a> temsilcisi Kopenhag ile B Grubu&#8217;nda m\u00fccadele etti.<\/p>\n<p>&#13;<br \/>\n\tGrubun son haftas\u0131nda <a href=\"https:\/\/www.trthaber.com\/etiket\/kar-yagisi\/\" target=\"_blank\">kar ya\u011f\u0131\u015f\u0131<\/a> sebebiyle iki g\u00fcn s\u00fcren ma\u00e7ta Juventus&#8217;u i\u00e7 sahada 1-0&#8217;la ge\u00e7en Galatasaray, \u0130talya temsilcisinin \u00f6n\u00fcne ge\u00e7erek ikinci s\u0131ray\u0131 ald\u0131.<\/p>\n<p>&#13;<br \/>\n\tSar\u0131-k\u0131rm\u0131z\u0131l\u0131lar, s\u00f6z konusu sezonun grup a\u015famas\u0131n\u0131 2. s\u0131rada bitirdikten sonra son 16 turunda \u0130ngiltere&#8217;den Chelsea&#8217;ye elendi.<\/p>\n<\/p><\/div>\n","protected":false},"excerpt":{"rendered":"<p>&#13; Allianz Stad\u0131&#8217;ndaki kar\u015f\u0131la\u015fma TS\u0130 23.00&#8217;te ba\u015flayacak. M\u00fccadeleyi Portekiz Futbol Federasyonundan hakem Joao Pinheiro y\u00f6netecek. &#13; Sar\u0131-k\u0131rm\u0131z\u0131l\u0131lar, organizasyonun lig a\u015famas\u0131n\u0131 3 galibiyet, 1 beraberlik ve 4 ma\u011flubiyetle 20. s\u0131rada tamamlayarak son 16 play-off etab\u0131na y\u00fckseldi. &#13; Bu turun ilk ma\u00e7\u0131nda Juventus&#8217;u 5-2 yenen Galatasaray, r\u00f6van\u015f kar\u015f\u0131la\u015fmas\u0131nda her t\u00fcrl\u00fc galibiyet ve beraberli\u011fin yan\u0131 s\u0131ra 2 farkl\u0131 [&hellip;]<\/p>\n","protected":false},"author":1,"featured_media":35714,"comment_status":"open","ping_status":"open","sticky":false,"template":"","format":"standard","meta":{"jnews-multi-image_gallery":[],"jnews_single_post":[],"jnews_primary_category":[],"jnews_social_meta":[],"jnews_override_counter":[],"footnotes":""},"categories":[4],"tags":[],"class_list":["post-35952","post","type-post","status-publish","format-standard","has-post-thumbnail","hentry","category-spor"],"yoast_head":"<!-- This site is optimized with the Yoast SEO plugin v27.5 - https:\/\/yoast.com\/product\/yoast-seo-wordpress\/ -->\n<title>Galatasaray, \u015eampiyonlar Ligi son 16 turu i\u00e7in yar\u0131n Juventus&#039;a konuk olacak - Kuzeyin Sesi<\/title>\n<meta name=\"robots\" content=\"index, follow, max-snippet:-1, max-image-preview:large, max-video-preview:-1\" \/>\n<link rel=\"canonical\" href=\"https:\/\/kuzeyinsesi.org\/index.php\/2026\/02\/24\/galatasaray-sampiyonlar-ligi-son-16-turu-icin-yarin-juventusa-konuk-olacak\/\" \/>\n<meta property=\"og:locale\" content=\"tr_TR\" \/>\n<meta property=\"og:type\" content=\"article\" \/>\n<meta property=\"og:title\" content=\"Galatasaray, \u015eampiyonlar Ligi son 16 turu i\u00e7in yar\u0131n Juventus&#039;a konuk olacak - Kuzeyin Sesi\" \/>\n<meta property=\"og:description\" content=\"&#013; Allianz Stad\u0131&#8217;ndaki kar\u015f\u0131la\u015fma TS\u0130 23.00&#8217;te ba\u015flayacak. M\u00fccadeleyi Portekiz Futbol Federasyonundan hakem Joao Pinheiro y\u00f6netecek. &#013; Sar\u0131-k\u0131rm\u0131z\u0131l\u0131lar, organizasyonun lig a\u015famas\u0131n\u0131 3 galibiyet, 1 beraberlik ve 4 ma\u011flubiyetle 20. s\u0131rada tamamlayarak son 16 play-off etab\u0131na y\u00fckseldi. &#013; Bu turun ilk ma\u00e7\u0131nda Juventus&#8217;u 5-2 yenen Galatasaray, r\u00f6van\u015f kar\u015f\u0131la\u015fmas\u0131nda her t\u00fcrl\u00fc galibiyet ve beraberli\u011fin yan\u0131 s\u0131ra 2 farkl\u0131 [&hellip;]\" \/>\n<meta property=\"og:url\" content=\"https:\/\/kuzeyinsesi.org\/index.php\/2026\/02\/24\/galatasaray-sampiyonlar-ligi-son-16-turu-icin-yarin-juventusa-konuk-olacak\/\" \/>\n<meta property=\"og:site_name\" content=\"Kuzeyin Sesi\" \/>\n<meta property=\"article:publisher\" content=\"https:\/\/www.facebook.com\/kuzeyinsesii\" \/>\n<meta property=\"article:published_time\" content=\"2026-02-24T07:29:33+00:00\" \/>\n<meta property=\"og:image\" content=\"https:\/\/trthaberstatic.cdn.wp.trt.com.tr\/resimler\/2438000\/galatasarayaa-2439496.jpg\" \/>\n<meta name=\"author\" content=\"Kuzeyin Sesi\" \/>\n<meta name=\"twitter:card\" content=\"summary_large_image\" \/>\n<meta name=\"twitter:creator\" content=\"@kuzeyinsesii\" \/>\n<meta name=\"twitter:site\" content=\"@kuzeyinsesii\" \/>\n<meta name=\"twitter:label1\" content=\"Yazan:\" \/>\n\t<meta name=\"twitter:data1\" content=\"Kuzeyin Sesi\" \/>\n\t<meta name=\"twitter:label2\" content=\"Tahmini okuma s\u00fcresi\" \/>\n\t<meta name=\"twitter:data2\" content=\"2 dakika\" \/>\n<script type=\"application\/ld+json\" class=\"yoast-schema-graph\">{\"@context\":\"https:\\\/\\\/schema.org\",\"@graph\":[{\"@type\":\"Article\",\"@id\":\"https:\\\/\\\/kuzeyinsesi.org\\\/index.php\\\/2026\\\/02\\\/24\\\/galatasaray-sampiyonlar-ligi-son-16-turu-icin-yarin-juventusa-konuk-olacak\\\/#article\",\"isPartOf\":{\"@id\":\"https:\\\/\\\/kuzeyinsesi.org\\\/index.php\\\/2026\\\/02\\\/24\\\/galatasaray-sampiyonlar-ligi-son-16-turu-icin-yarin-juventusa-konuk-olacak\\\/\"},\"author\":{\"name\":\"Kuzeyin Sesi\",\"@id\":\"https:\\\/\\\/kuzeyinsesi.org\\\/#\\\/schema\\\/person\\\/9f859689cdf01485597712386e37f5aa\"},\"headline\":\"Galatasaray, \u015eampiyonlar Ligi son 16 turu i\u00e7in yar\u0131n Juventus&#039;a konuk olacak\",\"datePublished\":\"2026-02-24T07:29:33+00:00\",\"mainEntityOfPage\":{\"@id\":\"https:\\\/\\\/kuzeyinsesi.org\\\/index.php\\\/2026\\\/02\\\/24\\\/galatasaray-sampiyonlar-ligi-son-16-turu-icin-yarin-juventusa-konuk-olacak\\\/\"},\"wordCount\":444,\"commentCount\":0,\"image\":{\"@id\":\"https:\\\/\\\/kuzeyinsesi.org\\\/index.php\\\/2026\\\/02\\\/24\\\/galatasaray-sampiyonlar-ligi-son-16-turu-icin-yarin-juventusa-konuk-olacak\\\/#primaryimage\"},\"thumbnailUrl\":\"https:\\\/\\\/kuzeyinsesi.org\\\/wp-content\\\/uploads\\\/2026\\\/02\\\/galatasarayaa-2439496.jpg\",\"articleSection\":[\"Spor\"],\"inLanguage\":\"tr\",\"potentialAction\":[{\"@type\":\"CommentAction\",\"name\":\"Comment\",\"target\":[\"https:\\\/\\\/kuzeyinsesi.org\\\/index.php\\\/2026\\\/02\\\/24\\\/galatasaray-sampiyonlar-ligi-son-16-turu-icin-yarin-juventusa-konuk-olacak\\\/#respond\"]}]},{\"@type\":\"WebPage\",\"@id\":\"https:\\\/\\\/kuzeyinsesi.org\\\/index.php\\\/2026\\\/02\\\/24\\\/galatasaray-sampiyonlar-ligi-son-16-turu-icin-yarin-juventusa-konuk-olacak\\\/\",\"url\":\"https:\\\/\\\/kuzeyinsesi.org\\\/index.php\\\/2026\\\/02\\\/24\\\/galatasaray-sampiyonlar-ligi-son-16-turu-icin-yarin-juventusa-konuk-olacak\\\/\",\"name\":\"Galatasaray, \u015eampiyonlar Ligi son 16 turu i\u00e7in yar\u0131n Juventus&#039;a konuk olacak - Kuzeyin Sesi\",\"isPartOf\":{\"@id\":\"https:\\\/\\\/kuzeyinsesi.org\\\/#website\"},\"primaryImageOfPage\":{\"@id\":\"https:\\\/\\\/kuzeyinsesi.org\\\/index.php\\\/2026\\\/02\\\/24\\\/galatasaray-sampiyonlar-ligi-son-16-turu-icin-yarin-juventusa-konuk-olacak\\\/#primaryimage\"},\"image\":{\"@id\":\"https:\\\/\\\/kuzeyinsesi.org\\\/index.php\\\/2026\\\/02\\\/24\\\/galatasaray-sampiyonlar-ligi-son-16-turu-icin-yarin-juventusa-konuk-olacak\\\/#primaryimage\"},\"thumbnailUrl\":\"https:\\\/\\\/kuzeyinsesi.org\\\/wp-content\\\/uploads\\\/2026\\\/02\\\/galatasarayaa-2439496.jpg\",\"datePublished\":\"2026-02-24T07:29:33+00:00\",\"author\":{\"@id\":\"https:\\\/\\\/kuzeyinsesi.org\\\/#\\\/schema\\\/person\\\/9f859689cdf01485597712386e37f5aa\"},\"breadcrumb\":{\"@id\":\"https:\\\/\\\/kuzeyinsesi.org\\\/index.php\\\/2026\\\/02\\\/24\\\/galatasaray-sampiyonlar-ligi-son-16-turu-icin-yarin-juventusa-konuk-olacak\\\/#breadcrumb\"},\"inLanguage\":\"tr\",\"potentialAction\":[{\"@type\":\"ReadAction\",\"target\":[\"https:\\\/\\\/kuzeyinsesi.org\\\/index.php\\\/2026\\\/02\\\/24\\\/galatasaray-sampiyonlar-ligi-son-16-turu-icin-yarin-juventusa-konuk-olacak\\\/\"]}]},{\"@type\":\"ImageObject\",\"inLanguage\":\"tr\",\"@id\":\"https:\\\/\\\/kuzeyinsesi.org\\\/index.php\\\/2026\\\/02\\\/24\\\/galatasaray-sampiyonlar-ligi-son-16-turu-icin-yarin-juventusa-konuk-olacak\\\/#primaryimage\",\"url\":\"https:\\\/\\\/kuzeyinsesi.org\\\/wp-content\\\/uploads\\\/2026\\\/02\\\/galatasarayaa-2439496.jpg\",\"contentUrl\":\"https:\\\/\\\/kuzeyinsesi.org\\\/wp-content\\\/uploads\\\/2026\\\/02\\\/galatasarayaa-2439496.jpg\",\"width\":1280,\"height\":720},{\"@type\":\"BreadcrumbList\",\"@id\":\"https:\\\/\\\/kuzeyinsesi.org\\\/index.php\\\/2026\\\/02\\\/24\\\/galatasaray-sampiyonlar-ligi-son-16-turu-icin-yarin-juventusa-konuk-olacak\\\/#breadcrumb\",\"itemListElement\":[{\"@type\":\"ListItem\",\"position\":1,\"name\":\"Anasayfa\",\"item\":\"https:\\\/\\\/kuzeyinsesi.org\\\/\"},{\"@type\":\"ListItem\",\"position\":2,\"name\":\"Galatasaray, \u015eampiyonlar Ligi son 16 turu i\u00e7in yar\u0131n Juventus&#039;a konuk olacak\"}]},{\"@type\":\"WebSite\",\"@id\":\"https:\\\/\\\/kuzeyinsesi.org\\\/#website\",\"url\":\"https:\\\/\\\/kuzeyinsesi.org\\\/\",\"name\":\"Kuzeyin Sesi\",\"description\":\"Do\u011fru Haberin Adresi\",\"potentialAction\":[{\"@type\":\"SearchAction\",\"target\":{\"@type\":\"EntryPoint\",\"urlTemplate\":\"https:\\\/\\\/kuzeyinsesi.org\\\/?s={search_term_string}\"},\"query-input\":{\"@type\":\"PropertyValueSpecification\",\"valueRequired\":true,\"valueName\":\"search_term_string\"}}],\"inLanguage\":\"tr\"},{\"@type\":\"Person\",\"@id\":\"https:\\\/\\\/kuzeyinsesi.org\\\/#\\\/schema\\\/person\\\/9f859689cdf01485597712386e37f5aa\",\"name\":\"Kuzeyin Sesi\",\"image\":{\"@type\":\"ImageObject\",\"inLanguage\":\"tr\",\"@id\":\"https:\\\/\\\/secure.gravatar.com\\\/avatar\\\/bab33852abfd8b282518d6ed81826833d77c3c882d9ab608add591ccace47a44?s=96&d=mm&r=g\",\"url\":\"https:\\\/\\\/secure.gravatar.com\\\/avatar\\\/bab33852abfd8b282518d6ed81826833d77c3c882d9ab608add591ccace47a44?s=96&d=mm&r=g\",\"contentUrl\":\"https:\\\/\\\/secure.gravatar.com\\\/avatar\\\/bab33852abfd8b282518d6ed81826833d77c3c882d9ab608add591ccace47a44?s=96&d=mm&r=g\",\"caption\":\"Kuzeyin Sesi\"},\"sameAs\":[\"https:\\\/\\\/kuzeyinsesi.org\"],\"url\":\"https:\\\/\\\/kuzeyinsesi.org\\\/index.php\\\/author\\\/guven\\\/\"}]}<\/script>\n<!-- \/ Yoast SEO plugin. -->","yoast_head_json":{"title":"Galatasaray, \u015eampiyonlar Ligi son 16 turu i\u00e7in yar\u0131n Juventus&#039;a konuk olacak - Kuzeyin Sesi","robots":{"index":"index","follow":"follow","max-snippet":"max-snippet:-1","max-image-preview":"max-image-preview:large","max-video-preview":"max-video-preview:-1"},"canonical":"https:\/\/kuzeyinsesi.org\/index.php\/2026\/02\/24\/galatasaray-sampiyonlar-ligi-son-16-turu-icin-yarin-juventusa-konuk-olacak\/","og_locale":"tr_TR","og_type":"article","og_title":"Galatasaray, \u015eampiyonlar Ligi son 16 turu i\u00e7in yar\u0131n Juventus&#039;a konuk olacak - Kuzeyin Sesi","og_description":"&#13; Allianz Stad\u0131&#8217;ndaki kar\u015f\u0131la\u015fma TS\u0130 23.00&#8217;te ba\u015flayacak. M\u00fccadeleyi Portekiz Futbol Federasyonundan hakem Joao Pinheiro y\u00f6netecek. &#13; Sar\u0131-k\u0131rm\u0131z\u0131l\u0131lar, organizasyonun lig a\u015famas\u0131n\u0131 3 galibiyet, 1 beraberlik ve 4 ma\u011flubiyetle 20. s\u0131rada tamamlayarak son 16 play-off etab\u0131na y\u00fckseldi. &#13; Bu turun ilk ma\u00e7\u0131nda Juventus&#8217;u 5-2 yenen Galatasaray, r\u00f6van\u015f kar\u015f\u0131la\u015fmas\u0131nda her t\u00fcrl\u00fc galibiyet ve beraberli\u011fin yan\u0131 s\u0131ra 2 farkl\u0131 [&hellip;]","og_url":"https:\/\/kuzeyinsesi.org\/index.php\/2026\/02\/24\/galatasaray-sampiyonlar-ligi-son-16-turu-icin-yarin-juventusa-konuk-olacak\/","og_site_name":"Kuzeyin Sesi","article_publisher":"https:\/\/www.facebook.com\/kuzeyinsesii","article_published_time":"2026-02-24T07:29:33+00:00","og_image":[{"url":"https:\/\/trthaberstatic.cdn.wp.trt.com.tr\/resimler\/2438000\/galatasarayaa-2439496.jpg","type":"","width":"","height":""}],"author":"Kuzeyin Sesi","twitter_card":"summary_large_image","twitter_creator":"@kuzeyinsesii","twitter_site":"@kuzeyinsesii","twitter_misc":{"Yazan:":"Kuzeyin Sesi","Tahmini okuma s\u00fcresi":"2 dakika"},"schema":{"@context":"https:\/\/schema.org","@graph":[{"@type":"Article","@id":"https:\/\/kuzeyinsesi.org\/index.php\/2026\/02\/24\/galatasaray-sampiyonlar-ligi-son-16-turu-icin-yarin-juventusa-konuk-olacak\/#article","isPartOf":{"@id":"https:\/\/kuzeyinsesi.org\/index.php\/2026\/02\/24\/galatasaray-sampiyonlar-ligi-son-16-turu-icin-yarin-juventusa-konuk-olacak\/"},"author":{"name":"Kuzeyin Sesi","@id":"https:\/\/kuzeyinsesi.org\/#\/schema\/person\/9f859689cdf01485597712386e37f5aa"},"headline":"Galatasaray, \u015eampiyonlar Ligi son 16 turu i\u00e7in yar\u0131n Juventus&#039;a konuk olacak","datePublished":"2026-02-24T07:29:33+00:00","mainEntityOfPage":{"@id":"https:\/\/kuzeyinsesi.org\/index.php\/2026\/02\/24\/galatasaray-sampiyonlar-ligi-son-16-turu-icin-yarin-juventusa-konuk-olacak\/"},"wordCount":444,"commentCount":0,"image":{"@id":"https:\/\/kuzeyinsesi.org\/index.php\/2026\/02\/24\/galatasaray-sampiyonlar-ligi-son-16-turu-icin-yarin-juventusa-konuk-olacak\/#primaryimage"},"thumbnailUrl":"https:\/\/kuzeyinsesi.org\/wp-content\/uploads\/2026\/02\/galatasarayaa-2439496.jpg","articleSection":["Spor"],"inLanguage":"tr","potentialAction":[{"@type":"CommentAction","name":"Comment","target":["https:\/\/kuzeyinsesi.org\/index.php\/2026\/02\/24\/galatasaray-sampiyonlar-ligi-son-16-turu-icin-yarin-juventusa-konuk-olacak\/#respond"]}]},{"@type":"WebPage","@id":"https:\/\/kuzeyinsesi.org\/index.php\/2026\/02\/24\/galatasaray-sampiyonlar-ligi-son-16-turu-icin-yarin-juventusa-konuk-olacak\/","url":"https:\/\/kuzeyinsesi.org\/index.php\/2026\/02\/24\/galatasaray-sampiyonlar-ligi-son-16-turu-icin-yarin-juventusa-konuk-olacak\/","name":"Galatasaray, \u015eampiyonlar Ligi son 16 turu i\u00e7in yar\u0131n Juventus&#039;a konuk olacak - Kuzeyin Sesi","isPartOf":{"@id":"https:\/\/kuzeyinsesi.org\/#website"},"primaryImageOfPage":{"@id":"https:\/\/kuzeyinsesi.org\/index.php\/2026\/02\/24\/galatasaray-sampiyonlar-ligi-son-16-turu-icin-yarin-juventusa-konuk-olacak\/#primaryimage"},"image":{"@id":"https:\/\/kuzeyinsesi.org\/index.php\/2026\/02\/24\/galatasaray-sampiyonlar-ligi-son-16-turu-icin-yarin-juventusa-konuk-olacak\/#primaryimage"},"thumbnailUrl":"https:\/\/kuzeyinsesi.org\/wp-content\/uploads\/2026\/02\/galatasarayaa-2439496.jpg","datePublished":"2026-02-24T07:29:33+00:00","author":{"@id":"https:\/\/kuzeyinsesi.org\/#\/schema\/person\/9f859689cdf01485597712386e37f5aa"},"breadcrumb":{"@id":"https:\/\/kuzeyinsesi.org\/index.php\/2026\/02\/24\/galatasaray-sampiyonlar-ligi-son-16-turu-icin-yarin-juventusa-konuk-olacak\/#breadcrumb"},"inLanguage":"tr","potentialAction":[{"@type":"ReadAction","target":["https:\/\/kuzeyinsesi.org\/index.php\/2026\/02\/24\/galatasaray-sampiyonlar-ligi-son-16-turu-icin-yarin-juventusa-konuk-olacak\/"]}]},{"@type":"ImageObject","inLanguage":"tr","@id":"https:\/\/kuzeyinsesi.org\/index.php\/2026\/02\/24\/galatasaray-sampiyonlar-ligi-son-16-turu-icin-yarin-juventusa-konuk-olacak\/#primaryimage","url":"https:\/\/kuzeyinsesi.org\/wp-content\/uploads\/2026\/02\/galatasarayaa-2439496.jpg","contentUrl":"https:\/\/kuzeyinsesi.org\/wp-content\/uploads\/2026\/02\/galatasarayaa-2439496.jpg","width":1280,"height":720},{"@type":"BreadcrumbList","@id":"https:\/\/kuzeyinsesi.org\/index.php\/2026\/02\/24\/galatasaray-sampiyonlar-ligi-son-16-turu-icin-yarin-juventusa-konuk-olacak\/#breadcrumb","itemListElement":[{"@type":"ListItem","position":1,"name":"Anasayfa","item":"https:\/\/kuzeyinsesi.org\/"},{"@type":"ListItem","position":2,"name":"Galatasaray, \u015eampiyonlar Ligi son 16 turu i\u00e7in yar\u0131n Juventus&#039;a konuk olacak"}]},{"@type":"WebSite","@id":"https:\/\/kuzeyinsesi.org\/#website","url":"https:\/\/kuzeyinsesi.org\/","name":"Kuzeyin Sesi","description":"Do\u011fru Haberin Adresi","potentialAction":[{"@type":"SearchAction","target":{"@type":"EntryPoint","urlTemplate":"https:\/\/kuzeyinsesi.org\/?s={search_term_string}"},"query-input":{"@type":"PropertyValueSpecification","valueRequired":true,"valueName":"search_term_string"}}],"inLanguage":"tr"},{"@type":"Person","@id":"https:\/\/kuzeyinsesi.org\/#\/schema\/person\/9f859689cdf01485597712386e37f5aa","name":"Kuzeyin Sesi","image":{"@type":"ImageObject","inLanguage":"tr","@id":"https:\/\/secure.gravatar.com\/avatar\/bab33852abfd8b282518d6ed81826833d77c3c882d9ab608add591ccace47a44?s=96&d=mm&r=g","url":"https:\/\/secure.gravatar.com\/avatar\/bab33852abfd8b282518d6ed81826833d77c3c882d9ab608add591ccace47a44?s=96&d=mm&r=g","contentUrl":"https:\/\/secure.gravatar.com\/avatar\/bab33852abfd8b282518d6ed81826833d77c3c882d9ab608add591ccace47a44?s=96&d=mm&r=g","caption":"Kuzeyin Sesi"},"sameAs":["https:\/\/kuzeyinsesi.org"],"url":"https:\/\/kuzeyinsesi.org\/index.php\/author\/guven\/"}]}},"_links":{"self":[{"href":"https:\/\/kuzeyinsesi.org\/index.php\/wp-json\/wp\/v2\/posts\/35952","targetHints":{"allow":["GET"]}}],"collection":[{"href":"https:\/\/kuzeyinsesi.org\/index.php\/wp-json\/wp\/v2\/posts"}],"about":[{"href":"https:\/\/kuzeyinsesi.org\/index.php\/wp-json\/wp\/v2\/types\/post"}],"author":[{"embeddable":true,"href":"https:\/\/kuzeyinsesi.org\/index.php\/wp-json\/wp\/v2\/users\/1"}],"replies":[{"embeddable":true,"href":"https:\/\/kuzeyinsesi.org\/index.php\/wp-json\/wp\/v2\/comments?post=35952"}],"version-history":[{"count":0,"href":"https:\/\/kuzeyinsesi.org\/index.php\/wp-json\/wp\/v2\/posts\/35952\/revisions"}],"wp:featuredmedia":[{"embeddable":true,"href":"https:\/\/kuzeyinsesi.org\/index.php\/wp-json\/wp\/v2\/media\/35714"}],"wp:attachment":[{"href":"https:\/\/kuzeyinsesi.org\/index.php\/wp-json\/wp\/v2\/media?parent=35952"}],"wp:term":[{"taxonomy":"category","embeddable":true,"href":"https:\/\/kuzeyinsesi.org\/index.php\/wp-json\/wp\/v2\/categories?post=35952"},{"taxonomy":"post_tag","embeddable":true,"href":"https:\/\/kuzeyinsesi.org\/index.php\/wp-json\/wp\/v2\/tags?post=35952"}],"curies":[{"name":"wp","href":"https:\/\/api.w.org\/{rel}","templated":true}]}}