{"id":3595,"date":"2024-05-28T17:47:08","date_gmt":"2024-05-28T14:47:08","guid":{"rendered":"https:\/\/kuzeyinsesi.com\/index.php\/2024\/05\/28\/azerbaycanda-kultur-dairesi-koordinasyonuyla-kktc-gunu-duzenleniyor\/"},"modified":"2024-05-28T17:47:08","modified_gmt":"2024-05-28T14:47:08","slug":"azerbaycanda-kultur-dairesi-koordinasyonuyla-kktc-gunu-duzenleniyor","status":"publish","type":"post","link":"https:\/\/kuzeyinsesi.org\/index.php\/2024\/05\/28\/azerbaycanda-kultur-dairesi-koordinasyonuyla-kktc-gunu-duzenleniyor\/","title":{"rendered":"Azerbaycan\u2019da, K\u00fclt\u00fcr Dairesi koordinasyonuyla \u201cKKTC G\u00fcn\u00fc\u201d d\u00fczenleniyor"},"content":{"rendered":"<div>\n<div class=\"mariselle-image-container none\">\n                                            <\/div>\n<p>Ba\u015fbakan Yard\u0131mc\u0131l\u0131\u011f\u0131, Turizm, K\u00fclt\u00fcr, Gen\u00e7lik ve \u00c7evre Bakanl\u0131\u011f\u0131\u2019na ba\u011fl\u0131 K\u00fclt\u00fcr Dairesi koordinasyonuyla Azerbaycan\u2019da \u201cKKTC G\u00fcn\u00fc\u201d d\u00fczenleniyor.<\/p>\n<p>K\u00fclt\u00fcr Dairesi\u2019nden verilen bilgiye g\u00f6re, \u201cIII. T\u00fcrk D\u00fcnyas\u0131 Edebiyat ve Kitap Festivali\u201d kapsam\u0131nda d\u00fczenlenecek \u201cKKTC G\u00fcn\u00fc\u201d 31 May\u0131s tarihinde yap\u0131lacak.<\/p>\n<p>Festival kapsam\u0131ndaki \u201cKKTC G\u00fcn\u00fc\u201dnde, K\u0131br\u0131s T\u00fcrk m\u00fczi\u011fi ve \u015fiirlerinden \u00f6rnekler sunacak olan Karikat\u00fcrist ve M\u00fczisyen Mustafa Tozak\u0131, Cumhurba\u015fkan\u0131 \u00d6zel Kalem M\u00fcd\u00fcr\u00fc ve Yazar Dr. \u00c7a\u011f\u0131n Zort ile K\u00fclt\u00fcr Dairesi Personeli ve M\u00fczisyen Halil \u015eahk\u0131n, K\u00fclt\u00fcr Dairesi M\u00fcd\u00fcr\u00fc \u015eirin Zafery\u0131ld\u0131z\u0131 Zaima\u011fao\u011flu\u2019nu ziyaret etti.<\/p>\n<p>Festivale kat\u0131lmak amac\u0131yla yar\u0131n Azerbaycan\u2019a gidecek olan KKTC heyeti, ziyarette, K\u00fclt\u00fcr Dairesi M\u00fcd\u00fcr\u00fc \u015eirin Zafery\u0131ld\u0131z\u0131 Zaima\u011fao\u011flu\u2019na, KKTC G\u00fcn\u00fc\u2019nde icra edecekleri \u015fark\u0131lar ve seslendirecekleri \u015fiirler hakk\u0131nda bilgi verip g\u00f6r\u00fc\u015f al\u0131\u015f veri\u015finde bulundu.<\/p>\n<p>\u201cKKTC G\u00fcn\u00fc\u201d kapsam\u0131nda Bak\u00fc Fuar Alan\u0131\u2019nda g\u00fcn boyu karikat\u00fcr \u00e7izecek olan Mustafa Tozak\u0131\u2019n\u0131n ve Halil \u015eahk\u0131n\u2019\u0131n birlikte sunacaklar\u0131 m\u00fczik dinletisinin ard\u0131ndan Dr. \u00c7a\u011f\u0131n Zort da K\u0131br\u0131s T\u00fcrk yaz\u0131n sanat\u0131 ve yazarlar\u0131 hakk\u0131nda bilgi verip \u00f6rnekler okuyacak.<\/p>\n<p>K\u00fclt\u00fcr Dairesi\u2019nin K\u0131br\u0131sl\u0131 T\u00fcrk \u015fair ve yazarlar\u0131n kitaplar\u0131ndan haz\u0131rlad\u0131\u011f\u0131 bir kitap se\u00e7kisi de festivalde a\u00e7\u0131lacak KKTC stand\u0131nda okurlar\u0131n izlenimine sunulacak ve festival sonunda da kat\u0131l\u0131mc\u0131lara hediye edilecek.<\/p>\n<\/p><\/div>\n<p><script async\n                    defer\n                    crossorigin=\"anonymous\"\n                    src=\"https:\/\/connect.facebook.net\/tr_TR\/sdk.js#xfbml=1&#038;version=v3.3\"\n            ><\/script><\/p>\n","protected":false},"excerpt":{"rendered":"<p>Ba\u015fbakan Yard\u0131mc\u0131l\u0131\u011f\u0131, Turizm, K\u00fclt\u00fcr, Gen\u00e7lik ve \u00c7evre Bakanl\u0131\u011f\u0131\u2019na ba\u011fl\u0131 K\u00fclt\u00fcr Dairesi koordinasyonuyla Azerbaycan\u2019da \u201cKKTC G\u00fcn\u00fc\u201d d\u00fczenleniyor. K\u00fclt\u00fcr Dairesi\u2019nden verilen bilgiye g\u00f6re, \u201cIII. T\u00fcrk D\u00fcnyas\u0131 Edebiyat ve Kitap Festivali\u201d kapsam\u0131nda d\u00fczenlenecek \u201cKKTC G\u00fcn\u00fc\u201d 31 May\u0131s tarihinde yap\u0131lacak. Festival kapsam\u0131ndaki \u201cKKTC G\u00fcn\u00fc\u201dnde, K\u0131br\u0131s T\u00fcrk m\u00fczi\u011fi ve \u015fiirlerinden \u00f6rnekler sunacak olan Karikat\u00fcrist ve M\u00fczisyen Mustafa Tozak\u0131, Cumhurba\u015fkan\u0131 \u00d6zel [&hellip;]<\/p>\n","protected":false},"author":1,"featured_media":3596,"comment_status":"open","ping_status":"open","sticky":false,"template":"","format":"standard","meta":{"jnews-multi-image_gallery":[],"jnews_single_post":[],"jnews_primary_category":[],"jnews_social_meta":[],"jnews_override_counter":[],"footnotes":""},"categories":[6],"tags":[],"class_list":["post-3595","post","type-post","status-publish","format-standard","has-post-thumbnail","hentry","category-yasam"],"yoast_head":"<!-- This site is optimized with the Yoast SEO plugin v27.5 - https:\/\/yoast.com\/product\/yoast-seo-wordpress\/ -->\n<title>Azerbaycan\u2019da, K\u00fclt\u00fcr Dairesi koordinasyonuyla \u201cKKTC G\u00fcn\u00fc\u201d d\u00fczenleniyor - Kuzeyin Sesi<\/title>\n<meta name=\"robots\" content=\"index, follow, max-snippet:-1, max-image-preview:large, max-video-preview:-1\" \/>\n<link rel=\"canonical\" href=\"https:\/\/kuzeyinsesi.org\/index.php\/2024\/05\/28\/azerbaycanda-kultur-dairesi-koordinasyonuyla-kktc-gunu-duzenleniyor\/\" \/>\n<meta property=\"og:locale\" content=\"tr_TR\" \/>\n<meta property=\"og:type\" content=\"article\" \/>\n<meta property=\"og:title\" content=\"Azerbaycan\u2019da, K\u00fclt\u00fcr Dairesi koordinasyonuyla \u201cKKTC G\u00fcn\u00fc\u201d d\u00fczenleniyor - Kuzeyin Sesi\" \/>\n<meta property=\"og:description\" content=\"Ba\u015fbakan Yard\u0131mc\u0131l\u0131\u011f\u0131, Turizm, K\u00fclt\u00fcr, Gen\u00e7lik ve \u00c7evre Bakanl\u0131\u011f\u0131\u2019na ba\u011fl\u0131 K\u00fclt\u00fcr Dairesi koordinasyonuyla Azerbaycan\u2019da \u201cKKTC G\u00fcn\u00fc\u201d d\u00fczenleniyor. K\u00fclt\u00fcr Dairesi\u2019nden verilen bilgiye g\u00f6re, \u201cIII. T\u00fcrk D\u00fcnyas\u0131 Edebiyat ve Kitap Festivali\u201d kapsam\u0131nda d\u00fczenlenecek \u201cKKTC G\u00fcn\u00fc\u201d 31 May\u0131s tarihinde yap\u0131lacak. Festival kapsam\u0131ndaki \u201cKKTC G\u00fcn\u00fc\u201dnde, K\u0131br\u0131s T\u00fcrk m\u00fczi\u011fi ve \u015fiirlerinden \u00f6rnekler sunacak olan Karikat\u00fcrist ve M\u00fczisyen Mustafa Tozak\u0131, Cumhurba\u015fkan\u0131 \u00d6zel [&hellip;]\" \/>\n<meta property=\"og:url\" content=\"https:\/\/kuzeyinsesi.org\/index.php\/2024\/05\/28\/azerbaycanda-kultur-dairesi-koordinasyonuyla-kktc-gunu-duzenleniyor\/\" \/>\n<meta property=\"og:site_name\" content=\"Kuzeyin Sesi\" \/>\n<meta property=\"article:publisher\" content=\"https:\/\/www.facebook.com\/kuzeyinsesii\" \/>\n<meta property=\"article:published_time\" content=\"2024-05-28T14:47:08+00:00\" \/>\n<meta property=\"og:image\" content=\"https:\/\/kuzeyinsesi.org\/wp-content\/uploads\/2024\/05\/kultur-dairesi-azerbaycan-solen1.jpeg\" \/>\n\t<meta property=\"og:image:width\" content=\"930\" \/>\n\t<meta property=\"og:image:height\" content=\"613\" \/>\n\t<meta property=\"og:image:type\" content=\"image\/jpeg\" \/>\n<meta name=\"author\" content=\"Kuzeyin Sesi\" \/>\n<meta name=\"twitter:card\" content=\"summary_large_image\" \/>\n<meta name=\"twitter:creator\" content=\"@kuzeyinsesii\" \/>\n<meta name=\"twitter:site\" content=\"@kuzeyinsesii\" \/>\n<meta name=\"twitter:label1\" content=\"Yazan:\" \/>\n\t<meta name=\"twitter:data1\" content=\"Kuzeyin Sesi\" \/>\n\t<meta name=\"twitter:label2\" content=\"Tahmini okuma s\u00fcresi\" \/>\n\t<meta name=\"twitter:data2\" content=\"1 dakika\" \/>\n<script type=\"application\/ld+json\" class=\"yoast-schema-graph\">{\"@context\":\"https:\\\/\\\/schema.org\",\"@graph\":[{\"@type\":\"Article\",\"@id\":\"https:\\\/\\\/kuzeyinsesi.org\\\/index.php\\\/2024\\\/05\\\/28\\\/azerbaycanda-kultur-dairesi-koordinasyonuyla-kktc-gunu-duzenleniyor\\\/#article\",\"isPartOf\":{\"@id\":\"https:\\\/\\\/kuzeyinsesi.org\\\/index.php\\\/2024\\\/05\\\/28\\\/azerbaycanda-kultur-dairesi-koordinasyonuyla-kktc-gunu-duzenleniyor\\\/\"},\"author\":{\"name\":\"Kuzeyin Sesi\",\"@id\":\"https:\\\/\\\/kuzeyinsesi.org\\\/#\\\/schema\\\/person\\\/9f859689cdf01485597712386e37f5aa\"},\"headline\":\"Azerbaycan\u2019da, K\u00fclt\u00fcr Dairesi koordinasyonuyla \u201cKKTC G\u00fcn\u00fc\u201d d\u00fczenleniyor\",\"datePublished\":\"2024-05-28T14:47:08+00:00\",\"mainEntityOfPage\":{\"@id\":\"https:\\\/\\\/kuzeyinsesi.org\\\/index.php\\\/2024\\\/05\\\/28\\\/azerbaycanda-kultur-dairesi-koordinasyonuyla-kktc-gunu-duzenleniyor\\\/\"},\"wordCount\":286,\"commentCount\":0,\"image\":{\"@id\":\"https:\\\/\\\/kuzeyinsesi.org\\\/index.php\\\/2024\\\/05\\\/28\\\/azerbaycanda-kultur-dairesi-koordinasyonuyla-kktc-gunu-duzenleniyor\\\/#primaryimage\"},\"thumbnailUrl\":\"https:\\\/\\\/kuzeyinsesi.org\\\/wp-content\\\/uploads\\\/2024\\\/05\\\/kultur-dairesi-azerbaycan-solen1.jpeg\",\"articleSection\":[\"Ya\u015fam\"],\"inLanguage\":\"tr\",\"potentialAction\":[{\"@type\":\"CommentAction\",\"name\":\"Comment\",\"target\":[\"https:\\\/\\\/kuzeyinsesi.org\\\/index.php\\\/2024\\\/05\\\/28\\\/azerbaycanda-kultur-dairesi-koordinasyonuyla-kktc-gunu-duzenleniyor\\\/#respond\"]}]},{\"@type\":\"WebPage\",\"@id\":\"https:\\\/\\\/kuzeyinsesi.org\\\/index.php\\\/2024\\\/05\\\/28\\\/azerbaycanda-kultur-dairesi-koordinasyonuyla-kktc-gunu-duzenleniyor\\\/\",\"url\":\"https:\\\/\\\/kuzeyinsesi.org\\\/index.php\\\/2024\\\/05\\\/28\\\/azerbaycanda-kultur-dairesi-koordinasyonuyla-kktc-gunu-duzenleniyor\\\/\",\"name\":\"Azerbaycan\u2019da, K\u00fclt\u00fcr Dairesi koordinasyonuyla \u201cKKTC G\u00fcn\u00fc\u201d d\u00fczenleniyor - Kuzeyin Sesi\",\"isPartOf\":{\"@id\":\"https:\\\/\\\/kuzeyinsesi.org\\\/#website\"},\"primaryImageOfPage\":{\"@id\":\"https:\\\/\\\/kuzeyinsesi.org\\\/index.php\\\/2024\\\/05\\\/28\\\/azerbaycanda-kultur-dairesi-koordinasyonuyla-kktc-gunu-duzenleniyor\\\/#primaryimage\"},\"image\":{\"@id\":\"https:\\\/\\\/kuzeyinsesi.org\\\/index.php\\\/2024\\\/05\\\/28\\\/azerbaycanda-kultur-dairesi-koordinasyonuyla-kktc-gunu-duzenleniyor\\\/#primaryimage\"},\"thumbnailUrl\":\"https:\\\/\\\/kuzeyinsesi.org\\\/wp-content\\\/uploads\\\/2024\\\/05\\\/kultur-dairesi-azerbaycan-solen1.jpeg\",\"datePublished\":\"2024-05-28T14:47:08+00:00\",\"author\":{\"@id\":\"https:\\\/\\\/kuzeyinsesi.org\\\/#\\\/schema\\\/person\\\/9f859689cdf01485597712386e37f5aa\"},\"breadcrumb\":{\"@id\":\"https:\\\/\\\/kuzeyinsesi.org\\\/index.php\\\/2024\\\/05\\\/28\\\/azerbaycanda-kultur-dairesi-koordinasyonuyla-kktc-gunu-duzenleniyor\\\/#breadcrumb\"},\"inLanguage\":\"tr\",\"potentialAction\":[{\"@type\":\"ReadAction\",\"target\":[\"https:\\\/\\\/kuzeyinsesi.org\\\/index.php\\\/2024\\\/05\\\/28\\\/azerbaycanda-kultur-dairesi-koordinasyonuyla-kktc-gunu-duzenleniyor\\\/\"]}]},{\"@type\":\"ImageObject\",\"inLanguage\":\"tr\",\"@id\":\"https:\\\/\\\/kuzeyinsesi.org\\\/index.php\\\/2024\\\/05\\\/28\\\/azerbaycanda-kultur-dairesi-koordinasyonuyla-kktc-gunu-duzenleniyor\\\/#primaryimage\",\"url\":\"https:\\\/\\\/kuzeyinsesi.org\\\/wp-content\\\/uploads\\\/2024\\\/05\\\/kultur-dairesi-azerbaycan-solen1.jpeg\",\"contentUrl\":\"https:\\\/\\\/kuzeyinsesi.org\\\/wp-content\\\/uploads\\\/2024\\\/05\\\/kultur-dairesi-azerbaycan-solen1.jpeg\",\"width\":930,\"height\":613},{\"@type\":\"BreadcrumbList\",\"@id\":\"https:\\\/\\\/kuzeyinsesi.org\\\/index.php\\\/2024\\\/05\\\/28\\\/azerbaycanda-kultur-dairesi-koordinasyonuyla-kktc-gunu-duzenleniyor\\\/#breadcrumb\",\"itemListElement\":[{\"@type\":\"ListItem\",\"position\":1,\"name\":\"Anasayfa\",\"item\":\"https:\\\/\\\/kuzeyinsesi.org\\\/\"},{\"@type\":\"ListItem\",\"position\":2,\"name\":\"Azerbaycan\u2019da, K\u00fclt\u00fcr Dairesi koordinasyonuyla \u201cKKTC G\u00fcn\u00fc\u201d d\u00fczenleniyor\"}]},{\"@type\":\"WebSite\",\"@id\":\"https:\\\/\\\/kuzeyinsesi.org\\\/#website\",\"url\":\"https:\\\/\\\/kuzeyinsesi.org\\\/\",\"name\":\"Kuzeyin Sesi\",\"description\":\"Do\u011fru Haberin Adresi\",\"potentialAction\":[{\"@type\":\"SearchAction\",\"target\":{\"@type\":\"EntryPoint\",\"urlTemplate\":\"https:\\\/\\\/kuzeyinsesi.org\\\/?s={search_term_string}\"},\"query-input\":{\"@type\":\"PropertyValueSpecification\",\"valueRequired\":true,\"valueName\":\"search_term_string\"}}],\"inLanguage\":\"tr\"},{\"@type\":\"Person\",\"@id\":\"https:\\\/\\\/kuzeyinsesi.org\\\/#\\\/schema\\\/person\\\/9f859689cdf01485597712386e37f5aa\",\"name\":\"Kuzeyin Sesi\",\"image\":{\"@type\":\"ImageObject\",\"inLanguage\":\"tr\",\"@id\":\"https:\\\/\\\/secure.gravatar.com\\\/avatar\\\/bab33852abfd8b282518d6ed81826833d77c3c882d9ab608add591ccace47a44?s=96&d=mm&r=g\",\"url\":\"https:\\\/\\\/secure.gravatar.com\\\/avatar\\\/bab33852abfd8b282518d6ed81826833d77c3c882d9ab608add591ccace47a44?s=96&d=mm&r=g\",\"contentUrl\":\"https:\\\/\\\/secure.gravatar.com\\\/avatar\\\/bab33852abfd8b282518d6ed81826833d77c3c882d9ab608add591ccace47a44?s=96&d=mm&r=g\",\"caption\":\"Kuzeyin Sesi\"},\"sameAs\":[\"https:\\\/\\\/kuzeyinsesi.org\"],\"url\":\"https:\\\/\\\/kuzeyinsesi.org\\\/index.php\\\/author\\\/guven\\\/\"}]}<\/script>\n<!-- \/ Yoast SEO plugin. -->","yoast_head_json":{"title":"Azerbaycan\u2019da, K\u00fclt\u00fcr Dairesi koordinasyonuyla \u201cKKTC G\u00fcn\u00fc\u201d d\u00fczenleniyor - Kuzeyin Sesi","robots":{"index":"index","follow":"follow","max-snippet":"max-snippet:-1","max-image-preview":"max-image-preview:large","max-video-preview":"max-video-preview:-1"},"canonical":"https:\/\/kuzeyinsesi.org\/index.php\/2024\/05\/28\/azerbaycanda-kultur-dairesi-koordinasyonuyla-kktc-gunu-duzenleniyor\/","og_locale":"tr_TR","og_type":"article","og_title":"Azerbaycan\u2019da, K\u00fclt\u00fcr Dairesi koordinasyonuyla \u201cKKTC G\u00fcn\u00fc\u201d d\u00fczenleniyor - Kuzeyin Sesi","og_description":"Ba\u015fbakan Yard\u0131mc\u0131l\u0131\u011f\u0131, Turizm, K\u00fclt\u00fcr, Gen\u00e7lik ve \u00c7evre Bakanl\u0131\u011f\u0131\u2019na ba\u011fl\u0131 K\u00fclt\u00fcr Dairesi koordinasyonuyla Azerbaycan\u2019da \u201cKKTC G\u00fcn\u00fc\u201d d\u00fczenleniyor. K\u00fclt\u00fcr Dairesi\u2019nden verilen bilgiye g\u00f6re, \u201cIII. T\u00fcrk D\u00fcnyas\u0131 Edebiyat ve Kitap Festivali\u201d kapsam\u0131nda d\u00fczenlenecek \u201cKKTC G\u00fcn\u00fc\u201d 31 May\u0131s tarihinde yap\u0131lacak. Festival kapsam\u0131ndaki \u201cKKTC G\u00fcn\u00fc\u201dnde, K\u0131br\u0131s T\u00fcrk m\u00fczi\u011fi ve \u015fiirlerinden \u00f6rnekler sunacak olan Karikat\u00fcrist ve M\u00fczisyen Mustafa Tozak\u0131, Cumhurba\u015fkan\u0131 \u00d6zel [&hellip;]","og_url":"https:\/\/kuzeyinsesi.org\/index.php\/2024\/05\/28\/azerbaycanda-kultur-dairesi-koordinasyonuyla-kktc-gunu-duzenleniyor\/","og_site_name":"Kuzeyin Sesi","article_publisher":"https:\/\/www.facebook.com\/kuzeyinsesii","article_published_time":"2024-05-28T14:47:08+00:00","og_image":[{"width":930,"height":613,"url":"https:\/\/kuzeyinsesi.org\/wp-content\/uploads\/2024\/05\/kultur-dairesi-azerbaycan-solen1.jpeg","type":"image\/jpeg"}],"author":"Kuzeyin Sesi","twitter_card":"summary_large_image","twitter_creator":"@kuzeyinsesii","twitter_site":"@kuzeyinsesii","twitter_misc":{"Yazan:":"Kuzeyin Sesi","Tahmini okuma s\u00fcresi":"1 dakika"},"schema":{"@context":"https:\/\/schema.org","@graph":[{"@type":"Article","@id":"https:\/\/kuzeyinsesi.org\/index.php\/2024\/05\/28\/azerbaycanda-kultur-dairesi-koordinasyonuyla-kktc-gunu-duzenleniyor\/#article","isPartOf":{"@id":"https:\/\/kuzeyinsesi.org\/index.php\/2024\/05\/28\/azerbaycanda-kultur-dairesi-koordinasyonuyla-kktc-gunu-duzenleniyor\/"},"author":{"name":"Kuzeyin Sesi","@id":"https:\/\/kuzeyinsesi.org\/#\/schema\/person\/9f859689cdf01485597712386e37f5aa"},"headline":"Azerbaycan\u2019da, K\u00fclt\u00fcr Dairesi koordinasyonuyla \u201cKKTC G\u00fcn\u00fc\u201d d\u00fczenleniyor","datePublished":"2024-05-28T14:47:08+00:00","mainEntityOfPage":{"@id":"https:\/\/kuzeyinsesi.org\/index.php\/2024\/05\/28\/azerbaycanda-kultur-dairesi-koordinasyonuyla-kktc-gunu-duzenleniyor\/"},"wordCount":286,"commentCount":0,"image":{"@id":"https:\/\/kuzeyinsesi.org\/index.php\/2024\/05\/28\/azerbaycanda-kultur-dairesi-koordinasyonuyla-kktc-gunu-duzenleniyor\/#primaryimage"},"thumbnailUrl":"https:\/\/kuzeyinsesi.org\/wp-content\/uploads\/2024\/05\/kultur-dairesi-azerbaycan-solen1.jpeg","articleSection":["Ya\u015fam"],"inLanguage":"tr","potentialAction":[{"@type":"CommentAction","name":"Comment","target":["https:\/\/kuzeyinsesi.org\/index.php\/2024\/05\/28\/azerbaycanda-kultur-dairesi-koordinasyonuyla-kktc-gunu-duzenleniyor\/#respond"]}]},{"@type":"WebPage","@id":"https:\/\/kuzeyinsesi.org\/index.php\/2024\/05\/28\/azerbaycanda-kultur-dairesi-koordinasyonuyla-kktc-gunu-duzenleniyor\/","url":"https:\/\/kuzeyinsesi.org\/index.php\/2024\/05\/28\/azerbaycanda-kultur-dairesi-koordinasyonuyla-kktc-gunu-duzenleniyor\/","name":"Azerbaycan\u2019da, K\u00fclt\u00fcr Dairesi koordinasyonuyla \u201cKKTC G\u00fcn\u00fc\u201d d\u00fczenleniyor - Kuzeyin Sesi","isPartOf":{"@id":"https:\/\/kuzeyinsesi.org\/#website"},"primaryImageOfPage":{"@id":"https:\/\/kuzeyinsesi.org\/index.php\/2024\/05\/28\/azerbaycanda-kultur-dairesi-koordinasyonuyla-kktc-gunu-duzenleniyor\/#primaryimage"},"image":{"@id":"https:\/\/kuzeyinsesi.org\/index.php\/2024\/05\/28\/azerbaycanda-kultur-dairesi-koordinasyonuyla-kktc-gunu-duzenleniyor\/#primaryimage"},"thumbnailUrl":"https:\/\/kuzeyinsesi.org\/wp-content\/uploads\/2024\/05\/kultur-dairesi-azerbaycan-solen1.jpeg","datePublished":"2024-05-28T14:47:08+00:00","author":{"@id":"https:\/\/kuzeyinsesi.org\/#\/schema\/person\/9f859689cdf01485597712386e37f5aa"},"breadcrumb":{"@id":"https:\/\/kuzeyinsesi.org\/index.php\/2024\/05\/28\/azerbaycanda-kultur-dairesi-koordinasyonuyla-kktc-gunu-duzenleniyor\/#breadcrumb"},"inLanguage":"tr","potentialAction":[{"@type":"ReadAction","target":["https:\/\/kuzeyinsesi.org\/index.php\/2024\/05\/28\/azerbaycanda-kultur-dairesi-koordinasyonuyla-kktc-gunu-duzenleniyor\/"]}]},{"@type":"ImageObject","inLanguage":"tr","@id":"https:\/\/kuzeyinsesi.org\/index.php\/2024\/05\/28\/azerbaycanda-kultur-dairesi-koordinasyonuyla-kktc-gunu-duzenleniyor\/#primaryimage","url":"https:\/\/kuzeyinsesi.org\/wp-content\/uploads\/2024\/05\/kultur-dairesi-azerbaycan-solen1.jpeg","contentUrl":"https:\/\/kuzeyinsesi.org\/wp-content\/uploads\/2024\/05\/kultur-dairesi-azerbaycan-solen1.jpeg","width":930,"height":613},{"@type":"BreadcrumbList","@id":"https:\/\/kuzeyinsesi.org\/index.php\/2024\/05\/28\/azerbaycanda-kultur-dairesi-koordinasyonuyla-kktc-gunu-duzenleniyor\/#breadcrumb","itemListElement":[{"@type":"ListItem","position":1,"name":"Anasayfa","item":"https:\/\/kuzeyinsesi.org\/"},{"@type":"ListItem","position":2,"name":"Azerbaycan\u2019da, K\u00fclt\u00fcr Dairesi koordinasyonuyla \u201cKKTC G\u00fcn\u00fc\u201d d\u00fczenleniyor"}]},{"@type":"WebSite","@id":"https:\/\/kuzeyinsesi.org\/#website","url":"https:\/\/kuzeyinsesi.org\/","name":"Kuzeyin Sesi","description":"Do\u011fru Haberin Adresi","potentialAction":[{"@type":"SearchAction","target":{"@type":"EntryPoint","urlTemplate":"https:\/\/kuzeyinsesi.org\/?s={search_term_string}"},"query-input":{"@type":"PropertyValueSpecification","valueRequired":true,"valueName":"search_term_string"}}],"inLanguage":"tr"},{"@type":"Person","@id":"https:\/\/kuzeyinsesi.org\/#\/schema\/person\/9f859689cdf01485597712386e37f5aa","name":"Kuzeyin Sesi","image":{"@type":"ImageObject","inLanguage":"tr","@id":"https:\/\/secure.gravatar.com\/avatar\/bab33852abfd8b282518d6ed81826833d77c3c882d9ab608add591ccace47a44?s=96&d=mm&r=g","url":"https:\/\/secure.gravatar.com\/avatar\/bab33852abfd8b282518d6ed81826833d77c3c882d9ab608add591ccace47a44?s=96&d=mm&r=g","contentUrl":"https:\/\/secure.gravatar.com\/avatar\/bab33852abfd8b282518d6ed81826833d77c3c882d9ab608add591ccace47a44?s=96&d=mm&r=g","caption":"Kuzeyin Sesi"},"sameAs":["https:\/\/kuzeyinsesi.org"],"url":"https:\/\/kuzeyinsesi.org\/index.php\/author\/guven\/"}]}},"_links":{"self":[{"href":"https:\/\/kuzeyinsesi.org\/index.php\/wp-json\/wp\/v2\/posts\/3595","targetHints":{"allow":["GET"]}}],"collection":[{"href":"https:\/\/kuzeyinsesi.org\/index.php\/wp-json\/wp\/v2\/posts"}],"about":[{"href":"https:\/\/kuzeyinsesi.org\/index.php\/wp-json\/wp\/v2\/types\/post"}],"author":[{"embeddable":true,"href":"https:\/\/kuzeyinsesi.org\/index.php\/wp-json\/wp\/v2\/users\/1"}],"replies":[{"embeddable":true,"href":"https:\/\/kuzeyinsesi.org\/index.php\/wp-json\/wp\/v2\/comments?post=3595"}],"version-history":[{"count":0,"href":"https:\/\/kuzeyinsesi.org\/index.php\/wp-json\/wp\/v2\/posts\/3595\/revisions"}],"wp:featuredmedia":[{"embeddable":true,"href":"https:\/\/kuzeyinsesi.org\/index.php\/wp-json\/wp\/v2\/media\/3596"}],"wp:attachment":[{"href":"https:\/\/kuzeyinsesi.org\/index.php\/wp-json\/wp\/v2\/media?parent=3595"}],"wp:term":[{"taxonomy":"category","embeddable":true,"href":"https:\/\/kuzeyinsesi.org\/index.php\/wp-json\/wp\/v2\/categories?post=3595"},{"taxonomy":"post_tag","embeddable":true,"href":"https:\/\/kuzeyinsesi.org\/index.php\/wp-json\/wp\/v2\/tags?post=3595"}],"curies":[{"name":"wp","href":"https:\/\/api.w.org\/{rel}","templated":true}]}}