{"id":35855,"date":"2026-02-21T14:49:30","date_gmt":"2026-02-21T12:49:30","guid":{"rendered":"https:\/\/kuzeyinsesi.org\/index.php\/2026\/02\/21\/turk-kizilayin-gazze-icin-hazirladigi-21-iyilik-gemisi-misira-ulasti\/"},"modified":"2026-02-21T14:49:30","modified_gmt":"2026-02-21T12:49:30","slug":"turk-kizilayin-gazze-icin-hazirladigi-21-iyilik-gemisi-misira-ulasti","status":"publish","type":"post","link":"https:\/\/kuzeyinsesi.org\/index.php\/2026\/02\/21\/turk-kizilayin-gazze-icin-hazirladigi-21-iyilik-gemisi-misira-ulasti\/","title":{"rendered":"T\u00fcrk K\u0131z\u0131lay\u0131n Gazze i\u00e7in haz\u0131rlad\u0131\u011f\u0131 21. \u201c\u0130yilik Gemisi\u201d M\u0131s\u0131r\u2019a ula\u015ft\u0131"},"content":{"rendered":"<p>Yakla\u015f\u0131k 3 bin 300 ton insani yard\u0131m malzemesi ta\u015f\u0131yan gemide, 175 bin g\u0131da kolisi ba\u015fta olmak \u00fczere g\u0131da, hijyen, giyim, bar\u0131nma, su ve temel ya\u015fam malzemeleri yer al\u0131yor. Sevkiyat\u0131n \u00f6nemli bir b\u00f6l\u00fcm\u00fc, Kalyon Vakf\u0131 ile i\u015fbirli\u011fi i\u00e7inde y\u00fcr\u00fct\u00fclen &#8220;Filistin&#8217;e Nefes Kampanyas\u0131&#8221; kapsam\u0131nda sa\u011fland\u0131.<\/p>\n<p class=\"selectionShareable\">El Ari\u015f Liman\u0131&#8217;nda kar\u015f\u0131lanan insani yard\u0131m malzemeleri, M\u0131s\u0131r K\u0131z\u0131lay\u0131 ile koordinasyon halinde Refah S\u0131n\u0131r Kap\u0131s\u0131 \u00fczerinden Gazze&#8217;ye sevk edilecek.<\/p>\n<p class=\"selectionShareable\">T\u00fcrk K\u0131z\u0131lay, 7 Ekim 2023&#8217;ten bu yana \u0130yilik Gemileri arac\u0131l\u0131\u011f\u0131yla Gazze&#8217;ye insani yard\u0131m ula\u015ft\u0131rmay\u0131 s\u00fcrd\u00fcr\u00fcrken, kamu, \u00f6zel sekt\u00f6r i\u015fbirlikleriyle insani dayan\u0131\u015fma a\u011f\u0131n\u0131 g\u00fc\u00e7lendirmeye devam ediyor.<\/p>\n<p>T\u00fcrk K\u0131z\u0131lay\u0131n Gazze i\u00e7in haz\u0131rlad\u0131\u011f\u0131 21. &#8220;\u0130yilik Gemisi&#8221; M\u0131s\u0131r&#8217;a ula\u015ft\u0131 yaz\u0131s\u0131 ilk \u00f6nce K\u0131br\u0131s Hakikat \u00fczerinde ortaya \u00e7\u0131kt\u0131.<\/p>\n","protected":false},"excerpt":{"rendered":"<p>Yakla\u015f\u0131k 3 bin 300 ton insani yard\u0131m malzemesi ta\u015f\u0131yan gemide, 175 bin g\u0131da kolisi ba\u015fta olmak \u00fczere g\u0131da, hijyen, giyim, bar\u0131nma, su ve temel ya\u015fam malzemeleri yer al\u0131yor. Sevkiyat\u0131n \u00f6nemli bir b\u00f6l\u00fcm\u00fc, Kalyon Vakf\u0131 ile i\u015fbirli\u011fi i\u00e7inde y\u00fcr\u00fct\u00fclen &#8220;Filistin&#8217;e Nefes Kampanyas\u0131&#8221; kapsam\u0131nda sa\u011fland\u0131. El Ari\u015f Liman\u0131&#8217;nda kar\u015f\u0131lanan insani yard\u0131m malzemeleri, M\u0131s\u0131r K\u0131z\u0131lay\u0131 ile koordinasyon halinde [&hellip;]<\/p>\n","protected":false},"author":1,"featured_media":35856,"comment_status":"open","ping_status":"open","sticky":false,"template":"","format":"standard","meta":{"jnews-multi-image_gallery":[],"jnews_single_post":[],"jnews_primary_category":[],"jnews_social_meta":[],"jnews_override_counter":[],"footnotes":""},"categories":[1],"tags":[],"class_list":["post-35855","post","type-post","status-publish","format-standard","has-post-thumbnail","hentry","category-kibris"],"yoast_head":"<!-- This site is optimized with the Yoast SEO plugin v27.5 - https:\/\/yoast.com\/product\/yoast-seo-wordpress\/ -->\n<title>T\u00fcrk K\u0131z\u0131lay\u0131n Gazze i\u00e7in haz\u0131rlad\u0131\u011f\u0131 21. \u201c\u0130yilik Gemisi\u201d M\u0131s\u0131r\u2019a ula\u015ft\u0131 - Kuzeyin Sesi<\/title>\n<meta name=\"robots\" content=\"index, follow, max-snippet:-1, max-image-preview:large, max-video-preview:-1\" \/>\n<link rel=\"canonical\" href=\"https:\/\/kuzeyinsesi.org\/index.php\/2026\/02\/21\/turk-kizilayin-gazze-icin-hazirladigi-21-iyilik-gemisi-misira-ulasti\/\" \/>\n<meta property=\"og:locale\" content=\"tr_TR\" \/>\n<meta property=\"og:type\" content=\"article\" \/>\n<meta property=\"og:title\" content=\"T\u00fcrk K\u0131z\u0131lay\u0131n Gazze i\u00e7in haz\u0131rlad\u0131\u011f\u0131 21. \u201c\u0130yilik Gemisi\u201d M\u0131s\u0131r\u2019a ula\u015ft\u0131 - Kuzeyin Sesi\" \/>\n<meta property=\"og:description\" content=\"Yakla\u015f\u0131k 3 bin 300 ton insani yard\u0131m malzemesi ta\u015f\u0131yan gemide, 175 bin g\u0131da kolisi ba\u015fta olmak \u00fczere g\u0131da, hijyen, giyim, bar\u0131nma, su ve temel ya\u015fam malzemeleri yer al\u0131yor. Sevkiyat\u0131n \u00f6nemli bir b\u00f6l\u00fcm\u00fc, Kalyon Vakf\u0131 ile i\u015fbirli\u011fi i\u00e7inde y\u00fcr\u00fct\u00fclen &#8220;Filistin&#8217;e Nefes Kampanyas\u0131&#8221; kapsam\u0131nda sa\u011fland\u0131. El Ari\u015f Liman\u0131&#8217;nda kar\u015f\u0131lanan insani yard\u0131m malzemeleri, M\u0131s\u0131r K\u0131z\u0131lay\u0131 ile koordinasyon halinde [&hellip;]\" \/>\n<meta property=\"og:url\" content=\"https:\/\/kuzeyinsesi.org\/index.php\/2026\/02\/21\/turk-kizilayin-gazze-icin-hazirladigi-21-iyilik-gemisi-misira-ulasti\/\" \/>\n<meta property=\"og:site_name\" content=\"Kuzeyin Sesi\" \/>\n<meta property=\"article:publisher\" content=\"https:\/\/www.facebook.com\/kuzeyinsesii\" \/>\n<meta property=\"article:published_time\" content=\"2026-02-21T12:49:30+00:00\" \/>\n<meta name=\"author\" content=\"Kuzeyin Sesi\" \/>\n<meta name=\"twitter:card\" content=\"summary_large_image\" \/>\n<meta name=\"twitter:creator\" content=\"@kuzeyinsesii\" \/>\n<meta name=\"twitter:site\" content=\"@kuzeyinsesii\" \/>\n<meta name=\"twitter:label1\" content=\"Yazan:\" \/>\n\t<meta name=\"twitter:data1\" content=\"Kuzeyin Sesi\" \/>\n\t<meta name=\"twitter:label2\" content=\"Tahmini okuma s\u00fcresi\" \/>\n\t<meta name=\"twitter:data2\" content=\"1 dakika\" \/>\n<script type=\"application\/ld+json\" class=\"yoast-schema-graph\">{\"@context\":\"https:\\\/\\\/schema.org\",\"@graph\":[{\"@type\":\"Article\",\"@id\":\"https:\\\/\\\/kuzeyinsesi.org\\\/index.php\\\/2026\\\/02\\\/21\\\/turk-kizilayin-gazze-icin-hazirladigi-21-iyilik-gemisi-misira-ulasti\\\/#article\",\"isPartOf\":{\"@id\":\"https:\\\/\\\/kuzeyinsesi.org\\\/index.php\\\/2026\\\/02\\\/21\\\/turk-kizilayin-gazze-icin-hazirladigi-21-iyilik-gemisi-misira-ulasti\\\/\"},\"author\":{\"name\":\"Kuzeyin Sesi\",\"@id\":\"https:\\\/\\\/kuzeyinsesi.org\\\/#\\\/schema\\\/person\\\/9f859689cdf01485597712386e37f5aa\"},\"headline\":\"T\u00fcrk K\u0131z\u0131lay\u0131n Gazze i\u00e7in haz\u0131rlad\u0131\u011f\u0131 21. \u201c\u0130yilik Gemisi\u201d M\u0131s\u0131r\u2019a ula\u015ft\u0131\",\"datePublished\":\"2026-02-21T12:49:30+00:00\",\"mainEntityOfPage\":{\"@id\":\"https:\\\/\\\/kuzeyinsesi.org\\\/index.php\\\/2026\\\/02\\\/21\\\/turk-kizilayin-gazze-icin-hazirladigi-21-iyilik-gemisi-misira-ulasti\\\/\"},\"wordCount\":181,\"commentCount\":0,\"image\":{\"@id\":\"https:\\\/\\\/kuzeyinsesi.org\\\/index.php\\\/2026\\\/02\\\/21\\\/turk-kizilayin-gazze-icin-hazirladigi-21-iyilik-gemisi-misira-ulasti\\\/#primaryimage\"},\"thumbnailUrl\":\"https:\\\/\\\/kuzeyinsesi.org\\\/wp-content\\\/uploads\\\/2026\\\/02\\\/thumbs_b_c_3c5282be89be99ff194f9da4061a4efa.jpg\",\"articleSection\":[\"K\u0131br\u0131s\"],\"inLanguage\":\"tr\",\"potentialAction\":[{\"@type\":\"CommentAction\",\"name\":\"Comment\",\"target\":[\"https:\\\/\\\/kuzeyinsesi.org\\\/index.php\\\/2026\\\/02\\\/21\\\/turk-kizilayin-gazze-icin-hazirladigi-21-iyilik-gemisi-misira-ulasti\\\/#respond\"]}]},{\"@type\":\"WebPage\",\"@id\":\"https:\\\/\\\/kuzeyinsesi.org\\\/index.php\\\/2026\\\/02\\\/21\\\/turk-kizilayin-gazze-icin-hazirladigi-21-iyilik-gemisi-misira-ulasti\\\/\",\"url\":\"https:\\\/\\\/kuzeyinsesi.org\\\/index.php\\\/2026\\\/02\\\/21\\\/turk-kizilayin-gazze-icin-hazirladigi-21-iyilik-gemisi-misira-ulasti\\\/\",\"name\":\"T\u00fcrk K\u0131z\u0131lay\u0131n Gazze i\u00e7in haz\u0131rlad\u0131\u011f\u0131 21. \u201c\u0130yilik Gemisi\u201d M\u0131s\u0131r\u2019a ula\u015ft\u0131 - Kuzeyin Sesi\",\"isPartOf\":{\"@id\":\"https:\\\/\\\/kuzeyinsesi.org\\\/#website\"},\"primaryImageOfPage\":{\"@id\":\"https:\\\/\\\/kuzeyinsesi.org\\\/index.php\\\/2026\\\/02\\\/21\\\/turk-kizilayin-gazze-icin-hazirladigi-21-iyilik-gemisi-misira-ulasti\\\/#primaryimage\"},\"image\":{\"@id\":\"https:\\\/\\\/kuzeyinsesi.org\\\/index.php\\\/2026\\\/02\\\/21\\\/turk-kizilayin-gazze-icin-hazirladigi-21-iyilik-gemisi-misira-ulasti\\\/#primaryimage\"},\"thumbnailUrl\":\"https:\\\/\\\/kuzeyinsesi.org\\\/wp-content\\\/uploads\\\/2026\\\/02\\\/thumbs_b_c_3c5282be89be99ff194f9da4061a4efa.jpg\",\"datePublished\":\"2026-02-21T12:49:30+00:00\",\"author\":{\"@id\":\"https:\\\/\\\/kuzeyinsesi.org\\\/#\\\/schema\\\/person\\\/9f859689cdf01485597712386e37f5aa\"},\"breadcrumb\":{\"@id\":\"https:\\\/\\\/kuzeyinsesi.org\\\/index.php\\\/2026\\\/02\\\/21\\\/turk-kizilayin-gazze-icin-hazirladigi-21-iyilik-gemisi-misira-ulasti\\\/#breadcrumb\"},\"inLanguage\":\"tr\",\"potentialAction\":[{\"@type\":\"ReadAction\",\"target\":[\"https:\\\/\\\/kuzeyinsesi.org\\\/index.php\\\/2026\\\/02\\\/21\\\/turk-kizilayin-gazze-icin-hazirladigi-21-iyilik-gemisi-misira-ulasti\\\/\"]}]},{\"@type\":\"ImageObject\",\"inLanguage\":\"tr\",\"@id\":\"https:\\\/\\\/kuzeyinsesi.org\\\/index.php\\\/2026\\\/02\\\/21\\\/turk-kizilayin-gazze-icin-hazirladigi-21-iyilik-gemisi-misira-ulasti\\\/#primaryimage\",\"url\":\"https:\\\/\\\/kuzeyinsesi.org\\\/wp-content\\\/uploads\\\/2026\\\/02\\\/thumbs_b_c_3c5282be89be99ff194f9da4061a4efa.jpg\",\"contentUrl\":\"https:\\\/\\\/kuzeyinsesi.org\\\/wp-content\\\/uploads\\\/2026\\\/02\\\/thumbs_b_c_3c5282be89be99ff194f9da4061a4efa.jpg\",\"width\":864,\"height\":486},{\"@type\":\"BreadcrumbList\",\"@id\":\"https:\\\/\\\/kuzeyinsesi.org\\\/index.php\\\/2026\\\/02\\\/21\\\/turk-kizilayin-gazze-icin-hazirladigi-21-iyilik-gemisi-misira-ulasti\\\/#breadcrumb\",\"itemListElement\":[{\"@type\":\"ListItem\",\"position\":1,\"name\":\"Anasayfa\",\"item\":\"https:\\\/\\\/kuzeyinsesi.org\\\/\"},{\"@type\":\"ListItem\",\"position\":2,\"name\":\"T\u00fcrk K\u0131z\u0131lay\u0131n Gazze i\u00e7in haz\u0131rlad\u0131\u011f\u0131 21. \u201c\u0130yilik Gemisi\u201d M\u0131s\u0131r\u2019a ula\u015ft\u0131\"}]},{\"@type\":\"WebSite\",\"@id\":\"https:\\\/\\\/kuzeyinsesi.org\\\/#website\",\"url\":\"https:\\\/\\\/kuzeyinsesi.org\\\/\",\"name\":\"Kuzeyin Sesi\",\"description\":\"Do\u011fru Haberin Adresi\",\"potentialAction\":[{\"@type\":\"SearchAction\",\"target\":{\"@type\":\"EntryPoint\",\"urlTemplate\":\"https:\\\/\\\/kuzeyinsesi.org\\\/?s={search_term_string}\"},\"query-input\":{\"@type\":\"PropertyValueSpecification\",\"valueRequired\":true,\"valueName\":\"search_term_string\"}}],\"inLanguage\":\"tr\"},{\"@type\":\"Person\",\"@id\":\"https:\\\/\\\/kuzeyinsesi.org\\\/#\\\/schema\\\/person\\\/9f859689cdf01485597712386e37f5aa\",\"name\":\"Kuzeyin Sesi\",\"image\":{\"@type\":\"ImageObject\",\"inLanguage\":\"tr\",\"@id\":\"https:\\\/\\\/secure.gravatar.com\\\/avatar\\\/bab33852abfd8b282518d6ed81826833d77c3c882d9ab608add591ccace47a44?s=96&d=mm&r=g\",\"url\":\"https:\\\/\\\/secure.gravatar.com\\\/avatar\\\/bab33852abfd8b282518d6ed81826833d77c3c882d9ab608add591ccace47a44?s=96&d=mm&r=g\",\"contentUrl\":\"https:\\\/\\\/secure.gravatar.com\\\/avatar\\\/bab33852abfd8b282518d6ed81826833d77c3c882d9ab608add591ccace47a44?s=96&d=mm&r=g\",\"caption\":\"Kuzeyin Sesi\"},\"sameAs\":[\"https:\\\/\\\/kuzeyinsesi.org\"],\"url\":\"https:\\\/\\\/kuzeyinsesi.org\\\/index.php\\\/author\\\/guven\\\/\"}]}<\/script>\n<!-- \/ Yoast SEO plugin. -->","yoast_head_json":{"title":"T\u00fcrk K\u0131z\u0131lay\u0131n Gazze i\u00e7in haz\u0131rlad\u0131\u011f\u0131 21. \u201c\u0130yilik Gemisi\u201d M\u0131s\u0131r\u2019a ula\u015ft\u0131 - Kuzeyin Sesi","robots":{"index":"index","follow":"follow","max-snippet":"max-snippet:-1","max-image-preview":"max-image-preview:large","max-video-preview":"max-video-preview:-1"},"canonical":"https:\/\/kuzeyinsesi.org\/index.php\/2026\/02\/21\/turk-kizilayin-gazze-icin-hazirladigi-21-iyilik-gemisi-misira-ulasti\/","og_locale":"tr_TR","og_type":"article","og_title":"T\u00fcrk K\u0131z\u0131lay\u0131n Gazze i\u00e7in haz\u0131rlad\u0131\u011f\u0131 21. \u201c\u0130yilik Gemisi\u201d M\u0131s\u0131r\u2019a ula\u015ft\u0131 - Kuzeyin Sesi","og_description":"Yakla\u015f\u0131k 3 bin 300 ton insani yard\u0131m malzemesi ta\u015f\u0131yan gemide, 175 bin g\u0131da kolisi ba\u015fta olmak \u00fczere g\u0131da, hijyen, giyim, bar\u0131nma, su ve temel ya\u015fam malzemeleri yer al\u0131yor. Sevkiyat\u0131n \u00f6nemli bir b\u00f6l\u00fcm\u00fc, Kalyon Vakf\u0131 ile i\u015fbirli\u011fi i\u00e7inde y\u00fcr\u00fct\u00fclen &#8220;Filistin&#8217;e Nefes Kampanyas\u0131&#8221; kapsam\u0131nda sa\u011fland\u0131. El Ari\u015f Liman\u0131&#8217;nda kar\u015f\u0131lanan insani yard\u0131m malzemeleri, M\u0131s\u0131r K\u0131z\u0131lay\u0131 ile koordinasyon halinde [&hellip;]","og_url":"https:\/\/kuzeyinsesi.org\/index.php\/2026\/02\/21\/turk-kizilayin-gazze-icin-hazirladigi-21-iyilik-gemisi-misira-ulasti\/","og_site_name":"Kuzeyin Sesi","article_publisher":"https:\/\/www.facebook.com\/kuzeyinsesii","article_published_time":"2026-02-21T12:49:30+00:00","author":"Kuzeyin Sesi","twitter_card":"summary_large_image","twitter_creator":"@kuzeyinsesii","twitter_site":"@kuzeyinsesii","twitter_misc":{"Yazan:":"Kuzeyin Sesi","Tahmini okuma s\u00fcresi":"1 dakika"},"schema":{"@context":"https:\/\/schema.org","@graph":[{"@type":"Article","@id":"https:\/\/kuzeyinsesi.org\/index.php\/2026\/02\/21\/turk-kizilayin-gazze-icin-hazirladigi-21-iyilik-gemisi-misira-ulasti\/#article","isPartOf":{"@id":"https:\/\/kuzeyinsesi.org\/index.php\/2026\/02\/21\/turk-kizilayin-gazze-icin-hazirladigi-21-iyilik-gemisi-misira-ulasti\/"},"author":{"name":"Kuzeyin Sesi","@id":"https:\/\/kuzeyinsesi.org\/#\/schema\/person\/9f859689cdf01485597712386e37f5aa"},"headline":"T\u00fcrk K\u0131z\u0131lay\u0131n Gazze i\u00e7in haz\u0131rlad\u0131\u011f\u0131 21. \u201c\u0130yilik Gemisi\u201d M\u0131s\u0131r\u2019a ula\u015ft\u0131","datePublished":"2026-02-21T12:49:30+00:00","mainEntityOfPage":{"@id":"https:\/\/kuzeyinsesi.org\/index.php\/2026\/02\/21\/turk-kizilayin-gazze-icin-hazirladigi-21-iyilik-gemisi-misira-ulasti\/"},"wordCount":181,"commentCount":0,"image":{"@id":"https:\/\/kuzeyinsesi.org\/index.php\/2026\/02\/21\/turk-kizilayin-gazze-icin-hazirladigi-21-iyilik-gemisi-misira-ulasti\/#primaryimage"},"thumbnailUrl":"https:\/\/kuzeyinsesi.org\/wp-content\/uploads\/2026\/02\/thumbs_b_c_3c5282be89be99ff194f9da4061a4efa.jpg","articleSection":["K\u0131br\u0131s"],"inLanguage":"tr","potentialAction":[{"@type":"CommentAction","name":"Comment","target":["https:\/\/kuzeyinsesi.org\/index.php\/2026\/02\/21\/turk-kizilayin-gazze-icin-hazirladigi-21-iyilik-gemisi-misira-ulasti\/#respond"]}]},{"@type":"WebPage","@id":"https:\/\/kuzeyinsesi.org\/index.php\/2026\/02\/21\/turk-kizilayin-gazze-icin-hazirladigi-21-iyilik-gemisi-misira-ulasti\/","url":"https:\/\/kuzeyinsesi.org\/index.php\/2026\/02\/21\/turk-kizilayin-gazze-icin-hazirladigi-21-iyilik-gemisi-misira-ulasti\/","name":"T\u00fcrk K\u0131z\u0131lay\u0131n Gazze i\u00e7in haz\u0131rlad\u0131\u011f\u0131 21. \u201c\u0130yilik Gemisi\u201d M\u0131s\u0131r\u2019a ula\u015ft\u0131 - Kuzeyin Sesi","isPartOf":{"@id":"https:\/\/kuzeyinsesi.org\/#website"},"primaryImageOfPage":{"@id":"https:\/\/kuzeyinsesi.org\/index.php\/2026\/02\/21\/turk-kizilayin-gazze-icin-hazirladigi-21-iyilik-gemisi-misira-ulasti\/#primaryimage"},"image":{"@id":"https:\/\/kuzeyinsesi.org\/index.php\/2026\/02\/21\/turk-kizilayin-gazze-icin-hazirladigi-21-iyilik-gemisi-misira-ulasti\/#primaryimage"},"thumbnailUrl":"https:\/\/kuzeyinsesi.org\/wp-content\/uploads\/2026\/02\/thumbs_b_c_3c5282be89be99ff194f9da4061a4efa.jpg","datePublished":"2026-02-21T12:49:30+00:00","author":{"@id":"https:\/\/kuzeyinsesi.org\/#\/schema\/person\/9f859689cdf01485597712386e37f5aa"},"breadcrumb":{"@id":"https:\/\/kuzeyinsesi.org\/index.php\/2026\/02\/21\/turk-kizilayin-gazze-icin-hazirladigi-21-iyilik-gemisi-misira-ulasti\/#breadcrumb"},"inLanguage":"tr","potentialAction":[{"@type":"ReadAction","target":["https:\/\/kuzeyinsesi.org\/index.php\/2026\/02\/21\/turk-kizilayin-gazze-icin-hazirladigi-21-iyilik-gemisi-misira-ulasti\/"]}]},{"@type":"ImageObject","inLanguage":"tr","@id":"https:\/\/kuzeyinsesi.org\/index.php\/2026\/02\/21\/turk-kizilayin-gazze-icin-hazirladigi-21-iyilik-gemisi-misira-ulasti\/#primaryimage","url":"https:\/\/kuzeyinsesi.org\/wp-content\/uploads\/2026\/02\/thumbs_b_c_3c5282be89be99ff194f9da4061a4efa.jpg","contentUrl":"https:\/\/kuzeyinsesi.org\/wp-content\/uploads\/2026\/02\/thumbs_b_c_3c5282be89be99ff194f9da4061a4efa.jpg","width":864,"height":486},{"@type":"BreadcrumbList","@id":"https:\/\/kuzeyinsesi.org\/index.php\/2026\/02\/21\/turk-kizilayin-gazze-icin-hazirladigi-21-iyilik-gemisi-misira-ulasti\/#breadcrumb","itemListElement":[{"@type":"ListItem","position":1,"name":"Anasayfa","item":"https:\/\/kuzeyinsesi.org\/"},{"@type":"ListItem","position":2,"name":"T\u00fcrk K\u0131z\u0131lay\u0131n Gazze i\u00e7in haz\u0131rlad\u0131\u011f\u0131 21. \u201c\u0130yilik Gemisi\u201d M\u0131s\u0131r\u2019a ula\u015ft\u0131"}]},{"@type":"WebSite","@id":"https:\/\/kuzeyinsesi.org\/#website","url":"https:\/\/kuzeyinsesi.org\/","name":"Kuzeyin Sesi","description":"Do\u011fru Haberin Adresi","potentialAction":[{"@type":"SearchAction","target":{"@type":"EntryPoint","urlTemplate":"https:\/\/kuzeyinsesi.org\/?s={search_term_string}"},"query-input":{"@type":"PropertyValueSpecification","valueRequired":true,"valueName":"search_term_string"}}],"inLanguage":"tr"},{"@type":"Person","@id":"https:\/\/kuzeyinsesi.org\/#\/schema\/person\/9f859689cdf01485597712386e37f5aa","name":"Kuzeyin Sesi","image":{"@type":"ImageObject","inLanguage":"tr","@id":"https:\/\/secure.gravatar.com\/avatar\/bab33852abfd8b282518d6ed81826833d77c3c882d9ab608add591ccace47a44?s=96&d=mm&r=g","url":"https:\/\/secure.gravatar.com\/avatar\/bab33852abfd8b282518d6ed81826833d77c3c882d9ab608add591ccace47a44?s=96&d=mm&r=g","contentUrl":"https:\/\/secure.gravatar.com\/avatar\/bab33852abfd8b282518d6ed81826833d77c3c882d9ab608add591ccace47a44?s=96&d=mm&r=g","caption":"Kuzeyin Sesi"},"sameAs":["https:\/\/kuzeyinsesi.org"],"url":"https:\/\/kuzeyinsesi.org\/index.php\/author\/guven\/"}]}},"_links":{"self":[{"href":"https:\/\/kuzeyinsesi.org\/index.php\/wp-json\/wp\/v2\/posts\/35855","targetHints":{"allow":["GET"]}}],"collection":[{"href":"https:\/\/kuzeyinsesi.org\/index.php\/wp-json\/wp\/v2\/posts"}],"about":[{"href":"https:\/\/kuzeyinsesi.org\/index.php\/wp-json\/wp\/v2\/types\/post"}],"author":[{"embeddable":true,"href":"https:\/\/kuzeyinsesi.org\/index.php\/wp-json\/wp\/v2\/users\/1"}],"replies":[{"embeddable":true,"href":"https:\/\/kuzeyinsesi.org\/index.php\/wp-json\/wp\/v2\/comments?post=35855"}],"version-history":[{"count":0,"href":"https:\/\/kuzeyinsesi.org\/index.php\/wp-json\/wp\/v2\/posts\/35855\/revisions"}],"wp:featuredmedia":[{"embeddable":true,"href":"https:\/\/kuzeyinsesi.org\/index.php\/wp-json\/wp\/v2\/media\/35856"}],"wp:attachment":[{"href":"https:\/\/kuzeyinsesi.org\/index.php\/wp-json\/wp\/v2\/media?parent=35855"}],"wp:term":[{"taxonomy":"category","embeddable":true,"href":"https:\/\/kuzeyinsesi.org\/index.php\/wp-json\/wp\/v2\/categories?post=35855"},{"taxonomy":"post_tag","embeddable":true,"href":"https:\/\/kuzeyinsesi.org\/index.php\/wp-json\/wp\/v2\/tags?post=35855"}],"curies":[{"name":"wp","href":"https:\/\/api.w.org\/{rel}","templated":true}]}}