{"id":3585,"date":"2024-05-28T16:46:09","date_gmt":"2024-05-28T13:46:09","guid":{"rendered":"https:\/\/kuzeyinsesi.com\/index.php\/2024\/05\/28\/1-haziran-dunya-cocuk-gununde-copsuz-dunya-sahne-alacak\/"},"modified":"2024-05-28T16:46:09","modified_gmt":"2024-05-28T13:46:09","slug":"1-haziran-dunya-cocuk-gununde-copsuz-dunya-sahne-alacak","status":"publish","type":"post","link":"https:\/\/kuzeyinsesi.org\/index.php\/2024\/05\/28\/1-haziran-dunya-cocuk-gununde-copsuz-dunya-sahne-alacak\/","title":{"rendered":"1 Haziran D\u00fcnya \u00c7ocuk G\u00fcn\u00fcnde \u201c\u00c7\u00f6ps\u00fcz D\u00fcnya\u201d sahne alacak"},"content":{"rendered":"<div>\n<div class=\"mariselle-image-container center\">\n                                            <\/div>\n<p> \u201c20. K\u0131br\u0131s Tiyatro Festivali\u201d devam ediyor.<\/p>\n<p>1 Haziran D\u00fcnya \u00c7ocuk G\u00fcn\u00fc\u2019nde \u0130stanbul \u015eehir Tiyatrolar\u0131\u2019n\u0131n Nihat Alpteki\u2019nin y\u00f6netti\u011fi  \u00e7ocuk oyunu \u201c\u00c7\u00f6ps\u00fcz D\u00fcnya\u201d art\u0131 d\u00f6rt ya\u015f k\u00fc\u00e7\u00fck seyirciler i\u00e7in YD\u00dc AKKM\u2019de sahnede olacak.<\/p>\n<p>Lefko\u015fa Belediye Tiyatrosundan verilen bilgiye g\u00f6re, oyunun konusu \u015f\u00f6yle:<\/p>\n<p>\u201c\u0130klim de\u011fi\u015fikli\u011fi ve hava kirlili\u011finden dolay\u0131 bulutlar\u0131n renginin, r\u00fczgar\u0131n y\u00f6n\u00fcn\u00fcn de\u011fi\u015fti\u011fi g\u00fcnlerden bir g\u00fcn; umutlu, mutlu ve bilin\u00e7li bir u\u00e7urtma olan u\u00e7 u\u00e7 kuyru\u011fu koptu\u011fu i\u00e7in br \u00e7\u00f6pl\u00fc\u011fe d\u00fc\u015fer. \u00c7\u00f6pl\u00fckte, bez bir bebek olan P\u00fcsk\u00fcll\u00fc ve Koli\u2019nin ya\u015fad\u0131klar\u0131 anlat\u0131l\u0131r. \u00c7\u00f6ps\u00fcz D\u00fcnya oyununda t\u00fcketim k\u00fclt\u00fcr\u00fcn\u00fcn bilin\u00e7sizce yayg\u0131nla\u015ft\u0131\u011f\u0131 g\u00fcn\u00fcm\u00fczde, at\u0131klardan ar\u0131nd\u0131r\u0131lm\u0131\u015f bir d\u00fcnya nas\u0131l m\u00fcmk\u00fcn olabilir sorusuna cevaplar aran\u0131yor.\u201d<\/p>\n<p>Biletler, biletinial.com adresinden, gi\u015feden ve kap\u0131dan sat\u0131\u015fta olacak.<\/p>\n<\/p><\/div>\n<p><script async\n                    defer\n                    crossorigin=\"anonymous\"\n                    src=\"https:\/\/connect.facebook.net\/tr_TR\/sdk.js#xfbml=1&#038;version=v3.3\"\n            ><\/script><\/p>\n","protected":false},"excerpt":{"rendered":"<p>\u201c20. K\u0131br\u0131s Tiyatro Festivali\u201d devam ediyor. 1 Haziran D\u00fcnya \u00c7ocuk G\u00fcn\u00fc\u2019nde \u0130stanbul \u015eehir Tiyatrolar\u0131\u2019n\u0131n Nihat Alpteki\u2019nin y\u00f6netti\u011fi \u00e7ocuk oyunu \u201c\u00c7\u00f6ps\u00fcz D\u00fcnya\u201d art\u0131 d\u00f6rt ya\u015f k\u00fc\u00e7\u00fck seyirciler i\u00e7in YD\u00dc AKKM\u2019de sahnede olacak. Lefko\u015fa Belediye Tiyatrosundan verilen bilgiye g\u00f6re, oyunun konusu \u015f\u00f6yle: \u201c\u0130klim de\u011fi\u015fikli\u011fi ve hava kirlili\u011finden dolay\u0131 bulutlar\u0131n renginin, r\u00fczgar\u0131n y\u00f6n\u00fcn\u00fcn de\u011fi\u015fti\u011fi g\u00fcnlerden bir g\u00fcn; umutlu, [&hellip;]<\/p>\n","protected":false},"author":1,"featured_media":3586,"comment_status":"open","ping_status":"open","sticky":false,"template":"","format":"standard","meta":{"jnews-multi-image_gallery":[],"jnews_single_post":[],"jnews_primary_category":[],"jnews_social_meta":[],"jnews_override_counter":[],"footnotes":""},"categories":[6],"tags":[],"class_list":["post-3585","post","type-post","status-publish","format-standard","has-post-thumbnail","hentry","category-yasam"],"yoast_head":"<!-- This site is optimized with the Yoast SEO plugin v27.5 - https:\/\/yoast.com\/product\/yoast-seo-wordpress\/ -->\n<title>1 Haziran D\u00fcnya \u00c7ocuk G\u00fcn\u00fcnde \u201c\u00c7\u00f6ps\u00fcz D\u00fcnya\u201d sahne alacak - Kuzeyin Sesi<\/title>\n<meta name=\"robots\" content=\"index, follow, max-snippet:-1, max-image-preview:large, max-video-preview:-1\" \/>\n<link rel=\"canonical\" href=\"https:\/\/kuzeyinsesi.org\/index.php\/2024\/05\/28\/1-haziran-dunya-cocuk-gununde-copsuz-dunya-sahne-alacak\/\" \/>\n<meta property=\"og:locale\" content=\"tr_TR\" \/>\n<meta property=\"og:type\" content=\"article\" \/>\n<meta property=\"og:title\" content=\"1 Haziran D\u00fcnya \u00c7ocuk G\u00fcn\u00fcnde \u201c\u00c7\u00f6ps\u00fcz D\u00fcnya\u201d sahne alacak - Kuzeyin Sesi\" \/>\n<meta property=\"og:description\" content=\"\u201c20. K\u0131br\u0131s Tiyatro Festivali\u201d devam ediyor. 1 Haziran D\u00fcnya \u00c7ocuk G\u00fcn\u00fc\u2019nde \u0130stanbul \u015eehir Tiyatrolar\u0131\u2019n\u0131n Nihat Alpteki\u2019nin y\u00f6netti\u011fi \u00e7ocuk oyunu \u201c\u00c7\u00f6ps\u00fcz D\u00fcnya\u201d art\u0131 d\u00f6rt ya\u015f k\u00fc\u00e7\u00fck seyirciler i\u00e7in YD\u00dc AKKM\u2019de sahnede olacak. Lefko\u015fa Belediye Tiyatrosundan verilen bilgiye g\u00f6re, oyunun konusu \u015f\u00f6yle: \u201c\u0130klim de\u011fi\u015fikli\u011fi ve hava kirlili\u011finden dolay\u0131 bulutlar\u0131n renginin, r\u00fczgar\u0131n y\u00f6n\u00fcn\u00fcn de\u011fi\u015fti\u011fi g\u00fcnlerden bir g\u00fcn; umutlu, [&hellip;]\" \/>\n<meta property=\"og:url\" content=\"https:\/\/kuzeyinsesi.org\/index.php\/2024\/05\/28\/1-haziran-dunya-cocuk-gununde-copsuz-dunya-sahne-alacak\/\" \/>\n<meta property=\"og:site_name\" content=\"Kuzeyin Sesi\" \/>\n<meta property=\"article:publisher\" content=\"https:\/\/www.facebook.com\/kuzeyinsesii\" \/>\n<meta property=\"article:published_time\" content=\"2024-05-28T13:46:09+00:00\" \/>\n<meta property=\"og:image\" content=\"https:\/\/kuzeyinsesi.org\/wp-content\/uploads\/2024\/05\/copsuz.jpg\" \/>\n\t<meta property=\"og:image:width\" content=\"450\" \/>\n\t<meta property=\"og:image:height\" content=\"260\" \/>\n\t<meta property=\"og:image:type\" content=\"image\/jpeg\" \/>\n<meta name=\"author\" content=\"Kuzeyin Sesi\" \/>\n<meta name=\"twitter:card\" content=\"summary_large_image\" \/>\n<meta name=\"twitter:creator\" content=\"@kuzeyinsesii\" \/>\n<meta name=\"twitter:site\" content=\"@kuzeyinsesii\" \/>\n<meta name=\"twitter:label1\" content=\"Yazan:\" \/>\n\t<meta name=\"twitter:data1\" content=\"Kuzeyin Sesi\" \/>\n\t<meta name=\"twitter:label2\" content=\"Tahmini okuma s\u00fcresi\" \/>\n\t<meta name=\"twitter:data2\" content=\"1 dakika\" \/>\n<script type=\"application\/ld+json\" class=\"yoast-schema-graph\">{\"@context\":\"https:\\\/\\\/schema.org\",\"@graph\":[{\"@type\":\"Article\",\"@id\":\"https:\\\/\\\/kuzeyinsesi.org\\\/index.php\\\/2024\\\/05\\\/28\\\/1-haziran-dunya-cocuk-gununde-copsuz-dunya-sahne-alacak\\\/#article\",\"isPartOf\":{\"@id\":\"https:\\\/\\\/kuzeyinsesi.org\\\/index.php\\\/2024\\\/05\\\/28\\\/1-haziran-dunya-cocuk-gununde-copsuz-dunya-sahne-alacak\\\/\"},\"author\":{\"name\":\"Kuzeyin Sesi\",\"@id\":\"https:\\\/\\\/kuzeyinsesi.org\\\/#\\\/schema\\\/person\\\/9f859689cdf01485597712386e37f5aa\"},\"headline\":\"1 Haziran D\u00fcnya \u00c7ocuk G\u00fcn\u00fcnde \u201c\u00c7\u00f6ps\u00fcz D\u00fcnya\u201d sahne alacak\",\"datePublished\":\"2024-05-28T13:46:09+00:00\",\"mainEntityOfPage\":{\"@id\":\"https:\\\/\\\/kuzeyinsesi.org\\\/index.php\\\/2024\\\/05\\\/28\\\/1-haziran-dunya-cocuk-gununde-copsuz-dunya-sahne-alacak\\\/\"},\"wordCount\":190,\"commentCount\":0,\"image\":{\"@id\":\"https:\\\/\\\/kuzeyinsesi.org\\\/index.php\\\/2024\\\/05\\\/28\\\/1-haziran-dunya-cocuk-gununde-copsuz-dunya-sahne-alacak\\\/#primaryimage\"},\"thumbnailUrl\":\"https:\\\/\\\/kuzeyinsesi.org\\\/wp-content\\\/uploads\\\/2024\\\/05\\\/copsuz.jpg\",\"articleSection\":[\"Ya\u015fam\"],\"inLanguage\":\"tr\",\"potentialAction\":[{\"@type\":\"CommentAction\",\"name\":\"Comment\",\"target\":[\"https:\\\/\\\/kuzeyinsesi.org\\\/index.php\\\/2024\\\/05\\\/28\\\/1-haziran-dunya-cocuk-gununde-copsuz-dunya-sahne-alacak\\\/#respond\"]}]},{\"@type\":\"WebPage\",\"@id\":\"https:\\\/\\\/kuzeyinsesi.org\\\/index.php\\\/2024\\\/05\\\/28\\\/1-haziran-dunya-cocuk-gununde-copsuz-dunya-sahne-alacak\\\/\",\"url\":\"https:\\\/\\\/kuzeyinsesi.org\\\/index.php\\\/2024\\\/05\\\/28\\\/1-haziran-dunya-cocuk-gununde-copsuz-dunya-sahne-alacak\\\/\",\"name\":\"1 Haziran D\u00fcnya \u00c7ocuk G\u00fcn\u00fcnde \u201c\u00c7\u00f6ps\u00fcz D\u00fcnya\u201d sahne alacak - Kuzeyin Sesi\",\"isPartOf\":{\"@id\":\"https:\\\/\\\/kuzeyinsesi.org\\\/#website\"},\"primaryImageOfPage\":{\"@id\":\"https:\\\/\\\/kuzeyinsesi.org\\\/index.php\\\/2024\\\/05\\\/28\\\/1-haziran-dunya-cocuk-gununde-copsuz-dunya-sahne-alacak\\\/#primaryimage\"},\"image\":{\"@id\":\"https:\\\/\\\/kuzeyinsesi.org\\\/index.php\\\/2024\\\/05\\\/28\\\/1-haziran-dunya-cocuk-gununde-copsuz-dunya-sahne-alacak\\\/#primaryimage\"},\"thumbnailUrl\":\"https:\\\/\\\/kuzeyinsesi.org\\\/wp-content\\\/uploads\\\/2024\\\/05\\\/copsuz.jpg\",\"datePublished\":\"2024-05-28T13:46:09+00:00\",\"author\":{\"@id\":\"https:\\\/\\\/kuzeyinsesi.org\\\/#\\\/schema\\\/person\\\/9f859689cdf01485597712386e37f5aa\"},\"breadcrumb\":{\"@id\":\"https:\\\/\\\/kuzeyinsesi.org\\\/index.php\\\/2024\\\/05\\\/28\\\/1-haziran-dunya-cocuk-gununde-copsuz-dunya-sahne-alacak\\\/#breadcrumb\"},\"inLanguage\":\"tr\",\"potentialAction\":[{\"@type\":\"ReadAction\",\"target\":[\"https:\\\/\\\/kuzeyinsesi.org\\\/index.php\\\/2024\\\/05\\\/28\\\/1-haziran-dunya-cocuk-gununde-copsuz-dunya-sahne-alacak\\\/\"]}]},{\"@type\":\"ImageObject\",\"inLanguage\":\"tr\",\"@id\":\"https:\\\/\\\/kuzeyinsesi.org\\\/index.php\\\/2024\\\/05\\\/28\\\/1-haziran-dunya-cocuk-gununde-copsuz-dunya-sahne-alacak\\\/#primaryimage\",\"url\":\"https:\\\/\\\/kuzeyinsesi.org\\\/wp-content\\\/uploads\\\/2024\\\/05\\\/copsuz.jpg\",\"contentUrl\":\"https:\\\/\\\/kuzeyinsesi.org\\\/wp-content\\\/uploads\\\/2024\\\/05\\\/copsuz.jpg\",\"width\":450,\"height\":260},{\"@type\":\"BreadcrumbList\",\"@id\":\"https:\\\/\\\/kuzeyinsesi.org\\\/index.php\\\/2024\\\/05\\\/28\\\/1-haziran-dunya-cocuk-gununde-copsuz-dunya-sahne-alacak\\\/#breadcrumb\",\"itemListElement\":[{\"@type\":\"ListItem\",\"position\":1,\"name\":\"Anasayfa\",\"item\":\"https:\\\/\\\/kuzeyinsesi.org\\\/\"},{\"@type\":\"ListItem\",\"position\":2,\"name\":\"1 Haziran D\u00fcnya \u00c7ocuk G\u00fcn\u00fcnde \u201c\u00c7\u00f6ps\u00fcz D\u00fcnya\u201d sahne alacak\"}]},{\"@type\":\"WebSite\",\"@id\":\"https:\\\/\\\/kuzeyinsesi.org\\\/#website\",\"url\":\"https:\\\/\\\/kuzeyinsesi.org\\\/\",\"name\":\"Kuzeyin Sesi\",\"description\":\"Do\u011fru Haberin Adresi\",\"potentialAction\":[{\"@type\":\"SearchAction\",\"target\":{\"@type\":\"EntryPoint\",\"urlTemplate\":\"https:\\\/\\\/kuzeyinsesi.org\\\/?s={search_term_string}\"},\"query-input\":{\"@type\":\"PropertyValueSpecification\",\"valueRequired\":true,\"valueName\":\"search_term_string\"}}],\"inLanguage\":\"tr\"},{\"@type\":\"Person\",\"@id\":\"https:\\\/\\\/kuzeyinsesi.org\\\/#\\\/schema\\\/person\\\/9f859689cdf01485597712386e37f5aa\",\"name\":\"Kuzeyin Sesi\",\"image\":{\"@type\":\"ImageObject\",\"inLanguage\":\"tr\",\"@id\":\"https:\\\/\\\/secure.gravatar.com\\\/avatar\\\/bab33852abfd8b282518d6ed81826833d77c3c882d9ab608add591ccace47a44?s=96&d=mm&r=g\",\"url\":\"https:\\\/\\\/secure.gravatar.com\\\/avatar\\\/bab33852abfd8b282518d6ed81826833d77c3c882d9ab608add591ccace47a44?s=96&d=mm&r=g\",\"contentUrl\":\"https:\\\/\\\/secure.gravatar.com\\\/avatar\\\/bab33852abfd8b282518d6ed81826833d77c3c882d9ab608add591ccace47a44?s=96&d=mm&r=g\",\"caption\":\"Kuzeyin Sesi\"},\"sameAs\":[\"https:\\\/\\\/kuzeyinsesi.org\"],\"url\":\"https:\\\/\\\/kuzeyinsesi.org\\\/index.php\\\/author\\\/guven\\\/\"}]}<\/script>\n<!-- \/ Yoast SEO plugin. -->","yoast_head_json":{"title":"1 Haziran D\u00fcnya \u00c7ocuk G\u00fcn\u00fcnde \u201c\u00c7\u00f6ps\u00fcz D\u00fcnya\u201d sahne alacak - Kuzeyin Sesi","robots":{"index":"index","follow":"follow","max-snippet":"max-snippet:-1","max-image-preview":"max-image-preview:large","max-video-preview":"max-video-preview:-1"},"canonical":"https:\/\/kuzeyinsesi.org\/index.php\/2024\/05\/28\/1-haziran-dunya-cocuk-gununde-copsuz-dunya-sahne-alacak\/","og_locale":"tr_TR","og_type":"article","og_title":"1 Haziran D\u00fcnya \u00c7ocuk G\u00fcn\u00fcnde \u201c\u00c7\u00f6ps\u00fcz D\u00fcnya\u201d sahne alacak - Kuzeyin Sesi","og_description":"\u201c20. K\u0131br\u0131s Tiyatro Festivali\u201d devam ediyor. 1 Haziran D\u00fcnya \u00c7ocuk G\u00fcn\u00fc\u2019nde \u0130stanbul \u015eehir Tiyatrolar\u0131\u2019n\u0131n Nihat Alpteki\u2019nin y\u00f6netti\u011fi \u00e7ocuk oyunu \u201c\u00c7\u00f6ps\u00fcz D\u00fcnya\u201d art\u0131 d\u00f6rt ya\u015f k\u00fc\u00e7\u00fck seyirciler i\u00e7in YD\u00dc AKKM\u2019de sahnede olacak. Lefko\u015fa Belediye Tiyatrosundan verilen bilgiye g\u00f6re, oyunun konusu \u015f\u00f6yle: \u201c\u0130klim de\u011fi\u015fikli\u011fi ve hava kirlili\u011finden dolay\u0131 bulutlar\u0131n renginin, r\u00fczgar\u0131n y\u00f6n\u00fcn\u00fcn de\u011fi\u015fti\u011fi g\u00fcnlerden bir g\u00fcn; umutlu, [&hellip;]","og_url":"https:\/\/kuzeyinsesi.org\/index.php\/2024\/05\/28\/1-haziran-dunya-cocuk-gununde-copsuz-dunya-sahne-alacak\/","og_site_name":"Kuzeyin Sesi","article_publisher":"https:\/\/www.facebook.com\/kuzeyinsesii","article_published_time":"2024-05-28T13:46:09+00:00","og_image":[{"width":450,"height":260,"url":"https:\/\/kuzeyinsesi.org\/wp-content\/uploads\/2024\/05\/copsuz.jpg","type":"image\/jpeg"}],"author":"Kuzeyin Sesi","twitter_card":"summary_large_image","twitter_creator":"@kuzeyinsesii","twitter_site":"@kuzeyinsesii","twitter_misc":{"Yazan:":"Kuzeyin Sesi","Tahmini okuma s\u00fcresi":"1 dakika"},"schema":{"@context":"https:\/\/schema.org","@graph":[{"@type":"Article","@id":"https:\/\/kuzeyinsesi.org\/index.php\/2024\/05\/28\/1-haziran-dunya-cocuk-gununde-copsuz-dunya-sahne-alacak\/#article","isPartOf":{"@id":"https:\/\/kuzeyinsesi.org\/index.php\/2024\/05\/28\/1-haziran-dunya-cocuk-gununde-copsuz-dunya-sahne-alacak\/"},"author":{"name":"Kuzeyin Sesi","@id":"https:\/\/kuzeyinsesi.org\/#\/schema\/person\/9f859689cdf01485597712386e37f5aa"},"headline":"1 Haziran D\u00fcnya \u00c7ocuk G\u00fcn\u00fcnde \u201c\u00c7\u00f6ps\u00fcz D\u00fcnya\u201d sahne alacak","datePublished":"2024-05-28T13:46:09+00:00","mainEntityOfPage":{"@id":"https:\/\/kuzeyinsesi.org\/index.php\/2024\/05\/28\/1-haziran-dunya-cocuk-gununde-copsuz-dunya-sahne-alacak\/"},"wordCount":190,"commentCount":0,"image":{"@id":"https:\/\/kuzeyinsesi.org\/index.php\/2024\/05\/28\/1-haziran-dunya-cocuk-gununde-copsuz-dunya-sahne-alacak\/#primaryimage"},"thumbnailUrl":"https:\/\/kuzeyinsesi.org\/wp-content\/uploads\/2024\/05\/copsuz.jpg","articleSection":["Ya\u015fam"],"inLanguage":"tr","potentialAction":[{"@type":"CommentAction","name":"Comment","target":["https:\/\/kuzeyinsesi.org\/index.php\/2024\/05\/28\/1-haziran-dunya-cocuk-gununde-copsuz-dunya-sahne-alacak\/#respond"]}]},{"@type":"WebPage","@id":"https:\/\/kuzeyinsesi.org\/index.php\/2024\/05\/28\/1-haziran-dunya-cocuk-gununde-copsuz-dunya-sahne-alacak\/","url":"https:\/\/kuzeyinsesi.org\/index.php\/2024\/05\/28\/1-haziran-dunya-cocuk-gununde-copsuz-dunya-sahne-alacak\/","name":"1 Haziran D\u00fcnya \u00c7ocuk G\u00fcn\u00fcnde \u201c\u00c7\u00f6ps\u00fcz D\u00fcnya\u201d sahne alacak - Kuzeyin Sesi","isPartOf":{"@id":"https:\/\/kuzeyinsesi.org\/#website"},"primaryImageOfPage":{"@id":"https:\/\/kuzeyinsesi.org\/index.php\/2024\/05\/28\/1-haziran-dunya-cocuk-gununde-copsuz-dunya-sahne-alacak\/#primaryimage"},"image":{"@id":"https:\/\/kuzeyinsesi.org\/index.php\/2024\/05\/28\/1-haziran-dunya-cocuk-gununde-copsuz-dunya-sahne-alacak\/#primaryimage"},"thumbnailUrl":"https:\/\/kuzeyinsesi.org\/wp-content\/uploads\/2024\/05\/copsuz.jpg","datePublished":"2024-05-28T13:46:09+00:00","author":{"@id":"https:\/\/kuzeyinsesi.org\/#\/schema\/person\/9f859689cdf01485597712386e37f5aa"},"breadcrumb":{"@id":"https:\/\/kuzeyinsesi.org\/index.php\/2024\/05\/28\/1-haziran-dunya-cocuk-gununde-copsuz-dunya-sahne-alacak\/#breadcrumb"},"inLanguage":"tr","potentialAction":[{"@type":"ReadAction","target":["https:\/\/kuzeyinsesi.org\/index.php\/2024\/05\/28\/1-haziran-dunya-cocuk-gununde-copsuz-dunya-sahne-alacak\/"]}]},{"@type":"ImageObject","inLanguage":"tr","@id":"https:\/\/kuzeyinsesi.org\/index.php\/2024\/05\/28\/1-haziran-dunya-cocuk-gununde-copsuz-dunya-sahne-alacak\/#primaryimage","url":"https:\/\/kuzeyinsesi.org\/wp-content\/uploads\/2024\/05\/copsuz.jpg","contentUrl":"https:\/\/kuzeyinsesi.org\/wp-content\/uploads\/2024\/05\/copsuz.jpg","width":450,"height":260},{"@type":"BreadcrumbList","@id":"https:\/\/kuzeyinsesi.org\/index.php\/2024\/05\/28\/1-haziran-dunya-cocuk-gununde-copsuz-dunya-sahne-alacak\/#breadcrumb","itemListElement":[{"@type":"ListItem","position":1,"name":"Anasayfa","item":"https:\/\/kuzeyinsesi.org\/"},{"@type":"ListItem","position":2,"name":"1 Haziran D\u00fcnya \u00c7ocuk G\u00fcn\u00fcnde \u201c\u00c7\u00f6ps\u00fcz D\u00fcnya\u201d sahne alacak"}]},{"@type":"WebSite","@id":"https:\/\/kuzeyinsesi.org\/#website","url":"https:\/\/kuzeyinsesi.org\/","name":"Kuzeyin Sesi","description":"Do\u011fru Haberin Adresi","potentialAction":[{"@type":"SearchAction","target":{"@type":"EntryPoint","urlTemplate":"https:\/\/kuzeyinsesi.org\/?s={search_term_string}"},"query-input":{"@type":"PropertyValueSpecification","valueRequired":true,"valueName":"search_term_string"}}],"inLanguage":"tr"},{"@type":"Person","@id":"https:\/\/kuzeyinsesi.org\/#\/schema\/person\/9f859689cdf01485597712386e37f5aa","name":"Kuzeyin Sesi","image":{"@type":"ImageObject","inLanguage":"tr","@id":"https:\/\/secure.gravatar.com\/avatar\/bab33852abfd8b282518d6ed81826833d77c3c882d9ab608add591ccace47a44?s=96&d=mm&r=g","url":"https:\/\/secure.gravatar.com\/avatar\/bab33852abfd8b282518d6ed81826833d77c3c882d9ab608add591ccace47a44?s=96&d=mm&r=g","contentUrl":"https:\/\/secure.gravatar.com\/avatar\/bab33852abfd8b282518d6ed81826833d77c3c882d9ab608add591ccace47a44?s=96&d=mm&r=g","caption":"Kuzeyin Sesi"},"sameAs":["https:\/\/kuzeyinsesi.org"],"url":"https:\/\/kuzeyinsesi.org\/index.php\/author\/guven\/"}]}},"_links":{"self":[{"href":"https:\/\/kuzeyinsesi.org\/index.php\/wp-json\/wp\/v2\/posts\/3585","targetHints":{"allow":["GET"]}}],"collection":[{"href":"https:\/\/kuzeyinsesi.org\/index.php\/wp-json\/wp\/v2\/posts"}],"about":[{"href":"https:\/\/kuzeyinsesi.org\/index.php\/wp-json\/wp\/v2\/types\/post"}],"author":[{"embeddable":true,"href":"https:\/\/kuzeyinsesi.org\/index.php\/wp-json\/wp\/v2\/users\/1"}],"replies":[{"embeddable":true,"href":"https:\/\/kuzeyinsesi.org\/index.php\/wp-json\/wp\/v2\/comments?post=3585"}],"version-history":[{"count":0,"href":"https:\/\/kuzeyinsesi.org\/index.php\/wp-json\/wp\/v2\/posts\/3585\/revisions"}],"wp:featuredmedia":[{"embeddable":true,"href":"https:\/\/kuzeyinsesi.org\/index.php\/wp-json\/wp\/v2\/media\/3586"}],"wp:attachment":[{"href":"https:\/\/kuzeyinsesi.org\/index.php\/wp-json\/wp\/v2\/media?parent=3585"}],"wp:term":[{"taxonomy":"category","embeddable":true,"href":"https:\/\/kuzeyinsesi.org\/index.php\/wp-json\/wp\/v2\/categories?post=3585"},{"taxonomy":"post_tag","embeddable":true,"href":"https:\/\/kuzeyinsesi.org\/index.php\/wp-json\/wp\/v2\/tags?post=3585"}],"curies":[{"name":"wp","href":"https:\/\/api.w.org\/{rel}","templated":true}]}}