{"id":3569,"date":"2024-05-28T14:44:13","date_gmt":"2024-05-28T11:44:13","guid":{"rendered":"https:\/\/kuzeyinsesi.com\/index.php\/2024\/05\/28\/gonyeli-alaykoyde-dunya-cocuk-gunu-senligi\/"},"modified":"2024-05-28T14:44:13","modified_gmt":"2024-05-28T11:44:13","slug":"gonyeli-alaykoyde-dunya-cocuk-gunu-senligi","status":"publish","type":"post","link":"https:\/\/kuzeyinsesi.org\/index.php\/2024\/05\/28\/gonyeli-alaykoyde-dunya-cocuk-gunu-senligi\/","title":{"rendered":"G\u00f6nyeli Alayk\u00f6y\u2019de D\u00fcnya \u00c7ocuk G\u00fcn\u00fc \u015eenli\u011fi"},"content":{"rendered":"<div>\n<div class=\"mariselle-image-container center\">\n                                            <\/div>\n<p>G\u00f6nyeli Alayk\u00f6y Belediyesi, 1 Haziran D\u00fcnya \u00c7ocuk G\u00fcn\u00fc nedeniyle \u00e7ocuk \u015fenli\u011fi d\u00fczenliyor.<\/p>\n<p>G\u00f6nyeli Alayk\u00f6y Belediyesi Bas\u0131n ve Halkla \u0130li\u015fkiler Birimi\u2019nden verilen bilgiye g\u00f6re, per\u015fembe kortej d\u00fczenlenecek. Yal\u00e7\u0131n Park\u2019ta sona erecek kortej G\u00f6nyeli Belediyesi Eski Hizmet Binas\u0131ndan ba\u015flayacak,<\/p>\n<p>G\u00f6nyeli Alayk\u00f6y Belediyesi\u2019nin Damla Sokak\u2019ta yapt\u0131\u011f\u0131 park\u0131n a\u00e7\u0131l\u0131\u015f\u0131 cuma g\u00fcn\u00fc yap\u0131lacak. Cumartesi g\u00fcn\u00fc G\u00f6nyeli Alayk\u00f6y Belediye Bulvar\u0131\u2019nda U\u00e7urtma \u015eenli\u011fi ve Yenikent Al\u0131\u015fveri\u015f \u015e\u00f6leni, ak\u015fam ise konserler yer alacak. Pazar g\u00fcn\u00fc Alayk\u00f6y\u2019de \u00c7ocuk \u015eenli\u011fi d\u00fczenlenecek.<\/p>\n<\/p><\/div>\n<p><script async\n                    defer\n                    crossorigin=\"anonymous\"\n                    src=\"https:\/\/connect.facebook.net\/tr_TR\/sdk.js#xfbml=1&#038;version=v3.3\"\n            ><\/script><\/p>\n","protected":false},"excerpt":{"rendered":"<p>G\u00f6nyeli Alayk\u00f6y Belediyesi, 1 Haziran D\u00fcnya \u00c7ocuk G\u00fcn\u00fc nedeniyle \u00e7ocuk \u015fenli\u011fi d\u00fczenliyor. G\u00f6nyeli Alayk\u00f6y Belediyesi Bas\u0131n ve Halkla \u0130li\u015fkiler Birimi\u2019nden verilen bilgiye g\u00f6re, per\u015fembe kortej d\u00fczenlenecek. Yal\u00e7\u0131n Park\u2019ta sona erecek kortej G\u00f6nyeli Belediyesi Eski Hizmet Binas\u0131ndan ba\u015flayacak, G\u00f6nyeli Alayk\u00f6y Belediyesi\u2019nin Damla Sokak\u2019ta yapt\u0131\u011f\u0131 park\u0131n a\u00e7\u0131l\u0131\u015f\u0131 cuma g\u00fcn\u00fc yap\u0131lacak. Cumartesi g\u00fcn\u00fc G\u00f6nyeli Alayk\u00f6y Belediye Bulvar\u0131\u2019nda U\u00e7urtma [&hellip;]<\/p>\n","protected":false},"author":1,"featured_media":3570,"comment_status":"open","ping_status":"open","sticky":false,"template":"","format":"standard","meta":{"jnews-multi-image_gallery":[],"jnews_single_post":[],"jnews_primary_category":[],"jnews_social_meta":[],"jnews_override_counter":[],"footnotes":""},"categories":[6],"tags":[],"class_list":["post-3569","post","type-post","status-publish","format-standard","has-post-thumbnail","hentry","category-yasam"],"yoast_head":"<!-- This site is optimized with the Yoast SEO plugin v27.5 - https:\/\/yoast.com\/product\/yoast-seo-wordpress\/ -->\n<title>G\u00f6nyeli Alayk\u00f6y\u2019de D\u00fcnya \u00c7ocuk G\u00fcn\u00fc \u015eenli\u011fi - Kuzeyin Sesi<\/title>\n<meta name=\"robots\" content=\"index, follow, max-snippet:-1, max-image-preview:large, max-video-preview:-1\" \/>\n<link rel=\"canonical\" href=\"https:\/\/kuzeyinsesi.org\/index.php\/2024\/05\/28\/gonyeli-alaykoyde-dunya-cocuk-gunu-senligi\/\" \/>\n<meta property=\"og:locale\" content=\"tr_TR\" \/>\n<meta property=\"og:type\" content=\"article\" \/>\n<meta property=\"og:title\" content=\"G\u00f6nyeli Alayk\u00f6y\u2019de D\u00fcnya \u00c7ocuk G\u00fcn\u00fc \u015eenli\u011fi - Kuzeyin Sesi\" \/>\n<meta property=\"og:description\" content=\"G\u00f6nyeli Alayk\u00f6y Belediyesi, 1 Haziran D\u00fcnya \u00c7ocuk G\u00fcn\u00fc nedeniyle \u00e7ocuk \u015fenli\u011fi d\u00fczenliyor. G\u00f6nyeli Alayk\u00f6y Belediyesi Bas\u0131n ve Halkla \u0130li\u015fkiler Birimi\u2019nden verilen bilgiye g\u00f6re, per\u015fembe kortej d\u00fczenlenecek. Yal\u00e7\u0131n Park\u2019ta sona erecek kortej G\u00f6nyeli Belediyesi Eski Hizmet Binas\u0131ndan ba\u015flayacak, G\u00f6nyeli Alayk\u00f6y Belediyesi\u2019nin Damla Sokak\u2019ta yapt\u0131\u011f\u0131 park\u0131n a\u00e7\u0131l\u0131\u015f\u0131 cuma g\u00fcn\u00fc yap\u0131lacak. Cumartesi g\u00fcn\u00fc G\u00f6nyeli Alayk\u00f6y Belediye Bulvar\u0131\u2019nda U\u00e7urtma [&hellip;]\" \/>\n<meta property=\"og:url\" content=\"https:\/\/kuzeyinsesi.org\/index.php\/2024\/05\/28\/gonyeli-alaykoyde-dunya-cocuk-gunu-senligi\/\" \/>\n<meta property=\"og:site_name\" content=\"Kuzeyin Sesi\" \/>\n<meta property=\"article:publisher\" content=\"https:\/\/www.facebook.com\/kuzeyinsesii\" \/>\n<meta property=\"article:published_time\" content=\"2024-05-28T11:44:13+00:00\" \/>\n<meta property=\"og:image\" content=\"https:\/\/kuzeyinsesi.org\/wp-content\/uploads\/2024\/05\/gonyeli-alaykoy-cocuk-senligi.png\" \/>\n\t<meta property=\"og:image:width\" content=\"1598\" \/>\n\t<meta property=\"og:image:height\" content=\"1118\" \/>\n\t<meta property=\"og:image:type\" content=\"image\/png\" \/>\n<meta name=\"author\" content=\"Kuzeyin Sesi\" \/>\n<meta name=\"twitter:card\" content=\"summary_large_image\" \/>\n<meta name=\"twitter:creator\" content=\"@kuzeyinsesii\" \/>\n<meta name=\"twitter:site\" content=\"@kuzeyinsesii\" \/>\n<meta name=\"twitter:label1\" content=\"Yazan:\" \/>\n\t<meta name=\"twitter:data1\" content=\"Kuzeyin Sesi\" \/>\n\t<meta name=\"twitter:label2\" content=\"Tahmini okuma s\u00fcresi\" \/>\n\t<meta name=\"twitter:data2\" content=\"1 dakika\" \/>\n<script type=\"application\/ld+json\" class=\"yoast-schema-graph\">{\"@context\":\"https:\\\/\\\/schema.org\",\"@graph\":[{\"@type\":\"Article\",\"@id\":\"https:\\\/\\\/kuzeyinsesi.org\\\/index.php\\\/2024\\\/05\\\/28\\\/gonyeli-alaykoyde-dunya-cocuk-gunu-senligi\\\/#article\",\"isPartOf\":{\"@id\":\"https:\\\/\\\/kuzeyinsesi.org\\\/index.php\\\/2024\\\/05\\\/28\\\/gonyeli-alaykoyde-dunya-cocuk-gunu-senligi\\\/\"},\"author\":{\"name\":\"Kuzeyin Sesi\",\"@id\":\"https:\\\/\\\/kuzeyinsesi.org\\\/#\\\/schema\\\/person\\\/9f859689cdf01485597712386e37f5aa\"},\"headline\":\"G\u00f6nyeli Alayk\u00f6y\u2019de D\u00fcnya \u00c7ocuk G\u00fcn\u00fc \u015eenli\u011fi\",\"datePublished\":\"2024-05-28T11:44:13+00:00\",\"mainEntityOfPage\":{\"@id\":\"https:\\\/\\\/kuzeyinsesi.org\\\/index.php\\\/2024\\\/05\\\/28\\\/gonyeli-alaykoyde-dunya-cocuk-gunu-senligi\\\/\"},\"wordCount\":122,\"commentCount\":0,\"image\":{\"@id\":\"https:\\\/\\\/kuzeyinsesi.org\\\/index.php\\\/2024\\\/05\\\/28\\\/gonyeli-alaykoyde-dunya-cocuk-gunu-senligi\\\/#primaryimage\"},\"thumbnailUrl\":\"https:\\\/\\\/kuzeyinsesi.org\\\/wp-content\\\/uploads\\\/2024\\\/05\\\/gonyeli-alaykoy-cocuk-senligi.png\",\"articleSection\":[\"Ya\u015fam\"],\"inLanguage\":\"tr\",\"potentialAction\":[{\"@type\":\"CommentAction\",\"name\":\"Comment\",\"target\":[\"https:\\\/\\\/kuzeyinsesi.org\\\/index.php\\\/2024\\\/05\\\/28\\\/gonyeli-alaykoyde-dunya-cocuk-gunu-senligi\\\/#respond\"]}]},{\"@type\":\"WebPage\",\"@id\":\"https:\\\/\\\/kuzeyinsesi.org\\\/index.php\\\/2024\\\/05\\\/28\\\/gonyeli-alaykoyde-dunya-cocuk-gunu-senligi\\\/\",\"url\":\"https:\\\/\\\/kuzeyinsesi.org\\\/index.php\\\/2024\\\/05\\\/28\\\/gonyeli-alaykoyde-dunya-cocuk-gunu-senligi\\\/\",\"name\":\"G\u00f6nyeli Alayk\u00f6y\u2019de D\u00fcnya \u00c7ocuk G\u00fcn\u00fc \u015eenli\u011fi - Kuzeyin Sesi\",\"isPartOf\":{\"@id\":\"https:\\\/\\\/kuzeyinsesi.org\\\/#website\"},\"primaryImageOfPage\":{\"@id\":\"https:\\\/\\\/kuzeyinsesi.org\\\/index.php\\\/2024\\\/05\\\/28\\\/gonyeli-alaykoyde-dunya-cocuk-gunu-senligi\\\/#primaryimage\"},\"image\":{\"@id\":\"https:\\\/\\\/kuzeyinsesi.org\\\/index.php\\\/2024\\\/05\\\/28\\\/gonyeli-alaykoyde-dunya-cocuk-gunu-senligi\\\/#primaryimage\"},\"thumbnailUrl\":\"https:\\\/\\\/kuzeyinsesi.org\\\/wp-content\\\/uploads\\\/2024\\\/05\\\/gonyeli-alaykoy-cocuk-senligi.png\",\"datePublished\":\"2024-05-28T11:44:13+00:00\",\"author\":{\"@id\":\"https:\\\/\\\/kuzeyinsesi.org\\\/#\\\/schema\\\/person\\\/9f859689cdf01485597712386e37f5aa\"},\"breadcrumb\":{\"@id\":\"https:\\\/\\\/kuzeyinsesi.org\\\/index.php\\\/2024\\\/05\\\/28\\\/gonyeli-alaykoyde-dunya-cocuk-gunu-senligi\\\/#breadcrumb\"},\"inLanguage\":\"tr\",\"potentialAction\":[{\"@type\":\"ReadAction\",\"target\":[\"https:\\\/\\\/kuzeyinsesi.org\\\/index.php\\\/2024\\\/05\\\/28\\\/gonyeli-alaykoyde-dunya-cocuk-gunu-senligi\\\/\"]}]},{\"@type\":\"ImageObject\",\"inLanguage\":\"tr\",\"@id\":\"https:\\\/\\\/kuzeyinsesi.org\\\/index.php\\\/2024\\\/05\\\/28\\\/gonyeli-alaykoyde-dunya-cocuk-gunu-senligi\\\/#primaryimage\",\"url\":\"https:\\\/\\\/kuzeyinsesi.org\\\/wp-content\\\/uploads\\\/2024\\\/05\\\/gonyeli-alaykoy-cocuk-senligi.png\",\"contentUrl\":\"https:\\\/\\\/kuzeyinsesi.org\\\/wp-content\\\/uploads\\\/2024\\\/05\\\/gonyeli-alaykoy-cocuk-senligi.png\",\"width\":1598,\"height\":1118},{\"@type\":\"BreadcrumbList\",\"@id\":\"https:\\\/\\\/kuzeyinsesi.org\\\/index.php\\\/2024\\\/05\\\/28\\\/gonyeli-alaykoyde-dunya-cocuk-gunu-senligi\\\/#breadcrumb\",\"itemListElement\":[{\"@type\":\"ListItem\",\"position\":1,\"name\":\"Anasayfa\",\"item\":\"https:\\\/\\\/kuzeyinsesi.org\\\/\"},{\"@type\":\"ListItem\",\"position\":2,\"name\":\"G\u00f6nyeli Alayk\u00f6y\u2019de D\u00fcnya \u00c7ocuk G\u00fcn\u00fc \u015eenli\u011fi\"}]},{\"@type\":\"WebSite\",\"@id\":\"https:\\\/\\\/kuzeyinsesi.org\\\/#website\",\"url\":\"https:\\\/\\\/kuzeyinsesi.org\\\/\",\"name\":\"Kuzeyin Sesi\",\"description\":\"Do\u011fru Haberin Adresi\",\"potentialAction\":[{\"@type\":\"SearchAction\",\"target\":{\"@type\":\"EntryPoint\",\"urlTemplate\":\"https:\\\/\\\/kuzeyinsesi.org\\\/?s={search_term_string}\"},\"query-input\":{\"@type\":\"PropertyValueSpecification\",\"valueRequired\":true,\"valueName\":\"search_term_string\"}}],\"inLanguage\":\"tr\"},{\"@type\":\"Person\",\"@id\":\"https:\\\/\\\/kuzeyinsesi.org\\\/#\\\/schema\\\/person\\\/9f859689cdf01485597712386e37f5aa\",\"name\":\"Kuzeyin Sesi\",\"image\":{\"@type\":\"ImageObject\",\"inLanguage\":\"tr\",\"@id\":\"https:\\\/\\\/secure.gravatar.com\\\/avatar\\\/bab33852abfd8b282518d6ed81826833d77c3c882d9ab608add591ccace47a44?s=96&d=mm&r=g\",\"url\":\"https:\\\/\\\/secure.gravatar.com\\\/avatar\\\/bab33852abfd8b282518d6ed81826833d77c3c882d9ab608add591ccace47a44?s=96&d=mm&r=g\",\"contentUrl\":\"https:\\\/\\\/secure.gravatar.com\\\/avatar\\\/bab33852abfd8b282518d6ed81826833d77c3c882d9ab608add591ccace47a44?s=96&d=mm&r=g\",\"caption\":\"Kuzeyin Sesi\"},\"sameAs\":[\"https:\\\/\\\/kuzeyinsesi.org\"],\"url\":\"https:\\\/\\\/kuzeyinsesi.org\\\/index.php\\\/author\\\/guven\\\/\"}]}<\/script>\n<!-- \/ Yoast SEO plugin. -->","yoast_head_json":{"title":"G\u00f6nyeli Alayk\u00f6y\u2019de D\u00fcnya \u00c7ocuk G\u00fcn\u00fc \u015eenli\u011fi - Kuzeyin Sesi","robots":{"index":"index","follow":"follow","max-snippet":"max-snippet:-1","max-image-preview":"max-image-preview:large","max-video-preview":"max-video-preview:-1"},"canonical":"https:\/\/kuzeyinsesi.org\/index.php\/2024\/05\/28\/gonyeli-alaykoyde-dunya-cocuk-gunu-senligi\/","og_locale":"tr_TR","og_type":"article","og_title":"G\u00f6nyeli Alayk\u00f6y\u2019de D\u00fcnya \u00c7ocuk G\u00fcn\u00fc \u015eenli\u011fi - Kuzeyin Sesi","og_description":"G\u00f6nyeli Alayk\u00f6y Belediyesi, 1 Haziran D\u00fcnya \u00c7ocuk G\u00fcn\u00fc nedeniyle \u00e7ocuk \u015fenli\u011fi d\u00fczenliyor. G\u00f6nyeli Alayk\u00f6y Belediyesi Bas\u0131n ve Halkla \u0130li\u015fkiler Birimi\u2019nden verilen bilgiye g\u00f6re, per\u015fembe kortej d\u00fczenlenecek. Yal\u00e7\u0131n Park\u2019ta sona erecek kortej G\u00f6nyeli Belediyesi Eski Hizmet Binas\u0131ndan ba\u015flayacak, G\u00f6nyeli Alayk\u00f6y Belediyesi\u2019nin Damla Sokak\u2019ta yapt\u0131\u011f\u0131 park\u0131n a\u00e7\u0131l\u0131\u015f\u0131 cuma g\u00fcn\u00fc yap\u0131lacak. Cumartesi g\u00fcn\u00fc G\u00f6nyeli Alayk\u00f6y Belediye Bulvar\u0131\u2019nda U\u00e7urtma [&hellip;]","og_url":"https:\/\/kuzeyinsesi.org\/index.php\/2024\/05\/28\/gonyeli-alaykoyde-dunya-cocuk-gunu-senligi\/","og_site_name":"Kuzeyin Sesi","article_publisher":"https:\/\/www.facebook.com\/kuzeyinsesii","article_published_time":"2024-05-28T11:44:13+00:00","og_image":[{"width":1598,"height":1118,"url":"https:\/\/kuzeyinsesi.org\/wp-content\/uploads\/2024\/05\/gonyeli-alaykoy-cocuk-senligi.png","type":"image\/png"}],"author":"Kuzeyin Sesi","twitter_card":"summary_large_image","twitter_creator":"@kuzeyinsesii","twitter_site":"@kuzeyinsesii","twitter_misc":{"Yazan:":"Kuzeyin Sesi","Tahmini okuma s\u00fcresi":"1 dakika"},"schema":{"@context":"https:\/\/schema.org","@graph":[{"@type":"Article","@id":"https:\/\/kuzeyinsesi.org\/index.php\/2024\/05\/28\/gonyeli-alaykoyde-dunya-cocuk-gunu-senligi\/#article","isPartOf":{"@id":"https:\/\/kuzeyinsesi.org\/index.php\/2024\/05\/28\/gonyeli-alaykoyde-dunya-cocuk-gunu-senligi\/"},"author":{"name":"Kuzeyin Sesi","@id":"https:\/\/kuzeyinsesi.org\/#\/schema\/person\/9f859689cdf01485597712386e37f5aa"},"headline":"G\u00f6nyeli Alayk\u00f6y\u2019de D\u00fcnya \u00c7ocuk G\u00fcn\u00fc \u015eenli\u011fi","datePublished":"2024-05-28T11:44:13+00:00","mainEntityOfPage":{"@id":"https:\/\/kuzeyinsesi.org\/index.php\/2024\/05\/28\/gonyeli-alaykoyde-dunya-cocuk-gunu-senligi\/"},"wordCount":122,"commentCount":0,"image":{"@id":"https:\/\/kuzeyinsesi.org\/index.php\/2024\/05\/28\/gonyeli-alaykoyde-dunya-cocuk-gunu-senligi\/#primaryimage"},"thumbnailUrl":"https:\/\/kuzeyinsesi.org\/wp-content\/uploads\/2024\/05\/gonyeli-alaykoy-cocuk-senligi.png","articleSection":["Ya\u015fam"],"inLanguage":"tr","potentialAction":[{"@type":"CommentAction","name":"Comment","target":["https:\/\/kuzeyinsesi.org\/index.php\/2024\/05\/28\/gonyeli-alaykoyde-dunya-cocuk-gunu-senligi\/#respond"]}]},{"@type":"WebPage","@id":"https:\/\/kuzeyinsesi.org\/index.php\/2024\/05\/28\/gonyeli-alaykoyde-dunya-cocuk-gunu-senligi\/","url":"https:\/\/kuzeyinsesi.org\/index.php\/2024\/05\/28\/gonyeli-alaykoyde-dunya-cocuk-gunu-senligi\/","name":"G\u00f6nyeli Alayk\u00f6y\u2019de D\u00fcnya \u00c7ocuk G\u00fcn\u00fc \u015eenli\u011fi - Kuzeyin Sesi","isPartOf":{"@id":"https:\/\/kuzeyinsesi.org\/#website"},"primaryImageOfPage":{"@id":"https:\/\/kuzeyinsesi.org\/index.php\/2024\/05\/28\/gonyeli-alaykoyde-dunya-cocuk-gunu-senligi\/#primaryimage"},"image":{"@id":"https:\/\/kuzeyinsesi.org\/index.php\/2024\/05\/28\/gonyeli-alaykoyde-dunya-cocuk-gunu-senligi\/#primaryimage"},"thumbnailUrl":"https:\/\/kuzeyinsesi.org\/wp-content\/uploads\/2024\/05\/gonyeli-alaykoy-cocuk-senligi.png","datePublished":"2024-05-28T11:44:13+00:00","author":{"@id":"https:\/\/kuzeyinsesi.org\/#\/schema\/person\/9f859689cdf01485597712386e37f5aa"},"breadcrumb":{"@id":"https:\/\/kuzeyinsesi.org\/index.php\/2024\/05\/28\/gonyeli-alaykoyde-dunya-cocuk-gunu-senligi\/#breadcrumb"},"inLanguage":"tr","potentialAction":[{"@type":"ReadAction","target":["https:\/\/kuzeyinsesi.org\/index.php\/2024\/05\/28\/gonyeli-alaykoyde-dunya-cocuk-gunu-senligi\/"]}]},{"@type":"ImageObject","inLanguage":"tr","@id":"https:\/\/kuzeyinsesi.org\/index.php\/2024\/05\/28\/gonyeli-alaykoyde-dunya-cocuk-gunu-senligi\/#primaryimage","url":"https:\/\/kuzeyinsesi.org\/wp-content\/uploads\/2024\/05\/gonyeli-alaykoy-cocuk-senligi.png","contentUrl":"https:\/\/kuzeyinsesi.org\/wp-content\/uploads\/2024\/05\/gonyeli-alaykoy-cocuk-senligi.png","width":1598,"height":1118},{"@type":"BreadcrumbList","@id":"https:\/\/kuzeyinsesi.org\/index.php\/2024\/05\/28\/gonyeli-alaykoyde-dunya-cocuk-gunu-senligi\/#breadcrumb","itemListElement":[{"@type":"ListItem","position":1,"name":"Anasayfa","item":"https:\/\/kuzeyinsesi.org\/"},{"@type":"ListItem","position":2,"name":"G\u00f6nyeli Alayk\u00f6y\u2019de D\u00fcnya \u00c7ocuk G\u00fcn\u00fc \u015eenli\u011fi"}]},{"@type":"WebSite","@id":"https:\/\/kuzeyinsesi.org\/#website","url":"https:\/\/kuzeyinsesi.org\/","name":"Kuzeyin Sesi","description":"Do\u011fru Haberin Adresi","potentialAction":[{"@type":"SearchAction","target":{"@type":"EntryPoint","urlTemplate":"https:\/\/kuzeyinsesi.org\/?s={search_term_string}"},"query-input":{"@type":"PropertyValueSpecification","valueRequired":true,"valueName":"search_term_string"}}],"inLanguage":"tr"},{"@type":"Person","@id":"https:\/\/kuzeyinsesi.org\/#\/schema\/person\/9f859689cdf01485597712386e37f5aa","name":"Kuzeyin Sesi","image":{"@type":"ImageObject","inLanguage":"tr","@id":"https:\/\/secure.gravatar.com\/avatar\/bab33852abfd8b282518d6ed81826833d77c3c882d9ab608add591ccace47a44?s=96&d=mm&r=g","url":"https:\/\/secure.gravatar.com\/avatar\/bab33852abfd8b282518d6ed81826833d77c3c882d9ab608add591ccace47a44?s=96&d=mm&r=g","contentUrl":"https:\/\/secure.gravatar.com\/avatar\/bab33852abfd8b282518d6ed81826833d77c3c882d9ab608add591ccace47a44?s=96&d=mm&r=g","caption":"Kuzeyin Sesi"},"sameAs":["https:\/\/kuzeyinsesi.org"],"url":"https:\/\/kuzeyinsesi.org\/index.php\/author\/guven\/"}]}},"_links":{"self":[{"href":"https:\/\/kuzeyinsesi.org\/index.php\/wp-json\/wp\/v2\/posts\/3569","targetHints":{"allow":["GET"]}}],"collection":[{"href":"https:\/\/kuzeyinsesi.org\/index.php\/wp-json\/wp\/v2\/posts"}],"about":[{"href":"https:\/\/kuzeyinsesi.org\/index.php\/wp-json\/wp\/v2\/types\/post"}],"author":[{"embeddable":true,"href":"https:\/\/kuzeyinsesi.org\/index.php\/wp-json\/wp\/v2\/users\/1"}],"replies":[{"embeddable":true,"href":"https:\/\/kuzeyinsesi.org\/index.php\/wp-json\/wp\/v2\/comments?post=3569"}],"version-history":[{"count":0,"href":"https:\/\/kuzeyinsesi.org\/index.php\/wp-json\/wp\/v2\/posts\/3569\/revisions"}],"wp:featuredmedia":[{"embeddable":true,"href":"https:\/\/kuzeyinsesi.org\/index.php\/wp-json\/wp\/v2\/media\/3570"}],"wp:attachment":[{"href":"https:\/\/kuzeyinsesi.org\/index.php\/wp-json\/wp\/v2\/media?parent=3569"}],"wp:term":[{"taxonomy":"category","embeddable":true,"href":"https:\/\/kuzeyinsesi.org\/index.php\/wp-json\/wp\/v2\/categories?post=3569"},{"taxonomy":"post_tag","embeddable":true,"href":"https:\/\/kuzeyinsesi.org\/index.php\/wp-json\/wp\/v2\/tags?post=3569"}],"curies":[{"name":"wp","href":"https:\/\/api.w.org\/{rel}","templated":true}]}}