{"id":35600,"date":"2026-02-08T19:46:54","date_gmt":"2026-02-08T17:46:54","guid":{"rendered":"https:\/\/kuzeyinsesi.org\/index.php\/2026\/02\/08\/alperen-sengun-2-kez-nba-allstarda\/"},"modified":"2026-02-08T19:46:54","modified_gmt":"2026-02-08T17:46:54","slug":"alperen-sengun-2-kez-nba-allstarda","status":"publish","type":"post","link":"https:\/\/kuzeyinsesi.org\/index.php\/2026\/02\/08\/alperen-sengun-2-kez-nba-allstarda\/","title":{"rendered":"Alperen \u015eeng\u00fcn 2. kez NBA AllStar&#039;da"},"content":{"rendered":"<p><\/p>\n<div>\n<p>&#13;<br \/>\n\tHouston Rockets formas\u0131 giyen milli sporcu Alperen \u015eeng\u00fcn, <a href=\"https:\/\/www.trthaber.com\/etiket\/nba\/\" target=\"_blank\">NBA<\/a> All-Star kadrosunda \u00fcst \u00fcste ikinci kez yer alacak.<\/p>\n<p>&#13;<br \/>\n\tNBA&#8217;den yap\u0131lan a\u00e7\u0131klamada, &#8220;Houston Rockets pivotu Alperen \u015eeng\u00fcn, sakatlanan Oklahoma City Thunder guard\u0131 Shai Gilgeous-Alexander&#8217;\u0131n yerine, NBA Komiseri Adam Silver taraf\u0131ndan 2026 NBA All-Star Ma\u00e7\u0131&#8217;nda D\u00fcnya Karmas\u0131 kadrosuna kadrosuna se\u00e7ildi.&#8221; ifadelerine yer verildi.<\/p>\n<p>&#13;<br \/>\n\tNBA All Star ma\u00e7\u0131, 15 \u015eubat&#8217;\u0131 16 \u015eubat&#8217;a ba\u015flayan gece TS\u0130 00:00&#8217;da Los Angeles&#8217;ta oynanacak.<\/p>\n<\/p><\/div>\n","protected":false},"excerpt":{"rendered":"<p>&#13; Houston Rockets formas\u0131 giyen milli sporcu Alperen \u015eeng\u00fcn, NBA All-Star kadrosunda \u00fcst \u00fcste ikinci kez yer alacak. &#13; NBA&#8217;den yap\u0131lan a\u00e7\u0131klamada, &#8220;Houston Rockets pivotu Alperen \u015eeng\u00fcn, sakatlanan Oklahoma City Thunder guard\u0131 Shai Gilgeous-Alexander&#8217;\u0131n yerine, NBA Komiseri Adam Silver taraf\u0131ndan 2026 NBA All-Star Ma\u00e7\u0131&#8217;nda D\u00fcnya Karmas\u0131 kadrosuna kadrosuna se\u00e7ildi.&#8221; ifadelerine yer verildi. &#13; NBA All [&hellip;]<\/p>\n","protected":false},"author":1,"featured_media":35601,"comment_status":"open","ping_status":"open","sticky":false,"template":"","format":"standard","meta":{"jnews-multi-image_gallery":[],"jnews_single_post":[],"jnews_primary_category":[],"jnews_social_meta":[],"jnews_override_counter":[],"footnotes":""},"categories":[4],"tags":[],"class_list":["post-35600","post","type-post","status-publish","format-standard","has-post-thumbnail","hentry","category-spor"],"yoast_head":"<!-- This site is optimized with the Yoast SEO plugin v27.5 - https:\/\/yoast.com\/product\/yoast-seo-wordpress\/ -->\n<title>Alperen \u015eeng\u00fcn 2. kez NBA AllStar&#039;da - Kuzeyin Sesi<\/title>\n<meta name=\"robots\" content=\"index, follow, max-snippet:-1, max-image-preview:large, max-video-preview:-1\" \/>\n<link rel=\"canonical\" href=\"https:\/\/kuzeyinsesi.org\/index.php\/2026\/02\/08\/alperen-sengun-2-kez-nba-allstarda\/\" \/>\n<meta property=\"og:locale\" content=\"tr_TR\" \/>\n<meta property=\"og:type\" content=\"article\" \/>\n<meta property=\"og:title\" content=\"Alperen \u015eeng\u00fcn 2. kez NBA AllStar&#039;da - Kuzeyin Sesi\" \/>\n<meta property=\"og:description\" content=\"&#013; Houston Rockets formas\u0131 giyen milli sporcu Alperen \u015eeng\u00fcn, NBA All-Star kadrosunda \u00fcst \u00fcste ikinci kez yer alacak. &#013; NBA&#8217;den yap\u0131lan a\u00e7\u0131klamada, &#8220;Houston Rockets pivotu Alperen \u015eeng\u00fcn, sakatlanan Oklahoma City Thunder guard\u0131 Shai Gilgeous-Alexander&#8217;\u0131n yerine, NBA Komiseri Adam Silver taraf\u0131ndan 2026 NBA All-Star Ma\u00e7\u0131&#8217;nda D\u00fcnya Karmas\u0131 kadrosuna kadrosuna se\u00e7ildi.&#8221; ifadelerine yer verildi. &#013; NBA All [&hellip;]\" \/>\n<meta property=\"og:url\" content=\"https:\/\/kuzeyinsesi.org\/index.php\/2026\/02\/08\/alperen-sengun-2-kez-nba-allstarda\/\" \/>\n<meta property=\"og:site_name\" content=\"Kuzeyin Sesi\" \/>\n<meta property=\"article:publisher\" content=\"https:\/\/www.facebook.com\/kuzeyinsesii\" \/>\n<meta property=\"article:published_time\" content=\"2026-02-08T17:46:54+00:00\" \/>\n<meta property=\"og:image\" content=\"https:\/\/trthaberstatic.cdn.wp.trt.com.tr\/resimler\/1982000\/alperen-sengun-reuters-1982871.jpg\" \/>\n<meta name=\"author\" content=\"Kuzeyin Sesi\" \/>\n<meta name=\"twitter:card\" content=\"summary_large_image\" \/>\n<meta name=\"twitter:creator\" content=\"@kuzeyinsesii\" \/>\n<meta name=\"twitter:site\" content=\"@kuzeyinsesii\" \/>\n<meta name=\"twitter:label1\" content=\"Yazan:\" \/>\n\t<meta name=\"twitter:data1\" content=\"Kuzeyin Sesi\" \/>\n<script type=\"application\/ld+json\" class=\"yoast-schema-graph\">{\"@context\":\"https:\\\/\\\/schema.org\",\"@graph\":[{\"@type\":\"Article\",\"@id\":\"https:\\\/\\\/kuzeyinsesi.org\\\/index.php\\\/2026\\\/02\\\/08\\\/alperen-sengun-2-kez-nba-allstarda\\\/#article\",\"isPartOf\":{\"@id\":\"https:\\\/\\\/kuzeyinsesi.org\\\/index.php\\\/2026\\\/02\\\/08\\\/alperen-sengun-2-kez-nba-allstarda\\\/\"},\"author\":{\"name\":\"Kuzeyin Sesi\",\"@id\":\"https:\\\/\\\/kuzeyinsesi.org\\\/#\\\/schema\\\/person\\\/9f859689cdf01485597712386e37f5aa\"},\"headline\":\"Alperen \u015eeng\u00fcn 2. kez NBA AllStar&#039;da\",\"datePublished\":\"2026-02-08T17:46:54+00:00\",\"mainEntityOfPage\":{\"@id\":\"https:\\\/\\\/kuzeyinsesi.org\\\/index.php\\\/2026\\\/02\\\/08\\\/alperen-sengun-2-kez-nba-allstarda\\\/\"},\"wordCount\":82,\"commentCount\":0,\"image\":{\"@id\":\"https:\\\/\\\/kuzeyinsesi.org\\\/index.php\\\/2026\\\/02\\\/08\\\/alperen-sengun-2-kez-nba-allstarda\\\/#primaryimage\"},\"thumbnailUrl\":\"https:\\\/\\\/kuzeyinsesi.org\\\/wp-content\\\/uploads\\\/2026\\\/02\\\/alperen-sengun-reuters-1982871.jpg\",\"articleSection\":[\"Spor\"],\"inLanguage\":\"tr\",\"potentialAction\":[{\"@type\":\"CommentAction\",\"name\":\"Comment\",\"target\":[\"https:\\\/\\\/kuzeyinsesi.org\\\/index.php\\\/2026\\\/02\\\/08\\\/alperen-sengun-2-kez-nba-allstarda\\\/#respond\"]}]},{\"@type\":\"WebPage\",\"@id\":\"https:\\\/\\\/kuzeyinsesi.org\\\/index.php\\\/2026\\\/02\\\/08\\\/alperen-sengun-2-kez-nba-allstarda\\\/\",\"url\":\"https:\\\/\\\/kuzeyinsesi.org\\\/index.php\\\/2026\\\/02\\\/08\\\/alperen-sengun-2-kez-nba-allstarda\\\/\",\"name\":\"Alperen \u015eeng\u00fcn 2. kez NBA AllStar&#039;da - Kuzeyin Sesi\",\"isPartOf\":{\"@id\":\"https:\\\/\\\/kuzeyinsesi.org\\\/#website\"},\"primaryImageOfPage\":{\"@id\":\"https:\\\/\\\/kuzeyinsesi.org\\\/index.php\\\/2026\\\/02\\\/08\\\/alperen-sengun-2-kez-nba-allstarda\\\/#primaryimage\"},\"image\":{\"@id\":\"https:\\\/\\\/kuzeyinsesi.org\\\/index.php\\\/2026\\\/02\\\/08\\\/alperen-sengun-2-kez-nba-allstarda\\\/#primaryimage\"},\"thumbnailUrl\":\"https:\\\/\\\/kuzeyinsesi.org\\\/wp-content\\\/uploads\\\/2026\\\/02\\\/alperen-sengun-reuters-1982871.jpg\",\"datePublished\":\"2026-02-08T17:46:54+00:00\",\"author\":{\"@id\":\"https:\\\/\\\/kuzeyinsesi.org\\\/#\\\/schema\\\/person\\\/9f859689cdf01485597712386e37f5aa\"},\"breadcrumb\":{\"@id\":\"https:\\\/\\\/kuzeyinsesi.org\\\/index.php\\\/2026\\\/02\\\/08\\\/alperen-sengun-2-kez-nba-allstarda\\\/#breadcrumb\"},\"inLanguage\":\"tr\",\"potentialAction\":[{\"@type\":\"ReadAction\",\"target\":[\"https:\\\/\\\/kuzeyinsesi.org\\\/index.php\\\/2026\\\/02\\\/08\\\/alperen-sengun-2-kez-nba-allstarda\\\/\"]}]},{\"@type\":\"ImageObject\",\"inLanguage\":\"tr\",\"@id\":\"https:\\\/\\\/kuzeyinsesi.org\\\/index.php\\\/2026\\\/02\\\/08\\\/alperen-sengun-2-kez-nba-allstarda\\\/#primaryimage\",\"url\":\"https:\\\/\\\/kuzeyinsesi.org\\\/wp-content\\\/uploads\\\/2026\\\/02\\\/alperen-sengun-reuters-1982871.jpg\",\"contentUrl\":\"https:\\\/\\\/kuzeyinsesi.org\\\/wp-content\\\/uploads\\\/2026\\\/02\\\/alperen-sengun-reuters-1982871.jpg\",\"width\":1280,\"height\":720},{\"@type\":\"BreadcrumbList\",\"@id\":\"https:\\\/\\\/kuzeyinsesi.org\\\/index.php\\\/2026\\\/02\\\/08\\\/alperen-sengun-2-kez-nba-allstarda\\\/#breadcrumb\",\"itemListElement\":[{\"@type\":\"ListItem\",\"position\":1,\"name\":\"Anasayfa\",\"item\":\"https:\\\/\\\/kuzeyinsesi.org\\\/\"},{\"@type\":\"ListItem\",\"position\":2,\"name\":\"Alperen \u015eeng\u00fcn 2. kez NBA AllStar&#039;da\"}]},{\"@type\":\"WebSite\",\"@id\":\"https:\\\/\\\/kuzeyinsesi.org\\\/#website\",\"url\":\"https:\\\/\\\/kuzeyinsesi.org\\\/\",\"name\":\"Kuzeyin Sesi\",\"description\":\"Do\u011fru Haberin Adresi\",\"potentialAction\":[{\"@type\":\"SearchAction\",\"target\":{\"@type\":\"EntryPoint\",\"urlTemplate\":\"https:\\\/\\\/kuzeyinsesi.org\\\/?s={search_term_string}\"},\"query-input\":{\"@type\":\"PropertyValueSpecification\",\"valueRequired\":true,\"valueName\":\"search_term_string\"}}],\"inLanguage\":\"tr\"},{\"@type\":\"Person\",\"@id\":\"https:\\\/\\\/kuzeyinsesi.org\\\/#\\\/schema\\\/person\\\/9f859689cdf01485597712386e37f5aa\",\"name\":\"Kuzeyin Sesi\",\"image\":{\"@type\":\"ImageObject\",\"inLanguage\":\"tr\",\"@id\":\"https:\\\/\\\/secure.gravatar.com\\\/avatar\\\/bab33852abfd8b282518d6ed81826833d77c3c882d9ab608add591ccace47a44?s=96&d=mm&r=g\",\"url\":\"https:\\\/\\\/secure.gravatar.com\\\/avatar\\\/bab33852abfd8b282518d6ed81826833d77c3c882d9ab608add591ccace47a44?s=96&d=mm&r=g\",\"contentUrl\":\"https:\\\/\\\/secure.gravatar.com\\\/avatar\\\/bab33852abfd8b282518d6ed81826833d77c3c882d9ab608add591ccace47a44?s=96&d=mm&r=g\",\"caption\":\"Kuzeyin Sesi\"},\"sameAs\":[\"https:\\\/\\\/kuzeyinsesi.org\"],\"url\":\"https:\\\/\\\/kuzeyinsesi.org\\\/index.php\\\/author\\\/guven\\\/\"}]}<\/script>\n<!-- \/ Yoast SEO plugin. -->","yoast_head_json":{"title":"Alperen \u015eeng\u00fcn 2. kez NBA AllStar&#039;da - Kuzeyin Sesi","robots":{"index":"index","follow":"follow","max-snippet":"max-snippet:-1","max-image-preview":"max-image-preview:large","max-video-preview":"max-video-preview:-1"},"canonical":"https:\/\/kuzeyinsesi.org\/index.php\/2026\/02\/08\/alperen-sengun-2-kez-nba-allstarda\/","og_locale":"tr_TR","og_type":"article","og_title":"Alperen \u015eeng\u00fcn 2. kez NBA AllStar&#039;da - Kuzeyin Sesi","og_description":"&#13; Houston Rockets formas\u0131 giyen milli sporcu Alperen \u015eeng\u00fcn, NBA All-Star kadrosunda \u00fcst \u00fcste ikinci kez yer alacak. &#13; NBA&#8217;den yap\u0131lan a\u00e7\u0131klamada, &#8220;Houston Rockets pivotu Alperen \u015eeng\u00fcn, sakatlanan Oklahoma City Thunder guard\u0131 Shai Gilgeous-Alexander&#8217;\u0131n yerine, NBA Komiseri Adam Silver taraf\u0131ndan 2026 NBA All-Star Ma\u00e7\u0131&#8217;nda D\u00fcnya Karmas\u0131 kadrosuna kadrosuna se\u00e7ildi.&#8221; ifadelerine yer verildi. &#13; NBA All [&hellip;]","og_url":"https:\/\/kuzeyinsesi.org\/index.php\/2026\/02\/08\/alperen-sengun-2-kez-nba-allstarda\/","og_site_name":"Kuzeyin Sesi","article_publisher":"https:\/\/www.facebook.com\/kuzeyinsesii","article_published_time":"2026-02-08T17:46:54+00:00","og_image":[{"url":"https:\/\/trthaberstatic.cdn.wp.trt.com.tr\/resimler\/1982000\/alperen-sengun-reuters-1982871.jpg","type":"","width":"","height":""}],"author":"Kuzeyin Sesi","twitter_card":"summary_large_image","twitter_creator":"@kuzeyinsesii","twitter_site":"@kuzeyinsesii","twitter_misc":{"Yazan:":"Kuzeyin Sesi"},"schema":{"@context":"https:\/\/schema.org","@graph":[{"@type":"Article","@id":"https:\/\/kuzeyinsesi.org\/index.php\/2026\/02\/08\/alperen-sengun-2-kez-nba-allstarda\/#article","isPartOf":{"@id":"https:\/\/kuzeyinsesi.org\/index.php\/2026\/02\/08\/alperen-sengun-2-kez-nba-allstarda\/"},"author":{"name":"Kuzeyin Sesi","@id":"https:\/\/kuzeyinsesi.org\/#\/schema\/person\/9f859689cdf01485597712386e37f5aa"},"headline":"Alperen \u015eeng\u00fcn 2. kez NBA AllStar&#039;da","datePublished":"2026-02-08T17:46:54+00:00","mainEntityOfPage":{"@id":"https:\/\/kuzeyinsesi.org\/index.php\/2026\/02\/08\/alperen-sengun-2-kez-nba-allstarda\/"},"wordCount":82,"commentCount":0,"image":{"@id":"https:\/\/kuzeyinsesi.org\/index.php\/2026\/02\/08\/alperen-sengun-2-kez-nba-allstarda\/#primaryimage"},"thumbnailUrl":"https:\/\/kuzeyinsesi.org\/wp-content\/uploads\/2026\/02\/alperen-sengun-reuters-1982871.jpg","articleSection":["Spor"],"inLanguage":"tr","potentialAction":[{"@type":"CommentAction","name":"Comment","target":["https:\/\/kuzeyinsesi.org\/index.php\/2026\/02\/08\/alperen-sengun-2-kez-nba-allstarda\/#respond"]}]},{"@type":"WebPage","@id":"https:\/\/kuzeyinsesi.org\/index.php\/2026\/02\/08\/alperen-sengun-2-kez-nba-allstarda\/","url":"https:\/\/kuzeyinsesi.org\/index.php\/2026\/02\/08\/alperen-sengun-2-kez-nba-allstarda\/","name":"Alperen \u015eeng\u00fcn 2. kez NBA AllStar&#039;da - Kuzeyin Sesi","isPartOf":{"@id":"https:\/\/kuzeyinsesi.org\/#website"},"primaryImageOfPage":{"@id":"https:\/\/kuzeyinsesi.org\/index.php\/2026\/02\/08\/alperen-sengun-2-kez-nba-allstarda\/#primaryimage"},"image":{"@id":"https:\/\/kuzeyinsesi.org\/index.php\/2026\/02\/08\/alperen-sengun-2-kez-nba-allstarda\/#primaryimage"},"thumbnailUrl":"https:\/\/kuzeyinsesi.org\/wp-content\/uploads\/2026\/02\/alperen-sengun-reuters-1982871.jpg","datePublished":"2026-02-08T17:46:54+00:00","author":{"@id":"https:\/\/kuzeyinsesi.org\/#\/schema\/person\/9f859689cdf01485597712386e37f5aa"},"breadcrumb":{"@id":"https:\/\/kuzeyinsesi.org\/index.php\/2026\/02\/08\/alperen-sengun-2-kez-nba-allstarda\/#breadcrumb"},"inLanguage":"tr","potentialAction":[{"@type":"ReadAction","target":["https:\/\/kuzeyinsesi.org\/index.php\/2026\/02\/08\/alperen-sengun-2-kez-nba-allstarda\/"]}]},{"@type":"ImageObject","inLanguage":"tr","@id":"https:\/\/kuzeyinsesi.org\/index.php\/2026\/02\/08\/alperen-sengun-2-kez-nba-allstarda\/#primaryimage","url":"https:\/\/kuzeyinsesi.org\/wp-content\/uploads\/2026\/02\/alperen-sengun-reuters-1982871.jpg","contentUrl":"https:\/\/kuzeyinsesi.org\/wp-content\/uploads\/2026\/02\/alperen-sengun-reuters-1982871.jpg","width":1280,"height":720},{"@type":"BreadcrumbList","@id":"https:\/\/kuzeyinsesi.org\/index.php\/2026\/02\/08\/alperen-sengun-2-kez-nba-allstarda\/#breadcrumb","itemListElement":[{"@type":"ListItem","position":1,"name":"Anasayfa","item":"https:\/\/kuzeyinsesi.org\/"},{"@type":"ListItem","position":2,"name":"Alperen \u015eeng\u00fcn 2. kez NBA AllStar&#039;da"}]},{"@type":"WebSite","@id":"https:\/\/kuzeyinsesi.org\/#website","url":"https:\/\/kuzeyinsesi.org\/","name":"Kuzeyin Sesi","description":"Do\u011fru Haberin Adresi","potentialAction":[{"@type":"SearchAction","target":{"@type":"EntryPoint","urlTemplate":"https:\/\/kuzeyinsesi.org\/?s={search_term_string}"},"query-input":{"@type":"PropertyValueSpecification","valueRequired":true,"valueName":"search_term_string"}}],"inLanguage":"tr"},{"@type":"Person","@id":"https:\/\/kuzeyinsesi.org\/#\/schema\/person\/9f859689cdf01485597712386e37f5aa","name":"Kuzeyin Sesi","image":{"@type":"ImageObject","inLanguage":"tr","@id":"https:\/\/secure.gravatar.com\/avatar\/bab33852abfd8b282518d6ed81826833d77c3c882d9ab608add591ccace47a44?s=96&d=mm&r=g","url":"https:\/\/secure.gravatar.com\/avatar\/bab33852abfd8b282518d6ed81826833d77c3c882d9ab608add591ccace47a44?s=96&d=mm&r=g","contentUrl":"https:\/\/secure.gravatar.com\/avatar\/bab33852abfd8b282518d6ed81826833d77c3c882d9ab608add591ccace47a44?s=96&d=mm&r=g","caption":"Kuzeyin Sesi"},"sameAs":["https:\/\/kuzeyinsesi.org"],"url":"https:\/\/kuzeyinsesi.org\/index.php\/author\/guven\/"}]}},"_links":{"self":[{"href":"https:\/\/kuzeyinsesi.org\/index.php\/wp-json\/wp\/v2\/posts\/35600","targetHints":{"allow":["GET"]}}],"collection":[{"href":"https:\/\/kuzeyinsesi.org\/index.php\/wp-json\/wp\/v2\/posts"}],"about":[{"href":"https:\/\/kuzeyinsesi.org\/index.php\/wp-json\/wp\/v2\/types\/post"}],"author":[{"embeddable":true,"href":"https:\/\/kuzeyinsesi.org\/index.php\/wp-json\/wp\/v2\/users\/1"}],"replies":[{"embeddable":true,"href":"https:\/\/kuzeyinsesi.org\/index.php\/wp-json\/wp\/v2\/comments?post=35600"}],"version-history":[{"count":0,"href":"https:\/\/kuzeyinsesi.org\/index.php\/wp-json\/wp\/v2\/posts\/35600\/revisions"}],"wp:featuredmedia":[{"embeddable":true,"href":"https:\/\/kuzeyinsesi.org\/index.php\/wp-json\/wp\/v2\/media\/35601"}],"wp:attachment":[{"href":"https:\/\/kuzeyinsesi.org\/index.php\/wp-json\/wp\/v2\/media?parent=35600"}],"wp:term":[{"taxonomy":"category","embeddable":true,"href":"https:\/\/kuzeyinsesi.org\/index.php\/wp-json\/wp\/v2\/categories?post=35600"},{"taxonomy":"post_tag","embeddable":true,"href":"https:\/\/kuzeyinsesi.org\/index.php\/wp-json\/wp\/v2\/tags?post=35600"}],"curies":[{"name":"wp","href":"https:\/\/api.w.org\/{rel}","templated":true}]}}