{"id":3557,"date":"2024-05-28T13:42:13","date_gmt":"2024-05-28T10:42:13","guid":{"rendered":"https:\/\/kuzeyinsesi.com\/index.php\/2024\/05\/28\/ogretmenim-mevhibe-sefik-fircanin-tilsimi-dokumantasyon-sergisi-3-haziran-pazartesi-aciliyor\/"},"modified":"2024-05-28T13:42:13","modified_gmt":"2024-05-28T10:42:13","slug":"ogretmenim-mevhibe-sefik-fircanin-tilsimi-dokumantasyon-sergisi-3-haziran-pazartesi-aciliyor","status":"publish","type":"post","link":"https:\/\/kuzeyinsesi.org\/index.php\/2024\/05\/28\/ogretmenim-mevhibe-sefik-fircanin-tilsimi-dokumantasyon-sergisi-3-haziran-pazartesi-aciliyor\/","title":{"rendered":"\u201c\u00d6\u011fretmenim Mevhibe \u015eefik- F\u0131r\u00e7an\u0131n T\u0131ls\u0131m\u0131 Dok\u00fcmantasyon Sergisi\u201d, 3 Haziran Pazartesi a\u00e7\u0131l\u0131yor"},"content":{"rendered":"<div>\n<div class=\"mariselle-image-container center\">\n                                            <\/div>\n<p>R\u00fcstem Kitabevi, a\u00e7\u0131l\u0131\u015f\u0131 3 Haziran 2024 Pazartesi ak\u015fam\u0131 saat 18:00\u2019de sanat galerisinde ger\u00e7ekle\u015ftirilecek ve 3 Temmuz 2024 tarihine kadar saat 09:00- 18:00 saatleri aras\u0131nda ziyaret edilebilecek \u00d6\u011fretmenim Mevhibe \u015eefik- F\u0131r\u00e7an\u0131n T\u0131ls\u0131m\u0131 Dok\u00fcmantasyon Sergisi\u2019ni sanatseverler ile bulu\u015fturuyor.<\/p>\n<p>Sergi izleyicileri, ilk K\u0131br\u0131sl\u0131 T\u00fcrk kad\u0131n resim \u00f6\u011fretmeni, ilk sahne tasar\u0131mc\u0131s\u0131 ve bir radyo tiyatrosu sanat\u00e7\u0131s\u0131 olarak sanat ve e\u011fitim tarihimizde iz b\u0131rakm\u0131\u015f isimler aras\u0131nda \u00f6ne \u00e7\u0131kan Mevhibe \u015eefik\u2019in hayat\u0131 \u00fczerinden, g\u00fcn\u00fcm\u00fczdeki 20 Temmuz Fen Lisesinin, 20. Y\u00fczy\u0131l boyunca Viktorya K\u0131z Lisesi, Adnan Menderes K\u0131z Lisesi ve Lefko\u015fa T\u00fcrk K\u0131z Lisesi olarak evrilmesi s\u00fcrecinde sanat e\u011fitimi, insan ili\u015fkileri ba\u011flam\u0131nda tarihte \u00e7ok \u00f6zel bir yolculu\u011fa \u00e7\u0131kar\u0131yor.<\/p>\n<p>Resim \u00f6\u011fretmenli\u011fi s\u00fcrecinde eser \u00fcretmekten \u00e7ok sahne tasar\u0131m\u0131 \u00fczerinde yo\u011funla\u015fm\u0131\u015f olmas\u0131 nedeni ile Mevhibe \u015eefik\u2019in g\u00fcn\u00fcm\u00fcze ula\u015fan az say\u0131da eserinin yan\u0131 s\u0131ra, e\u011fitti\u011fi \u00f6\u011frencilerinin \u00fcretmi\u015f oldu\u011fu 1950\u2019li y\u0131llara tarihlenen eserler de sergide yer al\u0131yor. \u00c7ok y\u00f6nl\u00fc ki\u015fili\u011finin yans\u0131malar\u0131, eski belgeler, sanatla ilgili el yaz\u0131s\u0131 bilgiler, az say\u0131da ki\u015fisel e\u015fyalar\u0131 ile g\u00fcn y\u00fcz\u00fcne \u00e7\u0131k\u0131yor. Bunun yan\u0131 s\u0131ra on \u00f6\u011frencisi ve d\u00f6rt \u00e7al\u0131\u015fma arkada\u015f\u0131 ile yap\u0131lm\u0131\u015f bulunan r\u00f6portajlar, kolaj halinde izleyicilere sunuluyor.<\/p>\n<p>\u201c\u00d6\u011fretmenim Mevhibe \u015eefik- F\u0131r\u00e7an\u0131n T\u0131ls\u0131m\u0131 Dok\u00fcmantasyon Sergisi\u201d, bir\u00e7ok insan\u0131n hayat\u0131na dokunmu\u015f bu de\u011ferli e\u011fitimci ve sanat\u00e7\u0131n\u0131n sanat ve e\u011fitim hayat\u0131na \u0131\u015f\u0131k tutarken ge\u00e7mi\u015fle bug\u00fcn aras\u0131nda sanatsal bir k\u00f6pr\u00fc kurarak toplumsal belle\u011fimizi ya\u015fatmay\u0131 ve yeni nesillere aktarmay\u0131 hedefliyor. <\/p>\n<p>K\u00fcrat\u00f6rl\u00fc\u011f\u00fcn\u00fc, Zehra \u015eonya koordinat\u00f6rl\u00fc\u011f\u00fcnde, Naciye Doratl\u0131, Derya Ulubatl\u0131, \u00d6zg\u00fcl Saygun, Ceyda Al\u00e7\u0131c\u0131o\u011flu ve \u015eaziye Kona\u00e7\u2019tan olu\u015fan ekibin \u00fcstlendi\u011fi bu sergi, eldeki bilgi ve \u00f6zg\u00fcn belgelerin \u00e7ok fazla olmas\u0131 nedeniyle, Mevhibe \u015eefik\u2019in hayat\u0131 \u00fczerinden 20. Y\u00fczy\u0131l\u0131n ortalar\u0131nda sanat ve e\u011fitim alan\u0131nda toplumsal tarihimize not d\u00fc\u015f\u00fclmesi u\u011fra\u015f\u0131nda bir ilk ad\u0131m olu\u015fturuyor. \u00d6n\u00fcm\u00fczdeki y\u0131llarda daha yo\u011fun ve derin bir \u00e7al\u0131\u015fma ile kitapla\u015ft\u0131r\u0131lmas\u0131 ve daha kapsaml\u0131 bir sergi ile toplumla bulu\u015fturulmas\u0131 planlan\u0131yor.<\/p>\n<\/p><\/div>\n<p><script async\n                    defer\n                    crossorigin=\"anonymous\"\n                    src=\"https:\/\/connect.facebook.net\/tr_TR\/sdk.js#xfbml=1&#038;version=v3.3\"\n            ><\/script><\/p>\n","protected":false},"excerpt":{"rendered":"<p>R\u00fcstem Kitabevi, a\u00e7\u0131l\u0131\u015f\u0131 3 Haziran 2024 Pazartesi ak\u015fam\u0131 saat 18:00\u2019de sanat galerisinde ger\u00e7ekle\u015ftirilecek ve 3 Temmuz 2024 tarihine kadar saat 09:00- 18:00 saatleri aras\u0131nda ziyaret edilebilecek \u00d6\u011fretmenim Mevhibe \u015eefik- F\u0131r\u00e7an\u0131n T\u0131ls\u0131m\u0131 Dok\u00fcmantasyon Sergisi\u2019ni sanatseverler ile bulu\u015fturuyor. Sergi izleyicileri, ilk K\u0131br\u0131sl\u0131 T\u00fcrk kad\u0131n resim \u00f6\u011fretmeni, ilk sahne tasar\u0131mc\u0131s\u0131 ve bir radyo tiyatrosu sanat\u00e7\u0131s\u0131 olarak sanat ve [&hellip;]<\/p>\n","protected":false},"author":1,"featured_media":3558,"comment_status":"open","ping_status":"open","sticky":false,"template":"","format":"standard","meta":{"jnews-multi-image_gallery":[],"jnews_single_post":[],"jnews_primary_category":[],"jnews_social_meta":[],"jnews_override_counter":[],"footnotes":""},"categories":[6],"tags":[],"class_list":["post-3557","post","type-post","status-publish","format-standard","has-post-thumbnail","hentry","category-yasam"],"yoast_head":"<!-- This site is optimized with the Yoast SEO plugin v27.5 - https:\/\/yoast.com\/product\/yoast-seo-wordpress\/ -->\n<title>\u201c\u00d6\u011fretmenim Mevhibe \u015eefik- F\u0131r\u00e7an\u0131n T\u0131ls\u0131m\u0131 Dok\u00fcmantasyon Sergisi\u201d, 3 Haziran Pazartesi a\u00e7\u0131l\u0131yor - Kuzeyin Sesi<\/title>\n<meta name=\"robots\" content=\"index, follow, max-snippet:-1, max-image-preview:large, max-video-preview:-1\" \/>\n<link rel=\"canonical\" href=\"https:\/\/kuzeyinsesi.org\/index.php\/2024\/05\/28\/ogretmenim-mevhibe-sefik-fircanin-tilsimi-dokumantasyon-sergisi-3-haziran-pazartesi-aciliyor\/\" \/>\n<meta property=\"og:locale\" content=\"tr_TR\" \/>\n<meta property=\"og:type\" content=\"article\" \/>\n<meta property=\"og:title\" content=\"\u201c\u00d6\u011fretmenim Mevhibe \u015eefik- F\u0131r\u00e7an\u0131n T\u0131ls\u0131m\u0131 Dok\u00fcmantasyon Sergisi\u201d, 3 Haziran Pazartesi a\u00e7\u0131l\u0131yor - Kuzeyin Sesi\" \/>\n<meta property=\"og:description\" content=\"R\u00fcstem Kitabevi, a\u00e7\u0131l\u0131\u015f\u0131 3 Haziran 2024 Pazartesi ak\u015fam\u0131 saat 18:00\u2019de sanat galerisinde ger\u00e7ekle\u015ftirilecek ve 3 Temmuz 2024 tarihine kadar saat 09:00- 18:00 saatleri aras\u0131nda ziyaret edilebilecek \u00d6\u011fretmenim Mevhibe \u015eefik- F\u0131r\u00e7an\u0131n T\u0131ls\u0131m\u0131 Dok\u00fcmantasyon Sergisi\u2019ni sanatseverler ile bulu\u015fturuyor. Sergi izleyicileri, ilk K\u0131br\u0131sl\u0131 T\u00fcrk kad\u0131n resim \u00f6\u011fretmeni, ilk sahne tasar\u0131mc\u0131s\u0131 ve bir radyo tiyatrosu sanat\u00e7\u0131s\u0131 olarak sanat ve [&hellip;]\" \/>\n<meta property=\"og:url\" content=\"https:\/\/kuzeyinsesi.org\/index.php\/2024\/05\/28\/ogretmenim-mevhibe-sefik-fircanin-tilsimi-dokumantasyon-sergisi-3-haziran-pazartesi-aciliyor\/\" \/>\n<meta property=\"og:site_name\" content=\"Kuzeyin Sesi\" \/>\n<meta property=\"article:publisher\" content=\"https:\/\/www.facebook.com\/kuzeyinsesii\" \/>\n<meta property=\"article:published_time\" content=\"2024-05-28T10:42:13+00:00\" \/>\n<meta property=\"og:image\" content=\"https:\/\/kuzeyinsesi.org\/wp-content\/uploads\/2024\/05\/mevhibe-sefik-davetiye.jpg\" \/>\n\t<meta property=\"og:image:width\" content=\"1920\" \/>\n\t<meta property=\"og:image:height\" content=\"1080\" \/>\n\t<meta property=\"og:image:type\" content=\"image\/jpeg\" \/>\n<meta name=\"author\" content=\"Kuzeyin Sesi\" \/>\n<meta name=\"twitter:card\" content=\"summary_large_image\" \/>\n<meta name=\"twitter:creator\" content=\"@kuzeyinsesii\" \/>\n<meta name=\"twitter:site\" content=\"@kuzeyinsesii\" \/>\n<meta name=\"twitter:label1\" content=\"Yazan:\" \/>\n\t<meta name=\"twitter:data1\" content=\"Kuzeyin Sesi\" \/>\n\t<meta name=\"twitter:label2\" content=\"Tahmini okuma s\u00fcresi\" \/>\n\t<meta name=\"twitter:data2\" content=\"2 dakika\" \/>\n<script type=\"application\/ld+json\" class=\"yoast-schema-graph\">{\"@context\":\"https:\\\/\\\/schema.org\",\"@graph\":[{\"@type\":\"Article\",\"@id\":\"https:\\\/\\\/kuzeyinsesi.org\\\/index.php\\\/2024\\\/05\\\/28\\\/ogretmenim-mevhibe-sefik-fircanin-tilsimi-dokumantasyon-sergisi-3-haziran-pazartesi-aciliyor\\\/#article\",\"isPartOf\":{\"@id\":\"https:\\\/\\\/kuzeyinsesi.org\\\/index.php\\\/2024\\\/05\\\/28\\\/ogretmenim-mevhibe-sefik-fircanin-tilsimi-dokumantasyon-sergisi-3-haziran-pazartesi-aciliyor\\\/\"},\"author\":{\"name\":\"Kuzeyin Sesi\",\"@id\":\"https:\\\/\\\/kuzeyinsesi.org\\\/#\\\/schema\\\/person\\\/9f859689cdf01485597712386e37f5aa\"},\"headline\":\"\u201c\u00d6\u011fretmenim Mevhibe \u015eefik- F\u0131r\u00e7an\u0131n T\u0131ls\u0131m\u0131 Dok\u00fcmantasyon Sergisi\u201d, 3 Haziran Pazartesi a\u00e7\u0131l\u0131yor\",\"datePublished\":\"2024-05-28T10:42:13+00:00\",\"mainEntityOfPage\":{\"@id\":\"https:\\\/\\\/kuzeyinsesi.org\\\/index.php\\\/2024\\\/05\\\/28\\\/ogretmenim-mevhibe-sefik-fircanin-tilsimi-dokumantasyon-sergisi-3-haziran-pazartesi-aciliyor\\\/\"},\"wordCount\":419,\"commentCount\":0,\"image\":{\"@id\":\"https:\\\/\\\/kuzeyinsesi.org\\\/index.php\\\/2024\\\/05\\\/28\\\/ogretmenim-mevhibe-sefik-fircanin-tilsimi-dokumantasyon-sergisi-3-haziran-pazartesi-aciliyor\\\/#primaryimage\"},\"thumbnailUrl\":\"https:\\\/\\\/kuzeyinsesi.org\\\/wp-content\\\/uploads\\\/2024\\\/05\\\/mevhibe-sefik-davetiye.jpg\",\"articleSection\":[\"Ya\u015fam\"],\"inLanguage\":\"tr\",\"potentialAction\":[{\"@type\":\"CommentAction\",\"name\":\"Comment\",\"target\":[\"https:\\\/\\\/kuzeyinsesi.org\\\/index.php\\\/2024\\\/05\\\/28\\\/ogretmenim-mevhibe-sefik-fircanin-tilsimi-dokumantasyon-sergisi-3-haziran-pazartesi-aciliyor\\\/#respond\"]}]},{\"@type\":\"WebPage\",\"@id\":\"https:\\\/\\\/kuzeyinsesi.org\\\/index.php\\\/2024\\\/05\\\/28\\\/ogretmenim-mevhibe-sefik-fircanin-tilsimi-dokumantasyon-sergisi-3-haziran-pazartesi-aciliyor\\\/\",\"url\":\"https:\\\/\\\/kuzeyinsesi.org\\\/index.php\\\/2024\\\/05\\\/28\\\/ogretmenim-mevhibe-sefik-fircanin-tilsimi-dokumantasyon-sergisi-3-haziran-pazartesi-aciliyor\\\/\",\"name\":\"\u201c\u00d6\u011fretmenim Mevhibe \u015eefik- F\u0131r\u00e7an\u0131n T\u0131ls\u0131m\u0131 Dok\u00fcmantasyon Sergisi\u201d, 3 Haziran Pazartesi a\u00e7\u0131l\u0131yor - Kuzeyin Sesi\",\"isPartOf\":{\"@id\":\"https:\\\/\\\/kuzeyinsesi.org\\\/#website\"},\"primaryImageOfPage\":{\"@id\":\"https:\\\/\\\/kuzeyinsesi.org\\\/index.php\\\/2024\\\/05\\\/28\\\/ogretmenim-mevhibe-sefik-fircanin-tilsimi-dokumantasyon-sergisi-3-haziran-pazartesi-aciliyor\\\/#primaryimage\"},\"image\":{\"@id\":\"https:\\\/\\\/kuzeyinsesi.org\\\/index.php\\\/2024\\\/05\\\/28\\\/ogretmenim-mevhibe-sefik-fircanin-tilsimi-dokumantasyon-sergisi-3-haziran-pazartesi-aciliyor\\\/#primaryimage\"},\"thumbnailUrl\":\"https:\\\/\\\/kuzeyinsesi.org\\\/wp-content\\\/uploads\\\/2024\\\/05\\\/mevhibe-sefik-davetiye.jpg\",\"datePublished\":\"2024-05-28T10:42:13+00:00\",\"author\":{\"@id\":\"https:\\\/\\\/kuzeyinsesi.org\\\/#\\\/schema\\\/person\\\/9f859689cdf01485597712386e37f5aa\"},\"breadcrumb\":{\"@id\":\"https:\\\/\\\/kuzeyinsesi.org\\\/index.php\\\/2024\\\/05\\\/28\\\/ogretmenim-mevhibe-sefik-fircanin-tilsimi-dokumantasyon-sergisi-3-haziran-pazartesi-aciliyor\\\/#breadcrumb\"},\"inLanguage\":\"tr\",\"potentialAction\":[{\"@type\":\"ReadAction\",\"target\":[\"https:\\\/\\\/kuzeyinsesi.org\\\/index.php\\\/2024\\\/05\\\/28\\\/ogretmenim-mevhibe-sefik-fircanin-tilsimi-dokumantasyon-sergisi-3-haziran-pazartesi-aciliyor\\\/\"]}]},{\"@type\":\"ImageObject\",\"inLanguage\":\"tr\",\"@id\":\"https:\\\/\\\/kuzeyinsesi.org\\\/index.php\\\/2024\\\/05\\\/28\\\/ogretmenim-mevhibe-sefik-fircanin-tilsimi-dokumantasyon-sergisi-3-haziran-pazartesi-aciliyor\\\/#primaryimage\",\"url\":\"https:\\\/\\\/kuzeyinsesi.org\\\/wp-content\\\/uploads\\\/2024\\\/05\\\/mevhibe-sefik-davetiye.jpg\",\"contentUrl\":\"https:\\\/\\\/kuzeyinsesi.org\\\/wp-content\\\/uploads\\\/2024\\\/05\\\/mevhibe-sefik-davetiye.jpg\",\"width\":1920,\"height\":1080},{\"@type\":\"BreadcrumbList\",\"@id\":\"https:\\\/\\\/kuzeyinsesi.org\\\/index.php\\\/2024\\\/05\\\/28\\\/ogretmenim-mevhibe-sefik-fircanin-tilsimi-dokumantasyon-sergisi-3-haziran-pazartesi-aciliyor\\\/#breadcrumb\",\"itemListElement\":[{\"@type\":\"ListItem\",\"position\":1,\"name\":\"Anasayfa\",\"item\":\"https:\\\/\\\/kuzeyinsesi.org\\\/\"},{\"@type\":\"ListItem\",\"position\":2,\"name\":\"\u201c\u00d6\u011fretmenim Mevhibe \u015eefik- F\u0131r\u00e7an\u0131n T\u0131ls\u0131m\u0131 Dok\u00fcmantasyon Sergisi\u201d, 3 Haziran Pazartesi a\u00e7\u0131l\u0131yor\"}]},{\"@type\":\"WebSite\",\"@id\":\"https:\\\/\\\/kuzeyinsesi.org\\\/#website\",\"url\":\"https:\\\/\\\/kuzeyinsesi.org\\\/\",\"name\":\"Kuzeyin Sesi\",\"description\":\"Do\u011fru Haberin Adresi\",\"potentialAction\":[{\"@type\":\"SearchAction\",\"target\":{\"@type\":\"EntryPoint\",\"urlTemplate\":\"https:\\\/\\\/kuzeyinsesi.org\\\/?s={search_term_string}\"},\"query-input\":{\"@type\":\"PropertyValueSpecification\",\"valueRequired\":true,\"valueName\":\"search_term_string\"}}],\"inLanguage\":\"tr\"},{\"@type\":\"Person\",\"@id\":\"https:\\\/\\\/kuzeyinsesi.org\\\/#\\\/schema\\\/person\\\/9f859689cdf01485597712386e37f5aa\",\"name\":\"Kuzeyin Sesi\",\"image\":{\"@type\":\"ImageObject\",\"inLanguage\":\"tr\",\"@id\":\"https:\\\/\\\/secure.gravatar.com\\\/avatar\\\/bab33852abfd8b282518d6ed81826833d77c3c882d9ab608add591ccace47a44?s=96&d=mm&r=g\",\"url\":\"https:\\\/\\\/secure.gravatar.com\\\/avatar\\\/bab33852abfd8b282518d6ed81826833d77c3c882d9ab608add591ccace47a44?s=96&d=mm&r=g\",\"contentUrl\":\"https:\\\/\\\/secure.gravatar.com\\\/avatar\\\/bab33852abfd8b282518d6ed81826833d77c3c882d9ab608add591ccace47a44?s=96&d=mm&r=g\",\"caption\":\"Kuzeyin Sesi\"},\"sameAs\":[\"https:\\\/\\\/kuzeyinsesi.org\"],\"url\":\"https:\\\/\\\/kuzeyinsesi.org\\\/index.php\\\/author\\\/guven\\\/\"}]}<\/script>\n<!-- \/ Yoast SEO plugin. -->","yoast_head_json":{"title":"\u201c\u00d6\u011fretmenim Mevhibe \u015eefik- F\u0131r\u00e7an\u0131n T\u0131ls\u0131m\u0131 Dok\u00fcmantasyon Sergisi\u201d, 3 Haziran Pazartesi a\u00e7\u0131l\u0131yor - Kuzeyin Sesi","robots":{"index":"index","follow":"follow","max-snippet":"max-snippet:-1","max-image-preview":"max-image-preview:large","max-video-preview":"max-video-preview:-1"},"canonical":"https:\/\/kuzeyinsesi.org\/index.php\/2024\/05\/28\/ogretmenim-mevhibe-sefik-fircanin-tilsimi-dokumantasyon-sergisi-3-haziran-pazartesi-aciliyor\/","og_locale":"tr_TR","og_type":"article","og_title":"\u201c\u00d6\u011fretmenim Mevhibe \u015eefik- F\u0131r\u00e7an\u0131n T\u0131ls\u0131m\u0131 Dok\u00fcmantasyon Sergisi\u201d, 3 Haziran Pazartesi a\u00e7\u0131l\u0131yor - Kuzeyin Sesi","og_description":"R\u00fcstem Kitabevi, a\u00e7\u0131l\u0131\u015f\u0131 3 Haziran 2024 Pazartesi ak\u015fam\u0131 saat 18:00\u2019de sanat galerisinde ger\u00e7ekle\u015ftirilecek ve 3 Temmuz 2024 tarihine kadar saat 09:00- 18:00 saatleri aras\u0131nda ziyaret edilebilecek \u00d6\u011fretmenim Mevhibe \u015eefik- F\u0131r\u00e7an\u0131n T\u0131ls\u0131m\u0131 Dok\u00fcmantasyon Sergisi\u2019ni sanatseverler ile bulu\u015fturuyor. Sergi izleyicileri, ilk K\u0131br\u0131sl\u0131 T\u00fcrk kad\u0131n resim \u00f6\u011fretmeni, ilk sahne tasar\u0131mc\u0131s\u0131 ve bir radyo tiyatrosu sanat\u00e7\u0131s\u0131 olarak sanat ve [&hellip;]","og_url":"https:\/\/kuzeyinsesi.org\/index.php\/2024\/05\/28\/ogretmenim-mevhibe-sefik-fircanin-tilsimi-dokumantasyon-sergisi-3-haziran-pazartesi-aciliyor\/","og_site_name":"Kuzeyin Sesi","article_publisher":"https:\/\/www.facebook.com\/kuzeyinsesii","article_published_time":"2024-05-28T10:42:13+00:00","og_image":[{"width":1920,"height":1080,"url":"https:\/\/kuzeyinsesi.org\/wp-content\/uploads\/2024\/05\/mevhibe-sefik-davetiye.jpg","type":"image\/jpeg"}],"author":"Kuzeyin Sesi","twitter_card":"summary_large_image","twitter_creator":"@kuzeyinsesii","twitter_site":"@kuzeyinsesii","twitter_misc":{"Yazan:":"Kuzeyin Sesi","Tahmini okuma s\u00fcresi":"2 dakika"},"schema":{"@context":"https:\/\/schema.org","@graph":[{"@type":"Article","@id":"https:\/\/kuzeyinsesi.org\/index.php\/2024\/05\/28\/ogretmenim-mevhibe-sefik-fircanin-tilsimi-dokumantasyon-sergisi-3-haziran-pazartesi-aciliyor\/#article","isPartOf":{"@id":"https:\/\/kuzeyinsesi.org\/index.php\/2024\/05\/28\/ogretmenim-mevhibe-sefik-fircanin-tilsimi-dokumantasyon-sergisi-3-haziran-pazartesi-aciliyor\/"},"author":{"name":"Kuzeyin Sesi","@id":"https:\/\/kuzeyinsesi.org\/#\/schema\/person\/9f859689cdf01485597712386e37f5aa"},"headline":"\u201c\u00d6\u011fretmenim Mevhibe \u015eefik- F\u0131r\u00e7an\u0131n T\u0131ls\u0131m\u0131 Dok\u00fcmantasyon Sergisi\u201d, 3 Haziran Pazartesi a\u00e7\u0131l\u0131yor","datePublished":"2024-05-28T10:42:13+00:00","mainEntityOfPage":{"@id":"https:\/\/kuzeyinsesi.org\/index.php\/2024\/05\/28\/ogretmenim-mevhibe-sefik-fircanin-tilsimi-dokumantasyon-sergisi-3-haziran-pazartesi-aciliyor\/"},"wordCount":419,"commentCount":0,"image":{"@id":"https:\/\/kuzeyinsesi.org\/index.php\/2024\/05\/28\/ogretmenim-mevhibe-sefik-fircanin-tilsimi-dokumantasyon-sergisi-3-haziran-pazartesi-aciliyor\/#primaryimage"},"thumbnailUrl":"https:\/\/kuzeyinsesi.org\/wp-content\/uploads\/2024\/05\/mevhibe-sefik-davetiye.jpg","articleSection":["Ya\u015fam"],"inLanguage":"tr","potentialAction":[{"@type":"CommentAction","name":"Comment","target":["https:\/\/kuzeyinsesi.org\/index.php\/2024\/05\/28\/ogretmenim-mevhibe-sefik-fircanin-tilsimi-dokumantasyon-sergisi-3-haziran-pazartesi-aciliyor\/#respond"]}]},{"@type":"WebPage","@id":"https:\/\/kuzeyinsesi.org\/index.php\/2024\/05\/28\/ogretmenim-mevhibe-sefik-fircanin-tilsimi-dokumantasyon-sergisi-3-haziran-pazartesi-aciliyor\/","url":"https:\/\/kuzeyinsesi.org\/index.php\/2024\/05\/28\/ogretmenim-mevhibe-sefik-fircanin-tilsimi-dokumantasyon-sergisi-3-haziran-pazartesi-aciliyor\/","name":"\u201c\u00d6\u011fretmenim Mevhibe \u015eefik- F\u0131r\u00e7an\u0131n T\u0131ls\u0131m\u0131 Dok\u00fcmantasyon Sergisi\u201d, 3 Haziran Pazartesi a\u00e7\u0131l\u0131yor - Kuzeyin Sesi","isPartOf":{"@id":"https:\/\/kuzeyinsesi.org\/#website"},"primaryImageOfPage":{"@id":"https:\/\/kuzeyinsesi.org\/index.php\/2024\/05\/28\/ogretmenim-mevhibe-sefik-fircanin-tilsimi-dokumantasyon-sergisi-3-haziran-pazartesi-aciliyor\/#primaryimage"},"image":{"@id":"https:\/\/kuzeyinsesi.org\/index.php\/2024\/05\/28\/ogretmenim-mevhibe-sefik-fircanin-tilsimi-dokumantasyon-sergisi-3-haziran-pazartesi-aciliyor\/#primaryimage"},"thumbnailUrl":"https:\/\/kuzeyinsesi.org\/wp-content\/uploads\/2024\/05\/mevhibe-sefik-davetiye.jpg","datePublished":"2024-05-28T10:42:13+00:00","author":{"@id":"https:\/\/kuzeyinsesi.org\/#\/schema\/person\/9f859689cdf01485597712386e37f5aa"},"breadcrumb":{"@id":"https:\/\/kuzeyinsesi.org\/index.php\/2024\/05\/28\/ogretmenim-mevhibe-sefik-fircanin-tilsimi-dokumantasyon-sergisi-3-haziran-pazartesi-aciliyor\/#breadcrumb"},"inLanguage":"tr","potentialAction":[{"@type":"ReadAction","target":["https:\/\/kuzeyinsesi.org\/index.php\/2024\/05\/28\/ogretmenim-mevhibe-sefik-fircanin-tilsimi-dokumantasyon-sergisi-3-haziran-pazartesi-aciliyor\/"]}]},{"@type":"ImageObject","inLanguage":"tr","@id":"https:\/\/kuzeyinsesi.org\/index.php\/2024\/05\/28\/ogretmenim-mevhibe-sefik-fircanin-tilsimi-dokumantasyon-sergisi-3-haziran-pazartesi-aciliyor\/#primaryimage","url":"https:\/\/kuzeyinsesi.org\/wp-content\/uploads\/2024\/05\/mevhibe-sefik-davetiye.jpg","contentUrl":"https:\/\/kuzeyinsesi.org\/wp-content\/uploads\/2024\/05\/mevhibe-sefik-davetiye.jpg","width":1920,"height":1080},{"@type":"BreadcrumbList","@id":"https:\/\/kuzeyinsesi.org\/index.php\/2024\/05\/28\/ogretmenim-mevhibe-sefik-fircanin-tilsimi-dokumantasyon-sergisi-3-haziran-pazartesi-aciliyor\/#breadcrumb","itemListElement":[{"@type":"ListItem","position":1,"name":"Anasayfa","item":"https:\/\/kuzeyinsesi.org\/"},{"@type":"ListItem","position":2,"name":"\u201c\u00d6\u011fretmenim Mevhibe \u015eefik- F\u0131r\u00e7an\u0131n T\u0131ls\u0131m\u0131 Dok\u00fcmantasyon Sergisi\u201d, 3 Haziran Pazartesi a\u00e7\u0131l\u0131yor"}]},{"@type":"WebSite","@id":"https:\/\/kuzeyinsesi.org\/#website","url":"https:\/\/kuzeyinsesi.org\/","name":"Kuzeyin Sesi","description":"Do\u011fru Haberin Adresi","potentialAction":[{"@type":"SearchAction","target":{"@type":"EntryPoint","urlTemplate":"https:\/\/kuzeyinsesi.org\/?s={search_term_string}"},"query-input":{"@type":"PropertyValueSpecification","valueRequired":true,"valueName":"search_term_string"}}],"inLanguage":"tr"},{"@type":"Person","@id":"https:\/\/kuzeyinsesi.org\/#\/schema\/person\/9f859689cdf01485597712386e37f5aa","name":"Kuzeyin Sesi","image":{"@type":"ImageObject","inLanguage":"tr","@id":"https:\/\/secure.gravatar.com\/avatar\/bab33852abfd8b282518d6ed81826833d77c3c882d9ab608add591ccace47a44?s=96&d=mm&r=g","url":"https:\/\/secure.gravatar.com\/avatar\/bab33852abfd8b282518d6ed81826833d77c3c882d9ab608add591ccace47a44?s=96&d=mm&r=g","contentUrl":"https:\/\/secure.gravatar.com\/avatar\/bab33852abfd8b282518d6ed81826833d77c3c882d9ab608add591ccace47a44?s=96&d=mm&r=g","caption":"Kuzeyin Sesi"},"sameAs":["https:\/\/kuzeyinsesi.org"],"url":"https:\/\/kuzeyinsesi.org\/index.php\/author\/guven\/"}]}},"_links":{"self":[{"href":"https:\/\/kuzeyinsesi.org\/index.php\/wp-json\/wp\/v2\/posts\/3557","targetHints":{"allow":["GET"]}}],"collection":[{"href":"https:\/\/kuzeyinsesi.org\/index.php\/wp-json\/wp\/v2\/posts"}],"about":[{"href":"https:\/\/kuzeyinsesi.org\/index.php\/wp-json\/wp\/v2\/types\/post"}],"author":[{"embeddable":true,"href":"https:\/\/kuzeyinsesi.org\/index.php\/wp-json\/wp\/v2\/users\/1"}],"replies":[{"embeddable":true,"href":"https:\/\/kuzeyinsesi.org\/index.php\/wp-json\/wp\/v2\/comments?post=3557"}],"version-history":[{"count":0,"href":"https:\/\/kuzeyinsesi.org\/index.php\/wp-json\/wp\/v2\/posts\/3557\/revisions"}],"wp:featuredmedia":[{"embeddable":true,"href":"https:\/\/kuzeyinsesi.org\/index.php\/wp-json\/wp\/v2\/media\/3558"}],"wp:attachment":[{"href":"https:\/\/kuzeyinsesi.org\/index.php\/wp-json\/wp\/v2\/media?parent=3557"}],"wp:term":[{"taxonomy":"category","embeddable":true,"href":"https:\/\/kuzeyinsesi.org\/index.php\/wp-json\/wp\/v2\/categories?post=3557"},{"taxonomy":"post_tag","embeddable":true,"href":"https:\/\/kuzeyinsesi.org\/index.php\/wp-json\/wp\/v2\/tags?post=3557"}],"curies":[{"name":"wp","href":"https:\/\/api.w.org\/{rel}","templated":true}]}}