{"id":35506,"date":"2026-01-24T10:11:18","date_gmt":"2026-01-24T08:11:18","guid":{"rendered":"https:\/\/kuzeyinsesi.org\/index.php\/2026\/01\/24\/tbf-ergin-atamana-yapilan-saldiri-icin-inceleme-istedi\/"},"modified":"2026-01-24T10:11:18","modified_gmt":"2026-01-24T08:11:18","slug":"tbf-ergin-atamana-yapilan-saldiri-icin-inceleme-istedi","status":"publish","type":"post","link":"https:\/\/kuzeyinsesi.org\/index.php\/2026\/01\/24\/tbf-ergin-atamana-yapilan-saldiri-icin-inceleme-istedi\/","title":{"rendered":"TBF, Ergin Ataman&#039;a yap\u0131lan sald\u0131r\u0131 i\u00e7in inceleme istedi"},"content":{"rendered":"<p><\/p>\n<div>\n<p>&#13;<br \/>\n\tTBF&#8217;nin internet sitesinden yap\u0131lan a\u00e7\u0131klamada, \u0130srailli taraftarlar\u0131n \u00e7irkin tezah\u00fcratlar\u0131n\u0131n k\u0131nand\u0131\u011f\u0131 belirtilerek, &#8220;T\u00fcrkiye <a href=\"https:\/\/www.trthaber.com\/etiket\/basketbol\/\" target=\"_blank\">Basketbol<\/a> Federasyonu olarak, basketbolun birle\u015ftirici g\u00fcc\u00fcne inan\u0131yor; d\u00fcnyan\u0131n d\u00f6rt bir yan\u0131nda \u00fclkemizi ba\u015far\u0131yla temsil eden sporcu, antren\u00f6r ve idarecilerimizin her zaman en g\u00fc\u00e7l\u00fc destek\u00e7isi oldu\u011fumuzu vurguluyoruz. \u00dclkemizi uluslararas\u0131 arenada temsil eden de\u011ferlerimizin, sporun ruhuna ve etik de\u011ferlerine ayk\u0131r\u0131 sald\u0131r\u0131lara maruz kalmas\u0131 asla kabul edilemez. Avrupa Ligi&#8217;nde oynanan Maccabi Rapyd-Panathinaikos m\u00fcsabakas\u0131 s\u0131ras\u0131nda A Erkek Milli Tak\u0131m Ba\u015fantren\u00f6r\u00fcm\u00fcz Say\u0131n Ergin Ataman&#8217;a y\u00f6nelik ger\u00e7ekle\u015ftirilen, sporun evrensel de\u011ferleriyle ba\u011fda\u015fmayan \u00e7irkin tezah\u00fcratlar\u0131 esefle k\u0131n\u0131yoruz.&#8221; denildi.<\/p>\n<p>&#13;<br \/>\n\tA\u00e7\u0131klaman\u0131n devam\u0131nda, &#8220;Avrupa Ligi y\u00f6netiminin, sporun bar\u0131\u015f\u00e7\u0131l do\u011fas\u0131n\u0131 korumak ad\u0131na bu vahim olay\u0131 titizlikle incelemesini istiyor; benzer durumlar\u0131n tekrar etmemesi i\u00e7in gerekli disiplin s\u00fcre\u00e7lerinin ivedilikle i\u015fletilmesini bekliyoruz.&#8221; ifadeleri kullan\u0131ld\u0131.<\/p>\n<\/p><\/div>\n","protected":false},"excerpt":{"rendered":"<p>&#13; TBF&#8217;nin internet sitesinden yap\u0131lan a\u00e7\u0131klamada, \u0130srailli taraftarlar\u0131n \u00e7irkin tezah\u00fcratlar\u0131n\u0131n k\u0131nand\u0131\u011f\u0131 belirtilerek, &#8220;T\u00fcrkiye Basketbol Federasyonu olarak, basketbolun birle\u015ftirici g\u00fcc\u00fcne inan\u0131yor; d\u00fcnyan\u0131n d\u00f6rt bir yan\u0131nda \u00fclkemizi ba\u015far\u0131yla temsil eden sporcu, antren\u00f6r ve idarecilerimizin her zaman en g\u00fc\u00e7l\u00fc destek\u00e7isi oldu\u011fumuzu vurguluyoruz. \u00dclkemizi uluslararas\u0131 arenada temsil eden de\u011ferlerimizin, sporun ruhuna ve etik de\u011ferlerine ayk\u0131r\u0131 sald\u0131r\u0131lara maruz kalmas\u0131 asla [&hellip;]<\/p>\n","protected":false},"author":1,"featured_media":35507,"comment_status":"open","ping_status":"open","sticky":false,"template":"","format":"standard","meta":{"jnews-multi-image_gallery":[],"jnews_single_post":[],"jnews_primary_category":[],"jnews_social_meta":[],"jnews_override_counter":[],"footnotes":""},"categories":[4],"tags":[],"class_list":["post-35506","post","type-post","status-publish","format-standard","has-post-thumbnail","hentry","category-spor"],"yoast_head":"<!-- This site is optimized with the Yoast SEO plugin v27.5 - https:\/\/yoast.com\/product\/yoast-seo-wordpress\/ -->\n<title>TBF, Ergin Ataman&#039;a yap\u0131lan sald\u0131r\u0131 i\u00e7in inceleme istedi - Kuzeyin Sesi<\/title>\n<meta name=\"robots\" content=\"index, follow, max-snippet:-1, max-image-preview:large, max-video-preview:-1\" \/>\n<link rel=\"canonical\" href=\"https:\/\/kuzeyinsesi.org\/index.php\/2026\/01\/24\/tbf-ergin-atamana-yapilan-saldiri-icin-inceleme-istedi\/\" \/>\n<meta property=\"og:locale\" content=\"tr_TR\" \/>\n<meta property=\"og:type\" content=\"article\" \/>\n<meta property=\"og:title\" content=\"TBF, Ergin Ataman&#039;a yap\u0131lan sald\u0131r\u0131 i\u00e7in inceleme istedi - Kuzeyin Sesi\" \/>\n<meta property=\"og:description\" content=\"&#013; TBF&#8217;nin internet sitesinden yap\u0131lan a\u00e7\u0131klamada, \u0130srailli taraftarlar\u0131n \u00e7irkin tezah\u00fcratlar\u0131n\u0131n k\u0131nand\u0131\u011f\u0131 belirtilerek, &#8220;T\u00fcrkiye Basketbol Federasyonu olarak, basketbolun birle\u015ftirici g\u00fcc\u00fcne inan\u0131yor; d\u00fcnyan\u0131n d\u00f6rt bir yan\u0131nda \u00fclkemizi ba\u015far\u0131yla temsil eden sporcu, antren\u00f6r ve idarecilerimizin her zaman en g\u00fc\u00e7l\u00fc destek\u00e7isi oldu\u011fumuzu vurguluyoruz. \u00dclkemizi uluslararas\u0131 arenada temsil eden de\u011ferlerimizin, sporun ruhuna ve etik de\u011ferlerine ayk\u0131r\u0131 sald\u0131r\u0131lara maruz kalmas\u0131 asla [&hellip;]\" \/>\n<meta property=\"og:url\" content=\"https:\/\/kuzeyinsesi.org\/index.php\/2026\/01\/24\/tbf-ergin-atamana-yapilan-saldiri-icin-inceleme-istedi\/\" \/>\n<meta property=\"og:site_name\" content=\"Kuzeyin Sesi\" \/>\n<meta property=\"article:publisher\" content=\"https:\/\/www.facebook.com\/kuzeyinsesii\" \/>\n<meta property=\"article:published_time\" content=\"2026-01-24T08:11:18+00:00\" \/>\n<meta property=\"og:image\" content=\"https:\/\/trthaberstatic.cdn.wp.trt.com.tr\/resimler\/2432000\/ergin-ataman-2433605.jpg\" \/>\n<meta name=\"author\" content=\"Kuzeyin Sesi\" \/>\n<meta name=\"twitter:card\" content=\"summary_large_image\" \/>\n<meta name=\"twitter:creator\" content=\"@kuzeyinsesii\" \/>\n<meta name=\"twitter:site\" content=\"@kuzeyinsesii\" \/>\n<meta name=\"twitter:label1\" content=\"Yazan:\" \/>\n\t<meta name=\"twitter:data1\" content=\"Kuzeyin Sesi\" \/>\n\t<meta name=\"twitter:label2\" content=\"Tahmini okuma s\u00fcresi\" \/>\n\t<meta name=\"twitter:data2\" content=\"1 dakika\" \/>\n<script type=\"application\/ld+json\" class=\"yoast-schema-graph\">{\"@context\":\"https:\\\/\\\/schema.org\",\"@graph\":[{\"@type\":\"Article\",\"@id\":\"https:\\\/\\\/kuzeyinsesi.org\\\/index.php\\\/2026\\\/01\\\/24\\\/tbf-ergin-atamana-yapilan-saldiri-icin-inceleme-istedi\\\/#article\",\"isPartOf\":{\"@id\":\"https:\\\/\\\/kuzeyinsesi.org\\\/index.php\\\/2026\\\/01\\\/24\\\/tbf-ergin-atamana-yapilan-saldiri-icin-inceleme-istedi\\\/\"},\"author\":{\"name\":\"Kuzeyin Sesi\",\"@id\":\"https:\\\/\\\/kuzeyinsesi.org\\\/#\\\/schema\\\/person\\\/9f859689cdf01485597712386e37f5aa\"},\"headline\":\"TBF, Ergin Ataman&#039;a yap\u0131lan sald\u0131r\u0131 i\u00e7in inceleme istedi\",\"datePublished\":\"2026-01-24T08:11:18+00:00\",\"mainEntityOfPage\":{\"@id\":\"https:\\\/\\\/kuzeyinsesi.org\\\/index.php\\\/2026\\\/01\\\/24\\\/tbf-ergin-atamana-yapilan-saldiri-icin-inceleme-istedi\\\/\"},\"wordCount\":185,\"commentCount\":0,\"image\":{\"@id\":\"https:\\\/\\\/kuzeyinsesi.org\\\/index.php\\\/2026\\\/01\\\/24\\\/tbf-ergin-atamana-yapilan-saldiri-icin-inceleme-istedi\\\/#primaryimage\"},\"thumbnailUrl\":\"https:\\\/\\\/kuzeyinsesi.org\\\/wp-content\\\/uploads\\\/2026\\\/01\\\/ergin-ataman-2433605.jpg\",\"articleSection\":[\"Spor\"],\"inLanguage\":\"tr\",\"potentialAction\":[{\"@type\":\"CommentAction\",\"name\":\"Comment\",\"target\":[\"https:\\\/\\\/kuzeyinsesi.org\\\/index.php\\\/2026\\\/01\\\/24\\\/tbf-ergin-atamana-yapilan-saldiri-icin-inceleme-istedi\\\/#respond\"]}]},{\"@type\":\"WebPage\",\"@id\":\"https:\\\/\\\/kuzeyinsesi.org\\\/index.php\\\/2026\\\/01\\\/24\\\/tbf-ergin-atamana-yapilan-saldiri-icin-inceleme-istedi\\\/\",\"url\":\"https:\\\/\\\/kuzeyinsesi.org\\\/index.php\\\/2026\\\/01\\\/24\\\/tbf-ergin-atamana-yapilan-saldiri-icin-inceleme-istedi\\\/\",\"name\":\"TBF, Ergin Ataman&#039;a yap\u0131lan sald\u0131r\u0131 i\u00e7in inceleme istedi - Kuzeyin Sesi\",\"isPartOf\":{\"@id\":\"https:\\\/\\\/kuzeyinsesi.org\\\/#website\"},\"primaryImageOfPage\":{\"@id\":\"https:\\\/\\\/kuzeyinsesi.org\\\/index.php\\\/2026\\\/01\\\/24\\\/tbf-ergin-atamana-yapilan-saldiri-icin-inceleme-istedi\\\/#primaryimage\"},\"image\":{\"@id\":\"https:\\\/\\\/kuzeyinsesi.org\\\/index.php\\\/2026\\\/01\\\/24\\\/tbf-ergin-atamana-yapilan-saldiri-icin-inceleme-istedi\\\/#primaryimage\"},\"thumbnailUrl\":\"https:\\\/\\\/kuzeyinsesi.org\\\/wp-content\\\/uploads\\\/2026\\\/01\\\/ergin-ataman-2433605.jpg\",\"datePublished\":\"2026-01-24T08:11:18+00:00\",\"author\":{\"@id\":\"https:\\\/\\\/kuzeyinsesi.org\\\/#\\\/schema\\\/person\\\/9f859689cdf01485597712386e37f5aa\"},\"breadcrumb\":{\"@id\":\"https:\\\/\\\/kuzeyinsesi.org\\\/index.php\\\/2026\\\/01\\\/24\\\/tbf-ergin-atamana-yapilan-saldiri-icin-inceleme-istedi\\\/#breadcrumb\"},\"inLanguage\":\"tr\",\"potentialAction\":[{\"@type\":\"ReadAction\",\"target\":[\"https:\\\/\\\/kuzeyinsesi.org\\\/index.php\\\/2026\\\/01\\\/24\\\/tbf-ergin-atamana-yapilan-saldiri-icin-inceleme-istedi\\\/\"]}]},{\"@type\":\"ImageObject\",\"inLanguage\":\"tr\",\"@id\":\"https:\\\/\\\/kuzeyinsesi.org\\\/index.php\\\/2026\\\/01\\\/24\\\/tbf-ergin-atamana-yapilan-saldiri-icin-inceleme-istedi\\\/#primaryimage\",\"url\":\"https:\\\/\\\/kuzeyinsesi.org\\\/wp-content\\\/uploads\\\/2026\\\/01\\\/ergin-ataman-2433605.jpg\",\"contentUrl\":\"https:\\\/\\\/kuzeyinsesi.org\\\/wp-content\\\/uploads\\\/2026\\\/01\\\/ergin-ataman-2433605.jpg\",\"width\":1280,\"height\":720},{\"@type\":\"BreadcrumbList\",\"@id\":\"https:\\\/\\\/kuzeyinsesi.org\\\/index.php\\\/2026\\\/01\\\/24\\\/tbf-ergin-atamana-yapilan-saldiri-icin-inceleme-istedi\\\/#breadcrumb\",\"itemListElement\":[{\"@type\":\"ListItem\",\"position\":1,\"name\":\"Anasayfa\",\"item\":\"https:\\\/\\\/kuzeyinsesi.org\\\/\"},{\"@type\":\"ListItem\",\"position\":2,\"name\":\"TBF, Ergin Ataman&#039;a yap\u0131lan sald\u0131r\u0131 i\u00e7in inceleme istedi\"}]},{\"@type\":\"WebSite\",\"@id\":\"https:\\\/\\\/kuzeyinsesi.org\\\/#website\",\"url\":\"https:\\\/\\\/kuzeyinsesi.org\\\/\",\"name\":\"Kuzeyin Sesi\",\"description\":\"Do\u011fru Haberin Adresi\",\"potentialAction\":[{\"@type\":\"SearchAction\",\"target\":{\"@type\":\"EntryPoint\",\"urlTemplate\":\"https:\\\/\\\/kuzeyinsesi.org\\\/?s={search_term_string}\"},\"query-input\":{\"@type\":\"PropertyValueSpecification\",\"valueRequired\":true,\"valueName\":\"search_term_string\"}}],\"inLanguage\":\"tr\"},{\"@type\":\"Person\",\"@id\":\"https:\\\/\\\/kuzeyinsesi.org\\\/#\\\/schema\\\/person\\\/9f859689cdf01485597712386e37f5aa\",\"name\":\"Kuzeyin Sesi\",\"image\":{\"@type\":\"ImageObject\",\"inLanguage\":\"tr\",\"@id\":\"https:\\\/\\\/secure.gravatar.com\\\/avatar\\\/bab33852abfd8b282518d6ed81826833d77c3c882d9ab608add591ccace47a44?s=96&d=mm&r=g\",\"url\":\"https:\\\/\\\/secure.gravatar.com\\\/avatar\\\/bab33852abfd8b282518d6ed81826833d77c3c882d9ab608add591ccace47a44?s=96&d=mm&r=g\",\"contentUrl\":\"https:\\\/\\\/secure.gravatar.com\\\/avatar\\\/bab33852abfd8b282518d6ed81826833d77c3c882d9ab608add591ccace47a44?s=96&d=mm&r=g\",\"caption\":\"Kuzeyin Sesi\"},\"sameAs\":[\"https:\\\/\\\/kuzeyinsesi.org\"],\"url\":\"https:\\\/\\\/kuzeyinsesi.org\\\/index.php\\\/author\\\/guven\\\/\"}]}<\/script>\n<!-- \/ Yoast SEO plugin. -->","yoast_head_json":{"title":"TBF, Ergin Ataman&#039;a yap\u0131lan sald\u0131r\u0131 i\u00e7in inceleme istedi - Kuzeyin Sesi","robots":{"index":"index","follow":"follow","max-snippet":"max-snippet:-1","max-image-preview":"max-image-preview:large","max-video-preview":"max-video-preview:-1"},"canonical":"https:\/\/kuzeyinsesi.org\/index.php\/2026\/01\/24\/tbf-ergin-atamana-yapilan-saldiri-icin-inceleme-istedi\/","og_locale":"tr_TR","og_type":"article","og_title":"TBF, Ergin Ataman&#039;a yap\u0131lan sald\u0131r\u0131 i\u00e7in inceleme istedi - Kuzeyin Sesi","og_description":"&#13; TBF&#8217;nin internet sitesinden yap\u0131lan a\u00e7\u0131klamada, \u0130srailli taraftarlar\u0131n \u00e7irkin tezah\u00fcratlar\u0131n\u0131n k\u0131nand\u0131\u011f\u0131 belirtilerek, &#8220;T\u00fcrkiye Basketbol Federasyonu olarak, basketbolun birle\u015ftirici g\u00fcc\u00fcne inan\u0131yor; d\u00fcnyan\u0131n d\u00f6rt bir yan\u0131nda \u00fclkemizi ba\u015far\u0131yla temsil eden sporcu, antren\u00f6r ve idarecilerimizin her zaman en g\u00fc\u00e7l\u00fc destek\u00e7isi oldu\u011fumuzu vurguluyoruz. \u00dclkemizi uluslararas\u0131 arenada temsil eden de\u011ferlerimizin, sporun ruhuna ve etik de\u011ferlerine ayk\u0131r\u0131 sald\u0131r\u0131lara maruz kalmas\u0131 asla [&hellip;]","og_url":"https:\/\/kuzeyinsesi.org\/index.php\/2026\/01\/24\/tbf-ergin-atamana-yapilan-saldiri-icin-inceleme-istedi\/","og_site_name":"Kuzeyin Sesi","article_publisher":"https:\/\/www.facebook.com\/kuzeyinsesii","article_published_time":"2026-01-24T08:11:18+00:00","og_image":[{"url":"https:\/\/trthaberstatic.cdn.wp.trt.com.tr\/resimler\/2432000\/ergin-ataman-2433605.jpg","type":"","width":"","height":""}],"author":"Kuzeyin Sesi","twitter_card":"summary_large_image","twitter_creator":"@kuzeyinsesii","twitter_site":"@kuzeyinsesii","twitter_misc":{"Yazan:":"Kuzeyin Sesi","Tahmini okuma s\u00fcresi":"1 dakika"},"schema":{"@context":"https:\/\/schema.org","@graph":[{"@type":"Article","@id":"https:\/\/kuzeyinsesi.org\/index.php\/2026\/01\/24\/tbf-ergin-atamana-yapilan-saldiri-icin-inceleme-istedi\/#article","isPartOf":{"@id":"https:\/\/kuzeyinsesi.org\/index.php\/2026\/01\/24\/tbf-ergin-atamana-yapilan-saldiri-icin-inceleme-istedi\/"},"author":{"name":"Kuzeyin Sesi","@id":"https:\/\/kuzeyinsesi.org\/#\/schema\/person\/9f859689cdf01485597712386e37f5aa"},"headline":"TBF, Ergin Ataman&#039;a yap\u0131lan sald\u0131r\u0131 i\u00e7in inceleme istedi","datePublished":"2026-01-24T08:11:18+00:00","mainEntityOfPage":{"@id":"https:\/\/kuzeyinsesi.org\/index.php\/2026\/01\/24\/tbf-ergin-atamana-yapilan-saldiri-icin-inceleme-istedi\/"},"wordCount":185,"commentCount":0,"image":{"@id":"https:\/\/kuzeyinsesi.org\/index.php\/2026\/01\/24\/tbf-ergin-atamana-yapilan-saldiri-icin-inceleme-istedi\/#primaryimage"},"thumbnailUrl":"https:\/\/kuzeyinsesi.org\/wp-content\/uploads\/2026\/01\/ergin-ataman-2433605.jpg","articleSection":["Spor"],"inLanguage":"tr","potentialAction":[{"@type":"CommentAction","name":"Comment","target":["https:\/\/kuzeyinsesi.org\/index.php\/2026\/01\/24\/tbf-ergin-atamana-yapilan-saldiri-icin-inceleme-istedi\/#respond"]}]},{"@type":"WebPage","@id":"https:\/\/kuzeyinsesi.org\/index.php\/2026\/01\/24\/tbf-ergin-atamana-yapilan-saldiri-icin-inceleme-istedi\/","url":"https:\/\/kuzeyinsesi.org\/index.php\/2026\/01\/24\/tbf-ergin-atamana-yapilan-saldiri-icin-inceleme-istedi\/","name":"TBF, Ergin Ataman&#039;a yap\u0131lan sald\u0131r\u0131 i\u00e7in inceleme istedi - Kuzeyin Sesi","isPartOf":{"@id":"https:\/\/kuzeyinsesi.org\/#website"},"primaryImageOfPage":{"@id":"https:\/\/kuzeyinsesi.org\/index.php\/2026\/01\/24\/tbf-ergin-atamana-yapilan-saldiri-icin-inceleme-istedi\/#primaryimage"},"image":{"@id":"https:\/\/kuzeyinsesi.org\/index.php\/2026\/01\/24\/tbf-ergin-atamana-yapilan-saldiri-icin-inceleme-istedi\/#primaryimage"},"thumbnailUrl":"https:\/\/kuzeyinsesi.org\/wp-content\/uploads\/2026\/01\/ergin-ataman-2433605.jpg","datePublished":"2026-01-24T08:11:18+00:00","author":{"@id":"https:\/\/kuzeyinsesi.org\/#\/schema\/person\/9f859689cdf01485597712386e37f5aa"},"breadcrumb":{"@id":"https:\/\/kuzeyinsesi.org\/index.php\/2026\/01\/24\/tbf-ergin-atamana-yapilan-saldiri-icin-inceleme-istedi\/#breadcrumb"},"inLanguage":"tr","potentialAction":[{"@type":"ReadAction","target":["https:\/\/kuzeyinsesi.org\/index.php\/2026\/01\/24\/tbf-ergin-atamana-yapilan-saldiri-icin-inceleme-istedi\/"]}]},{"@type":"ImageObject","inLanguage":"tr","@id":"https:\/\/kuzeyinsesi.org\/index.php\/2026\/01\/24\/tbf-ergin-atamana-yapilan-saldiri-icin-inceleme-istedi\/#primaryimage","url":"https:\/\/kuzeyinsesi.org\/wp-content\/uploads\/2026\/01\/ergin-ataman-2433605.jpg","contentUrl":"https:\/\/kuzeyinsesi.org\/wp-content\/uploads\/2026\/01\/ergin-ataman-2433605.jpg","width":1280,"height":720},{"@type":"BreadcrumbList","@id":"https:\/\/kuzeyinsesi.org\/index.php\/2026\/01\/24\/tbf-ergin-atamana-yapilan-saldiri-icin-inceleme-istedi\/#breadcrumb","itemListElement":[{"@type":"ListItem","position":1,"name":"Anasayfa","item":"https:\/\/kuzeyinsesi.org\/"},{"@type":"ListItem","position":2,"name":"TBF, Ergin Ataman&#039;a yap\u0131lan sald\u0131r\u0131 i\u00e7in inceleme istedi"}]},{"@type":"WebSite","@id":"https:\/\/kuzeyinsesi.org\/#website","url":"https:\/\/kuzeyinsesi.org\/","name":"Kuzeyin Sesi","description":"Do\u011fru Haberin Adresi","potentialAction":[{"@type":"SearchAction","target":{"@type":"EntryPoint","urlTemplate":"https:\/\/kuzeyinsesi.org\/?s={search_term_string}"},"query-input":{"@type":"PropertyValueSpecification","valueRequired":true,"valueName":"search_term_string"}}],"inLanguage":"tr"},{"@type":"Person","@id":"https:\/\/kuzeyinsesi.org\/#\/schema\/person\/9f859689cdf01485597712386e37f5aa","name":"Kuzeyin Sesi","image":{"@type":"ImageObject","inLanguage":"tr","@id":"https:\/\/secure.gravatar.com\/avatar\/bab33852abfd8b282518d6ed81826833d77c3c882d9ab608add591ccace47a44?s=96&d=mm&r=g","url":"https:\/\/secure.gravatar.com\/avatar\/bab33852abfd8b282518d6ed81826833d77c3c882d9ab608add591ccace47a44?s=96&d=mm&r=g","contentUrl":"https:\/\/secure.gravatar.com\/avatar\/bab33852abfd8b282518d6ed81826833d77c3c882d9ab608add591ccace47a44?s=96&d=mm&r=g","caption":"Kuzeyin Sesi"},"sameAs":["https:\/\/kuzeyinsesi.org"],"url":"https:\/\/kuzeyinsesi.org\/index.php\/author\/guven\/"}]}},"_links":{"self":[{"href":"https:\/\/kuzeyinsesi.org\/index.php\/wp-json\/wp\/v2\/posts\/35506","targetHints":{"allow":["GET"]}}],"collection":[{"href":"https:\/\/kuzeyinsesi.org\/index.php\/wp-json\/wp\/v2\/posts"}],"about":[{"href":"https:\/\/kuzeyinsesi.org\/index.php\/wp-json\/wp\/v2\/types\/post"}],"author":[{"embeddable":true,"href":"https:\/\/kuzeyinsesi.org\/index.php\/wp-json\/wp\/v2\/users\/1"}],"replies":[{"embeddable":true,"href":"https:\/\/kuzeyinsesi.org\/index.php\/wp-json\/wp\/v2\/comments?post=35506"}],"version-history":[{"count":0,"href":"https:\/\/kuzeyinsesi.org\/index.php\/wp-json\/wp\/v2\/posts\/35506\/revisions"}],"wp:featuredmedia":[{"embeddable":true,"href":"https:\/\/kuzeyinsesi.org\/index.php\/wp-json\/wp\/v2\/media\/35507"}],"wp:attachment":[{"href":"https:\/\/kuzeyinsesi.org\/index.php\/wp-json\/wp\/v2\/media?parent=35506"}],"wp:term":[{"taxonomy":"category","embeddable":true,"href":"https:\/\/kuzeyinsesi.org\/index.php\/wp-json\/wp\/v2\/categories?post=35506"},{"taxonomy":"post_tag","embeddable":true,"href":"https:\/\/kuzeyinsesi.org\/index.php\/wp-json\/wp\/v2\/tags?post=35506"}],"curies":[{"name":"wp","href":"https:\/\/api.w.org\/{rel}","templated":true}]}}