{"id":35504,"date":"2026-01-22T14:09:16","date_gmt":"2026-01-22T12:09:16","guid":{"rendered":"https:\/\/kuzeyinsesi.org\/index.php\/2026\/01\/22\/tffden-statlardaki-kufre-karsi-kampanya\/"},"modified":"2026-01-22T14:09:16","modified_gmt":"2026-01-22T12:09:16","slug":"tffden-statlardaki-kufre-karsi-kampanya","status":"publish","type":"post","link":"https:\/\/kuzeyinsesi.org\/index.php\/2026\/01\/22\/tffden-statlardaki-kufre-karsi-kampanya\/","title":{"rendered":"TFF&#039;den statlardaki k\u00fcfre kar\u015f\u0131 kampanya"},"content":{"rendered":"<p><\/p>\n<div>\n<p>&#13;<br \/>\n\tTFF&#8217;den yap\u0131lan a\u00e7\u0131klamada, &#8220;T\u00fcrkiye Futbol Federasyonunun, futbolun her ya\u015ftan taraftar i\u00e7in birle\u015ftirici bir \u015f\u00f6len olmas\u0131, m\u00fcsabakalar\u0131n sayg\u0131, fair play ve centilmenlik ruhu i\u00e7inde oynanmas\u0131 amac\u0131yla y\u00fcr\u00fctt\u00fc\u011f\u00fc fark\u0131ndal\u0131k \u00e7al\u0131\u015fmalar\u0131 kapsam\u0131nda; sezonun geri kalan b\u00f6l\u00fcm\u00fcnde Trendyol <a href=\"https:\/\/www.trthaber.com\/etiket\/super-lig\/\" target=\"_blank\">S\u00fcper Lig<\/a> ve Trendyol 1. Lig&#8217;de oynanacak t\u00fcm kar\u015f\u0131la\u015fmalarda tak\u0131mlar\u0131m\u0131z &#8216;Futbola A\u015f\u0131\u011f\u0131z, K\u00fcfre Kar\u015f\u0131y\u0131z&#8217; pankart\u0131yla sahaya \u00e7\u0131kacakt\u0131r. T\u00fcrkiye Futbol Federasyonu olarak; futbolun ortak de\u011ferlerini korumak, trib\u00fcnlerimizi k\u00fcf\u00fcrden ar\u0131nd\u0131rmak ve sayg\u0131 temelli bir futbol k\u00fclt\u00fcr\u00fcn\u00fc birlikte g\u00fc\u00e7lendirmek i\u00e7in t\u00fcm payda\u015flar\u0131m\u0131z\u0131 bu de\u011ferler etraf\u0131nda kenetlenmeye davet ediyoruz.&#8221; denildi.<\/p>\n<\/p><\/div>\n","protected":false},"excerpt":{"rendered":"<p>&#13; TFF&#8217;den yap\u0131lan a\u00e7\u0131klamada, &#8220;T\u00fcrkiye Futbol Federasyonunun, futbolun her ya\u015ftan taraftar i\u00e7in birle\u015ftirici bir \u015f\u00f6len olmas\u0131, m\u00fcsabakalar\u0131n sayg\u0131, fair play ve centilmenlik ruhu i\u00e7inde oynanmas\u0131 amac\u0131yla y\u00fcr\u00fctt\u00fc\u011f\u00fc fark\u0131ndal\u0131k \u00e7al\u0131\u015fmalar\u0131 kapsam\u0131nda; sezonun geri kalan b\u00f6l\u00fcm\u00fcnde Trendyol S\u00fcper Lig ve Trendyol 1. Lig&#8217;de oynanacak t\u00fcm kar\u015f\u0131la\u015fmalarda tak\u0131mlar\u0131m\u0131z &#8216;Futbola A\u015f\u0131\u011f\u0131z, K\u00fcfre Kar\u015f\u0131y\u0131z&#8217; pankart\u0131yla sahaya \u00e7\u0131kacakt\u0131r. T\u00fcrkiye Futbol Federasyonu [&hellip;]<\/p>\n","protected":false},"author":1,"featured_media":35505,"comment_status":"open","ping_status":"open","sticky":false,"template":"","format":"standard","meta":{"jnews-multi-image_gallery":[],"jnews_single_post":[],"jnews_primary_category":[],"jnews_social_meta":[],"jnews_override_counter":[],"footnotes":""},"categories":[4],"tags":[],"class_list":["post-35504","post","type-post","status-publish","format-standard","has-post-thumbnail","hentry","category-spor"],"yoast_head":"<!-- This site is optimized with the Yoast SEO plugin v27.5 - https:\/\/yoast.com\/product\/yoast-seo-wordpress\/ -->\n<title>TFF&#039;den statlardaki k\u00fcfre kar\u015f\u0131 kampanya - Kuzeyin Sesi<\/title>\n<meta name=\"robots\" content=\"index, follow, max-snippet:-1, max-image-preview:large, max-video-preview:-1\" \/>\n<link rel=\"canonical\" href=\"https:\/\/kuzeyinsesi.org\/index.php\/2026\/01\/22\/tffden-statlardaki-kufre-karsi-kampanya\/\" \/>\n<meta property=\"og:locale\" content=\"tr_TR\" \/>\n<meta property=\"og:type\" content=\"article\" \/>\n<meta property=\"og:title\" content=\"TFF&#039;den statlardaki k\u00fcfre kar\u015f\u0131 kampanya - Kuzeyin Sesi\" \/>\n<meta property=\"og:description\" content=\"&#013; TFF&#8217;den yap\u0131lan a\u00e7\u0131klamada, &#8220;T\u00fcrkiye Futbol Federasyonunun, futbolun her ya\u015ftan taraftar i\u00e7in birle\u015ftirici bir \u015f\u00f6len olmas\u0131, m\u00fcsabakalar\u0131n sayg\u0131, fair play ve centilmenlik ruhu i\u00e7inde oynanmas\u0131 amac\u0131yla y\u00fcr\u00fctt\u00fc\u011f\u00fc fark\u0131ndal\u0131k \u00e7al\u0131\u015fmalar\u0131 kapsam\u0131nda; sezonun geri kalan b\u00f6l\u00fcm\u00fcnde Trendyol S\u00fcper Lig ve Trendyol 1. Lig&#8217;de oynanacak t\u00fcm kar\u015f\u0131la\u015fmalarda tak\u0131mlar\u0131m\u0131z &#8216;Futbola A\u015f\u0131\u011f\u0131z, K\u00fcfre Kar\u015f\u0131y\u0131z&#8217; pankart\u0131yla sahaya \u00e7\u0131kacakt\u0131r. T\u00fcrkiye Futbol Federasyonu [&hellip;]\" \/>\n<meta property=\"og:url\" content=\"https:\/\/kuzeyinsesi.org\/index.php\/2026\/01\/22\/tffden-statlardaki-kufre-karsi-kampanya\/\" \/>\n<meta property=\"og:site_name\" content=\"Kuzeyin Sesi\" \/>\n<meta property=\"article:publisher\" content=\"https:\/\/www.facebook.com\/kuzeyinsesii\" \/>\n<meta property=\"article:published_time\" content=\"2026-01-22T12:09:16+00:00\" \/>\n<meta property=\"og:image\" content=\"https:\/\/trthaberstatic.cdn.wp.trt.com.tr\/resimler\/1526000\/tff-depophotos-1526420.jpg\" \/>\n<meta name=\"author\" content=\"Kuzeyin Sesi\" \/>\n<meta name=\"twitter:card\" content=\"summary_large_image\" \/>\n<meta name=\"twitter:creator\" content=\"@kuzeyinsesii\" \/>\n<meta name=\"twitter:site\" content=\"@kuzeyinsesii\" \/>\n<meta name=\"twitter:label1\" content=\"Yazan:\" \/>\n\t<meta name=\"twitter:data1\" content=\"Kuzeyin Sesi\" \/>\n\t<meta name=\"twitter:label2\" content=\"Tahmini okuma s\u00fcresi\" \/>\n\t<meta name=\"twitter:data2\" content=\"1 dakika\" \/>\n<script type=\"application\/ld+json\" class=\"yoast-schema-graph\">{\"@context\":\"https:\\\/\\\/schema.org\",\"@graph\":[{\"@type\":\"Article\",\"@id\":\"https:\\\/\\\/kuzeyinsesi.org\\\/index.php\\\/2026\\\/01\\\/22\\\/tffden-statlardaki-kufre-karsi-kampanya\\\/#article\",\"isPartOf\":{\"@id\":\"https:\\\/\\\/kuzeyinsesi.org\\\/index.php\\\/2026\\\/01\\\/22\\\/tffden-statlardaki-kufre-karsi-kampanya\\\/\"},\"author\":{\"name\":\"Kuzeyin Sesi\",\"@id\":\"https:\\\/\\\/kuzeyinsesi.org\\\/#\\\/schema\\\/person\\\/9f859689cdf01485597712386e37f5aa\"},\"headline\":\"TFF&#039;den statlardaki k\u00fcfre kar\u015f\u0131 kampanya\",\"datePublished\":\"2026-01-22T12:09:16+00:00\",\"mainEntityOfPage\":{\"@id\":\"https:\\\/\\\/kuzeyinsesi.org\\\/index.php\\\/2026\\\/01\\\/22\\\/tffden-statlardaki-kufre-karsi-kampanya\\\/\"},\"wordCount\":138,\"commentCount\":0,\"image\":{\"@id\":\"https:\\\/\\\/kuzeyinsesi.org\\\/index.php\\\/2026\\\/01\\\/22\\\/tffden-statlardaki-kufre-karsi-kampanya\\\/#primaryimage\"},\"thumbnailUrl\":\"https:\\\/\\\/kuzeyinsesi.org\\\/wp-content\\\/uploads\\\/2026\\\/01\\\/tff-depophotos-1526420.jpg\",\"articleSection\":[\"Spor\"],\"inLanguage\":\"tr\",\"potentialAction\":[{\"@type\":\"CommentAction\",\"name\":\"Comment\",\"target\":[\"https:\\\/\\\/kuzeyinsesi.org\\\/index.php\\\/2026\\\/01\\\/22\\\/tffden-statlardaki-kufre-karsi-kampanya\\\/#respond\"]}]},{\"@type\":\"WebPage\",\"@id\":\"https:\\\/\\\/kuzeyinsesi.org\\\/index.php\\\/2026\\\/01\\\/22\\\/tffden-statlardaki-kufre-karsi-kampanya\\\/\",\"url\":\"https:\\\/\\\/kuzeyinsesi.org\\\/index.php\\\/2026\\\/01\\\/22\\\/tffden-statlardaki-kufre-karsi-kampanya\\\/\",\"name\":\"TFF&#039;den statlardaki k\u00fcfre kar\u015f\u0131 kampanya - Kuzeyin Sesi\",\"isPartOf\":{\"@id\":\"https:\\\/\\\/kuzeyinsesi.org\\\/#website\"},\"primaryImageOfPage\":{\"@id\":\"https:\\\/\\\/kuzeyinsesi.org\\\/index.php\\\/2026\\\/01\\\/22\\\/tffden-statlardaki-kufre-karsi-kampanya\\\/#primaryimage\"},\"image\":{\"@id\":\"https:\\\/\\\/kuzeyinsesi.org\\\/index.php\\\/2026\\\/01\\\/22\\\/tffden-statlardaki-kufre-karsi-kampanya\\\/#primaryimage\"},\"thumbnailUrl\":\"https:\\\/\\\/kuzeyinsesi.org\\\/wp-content\\\/uploads\\\/2026\\\/01\\\/tff-depophotos-1526420.jpg\",\"datePublished\":\"2026-01-22T12:09:16+00:00\",\"author\":{\"@id\":\"https:\\\/\\\/kuzeyinsesi.org\\\/#\\\/schema\\\/person\\\/9f859689cdf01485597712386e37f5aa\"},\"breadcrumb\":{\"@id\":\"https:\\\/\\\/kuzeyinsesi.org\\\/index.php\\\/2026\\\/01\\\/22\\\/tffden-statlardaki-kufre-karsi-kampanya\\\/#breadcrumb\"},\"inLanguage\":\"tr\",\"potentialAction\":[{\"@type\":\"ReadAction\",\"target\":[\"https:\\\/\\\/kuzeyinsesi.org\\\/index.php\\\/2026\\\/01\\\/22\\\/tffden-statlardaki-kufre-karsi-kampanya\\\/\"]}]},{\"@type\":\"ImageObject\",\"inLanguage\":\"tr\",\"@id\":\"https:\\\/\\\/kuzeyinsesi.org\\\/index.php\\\/2026\\\/01\\\/22\\\/tffden-statlardaki-kufre-karsi-kampanya\\\/#primaryimage\",\"url\":\"https:\\\/\\\/kuzeyinsesi.org\\\/wp-content\\\/uploads\\\/2026\\\/01\\\/tff-depophotos-1526420.jpg\",\"contentUrl\":\"https:\\\/\\\/kuzeyinsesi.org\\\/wp-content\\\/uploads\\\/2026\\\/01\\\/tff-depophotos-1526420.jpg\",\"width\":1280,\"height\":720},{\"@type\":\"BreadcrumbList\",\"@id\":\"https:\\\/\\\/kuzeyinsesi.org\\\/index.php\\\/2026\\\/01\\\/22\\\/tffden-statlardaki-kufre-karsi-kampanya\\\/#breadcrumb\",\"itemListElement\":[{\"@type\":\"ListItem\",\"position\":1,\"name\":\"Anasayfa\",\"item\":\"https:\\\/\\\/kuzeyinsesi.org\\\/\"},{\"@type\":\"ListItem\",\"position\":2,\"name\":\"TFF&#039;den statlardaki k\u00fcfre kar\u015f\u0131 kampanya\"}]},{\"@type\":\"WebSite\",\"@id\":\"https:\\\/\\\/kuzeyinsesi.org\\\/#website\",\"url\":\"https:\\\/\\\/kuzeyinsesi.org\\\/\",\"name\":\"Kuzeyin Sesi\",\"description\":\"Do\u011fru Haberin Adresi\",\"potentialAction\":[{\"@type\":\"SearchAction\",\"target\":{\"@type\":\"EntryPoint\",\"urlTemplate\":\"https:\\\/\\\/kuzeyinsesi.org\\\/?s={search_term_string}\"},\"query-input\":{\"@type\":\"PropertyValueSpecification\",\"valueRequired\":true,\"valueName\":\"search_term_string\"}}],\"inLanguage\":\"tr\"},{\"@type\":\"Person\",\"@id\":\"https:\\\/\\\/kuzeyinsesi.org\\\/#\\\/schema\\\/person\\\/9f859689cdf01485597712386e37f5aa\",\"name\":\"Kuzeyin Sesi\",\"image\":{\"@type\":\"ImageObject\",\"inLanguage\":\"tr\",\"@id\":\"https:\\\/\\\/secure.gravatar.com\\\/avatar\\\/bab33852abfd8b282518d6ed81826833d77c3c882d9ab608add591ccace47a44?s=96&d=mm&r=g\",\"url\":\"https:\\\/\\\/secure.gravatar.com\\\/avatar\\\/bab33852abfd8b282518d6ed81826833d77c3c882d9ab608add591ccace47a44?s=96&d=mm&r=g\",\"contentUrl\":\"https:\\\/\\\/secure.gravatar.com\\\/avatar\\\/bab33852abfd8b282518d6ed81826833d77c3c882d9ab608add591ccace47a44?s=96&d=mm&r=g\",\"caption\":\"Kuzeyin Sesi\"},\"sameAs\":[\"https:\\\/\\\/kuzeyinsesi.org\"],\"url\":\"https:\\\/\\\/kuzeyinsesi.org\\\/index.php\\\/author\\\/guven\\\/\"}]}<\/script>\n<!-- \/ Yoast SEO plugin. -->","yoast_head_json":{"title":"TFF&#039;den statlardaki k\u00fcfre kar\u015f\u0131 kampanya - Kuzeyin Sesi","robots":{"index":"index","follow":"follow","max-snippet":"max-snippet:-1","max-image-preview":"max-image-preview:large","max-video-preview":"max-video-preview:-1"},"canonical":"https:\/\/kuzeyinsesi.org\/index.php\/2026\/01\/22\/tffden-statlardaki-kufre-karsi-kampanya\/","og_locale":"tr_TR","og_type":"article","og_title":"TFF&#039;den statlardaki k\u00fcfre kar\u015f\u0131 kampanya - Kuzeyin Sesi","og_description":"&#13; TFF&#8217;den yap\u0131lan a\u00e7\u0131klamada, &#8220;T\u00fcrkiye Futbol Federasyonunun, futbolun her ya\u015ftan taraftar i\u00e7in birle\u015ftirici bir \u015f\u00f6len olmas\u0131, m\u00fcsabakalar\u0131n sayg\u0131, fair play ve centilmenlik ruhu i\u00e7inde oynanmas\u0131 amac\u0131yla y\u00fcr\u00fctt\u00fc\u011f\u00fc fark\u0131ndal\u0131k \u00e7al\u0131\u015fmalar\u0131 kapsam\u0131nda; sezonun geri kalan b\u00f6l\u00fcm\u00fcnde Trendyol S\u00fcper Lig ve Trendyol 1. Lig&#8217;de oynanacak t\u00fcm kar\u015f\u0131la\u015fmalarda tak\u0131mlar\u0131m\u0131z &#8216;Futbola A\u015f\u0131\u011f\u0131z, K\u00fcfre Kar\u015f\u0131y\u0131z&#8217; pankart\u0131yla sahaya \u00e7\u0131kacakt\u0131r. T\u00fcrkiye Futbol Federasyonu [&hellip;]","og_url":"https:\/\/kuzeyinsesi.org\/index.php\/2026\/01\/22\/tffden-statlardaki-kufre-karsi-kampanya\/","og_site_name":"Kuzeyin Sesi","article_publisher":"https:\/\/www.facebook.com\/kuzeyinsesii","article_published_time":"2026-01-22T12:09:16+00:00","og_image":[{"url":"https:\/\/trthaberstatic.cdn.wp.trt.com.tr\/resimler\/1526000\/tff-depophotos-1526420.jpg","type":"","width":"","height":""}],"author":"Kuzeyin Sesi","twitter_card":"summary_large_image","twitter_creator":"@kuzeyinsesii","twitter_site":"@kuzeyinsesii","twitter_misc":{"Yazan:":"Kuzeyin Sesi","Tahmini okuma s\u00fcresi":"1 dakika"},"schema":{"@context":"https:\/\/schema.org","@graph":[{"@type":"Article","@id":"https:\/\/kuzeyinsesi.org\/index.php\/2026\/01\/22\/tffden-statlardaki-kufre-karsi-kampanya\/#article","isPartOf":{"@id":"https:\/\/kuzeyinsesi.org\/index.php\/2026\/01\/22\/tffden-statlardaki-kufre-karsi-kampanya\/"},"author":{"name":"Kuzeyin Sesi","@id":"https:\/\/kuzeyinsesi.org\/#\/schema\/person\/9f859689cdf01485597712386e37f5aa"},"headline":"TFF&#039;den statlardaki k\u00fcfre kar\u015f\u0131 kampanya","datePublished":"2026-01-22T12:09:16+00:00","mainEntityOfPage":{"@id":"https:\/\/kuzeyinsesi.org\/index.php\/2026\/01\/22\/tffden-statlardaki-kufre-karsi-kampanya\/"},"wordCount":138,"commentCount":0,"image":{"@id":"https:\/\/kuzeyinsesi.org\/index.php\/2026\/01\/22\/tffden-statlardaki-kufre-karsi-kampanya\/#primaryimage"},"thumbnailUrl":"https:\/\/kuzeyinsesi.org\/wp-content\/uploads\/2026\/01\/tff-depophotos-1526420.jpg","articleSection":["Spor"],"inLanguage":"tr","potentialAction":[{"@type":"CommentAction","name":"Comment","target":["https:\/\/kuzeyinsesi.org\/index.php\/2026\/01\/22\/tffden-statlardaki-kufre-karsi-kampanya\/#respond"]}]},{"@type":"WebPage","@id":"https:\/\/kuzeyinsesi.org\/index.php\/2026\/01\/22\/tffden-statlardaki-kufre-karsi-kampanya\/","url":"https:\/\/kuzeyinsesi.org\/index.php\/2026\/01\/22\/tffden-statlardaki-kufre-karsi-kampanya\/","name":"TFF&#039;den statlardaki k\u00fcfre kar\u015f\u0131 kampanya - Kuzeyin Sesi","isPartOf":{"@id":"https:\/\/kuzeyinsesi.org\/#website"},"primaryImageOfPage":{"@id":"https:\/\/kuzeyinsesi.org\/index.php\/2026\/01\/22\/tffden-statlardaki-kufre-karsi-kampanya\/#primaryimage"},"image":{"@id":"https:\/\/kuzeyinsesi.org\/index.php\/2026\/01\/22\/tffden-statlardaki-kufre-karsi-kampanya\/#primaryimage"},"thumbnailUrl":"https:\/\/kuzeyinsesi.org\/wp-content\/uploads\/2026\/01\/tff-depophotos-1526420.jpg","datePublished":"2026-01-22T12:09:16+00:00","author":{"@id":"https:\/\/kuzeyinsesi.org\/#\/schema\/person\/9f859689cdf01485597712386e37f5aa"},"breadcrumb":{"@id":"https:\/\/kuzeyinsesi.org\/index.php\/2026\/01\/22\/tffden-statlardaki-kufre-karsi-kampanya\/#breadcrumb"},"inLanguage":"tr","potentialAction":[{"@type":"ReadAction","target":["https:\/\/kuzeyinsesi.org\/index.php\/2026\/01\/22\/tffden-statlardaki-kufre-karsi-kampanya\/"]}]},{"@type":"ImageObject","inLanguage":"tr","@id":"https:\/\/kuzeyinsesi.org\/index.php\/2026\/01\/22\/tffden-statlardaki-kufre-karsi-kampanya\/#primaryimage","url":"https:\/\/kuzeyinsesi.org\/wp-content\/uploads\/2026\/01\/tff-depophotos-1526420.jpg","contentUrl":"https:\/\/kuzeyinsesi.org\/wp-content\/uploads\/2026\/01\/tff-depophotos-1526420.jpg","width":1280,"height":720},{"@type":"BreadcrumbList","@id":"https:\/\/kuzeyinsesi.org\/index.php\/2026\/01\/22\/tffden-statlardaki-kufre-karsi-kampanya\/#breadcrumb","itemListElement":[{"@type":"ListItem","position":1,"name":"Anasayfa","item":"https:\/\/kuzeyinsesi.org\/"},{"@type":"ListItem","position":2,"name":"TFF&#039;den statlardaki k\u00fcfre kar\u015f\u0131 kampanya"}]},{"@type":"WebSite","@id":"https:\/\/kuzeyinsesi.org\/#website","url":"https:\/\/kuzeyinsesi.org\/","name":"Kuzeyin Sesi","description":"Do\u011fru Haberin Adresi","potentialAction":[{"@type":"SearchAction","target":{"@type":"EntryPoint","urlTemplate":"https:\/\/kuzeyinsesi.org\/?s={search_term_string}"},"query-input":{"@type":"PropertyValueSpecification","valueRequired":true,"valueName":"search_term_string"}}],"inLanguage":"tr"},{"@type":"Person","@id":"https:\/\/kuzeyinsesi.org\/#\/schema\/person\/9f859689cdf01485597712386e37f5aa","name":"Kuzeyin Sesi","image":{"@type":"ImageObject","inLanguage":"tr","@id":"https:\/\/secure.gravatar.com\/avatar\/bab33852abfd8b282518d6ed81826833d77c3c882d9ab608add591ccace47a44?s=96&d=mm&r=g","url":"https:\/\/secure.gravatar.com\/avatar\/bab33852abfd8b282518d6ed81826833d77c3c882d9ab608add591ccace47a44?s=96&d=mm&r=g","contentUrl":"https:\/\/secure.gravatar.com\/avatar\/bab33852abfd8b282518d6ed81826833d77c3c882d9ab608add591ccace47a44?s=96&d=mm&r=g","caption":"Kuzeyin Sesi"},"sameAs":["https:\/\/kuzeyinsesi.org"],"url":"https:\/\/kuzeyinsesi.org\/index.php\/author\/guven\/"}]}},"_links":{"self":[{"href":"https:\/\/kuzeyinsesi.org\/index.php\/wp-json\/wp\/v2\/posts\/35504","targetHints":{"allow":["GET"]}}],"collection":[{"href":"https:\/\/kuzeyinsesi.org\/index.php\/wp-json\/wp\/v2\/posts"}],"about":[{"href":"https:\/\/kuzeyinsesi.org\/index.php\/wp-json\/wp\/v2\/types\/post"}],"author":[{"embeddable":true,"href":"https:\/\/kuzeyinsesi.org\/index.php\/wp-json\/wp\/v2\/users\/1"}],"replies":[{"embeddable":true,"href":"https:\/\/kuzeyinsesi.org\/index.php\/wp-json\/wp\/v2\/comments?post=35504"}],"version-history":[{"count":0,"href":"https:\/\/kuzeyinsesi.org\/index.php\/wp-json\/wp\/v2\/posts\/35504\/revisions"}],"wp:featuredmedia":[{"embeddable":true,"href":"https:\/\/kuzeyinsesi.org\/index.php\/wp-json\/wp\/v2\/media\/35505"}],"wp:attachment":[{"href":"https:\/\/kuzeyinsesi.org\/index.php\/wp-json\/wp\/v2\/media?parent=35504"}],"wp:term":[{"taxonomy":"category","embeddable":true,"href":"https:\/\/kuzeyinsesi.org\/index.php\/wp-json\/wp\/v2\/categories?post=35504"},{"taxonomy":"post_tag","embeddable":true,"href":"https:\/\/kuzeyinsesi.org\/index.php\/wp-json\/wp\/v2\/tags?post=35504"}],"curies":[{"name":"wp","href":"https:\/\/api.w.org\/{rel}","templated":true}]}}