{"id":3546,"date":"2024-05-28T12:40:12","date_gmt":"2024-05-28T09:40:12","guid":{"rendered":"https:\/\/kuzeyinsesi.com\/index.php\/2024\/05\/28\/otello-piccolo-vokal-toplulugu-ankarada-konser-verecek\/"},"modified":"2024-05-28T12:40:12","modified_gmt":"2024-05-28T09:40:12","slug":"otello-piccolo-vokal-toplulugu-ankarada-konser-verecek","status":"publish","type":"post","link":"https:\/\/kuzeyinsesi.org\/index.php\/2024\/05\/28\/otello-piccolo-vokal-toplulugu-ankarada-konser-verecek\/","title":{"rendered":"Otello Piccolo Vokal Toplulu\u011fu Ankara\u2019da konser verecek"},"content":{"rendered":"<div>\n<div class=\"mariselle-image-container center\">\n                                            <\/div>\n<p> K\u0131br\u0131s Polifonik Korolar Derne\u011fi Otello Piccolo Vokal Toplulu\u011fu, T\u00fcrkiye Polifonik Korolar Derne\u011fi\u2019nin d\u00fczenleyece\u011fi 26\u2019nc\u0131 T\u00fcrkiye Korolar \u015eenli\u011fi\u2019nde konser verecek.<\/p>\n<p>Dernekten verilen bilgiye g\u00f6re, 1 Haziran Cumartesi Ankara Naz\u0131m Hikmet K\u00fclt\u00fcr Merkezi Yeni Mahalle\u2019de yer alacak konser, saat 11.00\u2019da ba\u015flayacak.<\/p>\n<p>Topluluk, T\u00fcrkiye Korolar \u015eenli\u011fi\u2019nde, d\u00fczenlemelerini Oskay Hoca\u2019n\u0131n yapt\u0131\u011f\u0131 K\u0131br\u0131s Halk T\u00fcrk\u00fclerinden olu\u015fan repertuar\u0131 ve \u015eampiyon Meleklerin an\u0131s\u0131na, s\u00f6z ve m\u00fczi\u011fi Vicdan Onurver Hoca, d\u00fczenlemesi de Oskay Hoca taraf\u0131ndan yap\u0131lan \u2018Yand\u0131 Ma\u011fusam\u2019 isimli \u015fark\u0131y\u0131 seslendirecek.<\/p>\n<p>Koroya piyanoda Uliana \u00d6ztemur, kemanda K\u00fcr\u015fat Tilki, yan fl\u00fctte de Mehmet Sakarya e\u015flik edecek.<\/p>\n<\/p><\/div>\n<p><script async\n                    defer\n                    crossorigin=\"anonymous\"\n                    src=\"https:\/\/connect.facebook.net\/tr_TR\/sdk.js#xfbml=1&#038;version=v3.3\"\n            ><\/script><\/p>\n","protected":false},"excerpt":{"rendered":"<p>K\u0131br\u0131s Polifonik Korolar Derne\u011fi Otello Piccolo Vokal Toplulu\u011fu, T\u00fcrkiye Polifonik Korolar Derne\u011fi\u2019nin d\u00fczenleyece\u011fi 26\u2019nc\u0131 T\u00fcrkiye Korolar \u015eenli\u011fi\u2019nde konser verecek. Dernekten verilen bilgiye g\u00f6re, 1 Haziran Cumartesi Ankara Naz\u0131m Hikmet K\u00fclt\u00fcr Merkezi Yeni Mahalle\u2019de yer alacak konser, saat 11.00\u2019da ba\u015flayacak. Topluluk, T\u00fcrkiye Korolar \u015eenli\u011fi\u2019nde, d\u00fczenlemelerini Oskay Hoca\u2019n\u0131n yapt\u0131\u011f\u0131 K\u0131br\u0131s Halk T\u00fcrk\u00fclerinden olu\u015fan repertuar\u0131 ve \u015eampiyon Meleklerin [&hellip;]<\/p>\n","protected":false},"author":1,"featured_media":3547,"comment_status":"open","ping_status":"open","sticky":false,"template":"","format":"standard","meta":{"jnews-multi-image_gallery":[],"jnews_single_post":[],"jnews_primary_category":[],"jnews_social_meta":[],"jnews_override_counter":[],"footnotes":""},"categories":[6],"tags":[],"class_list":["post-3546","post","type-post","status-publish","format-standard","has-post-thumbnail","hentry","category-yasam"],"yoast_head":"<!-- This site is optimized with the Yoast SEO plugin v27.5 - https:\/\/yoast.com\/product\/yoast-seo-wordpress\/ -->\n<title>Otello Piccolo Vokal Toplulu\u011fu Ankara\u2019da konser verecek - Kuzeyin Sesi<\/title>\n<meta name=\"robots\" content=\"index, follow, max-snippet:-1, max-image-preview:large, max-video-preview:-1\" \/>\n<link rel=\"canonical\" href=\"https:\/\/kuzeyinsesi.org\/index.php\/2024\/05\/28\/otello-piccolo-vokal-toplulugu-ankarada-konser-verecek\/\" \/>\n<meta property=\"og:locale\" content=\"tr_TR\" \/>\n<meta property=\"og:type\" content=\"article\" \/>\n<meta property=\"og:title\" content=\"Otello Piccolo Vokal Toplulu\u011fu Ankara\u2019da konser verecek - Kuzeyin Sesi\" \/>\n<meta property=\"og:description\" content=\"K\u0131br\u0131s Polifonik Korolar Derne\u011fi Otello Piccolo Vokal Toplulu\u011fu, T\u00fcrkiye Polifonik Korolar Derne\u011fi\u2019nin d\u00fczenleyece\u011fi 26\u2019nc\u0131 T\u00fcrkiye Korolar \u015eenli\u011fi\u2019nde konser verecek. Dernekten verilen bilgiye g\u00f6re, 1 Haziran Cumartesi Ankara Naz\u0131m Hikmet K\u00fclt\u00fcr Merkezi Yeni Mahalle\u2019de yer alacak konser, saat 11.00\u2019da ba\u015flayacak. Topluluk, T\u00fcrkiye Korolar \u015eenli\u011fi\u2019nde, d\u00fczenlemelerini Oskay Hoca\u2019n\u0131n yapt\u0131\u011f\u0131 K\u0131br\u0131s Halk T\u00fcrk\u00fclerinden olu\u015fan repertuar\u0131 ve \u015eampiyon Meleklerin [&hellip;]\" \/>\n<meta property=\"og:url\" content=\"https:\/\/kuzeyinsesi.org\/index.php\/2024\/05\/28\/otello-piccolo-vokal-toplulugu-ankarada-konser-verecek\/\" \/>\n<meta property=\"og:site_name\" content=\"Kuzeyin Sesi\" \/>\n<meta property=\"article:publisher\" content=\"https:\/\/www.facebook.com\/kuzeyinsesii\" \/>\n<meta property=\"article:published_time\" content=\"2024-05-28T09:40:12+00:00\" \/>\n<meta property=\"og:image\" content=\"https:\/\/kuzeyinsesi.org\/wp-content\/uploads\/2024\/05\/kibris-polifonik-korolar-dernegi.jpg\" \/>\n\t<meta property=\"og:image:width\" content=\"720\" \/>\n\t<meta property=\"og:image:height\" content=\"543\" \/>\n\t<meta property=\"og:image:type\" content=\"image\/jpeg\" \/>\n<meta name=\"author\" content=\"Kuzeyin Sesi\" \/>\n<meta name=\"twitter:card\" content=\"summary_large_image\" \/>\n<meta name=\"twitter:creator\" content=\"@kuzeyinsesii\" \/>\n<meta name=\"twitter:site\" content=\"@kuzeyinsesii\" \/>\n<meta name=\"twitter:label1\" content=\"Yazan:\" \/>\n\t<meta name=\"twitter:data1\" content=\"Kuzeyin Sesi\" \/>\n\t<meta name=\"twitter:label2\" content=\"Tahmini okuma s\u00fcresi\" \/>\n\t<meta name=\"twitter:data2\" content=\"1 dakika\" \/>\n<script type=\"application\/ld+json\" class=\"yoast-schema-graph\">{\"@context\":\"https:\\\/\\\/schema.org\",\"@graph\":[{\"@type\":\"Article\",\"@id\":\"https:\\\/\\\/kuzeyinsesi.org\\\/index.php\\\/2024\\\/05\\\/28\\\/otello-piccolo-vokal-toplulugu-ankarada-konser-verecek\\\/#article\",\"isPartOf\":{\"@id\":\"https:\\\/\\\/kuzeyinsesi.org\\\/index.php\\\/2024\\\/05\\\/28\\\/otello-piccolo-vokal-toplulugu-ankarada-konser-verecek\\\/\"},\"author\":{\"name\":\"Kuzeyin Sesi\",\"@id\":\"https:\\\/\\\/kuzeyinsesi.org\\\/#\\\/schema\\\/person\\\/9f859689cdf01485597712386e37f5aa\"},\"headline\":\"Otello Piccolo Vokal Toplulu\u011fu Ankara\u2019da konser verecek\",\"datePublished\":\"2024-05-28T09:40:12+00:00\",\"mainEntityOfPage\":{\"@id\":\"https:\\\/\\\/kuzeyinsesi.org\\\/index.php\\\/2024\\\/05\\\/28\\\/otello-piccolo-vokal-toplulugu-ankarada-konser-verecek\\\/\"},\"wordCount\":138,\"commentCount\":0,\"image\":{\"@id\":\"https:\\\/\\\/kuzeyinsesi.org\\\/index.php\\\/2024\\\/05\\\/28\\\/otello-piccolo-vokal-toplulugu-ankarada-konser-verecek\\\/#primaryimage\"},\"thumbnailUrl\":\"https:\\\/\\\/kuzeyinsesi.org\\\/wp-content\\\/uploads\\\/2024\\\/05\\\/kibris-polifonik-korolar-dernegi.jpg\",\"articleSection\":[\"Ya\u015fam\"],\"inLanguage\":\"tr\",\"potentialAction\":[{\"@type\":\"CommentAction\",\"name\":\"Comment\",\"target\":[\"https:\\\/\\\/kuzeyinsesi.org\\\/index.php\\\/2024\\\/05\\\/28\\\/otello-piccolo-vokal-toplulugu-ankarada-konser-verecek\\\/#respond\"]}]},{\"@type\":\"WebPage\",\"@id\":\"https:\\\/\\\/kuzeyinsesi.org\\\/index.php\\\/2024\\\/05\\\/28\\\/otello-piccolo-vokal-toplulugu-ankarada-konser-verecek\\\/\",\"url\":\"https:\\\/\\\/kuzeyinsesi.org\\\/index.php\\\/2024\\\/05\\\/28\\\/otello-piccolo-vokal-toplulugu-ankarada-konser-verecek\\\/\",\"name\":\"Otello Piccolo Vokal Toplulu\u011fu Ankara\u2019da konser verecek - Kuzeyin Sesi\",\"isPartOf\":{\"@id\":\"https:\\\/\\\/kuzeyinsesi.org\\\/#website\"},\"primaryImageOfPage\":{\"@id\":\"https:\\\/\\\/kuzeyinsesi.org\\\/index.php\\\/2024\\\/05\\\/28\\\/otello-piccolo-vokal-toplulugu-ankarada-konser-verecek\\\/#primaryimage\"},\"image\":{\"@id\":\"https:\\\/\\\/kuzeyinsesi.org\\\/index.php\\\/2024\\\/05\\\/28\\\/otello-piccolo-vokal-toplulugu-ankarada-konser-verecek\\\/#primaryimage\"},\"thumbnailUrl\":\"https:\\\/\\\/kuzeyinsesi.org\\\/wp-content\\\/uploads\\\/2024\\\/05\\\/kibris-polifonik-korolar-dernegi.jpg\",\"datePublished\":\"2024-05-28T09:40:12+00:00\",\"author\":{\"@id\":\"https:\\\/\\\/kuzeyinsesi.org\\\/#\\\/schema\\\/person\\\/9f859689cdf01485597712386e37f5aa\"},\"breadcrumb\":{\"@id\":\"https:\\\/\\\/kuzeyinsesi.org\\\/index.php\\\/2024\\\/05\\\/28\\\/otello-piccolo-vokal-toplulugu-ankarada-konser-verecek\\\/#breadcrumb\"},\"inLanguage\":\"tr\",\"potentialAction\":[{\"@type\":\"ReadAction\",\"target\":[\"https:\\\/\\\/kuzeyinsesi.org\\\/index.php\\\/2024\\\/05\\\/28\\\/otello-piccolo-vokal-toplulugu-ankarada-konser-verecek\\\/\"]}]},{\"@type\":\"ImageObject\",\"inLanguage\":\"tr\",\"@id\":\"https:\\\/\\\/kuzeyinsesi.org\\\/index.php\\\/2024\\\/05\\\/28\\\/otello-piccolo-vokal-toplulugu-ankarada-konser-verecek\\\/#primaryimage\",\"url\":\"https:\\\/\\\/kuzeyinsesi.org\\\/wp-content\\\/uploads\\\/2024\\\/05\\\/kibris-polifonik-korolar-dernegi.jpg\",\"contentUrl\":\"https:\\\/\\\/kuzeyinsesi.org\\\/wp-content\\\/uploads\\\/2024\\\/05\\\/kibris-polifonik-korolar-dernegi.jpg\",\"width\":720,\"height\":543},{\"@type\":\"BreadcrumbList\",\"@id\":\"https:\\\/\\\/kuzeyinsesi.org\\\/index.php\\\/2024\\\/05\\\/28\\\/otello-piccolo-vokal-toplulugu-ankarada-konser-verecek\\\/#breadcrumb\",\"itemListElement\":[{\"@type\":\"ListItem\",\"position\":1,\"name\":\"Anasayfa\",\"item\":\"https:\\\/\\\/kuzeyinsesi.org\\\/\"},{\"@type\":\"ListItem\",\"position\":2,\"name\":\"Otello Piccolo Vokal Toplulu\u011fu Ankara\u2019da konser verecek\"}]},{\"@type\":\"WebSite\",\"@id\":\"https:\\\/\\\/kuzeyinsesi.org\\\/#website\",\"url\":\"https:\\\/\\\/kuzeyinsesi.org\\\/\",\"name\":\"Kuzeyin Sesi\",\"description\":\"Do\u011fru Haberin Adresi\",\"potentialAction\":[{\"@type\":\"SearchAction\",\"target\":{\"@type\":\"EntryPoint\",\"urlTemplate\":\"https:\\\/\\\/kuzeyinsesi.org\\\/?s={search_term_string}\"},\"query-input\":{\"@type\":\"PropertyValueSpecification\",\"valueRequired\":true,\"valueName\":\"search_term_string\"}}],\"inLanguage\":\"tr\"},{\"@type\":\"Person\",\"@id\":\"https:\\\/\\\/kuzeyinsesi.org\\\/#\\\/schema\\\/person\\\/9f859689cdf01485597712386e37f5aa\",\"name\":\"Kuzeyin Sesi\",\"image\":{\"@type\":\"ImageObject\",\"inLanguage\":\"tr\",\"@id\":\"https:\\\/\\\/secure.gravatar.com\\\/avatar\\\/bab33852abfd8b282518d6ed81826833d77c3c882d9ab608add591ccace47a44?s=96&d=mm&r=g\",\"url\":\"https:\\\/\\\/secure.gravatar.com\\\/avatar\\\/bab33852abfd8b282518d6ed81826833d77c3c882d9ab608add591ccace47a44?s=96&d=mm&r=g\",\"contentUrl\":\"https:\\\/\\\/secure.gravatar.com\\\/avatar\\\/bab33852abfd8b282518d6ed81826833d77c3c882d9ab608add591ccace47a44?s=96&d=mm&r=g\",\"caption\":\"Kuzeyin Sesi\"},\"sameAs\":[\"https:\\\/\\\/kuzeyinsesi.org\"],\"url\":\"https:\\\/\\\/kuzeyinsesi.org\\\/index.php\\\/author\\\/guven\\\/\"}]}<\/script>\n<!-- \/ Yoast SEO plugin. -->","yoast_head_json":{"title":"Otello Piccolo Vokal Toplulu\u011fu Ankara\u2019da konser verecek - Kuzeyin Sesi","robots":{"index":"index","follow":"follow","max-snippet":"max-snippet:-1","max-image-preview":"max-image-preview:large","max-video-preview":"max-video-preview:-1"},"canonical":"https:\/\/kuzeyinsesi.org\/index.php\/2024\/05\/28\/otello-piccolo-vokal-toplulugu-ankarada-konser-verecek\/","og_locale":"tr_TR","og_type":"article","og_title":"Otello Piccolo Vokal Toplulu\u011fu Ankara\u2019da konser verecek - Kuzeyin Sesi","og_description":"K\u0131br\u0131s Polifonik Korolar Derne\u011fi Otello Piccolo Vokal Toplulu\u011fu, T\u00fcrkiye Polifonik Korolar Derne\u011fi\u2019nin d\u00fczenleyece\u011fi 26\u2019nc\u0131 T\u00fcrkiye Korolar \u015eenli\u011fi\u2019nde konser verecek. Dernekten verilen bilgiye g\u00f6re, 1 Haziran Cumartesi Ankara Naz\u0131m Hikmet K\u00fclt\u00fcr Merkezi Yeni Mahalle\u2019de yer alacak konser, saat 11.00\u2019da ba\u015flayacak. Topluluk, T\u00fcrkiye Korolar \u015eenli\u011fi\u2019nde, d\u00fczenlemelerini Oskay Hoca\u2019n\u0131n yapt\u0131\u011f\u0131 K\u0131br\u0131s Halk T\u00fcrk\u00fclerinden olu\u015fan repertuar\u0131 ve \u015eampiyon Meleklerin [&hellip;]","og_url":"https:\/\/kuzeyinsesi.org\/index.php\/2024\/05\/28\/otello-piccolo-vokal-toplulugu-ankarada-konser-verecek\/","og_site_name":"Kuzeyin Sesi","article_publisher":"https:\/\/www.facebook.com\/kuzeyinsesii","article_published_time":"2024-05-28T09:40:12+00:00","og_image":[{"width":720,"height":543,"url":"https:\/\/kuzeyinsesi.org\/wp-content\/uploads\/2024\/05\/kibris-polifonik-korolar-dernegi.jpg","type":"image\/jpeg"}],"author":"Kuzeyin Sesi","twitter_card":"summary_large_image","twitter_creator":"@kuzeyinsesii","twitter_site":"@kuzeyinsesii","twitter_misc":{"Yazan:":"Kuzeyin Sesi","Tahmini okuma s\u00fcresi":"1 dakika"},"schema":{"@context":"https:\/\/schema.org","@graph":[{"@type":"Article","@id":"https:\/\/kuzeyinsesi.org\/index.php\/2024\/05\/28\/otello-piccolo-vokal-toplulugu-ankarada-konser-verecek\/#article","isPartOf":{"@id":"https:\/\/kuzeyinsesi.org\/index.php\/2024\/05\/28\/otello-piccolo-vokal-toplulugu-ankarada-konser-verecek\/"},"author":{"name":"Kuzeyin Sesi","@id":"https:\/\/kuzeyinsesi.org\/#\/schema\/person\/9f859689cdf01485597712386e37f5aa"},"headline":"Otello Piccolo Vokal Toplulu\u011fu Ankara\u2019da konser verecek","datePublished":"2024-05-28T09:40:12+00:00","mainEntityOfPage":{"@id":"https:\/\/kuzeyinsesi.org\/index.php\/2024\/05\/28\/otello-piccolo-vokal-toplulugu-ankarada-konser-verecek\/"},"wordCount":138,"commentCount":0,"image":{"@id":"https:\/\/kuzeyinsesi.org\/index.php\/2024\/05\/28\/otello-piccolo-vokal-toplulugu-ankarada-konser-verecek\/#primaryimage"},"thumbnailUrl":"https:\/\/kuzeyinsesi.org\/wp-content\/uploads\/2024\/05\/kibris-polifonik-korolar-dernegi.jpg","articleSection":["Ya\u015fam"],"inLanguage":"tr","potentialAction":[{"@type":"CommentAction","name":"Comment","target":["https:\/\/kuzeyinsesi.org\/index.php\/2024\/05\/28\/otello-piccolo-vokal-toplulugu-ankarada-konser-verecek\/#respond"]}]},{"@type":"WebPage","@id":"https:\/\/kuzeyinsesi.org\/index.php\/2024\/05\/28\/otello-piccolo-vokal-toplulugu-ankarada-konser-verecek\/","url":"https:\/\/kuzeyinsesi.org\/index.php\/2024\/05\/28\/otello-piccolo-vokal-toplulugu-ankarada-konser-verecek\/","name":"Otello Piccolo Vokal Toplulu\u011fu Ankara\u2019da konser verecek - Kuzeyin Sesi","isPartOf":{"@id":"https:\/\/kuzeyinsesi.org\/#website"},"primaryImageOfPage":{"@id":"https:\/\/kuzeyinsesi.org\/index.php\/2024\/05\/28\/otello-piccolo-vokal-toplulugu-ankarada-konser-verecek\/#primaryimage"},"image":{"@id":"https:\/\/kuzeyinsesi.org\/index.php\/2024\/05\/28\/otello-piccolo-vokal-toplulugu-ankarada-konser-verecek\/#primaryimage"},"thumbnailUrl":"https:\/\/kuzeyinsesi.org\/wp-content\/uploads\/2024\/05\/kibris-polifonik-korolar-dernegi.jpg","datePublished":"2024-05-28T09:40:12+00:00","author":{"@id":"https:\/\/kuzeyinsesi.org\/#\/schema\/person\/9f859689cdf01485597712386e37f5aa"},"breadcrumb":{"@id":"https:\/\/kuzeyinsesi.org\/index.php\/2024\/05\/28\/otello-piccolo-vokal-toplulugu-ankarada-konser-verecek\/#breadcrumb"},"inLanguage":"tr","potentialAction":[{"@type":"ReadAction","target":["https:\/\/kuzeyinsesi.org\/index.php\/2024\/05\/28\/otello-piccolo-vokal-toplulugu-ankarada-konser-verecek\/"]}]},{"@type":"ImageObject","inLanguage":"tr","@id":"https:\/\/kuzeyinsesi.org\/index.php\/2024\/05\/28\/otello-piccolo-vokal-toplulugu-ankarada-konser-verecek\/#primaryimage","url":"https:\/\/kuzeyinsesi.org\/wp-content\/uploads\/2024\/05\/kibris-polifonik-korolar-dernegi.jpg","contentUrl":"https:\/\/kuzeyinsesi.org\/wp-content\/uploads\/2024\/05\/kibris-polifonik-korolar-dernegi.jpg","width":720,"height":543},{"@type":"BreadcrumbList","@id":"https:\/\/kuzeyinsesi.org\/index.php\/2024\/05\/28\/otello-piccolo-vokal-toplulugu-ankarada-konser-verecek\/#breadcrumb","itemListElement":[{"@type":"ListItem","position":1,"name":"Anasayfa","item":"https:\/\/kuzeyinsesi.org\/"},{"@type":"ListItem","position":2,"name":"Otello Piccolo Vokal Toplulu\u011fu Ankara\u2019da konser verecek"}]},{"@type":"WebSite","@id":"https:\/\/kuzeyinsesi.org\/#website","url":"https:\/\/kuzeyinsesi.org\/","name":"Kuzeyin Sesi","description":"Do\u011fru Haberin Adresi","potentialAction":[{"@type":"SearchAction","target":{"@type":"EntryPoint","urlTemplate":"https:\/\/kuzeyinsesi.org\/?s={search_term_string}"},"query-input":{"@type":"PropertyValueSpecification","valueRequired":true,"valueName":"search_term_string"}}],"inLanguage":"tr"},{"@type":"Person","@id":"https:\/\/kuzeyinsesi.org\/#\/schema\/person\/9f859689cdf01485597712386e37f5aa","name":"Kuzeyin Sesi","image":{"@type":"ImageObject","inLanguage":"tr","@id":"https:\/\/secure.gravatar.com\/avatar\/bab33852abfd8b282518d6ed81826833d77c3c882d9ab608add591ccace47a44?s=96&d=mm&r=g","url":"https:\/\/secure.gravatar.com\/avatar\/bab33852abfd8b282518d6ed81826833d77c3c882d9ab608add591ccace47a44?s=96&d=mm&r=g","contentUrl":"https:\/\/secure.gravatar.com\/avatar\/bab33852abfd8b282518d6ed81826833d77c3c882d9ab608add591ccace47a44?s=96&d=mm&r=g","caption":"Kuzeyin Sesi"},"sameAs":["https:\/\/kuzeyinsesi.org"],"url":"https:\/\/kuzeyinsesi.org\/index.php\/author\/guven\/"}]}},"_links":{"self":[{"href":"https:\/\/kuzeyinsesi.org\/index.php\/wp-json\/wp\/v2\/posts\/3546","targetHints":{"allow":["GET"]}}],"collection":[{"href":"https:\/\/kuzeyinsesi.org\/index.php\/wp-json\/wp\/v2\/posts"}],"about":[{"href":"https:\/\/kuzeyinsesi.org\/index.php\/wp-json\/wp\/v2\/types\/post"}],"author":[{"embeddable":true,"href":"https:\/\/kuzeyinsesi.org\/index.php\/wp-json\/wp\/v2\/users\/1"}],"replies":[{"embeddable":true,"href":"https:\/\/kuzeyinsesi.org\/index.php\/wp-json\/wp\/v2\/comments?post=3546"}],"version-history":[{"count":0,"href":"https:\/\/kuzeyinsesi.org\/index.php\/wp-json\/wp\/v2\/posts\/3546\/revisions"}],"wp:featuredmedia":[{"embeddable":true,"href":"https:\/\/kuzeyinsesi.org\/index.php\/wp-json\/wp\/v2\/media\/3547"}],"wp:attachment":[{"href":"https:\/\/kuzeyinsesi.org\/index.php\/wp-json\/wp\/v2\/media?parent=3546"}],"wp:term":[{"taxonomy":"category","embeddable":true,"href":"https:\/\/kuzeyinsesi.org\/index.php\/wp-json\/wp\/v2\/categories?post=3546"},{"taxonomy":"post_tag","embeddable":true,"href":"https:\/\/kuzeyinsesi.org\/index.php\/wp-json\/wp\/v2\/tags?post=3546"}],"curies":[{"name":"wp","href":"https:\/\/api.w.org\/{rel}","templated":true}]}}