{"id":3534,"date":"2024-05-28T10:33:30","date_gmt":"2024-05-28T07:33:30","guid":{"rendered":"https:\/\/kuzeyinsesi.com\/index.php\/2024\/05\/28\/1-gecitkale-serdarli-belediyesi-kultur-ve-sanat-festivali-31-mayis-2-haziran-tarihleri-arasinda-yapiliyor\/"},"modified":"2024-05-28T10:33:30","modified_gmt":"2024-05-28T07:33:30","slug":"1-gecitkale-serdarli-belediyesi-kultur-ve-sanat-festivali-31-mayis-2-haziran-tarihleri-arasinda-yapiliyor","status":"publish","type":"post","link":"https:\/\/kuzeyinsesi.org\/index.php\/2024\/05\/28\/1-gecitkale-serdarli-belediyesi-kultur-ve-sanat-festivali-31-mayis-2-haziran-tarihleri-arasinda-yapiliyor\/","title":{"rendered":"1.Ge\u00e7itkale-Serdarl\u0131 Belediyesi K\u00fclt\u00fcr ve Sanat Festivali 31 May\u0131s- 2 Haziran tarihleri aras\u0131nda yap\u0131l\u0131yor"},"content":{"rendered":"<div>\n<div class=\"mariselle-image-container center\">\n                                            <\/div>\n<p>1.Ge\u00e7itkale-Serdarl\u0131 Belediyesi K\u00fclt\u00fcr ve Sanat Festivali 31 May\u0131s-2 Haziran tarihleri aras\u0131nda yap\u0131l\u0131yor.<\/p>\n<p>\u00c7e\u015fitli etkinliklerin yer alaca\u011f\u0131 ve 3 g\u00fcn s\u00fcrecek Festival\u2019de T\u00fcrkiye\u2019nin \u00fcnl\u00fc sanat\u00e7\u0131s\u0131 K\u0131ra\u00e7 konser verecek.  <\/p>\n<p>1.Ge\u00e7itkale-Serdarl\u0131 Belediyesi K\u00fclt\u00fcr ve Sanat Festivali cuma g\u00fcn\u00fc saat 16.30\u2019da Ge\u00e7itkale Sinema K\u00fclt\u00fcr Saray\u0131 \u00f6n\u00fcnde ba\u015flayarak k\u00f6y meydanda sona erecek Kortej y\u00fcr\u00fcy\u00fc\u015f\u00fc ile ba\u015flayacak.<\/p>\n<p>Ge\u00e7itkale k\u00f6y meydan\u0131nda yer alacak Bando, \u00c7izgi film karakterleri, Halk Danslar\u0131 gruplar\u0131 ve Jimnastik grubunun g\u00f6sterilerinin ard\u0131ndan saat 18.00\u2019de Ge\u00e7itkale-Serdarl\u0131 Belediyesi Ge\u00e7itkale Halk Danslar\u0131 Toplulu\u011fu sahne alacak.<\/p>\n<p>Etkinlikler, saat 18.30\u2019da Mesarya Y\u0131ld\u0131zlar\u0131 K\u00fclt\u00fcr Spor Derne\u011fi, saat 19.00\u2019da Ge\u00e7itkale-Serdarl\u0131 Belediyesi Serdarl\u0131 Minikler ve Y\u0131ld\u0131zlar Halk Danslar\u0131 Toplulu\u011fu g\u00f6sterisi ile devam edecek ve saat 19.30\u2019da Grup Five Stars ve Do\u011fan Baybora sahne alacak.<\/p>\n<p>Saat 21.00\u2019de Murat Mermer\u2019in konserinin ard\u0131ndan saat 22.30\u2019da Ge\u00e7itkale G\u00fcnay Spor Kul\u00fcb\u00fc\u2019nde yap\u0131lacak tombala \u00e7ekili\u015fi ile ilk g\u00fcnk\u00fc etkinlikler sona erecek.<\/p>\n<p><strong>Cumartesi \u201c1 Haziran D\u00fcnya \u00c7ocuk G\u00fcn\u00fc \u015eenli\u011fi\u201d d\u00fczenlenecek.<\/strong><\/p>\n<p>\u015eenlik, saat 16.00\u2019dan saat 19.00\u2019a kadar Ge\u00e7itkale G\u00fcnay Spor Kul\u00fcb\u00fc Futbol sahas\u0131nda yer alacak.<\/p>\n<p>\u015eenlikte, \u00c7ocuk Oyunlar\u0131 g\u00f6sterisiyle ba\u015flayacak. Ge\u00e7itkale-Serdarl\u0131 Belediyesi Ge\u00e7itkale Minikler Halk Danslar\u0131 Toplulu\u011fu sahne alacak.<\/p>\n<p>\u015eenli\u011fin ard\u0131ndan Ge\u00e7itkale k\u00f6y meydan\u0131nda saat 19.00\u2019da G\u00f6nendere K\u00fclt\u00fcr ve Sanat Derne\u011fi Master Halk Danslar\u0131 Toplulu\u011fu, saat 19.30\u2019da da Akandere Dans Grubu g\u00f6sterilerini sunacak ard\u0131ndan saat 20.30\u2019da Grup Salt konser verecek.<\/p>\n<p><strong>\u0130kinci g\u00fcn etkinlikleri Tombala \u00e7ekili\u015finin ard\u0131ndan sona erecek.<\/strong><\/p>\n<p>Etkinlikler, Pazar g\u00fcn\u00fc saat 19.30\u2019da Dans Grubunun g\u00f6sterisiyle ba\u015flayacak. Saat 20.00\u2019de Grup SOS konser verecek ve saat 21.30\u2019da T\u00fcrkiye\u2019nin \u00fcnl\u00fc sanat\u00e7\u0131s\u0131 K\u0131ra\u00e7 sahne alacak.<\/p>\n<p>Konserlerin ard\u0131ndan etkinlikler Tombala \u00e7ekili\u015fi ile sona erecek. 3 g\u00fcn boyunca s\u00fcrecek etkinlikler k\u00f6y meydan\u0131nda olacak.<\/p>\n<p>Ge\u00e7itkale Serdarl\u0131 Belediye Ba\u015fkan\u0131 Halil Kas\u0131m, 31 May\u0131s-2 Haziran tarihleri aras\u0131ndan d\u00fczenleyecekleri 1.Ge\u00e7itkale-Serdarl\u0131 Belediyesi K\u00fclt\u00fcr ve Sanat Festivali\u2019nin sadece b\u00f6lgeye de\u011fil t\u00fcm adaya renk kataca\u011f\u0131n\u0131 kaydetti.<\/p>\n<p>\u00c7ok de\u011ferli gruplar\u0131n sahne alaca\u011f\u0131 Festival\u2019de, Ge\u00e7itkale-Serdarl\u0131 Belediyesi olarak b\u00f6lgenin canlanmas\u0131, belde halk\u0131 ile t\u00fcm halk\u0131n kayna\u015farak iyi vakit ge\u00e7irmesini hedeflediklerini belirten Kas\u0131m, \u201cK\u00f6y halk\u0131m\u0131z\u0131n e\u011flenceli zaman ge\u00e7irmesinin yan\u0131 s\u0131ra k\u00f6ylerimizde d\u00fczenleyece\u011fimiz etkinliklerle b\u00f6lgemizi t\u00fcm adadaki halk\u0131m\u0131zla bulu\u015fturmay\u0131 hedefliyoruz. Beldemizin geli\u015fmesi ve \u00e7ekim merkezi haline gelebilmesi i\u00e7in \u00e7al\u0131\u015fmalar\u0131m\u0131za aral\u0131ks\u0131z devam edece\u011fiz.\u201d ifadelerini kulland\u0131.<\/p>\n<p>Ge\u00e7itkale Serdarl\u0131 Belediyesi olarak sorumluluk bilinciyle hareket ederek \u00e7ocuklar\u0131n, gen\u00e7lerin ve b\u00f6lge halk\u0131n\u0131n geli\u015fimine katk\u0131 koyma hedefinde olduklar\u0131n\u0131 vurgulayan Kas\u0131m, d\u00fczenleyecekleri etkinliklerle b\u00f6lgenin hem ekonomik hem de sosyal olarak kazan\u0131m sa\u011flamas\u0131n\u0131 ama\u00e7lad\u0131klar\u0131n\u0131 belirtti.<\/p>\n<p>31 May\u0131s-2 Haziran tarihleri aras\u0131nda d\u00fczenlenecek ve 3 g\u00fcn s\u00fcrecek Festivale t\u00fcm halk\u0131 davet eden Kas\u0131m, \u201cAmac\u0131m\u0131z Festival s\u00fcresince t\u00fcm halk\u0131m\u0131z\u0131n e\u011flenceli vakit ge\u00e7irmesidir. B\u00f6lge halk\u0131m\u0131z\u0131n yan\u0131 s\u0131ra t\u00fcm \u00fclke halk\u0131m\u0131z\u0131n kat\u0131l\u0131m\u0131n\u0131 bekler sizler i\u00e7in haz\u0131rlad\u0131\u011f\u0131m\u0131z etkinliklerde iyi vakit ge\u00e7irmenizi temenni ederiz.\u201d dedi.<\/p>\n<\/p><\/div>\n<p><script async\n                    defer\n                    crossorigin=\"anonymous\"\n                    src=\"https:\/\/connect.facebook.net\/tr_TR\/sdk.js#xfbml=1&#038;version=v3.3\"\n            ><\/script><\/p>\n","protected":false},"excerpt":{"rendered":"<p>1.Ge\u00e7itkale-Serdarl\u0131 Belediyesi K\u00fclt\u00fcr ve Sanat Festivali 31 May\u0131s-2 Haziran tarihleri aras\u0131nda yap\u0131l\u0131yor. \u00c7e\u015fitli etkinliklerin yer alaca\u011f\u0131 ve 3 g\u00fcn s\u00fcrecek Festival\u2019de T\u00fcrkiye\u2019nin \u00fcnl\u00fc sanat\u00e7\u0131s\u0131 K\u0131ra\u00e7 konser verecek. 1.Ge\u00e7itkale-Serdarl\u0131 Belediyesi K\u00fclt\u00fcr ve Sanat Festivali cuma g\u00fcn\u00fc saat 16.30\u2019da Ge\u00e7itkale Sinema K\u00fclt\u00fcr Saray\u0131 \u00f6n\u00fcnde ba\u015flayarak k\u00f6y meydanda sona erecek Kortej y\u00fcr\u00fcy\u00fc\u015f\u00fc ile ba\u015flayacak. Ge\u00e7itkale k\u00f6y meydan\u0131nda yer [&hellip;]<\/p>\n","protected":false},"author":1,"featured_media":3535,"comment_status":"open","ping_status":"open","sticky":false,"template":"","format":"standard","meta":{"jnews-multi-image_gallery":[],"jnews_single_post":[],"jnews_primary_category":[],"jnews_social_meta":[],"jnews_override_counter":[],"footnotes":""},"categories":[6],"tags":[],"class_list":["post-3534","post","type-post","status-publish","format-standard","has-post-thumbnail","hentry","category-yasam"],"yoast_head":"<!-- This site is optimized with the Yoast SEO plugin v27.5 - https:\/\/yoast.com\/product\/yoast-seo-wordpress\/ -->\n<title>1.Ge\u00e7itkale-Serdarl\u0131 Belediyesi K\u00fclt\u00fcr ve Sanat Festivali 31 May\u0131s- 2 Haziran tarihleri aras\u0131nda yap\u0131l\u0131yor - Kuzeyin Sesi<\/title>\n<meta name=\"robots\" content=\"index, follow, max-snippet:-1, max-image-preview:large, max-video-preview:-1\" \/>\n<link rel=\"canonical\" href=\"https:\/\/kuzeyinsesi.org\/index.php\/2024\/05\/28\/1-gecitkale-serdarli-belediyesi-kultur-ve-sanat-festivali-31-mayis-2-haziran-tarihleri-arasinda-yapiliyor\/\" \/>\n<meta property=\"og:locale\" content=\"tr_TR\" \/>\n<meta property=\"og:type\" content=\"article\" \/>\n<meta property=\"og:title\" content=\"1.Ge\u00e7itkale-Serdarl\u0131 Belediyesi K\u00fclt\u00fcr ve Sanat Festivali 31 May\u0131s- 2 Haziran tarihleri aras\u0131nda yap\u0131l\u0131yor - Kuzeyin Sesi\" \/>\n<meta property=\"og:description\" content=\"1.Ge\u00e7itkale-Serdarl\u0131 Belediyesi K\u00fclt\u00fcr ve Sanat Festivali 31 May\u0131s-2 Haziran tarihleri aras\u0131nda yap\u0131l\u0131yor. \u00c7e\u015fitli etkinliklerin yer alaca\u011f\u0131 ve 3 g\u00fcn s\u00fcrecek Festival\u2019de T\u00fcrkiye\u2019nin \u00fcnl\u00fc sanat\u00e7\u0131s\u0131 K\u0131ra\u00e7 konser verecek. 1.Ge\u00e7itkale-Serdarl\u0131 Belediyesi K\u00fclt\u00fcr ve Sanat Festivali cuma g\u00fcn\u00fc saat 16.30\u2019da Ge\u00e7itkale Sinema K\u00fclt\u00fcr Saray\u0131 \u00f6n\u00fcnde ba\u015flayarak k\u00f6y meydanda sona erecek Kortej y\u00fcr\u00fcy\u00fc\u015f\u00fc ile ba\u015flayacak. Ge\u00e7itkale k\u00f6y meydan\u0131nda yer [&hellip;]\" \/>\n<meta property=\"og:url\" content=\"https:\/\/kuzeyinsesi.org\/index.php\/2024\/05\/28\/1-gecitkale-serdarli-belediyesi-kultur-ve-sanat-festivali-31-mayis-2-haziran-tarihleri-arasinda-yapiliyor\/\" \/>\n<meta property=\"og:site_name\" content=\"Kuzeyin Sesi\" \/>\n<meta property=\"article:publisher\" content=\"https:\/\/www.facebook.com\/kuzeyinsesii\" \/>\n<meta property=\"article:published_time\" content=\"2024-05-28T07:33:30+00:00\" \/>\n<meta property=\"og:image\" content=\"https:\/\/kuzeyinsesi.org\/wp-content\/uploads\/2024\/05\/gecitkale-festival-1-1-horz-scaled.jpg\" \/>\n\t<meta property=\"og:image:width\" content=\"2560\" \/>\n\t<meta property=\"og:image:height\" content=\"1071\" \/>\n\t<meta property=\"og:image:type\" content=\"image\/jpeg\" \/>\n<meta name=\"author\" content=\"Kuzeyin Sesi\" \/>\n<meta name=\"twitter:card\" content=\"summary_large_image\" \/>\n<meta name=\"twitter:creator\" content=\"@kuzeyinsesii\" \/>\n<meta name=\"twitter:site\" content=\"@kuzeyinsesii\" \/>\n<meta name=\"twitter:label1\" content=\"Yazan:\" \/>\n\t<meta name=\"twitter:data1\" content=\"Kuzeyin Sesi\" \/>\n\t<meta name=\"twitter:label2\" content=\"Tahmini okuma s\u00fcresi\" \/>\n\t<meta name=\"twitter:data2\" content=\"3 dakika\" \/>\n<script type=\"application\/ld+json\" class=\"yoast-schema-graph\">{\"@context\":\"https:\\\/\\\/schema.org\",\"@graph\":[{\"@type\":\"Article\",\"@id\":\"https:\\\/\\\/kuzeyinsesi.org\\\/index.php\\\/2024\\\/05\\\/28\\\/1-gecitkale-serdarli-belediyesi-kultur-ve-sanat-festivali-31-mayis-2-haziran-tarihleri-arasinda-yapiliyor\\\/#article\",\"isPartOf\":{\"@id\":\"https:\\\/\\\/kuzeyinsesi.org\\\/index.php\\\/2024\\\/05\\\/28\\\/1-gecitkale-serdarli-belediyesi-kultur-ve-sanat-festivali-31-mayis-2-haziran-tarihleri-arasinda-yapiliyor\\\/\"},\"author\":{\"name\":\"Kuzeyin Sesi\",\"@id\":\"https:\\\/\\\/kuzeyinsesi.org\\\/#\\\/schema\\\/person\\\/9f859689cdf01485597712386e37f5aa\"},\"headline\":\"1.Ge\u00e7itkale-Serdarl\u0131 Belediyesi K\u00fclt\u00fcr ve Sanat Festivali 31 May\u0131s- 2 Haziran tarihleri aras\u0131nda yap\u0131l\u0131yor\",\"datePublished\":\"2024-05-28T07:33:30+00:00\",\"mainEntityOfPage\":{\"@id\":\"https:\\\/\\\/kuzeyinsesi.org\\\/index.php\\\/2024\\\/05\\\/28\\\/1-gecitkale-serdarli-belediyesi-kultur-ve-sanat-festivali-31-mayis-2-haziran-tarihleri-arasinda-yapiliyor\\\/\"},\"wordCount\":608,\"commentCount\":0,\"image\":{\"@id\":\"https:\\\/\\\/kuzeyinsesi.org\\\/index.php\\\/2024\\\/05\\\/28\\\/1-gecitkale-serdarli-belediyesi-kultur-ve-sanat-festivali-31-mayis-2-haziran-tarihleri-arasinda-yapiliyor\\\/#primaryimage\"},\"thumbnailUrl\":\"https:\\\/\\\/kuzeyinsesi.org\\\/wp-content\\\/uploads\\\/2024\\\/05\\\/gecitkale-festival-1-1-horz-scaled.jpg\",\"articleSection\":[\"Ya\u015fam\"],\"inLanguage\":\"tr\",\"potentialAction\":[{\"@type\":\"CommentAction\",\"name\":\"Comment\",\"target\":[\"https:\\\/\\\/kuzeyinsesi.org\\\/index.php\\\/2024\\\/05\\\/28\\\/1-gecitkale-serdarli-belediyesi-kultur-ve-sanat-festivali-31-mayis-2-haziran-tarihleri-arasinda-yapiliyor\\\/#respond\"]}]},{\"@type\":\"WebPage\",\"@id\":\"https:\\\/\\\/kuzeyinsesi.org\\\/index.php\\\/2024\\\/05\\\/28\\\/1-gecitkale-serdarli-belediyesi-kultur-ve-sanat-festivali-31-mayis-2-haziran-tarihleri-arasinda-yapiliyor\\\/\",\"url\":\"https:\\\/\\\/kuzeyinsesi.org\\\/index.php\\\/2024\\\/05\\\/28\\\/1-gecitkale-serdarli-belediyesi-kultur-ve-sanat-festivali-31-mayis-2-haziran-tarihleri-arasinda-yapiliyor\\\/\",\"name\":\"1.Ge\u00e7itkale-Serdarl\u0131 Belediyesi K\u00fclt\u00fcr ve Sanat Festivali 31 May\u0131s- 2 Haziran tarihleri aras\u0131nda yap\u0131l\u0131yor - Kuzeyin Sesi\",\"isPartOf\":{\"@id\":\"https:\\\/\\\/kuzeyinsesi.org\\\/#website\"},\"primaryImageOfPage\":{\"@id\":\"https:\\\/\\\/kuzeyinsesi.org\\\/index.php\\\/2024\\\/05\\\/28\\\/1-gecitkale-serdarli-belediyesi-kultur-ve-sanat-festivali-31-mayis-2-haziran-tarihleri-arasinda-yapiliyor\\\/#primaryimage\"},\"image\":{\"@id\":\"https:\\\/\\\/kuzeyinsesi.org\\\/index.php\\\/2024\\\/05\\\/28\\\/1-gecitkale-serdarli-belediyesi-kultur-ve-sanat-festivali-31-mayis-2-haziran-tarihleri-arasinda-yapiliyor\\\/#primaryimage\"},\"thumbnailUrl\":\"https:\\\/\\\/kuzeyinsesi.org\\\/wp-content\\\/uploads\\\/2024\\\/05\\\/gecitkale-festival-1-1-horz-scaled.jpg\",\"datePublished\":\"2024-05-28T07:33:30+00:00\",\"author\":{\"@id\":\"https:\\\/\\\/kuzeyinsesi.org\\\/#\\\/schema\\\/person\\\/9f859689cdf01485597712386e37f5aa\"},\"breadcrumb\":{\"@id\":\"https:\\\/\\\/kuzeyinsesi.org\\\/index.php\\\/2024\\\/05\\\/28\\\/1-gecitkale-serdarli-belediyesi-kultur-ve-sanat-festivali-31-mayis-2-haziran-tarihleri-arasinda-yapiliyor\\\/#breadcrumb\"},\"inLanguage\":\"tr\",\"potentialAction\":[{\"@type\":\"ReadAction\",\"target\":[\"https:\\\/\\\/kuzeyinsesi.org\\\/index.php\\\/2024\\\/05\\\/28\\\/1-gecitkale-serdarli-belediyesi-kultur-ve-sanat-festivali-31-mayis-2-haziran-tarihleri-arasinda-yapiliyor\\\/\"]}]},{\"@type\":\"ImageObject\",\"inLanguage\":\"tr\",\"@id\":\"https:\\\/\\\/kuzeyinsesi.org\\\/index.php\\\/2024\\\/05\\\/28\\\/1-gecitkale-serdarli-belediyesi-kultur-ve-sanat-festivali-31-mayis-2-haziran-tarihleri-arasinda-yapiliyor\\\/#primaryimage\",\"url\":\"https:\\\/\\\/kuzeyinsesi.org\\\/wp-content\\\/uploads\\\/2024\\\/05\\\/gecitkale-festival-1-1-horz-scaled.jpg\",\"contentUrl\":\"https:\\\/\\\/kuzeyinsesi.org\\\/wp-content\\\/uploads\\\/2024\\\/05\\\/gecitkale-festival-1-1-horz-scaled.jpg\",\"width\":2560,\"height\":1071},{\"@type\":\"BreadcrumbList\",\"@id\":\"https:\\\/\\\/kuzeyinsesi.org\\\/index.php\\\/2024\\\/05\\\/28\\\/1-gecitkale-serdarli-belediyesi-kultur-ve-sanat-festivali-31-mayis-2-haziran-tarihleri-arasinda-yapiliyor\\\/#breadcrumb\",\"itemListElement\":[{\"@type\":\"ListItem\",\"position\":1,\"name\":\"Anasayfa\",\"item\":\"https:\\\/\\\/kuzeyinsesi.org\\\/\"},{\"@type\":\"ListItem\",\"position\":2,\"name\":\"1.Ge\u00e7itkale-Serdarl\u0131 Belediyesi K\u00fclt\u00fcr ve Sanat Festivali 31 May\u0131s- 2 Haziran tarihleri aras\u0131nda yap\u0131l\u0131yor\"}]},{\"@type\":\"WebSite\",\"@id\":\"https:\\\/\\\/kuzeyinsesi.org\\\/#website\",\"url\":\"https:\\\/\\\/kuzeyinsesi.org\\\/\",\"name\":\"Kuzeyin Sesi\",\"description\":\"Do\u011fru Haberin Adresi\",\"potentialAction\":[{\"@type\":\"SearchAction\",\"target\":{\"@type\":\"EntryPoint\",\"urlTemplate\":\"https:\\\/\\\/kuzeyinsesi.org\\\/?s={search_term_string}\"},\"query-input\":{\"@type\":\"PropertyValueSpecification\",\"valueRequired\":true,\"valueName\":\"search_term_string\"}}],\"inLanguage\":\"tr\"},{\"@type\":\"Person\",\"@id\":\"https:\\\/\\\/kuzeyinsesi.org\\\/#\\\/schema\\\/person\\\/9f859689cdf01485597712386e37f5aa\",\"name\":\"Kuzeyin Sesi\",\"image\":{\"@type\":\"ImageObject\",\"inLanguage\":\"tr\",\"@id\":\"https:\\\/\\\/secure.gravatar.com\\\/avatar\\\/bab33852abfd8b282518d6ed81826833d77c3c882d9ab608add591ccace47a44?s=96&d=mm&r=g\",\"url\":\"https:\\\/\\\/secure.gravatar.com\\\/avatar\\\/bab33852abfd8b282518d6ed81826833d77c3c882d9ab608add591ccace47a44?s=96&d=mm&r=g\",\"contentUrl\":\"https:\\\/\\\/secure.gravatar.com\\\/avatar\\\/bab33852abfd8b282518d6ed81826833d77c3c882d9ab608add591ccace47a44?s=96&d=mm&r=g\",\"caption\":\"Kuzeyin Sesi\"},\"sameAs\":[\"https:\\\/\\\/kuzeyinsesi.org\"],\"url\":\"https:\\\/\\\/kuzeyinsesi.org\\\/index.php\\\/author\\\/guven\\\/\"}]}<\/script>\n<!-- \/ Yoast SEO plugin. -->","yoast_head_json":{"title":"1.Ge\u00e7itkale-Serdarl\u0131 Belediyesi K\u00fclt\u00fcr ve Sanat Festivali 31 May\u0131s- 2 Haziran tarihleri aras\u0131nda yap\u0131l\u0131yor - Kuzeyin Sesi","robots":{"index":"index","follow":"follow","max-snippet":"max-snippet:-1","max-image-preview":"max-image-preview:large","max-video-preview":"max-video-preview:-1"},"canonical":"https:\/\/kuzeyinsesi.org\/index.php\/2024\/05\/28\/1-gecitkale-serdarli-belediyesi-kultur-ve-sanat-festivali-31-mayis-2-haziran-tarihleri-arasinda-yapiliyor\/","og_locale":"tr_TR","og_type":"article","og_title":"1.Ge\u00e7itkale-Serdarl\u0131 Belediyesi K\u00fclt\u00fcr ve Sanat Festivali 31 May\u0131s- 2 Haziran tarihleri aras\u0131nda yap\u0131l\u0131yor - Kuzeyin Sesi","og_description":"1.Ge\u00e7itkale-Serdarl\u0131 Belediyesi K\u00fclt\u00fcr ve Sanat Festivali 31 May\u0131s-2 Haziran tarihleri aras\u0131nda yap\u0131l\u0131yor. \u00c7e\u015fitli etkinliklerin yer alaca\u011f\u0131 ve 3 g\u00fcn s\u00fcrecek Festival\u2019de T\u00fcrkiye\u2019nin \u00fcnl\u00fc sanat\u00e7\u0131s\u0131 K\u0131ra\u00e7 konser verecek. 1.Ge\u00e7itkale-Serdarl\u0131 Belediyesi K\u00fclt\u00fcr ve Sanat Festivali cuma g\u00fcn\u00fc saat 16.30\u2019da Ge\u00e7itkale Sinema K\u00fclt\u00fcr Saray\u0131 \u00f6n\u00fcnde ba\u015flayarak k\u00f6y meydanda sona erecek Kortej y\u00fcr\u00fcy\u00fc\u015f\u00fc ile ba\u015flayacak. Ge\u00e7itkale k\u00f6y meydan\u0131nda yer [&hellip;]","og_url":"https:\/\/kuzeyinsesi.org\/index.php\/2024\/05\/28\/1-gecitkale-serdarli-belediyesi-kultur-ve-sanat-festivali-31-mayis-2-haziran-tarihleri-arasinda-yapiliyor\/","og_site_name":"Kuzeyin Sesi","article_publisher":"https:\/\/www.facebook.com\/kuzeyinsesii","article_published_time":"2024-05-28T07:33:30+00:00","og_image":[{"width":2560,"height":1071,"url":"https:\/\/kuzeyinsesi.org\/wp-content\/uploads\/2024\/05\/gecitkale-festival-1-1-horz-scaled.jpg","type":"image\/jpeg"}],"author":"Kuzeyin Sesi","twitter_card":"summary_large_image","twitter_creator":"@kuzeyinsesii","twitter_site":"@kuzeyinsesii","twitter_misc":{"Yazan:":"Kuzeyin Sesi","Tahmini okuma s\u00fcresi":"3 dakika"},"schema":{"@context":"https:\/\/schema.org","@graph":[{"@type":"Article","@id":"https:\/\/kuzeyinsesi.org\/index.php\/2024\/05\/28\/1-gecitkale-serdarli-belediyesi-kultur-ve-sanat-festivali-31-mayis-2-haziran-tarihleri-arasinda-yapiliyor\/#article","isPartOf":{"@id":"https:\/\/kuzeyinsesi.org\/index.php\/2024\/05\/28\/1-gecitkale-serdarli-belediyesi-kultur-ve-sanat-festivali-31-mayis-2-haziran-tarihleri-arasinda-yapiliyor\/"},"author":{"name":"Kuzeyin Sesi","@id":"https:\/\/kuzeyinsesi.org\/#\/schema\/person\/9f859689cdf01485597712386e37f5aa"},"headline":"1.Ge\u00e7itkale-Serdarl\u0131 Belediyesi K\u00fclt\u00fcr ve Sanat Festivali 31 May\u0131s- 2 Haziran tarihleri aras\u0131nda yap\u0131l\u0131yor","datePublished":"2024-05-28T07:33:30+00:00","mainEntityOfPage":{"@id":"https:\/\/kuzeyinsesi.org\/index.php\/2024\/05\/28\/1-gecitkale-serdarli-belediyesi-kultur-ve-sanat-festivali-31-mayis-2-haziran-tarihleri-arasinda-yapiliyor\/"},"wordCount":608,"commentCount":0,"image":{"@id":"https:\/\/kuzeyinsesi.org\/index.php\/2024\/05\/28\/1-gecitkale-serdarli-belediyesi-kultur-ve-sanat-festivali-31-mayis-2-haziran-tarihleri-arasinda-yapiliyor\/#primaryimage"},"thumbnailUrl":"https:\/\/kuzeyinsesi.org\/wp-content\/uploads\/2024\/05\/gecitkale-festival-1-1-horz-scaled.jpg","articleSection":["Ya\u015fam"],"inLanguage":"tr","potentialAction":[{"@type":"CommentAction","name":"Comment","target":["https:\/\/kuzeyinsesi.org\/index.php\/2024\/05\/28\/1-gecitkale-serdarli-belediyesi-kultur-ve-sanat-festivali-31-mayis-2-haziran-tarihleri-arasinda-yapiliyor\/#respond"]}]},{"@type":"WebPage","@id":"https:\/\/kuzeyinsesi.org\/index.php\/2024\/05\/28\/1-gecitkale-serdarli-belediyesi-kultur-ve-sanat-festivali-31-mayis-2-haziran-tarihleri-arasinda-yapiliyor\/","url":"https:\/\/kuzeyinsesi.org\/index.php\/2024\/05\/28\/1-gecitkale-serdarli-belediyesi-kultur-ve-sanat-festivali-31-mayis-2-haziran-tarihleri-arasinda-yapiliyor\/","name":"1.Ge\u00e7itkale-Serdarl\u0131 Belediyesi K\u00fclt\u00fcr ve Sanat Festivali 31 May\u0131s- 2 Haziran tarihleri aras\u0131nda yap\u0131l\u0131yor - Kuzeyin Sesi","isPartOf":{"@id":"https:\/\/kuzeyinsesi.org\/#website"},"primaryImageOfPage":{"@id":"https:\/\/kuzeyinsesi.org\/index.php\/2024\/05\/28\/1-gecitkale-serdarli-belediyesi-kultur-ve-sanat-festivali-31-mayis-2-haziran-tarihleri-arasinda-yapiliyor\/#primaryimage"},"image":{"@id":"https:\/\/kuzeyinsesi.org\/index.php\/2024\/05\/28\/1-gecitkale-serdarli-belediyesi-kultur-ve-sanat-festivali-31-mayis-2-haziran-tarihleri-arasinda-yapiliyor\/#primaryimage"},"thumbnailUrl":"https:\/\/kuzeyinsesi.org\/wp-content\/uploads\/2024\/05\/gecitkale-festival-1-1-horz-scaled.jpg","datePublished":"2024-05-28T07:33:30+00:00","author":{"@id":"https:\/\/kuzeyinsesi.org\/#\/schema\/person\/9f859689cdf01485597712386e37f5aa"},"breadcrumb":{"@id":"https:\/\/kuzeyinsesi.org\/index.php\/2024\/05\/28\/1-gecitkale-serdarli-belediyesi-kultur-ve-sanat-festivali-31-mayis-2-haziran-tarihleri-arasinda-yapiliyor\/#breadcrumb"},"inLanguage":"tr","potentialAction":[{"@type":"ReadAction","target":["https:\/\/kuzeyinsesi.org\/index.php\/2024\/05\/28\/1-gecitkale-serdarli-belediyesi-kultur-ve-sanat-festivali-31-mayis-2-haziran-tarihleri-arasinda-yapiliyor\/"]}]},{"@type":"ImageObject","inLanguage":"tr","@id":"https:\/\/kuzeyinsesi.org\/index.php\/2024\/05\/28\/1-gecitkale-serdarli-belediyesi-kultur-ve-sanat-festivali-31-mayis-2-haziran-tarihleri-arasinda-yapiliyor\/#primaryimage","url":"https:\/\/kuzeyinsesi.org\/wp-content\/uploads\/2024\/05\/gecitkale-festival-1-1-horz-scaled.jpg","contentUrl":"https:\/\/kuzeyinsesi.org\/wp-content\/uploads\/2024\/05\/gecitkale-festival-1-1-horz-scaled.jpg","width":2560,"height":1071},{"@type":"BreadcrumbList","@id":"https:\/\/kuzeyinsesi.org\/index.php\/2024\/05\/28\/1-gecitkale-serdarli-belediyesi-kultur-ve-sanat-festivali-31-mayis-2-haziran-tarihleri-arasinda-yapiliyor\/#breadcrumb","itemListElement":[{"@type":"ListItem","position":1,"name":"Anasayfa","item":"https:\/\/kuzeyinsesi.org\/"},{"@type":"ListItem","position":2,"name":"1.Ge\u00e7itkale-Serdarl\u0131 Belediyesi K\u00fclt\u00fcr ve Sanat Festivali 31 May\u0131s- 2 Haziran tarihleri aras\u0131nda yap\u0131l\u0131yor"}]},{"@type":"WebSite","@id":"https:\/\/kuzeyinsesi.org\/#website","url":"https:\/\/kuzeyinsesi.org\/","name":"Kuzeyin Sesi","description":"Do\u011fru Haberin Adresi","potentialAction":[{"@type":"SearchAction","target":{"@type":"EntryPoint","urlTemplate":"https:\/\/kuzeyinsesi.org\/?s={search_term_string}"},"query-input":{"@type":"PropertyValueSpecification","valueRequired":true,"valueName":"search_term_string"}}],"inLanguage":"tr"},{"@type":"Person","@id":"https:\/\/kuzeyinsesi.org\/#\/schema\/person\/9f859689cdf01485597712386e37f5aa","name":"Kuzeyin Sesi","image":{"@type":"ImageObject","inLanguage":"tr","@id":"https:\/\/secure.gravatar.com\/avatar\/bab33852abfd8b282518d6ed81826833d77c3c882d9ab608add591ccace47a44?s=96&d=mm&r=g","url":"https:\/\/secure.gravatar.com\/avatar\/bab33852abfd8b282518d6ed81826833d77c3c882d9ab608add591ccace47a44?s=96&d=mm&r=g","contentUrl":"https:\/\/secure.gravatar.com\/avatar\/bab33852abfd8b282518d6ed81826833d77c3c882d9ab608add591ccace47a44?s=96&d=mm&r=g","caption":"Kuzeyin Sesi"},"sameAs":["https:\/\/kuzeyinsesi.org"],"url":"https:\/\/kuzeyinsesi.org\/index.php\/author\/guven\/"}]}},"_links":{"self":[{"href":"https:\/\/kuzeyinsesi.org\/index.php\/wp-json\/wp\/v2\/posts\/3534","targetHints":{"allow":["GET"]}}],"collection":[{"href":"https:\/\/kuzeyinsesi.org\/index.php\/wp-json\/wp\/v2\/posts"}],"about":[{"href":"https:\/\/kuzeyinsesi.org\/index.php\/wp-json\/wp\/v2\/types\/post"}],"author":[{"embeddable":true,"href":"https:\/\/kuzeyinsesi.org\/index.php\/wp-json\/wp\/v2\/users\/1"}],"replies":[{"embeddable":true,"href":"https:\/\/kuzeyinsesi.org\/index.php\/wp-json\/wp\/v2\/comments?post=3534"}],"version-history":[{"count":0,"href":"https:\/\/kuzeyinsesi.org\/index.php\/wp-json\/wp\/v2\/posts\/3534\/revisions"}],"wp:featuredmedia":[{"embeddable":true,"href":"https:\/\/kuzeyinsesi.org\/index.php\/wp-json\/wp\/v2\/media\/3535"}],"wp:attachment":[{"href":"https:\/\/kuzeyinsesi.org\/index.php\/wp-json\/wp\/v2\/media?parent=3534"}],"wp:term":[{"taxonomy":"category","embeddable":true,"href":"https:\/\/kuzeyinsesi.org\/index.php\/wp-json\/wp\/v2\/categories?post=3534"},{"taxonomy":"post_tag","embeddable":true,"href":"https:\/\/kuzeyinsesi.org\/index.php\/wp-json\/wp\/v2\/tags?post=3534"}],"curies":[{"name":"wp","href":"https:\/\/api.w.org\/{rel}","templated":true}]}}