{"id":35312,"date":"2026-01-05T21:52:41","date_gmt":"2026-01-05T19:52:41","guid":{"rendered":"https:\/\/kuzeyinsesi.org\/index.php\/2026\/01\/05\/turkcell-super-kupada-ilk-finalist-galatasaray\/"},"modified":"2026-01-05T21:52:41","modified_gmt":"2026-01-05T19:52:41","slug":"turkcell-super-kupada-ilk-finalist-galatasaray","status":"publish","type":"post","link":"https:\/\/kuzeyinsesi.org\/index.php\/2026\/01\/05\/turkcell-super-kupada-ilk-finalist-galatasaray\/","title":{"rendered":"Turkcell S\u00fcper Kupa&#039;da ilk finalist Galatasaray"},"content":{"rendered":"<p><\/p>\n<div>\n<p>&#13;<br \/>\n\tTurkcell S\u00fcper Kupa&#8217;da yar\u0131 finallerin ilkinde ge\u00e7en sezonun \u00e7ifte kupal\u0131 \u015fampiyonu Galatasaray ile Trabzonspor, Gaziantep&#8217;te kar\u015f\u0131 kar\u015f\u0131ya geldi.<\/p>\n<p>&#13;<br \/>\n\tGaziantep Stad\u0131&#8217;nda saat 20.30&#8217;da ba\u015flayan kar\u015f\u0131la\u015fmay\u0131 hakem Cihan Ayd\u0131n y\u00f6netti.<\/p>\n<p>&#13;<br \/>\n\tTrabzonspor&#8217;u 4-1 yenen Galatasaray S\u00fcper Kupa&#8217;da ad\u0131n\u0131 finale yazd\u0131ran ilk tak\u0131m oldu. Galatasaray&#8217;\u0131n finaldeki rakibi Samsunspor &#8211; Fenerbah\u00e7e ma\u00e7\u0131n\u0131n ard\u0131ndan belli olacak.<\/p>\n<p>&#13;<br \/>\n\tKar\u015f\u0131la\u015fman\u0131n 38. dakikas\u0131nda Galatasaray Bar\u0131\u015f Alper Y\u0131lmaz&#8217;\u0131n kaydetti\u011fi gol ile 1-0 \u00f6ne ge\u00e7ti. 45+2. dakikada Eren Elmal\u0131 skoru 2-0&#8217;a getirdi. \u0130lk yar\u0131 Galatasarar&#8217;\u0131n 2-0&#8217;l\u0131k \u00fcst\u00fcnl\u00fc\u011f\u00fc ile sona erdi.<\/p>\n<p>&#13;<br \/>\n\t\u0130kinci yar\u0131n\u0131n 55. dakikas\u0131nda Agusto ile fark\u0131 bire indiren Trabzonspor 63. dakikada Yunus&#8217;un 81. dakikada ise Icardi&#8217;nin gol\u00fcne engel olamayarak sahadan 4-1 ma\u011flup ayr\u0131ld\u0131.<\/p>\n<\/p><\/div>\n","protected":false},"excerpt":{"rendered":"<p>&#13; Turkcell S\u00fcper Kupa&#8217;da yar\u0131 finallerin ilkinde ge\u00e7en sezonun \u00e7ifte kupal\u0131 \u015fampiyonu Galatasaray ile Trabzonspor, Gaziantep&#8217;te kar\u015f\u0131 kar\u015f\u0131ya geldi. &#13; Gaziantep Stad\u0131&#8217;nda saat 20.30&#8217;da ba\u015flayan kar\u015f\u0131la\u015fmay\u0131 hakem Cihan Ayd\u0131n y\u00f6netti. &#13; Trabzonspor&#8217;u 4-1 yenen Galatasaray S\u00fcper Kupa&#8217;da ad\u0131n\u0131 finale yazd\u0131ran ilk tak\u0131m oldu. Galatasaray&#8217;\u0131n finaldeki rakibi Samsunspor &#8211; Fenerbah\u00e7e ma\u00e7\u0131n\u0131n ard\u0131ndan belli olacak. &#13; Kar\u015f\u0131la\u015fman\u0131n [&hellip;]<\/p>\n","protected":false},"author":1,"featured_media":35313,"comment_status":"open","ping_status":"open","sticky":false,"template":"","format":"standard","meta":{"jnews-multi-image_gallery":[],"jnews_single_post":[],"jnews_primary_category":[],"jnews_social_meta":[],"jnews_override_counter":[],"footnotes":""},"categories":[4],"tags":[],"class_list":["post-35312","post","type-post","status-publish","format-standard","has-post-thumbnail","hentry","category-spor"],"yoast_head":"<!-- This site is optimized with the Yoast SEO plugin v27.5 - https:\/\/yoast.com\/product\/yoast-seo-wordpress\/ -->\n<title>Turkcell S\u00fcper Kupa&#039;da ilk finalist Galatasaray - Kuzeyin Sesi<\/title>\n<meta name=\"robots\" content=\"index, follow, max-snippet:-1, max-image-preview:large, max-video-preview:-1\" \/>\n<link rel=\"canonical\" href=\"https:\/\/kuzeyinsesi.org\/index.php\/2026\/01\/05\/turkcell-super-kupada-ilk-finalist-galatasaray\/\" \/>\n<meta property=\"og:locale\" content=\"tr_TR\" \/>\n<meta property=\"og:type\" content=\"article\" \/>\n<meta property=\"og:title\" content=\"Turkcell S\u00fcper Kupa&#039;da ilk finalist Galatasaray - Kuzeyin Sesi\" \/>\n<meta property=\"og:description\" content=\"&#013; Turkcell S\u00fcper Kupa&#8217;da yar\u0131 finallerin ilkinde ge\u00e7en sezonun \u00e7ifte kupal\u0131 \u015fampiyonu Galatasaray ile Trabzonspor, Gaziantep&#8217;te kar\u015f\u0131 kar\u015f\u0131ya geldi. &#013; Gaziantep Stad\u0131&#8217;nda saat 20.30&#8217;da ba\u015flayan kar\u015f\u0131la\u015fmay\u0131 hakem Cihan Ayd\u0131n y\u00f6netti. &#013; Trabzonspor&#8217;u 4-1 yenen Galatasaray S\u00fcper Kupa&#8217;da ad\u0131n\u0131 finale yazd\u0131ran ilk tak\u0131m oldu. Galatasaray&#8217;\u0131n finaldeki rakibi Samsunspor &#8211; Fenerbah\u00e7e ma\u00e7\u0131n\u0131n ard\u0131ndan belli olacak. &#013; Kar\u015f\u0131la\u015fman\u0131n [&hellip;]\" \/>\n<meta property=\"og:url\" content=\"https:\/\/kuzeyinsesi.org\/index.php\/2026\/01\/05\/turkcell-super-kupada-ilk-finalist-galatasaray\/\" \/>\n<meta property=\"og:site_name\" content=\"Kuzeyin Sesi\" \/>\n<meta property=\"article:publisher\" content=\"https:\/\/www.facebook.com\/kuzeyinsesii\" \/>\n<meta property=\"article:published_time\" content=\"2026-01-05T19:52:41+00:00\" \/>\n<meta property=\"og:image\" content=\"https:\/\/trthaberstatic.cdn.wp.trt.com.tr\/resimler\/2428000\/galatasaray-trabzonspor-aa-2429243.jpg\" \/>\n<meta name=\"author\" content=\"Kuzeyin Sesi\" \/>\n<meta name=\"twitter:card\" content=\"summary_large_image\" \/>\n<meta name=\"twitter:creator\" content=\"@kuzeyinsesii\" \/>\n<meta name=\"twitter:site\" content=\"@kuzeyinsesii\" \/>\n<meta name=\"twitter:label1\" content=\"Yazan:\" \/>\n\t<meta name=\"twitter:data1\" content=\"Kuzeyin Sesi\" \/>\n\t<meta name=\"twitter:label2\" content=\"Tahmini okuma s\u00fcresi\" \/>\n\t<meta name=\"twitter:data2\" content=\"1 dakika\" \/>\n<script type=\"application\/ld+json\" class=\"yoast-schema-graph\">{\"@context\":\"https:\\\/\\\/schema.org\",\"@graph\":[{\"@type\":\"Article\",\"@id\":\"https:\\\/\\\/kuzeyinsesi.org\\\/index.php\\\/2026\\\/01\\\/05\\\/turkcell-super-kupada-ilk-finalist-galatasaray\\\/#article\",\"isPartOf\":{\"@id\":\"https:\\\/\\\/kuzeyinsesi.org\\\/index.php\\\/2026\\\/01\\\/05\\\/turkcell-super-kupada-ilk-finalist-galatasaray\\\/\"},\"author\":{\"name\":\"Kuzeyin Sesi\",\"@id\":\"https:\\\/\\\/kuzeyinsesi.org\\\/#\\\/schema\\\/person\\\/9f859689cdf01485597712386e37f5aa\"},\"headline\":\"Turkcell S\u00fcper Kupa&#039;da ilk finalist Galatasaray\",\"datePublished\":\"2026-01-05T19:52:41+00:00\",\"mainEntityOfPage\":{\"@id\":\"https:\\\/\\\/kuzeyinsesi.org\\\/index.php\\\/2026\\\/01\\\/05\\\/turkcell-super-kupada-ilk-finalist-galatasaray\\\/\"},\"wordCount\":148,\"commentCount\":0,\"image\":{\"@id\":\"https:\\\/\\\/kuzeyinsesi.org\\\/index.php\\\/2026\\\/01\\\/05\\\/turkcell-super-kupada-ilk-finalist-galatasaray\\\/#primaryimage\"},\"thumbnailUrl\":\"https:\\\/\\\/kuzeyinsesi.org\\\/wp-content\\\/uploads\\\/2026\\\/01\\\/galatasaray-trabzonspor-aa-2429243.jpg\",\"articleSection\":[\"Spor\"],\"inLanguage\":\"tr\",\"potentialAction\":[{\"@type\":\"CommentAction\",\"name\":\"Comment\",\"target\":[\"https:\\\/\\\/kuzeyinsesi.org\\\/index.php\\\/2026\\\/01\\\/05\\\/turkcell-super-kupada-ilk-finalist-galatasaray\\\/#respond\"]}]},{\"@type\":\"WebPage\",\"@id\":\"https:\\\/\\\/kuzeyinsesi.org\\\/index.php\\\/2026\\\/01\\\/05\\\/turkcell-super-kupada-ilk-finalist-galatasaray\\\/\",\"url\":\"https:\\\/\\\/kuzeyinsesi.org\\\/index.php\\\/2026\\\/01\\\/05\\\/turkcell-super-kupada-ilk-finalist-galatasaray\\\/\",\"name\":\"Turkcell S\u00fcper Kupa&#039;da ilk finalist Galatasaray - Kuzeyin Sesi\",\"isPartOf\":{\"@id\":\"https:\\\/\\\/kuzeyinsesi.org\\\/#website\"},\"primaryImageOfPage\":{\"@id\":\"https:\\\/\\\/kuzeyinsesi.org\\\/index.php\\\/2026\\\/01\\\/05\\\/turkcell-super-kupada-ilk-finalist-galatasaray\\\/#primaryimage\"},\"image\":{\"@id\":\"https:\\\/\\\/kuzeyinsesi.org\\\/index.php\\\/2026\\\/01\\\/05\\\/turkcell-super-kupada-ilk-finalist-galatasaray\\\/#primaryimage\"},\"thumbnailUrl\":\"https:\\\/\\\/kuzeyinsesi.org\\\/wp-content\\\/uploads\\\/2026\\\/01\\\/galatasaray-trabzonspor-aa-2429243.jpg\",\"datePublished\":\"2026-01-05T19:52:41+00:00\",\"author\":{\"@id\":\"https:\\\/\\\/kuzeyinsesi.org\\\/#\\\/schema\\\/person\\\/9f859689cdf01485597712386e37f5aa\"},\"breadcrumb\":{\"@id\":\"https:\\\/\\\/kuzeyinsesi.org\\\/index.php\\\/2026\\\/01\\\/05\\\/turkcell-super-kupada-ilk-finalist-galatasaray\\\/#breadcrumb\"},\"inLanguage\":\"tr\",\"potentialAction\":[{\"@type\":\"ReadAction\",\"target\":[\"https:\\\/\\\/kuzeyinsesi.org\\\/index.php\\\/2026\\\/01\\\/05\\\/turkcell-super-kupada-ilk-finalist-galatasaray\\\/\"]}]},{\"@type\":\"ImageObject\",\"inLanguage\":\"tr\",\"@id\":\"https:\\\/\\\/kuzeyinsesi.org\\\/index.php\\\/2026\\\/01\\\/05\\\/turkcell-super-kupada-ilk-finalist-galatasaray\\\/#primaryimage\",\"url\":\"https:\\\/\\\/kuzeyinsesi.org\\\/wp-content\\\/uploads\\\/2026\\\/01\\\/galatasaray-trabzonspor-aa-2429243.jpg\",\"contentUrl\":\"https:\\\/\\\/kuzeyinsesi.org\\\/wp-content\\\/uploads\\\/2026\\\/01\\\/galatasaray-trabzonspor-aa-2429243.jpg\",\"width\":1280,\"height\":720},{\"@type\":\"BreadcrumbList\",\"@id\":\"https:\\\/\\\/kuzeyinsesi.org\\\/index.php\\\/2026\\\/01\\\/05\\\/turkcell-super-kupada-ilk-finalist-galatasaray\\\/#breadcrumb\",\"itemListElement\":[{\"@type\":\"ListItem\",\"position\":1,\"name\":\"Anasayfa\",\"item\":\"https:\\\/\\\/kuzeyinsesi.org\\\/\"},{\"@type\":\"ListItem\",\"position\":2,\"name\":\"Turkcell S\u00fcper Kupa&#039;da ilk finalist Galatasaray\"}]},{\"@type\":\"WebSite\",\"@id\":\"https:\\\/\\\/kuzeyinsesi.org\\\/#website\",\"url\":\"https:\\\/\\\/kuzeyinsesi.org\\\/\",\"name\":\"Kuzeyin Sesi\",\"description\":\"Do\u011fru Haberin Adresi\",\"potentialAction\":[{\"@type\":\"SearchAction\",\"target\":{\"@type\":\"EntryPoint\",\"urlTemplate\":\"https:\\\/\\\/kuzeyinsesi.org\\\/?s={search_term_string}\"},\"query-input\":{\"@type\":\"PropertyValueSpecification\",\"valueRequired\":true,\"valueName\":\"search_term_string\"}}],\"inLanguage\":\"tr\"},{\"@type\":\"Person\",\"@id\":\"https:\\\/\\\/kuzeyinsesi.org\\\/#\\\/schema\\\/person\\\/9f859689cdf01485597712386e37f5aa\",\"name\":\"Kuzeyin Sesi\",\"image\":{\"@type\":\"ImageObject\",\"inLanguage\":\"tr\",\"@id\":\"https:\\\/\\\/secure.gravatar.com\\\/avatar\\\/bab33852abfd8b282518d6ed81826833d77c3c882d9ab608add591ccace47a44?s=96&d=mm&r=g\",\"url\":\"https:\\\/\\\/secure.gravatar.com\\\/avatar\\\/bab33852abfd8b282518d6ed81826833d77c3c882d9ab608add591ccace47a44?s=96&d=mm&r=g\",\"contentUrl\":\"https:\\\/\\\/secure.gravatar.com\\\/avatar\\\/bab33852abfd8b282518d6ed81826833d77c3c882d9ab608add591ccace47a44?s=96&d=mm&r=g\",\"caption\":\"Kuzeyin Sesi\"},\"sameAs\":[\"https:\\\/\\\/kuzeyinsesi.org\"],\"url\":\"https:\\\/\\\/kuzeyinsesi.org\\\/index.php\\\/author\\\/guven\\\/\"}]}<\/script>\n<!-- \/ Yoast SEO plugin. -->","yoast_head_json":{"title":"Turkcell S\u00fcper Kupa&#039;da ilk finalist Galatasaray - Kuzeyin Sesi","robots":{"index":"index","follow":"follow","max-snippet":"max-snippet:-1","max-image-preview":"max-image-preview:large","max-video-preview":"max-video-preview:-1"},"canonical":"https:\/\/kuzeyinsesi.org\/index.php\/2026\/01\/05\/turkcell-super-kupada-ilk-finalist-galatasaray\/","og_locale":"tr_TR","og_type":"article","og_title":"Turkcell S\u00fcper Kupa&#039;da ilk finalist Galatasaray - Kuzeyin Sesi","og_description":"&#13; Turkcell S\u00fcper Kupa&#8217;da yar\u0131 finallerin ilkinde ge\u00e7en sezonun \u00e7ifte kupal\u0131 \u015fampiyonu Galatasaray ile Trabzonspor, Gaziantep&#8217;te kar\u015f\u0131 kar\u015f\u0131ya geldi. &#13; Gaziantep Stad\u0131&#8217;nda saat 20.30&#8217;da ba\u015flayan kar\u015f\u0131la\u015fmay\u0131 hakem Cihan Ayd\u0131n y\u00f6netti. &#13; Trabzonspor&#8217;u 4-1 yenen Galatasaray S\u00fcper Kupa&#8217;da ad\u0131n\u0131 finale yazd\u0131ran ilk tak\u0131m oldu. Galatasaray&#8217;\u0131n finaldeki rakibi Samsunspor &#8211; Fenerbah\u00e7e ma\u00e7\u0131n\u0131n ard\u0131ndan belli olacak. &#13; Kar\u015f\u0131la\u015fman\u0131n [&hellip;]","og_url":"https:\/\/kuzeyinsesi.org\/index.php\/2026\/01\/05\/turkcell-super-kupada-ilk-finalist-galatasaray\/","og_site_name":"Kuzeyin Sesi","article_publisher":"https:\/\/www.facebook.com\/kuzeyinsesii","article_published_time":"2026-01-05T19:52:41+00:00","og_image":[{"url":"https:\/\/trthaberstatic.cdn.wp.trt.com.tr\/resimler\/2428000\/galatasaray-trabzonspor-aa-2429243.jpg","type":"","width":"","height":""}],"author":"Kuzeyin Sesi","twitter_card":"summary_large_image","twitter_creator":"@kuzeyinsesii","twitter_site":"@kuzeyinsesii","twitter_misc":{"Yazan:":"Kuzeyin Sesi","Tahmini okuma s\u00fcresi":"1 dakika"},"schema":{"@context":"https:\/\/schema.org","@graph":[{"@type":"Article","@id":"https:\/\/kuzeyinsesi.org\/index.php\/2026\/01\/05\/turkcell-super-kupada-ilk-finalist-galatasaray\/#article","isPartOf":{"@id":"https:\/\/kuzeyinsesi.org\/index.php\/2026\/01\/05\/turkcell-super-kupada-ilk-finalist-galatasaray\/"},"author":{"name":"Kuzeyin Sesi","@id":"https:\/\/kuzeyinsesi.org\/#\/schema\/person\/9f859689cdf01485597712386e37f5aa"},"headline":"Turkcell S\u00fcper Kupa&#039;da ilk finalist Galatasaray","datePublished":"2026-01-05T19:52:41+00:00","mainEntityOfPage":{"@id":"https:\/\/kuzeyinsesi.org\/index.php\/2026\/01\/05\/turkcell-super-kupada-ilk-finalist-galatasaray\/"},"wordCount":148,"commentCount":0,"image":{"@id":"https:\/\/kuzeyinsesi.org\/index.php\/2026\/01\/05\/turkcell-super-kupada-ilk-finalist-galatasaray\/#primaryimage"},"thumbnailUrl":"https:\/\/kuzeyinsesi.org\/wp-content\/uploads\/2026\/01\/galatasaray-trabzonspor-aa-2429243.jpg","articleSection":["Spor"],"inLanguage":"tr","potentialAction":[{"@type":"CommentAction","name":"Comment","target":["https:\/\/kuzeyinsesi.org\/index.php\/2026\/01\/05\/turkcell-super-kupada-ilk-finalist-galatasaray\/#respond"]}]},{"@type":"WebPage","@id":"https:\/\/kuzeyinsesi.org\/index.php\/2026\/01\/05\/turkcell-super-kupada-ilk-finalist-galatasaray\/","url":"https:\/\/kuzeyinsesi.org\/index.php\/2026\/01\/05\/turkcell-super-kupada-ilk-finalist-galatasaray\/","name":"Turkcell S\u00fcper Kupa&#039;da ilk finalist Galatasaray - Kuzeyin Sesi","isPartOf":{"@id":"https:\/\/kuzeyinsesi.org\/#website"},"primaryImageOfPage":{"@id":"https:\/\/kuzeyinsesi.org\/index.php\/2026\/01\/05\/turkcell-super-kupada-ilk-finalist-galatasaray\/#primaryimage"},"image":{"@id":"https:\/\/kuzeyinsesi.org\/index.php\/2026\/01\/05\/turkcell-super-kupada-ilk-finalist-galatasaray\/#primaryimage"},"thumbnailUrl":"https:\/\/kuzeyinsesi.org\/wp-content\/uploads\/2026\/01\/galatasaray-trabzonspor-aa-2429243.jpg","datePublished":"2026-01-05T19:52:41+00:00","author":{"@id":"https:\/\/kuzeyinsesi.org\/#\/schema\/person\/9f859689cdf01485597712386e37f5aa"},"breadcrumb":{"@id":"https:\/\/kuzeyinsesi.org\/index.php\/2026\/01\/05\/turkcell-super-kupada-ilk-finalist-galatasaray\/#breadcrumb"},"inLanguage":"tr","potentialAction":[{"@type":"ReadAction","target":["https:\/\/kuzeyinsesi.org\/index.php\/2026\/01\/05\/turkcell-super-kupada-ilk-finalist-galatasaray\/"]}]},{"@type":"ImageObject","inLanguage":"tr","@id":"https:\/\/kuzeyinsesi.org\/index.php\/2026\/01\/05\/turkcell-super-kupada-ilk-finalist-galatasaray\/#primaryimage","url":"https:\/\/kuzeyinsesi.org\/wp-content\/uploads\/2026\/01\/galatasaray-trabzonspor-aa-2429243.jpg","contentUrl":"https:\/\/kuzeyinsesi.org\/wp-content\/uploads\/2026\/01\/galatasaray-trabzonspor-aa-2429243.jpg","width":1280,"height":720},{"@type":"BreadcrumbList","@id":"https:\/\/kuzeyinsesi.org\/index.php\/2026\/01\/05\/turkcell-super-kupada-ilk-finalist-galatasaray\/#breadcrumb","itemListElement":[{"@type":"ListItem","position":1,"name":"Anasayfa","item":"https:\/\/kuzeyinsesi.org\/"},{"@type":"ListItem","position":2,"name":"Turkcell S\u00fcper Kupa&#039;da ilk finalist Galatasaray"}]},{"@type":"WebSite","@id":"https:\/\/kuzeyinsesi.org\/#website","url":"https:\/\/kuzeyinsesi.org\/","name":"Kuzeyin Sesi","description":"Do\u011fru Haberin Adresi","potentialAction":[{"@type":"SearchAction","target":{"@type":"EntryPoint","urlTemplate":"https:\/\/kuzeyinsesi.org\/?s={search_term_string}"},"query-input":{"@type":"PropertyValueSpecification","valueRequired":true,"valueName":"search_term_string"}}],"inLanguage":"tr"},{"@type":"Person","@id":"https:\/\/kuzeyinsesi.org\/#\/schema\/person\/9f859689cdf01485597712386e37f5aa","name":"Kuzeyin Sesi","image":{"@type":"ImageObject","inLanguage":"tr","@id":"https:\/\/secure.gravatar.com\/avatar\/bab33852abfd8b282518d6ed81826833d77c3c882d9ab608add591ccace47a44?s=96&d=mm&r=g","url":"https:\/\/secure.gravatar.com\/avatar\/bab33852abfd8b282518d6ed81826833d77c3c882d9ab608add591ccace47a44?s=96&d=mm&r=g","contentUrl":"https:\/\/secure.gravatar.com\/avatar\/bab33852abfd8b282518d6ed81826833d77c3c882d9ab608add591ccace47a44?s=96&d=mm&r=g","caption":"Kuzeyin Sesi"},"sameAs":["https:\/\/kuzeyinsesi.org"],"url":"https:\/\/kuzeyinsesi.org\/index.php\/author\/guven\/"}]}},"_links":{"self":[{"href":"https:\/\/kuzeyinsesi.org\/index.php\/wp-json\/wp\/v2\/posts\/35312","targetHints":{"allow":["GET"]}}],"collection":[{"href":"https:\/\/kuzeyinsesi.org\/index.php\/wp-json\/wp\/v2\/posts"}],"about":[{"href":"https:\/\/kuzeyinsesi.org\/index.php\/wp-json\/wp\/v2\/types\/post"}],"author":[{"embeddable":true,"href":"https:\/\/kuzeyinsesi.org\/index.php\/wp-json\/wp\/v2\/users\/1"}],"replies":[{"embeddable":true,"href":"https:\/\/kuzeyinsesi.org\/index.php\/wp-json\/wp\/v2\/comments?post=35312"}],"version-history":[{"count":0,"href":"https:\/\/kuzeyinsesi.org\/index.php\/wp-json\/wp\/v2\/posts\/35312\/revisions"}],"wp:featuredmedia":[{"embeddable":true,"href":"https:\/\/kuzeyinsesi.org\/index.php\/wp-json\/wp\/v2\/media\/35313"}],"wp:attachment":[{"href":"https:\/\/kuzeyinsesi.org\/index.php\/wp-json\/wp\/v2\/media?parent=35312"}],"wp:term":[{"taxonomy":"category","embeddable":true,"href":"https:\/\/kuzeyinsesi.org\/index.php\/wp-json\/wp\/v2\/categories?post=35312"},{"taxonomy":"post_tag","embeddable":true,"href":"https:\/\/kuzeyinsesi.org\/index.php\/wp-json\/wp\/v2\/tags?post=35312"}],"curies":[{"name":"wp","href":"https:\/\/api.w.org\/{rel}","templated":true}]}}