{"id":35281,"date":"2025-12-30T14:51:34","date_gmt":"2025-12-30T12:51:34","guid":{"rendered":"https:\/\/kuzeyinsesi.org\/index.php\/2025\/12\/30\/milli-sporcular-bu-yilki-basarilariyla-turkiyenin-gururu-oldu\/"},"modified":"2025-12-30T14:51:34","modified_gmt":"2025-12-30T12:51:34","slug":"milli-sporcular-bu-yilki-basarilariyla-turkiyenin-gururu-oldu","status":"publish","type":"post","link":"https:\/\/kuzeyinsesi.org\/index.php\/2025\/12\/30\/milli-sporcular-bu-yilki-basarilariyla-turkiyenin-gururu-oldu\/","title":{"rendered":"Milli sporcular bu y\u0131lki ba\u015far\u0131lar\u0131yla T\u00fcrkiye&#039;nin gururu oldu"},"content":{"rendered":"<p><\/p>\n<div>\n<p>&#13;<br \/>\n\tAy-y\u0131ld\u0131zl\u0131 sporcular, Avrupa ve d\u00fcnya \u015fampiyonalar\u0131nda hem tak\u0131m hem de bireysel bran\u015flarda elde ettikleri ba\u015far\u0131larla T\u00fcrkiye&#8217;nin gururu oldu.<\/p>\n<p>&#13;<br \/>\n\tA Milli Erkek <a href=\"https:\/\/www.trthaber.com\/etiket\/basketbol\/\" target=\"_blank\">Basketbol<\/a> Tak\u0131m\u0131 2025 Avrupa \u015eampiyonas\u0131&#8217;nda (EuroBasket 2025), <a href=\"https:\/\/www.trthaber.com\/etiket\/a-milli-kadin-voleybol-takimi\/\" target=\"_blank\">A Milli Kad\u0131n Voleybol Tak\u0131m\u0131<\/a> da D\u00fcnya \u015eampiyonas\u0131&#8217;nda <a href=\"https:\/\/www.trthaber.com\/etiket\/gumus\/\" target=\"_blank\">g\u00fcm\u00fc\u015f<\/a> madalya kazand\u0131.<\/p>\n<p>&#13;<br \/>\n\tLetonya&#8217;n\u0131n ba\u015fkenti Riga&#8217;da d\u00fczenlenen EuroBasket 2025&#8217;te A Grubu&#8217;nda 5&#8217;te 5 yapan A Milli Erkek Basketbol Tak\u0131m\u0131, son 16 turunda \u0130sve\u00e7&#8217;i, \u00e7eyrek finalde Polonya&#8217;y\u0131, yar\u0131 finalde de Yunanistan&#8217;\u0131 94-68 gibi farkl\u0131 skorla ma\u011flup ederek ad\u0131n\u0131 finale yazd\u0131rd\u0131.<\/p>\n<p>&#13;<br \/>\n\tUzun s\u00fcre \u00f6nde g\u00f6t\u00fcrd\u00fc\u011f\u00fc final ma\u00e7\u0131nda skor \u00fcst\u00fcnl\u00fc\u011f\u00fcn\u00fc son b\u00f6l\u00fcmde kaybederek Almanya&#8217;ya 88-83 yenilen milliler, \u015fampiyonay\u0131 ikinci tamamlad\u0131. A Milli Tak\u0131m, b\u00f6ylece EuroBasket&#8217;te 2001&#8217;in ard\u0131ndan 2025&#8217;te de g\u00fcm\u00fc\u015f madalya ald\u0131.<\/p>\n<p>&#13;<br \/>\n\tA Milli Kad\u0131n Voleybol Tak\u0131m\u0131, Tayland&#8217;da d\u00fczenlenen D\u00fcnya \u015eampiyonas\u0131&#8217;nda ikinci olarak tarihinin en iyi sonucunu elde etti.<\/p>\n<p>&#13;<br \/>\n\tE Grubu&#8217;nu 3&#8217;te 3 yaparak nama\u011flup lider bitiren ay-y\u0131ld\u0131zl\u0131lar, son 16 turunda Slovenya, \u00e7eyrek finalde <a href=\"https:\/\/www.trthaber.com\/etiket\/abd\/\" target=\"_blank\">ABD<\/a> ve yar\u0131 finalde Japonya&#8217;y\u0131 ge\u00e7erek finale y\u00fckseldi.<\/p>\n<p>&#13;<br \/>\n\tOrganizasyon tarihinde ilk kez madalya ma\u00e7\u0131na \u00e7\u0131kan A Milli Tak\u0131m, karar setine giden final ma\u00e7\u0131nda \u0130talya&#8217;ya 3-2 yenilerek d\u00fcnya ikincisi oldu. A Milli Kad\u0131n Voleybol Tak\u0131m\u0131, d\u00fcnya \u015fampiyonlu\u011funu k\u0131l pay\u0131 ka\u00e7\u0131rsa da tarihinde ilk kez g\u00fcm\u00fc\u015f madalya alarak \u00f6nemli bir ba\u015far\u0131ya imza att\u0131.<\/p>\n<p>&#13;<br \/>\n\t<a href=\"https:\/\/www.trthaber.com\/etiket\/a-milli-erkek-voleybol-takimi\/\" target=\"_blank\">A Milli Erkek Voleybol Tak\u0131m\u0131<\/a> ise Filipinler&#8217;deki D\u00fcnya \u015eampiyonas\u0131&#8217;nda 6. olarak ba\u015far\u0131 \u00e7\u0131tas\u0131n\u0131 y\u00fckseltti. Grup m\u00fcsabakalar\u0131nda sadece bir set veren milliler, son 16 turunda <a href=\"https:\/\/www.trthaber.com\/etiket\/hollanda\/\" target=\"_blank\">Hollanda<\/a> engelini ge\u00e7erek tarihinde ilk kez D\u00fcnya \u015eampiyonas\u0131&#8217;nda \u00e7eyrek finalde m\u00fccadele etti.<\/p>\n<p>&#13;<br \/>\n\t&#8220;D\u00fcnya 1 numaras\u0131&#8221; Polonya&#8217;ya \u00e7eyrek finalde yenilen &#8220;Filenin Efeleri&#8221;, organizasyonu 6. bitirerek D\u00fcnya \u015eampiyonas\u0131 tarihindeki en iyi derecesine ula\u015ft\u0131.<\/p>\n<h2>&#13;<br \/>\n\tToprak Razgatl\u0131o\u011flu, Superbike&#8217;ta \u00fc\u00e7\u00fcnc\u00fc kez d\u00fcnya \u015fampiyonu<\/h2>\n<p>&#13;<br \/>\n\tMilli motosiklet\u00e7i Toprak Razgatl\u0131o\u011flu, 2025 D\u00fcnya Superbike \u015eampiyonas\u0131&#8217;nda pilotlar klasman\u0131nda zirvede yer alarak \u015fampiyonlu\u011fa ula\u015ft\u0131.<\/p>\n<p>&#13;<br \/>\n\tRazgatl\u0131o\u011flu, Superbike&#8217;ta \u00fcst \u00fcste ikinci, toplamda ise \u00fc\u00e7\u00fcnc\u00fc kez d\u00fcnya \u015fampiyonu olma ba\u015far\u0131s\u0131 g\u00f6sterdi.<\/p>\n<p>&#13;<br \/>\n\tToprak Razgatl\u0131o\u011flu, 2026&#8217;da motor sporlar\u0131n\u0131n en \u00fcst seviyesi olan MotoGP&#8217;de yar\u0131\u015facak.<\/p>\n<h2>&#13;<br \/>\n\t\u015eevval \u0130layda&#8217;dan &#8220;5&#8217;i 1 yerde&#8221;<\/h2>\n<p>&#13;<br \/>\n\tH\u0131rvatistan&#8217;da d\u00fczenlenen Avrupa Haval\u0131 Silahlar \u015eampiyonas\u0131&#8217;nda 4 alt\u0131n, 2 g\u00fcm\u00fc\u015f ve 2 bronz olmak \u00fczere 8 madalya kazanan milli at\u0131c\u0131lar, genel klasmanda birincili\u011fi elde etti.<\/p>\n<p>&#13;<br \/>\n\tOsijek kentindeki organizasyonda 3 <a href=\"https:\/\/www.trthaber.com\/etiket\/altin\/\" target=\"_blank\">alt\u0131n<\/a> ve 2 bronz madalya alarak t\u00fcm kategorilerde k\u00fcrs\u00fcye \u00e7\u0131kan \u015eevval \u0130layda Tarhan, \u015fampiyonan\u0131n &#8220;y\u0131ld\u0131z\u0131&#8221; oldu. \u015eevval \u0130layda, ayn\u0131 Avrupa \u015eampiyonas\u0131&#8217;nda 5 madalya kazanan ilk T\u00fcrk kad\u0131n sporcu \u00fcnvan\u0131n\u0131 ald\u0131.<\/p>\n<h2>&#13;<br \/>\n\tTekvandoda tarihin en iyi sonucu<\/h2>\n<p>&#13;<br \/>\n\t\u00c7in&#8217;in Wuxi kentinde d\u00fczenlenen D\u00fcnya <a href=\"https:\/\/www.trthaber.com\/etiket\/tekvando\/\" target=\"_blank\">Tekvando<\/a> \u015eampiyonas\u0131&#8217;nda 3 alt\u0131n, 2 g\u00fcm\u00fc\u015f ve 1 bronz olmak \u00fczere 6 madalya kazanan T\u00fcrkiye, organizasyon tarihinin en iyi sonucuna imza att\u0131.<\/p>\n<p>&#13;<br \/>\n\tMadalya s\u0131ralamas\u0131nda G\u00fcney Kore&#8217;nin \u00f6n\u00fcnde zirvede yer alan T\u00fcrkiye, kad\u0131nlarda tak\u0131m halinde d\u00fcnya \u015fampiyonlu\u011funa ula\u015ft\u0131. \u015eampiyonada kad\u0131nlar 46 kiloda Emine G\u00f6\u011febakan, 53 kiloda Merve Din\u00e7el Kavurat ve +73 kiloda Nafia Ku\u015f <a href=\"https:\/\/www.trthaber.com\/etiket\/aydin\/\" target=\"_blank\">Ayd\u0131n<\/a> alt\u0131n madalyaya uzand\u0131. Merve ve Nafia, kariyerlerinde ikinci kez d\u00fcnya \u015fampiyonlu\u011fu sevinci ya\u015fad\u0131.<\/p>\n<h2>&#13;<br \/>\n\tMuhammed Furkan \u00d6zbek, rekorla d\u00fcnya \u015fampiyonu<\/h2>\n<p>&#13;<br \/>\n\tMilli halterci Muhammed Furkan \u00d6zbek, Norve\u00e7&#8217;in Forde kentindeki D\u00fcnya <a href=\"https:\/\/www.trthaber.com\/etiket\/halter\/\" target=\"_blank\">Halter<\/a> \u015eampiyonas\u0131&#8217;nda toplamda elde etti\u011fi 324 kilo ile rekor k\u0131rarak d\u00fcnya \u015fampiyonu oldu ve \u0130stiklal Mar\u015f\u0131&#8217;n\u0131 dinletti.<\/p>\n<p>&#13;<br \/>\n\tErkekler 65 kiloda yar\u0131\u015fan milli halterci, koparmada (145 kilo) ve toplamda (324 kilo) alt\u0131n, silkmede ise (179 kilo) g\u00fcm\u00fc\u015f madalya kazand\u0131. Milli tak\u0131m, \u015fampiyonay\u0131 2 alt\u0131n, 1 g\u00fcm\u00fc\u015f ve 2 bronz madalyayla tamamlad\u0131.<\/p>\n<h2>&#13;<br \/>\n\tMilli ok\u00e7u Emircan Haney, <a href=\"https:\/\/www.trthaber.com\/etiket\/dunya-kupasi\/\" target=\"_blank\">D\u00fcnya Kupas\u0131<\/a> Finalleri&#8217;nde alt\u0131n madalya kazand\u0131<\/h2>\n<p>&#13;<br \/>\n\tMilli ok\u00e7u Emircan Haney, \u00c7in&#8217;de d\u00fczenlenen 2025 Hyundai D\u00fcnya Kupas\u0131&#8217;n\u0131n final aya\u011f\u0131nda alt\u0131n madalya elde ederek dikkatleri \u00e7ekti.<\/p>\n<p>&#13;<br \/>\n\tErkekler makaral\u0131 yayda m\u00fccadele eden Emircan, Nanjing kentindeki organizasyonda \u00e7eyrek finalde Frans\u0131z Nicolas Girard&#8217;\u0131, yar\u0131 finalde Hollandal\u0131 Mike Schloesser&#8217;\u0131, finalde de Danimarkal\u0131 Mathias Fullerton&#8217;u yenerek alt\u0131n madalyan\u0131n sahibi oldu.<\/p>\n<p>&#13;<br \/>\n\tEmircan Haney, b\u00f6ylece D\u00fcnya Kupas\u0131&#8217;nda kariyerinin ilk alt\u0131n madalyas\u0131na final etab\u0131nda ula\u015ft\u0131.<\/p>\n<h2>&#13;<br \/>\n\tPara y\u00fcz\u00fcc\u00fc Defne Kurt, D\u00fcnya \u015eampiyonas\u0131&#8217;na damga vurdu<\/h2>\n<p>&#13;<br \/>\n\tMilli sporcu Defne Kurt, Singapur&#8217;daki D\u00fcnya Para Y\u00fczme \u015eampiyonas\u0131&#8217;n\u0131 5 alt\u0131n madalyayla tamamlayarak tarihi bir ba\u015far\u0131ya imza att\u0131.<\/p>\n<p>&#13;<br \/>\n\tParalimpik y\u00fcz\u00fcc\u00fc, 50 metre ve 100 metre serbest stil, 100 metre kelebek, 200 metre bireysel kar\u0131\u015f\u0131k ile 100 metre s\u0131rt\u00fcst\u00fc kategorilerinde d\u00fcnya \u015fampiyonlu\u011funa ula\u015ft\u0131.<\/p>\n<p>&#13;<br \/>\n\t\u015eampiyona ve Avrupa rekorlar\u0131 da k\u0131ran Defne, 7 g\u00fcnde kazand\u0131\u011f\u0131 5 alt\u0131n madalyayla T\u00fcrk spor tarihinde bir ilke imza att\u0131.<\/p>\n<p>&#13;<br \/>\n\tT\u00fcrkiye, D\u00fcnya Para Y\u00fczme \u015eampiyonas\u0131&#8217;n\u0131 ise 5 alt\u0131n, 1 g\u00fcm\u00fc\u015f ve 4 bronz olmak \u00fczere 10 madalyayla noktalad\u0131.<\/p>\n<h2>&#13;<br \/>\n\tZeynep S\u00f6nmez, Wimbledon&#8217;daki performans\u0131yla tarihe ge\u00e7ti<\/h2>\n<p>&#13;<br \/>\n\tWimbledon <a href=\"https:\/\/www.trthaber.com\/etiket\/tenis\/\" target=\"_blank\">Tenis<\/a> Turnuvas\u0131&#8217;nda d\u00fcnya klasman\u0131n\u0131n 32 numaras\u0131 \u00c7inli Xinyu Wang&#8217;\u0131 2-0 yenerek 3. tura y\u00fckselen milli sporcu Zeynep S\u00f6nmez, T\u00fcrk spor tarihe ge\u00e7ti.<\/p>\n<p>&#13;<br \/>\n\t23 ya\u015f\u0131ndaki Zeynep, Wimbledon&#8217;daki performans\u0131yla a\u00e7\u0131k d\u00f6nemdeki bir grand slam turnuvas\u0131nda teklerde 3. tura y\u00fckselen ilk T\u00fcrk tenis\u00e7i oldu.<\/p>\n<p>&#13;<br \/>\n\tBir sezonda 4 b\u00fcy\u00fck turnuvada da ana tabloda yer alan ilk T\u00fcrk kad\u0131n tenis\u00e7i \u00fcnvan\u0131n\u0131 alan Zeynep, d\u00fcnya s\u0131ralamas\u0131nda da kariyerinin en iyi derecesi olan 69&#8217;unculu\u011fa kadar y\u00fckseldi.<\/p>\n<h2>&#13;<br \/>\n\tMilli g\u00fcre\u015f\u00e7i Nesrin Ba\u015f&#8217;tan tarihi ba\u015far\u0131<\/h2>\n<p>&#13;<br \/>\n\tMilli g\u00fcre\u015f\u00e7i Nesrin Ba\u015f, S\u0131rbistan&#8217;da d\u00fczenlenen D\u00fcnya 23 Ya\u015f Alt\u0131 \u015eampiyonas\u0131&#8217;nda alt\u0131n madalya kazanarak, organizasyon tarihinde \u00fc\u00e7\u00fcnc\u00fc kez \u015fampiyon olma ba\u015far\u0131s\u0131 g\u00f6sterdi.<\/p>\n<p>&#13;<br \/>\n\tD\u00fcnya 23 Ya\u015f Alt\u0131 \u015eampiyonas\u0131&#8217;nda \u00fcst \u00fcste 4. kez finale \u00e7\u0131kan Nesrin Ba\u015f, bu s\u00fcre\u00e7te 3 alt\u0131n ve 1 g\u00fcm\u00fc\u015f madalya kazanarak d\u00fcnya g\u00fcre\u015finde bir ilke imza att\u0131.<\/p>\n<p>&#13;<br \/>\n\tNesrin Ba\u015f ayr\u0131ca H\u0131rvatistan&#8217;da d\u00fczenlenen 2025 D\u00fcnya <a href=\"https:\/\/www.trthaber.com\/etiket\/gures\/\" target=\"_blank\">G\u00fcre\u015f<\/a> \u015eampiyonas\u0131&#8217;nda kad\u0131nlar 72 kiloda ikincilik k\u00fcrs\u00fcs\u00fcnde yer ald\u0131. 23 ya\u015f\u0131ndaki g\u00fcre\u015f\u00e7i, b\u00f6ylece d\u00fcnya \u015fampiyonalar\u0131nda b\u00fcy\u00fcklerde ilk madalyas\u0131n\u0131 boynuna takt\u0131.<\/p>\n<h2>&#13;<br \/>\n\t\u00d6znur C\u00fcre Girdi&#8217;den &#8220;\u00fc\u00e7leme&#8221;<\/h2>\n<p>&#13;<br \/>\n\tG\u00fcney Kore&#8217;de d\u00fczenlenen D\u00fcnya Para <a href=\"https:\/\/www.trthaber.com\/etiket\/okculuk\/\" target=\"_blank\">Ok\u00e7uluk<\/a> \u015eampiyonas\u0131&#8217;nda m\u00fccadele eden milli tak\u0131m, organizasyonu 1 alt\u0131n ve 3 g\u00fcm\u00fc\u015f olmak \u00fczere 4 madalyayla noktalad\u0131.<\/p>\n<p>&#13;<br \/>\n\tParis 2024 Paralimpik Oyunlar\u0131 \u015fampiyonu \u00d6znur C\u00fcre Girdi, yar\u0131\u015ft\u0131\u011f\u0131 \u00fc\u00e7 kategoride de madalya kazanma ba\u015far\u0131s\u0131 g\u00f6sterdi.<\/p>\n<p>&#13;<br \/>\n\tKad\u0131nlar makaral\u0131 yay bireyselde g\u00fcm\u00fc\u015f madalyan\u0131n sahibi olan \u00d6znur, kad\u0131nlar makaral\u0131 yay tak\u0131mlarda B\u00fc\u015fra Fatma \u00dcn ile alt\u0131n, makaral\u0131 yay kar\u0131\u015f\u0131k tak\u0131m kategorisinde ise Kenan Babao\u011flu ile g\u00fcm\u00fc\u015f madalya kazand\u0131.<\/p>\n<h2>&#13;<br \/>\n\tGollbolde \u00e7ifte zafer<\/h2>\n<p>&#13;<br \/>\n\tFinlandiya&#8217;da d\u00fczenlenen 2025 IBSA Avrupa \u015eampiyonas\u0131&#8217;nda T\u00fcrkiye, erkekler ve kad\u0131nlarda \u015fampiyonluk sevinci ya\u015fad\u0131.<\/p>\n<p>&#13;<br \/>\n\tFinalde Kad\u0131n Golbol Milli Tak\u0131m\u0131 \u0130srail&#8217;i, Erkek Golbol Milli Tak\u0131m\u0131 da Ukrayna&#8217;y\u0131 yenerek \u015fampiyonluk kupas\u0131n\u0131 kazand\u0131.<\/p>\n<p>&#13;<br \/>\n\tT\u00fcrkiye b\u00f6ylece IBSA Avrupa \u015eampiyonas\u0131&#8217;ndan 10 y\u0131l sonra \u00e7ifte zaferle ayr\u0131ld\u0131.<\/p>\n<h2>&#13;<br \/>\n\tAysel \u00d6nder ve Muhammet Khalvandi&#8217;den d\u00fcnya rekoru<\/h2>\n<p>&#13;<br \/>\n\tHindistan&#8217;da ger\u00e7ekle\u015ftirilen D\u00fcnya Para <a href=\"https:\/\/www.trthaber.com\/etiket\/atletizm\/\" target=\"_blank\">Atletizm<\/a> \u015eampiyonas\u0131&#8217;nda <a href=\"https:\/\/www.trthaber.com\/etiket\/milli-sporcular\/\" target=\"_blank\">milli sporcular<\/a> Aysel \u00d6nder ve Muhammet Khalvandi, d\u00fcnya rekoru k\u0131rarak alt\u0131n madalya ald\u0131.<\/p>\n<p>&#13;<br \/>\n\tKad\u0131nlar 400 metre T20 finalinde yar\u0131\u015fan \u00f6zel sporcu Aysel \u00d6nder, 54.51&#8217;lik derecesiyle d\u00fcnya rekoru k\u0131rarak madalya k\u00fcrs\u00fcs\u00fcn\u00fcn zirvesine \u00e7\u0131kt\u0131.<\/p>\n<p>&#13;<br \/>\n\tBa\u015fkent Yeni Delhi&#8217;deki organizasyonda TF57 cirit atma kategorisinde m\u00fccadele eden Muhammet de 53,30 metrelik derecesiyle d\u00fcnya rekoru k\u0131rd\u0131 ve alt\u0131n madalyay\u0131 boynuna takt\u0131.<\/p>\n<h2>&#13;<br \/>\n\tT\u00fcrkiye, \u0130slami Dayan\u0131\u015fma Oyunlar\u0131&#8217;n\u0131 155 madalya ile zirvede kapatt\u0131<\/h2>\n<p>&#13;<br \/>\n\tT\u00fcrkiye, Suudi Arabistan&#8217;\u0131n ba\u015fkenti Riyad&#8217;da yap\u0131lan 6. \u0130slami Dayan\u0131\u015fma Oyunlar\u0131&#8217;nda madalya s\u0131ralamas\u0131n\u0131 a\u00e7\u0131k ara birinci tamamlad\u0131.<\/p>\n<p>&#13;<br \/>\n\tOrganizasyonda 72 alt\u0131n, 44 g\u00fcm\u00fc\u015f, 39 bronz olmak \u00fczere toplam 155 madalya kazanan T\u00fcrkiye, oyunlar\u0131 \u00fcst \u00fcste ikinci kez zirvede bitirdi.<\/p>\n<p>&#13;<br \/>\n\tMadalya s\u0131ralamas\u0131nda T\u00fcrkiye&#8217;yi 29 alt\u0131n, 35 g\u00fcm\u00fc\u015f ve 32 bronz olmak \u00fczere 96 madalyayla <a href=\"https:\/\/www.trthaber.com\/etiket\/ozbekistan\/\" target=\"_blank\">\u00d6zbekistan<\/a> takip etti.<\/p>\n<\/p><\/div>\n","protected":false},"excerpt":{"rendered":"<p>&#13; Ay-y\u0131ld\u0131zl\u0131 sporcular, Avrupa ve d\u00fcnya \u015fampiyonalar\u0131nda hem tak\u0131m hem de bireysel bran\u015flarda elde ettikleri ba\u015far\u0131larla T\u00fcrkiye&#8217;nin gururu oldu. &#13; A Milli Erkek Basketbol Tak\u0131m\u0131 2025 Avrupa \u015eampiyonas\u0131&#8217;nda (EuroBasket 2025), A Milli Kad\u0131n Voleybol Tak\u0131m\u0131 da D\u00fcnya \u015eampiyonas\u0131&#8217;nda g\u00fcm\u00fc\u015f madalya kazand\u0131. &#13; Letonya&#8217;n\u0131n ba\u015fkenti Riga&#8217;da d\u00fczenlenen EuroBasket 2025&#8217;te A Grubu&#8217;nda 5&#8217;te 5 yapan A Milli [&hellip;]<\/p>\n","protected":false},"author":1,"featured_media":31151,"comment_status":"open","ping_status":"open","sticky":false,"template":"","format":"standard","meta":{"jnews-multi-image_gallery":[],"jnews_single_post":[],"jnews_primary_category":[],"jnews_social_meta":[],"jnews_override_counter":[],"footnotes":""},"categories":[4],"tags":[],"class_list":["post-35281","post","type-post","status-publish","format-standard","has-post-thumbnail","hentry","category-spor"],"yoast_head":"<!-- This site is optimized with the Yoast SEO plugin v27.5 - https:\/\/yoast.com\/product\/yoast-seo-wordpress\/ -->\n<title>Milli sporcular bu y\u0131lki ba\u015far\u0131lar\u0131yla T\u00fcrkiye&#039;nin gururu oldu - Kuzeyin Sesi<\/title>\n<meta name=\"robots\" content=\"index, follow, max-snippet:-1, max-image-preview:large, max-video-preview:-1\" \/>\n<link rel=\"canonical\" href=\"https:\/\/kuzeyinsesi.org\/index.php\/2025\/12\/30\/milli-sporcular-bu-yilki-basarilariyla-turkiyenin-gururu-oldu\/\" \/>\n<meta property=\"og:locale\" content=\"tr_TR\" \/>\n<meta property=\"og:type\" content=\"article\" \/>\n<meta property=\"og:title\" content=\"Milli sporcular bu y\u0131lki ba\u015far\u0131lar\u0131yla T\u00fcrkiye&#039;nin gururu oldu - Kuzeyin Sesi\" \/>\n<meta property=\"og:description\" content=\"&#013; Ay-y\u0131ld\u0131zl\u0131 sporcular, Avrupa ve d\u00fcnya \u015fampiyonalar\u0131nda hem tak\u0131m hem de bireysel bran\u015flarda elde ettikleri ba\u015far\u0131larla T\u00fcrkiye&#8217;nin gururu oldu. &#013; A Milli Erkek Basketbol Tak\u0131m\u0131 2025 Avrupa \u015eampiyonas\u0131&#8217;nda (EuroBasket 2025), A Milli Kad\u0131n Voleybol Tak\u0131m\u0131 da D\u00fcnya \u015eampiyonas\u0131&#8217;nda g\u00fcm\u00fc\u015f madalya kazand\u0131. &#013; Letonya&#8217;n\u0131n ba\u015fkenti Riga&#8217;da d\u00fczenlenen EuroBasket 2025&#8217;te A Grubu&#8217;nda 5&#8217;te 5 yapan A Milli [&hellip;]\" \/>\n<meta property=\"og:url\" content=\"https:\/\/kuzeyinsesi.org\/index.php\/2025\/12\/30\/milli-sporcular-bu-yilki-basarilariyla-turkiyenin-gururu-oldu\/\" \/>\n<meta property=\"og:site_name\" content=\"Kuzeyin Sesi\" \/>\n<meta property=\"article:publisher\" content=\"https:\/\/www.facebook.com\/kuzeyinsesii\" \/>\n<meta property=\"article:published_time\" content=\"2025-12-30T12:51:34+00:00\" \/>\n<meta property=\"og:image\" content=\"https:\/\/trthaberstatic.cdn.wp.trt.com.tr\/resimler\/2394000\/a-milli-basketbol-2394293.jpg\" \/>\n<meta name=\"author\" content=\"Kuzeyin Sesi\" \/>\n<meta name=\"twitter:card\" content=\"summary_large_image\" \/>\n<meta name=\"twitter:creator\" content=\"@kuzeyinsesii\" \/>\n<meta name=\"twitter:site\" content=\"@kuzeyinsesii\" \/>\n<meta name=\"twitter:label1\" content=\"Yazan:\" \/>\n\t<meta name=\"twitter:data1\" content=\"Kuzeyin Sesi\" \/>\n\t<meta name=\"twitter:label2\" content=\"Tahmini okuma s\u00fcresi\" \/>\n\t<meta name=\"twitter:data2\" content=\"7 dakika\" \/>\n<script type=\"application\/ld+json\" class=\"yoast-schema-graph\">{\"@context\":\"https:\\\/\\\/schema.org\",\"@graph\":[{\"@type\":\"Article\",\"@id\":\"https:\\\/\\\/kuzeyinsesi.org\\\/index.php\\\/2025\\\/12\\\/30\\\/milli-sporcular-bu-yilki-basarilariyla-turkiyenin-gururu-oldu\\\/#article\",\"isPartOf\":{\"@id\":\"https:\\\/\\\/kuzeyinsesi.org\\\/index.php\\\/2025\\\/12\\\/30\\\/milli-sporcular-bu-yilki-basarilariyla-turkiyenin-gururu-oldu\\\/\"},\"author\":{\"name\":\"Kuzeyin Sesi\",\"@id\":\"https:\\\/\\\/kuzeyinsesi.org\\\/#\\\/schema\\\/person\\\/9f859689cdf01485597712386e37f5aa\"},\"headline\":\"Milli sporcular bu y\u0131lki ba\u015far\u0131lar\u0131yla T\u00fcrkiye&#039;nin gururu oldu\",\"datePublished\":\"2025-12-30T12:51:34+00:00\",\"mainEntityOfPage\":{\"@id\":\"https:\\\/\\\/kuzeyinsesi.org\\\/index.php\\\/2025\\\/12\\\/30\\\/milli-sporcular-bu-yilki-basarilariyla-turkiyenin-gururu-oldu\\\/\"},\"wordCount\":1387,\"commentCount\":0,\"image\":{\"@id\":\"https:\\\/\\\/kuzeyinsesi.org\\\/index.php\\\/2025\\\/12\\\/30\\\/milli-sporcular-bu-yilki-basarilariyla-turkiyenin-gururu-oldu\\\/#primaryimage\"},\"thumbnailUrl\":\"https:\\\/\\\/kuzeyinsesi.org\\\/wp-content\\\/uploads\\\/2025\\\/09\\\/a-milli-basketbol-2394293.jpg\",\"articleSection\":[\"Spor\"],\"inLanguage\":\"tr\",\"potentialAction\":[{\"@type\":\"CommentAction\",\"name\":\"Comment\",\"target\":[\"https:\\\/\\\/kuzeyinsesi.org\\\/index.php\\\/2025\\\/12\\\/30\\\/milli-sporcular-bu-yilki-basarilariyla-turkiyenin-gururu-oldu\\\/#respond\"]}]},{\"@type\":\"WebPage\",\"@id\":\"https:\\\/\\\/kuzeyinsesi.org\\\/index.php\\\/2025\\\/12\\\/30\\\/milli-sporcular-bu-yilki-basarilariyla-turkiyenin-gururu-oldu\\\/\",\"url\":\"https:\\\/\\\/kuzeyinsesi.org\\\/index.php\\\/2025\\\/12\\\/30\\\/milli-sporcular-bu-yilki-basarilariyla-turkiyenin-gururu-oldu\\\/\",\"name\":\"Milli sporcular bu y\u0131lki ba\u015far\u0131lar\u0131yla T\u00fcrkiye&#039;nin gururu oldu - Kuzeyin Sesi\",\"isPartOf\":{\"@id\":\"https:\\\/\\\/kuzeyinsesi.org\\\/#website\"},\"primaryImageOfPage\":{\"@id\":\"https:\\\/\\\/kuzeyinsesi.org\\\/index.php\\\/2025\\\/12\\\/30\\\/milli-sporcular-bu-yilki-basarilariyla-turkiyenin-gururu-oldu\\\/#primaryimage\"},\"image\":{\"@id\":\"https:\\\/\\\/kuzeyinsesi.org\\\/index.php\\\/2025\\\/12\\\/30\\\/milli-sporcular-bu-yilki-basarilariyla-turkiyenin-gururu-oldu\\\/#primaryimage\"},\"thumbnailUrl\":\"https:\\\/\\\/kuzeyinsesi.org\\\/wp-content\\\/uploads\\\/2025\\\/09\\\/a-milli-basketbol-2394293.jpg\",\"datePublished\":\"2025-12-30T12:51:34+00:00\",\"author\":{\"@id\":\"https:\\\/\\\/kuzeyinsesi.org\\\/#\\\/schema\\\/person\\\/9f859689cdf01485597712386e37f5aa\"},\"breadcrumb\":{\"@id\":\"https:\\\/\\\/kuzeyinsesi.org\\\/index.php\\\/2025\\\/12\\\/30\\\/milli-sporcular-bu-yilki-basarilariyla-turkiyenin-gururu-oldu\\\/#breadcrumb\"},\"inLanguage\":\"tr\",\"potentialAction\":[{\"@type\":\"ReadAction\",\"target\":[\"https:\\\/\\\/kuzeyinsesi.org\\\/index.php\\\/2025\\\/12\\\/30\\\/milli-sporcular-bu-yilki-basarilariyla-turkiyenin-gururu-oldu\\\/\"]}]},{\"@type\":\"ImageObject\",\"inLanguage\":\"tr\",\"@id\":\"https:\\\/\\\/kuzeyinsesi.org\\\/index.php\\\/2025\\\/12\\\/30\\\/milli-sporcular-bu-yilki-basarilariyla-turkiyenin-gururu-oldu\\\/#primaryimage\",\"url\":\"https:\\\/\\\/kuzeyinsesi.org\\\/wp-content\\\/uploads\\\/2025\\\/09\\\/a-milli-basketbol-2394293.jpg\",\"contentUrl\":\"https:\\\/\\\/kuzeyinsesi.org\\\/wp-content\\\/uploads\\\/2025\\\/09\\\/a-milli-basketbol-2394293.jpg\",\"width\":1280,\"height\":720},{\"@type\":\"BreadcrumbList\",\"@id\":\"https:\\\/\\\/kuzeyinsesi.org\\\/index.php\\\/2025\\\/12\\\/30\\\/milli-sporcular-bu-yilki-basarilariyla-turkiyenin-gururu-oldu\\\/#breadcrumb\",\"itemListElement\":[{\"@type\":\"ListItem\",\"position\":1,\"name\":\"Anasayfa\",\"item\":\"https:\\\/\\\/kuzeyinsesi.org\\\/\"},{\"@type\":\"ListItem\",\"position\":2,\"name\":\"Milli sporcular bu y\u0131lki ba\u015far\u0131lar\u0131yla T\u00fcrkiye&#039;nin gururu oldu\"}]},{\"@type\":\"WebSite\",\"@id\":\"https:\\\/\\\/kuzeyinsesi.org\\\/#website\",\"url\":\"https:\\\/\\\/kuzeyinsesi.org\\\/\",\"name\":\"Kuzeyin Sesi\",\"description\":\"Do\u011fru Haberin Adresi\",\"potentialAction\":[{\"@type\":\"SearchAction\",\"target\":{\"@type\":\"EntryPoint\",\"urlTemplate\":\"https:\\\/\\\/kuzeyinsesi.org\\\/?s={search_term_string}\"},\"query-input\":{\"@type\":\"PropertyValueSpecification\",\"valueRequired\":true,\"valueName\":\"search_term_string\"}}],\"inLanguage\":\"tr\"},{\"@type\":\"Person\",\"@id\":\"https:\\\/\\\/kuzeyinsesi.org\\\/#\\\/schema\\\/person\\\/9f859689cdf01485597712386e37f5aa\",\"name\":\"Kuzeyin Sesi\",\"image\":{\"@type\":\"ImageObject\",\"inLanguage\":\"tr\",\"@id\":\"https:\\\/\\\/secure.gravatar.com\\\/avatar\\\/bab33852abfd8b282518d6ed81826833d77c3c882d9ab608add591ccace47a44?s=96&d=mm&r=g\",\"url\":\"https:\\\/\\\/secure.gravatar.com\\\/avatar\\\/bab33852abfd8b282518d6ed81826833d77c3c882d9ab608add591ccace47a44?s=96&d=mm&r=g\",\"contentUrl\":\"https:\\\/\\\/secure.gravatar.com\\\/avatar\\\/bab33852abfd8b282518d6ed81826833d77c3c882d9ab608add591ccace47a44?s=96&d=mm&r=g\",\"caption\":\"Kuzeyin Sesi\"},\"sameAs\":[\"https:\\\/\\\/kuzeyinsesi.org\"],\"url\":\"https:\\\/\\\/kuzeyinsesi.org\\\/index.php\\\/author\\\/guven\\\/\"}]}<\/script>\n<!-- \/ Yoast SEO plugin. -->","yoast_head_json":{"title":"Milli sporcular bu y\u0131lki ba\u015far\u0131lar\u0131yla T\u00fcrkiye&#039;nin gururu oldu - Kuzeyin Sesi","robots":{"index":"index","follow":"follow","max-snippet":"max-snippet:-1","max-image-preview":"max-image-preview:large","max-video-preview":"max-video-preview:-1"},"canonical":"https:\/\/kuzeyinsesi.org\/index.php\/2025\/12\/30\/milli-sporcular-bu-yilki-basarilariyla-turkiyenin-gururu-oldu\/","og_locale":"tr_TR","og_type":"article","og_title":"Milli sporcular bu y\u0131lki ba\u015far\u0131lar\u0131yla T\u00fcrkiye&#039;nin gururu oldu - Kuzeyin Sesi","og_description":"&#13; Ay-y\u0131ld\u0131zl\u0131 sporcular, Avrupa ve d\u00fcnya \u015fampiyonalar\u0131nda hem tak\u0131m hem de bireysel bran\u015flarda elde ettikleri ba\u015far\u0131larla T\u00fcrkiye&#8217;nin gururu oldu. &#13; A Milli Erkek Basketbol Tak\u0131m\u0131 2025 Avrupa \u015eampiyonas\u0131&#8217;nda (EuroBasket 2025), A Milli Kad\u0131n Voleybol Tak\u0131m\u0131 da D\u00fcnya \u015eampiyonas\u0131&#8217;nda g\u00fcm\u00fc\u015f madalya kazand\u0131. &#13; Letonya&#8217;n\u0131n ba\u015fkenti Riga&#8217;da d\u00fczenlenen EuroBasket 2025&#8217;te A Grubu&#8217;nda 5&#8217;te 5 yapan A Milli [&hellip;]","og_url":"https:\/\/kuzeyinsesi.org\/index.php\/2025\/12\/30\/milli-sporcular-bu-yilki-basarilariyla-turkiyenin-gururu-oldu\/","og_site_name":"Kuzeyin Sesi","article_publisher":"https:\/\/www.facebook.com\/kuzeyinsesii","article_published_time":"2025-12-30T12:51:34+00:00","og_image":[{"url":"https:\/\/trthaberstatic.cdn.wp.trt.com.tr\/resimler\/2394000\/a-milli-basketbol-2394293.jpg","type":"","width":"","height":""}],"author":"Kuzeyin Sesi","twitter_card":"summary_large_image","twitter_creator":"@kuzeyinsesii","twitter_site":"@kuzeyinsesii","twitter_misc":{"Yazan:":"Kuzeyin Sesi","Tahmini okuma s\u00fcresi":"7 dakika"},"schema":{"@context":"https:\/\/schema.org","@graph":[{"@type":"Article","@id":"https:\/\/kuzeyinsesi.org\/index.php\/2025\/12\/30\/milli-sporcular-bu-yilki-basarilariyla-turkiyenin-gururu-oldu\/#article","isPartOf":{"@id":"https:\/\/kuzeyinsesi.org\/index.php\/2025\/12\/30\/milli-sporcular-bu-yilki-basarilariyla-turkiyenin-gururu-oldu\/"},"author":{"name":"Kuzeyin Sesi","@id":"https:\/\/kuzeyinsesi.org\/#\/schema\/person\/9f859689cdf01485597712386e37f5aa"},"headline":"Milli sporcular bu y\u0131lki ba\u015far\u0131lar\u0131yla T\u00fcrkiye&#039;nin gururu oldu","datePublished":"2025-12-30T12:51:34+00:00","mainEntityOfPage":{"@id":"https:\/\/kuzeyinsesi.org\/index.php\/2025\/12\/30\/milli-sporcular-bu-yilki-basarilariyla-turkiyenin-gururu-oldu\/"},"wordCount":1387,"commentCount":0,"image":{"@id":"https:\/\/kuzeyinsesi.org\/index.php\/2025\/12\/30\/milli-sporcular-bu-yilki-basarilariyla-turkiyenin-gururu-oldu\/#primaryimage"},"thumbnailUrl":"https:\/\/kuzeyinsesi.org\/wp-content\/uploads\/2025\/09\/a-milli-basketbol-2394293.jpg","articleSection":["Spor"],"inLanguage":"tr","potentialAction":[{"@type":"CommentAction","name":"Comment","target":["https:\/\/kuzeyinsesi.org\/index.php\/2025\/12\/30\/milli-sporcular-bu-yilki-basarilariyla-turkiyenin-gururu-oldu\/#respond"]}]},{"@type":"WebPage","@id":"https:\/\/kuzeyinsesi.org\/index.php\/2025\/12\/30\/milli-sporcular-bu-yilki-basarilariyla-turkiyenin-gururu-oldu\/","url":"https:\/\/kuzeyinsesi.org\/index.php\/2025\/12\/30\/milli-sporcular-bu-yilki-basarilariyla-turkiyenin-gururu-oldu\/","name":"Milli sporcular bu y\u0131lki ba\u015far\u0131lar\u0131yla T\u00fcrkiye&#039;nin gururu oldu - Kuzeyin Sesi","isPartOf":{"@id":"https:\/\/kuzeyinsesi.org\/#website"},"primaryImageOfPage":{"@id":"https:\/\/kuzeyinsesi.org\/index.php\/2025\/12\/30\/milli-sporcular-bu-yilki-basarilariyla-turkiyenin-gururu-oldu\/#primaryimage"},"image":{"@id":"https:\/\/kuzeyinsesi.org\/index.php\/2025\/12\/30\/milli-sporcular-bu-yilki-basarilariyla-turkiyenin-gururu-oldu\/#primaryimage"},"thumbnailUrl":"https:\/\/kuzeyinsesi.org\/wp-content\/uploads\/2025\/09\/a-milli-basketbol-2394293.jpg","datePublished":"2025-12-30T12:51:34+00:00","author":{"@id":"https:\/\/kuzeyinsesi.org\/#\/schema\/person\/9f859689cdf01485597712386e37f5aa"},"breadcrumb":{"@id":"https:\/\/kuzeyinsesi.org\/index.php\/2025\/12\/30\/milli-sporcular-bu-yilki-basarilariyla-turkiyenin-gururu-oldu\/#breadcrumb"},"inLanguage":"tr","potentialAction":[{"@type":"ReadAction","target":["https:\/\/kuzeyinsesi.org\/index.php\/2025\/12\/30\/milli-sporcular-bu-yilki-basarilariyla-turkiyenin-gururu-oldu\/"]}]},{"@type":"ImageObject","inLanguage":"tr","@id":"https:\/\/kuzeyinsesi.org\/index.php\/2025\/12\/30\/milli-sporcular-bu-yilki-basarilariyla-turkiyenin-gururu-oldu\/#primaryimage","url":"https:\/\/kuzeyinsesi.org\/wp-content\/uploads\/2025\/09\/a-milli-basketbol-2394293.jpg","contentUrl":"https:\/\/kuzeyinsesi.org\/wp-content\/uploads\/2025\/09\/a-milli-basketbol-2394293.jpg","width":1280,"height":720},{"@type":"BreadcrumbList","@id":"https:\/\/kuzeyinsesi.org\/index.php\/2025\/12\/30\/milli-sporcular-bu-yilki-basarilariyla-turkiyenin-gururu-oldu\/#breadcrumb","itemListElement":[{"@type":"ListItem","position":1,"name":"Anasayfa","item":"https:\/\/kuzeyinsesi.org\/"},{"@type":"ListItem","position":2,"name":"Milli sporcular bu y\u0131lki ba\u015far\u0131lar\u0131yla T\u00fcrkiye&#039;nin gururu oldu"}]},{"@type":"WebSite","@id":"https:\/\/kuzeyinsesi.org\/#website","url":"https:\/\/kuzeyinsesi.org\/","name":"Kuzeyin Sesi","description":"Do\u011fru Haberin Adresi","potentialAction":[{"@type":"SearchAction","target":{"@type":"EntryPoint","urlTemplate":"https:\/\/kuzeyinsesi.org\/?s={search_term_string}"},"query-input":{"@type":"PropertyValueSpecification","valueRequired":true,"valueName":"search_term_string"}}],"inLanguage":"tr"},{"@type":"Person","@id":"https:\/\/kuzeyinsesi.org\/#\/schema\/person\/9f859689cdf01485597712386e37f5aa","name":"Kuzeyin Sesi","image":{"@type":"ImageObject","inLanguage":"tr","@id":"https:\/\/secure.gravatar.com\/avatar\/bab33852abfd8b282518d6ed81826833d77c3c882d9ab608add591ccace47a44?s=96&d=mm&r=g","url":"https:\/\/secure.gravatar.com\/avatar\/bab33852abfd8b282518d6ed81826833d77c3c882d9ab608add591ccace47a44?s=96&d=mm&r=g","contentUrl":"https:\/\/secure.gravatar.com\/avatar\/bab33852abfd8b282518d6ed81826833d77c3c882d9ab608add591ccace47a44?s=96&d=mm&r=g","caption":"Kuzeyin Sesi"},"sameAs":["https:\/\/kuzeyinsesi.org"],"url":"https:\/\/kuzeyinsesi.org\/index.php\/author\/guven\/"}]}},"_links":{"self":[{"href":"https:\/\/kuzeyinsesi.org\/index.php\/wp-json\/wp\/v2\/posts\/35281","targetHints":{"allow":["GET"]}}],"collection":[{"href":"https:\/\/kuzeyinsesi.org\/index.php\/wp-json\/wp\/v2\/posts"}],"about":[{"href":"https:\/\/kuzeyinsesi.org\/index.php\/wp-json\/wp\/v2\/types\/post"}],"author":[{"embeddable":true,"href":"https:\/\/kuzeyinsesi.org\/index.php\/wp-json\/wp\/v2\/users\/1"}],"replies":[{"embeddable":true,"href":"https:\/\/kuzeyinsesi.org\/index.php\/wp-json\/wp\/v2\/comments?post=35281"}],"version-history":[{"count":0,"href":"https:\/\/kuzeyinsesi.org\/index.php\/wp-json\/wp\/v2\/posts\/35281\/revisions"}],"wp:featuredmedia":[{"embeddable":true,"href":"https:\/\/kuzeyinsesi.org\/index.php\/wp-json\/wp\/v2\/media\/31151"}],"wp:attachment":[{"href":"https:\/\/kuzeyinsesi.org\/index.php\/wp-json\/wp\/v2\/media?parent=35281"}],"wp:term":[{"taxonomy":"category","embeddable":true,"href":"https:\/\/kuzeyinsesi.org\/index.php\/wp-json\/wp\/v2\/categories?post=35281"},{"taxonomy":"post_tag","embeddable":true,"href":"https:\/\/kuzeyinsesi.org\/index.php\/wp-json\/wp\/v2\/tags?post=35281"}],"curies":[{"name":"wp","href":"https:\/\/api.w.org\/{rel}","templated":true}]}}