{"id":35190,"date":"2025-12-17T21:36:28","date_gmt":"2025-12-17T19:36:28","guid":{"rendered":"https:\/\/kuzeyinsesi.org\/index.php\/2025\/12\/17\/bakan-bak-alperen-sengun-ve-adem-bonaya-destek-istedi\/"},"modified":"2025-12-17T21:36:28","modified_gmt":"2025-12-17T19:36:28","slug":"bakan-bak-alperen-sengun-ve-adem-bonaya-destek-istedi","status":"publish","type":"post","link":"https:\/\/kuzeyinsesi.org\/index.php\/2025\/12\/17\/bakan-bak-alperen-sengun-ve-adem-bonaya-destek-istedi\/","title":{"rendered":"Bakan Bak, Alperen \u015eeng\u00fcn ve Adem Bona&#039;ya destek istedi"},"content":{"rendered":"<p><\/p>\n<div>\n<p>&#13;<br \/>\n\tBakan Bak, <a href=\"https:\/\/www.trthaber.com\/etiket\/nsosyal\/\" target=\"_blank\">NSosyal<\/a> hesab\u0131ndan &#8220;Haydi T\u00fcrkiye, \u015fimdi destek zaman\u0131&#8221; ba\u015fl\u0131\u011f\u0131yla &#8220;Sizleri, milli gururlar\u0131m\u0131z Alperen \u015eeng\u00fcn ve Adem Bona&#8217;ya oy vermeye davet ediyorum. Oylar\u0131m\u0131z da g\u00f6n\u00fcllerimiz de onlarla.&#8221; payla\u015f\u0131m\u0131 yapt\u0131.<\/p>\n<p>&#13;<br \/>\n\tBasketbolseverler, 14 Ocak 2026&#8217;ya kadar s\u00fcrecek oylamaya, NBA.com ve <a href=\"https:\/\/www.trthaber.com\/etiket\/nba\/\" target=\"_blank\">NBA<\/a> mobil uygulamas\u0131 \u00fczerinden kat\u0131labilecek.<\/p>\n<\/p><\/div>\n","protected":false},"excerpt":{"rendered":"<p>&#13; Bakan Bak, NSosyal hesab\u0131ndan &#8220;Haydi T\u00fcrkiye, \u015fimdi destek zaman\u0131&#8221; ba\u015fl\u0131\u011f\u0131yla &#8220;Sizleri, milli gururlar\u0131m\u0131z Alperen \u015eeng\u00fcn ve Adem Bona&#8217;ya oy vermeye davet ediyorum. Oylar\u0131m\u0131z da g\u00f6n\u00fcllerimiz de onlarla.&#8221; payla\u015f\u0131m\u0131 yapt\u0131. &#13; Basketbolseverler, 14 Ocak 2026&#8217;ya kadar s\u00fcrecek oylamaya, NBA.com ve NBA mobil uygulamas\u0131 \u00fczerinden kat\u0131labilecek.<\/p>\n","protected":false},"author":1,"featured_media":35191,"comment_status":"open","ping_status":"open","sticky":false,"template":"","format":"standard","meta":{"jnews-multi-image_gallery":[],"jnews_single_post":[],"jnews_primary_category":[],"jnews_social_meta":[],"jnews_override_counter":[],"footnotes":""},"categories":[4],"tags":[],"class_list":["post-35190","post","type-post","status-publish","format-standard","has-post-thumbnail","hentry","category-spor"],"yoast_head":"<!-- This site is optimized with the Yoast SEO plugin v27.5 - https:\/\/yoast.com\/product\/yoast-seo-wordpress\/ -->\n<title>Bakan Bak, Alperen \u015eeng\u00fcn ve Adem Bona&#039;ya destek istedi - Kuzeyin Sesi<\/title>\n<meta name=\"robots\" content=\"index, follow, max-snippet:-1, max-image-preview:large, max-video-preview:-1\" \/>\n<link rel=\"canonical\" href=\"https:\/\/kuzeyinsesi.org\/index.php\/2025\/12\/17\/bakan-bak-alperen-sengun-ve-adem-bonaya-destek-istedi\/\" \/>\n<meta property=\"og:locale\" content=\"tr_TR\" \/>\n<meta property=\"og:type\" content=\"article\" \/>\n<meta property=\"og:title\" content=\"Bakan Bak, Alperen \u015eeng\u00fcn ve Adem Bona&#039;ya destek istedi - Kuzeyin Sesi\" \/>\n<meta property=\"og:description\" content=\"&#013; Bakan Bak, NSosyal hesab\u0131ndan &#8220;Haydi T\u00fcrkiye, \u015fimdi destek zaman\u0131&#8221; ba\u015fl\u0131\u011f\u0131yla &#8220;Sizleri, milli gururlar\u0131m\u0131z Alperen \u015eeng\u00fcn ve Adem Bona&#8217;ya oy vermeye davet ediyorum. Oylar\u0131m\u0131z da g\u00f6n\u00fcllerimiz de onlarla.&#8221; payla\u015f\u0131m\u0131 yapt\u0131. &#013; Basketbolseverler, 14 Ocak 2026&#8217;ya kadar s\u00fcrecek oylamaya, NBA.com ve NBA mobil uygulamas\u0131 \u00fczerinden kat\u0131labilecek.\" \/>\n<meta property=\"og:url\" content=\"https:\/\/kuzeyinsesi.org\/index.php\/2025\/12\/17\/bakan-bak-alperen-sengun-ve-adem-bonaya-destek-istedi\/\" \/>\n<meta property=\"og:site_name\" content=\"Kuzeyin Sesi\" \/>\n<meta property=\"article:publisher\" content=\"https:\/\/www.facebook.com\/kuzeyinsesii\" \/>\n<meta property=\"article:published_time\" content=\"2025-12-17T19:36:28+00:00\" \/>\n<meta property=\"og:image\" content=\"https:\/\/trthaberstatic.cdn.wp.trt.com.tr\/resimler\/2424000\/adem-bona-alperen-senguntbf-2425659.jpg\" \/>\n<meta name=\"author\" content=\"Kuzeyin Sesi\" \/>\n<meta name=\"twitter:card\" content=\"summary_large_image\" \/>\n<meta name=\"twitter:creator\" content=\"@kuzeyinsesii\" \/>\n<meta name=\"twitter:site\" content=\"@kuzeyinsesii\" \/>\n<meta name=\"twitter:label1\" content=\"Yazan:\" \/>\n\t<meta name=\"twitter:data1\" content=\"Kuzeyin Sesi\" \/>\n<script type=\"application\/ld+json\" class=\"yoast-schema-graph\">{\"@context\":\"https:\\\/\\\/schema.org\",\"@graph\":[{\"@type\":\"Article\",\"@id\":\"https:\\\/\\\/kuzeyinsesi.org\\\/index.php\\\/2025\\\/12\\\/17\\\/bakan-bak-alperen-sengun-ve-adem-bonaya-destek-istedi\\\/#article\",\"isPartOf\":{\"@id\":\"https:\\\/\\\/kuzeyinsesi.org\\\/index.php\\\/2025\\\/12\\\/17\\\/bakan-bak-alperen-sengun-ve-adem-bonaya-destek-istedi\\\/\"},\"author\":{\"name\":\"Kuzeyin Sesi\",\"@id\":\"https:\\\/\\\/kuzeyinsesi.org\\\/#\\\/schema\\\/person\\\/9f859689cdf01485597712386e37f5aa\"},\"headline\":\"Bakan Bak, Alperen \u015eeng\u00fcn ve Adem Bona&#039;ya destek istedi\",\"datePublished\":\"2025-12-17T19:36:28+00:00\",\"mainEntityOfPage\":{\"@id\":\"https:\\\/\\\/kuzeyinsesi.org\\\/index.php\\\/2025\\\/12\\\/17\\\/bakan-bak-alperen-sengun-ve-adem-bonaya-destek-istedi\\\/\"},\"wordCount\":69,\"commentCount\":0,\"image\":{\"@id\":\"https:\\\/\\\/kuzeyinsesi.org\\\/index.php\\\/2025\\\/12\\\/17\\\/bakan-bak-alperen-sengun-ve-adem-bonaya-destek-istedi\\\/#primaryimage\"},\"thumbnailUrl\":\"https:\\\/\\\/kuzeyinsesi.org\\\/wp-content\\\/uploads\\\/2025\\\/12\\\/adem-bona-alperen-senguntbf-2425659.jpg\",\"articleSection\":[\"Spor\"],\"inLanguage\":\"tr\",\"potentialAction\":[{\"@type\":\"CommentAction\",\"name\":\"Comment\",\"target\":[\"https:\\\/\\\/kuzeyinsesi.org\\\/index.php\\\/2025\\\/12\\\/17\\\/bakan-bak-alperen-sengun-ve-adem-bonaya-destek-istedi\\\/#respond\"]}]},{\"@type\":\"WebPage\",\"@id\":\"https:\\\/\\\/kuzeyinsesi.org\\\/index.php\\\/2025\\\/12\\\/17\\\/bakan-bak-alperen-sengun-ve-adem-bonaya-destek-istedi\\\/\",\"url\":\"https:\\\/\\\/kuzeyinsesi.org\\\/index.php\\\/2025\\\/12\\\/17\\\/bakan-bak-alperen-sengun-ve-adem-bonaya-destek-istedi\\\/\",\"name\":\"Bakan Bak, Alperen \u015eeng\u00fcn ve Adem Bona&#039;ya destek istedi - Kuzeyin Sesi\",\"isPartOf\":{\"@id\":\"https:\\\/\\\/kuzeyinsesi.org\\\/#website\"},\"primaryImageOfPage\":{\"@id\":\"https:\\\/\\\/kuzeyinsesi.org\\\/index.php\\\/2025\\\/12\\\/17\\\/bakan-bak-alperen-sengun-ve-adem-bonaya-destek-istedi\\\/#primaryimage\"},\"image\":{\"@id\":\"https:\\\/\\\/kuzeyinsesi.org\\\/index.php\\\/2025\\\/12\\\/17\\\/bakan-bak-alperen-sengun-ve-adem-bonaya-destek-istedi\\\/#primaryimage\"},\"thumbnailUrl\":\"https:\\\/\\\/kuzeyinsesi.org\\\/wp-content\\\/uploads\\\/2025\\\/12\\\/adem-bona-alperen-senguntbf-2425659.jpg\",\"datePublished\":\"2025-12-17T19:36:28+00:00\",\"author\":{\"@id\":\"https:\\\/\\\/kuzeyinsesi.org\\\/#\\\/schema\\\/person\\\/9f859689cdf01485597712386e37f5aa\"},\"breadcrumb\":{\"@id\":\"https:\\\/\\\/kuzeyinsesi.org\\\/index.php\\\/2025\\\/12\\\/17\\\/bakan-bak-alperen-sengun-ve-adem-bonaya-destek-istedi\\\/#breadcrumb\"},\"inLanguage\":\"tr\",\"potentialAction\":[{\"@type\":\"ReadAction\",\"target\":[\"https:\\\/\\\/kuzeyinsesi.org\\\/index.php\\\/2025\\\/12\\\/17\\\/bakan-bak-alperen-sengun-ve-adem-bonaya-destek-istedi\\\/\"]}]},{\"@type\":\"ImageObject\",\"inLanguage\":\"tr\",\"@id\":\"https:\\\/\\\/kuzeyinsesi.org\\\/index.php\\\/2025\\\/12\\\/17\\\/bakan-bak-alperen-sengun-ve-adem-bonaya-destek-istedi\\\/#primaryimage\",\"url\":\"https:\\\/\\\/kuzeyinsesi.org\\\/wp-content\\\/uploads\\\/2025\\\/12\\\/adem-bona-alperen-senguntbf-2425659.jpg\",\"contentUrl\":\"https:\\\/\\\/kuzeyinsesi.org\\\/wp-content\\\/uploads\\\/2025\\\/12\\\/adem-bona-alperen-senguntbf-2425659.jpg\",\"width\":1280,\"height\":720},{\"@type\":\"BreadcrumbList\",\"@id\":\"https:\\\/\\\/kuzeyinsesi.org\\\/index.php\\\/2025\\\/12\\\/17\\\/bakan-bak-alperen-sengun-ve-adem-bonaya-destek-istedi\\\/#breadcrumb\",\"itemListElement\":[{\"@type\":\"ListItem\",\"position\":1,\"name\":\"Anasayfa\",\"item\":\"https:\\\/\\\/kuzeyinsesi.org\\\/\"},{\"@type\":\"ListItem\",\"position\":2,\"name\":\"Bakan Bak, Alperen \u015eeng\u00fcn ve Adem Bona&#039;ya destek istedi\"}]},{\"@type\":\"WebSite\",\"@id\":\"https:\\\/\\\/kuzeyinsesi.org\\\/#website\",\"url\":\"https:\\\/\\\/kuzeyinsesi.org\\\/\",\"name\":\"Kuzeyin Sesi\",\"description\":\"Do\u011fru Haberin Adresi\",\"potentialAction\":[{\"@type\":\"SearchAction\",\"target\":{\"@type\":\"EntryPoint\",\"urlTemplate\":\"https:\\\/\\\/kuzeyinsesi.org\\\/?s={search_term_string}\"},\"query-input\":{\"@type\":\"PropertyValueSpecification\",\"valueRequired\":true,\"valueName\":\"search_term_string\"}}],\"inLanguage\":\"tr\"},{\"@type\":\"Person\",\"@id\":\"https:\\\/\\\/kuzeyinsesi.org\\\/#\\\/schema\\\/person\\\/9f859689cdf01485597712386e37f5aa\",\"name\":\"Kuzeyin Sesi\",\"image\":{\"@type\":\"ImageObject\",\"inLanguage\":\"tr\",\"@id\":\"https:\\\/\\\/secure.gravatar.com\\\/avatar\\\/bab33852abfd8b282518d6ed81826833d77c3c882d9ab608add591ccace47a44?s=96&d=mm&r=g\",\"url\":\"https:\\\/\\\/secure.gravatar.com\\\/avatar\\\/bab33852abfd8b282518d6ed81826833d77c3c882d9ab608add591ccace47a44?s=96&d=mm&r=g\",\"contentUrl\":\"https:\\\/\\\/secure.gravatar.com\\\/avatar\\\/bab33852abfd8b282518d6ed81826833d77c3c882d9ab608add591ccace47a44?s=96&d=mm&r=g\",\"caption\":\"Kuzeyin Sesi\"},\"sameAs\":[\"https:\\\/\\\/kuzeyinsesi.org\"],\"url\":\"https:\\\/\\\/kuzeyinsesi.org\\\/index.php\\\/author\\\/guven\\\/\"}]}<\/script>\n<!-- \/ Yoast SEO plugin. -->","yoast_head_json":{"title":"Bakan Bak, Alperen \u015eeng\u00fcn ve Adem Bona&#039;ya destek istedi - Kuzeyin Sesi","robots":{"index":"index","follow":"follow","max-snippet":"max-snippet:-1","max-image-preview":"max-image-preview:large","max-video-preview":"max-video-preview:-1"},"canonical":"https:\/\/kuzeyinsesi.org\/index.php\/2025\/12\/17\/bakan-bak-alperen-sengun-ve-adem-bonaya-destek-istedi\/","og_locale":"tr_TR","og_type":"article","og_title":"Bakan Bak, Alperen \u015eeng\u00fcn ve Adem Bona&#039;ya destek istedi - Kuzeyin Sesi","og_description":"&#13; Bakan Bak, NSosyal hesab\u0131ndan &#8220;Haydi T\u00fcrkiye, \u015fimdi destek zaman\u0131&#8221; ba\u015fl\u0131\u011f\u0131yla &#8220;Sizleri, milli gururlar\u0131m\u0131z Alperen \u015eeng\u00fcn ve Adem Bona&#8217;ya oy vermeye davet ediyorum. Oylar\u0131m\u0131z da g\u00f6n\u00fcllerimiz de onlarla.&#8221; payla\u015f\u0131m\u0131 yapt\u0131. &#13; Basketbolseverler, 14 Ocak 2026&#8217;ya kadar s\u00fcrecek oylamaya, NBA.com ve NBA mobil uygulamas\u0131 \u00fczerinden kat\u0131labilecek.","og_url":"https:\/\/kuzeyinsesi.org\/index.php\/2025\/12\/17\/bakan-bak-alperen-sengun-ve-adem-bonaya-destek-istedi\/","og_site_name":"Kuzeyin Sesi","article_publisher":"https:\/\/www.facebook.com\/kuzeyinsesii","article_published_time":"2025-12-17T19:36:28+00:00","og_image":[{"url":"https:\/\/trthaberstatic.cdn.wp.trt.com.tr\/resimler\/2424000\/adem-bona-alperen-senguntbf-2425659.jpg","type":"","width":"","height":""}],"author":"Kuzeyin Sesi","twitter_card":"summary_large_image","twitter_creator":"@kuzeyinsesii","twitter_site":"@kuzeyinsesii","twitter_misc":{"Yazan:":"Kuzeyin Sesi"},"schema":{"@context":"https:\/\/schema.org","@graph":[{"@type":"Article","@id":"https:\/\/kuzeyinsesi.org\/index.php\/2025\/12\/17\/bakan-bak-alperen-sengun-ve-adem-bonaya-destek-istedi\/#article","isPartOf":{"@id":"https:\/\/kuzeyinsesi.org\/index.php\/2025\/12\/17\/bakan-bak-alperen-sengun-ve-adem-bonaya-destek-istedi\/"},"author":{"name":"Kuzeyin Sesi","@id":"https:\/\/kuzeyinsesi.org\/#\/schema\/person\/9f859689cdf01485597712386e37f5aa"},"headline":"Bakan Bak, Alperen \u015eeng\u00fcn ve Adem Bona&#039;ya destek istedi","datePublished":"2025-12-17T19:36:28+00:00","mainEntityOfPage":{"@id":"https:\/\/kuzeyinsesi.org\/index.php\/2025\/12\/17\/bakan-bak-alperen-sengun-ve-adem-bonaya-destek-istedi\/"},"wordCount":69,"commentCount":0,"image":{"@id":"https:\/\/kuzeyinsesi.org\/index.php\/2025\/12\/17\/bakan-bak-alperen-sengun-ve-adem-bonaya-destek-istedi\/#primaryimage"},"thumbnailUrl":"https:\/\/kuzeyinsesi.org\/wp-content\/uploads\/2025\/12\/adem-bona-alperen-senguntbf-2425659.jpg","articleSection":["Spor"],"inLanguage":"tr","potentialAction":[{"@type":"CommentAction","name":"Comment","target":["https:\/\/kuzeyinsesi.org\/index.php\/2025\/12\/17\/bakan-bak-alperen-sengun-ve-adem-bonaya-destek-istedi\/#respond"]}]},{"@type":"WebPage","@id":"https:\/\/kuzeyinsesi.org\/index.php\/2025\/12\/17\/bakan-bak-alperen-sengun-ve-adem-bonaya-destek-istedi\/","url":"https:\/\/kuzeyinsesi.org\/index.php\/2025\/12\/17\/bakan-bak-alperen-sengun-ve-adem-bonaya-destek-istedi\/","name":"Bakan Bak, Alperen \u015eeng\u00fcn ve Adem Bona&#039;ya destek istedi - Kuzeyin Sesi","isPartOf":{"@id":"https:\/\/kuzeyinsesi.org\/#website"},"primaryImageOfPage":{"@id":"https:\/\/kuzeyinsesi.org\/index.php\/2025\/12\/17\/bakan-bak-alperen-sengun-ve-adem-bonaya-destek-istedi\/#primaryimage"},"image":{"@id":"https:\/\/kuzeyinsesi.org\/index.php\/2025\/12\/17\/bakan-bak-alperen-sengun-ve-adem-bonaya-destek-istedi\/#primaryimage"},"thumbnailUrl":"https:\/\/kuzeyinsesi.org\/wp-content\/uploads\/2025\/12\/adem-bona-alperen-senguntbf-2425659.jpg","datePublished":"2025-12-17T19:36:28+00:00","author":{"@id":"https:\/\/kuzeyinsesi.org\/#\/schema\/person\/9f859689cdf01485597712386e37f5aa"},"breadcrumb":{"@id":"https:\/\/kuzeyinsesi.org\/index.php\/2025\/12\/17\/bakan-bak-alperen-sengun-ve-adem-bonaya-destek-istedi\/#breadcrumb"},"inLanguage":"tr","potentialAction":[{"@type":"ReadAction","target":["https:\/\/kuzeyinsesi.org\/index.php\/2025\/12\/17\/bakan-bak-alperen-sengun-ve-adem-bonaya-destek-istedi\/"]}]},{"@type":"ImageObject","inLanguage":"tr","@id":"https:\/\/kuzeyinsesi.org\/index.php\/2025\/12\/17\/bakan-bak-alperen-sengun-ve-adem-bonaya-destek-istedi\/#primaryimage","url":"https:\/\/kuzeyinsesi.org\/wp-content\/uploads\/2025\/12\/adem-bona-alperen-senguntbf-2425659.jpg","contentUrl":"https:\/\/kuzeyinsesi.org\/wp-content\/uploads\/2025\/12\/adem-bona-alperen-senguntbf-2425659.jpg","width":1280,"height":720},{"@type":"BreadcrumbList","@id":"https:\/\/kuzeyinsesi.org\/index.php\/2025\/12\/17\/bakan-bak-alperen-sengun-ve-adem-bonaya-destek-istedi\/#breadcrumb","itemListElement":[{"@type":"ListItem","position":1,"name":"Anasayfa","item":"https:\/\/kuzeyinsesi.org\/"},{"@type":"ListItem","position":2,"name":"Bakan Bak, Alperen \u015eeng\u00fcn ve Adem Bona&#039;ya destek istedi"}]},{"@type":"WebSite","@id":"https:\/\/kuzeyinsesi.org\/#website","url":"https:\/\/kuzeyinsesi.org\/","name":"Kuzeyin Sesi","description":"Do\u011fru Haberin Adresi","potentialAction":[{"@type":"SearchAction","target":{"@type":"EntryPoint","urlTemplate":"https:\/\/kuzeyinsesi.org\/?s={search_term_string}"},"query-input":{"@type":"PropertyValueSpecification","valueRequired":true,"valueName":"search_term_string"}}],"inLanguage":"tr"},{"@type":"Person","@id":"https:\/\/kuzeyinsesi.org\/#\/schema\/person\/9f859689cdf01485597712386e37f5aa","name":"Kuzeyin Sesi","image":{"@type":"ImageObject","inLanguage":"tr","@id":"https:\/\/secure.gravatar.com\/avatar\/bab33852abfd8b282518d6ed81826833d77c3c882d9ab608add591ccace47a44?s=96&d=mm&r=g","url":"https:\/\/secure.gravatar.com\/avatar\/bab33852abfd8b282518d6ed81826833d77c3c882d9ab608add591ccace47a44?s=96&d=mm&r=g","contentUrl":"https:\/\/secure.gravatar.com\/avatar\/bab33852abfd8b282518d6ed81826833d77c3c882d9ab608add591ccace47a44?s=96&d=mm&r=g","caption":"Kuzeyin Sesi"},"sameAs":["https:\/\/kuzeyinsesi.org"],"url":"https:\/\/kuzeyinsesi.org\/index.php\/author\/guven\/"}]}},"_links":{"self":[{"href":"https:\/\/kuzeyinsesi.org\/index.php\/wp-json\/wp\/v2\/posts\/35190","targetHints":{"allow":["GET"]}}],"collection":[{"href":"https:\/\/kuzeyinsesi.org\/index.php\/wp-json\/wp\/v2\/posts"}],"about":[{"href":"https:\/\/kuzeyinsesi.org\/index.php\/wp-json\/wp\/v2\/types\/post"}],"author":[{"embeddable":true,"href":"https:\/\/kuzeyinsesi.org\/index.php\/wp-json\/wp\/v2\/users\/1"}],"replies":[{"embeddable":true,"href":"https:\/\/kuzeyinsesi.org\/index.php\/wp-json\/wp\/v2\/comments?post=35190"}],"version-history":[{"count":0,"href":"https:\/\/kuzeyinsesi.org\/index.php\/wp-json\/wp\/v2\/posts\/35190\/revisions"}],"wp:featuredmedia":[{"embeddable":true,"href":"https:\/\/kuzeyinsesi.org\/index.php\/wp-json\/wp\/v2\/media\/35191"}],"wp:attachment":[{"href":"https:\/\/kuzeyinsesi.org\/index.php\/wp-json\/wp\/v2\/media?parent=35190"}],"wp:term":[{"taxonomy":"category","embeddable":true,"href":"https:\/\/kuzeyinsesi.org\/index.php\/wp-json\/wp\/v2\/categories?post=35190"},{"taxonomy":"post_tag","embeddable":true,"href":"https:\/\/kuzeyinsesi.org\/index.php\/wp-json\/wp\/v2\/tags?post=35190"}],"curies":[{"name":"wp","href":"https:\/\/api.w.org\/{rel}","templated":true}]}}