{"id":35121,"date":"2025-12-10T00:15:18","date_gmt":"2025-12-09T22:15:18","guid":{"rendered":"https:\/\/kuzeyinsesi.org\/index.php\/2025\/12\/10\/galatasaray-monacodan-maglup-dondu\/"},"modified":"2025-12-10T00:15:18","modified_gmt":"2025-12-09T22:15:18","slug":"galatasaray-monacodan-maglup-dondu","status":"publish","type":"post","link":"https:\/\/kuzeyinsesi.org\/index.php\/2025\/12\/10\/galatasaray-monacodan-maglup-dondu\/","title":{"rendered":"Galatasaray Monaco&#039;dan ma\u011flup d\u00f6nd\u00fc"},"content":{"rendered":"<p><\/p>\n<div>\n<p>&#13;<br \/>\n\tTemsilcimiz Galatasaray, <a href=\"https:\/\/www.trthaber.com\/etiket\/uefa\/\" target=\"_blank\">UEFA<\/a> \u015eampiyonlar Ligi&#8217;nin alt\u0131nc\u0131 haftas\u0131nda <a href=\"https:\/\/www.trthaber.com\/etiket\/fransa\/\" target=\"_blank\">Fransa<\/a> Ligi ekibi Monaco&#8217;ya konuk oldu.<\/p>\n<p>&#13;<br \/>\n\tFransa s\u0131n\u0131rlar\u0131ndaki \u00f6zerk Monako Prensli\u011fi&#8217;ndeki II. Louis Stad\u0131&#8217;nda yap\u0131lan m\u00fcsabaka, TS\u0130 23.00&#8217;te ba\u015flad\u0131. Kar\u015f\u0131la\u015fmada <a href=\"https:\/\/www.trthaber.com\/etiket\/hollanda\/\" target=\"_blank\">Hollanda<\/a> Futbol Federasyonundan hakem Danny Makkelie d\u00fcd\u00fck \u00e7ald\u0131. Makkelie&#8217;nin yard\u0131mc\u0131l\u0131klar\u0131n\u0131 Hessel Steegstra ile Jan de Vries \u00fcstlendi.<\/p>\n<p><\/p>\n<p>&#13;<br \/>\n\tMa\u00e7ta ilk yar\u0131da gol sesi \u00e7\u0131kmazken ikinci yar\u0131n\u0131n 50. dakikas\u0131nda Monaco penalt\u0131 kazand\u0131. Topun ba\u015f\u0131na ge\u00e7en Zakaria&#8217;n\u0131n vuru\u015funu U\u011furcan \u00c7ak\u0131r \u00e7\u0131kard\u0131. 67. dakikada sakatlanarak oyundan \u00e7\u0131kan U\u011furcan \u00c7ak\u0131r&#8217;\u0131n yerine G\u00fcnay G\u00fcven\u00e7 kaleye ge\u00e7ti. 68. dakikada Monaco Balogun&#8217;un gol\u00fcyle 1-0 \u00f6ne ge\u00e7ti. Ma\u00e7ta ba\u015fka gol olmay\u0131nca temsilcimiz sahadan ma\u011flup ayr\u0131ld\u0131.<\/p>\n<p>&#13;<br \/>\n\tBu sonu\u00e7la 9 puanda kalan <a href=\"https:\/\/www.trthaber.com\/etiket\/galatasaray\/\" target=\"_blank\">Galatasaray<\/a> 17. s\u0131raya gerilerken, Monaco ise puan\u0131n\u0131 9&#8217;a y\u00fckselterek 18. s\u0131rada yer ald\u0131.<\/p>\n<\/p><\/div>\n","protected":false},"excerpt":{"rendered":"<p>&#13; Temsilcimiz Galatasaray, UEFA \u015eampiyonlar Ligi&#8217;nin alt\u0131nc\u0131 haftas\u0131nda Fransa Ligi ekibi Monaco&#8217;ya konuk oldu. &#13; Fransa s\u0131n\u0131rlar\u0131ndaki \u00f6zerk Monako Prensli\u011fi&#8217;ndeki II. Louis Stad\u0131&#8217;nda yap\u0131lan m\u00fcsabaka, TS\u0130 23.00&#8217;te ba\u015flad\u0131. Kar\u015f\u0131la\u015fmada Hollanda Futbol Federasyonundan hakem Danny Makkelie d\u00fcd\u00fck \u00e7ald\u0131. Makkelie&#8217;nin yard\u0131mc\u0131l\u0131klar\u0131n\u0131 Hessel Steegstra ile Jan de Vries \u00fcstlendi. &#13; Ma\u00e7ta ilk yar\u0131da gol sesi \u00e7\u0131kmazken ikinci yar\u0131n\u0131n [&hellip;]<\/p>\n","protected":false},"author":1,"featured_media":35122,"comment_status":"open","ping_status":"open","sticky":false,"template":"","format":"standard","meta":{"jnews-multi-image_gallery":[],"jnews_single_post":[],"jnews_primary_category":[],"jnews_social_meta":[],"jnews_override_counter":[],"footnotes":""},"categories":[4],"tags":[],"class_list":["post-35121","post","type-post","status-publish","format-standard","has-post-thumbnail","hentry","category-spor"],"yoast_head":"<!-- This site is optimized with the Yoast SEO plugin v27.5 - https:\/\/yoast.com\/product\/yoast-seo-wordpress\/ -->\n<title>Galatasaray Monaco&#039;dan ma\u011flup d\u00f6nd\u00fc - Kuzeyin Sesi<\/title>\n<meta name=\"robots\" content=\"index, follow, max-snippet:-1, max-image-preview:large, max-video-preview:-1\" \/>\n<link rel=\"canonical\" href=\"https:\/\/kuzeyinsesi.org\/index.php\/2025\/12\/10\/galatasaray-monacodan-maglup-dondu\/\" \/>\n<meta property=\"og:locale\" content=\"tr_TR\" \/>\n<meta property=\"og:type\" content=\"article\" \/>\n<meta property=\"og:title\" content=\"Galatasaray Monaco&#039;dan ma\u011flup d\u00f6nd\u00fc - Kuzeyin Sesi\" \/>\n<meta property=\"og:description\" content=\"&#013; Temsilcimiz Galatasaray, UEFA \u015eampiyonlar Ligi&#8217;nin alt\u0131nc\u0131 haftas\u0131nda Fransa Ligi ekibi Monaco&#8217;ya konuk oldu. &#013; Fransa s\u0131n\u0131rlar\u0131ndaki \u00f6zerk Monako Prensli\u011fi&#8217;ndeki II. Louis Stad\u0131&#8217;nda yap\u0131lan m\u00fcsabaka, TS\u0130 23.00&#8217;te ba\u015flad\u0131. Kar\u015f\u0131la\u015fmada Hollanda Futbol Federasyonundan hakem Danny Makkelie d\u00fcd\u00fck \u00e7ald\u0131. Makkelie&#8217;nin yard\u0131mc\u0131l\u0131klar\u0131n\u0131 Hessel Steegstra ile Jan de Vries \u00fcstlendi. &#013; Ma\u00e7ta ilk yar\u0131da gol sesi \u00e7\u0131kmazken ikinci yar\u0131n\u0131n [&hellip;]\" \/>\n<meta property=\"og:url\" content=\"https:\/\/kuzeyinsesi.org\/index.php\/2025\/12\/10\/galatasaray-monacodan-maglup-dondu\/\" \/>\n<meta property=\"og:site_name\" content=\"Kuzeyin Sesi\" \/>\n<meta property=\"article:publisher\" content=\"https:\/\/www.facebook.com\/kuzeyinsesii\" \/>\n<meta property=\"article:published_time\" content=\"2025-12-09T22:15:18+00:00\" \/>\n<meta property=\"og:image\" content=\"https:\/\/www.trthaber.com\/dosyalar\/images\/aa_picture_20251209_39936625.jpg\" \/>\n<meta name=\"author\" content=\"Kuzeyin Sesi\" \/>\n<meta name=\"twitter:card\" content=\"summary_large_image\" \/>\n<meta name=\"twitter:creator\" content=\"@kuzeyinsesii\" \/>\n<meta name=\"twitter:site\" content=\"@kuzeyinsesii\" \/>\n<meta name=\"twitter:label1\" content=\"Yazan:\" \/>\n\t<meta name=\"twitter:data1\" content=\"Kuzeyin Sesi\" \/>\n\t<meta name=\"twitter:label2\" content=\"Tahmini okuma s\u00fcresi\" \/>\n\t<meta name=\"twitter:data2\" content=\"1 dakika\" \/>\n<script type=\"application\/ld+json\" class=\"yoast-schema-graph\">{\"@context\":\"https:\\\/\\\/schema.org\",\"@graph\":[{\"@type\":\"Article\",\"@id\":\"https:\\\/\\\/kuzeyinsesi.org\\\/index.php\\\/2025\\\/12\\\/10\\\/galatasaray-monacodan-maglup-dondu\\\/#article\",\"isPartOf\":{\"@id\":\"https:\\\/\\\/kuzeyinsesi.org\\\/index.php\\\/2025\\\/12\\\/10\\\/galatasaray-monacodan-maglup-dondu\\\/\"},\"author\":{\"name\":\"Kuzeyin Sesi\",\"@id\":\"https:\\\/\\\/kuzeyinsesi.org\\\/#\\\/schema\\\/person\\\/9f859689cdf01485597712386e37f5aa\"},\"headline\":\"Galatasaray Monaco&#039;dan ma\u011flup d\u00f6nd\u00fc\",\"datePublished\":\"2025-12-09T22:15:18+00:00\",\"mainEntityOfPage\":{\"@id\":\"https:\\\/\\\/kuzeyinsesi.org\\\/index.php\\\/2025\\\/12\\\/10\\\/galatasaray-monacodan-maglup-dondu\\\/\"},\"wordCount\":165,\"commentCount\":0,\"image\":{\"@id\":\"https:\\\/\\\/kuzeyinsesi.org\\\/index.php\\\/2025\\\/12\\\/10\\\/galatasaray-monacodan-maglup-dondu\\\/#primaryimage\"},\"thumbnailUrl\":\"https:\\\/\\\/kuzeyinsesi.org\\\/wp-content\\\/uploads\\\/2025\\\/12\\\/galatasaray-aa-2423376.jpg\",\"articleSection\":[\"Spor\"],\"inLanguage\":\"tr\",\"potentialAction\":[{\"@type\":\"CommentAction\",\"name\":\"Comment\",\"target\":[\"https:\\\/\\\/kuzeyinsesi.org\\\/index.php\\\/2025\\\/12\\\/10\\\/galatasaray-monacodan-maglup-dondu\\\/#respond\"]}]},{\"@type\":\"WebPage\",\"@id\":\"https:\\\/\\\/kuzeyinsesi.org\\\/index.php\\\/2025\\\/12\\\/10\\\/galatasaray-monacodan-maglup-dondu\\\/\",\"url\":\"https:\\\/\\\/kuzeyinsesi.org\\\/index.php\\\/2025\\\/12\\\/10\\\/galatasaray-monacodan-maglup-dondu\\\/\",\"name\":\"Galatasaray Monaco&#039;dan ma\u011flup d\u00f6nd\u00fc - Kuzeyin Sesi\",\"isPartOf\":{\"@id\":\"https:\\\/\\\/kuzeyinsesi.org\\\/#website\"},\"primaryImageOfPage\":{\"@id\":\"https:\\\/\\\/kuzeyinsesi.org\\\/index.php\\\/2025\\\/12\\\/10\\\/galatasaray-monacodan-maglup-dondu\\\/#primaryimage\"},\"image\":{\"@id\":\"https:\\\/\\\/kuzeyinsesi.org\\\/index.php\\\/2025\\\/12\\\/10\\\/galatasaray-monacodan-maglup-dondu\\\/#primaryimage\"},\"thumbnailUrl\":\"https:\\\/\\\/kuzeyinsesi.org\\\/wp-content\\\/uploads\\\/2025\\\/12\\\/galatasaray-aa-2423376.jpg\",\"datePublished\":\"2025-12-09T22:15:18+00:00\",\"author\":{\"@id\":\"https:\\\/\\\/kuzeyinsesi.org\\\/#\\\/schema\\\/person\\\/9f859689cdf01485597712386e37f5aa\"},\"breadcrumb\":{\"@id\":\"https:\\\/\\\/kuzeyinsesi.org\\\/index.php\\\/2025\\\/12\\\/10\\\/galatasaray-monacodan-maglup-dondu\\\/#breadcrumb\"},\"inLanguage\":\"tr\",\"potentialAction\":[{\"@type\":\"ReadAction\",\"target\":[\"https:\\\/\\\/kuzeyinsesi.org\\\/index.php\\\/2025\\\/12\\\/10\\\/galatasaray-monacodan-maglup-dondu\\\/\"]}]},{\"@type\":\"ImageObject\",\"inLanguage\":\"tr\",\"@id\":\"https:\\\/\\\/kuzeyinsesi.org\\\/index.php\\\/2025\\\/12\\\/10\\\/galatasaray-monacodan-maglup-dondu\\\/#primaryimage\",\"url\":\"https:\\\/\\\/kuzeyinsesi.org\\\/wp-content\\\/uploads\\\/2025\\\/12\\\/galatasaray-aa-2423376.jpg\",\"contentUrl\":\"https:\\\/\\\/kuzeyinsesi.org\\\/wp-content\\\/uploads\\\/2025\\\/12\\\/galatasaray-aa-2423376.jpg\",\"width\":1280,\"height\":720},{\"@type\":\"BreadcrumbList\",\"@id\":\"https:\\\/\\\/kuzeyinsesi.org\\\/index.php\\\/2025\\\/12\\\/10\\\/galatasaray-monacodan-maglup-dondu\\\/#breadcrumb\",\"itemListElement\":[{\"@type\":\"ListItem\",\"position\":1,\"name\":\"Anasayfa\",\"item\":\"https:\\\/\\\/kuzeyinsesi.org\\\/\"},{\"@type\":\"ListItem\",\"position\":2,\"name\":\"Galatasaray Monaco&#039;dan ma\u011flup d\u00f6nd\u00fc\"}]},{\"@type\":\"WebSite\",\"@id\":\"https:\\\/\\\/kuzeyinsesi.org\\\/#website\",\"url\":\"https:\\\/\\\/kuzeyinsesi.org\\\/\",\"name\":\"Kuzeyin Sesi\",\"description\":\"Do\u011fru Haberin Adresi\",\"potentialAction\":[{\"@type\":\"SearchAction\",\"target\":{\"@type\":\"EntryPoint\",\"urlTemplate\":\"https:\\\/\\\/kuzeyinsesi.org\\\/?s={search_term_string}\"},\"query-input\":{\"@type\":\"PropertyValueSpecification\",\"valueRequired\":true,\"valueName\":\"search_term_string\"}}],\"inLanguage\":\"tr\"},{\"@type\":\"Person\",\"@id\":\"https:\\\/\\\/kuzeyinsesi.org\\\/#\\\/schema\\\/person\\\/9f859689cdf01485597712386e37f5aa\",\"name\":\"Kuzeyin Sesi\",\"image\":{\"@type\":\"ImageObject\",\"inLanguage\":\"tr\",\"@id\":\"https:\\\/\\\/secure.gravatar.com\\\/avatar\\\/bab33852abfd8b282518d6ed81826833d77c3c882d9ab608add591ccace47a44?s=96&d=mm&r=g\",\"url\":\"https:\\\/\\\/secure.gravatar.com\\\/avatar\\\/bab33852abfd8b282518d6ed81826833d77c3c882d9ab608add591ccace47a44?s=96&d=mm&r=g\",\"contentUrl\":\"https:\\\/\\\/secure.gravatar.com\\\/avatar\\\/bab33852abfd8b282518d6ed81826833d77c3c882d9ab608add591ccace47a44?s=96&d=mm&r=g\",\"caption\":\"Kuzeyin Sesi\"},\"sameAs\":[\"https:\\\/\\\/kuzeyinsesi.org\"],\"url\":\"https:\\\/\\\/kuzeyinsesi.org\\\/index.php\\\/author\\\/guven\\\/\"}]}<\/script>\n<!-- \/ Yoast SEO plugin. -->","yoast_head_json":{"title":"Galatasaray Monaco&#039;dan ma\u011flup d\u00f6nd\u00fc - Kuzeyin Sesi","robots":{"index":"index","follow":"follow","max-snippet":"max-snippet:-1","max-image-preview":"max-image-preview:large","max-video-preview":"max-video-preview:-1"},"canonical":"https:\/\/kuzeyinsesi.org\/index.php\/2025\/12\/10\/galatasaray-monacodan-maglup-dondu\/","og_locale":"tr_TR","og_type":"article","og_title":"Galatasaray Monaco&#039;dan ma\u011flup d\u00f6nd\u00fc - Kuzeyin Sesi","og_description":"&#13; Temsilcimiz Galatasaray, UEFA \u015eampiyonlar Ligi&#8217;nin alt\u0131nc\u0131 haftas\u0131nda Fransa Ligi ekibi Monaco&#8217;ya konuk oldu. &#13; Fransa s\u0131n\u0131rlar\u0131ndaki \u00f6zerk Monako Prensli\u011fi&#8217;ndeki II. Louis Stad\u0131&#8217;nda yap\u0131lan m\u00fcsabaka, TS\u0130 23.00&#8217;te ba\u015flad\u0131. Kar\u015f\u0131la\u015fmada Hollanda Futbol Federasyonundan hakem Danny Makkelie d\u00fcd\u00fck \u00e7ald\u0131. Makkelie&#8217;nin yard\u0131mc\u0131l\u0131klar\u0131n\u0131 Hessel Steegstra ile Jan de Vries \u00fcstlendi. &#13; Ma\u00e7ta ilk yar\u0131da gol sesi \u00e7\u0131kmazken ikinci yar\u0131n\u0131n [&hellip;]","og_url":"https:\/\/kuzeyinsesi.org\/index.php\/2025\/12\/10\/galatasaray-monacodan-maglup-dondu\/","og_site_name":"Kuzeyin Sesi","article_publisher":"https:\/\/www.facebook.com\/kuzeyinsesii","article_published_time":"2025-12-09T22:15:18+00:00","og_image":[{"url":"https:\/\/www.trthaber.com\/dosyalar\/images\/aa_picture_20251209_39936625.jpg","type":"","width":"","height":""}],"author":"Kuzeyin Sesi","twitter_card":"summary_large_image","twitter_creator":"@kuzeyinsesii","twitter_site":"@kuzeyinsesii","twitter_misc":{"Yazan:":"Kuzeyin Sesi","Tahmini okuma s\u00fcresi":"1 dakika"},"schema":{"@context":"https:\/\/schema.org","@graph":[{"@type":"Article","@id":"https:\/\/kuzeyinsesi.org\/index.php\/2025\/12\/10\/galatasaray-monacodan-maglup-dondu\/#article","isPartOf":{"@id":"https:\/\/kuzeyinsesi.org\/index.php\/2025\/12\/10\/galatasaray-monacodan-maglup-dondu\/"},"author":{"name":"Kuzeyin Sesi","@id":"https:\/\/kuzeyinsesi.org\/#\/schema\/person\/9f859689cdf01485597712386e37f5aa"},"headline":"Galatasaray Monaco&#039;dan ma\u011flup d\u00f6nd\u00fc","datePublished":"2025-12-09T22:15:18+00:00","mainEntityOfPage":{"@id":"https:\/\/kuzeyinsesi.org\/index.php\/2025\/12\/10\/galatasaray-monacodan-maglup-dondu\/"},"wordCount":165,"commentCount":0,"image":{"@id":"https:\/\/kuzeyinsesi.org\/index.php\/2025\/12\/10\/galatasaray-monacodan-maglup-dondu\/#primaryimage"},"thumbnailUrl":"https:\/\/kuzeyinsesi.org\/wp-content\/uploads\/2025\/12\/galatasaray-aa-2423376.jpg","articleSection":["Spor"],"inLanguage":"tr","potentialAction":[{"@type":"CommentAction","name":"Comment","target":["https:\/\/kuzeyinsesi.org\/index.php\/2025\/12\/10\/galatasaray-monacodan-maglup-dondu\/#respond"]}]},{"@type":"WebPage","@id":"https:\/\/kuzeyinsesi.org\/index.php\/2025\/12\/10\/galatasaray-monacodan-maglup-dondu\/","url":"https:\/\/kuzeyinsesi.org\/index.php\/2025\/12\/10\/galatasaray-monacodan-maglup-dondu\/","name":"Galatasaray Monaco&#039;dan ma\u011flup d\u00f6nd\u00fc - Kuzeyin Sesi","isPartOf":{"@id":"https:\/\/kuzeyinsesi.org\/#website"},"primaryImageOfPage":{"@id":"https:\/\/kuzeyinsesi.org\/index.php\/2025\/12\/10\/galatasaray-monacodan-maglup-dondu\/#primaryimage"},"image":{"@id":"https:\/\/kuzeyinsesi.org\/index.php\/2025\/12\/10\/galatasaray-monacodan-maglup-dondu\/#primaryimage"},"thumbnailUrl":"https:\/\/kuzeyinsesi.org\/wp-content\/uploads\/2025\/12\/galatasaray-aa-2423376.jpg","datePublished":"2025-12-09T22:15:18+00:00","author":{"@id":"https:\/\/kuzeyinsesi.org\/#\/schema\/person\/9f859689cdf01485597712386e37f5aa"},"breadcrumb":{"@id":"https:\/\/kuzeyinsesi.org\/index.php\/2025\/12\/10\/galatasaray-monacodan-maglup-dondu\/#breadcrumb"},"inLanguage":"tr","potentialAction":[{"@type":"ReadAction","target":["https:\/\/kuzeyinsesi.org\/index.php\/2025\/12\/10\/galatasaray-monacodan-maglup-dondu\/"]}]},{"@type":"ImageObject","inLanguage":"tr","@id":"https:\/\/kuzeyinsesi.org\/index.php\/2025\/12\/10\/galatasaray-monacodan-maglup-dondu\/#primaryimage","url":"https:\/\/kuzeyinsesi.org\/wp-content\/uploads\/2025\/12\/galatasaray-aa-2423376.jpg","contentUrl":"https:\/\/kuzeyinsesi.org\/wp-content\/uploads\/2025\/12\/galatasaray-aa-2423376.jpg","width":1280,"height":720},{"@type":"BreadcrumbList","@id":"https:\/\/kuzeyinsesi.org\/index.php\/2025\/12\/10\/galatasaray-monacodan-maglup-dondu\/#breadcrumb","itemListElement":[{"@type":"ListItem","position":1,"name":"Anasayfa","item":"https:\/\/kuzeyinsesi.org\/"},{"@type":"ListItem","position":2,"name":"Galatasaray Monaco&#039;dan ma\u011flup d\u00f6nd\u00fc"}]},{"@type":"WebSite","@id":"https:\/\/kuzeyinsesi.org\/#website","url":"https:\/\/kuzeyinsesi.org\/","name":"Kuzeyin Sesi","description":"Do\u011fru Haberin Adresi","potentialAction":[{"@type":"SearchAction","target":{"@type":"EntryPoint","urlTemplate":"https:\/\/kuzeyinsesi.org\/?s={search_term_string}"},"query-input":{"@type":"PropertyValueSpecification","valueRequired":true,"valueName":"search_term_string"}}],"inLanguage":"tr"},{"@type":"Person","@id":"https:\/\/kuzeyinsesi.org\/#\/schema\/person\/9f859689cdf01485597712386e37f5aa","name":"Kuzeyin Sesi","image":{"@type":"ImageObject","inLanguage":"tr","@id":"https:\/\/secure.gravatar.com\/avatar\/bab33852abfd8b282518d6ed81826833d77c3c882d9ab608add591ccace47a44?s=96&d=mm&r=g","url":"https:\/\/secure.gravatar.com\/avatar\/bab33852abfd8b282518d6ed81826833d77c3c882d9ab608add591ccace47a44?s=96&d=mm&r=g","contentUrl":"https:\/\/secure.gravatar.com\/avatar\/bab33852abfd8b282518d6ed81826833d77c3c882d9ab608add591ccace47a44?s=96&d=mm&r=g","caption":"Kuzeyin Sesi"},"sameAs":["https:\/\/kuzeyinsesi.org"],"url":"https:\/\/kuzeyinsesi.org\/index.php\/author\/guven\/"}]}},"_links":{"self":[{"href":"https:\/\/kuzeyinsesi.org\/index.php\/wp-json\/wp\/v2\/posts\/35121","targetHints":{"allow":["GET"]}}],"collection":[{"href":"https:\/\/kuzeyinsesi.org\/index.php\/wp-json\/wp\/v2\/posts"}],"about":[{"href":"https:\/\/kuzeyinsesi.org\/index.php\/wp-json\/wp\/v2\/types\/post"}],"author":[{"embeddable":true,"href":"https:\/\/kuzeyinsesi.org\/index.php\/wp-json\/wp\/v2\/users\/1"}],"replies":[{"embeddable":true,"href":"https:\/\/kuzeyinsesi.org\/index.php\/wp-json\/wp\/v2\/comments?post=35121"}],"version-history":[{"count":0,"href":"https:\/\/kuzeyinsesi.org\/index.php\/wp-json\/wp\/v2\/posts\/35121\/revisions"}],"wp:featuredmedia":[{"embeddable":true,"href":"https:\/\/kuzeyinsesi.org\/index.php\/wp-json\/wp\/v2\/media\/35122"}],"wp:attachment":[{"href":"https:\/\/kuzeyinsesi.org\/index.php\/wp-json\/wp\/v2\/media?parent=35121"}],"wp:term":[{"taxonomy":"category","embeddable":true,"href":"https:\/\/kuzeyinsesi.org\/index.php\/wp-json\/wp\/v2\/categories?post=35121"},{"taxonomy":"post_tag","embeddable":true,"href":"https:\/\/kuzeyinsesi.org\/index.php\/wp-json\/wp\/v2\/tags?post=35121"}],"curies":[{"name":"wp","href":"https:\/\/api.w.org\/{rel}","templated":true}]}}