{"id":35084,"date":"2025-12-05T16:53:05","date_gmt":"2025-12-05T14:53:05","guid":{"rendered":"https:\/\/kuzeyinsesi.org\/index.php\/2025\/12\/05\/ziraat-turkiye-kupasinda-gruplar-belli-oldu\/"},"modified":"2025-12-05T16:53:05","modified_gmt":"2025-12-05T14:53:05","slug":"ziraat-turkiye-kupasinda-gruplar-belli-oldu","status":"publish","type":"post","link":"https:\/\/kuzeyinsesi.org\/index.php\/2025\/12\/05\/ziraat-turkiye-kupasinda-gruplar-belli-oldu\/","title":{"rendered":"Ziraat T\u00fcrkiye Kupas\u0131&#039;nda gruplar belli oldu"},"content":{"rendered":"<p><\/p>\n<div>\n<p>&#13;<br \/>\n\tT\u00fcrkiye Futbol Federasyonu (TFF) Riva Hasan Do\u011fan Milli Tak\u0131mlar Kamp ve <a href=\"https:\/\/www.trthaber.com\/etiket\/egitim\/\" target=\"_blank\">E\u011fitim<\/a> Tesisleri&#8217;nde ger\u00e7ekle\u015ftirilen kura \u00e7ekimine <a href=\"https:\/\/www.trthaber.com\/etiket\/tff\/\" target=\"_blank\">TFF<\/a> 1. Ba\u015fkan Vekili Mecnun Otyakmaz, TFF y\u00f6netim kurulu \u00fcyeleri ve kul\u00fcp temsilcileri kat\u0131ld\u0131.<\/p>\n<p>&#13;<br \/>\n\tKura \u00e7ekiminde konu\u015fan TFF 1. Ba\u015fkan Vekili Mecnun Otyakmaz, Ziraat T\u00fcrkiye Kupas\u0131&#8217;yla ayn\u0131 g\u00fcn 2026 <a href=\"https:\/\/www.trthaber.com\/etiket\/dunya-kupasi\/\" target=\"_blank\">D\u00fcnya Kupas\u0131<\/a> kuralar\u0131n\u0131n da \u00e7ekilece\u011fini hat\u0131rlatt\u0131. T\u00fcrkiye&#8217;nin de D\u00fcnya Kupas\u0131&#8217;ndaki muhtemel adaylar aras\u0131nda bulundu\u011funun alt\u0131n\u0131 \u00e7izen Otyakmaz, &#8220;Ba\u015fkan\u0131m\u0131z \u0130brahim Hac\u0131osmano\u011flu&#8217;nun her f\u0131rsatta dedi\u011fi gibi D\u00fcnya Kupas\u0131&#8217;na kat\u0131laca\u011f\u0131m\u0131za y\u00fcrekten inan\u0131yoruz. Montella y\u00f6netiminde milli tak\u0131m\u0131m\u0131z\u0131n \u00f6nce <a href=\"https:\/\/www.trthaber.com\/etiket\/romanya\/\" target=\"_blank\">Romanya<\/a> ma\u00e7\u0131n\u0131, sonras\u0131nda da <a href=\"https:\/\/www.trthaber.com\/etiket\/slovakya\/\" target=\"_blank\">Slovakya<\/a> ya da <a href=\"https:\/\/www.trthaber.com\/etiket\/kosova\/\" target=\"_blank\">Kosova<\/a> m\u00fcsabakas\u0131n\u0131 kazanaca\u011f\u0131na dair g\u00fcvenimiz tamd\u0131r. 24 y\u0131l sonra D\u00fcnya Kupas\u0131&#8217;na kat\u0131lmak istiyoruz. \u00dclkemiz, 2026 D\u00fcnya Kupas\u0131&#8217;na renk katacakt\u0131r.&#8221; ifadelerini kulland\u0131.<\/p>\n<p>&#13;<br \/>\n\tFutbolun gelece\u011finin daha parlak olmas\u0131 i\u00e7in ad\u0131mlar att\u0131klar\u0131n\u0131 vurgulayan Otyakmaz, \u015funlar\u0131 s\u00f6yledi:<\/p>\n<p>&#13;<br \/>\n\t&#8220;Kul\u00fcplerimizin Avrupa&#8217;da \u00e7\u0131tay\u0131 daha yukar\u0131ya \u00e7\u0131karmas\u0131n\u0131 istiyoruz. Avrupa i\u00e7in bir yol da Ziraat T\u00fcrkiye Kupas\u0131&#8217;d\u0131r. Kul\u00fcplerimize kupaya katk\u0131lar\u0131 i\u00e7in te\u015fekk\u00fcr ediyoruz ve ba\u015far\u0131lar diliyoruz. 24 tak\u0131m\u0131n m\u00fccadele edece\u011fi grup ma\u00e7lar\u0131nda heyecan \u00fcst seviyede olacak. Tak\u0131mlar\u0131m\u0131z 2&#8217;si evinde 2&#8217;si deplasmanda olmak \u00fczere 4&#8217;er ma\u00e7 oynayacak. \u015eimdiden t\u00fcm tak\u0131mlar\u0131m\u0131za kazas\u0131z, sakatl\u0131ks\u0131z ma\u00e7lar diliyorum.&#8221;<\/p>\n<p>&#13;<br \/>\n\tSekizer tak\u0131m\u0131n m\u00fccadele edece\u011fi 3 grupta ekipler, ikisi i\u00e7 saha, ikisi deplasman olmak \u00fczere 4 kar\u015f\u0131la\u015fmaya \u00e7\u0131kacak. Gruplar\u0131n\u0131 ilk 2 s\u0131rada bitiren tak\u0131mlar ile en iyi 2 grup \u00fc\u00e7\u00fcnc\u00fcs\u00fc \u00e7eyrek finalde m\u00fccadele etmeye hak kazanacak.<\/p>\n<h2>&#13;<br \/>\n\tA Grubu<\/h2>\n<table border=\"1\" cellpadding=\"4\" cellspacing=\"0\">&#13;<\/p>\n<thead>&#13;\n\t<\/thead>\n<p>&#13;<\/p>\n<tbody>&#13;<\/p>\n<tr>&#13;<\/p>\n<td>&#13;<br \/>\n\t\t\t\tGalatasaray<\/td>\n<p>&#13;<br \/>\n\t\t<\/tr>\n<p>&#13;<\/p>\n<tr>&#13;<\/p>\n<td>&#13;<br \/>\n\t\t\t\tRAMS Ba\u015fak\u015fehir<\/td>\n<p>&#13;<br \/>\n\t\t<\/tr>\n<p>&#13;<\/p>\n<tr>&#13;<\/p>\n<td>&#13;<br \/>\n\t\t\t\tTrabzonspor<\/td>\n<p>&#13;<br \/>\n\t\t<\/tr>\n<p>&#13;<\/p>\n<tr>&#13;<\/p>\n<td>&#13;<br \/>\n\t\t\t\tCorendon Alanyaspor<\/td>\n<p>&#13;<br \/>\n\t\t<\/tr>\n<p>&#13;<\/p>\n<tr>&#13;<\/p>\n<td>&#13;<br \/>\n\t\t\t\tM\u0131s\u0131rl\u0131.com.tr Fatih Karag\u00fcmr\u00fck<\/td>\n<p>&#13;<br \/>\n\t\t<\/tr>\n<p>&#13;<\/p>\n<tr>&#13;<\/p>\n<td>&#13;<br \/>\n\t\t\t\t\u0130stanbulspor<\/td>\n<p>&#13;<br \/>\n\t\t<\/tr>\n<p>&#13;<\/p>\n<tr>&#13;<\/p>\n<td>&#13;<br \/>\n\t\t\t\tBoluspor<\/td>\n<p>&#13;<br \/>\n\t\t<\/tr>\n<p>&#13;<\/p>\n<tr>&#13;<\/p>\n<td>&#13;<br \/>\n\t\t\t\tFethiyespor<\/td>\n<p>&#13;<br \/>\n\t\t<\/tr>\n<p>&#13;<br \/>\n\t<\/tbody>\n<p>&#13;<br \/>\n<\/table>\n<h2>&#13;<br \/>\n\tB Grubu<\/h2>\n<table border=\"1\" cellpadding=\"4\" cellspacing=\"0\">&#13;<\/p>\n<thead>&#13;\n\t<\/thead>\n<p>&#13;<\/p>\n<tbody>&#13;<\/p>\n<tr>&#13;<\/p>\n<td>&#13;<br \/>\n\t\t\t\tSamsunspor<\/td>\n<p>&#13;<br \/>\n\t\t<\/tr>\n<p>&#13;<\/p>\n<tr>&#13;<\/p>\n<td>&#13;<br \/>\n\t\t\t\tikas Ey\u00fcpspor<\/td>\n<p>&#13;<br \/>\n\t\t<\/tr>\n<p>&#13;<\/p>\n<tr>&#13;<\/p>\n<td>&#13;<br \/>\n\t\t\t\tT\u00dcMOSAN Konyaspor<\/td>\n<p>&#13;<br \/>\n\t\t<\/tr>\n<p>&#13;<\/p>\n<tr>&#13;<\/p>\n<td>&#13;<br \/>\n\t\t\t\tHesap.com Antalyaspor<\/td>\n<p>&#13;<br \/>\n\t\t<\/tr>\n<p>&#13;<\/p>\n<tr>&#13;<\/p>\n<td>&#13;<br \/>\n\t\t\t\tGen\u00e7lerbirli\u011fi<\/td>\n<p>&#13;<br \/>\n\t\t<\/tr>\n<p>&#13;<\/p>\n<tr>&#13;<\/p>\n<td>&#13;<br \/>\n\t\t\t\tSipay <a href=\"https:\/\/www.trthaber.com\/etiket\/bodrum\/\" target=\"_blank\">Bodrum<\/a> FK<\/td>\n<p>&#13;<br \/>\n\t\t<\/tr>\n<p>&#13;<\/p>\n<tr>&#13;<\/p>\n<td>&#13;<br \/>\n\t\t\t\tAlag\u00f6z Holding <a href=\"https:\/\/www.trthaber.com\/etiket\/igdir\/\" target=\"_blank\">I\u011fd\u0131r<\/a> FK<\/td>\n<p>&#13;<br \/>\n\t\t<\/tr>\n<p>&#13;<\/p>\n<tr>&#13;<\/p>\n<td>&#13;<br \/>\n\t\t\t\tAlia\u011fa Futbol<\/td>\n<p>&#13;<br \/>\n\t\t<\/tr>\n<p>&#13;<br \/>\n\t<\/tbody>\n<p>&#13;<br \/>\n<\/table>\n<h2>&#13;<br \/>\n\tC Grubu<\/h2>\n<\/p><\/div>\n","protected":false},"excerpt":{"rendered":"<p>&#13; T\u00fcrkiye Futbol Federasyonu (TFF) Riva Hasan Do\u011fan Milli Tak\u0131mlar Kamp ve E\u011fitim Tesisleri&#8217;nde ger\u00e7ekle\u015ftirilen kura \u00e7ekimine TFF 1. Ba\u015fkan Vekili Mecnun Otyakmaz, TFF y\u00f6netim kurulu \u00fcyeleri ve kul\u00fcp temsilcileri kat\u0131ld\u0131. &#13; Kura \u00e7ekiminde konu\u015fan TFF 1. Ba\u015fkan Vekili Mecnun Otyakmaz, Ziraat T\u00fcrkiye Kupas\u0131&#8217;yla ayn\u0131 g\u00fcn 2026 D\u00fcnya Kupas\u0131 kuralar\u0131n\u0131n da \u00e7ekilece\u011fini hat\u0131rlatt\u0131. T\u00fcrkiye&#8217;nin de [&hellip;]<\/p>\n","protected":false},"author":1,"featured_media":35085,"comment_status":"open","ping_status":"open","sticky":false,"template":"","format":"standard","meta":{"jnews-multi-image_gallery":[],"jnews_single_post":[],"jnews_primary_category":[],"jnews_social_meta":[],"jnews_override_counter":[],"footnotes":""},"categories":[4],"tags":[],"class_list":["post-35084","post","type-post","status-publish","format-standard","has-post-thumbnail","hentry","category-spor"],"yoast_head":"<!-- This site is optimized with the Yoast SEO plugin v27.5 - https:\/\/yoast.com\/product\/yoast-seo-wordpress\/ -->\n<title>Ziraat T\u00fcrkiye Kupas\u0131&#039;nda gruplar belli oldu - Kuzeyin Sesi<\/title>\n<meta name=\"robots\" content=\"index, follow, max-snippet:-1, max-image-preview:large, max-video-preview:-1\" \/>\n<link rel=\"canonical\" href=\"https:\/\/kuzeyinsesi.org\/index.php\/2025\/12\/05\/ziraat-turkiye-kupasinda-gruplar-belli-oldu\/\" \/>\n<meta property=\"og:locale\" content=\"tr_TR\" \/>\n<meta property=\"og:type\" content=\"article\" \/>\n<meta property=\"og:title\" content=\"Ziraat T\u00fcrkiye Kupas\u0131&#039;nda gruplar belli oldu - Kuzeyin Sesi\" \/>\n<meta property=\"og:description\" content=\"&#013; T\u00fcrkiye Futbol Federasyonu (TFF) Riva Hasan Do\u011fan Milli Tak\u0131mlar Kamp ve E\u011fitim Tesisleri&#8217;nde ger\u00e7ekle\u015ftirilen kura \u00e7ekimine TFF 1. Ba\u015fkan Vekili Mecnun Otyakmaz, TFF y\u00f6netim kurulu \u00fcyeleri ve kul\u00fcp temsilcileri kat\u0131ld\u0131. &#013; Kura \u00e7ekiminde konu\u015fan TFF 1. Ba\u015fkan Vekili Mecnun Otyakmaz, Ziraat T\u00fcrkiye Kupas\u0131&#8217;yla ayn\u0131 g\u00fcn 2026 D\u00fcnya Kupas\u0131 kuralar\u0131n\u0131n da \u00e7ekilece\u011fini hat\u0131rlatt\u0131. T\u00fcrkiye&#8217;nin de [&hellip;]\" \/>\n<meta property=\"og:url\" content=\"https:\/\/kuzeyinsesi.org\/index.php\/2025\/12\/05\/ziraat-turkiye-kupasinda-gruplar-belli-oldu\/\" \/>\n<meta property=\"og:site_name\" content=\"Kuzeyin Sesi\" \/>\n<meta property=\"article:publisher\" content=\"https:\/\/www.facebook.com\/kuzeyinsesii\" \/>\n<meta property=\"article:published_time\" content=\"2025-12-05T14:53:05+00:00\" \/>\n<meta property=\"og:image\" content=\"https:\/\/trthaberstatic.cdn.wp.trt.com.tr\/resimler\/2134000\/2134500.jpg\" \/>\n<meta name=\"author\" content=\"Kuzeyin Sesi\" \/>\n<meta name=\"twitter:card\" content=\"summary_large_image\" \/>\n<meta name=\"twitter:creator\" content=\"@kuzeyinsesii\" \/>\n<meta name=\"twitter:site\" content=\"@kuzeyinsesii\" \/>\n<meta name=\"twitter:label1\" content=\"Yazan:\" \/>\n\t<meta name=\"twitter:data1\" content=\"Kuzeyin Sesi\" \/>\n\t<meta name=\"twitter:label2\" content=\"Tahmini okuma s\u00fcresi\" \/>\n\t<meta name=\"twitter:data2\" content=\"2 dakika\" \/>\n<script type=\"application\/ld+json\" class=\"yoast-schema-graph\">{\"@context\":\"https:\\\/\\\/schema.org\",\"@graph\":[{\"@type\":\"Article\",\"@id\":\"https:\\\/\\\/kuzeyinsesi.org\\\/index.php\\\/2025\\\/12\\\/05\\\/ziraat-turkiye-kupasinda-gruplar-belli-oldu\\\/#article\",\"isPartOf\":{\"@id\":\"https:\\\/\\\/kuzeyinsesi.org\\\/index.php\\\/2025\\\/12\\\/05\\\/ziraat-turkiye-kupasinda-gruplar-belli-oldu\\\/\"},\"author\":{\"name\":\"Kuzeyin Sesi\",\"@id\":\"https:\\\/\\\/kuzeyinsesi.org\\\/#\\\/schema\\\/person\\\/9f859689cdf01485597712386e37f5aa\"},\"headline\":\"Ziraat T\u00fcrkiye Kupas\u0131&#039;nda gruplar belli oldu\",\"datePublished\":\"2025-12-05T14:53:05+00:00\",\"mainEntityOfPage\":{\"@id\":\"https:\\\/\\\/kuzeyinsesi.org\\\/index.php\\\/2025\\\/12\\\/05\\\/ziraat-turkiye-kupasinda-gruplar-belli-oldu\\\/\"},\"wordCount\":366,\"commentCount\":0,\"image\":{\"@id\":\"https:\\\/\\\/kuzeyinsesi.org\\\/index.php\\\/2025\\\/12\\\/05\\\/ziraat-turkiye-kupasinda-gruplar-belli-oldu\\\/#primaryimage\"},\"thumbnailUrl\":\"https:\\\/\\\/kuzeyinsesi.org\\\/wp-content\\\/uploads\\\/2025\\\/12\\\/2134500.jpg\",\"articleSection\":[\"Spor\"],\"inLanguage\":\"tr\",\"potentialAction\":[{\"@type\":\"CommentAction\",\"name\":\"Comment\",\"target\":[\"https:\\\/\\\/kuzeyinsesi.org\\\/index.php\\\/2025\\\/12\\\/05\\\/ziraat-turkiye-kupasinda-gruplar-belli-oldu\\\/#respond\"]}]},{\"@type\":\"WebPage\",\"@id\":\"https:\\\/\\\/kuzeyinsesi.org\\\/index.php\\\/2025\\\/12\\\/05\\\/ziraat-turkiye-kupasinda-gruplar-belli-oldu\\\/\",\"url\":\"https:\\\/\\\/kuzeyinsesi.org\\\/index.php\\\/2025\\\/12\\\/05\\\/ziraat-turkiye-kupasinda-gruplar-belli-oldu\\\/\",\"name\":\"Ziraat T\u00fcrkiye Kupas\u0131&#039;nda gruplar belli oldu - Kuzeyin Sesi\",\"isPartOf\":{\"@id\":\"https:\\\/\\\/kuzeyinsesi.org\\\/#website\"},\"primaryImageOfPage\":{\"@id\":\"https:\\\/\\\/kuzeyinsesi.org\\\/index.php\\\/2025\\\/12\\\/05\\\/ziraat-turkiye-kupasinda-gruplar-belli-oldu\\\/#primaryimage\"},\"image\":{\"@id\":\"https:\\\/\\\/kuzeyinsesi.org\\\/index.php\\\/2025\\\/12\\\/05\\\/ziraat-turkiye-kupasinda-gruplar-belli-oldu\\\/#primaryimage\"},\"thumbnailUrl\":\"https:\\\/\\\/kuzeyinsesi.org\\\/wp-content\\\/uploads\\\/2025\\\/12\\\/2134500.jpg\",\"datePublished\":\"2025-12-05T14:53:05+00:00\",\"author\":{\"@id\":\"https:\\\/\\\/kuzeyinsesi.org\\\/#\\\/schema\\\/person\\\/9f859689cdf01485597712386e37f5aa\"},\"breadcrumb\":{\"@id\":\"https:\\\/\\\/kuzeyinsesi.org\\\/index.php\\\/2025\\\/12\\\/05\\\/ziraat-turkiye-kupasinda-gruplar-belli-oldu\\\/#breadcrumb\"},\"inLanguage\":\"tr\",\"potentialAction\":[{\"@type\":\"ReadAction\",\"target\":[\"https:\\\/\\\/kuzeyinsesi.org\\\/index.php\\\/2025\\\/12\\\/05\\\/ziraat-turkiye-kupasinda-gruplar-belli-oldu\\\/\"]}]},{\"@type\":\"ImageObject\",\"inLanguage\":\"tr\",\"@id\":\"https:\\\/\\\/kuzeyinsesi.org\\\/index.php\\\/2025\\\/12\\\/05\\\/ziraat-turkiye-kupasinda-gruplar-belli-oldu\\\/#primaryimage\",\"url\":\"https:\\\/\\\/kuzeyinsesi.org\\\/wp-content\\\/uploads\\\/2025\\\/12\\\/2134500.jpg\",\"contentUrl\":\"https:\\\/\\\/kuzeyinsesi.org\\\/wp-content\\\/uploads\\\/2025\\\/12\\\/2134500.jpg\",\"width\":1280,\"height\":720},{\"@type\":\"BreadcrumbList\",\"@id\":\"https:\\\/\\\/kuzeyinsesi.org\\\/index.php\\\/2025\\\/12\\\/05\\\/ziraat-turkiye-kupasinda-gruplar-belli-oldu\\\/#breadcrumb\",\"itemListElement\":[{\"@type\":\"ListItem\",\"position\":1,\"name\":\"Anasayfa\",\"item\":\"https:\\\/\\\/kuzeyinsesi.org\\\/\"},{\"@type\":\"ListItem\",\"position\":2,\"name\":\"Ziraat T\u00fcrkiye Kupas\u0131&#039;nda gruplar belli oldu\"}]},{\"@type\":\"WebSite\",\"@id\":\"https:\\\/\\\/kuzeyinsesi.org\\\/#website\",\"url\":\"https:\\\/\\\/kuzeyinsesi.org\\\/\",\"name\":\"Kuzeyin Sesi\",\"description\":\"Do\u011fru Haberin Adresi\",\"potentialAction\":[{\"@type\":\"SearchAction\",\"target\":{\"@type\":\"EntryPoint\",\"urlTemplate\":\"https:\\\/\\\/kuzeyinsesi.org\\\/?s={search_term_string}\"},\"query-input\":{\"@type\":\"PropertyValueSpecification\",\"valueRequired\":true,\"valueName\":\"search_term_string\"}}],\"inLanguage\":\"tr\"},{\"@type\":\"Person\",\"@id\":\"https:\\\/\\\/kuzeyinsesi.org\\\/#\\\/schema\\\/person\\\/9f859689cdf01485597712386e37f5aa\",\"name\":\"Kuzeyin Sesi\",\"image\":{\"@type\":\"ImageObject\",\"inLanguage\":\"tr\",\"@id\":\"https:\\\/\\\/secure.gravatar.com\\\/avatar\\\/bab33852abfd8b282518d6ed81826833d77c3c882d9ab608add591ccace47a44?s=96&d=mm&r=g\",\"url\":\"https:\\\/\\\/secure.gravatar.com\\\/avatar\\\/bab33852abfd8b282518d6ed81826833d77c3c882d9ab608add591ccace47a44?s=96&d=mm&r=g\",\"contentUrl\":\"https:\\\/\\\/secure.gravatar.com\\\/avatar\\\/bab33852abfd8b282518d6ed81826833d77c3c882d9ab608add591ccace47a44?s=96&d=mm&r=g\",\"caption\":\"Kuzeyin Sesi\"},\"sameAs\":[\"https:\\\/\\\/kuzeyinsesi.org\"],\"url\":\"https:\\\/\\\/kuzeyinsesi.org\\\/index.php\\\/author\\\/guven\\\/\"}]}<\/script>\n<!-- \/ Yoast SEO plugin. -->","yoast_head_json":{"title":"Ziraat T\u00fcrkiye Kupas\u0131&#039;nda gruplar belli oldu - Kuzeyin Sesi","robots":{"index":"index","follow":"follow","max-snippet":"max-snippet:-1","max-image-preview":"max-image-preview:large","max-video-preview":"max-video-preview:-1"},"canonical":"https:\/\/kuzeyinsesi.org\/index.php\/2025\/12\/05\/ziraat-turkiye-kupasinda-gruplar-belli-oldu\/","og_locale":"tr_TR","og_type":"article","og_title":"Ziraat T\u00fcrkiye Kupas\u0131&#039;nda gruplar belli oldu - Kuzeyin Sesi","og_description":"&#13; T\u00fcrkiye Futbol Federasyonu (TFF) Riva Hasan Do\u011fan Milli Tak\u0131mlar Kamp ve E\u011fitim Tesisleri&#8217;nde ger\u00e7ekle\u015ftirilen kura \u00e7ekimine TFF 1. Ba\u015fkan Vekili Mecnun Otyakmaz, TFF y\u00f6netim kurulu \u00fcyeleri ve kul\u00fcp temsilcileri kat\u0131ld\u0131. &#13; Kura \u00e7ekiminde konu\u015fan TFF 1. Ba\u015fkan Vekili Mecnun Otyakmaz, Ziraat T\u00fcrkiye Kupas\u0131&#8217;yla ayn\u0131 g\u00fcn 2026 D\u00fcnya Kupas\u0131 kuralar\u0131n\u0131n da \u00e7ekilece\u011fini hat\u0131rlatt\u0131. T\u00fcrkiye&#8217;nin de [&hellip;]","og_url":"https:\/\/kuzeyinsesi.org\/index.php\/2025\/12\/05\/ziraat-turkiye-kupasinda-gruplar-belli-oldu\/","og_site_name":"Kuzeyin Sesi","article_publisher":"https:\/\/www.facebook.com\/kuzeyinsesii","article_published_time":"2025-12-05T14:53:05+00:00","og_image":[{"url":"https:\/\/trthaberstatic.cdn.wp.trt.com.tr\/resimler\/2134000\/2134500.jpg","type":"","width":"","height":""}],"author":"Kuzeyin Sesi","twitter_card":"summary_large_image","twitter_creator":"@kuzeyinsesii","twitter_site":"@kuzeyinsesii","twitter_misc":{"Yazan:":"Kuzeyin Sesi","Tahmini okuma s\u00fcresi":"2 dakika"},"schema":{"@context":"https:\/\/schema.org","@graph":[{"@type":"Article","@id":"https:\/\/kuzeyinsesi.org\/index.php\/2025\/12\/05\/ziraat-turkiye-kupasinda-gruplar-belli-oldu\/#article","isPartOf":{"@id":"https:\/\/kuzeyinsesi.org\/index.php\/2025\/12\/05\/ziraat-turkiye-kupasinda-gruplar-belli-oldu\/"},"author":{"name":"Kuzeyin Sesi","@id":"https:\/\/kuzeyinsesi.org\/#\/schema\/person\/9f859689cdf01485597712386e37f5aa"},"headline":"Ziraat T\u00fcrkiye Kupas\u0131&#039;nda gruplar belli oldu","datePublished":"2025-12-05T14:53:05+00:00","mainEntityOfPage":{"@id":"https:\/\/kuzeyinsesi.org\/index.php\/2025\/12\/05\/ziraat-turkiye-kupasinda-gruplar-belli-oldu\/"},"wordCount":366,"commentCount":0,"image":{"@id":"https:\/\/kuzeyinsesi.org\/index.php\/2025\/12\/05\/ziraat-turkiye-kupasinda-gruplar-belli-oldu\/#primaryimage"},"thumbnailUrl":"https:\/\/kuzeyinsesi.org\/wp-content\/uploads\/2025\/12\/2134500.jpg","articleSection":["Spor"],"inLanguage":"tr","potentialAction":[{"@type":"CommentAction","name":"Comment","target":["https:\/\/kuzeyinsesi.org\/index.php\/2025\/12\/05\/ziraat-turkiye-kupasinda-gruplar-belli-oldu\/#respond"]}]},{"@type":"WebPage","@id":"https:\/\/kuzeyinsesi.org\/index.php\/2025\/12\/05\/ziraat-turkiye-kupasinda-gruplar-belli-oldu\/","url":"https:\/\/kuzeyinsesi.org\/index.php\/2025\/12\/05\/ziraat-turkiye-kupasinda-gruplar-belli-oldu\/","name":"Ziraat T\u00fcrkiye Kupas\u0131&#039;nda gruplar belli oldu - Kuzeyin Sesi","isPartOf":{"@id":"https:\/\/kuzeyinsesi.org\/#website"},"primaryImageOfPage":{"@id":"https:\/\/kuzeyinsesi.org\/index.php\/2025\/12\/05\/ziraat-turkiye-kupasinda-gruplar-belli-oldu\/#primaryimage"},"image":{"@id":"https:\/\/kuzeyinsesi.org\/index.php\/2025\/12\/05\/ziraat-turkiye-kupasinda-gruplar-belli-oldu\/#primaryimage"},"thumbnailUrl":"https:\/\/kuzeyinsesi.org\/wp-content\/uploads\/2025\/12\/2134500.jpg","datePublished":"2025-12-05T14:53:05+00:00","author":{"@id":"https:\/\/kuzeyinsesi.org\/#\/schema\/person\/9f859689cdf01485597712386e37f5aa"},"breadcrumb":{"@id":"https:\/\/kuzeyinsesi.org\/index.php\/2025\/12\/05\/ziraat-turkiye-kupasinda-gruplar-belli-oldu\/#breadcrumb"},"inLanguage":"tr","potentialAction":[{"@type":"ReadAction","target":["https:\/\/kuzeyinsesi.org\/index.php\/2025\/12\/05\/ziraat-turkiye-kupasinda-gruplar-belli-oldu\/"]}]},{"@type":"ImageObject","inLanguage":"tr","@id":"https:\/\/kuzeyinsesi.org\/index.php\/2025\/12\/05\/ziraat-turkiye-kupasinda-gruplar-belli-oldu\/#primaryimage","url":"https:\/\/kuzeyinsesi.org\/wp-content\/uploads\/2025\/12\/2134500.jpg","contentUrl":"https:\/\/kuzeyinsesi.org\/wp-content\/uploads\/2025\/12\/2134500.jpg","width":1280,"height":720},{"@type":"BreadcrumbList","@id":"https:\/\/kuzeyinsesi.org\/index.php\/2025\/12\/05\/ziraat-turkiye-kupasinda-gruplar-belli-oldu\/#breadcrumb","itemListElement":[{"@type":"ListItem","position":1,"name":"Anasayfa","item":"https:\/\/kuzeyinsesi.org\/"},{"@type":"ListItem","position":2,"name":"Ziraat T\u00fcrkiye Kupas\u0131&#039;nda gruplar belli oldu"}]},{"@type":"WebSite","@id":"https:\/\/kuzeyinsesi.org\/#website","url":"https:\/\/kuzeyinsesi.org\/","name":"Kuzeyin Sesi","description":"Do\u011fru Haberin Adresi","potentialAction":[{"@type":"SearchAction","target":{"@type":"EntryPoint","urlTemplate":"https:\/\/kuzeyinsesi.org\/?s={search_term_string}"},"query-input":{"@type":"PropertyValueSpecification","valueRequired":true,"valueName":"search_term_string"}}],"inLanguage":"tr"},{"@type":"Person","@id":"https:\/\/kuzeyinsesi.org\/#\/schema\/person\/9f859689cdf01485597712386e37f5aa","name":"Kuzeyin Sesi","image":{"@type":"ImageObject","inLanguage":"tr","@id":"https:\/\/secure.gravatar.com\/avatar\/bab33852abfd8b282518d6ed81826833d77c3c882d9ab608add591ccace47a44?s=96&d=mm&r=g","url":"https:\/\/secure.gravatar.com\/avatar\/bab33852abfd8b282518d6ed81826833d77c3c882d9ab608add591ccace47a44?s=96&d=mm&r=g","contentUrl":"https:\/\/secure.gravatar.com\/avatar\/bab33852abfd8b282518d6ed81826833d77c3c882d9ab608add591ccace47a44?s=96&d=mm&r=g","caption":"Kuzeyin Sesi"},"sameAs":["https:\/\/kuzeyinsesi.org"],"url":"https:\/\/kuzeyinsesi.org\/index.php\/author\/guven\/"}]}},"_links":{"self":[{"href":"https:\/\/kuzeyinsesi.org\/index.php\/wp-json\/wp\/v2\/posts\/35084","targetHints":{"allow":["GET"]}}],"collection":[{"href":"https:\/\/kuzeyinsesi.org\/index.php\/wp-json\/wp\/v2\/posts"}],"about":[{"href":"https:\/\/kuzeyinsesi.org\/index.php\/wp-json\/wp\/v2\/types\/post"}],"author":[{"embeddable":true,"href":"https:\/\/kuzeyinsesi.org\/index.php\/wp-json\/wp\/v2\/users\/1"}],"replies":[{"embeddable":true,"href":"https:\/\/kuzeyinsesi.org\/index.php\/wp-json\/wp\/v2\/comments?post=35084"}],"version-history":[{"count":0,"href":"https:\/\/kuzeyinsesi.org\/index.php\/wp-json\/wp\/v2\/posts\/35084\/revisions"}],"wp:featuredmedia":[{"embeddable":true,"href":"https:\/\/kuzeyinsesi.org\/index.php\/wp-json\/wp\/v2\/media\/35085"}],"wp:attachment":[{"href":"https:\/\/kuzeyinsesi.org\/index.php\/wp-json\/wp\/v2\/media?parent=35084"}],"wp:term":[{"taxonomy":"category","embeddable":true,"href":"https:\/\/kuzeyinsesi.org\/index.php\/wp-json\/wp\/v2\/categories?post=35084"},{"taxonomy":"post_tag","embeddable":true,"href":"https:\/\/kuzeyinsesi.org\/index.php\/wp-json\/wp\/v2\/tags?post=35084"}],"curies":[{"name":"wp","href":"https:\/\/api.w.org\/{rel}","templated":true}]}}