{"id":35074,"date":"2025-12-04T13:11:02","date_gmt":"2025-12-04T11:11:02","guid":{"rendered":"https:\/\/kuzeyinsesi.org\/index.php\/2025\/12\/04\/dort-buyuklerin-sosyal-medyadaki-takipci-sayisi-turkiye-nufusuna-yaklasti\/"},"modified":"2025-12-04T13:11:02","modified_gmt":"2025-12-04T11:11:02","slug":"dort-buyuklerin-sosyal-medyadaki-takipci-sayisi-turkiye-nufusuna-yaklasti","status":"publish","type":"post","link":"https:\/\/kuzeyinsesi.org\/index.php\/2025\/12\/04\/dort-buyuklerin-sosyal-medyadaki-takipci-sayisi-turkiye-nufusuna-yaklasti\/","title":{"rendered":"D\u00f6rt B\u00fcy\u00fcklerin sosyal medyadaki takip\u00e7i say\u0131s\u0131 T\u00fcrkiye n\u00fcfusuna yakla\u015ft\u0131"},"content":{"rendered":"<p><\/p>\n<div>\n<p>&#13;<br \/>\n\t&#8220;D\u00f6rt B\u00fcy\u00fckler&#8217;in <a href=\"https:\/\/www.trthaber.com\/etiket\/abd\/\" target=\"_blank\">ABD<\/a> merkezli sosyal <a href=\"https:\/\/www.trthaber.com\/etiket\/medya\/\" target=\"_blank\">medya<\/a> platformlar\u0131 Instagram, <a href=\"https:\/\/www.trthaber.com\/etiket\/youtube\/\" target=\"_blank\">YouTube<\/a> ve X ile T\u00fcrkiye merkezli yeni <a href=\"https:\/\/www.trthaber.com\/etiket\/sosyal-medya\/\" target=\"_blank\">sosyal medya<\/a> platformu NSosyal&#8217;deki toplam takip\u00e7i say\u0131lar\u0131 Mart 2021&#8217;den bu yana 49 milyondan 82 milyona y\u00fckselirken taraftar g\u00f6n\u00fcl verdikleri tak\u0131mlar\u0131 sosyal medyadan takip ediyor.<\/p>\n<p>&#13;<br \/>\n\t<a href=\"https:\/\/www.trthaber.com\/etiket\/galatasaray\/\" target=\"_blank\">Galatasaray<\/a> Instagram&#8217;da 17,6 milyon, X&#8217;te 14,7 milyon, YouTube&#8217;ta 3,8 milyon ve yeni sosyal medya platformu NSosyal&#8217;de 41 bin olmak \u00fczere d\u00f6rt platformda da zirvede yer al\u0131rken, toplamda 36 milyon takip\u00e7i say\u0131s\u0131 yakalad\u0131.<\/p>\n<p>&#13;<br \/>\n\tInstagram&#8217;da 11,5 milyon, X&#8217;te 12,4 milyon ve YouTube&#8217;ta 3 milyon ve NSosyal&#8217;de 23 bin ile d\u00f6rt platformda toplamda 27 milyon takip\u00e7iye sahip <a href=\"https:\/\/www.trthaber.com\/etiket\/fenerbahce\/\" target=\"_blank\">Fenerbah\u00e7e<\/a> ise ikinci s\u0131rada bulunuyor.<\/p>\n<p>&#13;<br \/>\n\t<a href=\"https:\/\/www.trthaber.com\/etiket\/besiktas\/\" target=\"_blank\">Be\u015fikta\u015f<\/a> Instagram&#8217;da 7,6 milyon, X&#8217;te 5,8 milyon, YouTube&#8217;ta 1,6 milyon ve NSosyal&#8217;de 12 bin takip\u00e7i say\u0131s\u0131yla toplamda 15 milyonu ge\u00e7ti.<\/p>\n<p>&#13;<br \/>\n\tInstagram&#8217;da 1,4 milyon, X&#8217;te 1,9 milyon, YouTube&#8217;ta 362 bin ve NSosyal&#8217;de 13 bin takip\u00e7isi bulunan <a href=\"https:\/\/www.trthaber.com\/etiket\/trabzonspor\/\" target=\"_blank\">Trabzonspor<\/a> da 3 milyon 675 binle s\u0131ralamada yer ald\u0131.<\/p>\n<h2>&#13;<br \/>\n\tD\u00f6rt b\u00fcy\u00fcklerin d\u00f6rt platformda toplam takip\u00e7i say\u0131s\u0131<\/h2>\n<p>&#13;<br \/>\n\tD\u00f6rt B\u00fcy\u00fckler&#8217;in sosyal medya platformlar\u0131ndan Instagram, YouTube, X ve NSosyal&#8217;deki takip\u00e7i say\u0131lar\u0131 toplamda 82 milyona y\u00fckseldi.<\/p>\n<p>&#13;<br \/>\n\tGalatasaray d\u00f6rt platformda toplamda 36 milyon takip\u00e7i say\u0131s\u0131 yakalarken Fenerbah\u00e7e ise 27 milyon ile ikinci s\u0131rada bulunuyor.<\/p>\n<p>&#13;<br \/>\n\tBe\u015fikta\u015f&#8217;\u0131 bu sosyal medya platformlar\u0131nda toplamda 15 milyon, Trabzonspor ise 3 milyon 675 bin taraftar takip ediyor.<\/p>\n<table border=\"1\">&#13;<\/p>\n<thead>&#13;\n\t<\/thead>\n<p>&#13;<\/p>\n<tbody>&#13;<\/p>\n<tr>&#13;<\/p>\n<td>&#13;<br \/>\n\t\t\t\t<strong>S\u0131ra<\/strong><\/td>\n<p>&#13;<\/p>\n<td>&#13;<br \/>\n\t\t\t\t<strong>Tak\u0131m<\/strong><\/td>\n<p>&#13;<\/p>\n<td>&#13;<br \/>\n\t\t\t\t<strong>Toplam Takip\u00e7i<\/strong><\/td>\n<p>&#13;<br \/>\n\t\t<\/tr>\n<p>&#13;<\/p>\n<tr>&#13;<\/p>\n<td>&#13;<br \/>\n\t\t\t\t1<\/td>\n<p>&#13;<\/p>\n<td>&#13;<br \/>\n\t\t\t\tGalatasaray<\/td>\n<p>&#13;<\/p>\n<td>&#13;<br \/>\n\t\t\t\t36 milyon<\/td>\n<p>&#13;<br \/>\n\t\t<\/tr>\n<p>&#13;<\/p>\n<tr>&#13;<\/p>\n<td>&#13;<br \/>\n\t\t\t\t2<\/td>\n<p>&#13;<\/p>\n<td>&#13;<br \/>\n\t\t\t\tFenerbah\u00e7e<\/td>\n<p>&#13;<\/p>\n<td>&#13;<br \/>\n\t\t\t\t27 milyon<\/td>\n<p>&#13;<br \/>\n\t\t<\/tr>\n<p>&#13;<\/p>\n<tr>&#13;<\/p>\n<td>&#13;<br \/>\n\t\t\t\t3<\/td>\n<p>&#13;<\/p>\n<td>&#13;<br \/>\n\t\t\t\tBe\u015fikta\u015f<\/td>\n<p>&#13;<\/p>\n<td>&#13;<br \/>\n\t\t\t\t15 milyon<\/td>\n<p>&#13;<br \/>\n\t\t<\/tr>\n<p>&#13;<\/p>\n<tr>&#13;<\/p>\n<td>&#13;<br \/>\n\t\t\t\t4<\/td>\n<p>&#13;<\/p>\n<td>&#13;<br \/>\n\t\t\t\tTrabzonspor<\/td>\n<p>&#13;<\/p>\n<td>&#13;<br \/>\n\t\t\t\t3,7 milyon<\/td>\n<p>&#13;<br \/>\n\t\t<\/tr>\n<p>&#13;<br \/>\n\t<\/tbody>\n<p>&#13;<br \/>\n<\/table>\n<h2>&#13;<br \/>\n\tTaraftarlar tak\u0131mlar\u0131n\u0131 YouTube&#8217;tan izledi<\/h2>\n<p>&#13;<br \/>\n\tTrabzonspor, YouTube kanal\u0131n\u0131 2005&#8217;te, Galatasaray 2011&#8217;de, Be\u015fikta\u015f 2012 y\u0131l\u0131nda, Fenerbah\u00e7e ise 2013&#8217;te a\u00e7t\u0131.<\/p>\n<p>&#13;<br \/>\n\tAbone say\u0131s\u0131 YouTube \u00f6zelinde ayr\u0131 bir \u00f6nem ta\u015f\u0131yor. Kul\u00fcpler abone say\u0131s\u0131n\u0131 artt\u0131rarak YouTube&#8217;tan gelir de elde edebiliyor.<\/p>\n<p>&#13;<br \/>\n\tTaraftar say\u0131s\u0131n\u0131n az oldu\u011fu ve bu nedenle trib\u00fcn gelirlerinin d\u00fc\u015f\u00fck oldu\u011fu bu d\u00f6nemde kul\u00fcpler, YouTube kanal\u0131 abone say\u0131lar\u0131yla gelir sa\u011fl\u0131yor.<\/p>\n<p>&#13;<br \/>\n\tD\u00f6rt b\u00fcy\u00fcklerin Mart 2021&#8217;de YouTube&#8217;taki abone say\u0131s\u0131 4,6 milyon d\u00fczeyindeyken ge\u00e7en s\u00fcre zarf\u0131nda YouTube \u00f6zelinde d\u00f6rt b\u00fcy\u00fcklerin abone say\u0131s\u0131nda 4 milyondan fazla art\u0131\u015f ya\u015fand\u0131 ve 8,7 milyona yakla\u015ft\u0131.<\/p>\n<p>&#13;<br \/>\n\tGe\u00e7en yakla\u015f\u0131k 5 y\u0131l i\u00e7inde Galatasaray&#8217;\u0131n YouTube&#8217;taki abone say\u0131s\u0131 1,7 milyondan 3,8 milyona ula\u015f\u0131rken, Fenerbah\u00e7e ise 1,9 milyondan 3 milyona \u00e7\u0131kt\u0131. Be\u015fikta\u015f&#8217;\u0131n YouTube&#8217;ta abone say\u0131s\u0131 ise 820 binden 1,6 milyona y\u00fckselirken, Trabzonspor&#8217;un abone say\u0131s\u0131 ise 240 binden 362 bine \u00e7\u0131kt\u0131.<\/p>\n<h2>&#13;<br \/>\n\tX&#8217;te D\u00f6rt B\u00fcy\u00fckler&#8217;in takip\u00e7i say\u0131lar\u0131<\/h2>\n<p>&#13;<br \/>\n\tMa\u00e7lar\u0131n ard\u0131ndan trib\u00fcnden ayr\u0131lan taraftarlar\u0131n bulu\u015fup kar\u015f\u0131la\u015fmalar\u0131 yorumlad\u0131\u011f\u0131 kahvehanelerin ve di\u011fer bulu\u015fma noktalar\u0131n\u0131n yerini X ald\u0131.<\/p>\n<p>&#13;<br \/>\n\tD\u00f6rt b\u00fcy\u00fcklerin Mart 2021&#8217;de X&#8217;teki takip\u00e7isi say\u0131s\u0131 24 milyon d\u00fczeyindeyken ge\u00e7en s\u00fcre zarf\u0131nda X \u00f6zelinde d\u00f6rt b\u00fcy\u00fcklerin takip\u00e7i say\u0131s\u0131nda 10 milyondan fazla art\u0131\u015f ya\u015fand\u0131 ve 34,8 milyon oldu.<\/p>\n<p>&#13;<br \/>\n\tBu platformda 5 y\u0131ll\u0131k bir de\u011ferlendirme dikkate al\u0131nd\u0131\u011f\u0131nda Galatasaray, takip\u00e7i say\u0131s\u0131n\u0131 9,8 milyondan 14,7&#8217;ye, Fenerbah\u00e7e 8 milyondan 12,4&#8217;e, Be\u015fikta\u015f 4,5 milyondan 5,8&#8217;e ve Trabzonspor ise 1,8 milyondan 1,9 milyona y\u00fckseltti.<\/p>\n<h2>&#13;<br \/>\n\tInstagram&#8217;da 4 y\u0131lda 12 milyon art\u0131\u015f<\/h2>\n<p>&#13;<br \/>\n\tD\u00f6rt b\u00fcy\u00fcklerin Mart 2021&#8217;de <a href=\"https:\/\/www.trthaber.com\/etiket\/instagram\/\" target=\"_blank\">Instagram<\/a> platformundaki takip\u00e7i say\u0131s\u0131 20 milyon d\u00fczeyindeyken ge\u00e7en s\u00fcre zarf\u0131nda Instagram \u00f6zelinde 18 milyonluk art\u0131\u015f ya\u015fand\u0131 ve 38,1 milyon oldu.<\/p>\n<p>&#13;<br \/>\n\tS\u00f6z konusu s\u00fcre\u00e7te Galatasaray, takip\u00e7i say\u0131s\u0131n\u0131 9,6 milyondan 17,6 milyona, Fenerbah\u00e7e 6,3 milyondan 11,5 milyona, Be\u015fikta\u015f 3,8 milyondan 7,6 milyona, Trabzonspor ise 830 binden 1,4 milyona y\u00fckseltti.<\/p>\n<h2>&#13;<br \/>\n\tNSosyal&#8217;de &#8220;D\u00f6rt B\u00fcy\u00fckler&#8221; yerini ald\u0131<\/h2>\n<p>&#13;<br \/>\n\tT\u00fcrkiye merkezli yeni sosyal medya platformu NSosyal&#8217;de; Galatasaray, 41 bin takip\u00e7i ile ilk s\u0131rada yer al\u0131rken Fenerbah\u00e7e&#8217;nin ise 23 bin takip\u00e7isi bulunuyor.<\/p>\n<p>&#13;<br \/>\n\tNSosyal&#8217;de Trabzonspor&#8217;u 13 bin, Be\u015fikta\u015f&#8217;\u0131 ise 12 bin ki\u015fi takip ediyor.<\/p>\n<\/p><\/div>\n","protected":false},"excerpt":{"rendered":"<p>&#13; &#8220;D\u00f6rt B\u00fcy\u00fckler&#8217;in ABD merkezli sosyal medya platformlar\u0131 Instagram, YouTube ve X ile T\u00fcrkiye merkezli yeni sosyal medya platformu NSosyal&#8217;deki toplam takip\u00e7i say\u0131lar\u0131 Mart 2021&#8217;den bu yana 49 milyondan 82 milyona y\u00fckselirken taraftar g\u00f6n\u00fcl verdikleri tak\u0131mlar\u0131 sosyal medyadan takip ediyor. &#13; Galatasaray Instagram&#8217;da 17,6 milyon, X&#8217;te 14,7 milyon, YouTube&#8217;ta 3,8 milyon ve yeni sosyal medya [&hellip;]<\/p>\n","protected":false},"author":1,"featured_media":35075,"comment_status":"open","ping_status":"open","sticky":false,"template":"","format":"standard","meta":{"jnews-multi-image_gallery":[],"jnews_single_post":[],"jnews_primary_category":[],"jnews_social_meta":[],"jnews_override_counter":[],"footnotes":""},"categories":[4],"tags":[],"class_list":["post-35074","post","type-post","status-publish","format-standard","has-post-thumbnail","hentry","category-spor"],"yoast_head":"<!-- This site is optimized with the Yoast SEO plugin v27.5 - https:\/\/yoast.com\/product\/yoast-seo-wordpress\/ -->\n<title>D\u00f6rt B\u00fcy\u00fcklerin sosyal medyadaki takip\u00e7i say\u0131s\u0131 T\u00fcrkiye n\u00fcfusuna yakla\u015ft\u0131 - Kuzeyin Sesi<\/title>\n<meta name=\"robots\" content=\"index, follow, max-snippet:-1, max-image-preview:large, max-video-preview:-1\" \/>\n<link rel=\"canonical\" href=\"https:\/\/kuzeyinsesi.org\/index.php\/2025\/12\/04\/dort-buyuklerin-sosyal-medyadaki-takipci-sayisi-turkiye-nufusuna-yaklasti\/\" \/>\n<meta property=\"og:locale\" content=\"tr_TR\" \/>\n<meta property=\"og:type\" content=\"article\" \/>\n<meta property=\"og:title\" content=\"D\u00f6rt B\u00fcy\u00fcklerin sosyal medyadaki takip\u00e7i say\u0131s\u0131 T\u00fcrkiye n\u00fcfusuna yakla\u015ft\u0131 - Kuzeyin Sesi\" \/>\n<meta property=\"og:description\" content=\"&#013; &#8220;D\u00f6rt B\u00fcy\u00fckler&#8217;in ABD merkezli sosyal medya platformlar\u0131 Instagram, YouTube ve X ile T\u00fcrkiye merkezli yeni sosyal medya platformu NSosyal&#8217;deki toplam takip\u00e7i say\u0131lar\u0131 Mart 2021&#8217;den bu yana 49 milyondan 82 milyona y\u00fckselirken taraftar g\u00f6n\u00fcl verdikleri tak\u0131mlar\u0131 sosyal medyadan takip ediyor. &#013; Galatasaray Instagram&#8217;da 17,6 milyon, X&#8217;te 14,7 milyon, YouTube&#8217;ta 3,8 milyon ve yeni sosyal medya [&hellip;]\" \/>\n<meta property=\"og:url\" content=\"https:\/\/kuzeyinsesi.org\/index.php\/2025\/12\/04\/dort-buyuklerin-sosyal-medyadaki-takipci-sayisi-turkiye-nufusuna-yaklasti\/\" \/>\n<meta property=\"og:site_name\" content=\"Kuzeyin Sesi\" \/>\n<meta property=\"article:publisher\" content=\"https:\/\/www.facebook.com\/kuzeyinsesii\" \/>\n<meta property=\"article:published_time\" content=\"2025-12-04T11:11:02+00:00\" \/>\n<meta property=\"og:image\" content=\"https:\/\/trthaberstatic.cdn.wp.trt.com.tr\/resimler\/2422000\/dort-buyukler-2422017.jpg\" \/>\n<meta name=\"author\" content=\"Kuzeyin Sesi\" \/>\n<meta name=\"twitter:card\" content=\"summary_large_image\" \/>\n<meta name=\"twitter:creator\" content=\"@kuzeyinsesii\" \/>\n<meta name=\"twitter:site\" content=\"@kuzeyinsesii\" \/>\n<meta name=\"twitter:label1\" content=\"Yazan:\" \/>\n\t<meta name=\"twitter:data1\" content=\"Kuzeyin Sesi\" \/>\n\t<meta name=\"twitter:label2\" content=\"Tahmini okuma s\u00fcresi\" \/>\n\t<meta name=\"twitter:data2\" content=\"3 dakika\" \/>\n<script type=\"application\/ld+json\" class=\"yoast-schema-graph\">{\"@context\":\"https:\\\/\\\/schema.org\",\"@graph\":[{\"@type\":\"Article\",\"@id\":\"https:\\\/\\\/kuzeyinsesi.org\\\/index.php\\\/2025\\\/12\\\/04\\\/dort-buyuklerin-sosyal-medyadaki-takipci-sayisi-turkiye-nufusuna-yaklasti\\\/#article\",\"isPartOf\":{\"@id\":\"https:\\\/\\\/kuzeyinsesi.org\\\/index.php\\\/2025\\\/12\\\/04\\\/dort-buyuklerin-sosyal-medyadaki-takipci-sayisi-turkiye-nufusuna-yaklasti\\\/\"},\"author\":{\"name\":\"Kuzeyin Sesi\",\"@id\":\"https:\\\/\\\/kuzeyinsesi.org\\\/#\\\/schema\\\/person\\\/9f859689cdf01485597712386e37f5aa\"},\"headline\":\"D\u00f6rt B\u00fcy\u00fcklerin sosyal medyadaki takip\u00e7i say\u0131s\u0131 T\u00fcrkiye n\u00fcfusuna yakla\u015ft\u0131\",\"datePublished\":\"2025-12-04T11:11:02+00:00\",\"mainEntityOfPage\":{\"@id\":\"https:\\\/\\\/kuzeyinsesi.org\\\/index.php\\\/2025\\\/12\\\/04\\\/dort-buyuklerin-sosyal-medyadaki-takipci-sayisi-turkiye-nufusuna-yaklasti\\\/\"},\"wordCount\":672,\"commentCount\":0,\"image\":{\"@id\":\"https:\\\/\\\/kuzeyinsesi.org\\\/index.php\\\/2025\\\/12\\\/04\\\/dort-buyuklerin-sosyal-medyadaki-takipci-sayisi-turkiye-nufusuna-yaklasti\\\/#primaryimage\"},\"thumbnailUrl\":\"https:\\\/\\\/kuzeyinsesi.org\\\/wp-content\\\/uploads\\\/2025\\\/12\\\/dort-buyukler-2422017.jpg\",\"articleSection\":[\"Spor\"],\"inLanguage\":\"tr\",\"potentialAction\":[{\"@type\":\"CommentAction\",\"name\":\"Comment\",\"target\":[\"https:\\\/\\\/kuzeyinsesi.org\\\/index.php\\\/2025\\\/12\\\/04\\\/dort-buyuklerin-sosyal-medyadaki-takipci-sayisi-turkiye-nufusuna-yaklasti\\\/#respond\"]}]},{\"@type\":\"WebPage\",\"@id\":\"https:\\\/\\\/kuzeyinsesi.org\\\/index.php\\\/2025\\\/12\\\/04\\\/dort-buyuklerin-sosyal-medyadaki-takipci-sayisi-turkiye-nufusuna-yaklasti\\\/\",\"url\":\"https:\\\/\\\/kuzeyinsesi.org\\\/index.php\\\/2025\\\/12\\\/04\\\/dort-buyuklerin-sosyal-medyadaki-takipci-sayisi-turkiye-nufusuna-yaklasti\\\/\",\"name\":\"D\u00f6rt B\u00fcy\u00fcklerin sosyal medyadaki takip\u00e7i say\u0131s\u0131 T\u00fcrkiye n\u00fcfusuna yakla\u015ft\u0131 - Kuzeyin Sesi\",\"isPartOf\":{\"@id\":\"https:\\\/\\\/kuzeyinsesi.org\\\/#website\"},\"primaryImageOfPage\":{\"@id\":\"https:\\\/\\\/kuzeyinsesi.org\\\/index.php\\\/2025\\\/12\\\/04\\\/dort-buyuklerin-sosyal-medyadaki-takipci-sayisi-turkiye-nufusuna-yaklasti\\\/#primaryimage\"},\"image\":{\"@id\":\"https:\\\/\\\/kuzeyinsesi.org\\\/index.php\\\/2025\\\/12\\\/04\\\/dort-buyuklerin-sosyal-medyadaki-takipci-sayisi-turkiye-nufusuna-yaklasti\\\/#primaryimage\"},\"thumbnailUrl\":\"https:\\\/\\\/kuzeyinsesi.org\\\/wp-content\\\/uploads\\\/2025\\\/12\\\/dort-buyukler-2422017.jpg\",\"datePublished\":\"2025-12-04T11:11:02+00:00\",\"author\":{\"@id\":\"https:\\\/\\\/kuzeyinsesi.org\\\/#\\\/schema\\\/person\\\/9f859689cdf01485597712386e37f5aa\"},\"breadcrumb\":{\"@id\":\"https:\\\/\\\/kuzeyinsesi.org\\\/index.php\\\/2025\\\/12\\\/04\\\/dort-buyuklerin-sosyal-medyadaki-takipci-sayisi-turkiye-nufusuna-yaklasti\\\/#breadcrumb\"},\"inLanguage\":\"tr\",\"potentialAction\":[{\"@type\":\"ReadAction\",\"target\":[\"https:\\\/\\\/kuzeyinsesi.org\\\/index.php\\\/2025\\\/12\\\/04\\\/dort-buyuklerin-sosyal-medyadaki-takipci-sayisi-turkiye-nufusuna-yaklasti\\\/\"]}]},{\"@type\":\"ImageObject\",\"inLanguage\":\"tr\",\"@id\":\"https:\\\/\\\/kuzeyinsesi.org\\\/index.php\\\/2025\\\/12\\\/04\\\/dort-buyuklerin-sosyal-medyadaki-takipci-sayisi-turkiye-nufusuna-yaklasti\\\/#primaryimage\",\"url\":\"https:\\\/\\\/kuzeyinsesi.org\\\/wp-content\\\/uploads\\\/2025\\\/12\\\/dort-buyukler-2422017.jpg\",\"contentUrl\":\"https:\\\/\\\/kuzeyinsesi.org\\\/wp-content\\\/uploads\\\/2025\\\/12\\\/dort-buyukler-2422017.jpg\",\"width\":1280,\"height\":720},{\"@type\":\"BreadcrumbList\",\"@id\":\"https:\\\/\\\/kuzeyinsesi.org\\\/index.php\\\/2025\\\/12\\\/04\\\/dort-buyuklerin-sosyal-medyadaki-takipci-sayisi-turkiye-nufusuna-yaklasti\\\/#breadcrumb\",\"itemListElement\":[{\"@type\":\"ListItem\",\"position\":1,\"name\":\"Anasayfa\",\"item\":\"https:\\\/\\\/kuzeyinsesi.org\\\/\"},{\"@type\":\"ListItem\",\"position\":2,\"name\":\"D\u00f6rt B\u00fcy\u00fcklerin sosyal medyadaki takip\u00e7i say\u0131s\u0131 T\u00fcrkiye n\u00fcfusuna yakla\u015ft\u0131\"}]},{\"@type\":\"WebSite\",\"@id\":\"https:\\\/\\\/kuzeyinsesi.org\\\/#website\",\"url\":\"https:\\\/\\\/kuzeyinsesi.org\\\/\",\"name\":\"Kuzeyin Sesi\",\"description\":\"Do\u011fru Haberin Adresi\",\"potentialAction\":[{\"@type\":\"SearchAction\",\"target\":{\"@type\":\"EntryPoint\",\"urlTemplate\":\"https:\\\/\\\/kuzeyinsesi.org\\\/?s={search_term_string}\"},\"query-input\":{\"@type\":\"PropertyValueSpecification\",\"valueRequired\":true,\"valueName\":\"search_term_string\"}}],\"inLanguage\":\"tr\"},{\"@type\":\"Person\",\"@id\":\"https:\\\/\\\/kuzeyinsesi.org\\\/#\\\/schema\\\/person\\\/9f859689cdf01485597712386e37f5aa\",\"name\":\"Kuzeyin Sesi\",\"image\":{\"@type\":\"ImageObject\",\"inLanguage\":\"tr\",\"@id\":\"https:\\\/\\\/secure.gravatar.com\\\/avatar\\\/bab33852abfd8b282518d6ed81826833d77c3c882d9ab608add591ccace47a44?s=96&d=mm&r=g\",\"url\":\"https:\\\/\\\/secure.gravatar.com\\\/avatar\\\/bab33852abfd8b282518d6ed81826833d77c3c882d9ab608add591ccace47a44?s=96&d=mm&r=g\",\"contentUrl\":\"https:\\\/\\\/secure.gravatar.com\\\/avatar\\\/bab33852abfd8b282518d6ed81826833d77c3c882d9ab608add591ccace47a44?s=96&d=mm&r=g\",\"caption\":\"Kuzeyin Sesi\"},\"sameAs\":[\"https:\\\/\\\/kuzeyinsesi.org\"],\"url\":\"https:\\\/\\\/kuzeyinsesi.org\\\/index.php\\\/author\\\/guven\\\/\"}]}<\/script>\n<!-- \/ Yoast SEO plugin. -->","yoast_head_json":{"title":"D\u00f6rt B\u00fcy\u00fcklerin sosyal medyadaki takip\u00e7i say\u0131s\u0131 T\u00fcrkiye n\u00fcfusuna yakla\u015ft\u0131 - Kuzeyin Sesi","robots":{"index":"index","follow":"follow","max-snippet":"max-snippet:-1","max-image-preview":"max-image-preview:large","max-video-preview":"max-video-preview:-1"},"canonical":"https:\/\/kuzeyinsesi.org\/index.php\/2025\/12\/04\/dort-buyuklerin-sosyal-medyadaki-takipci-sayisi-turkiye-nufusuna-yaklasti\/","og_locale":"tr_TR","og_type":"article","og_title":"D\u00f6rt B\u00fcy\u00fcklerin sosyal medyadaki takip\u00e7i say\u0131s\u0131 T\u00fcrkiye n\u00fcfusuna yakla\u015ft\u0131 - Kuzeyin Sesi","og_description":"&#13; &#8220;D\u00f6rt B\u00fcy\u00fckler&#8217;in ABD merkezli sosyal medya platformlar\u0131 Instagram, YouTube ve X ile T\u00fcrkiye merkezli yeni sosyal medya platformu NSosyal&#8217;deki toplam takip\u00e7i say\u0131lar\u0131 Mart 2021&#8217;den bu yana 49 milyondan 82 milyona y\u00fckselirken taraftar g\u00f6n\u00fcl verdikleri tak\u0131mlar\u0131 sosyal medyadan takip ediyor. &#13; Galatasaray Instagram&#8217;da 17,6 milyon, X&#8217;te 14,7 milyon, YouTube&#8217;ta 3,8 milyon ve yeni sosyal medya [&hellip;]","og_url":"https:\/\/kuzeyinsesi.org\/index.php\/2025\/12\/04\/dort-buyuklerin-sosyal-medyadaki-takipci-sayisi-turkiye-nufusuna-yaklasti\/","og_site_name":"Kuzeyin Sesi","article_publisher":"https:\/\/www.facebook.com\/kuzeyinsesii","article_published_time":"2025-12-04T11:11:02+00:00","og_image":[{"url":"https:\/\/trthaberstatic.cdn.wp.trt.com.tr\/resimler\/2422000\/dort-buyukler-2422017.jpg","type":"","width":"","height":""}],"author":"Kuzeyin Sesi","twitter_card":"summary_large_image","twitter_creator":"@kuzeyinsesii","twitter_site":"@kuzeyinsesii","twitter_misc":{"Yazan:":"Kuzeyin Sesi","Tahmini okuma s\u00fcresi":"3 dakika"},"schema":{"@context":"https:\/\/schema.org","@graph":[{"@type":"Article","@id":"https:\/\/kuzeyinsesi.org\/index.php\/2025\/12\/04\/dort-buyuklerin-sosyal-medyadaki-takipci-sayisi-turkiye-nufusuna-yaklasti\/#article","isPartOf":{"@id":"https:\/\/kuzeyinsesi.org\/index.php\/2025\/12\/04\/dort-buyuklerin-sosyal-medyadaki-takipci-sayisi-turkiye-nufusuna-yaklasti\/"},"author":{"name":"Kuzeyin Sesi","@id":"https:\/\/kuzeyinsesi.org\/#\/schema\/person\/9f859689cdf01485597712386e37f5aa"},"headline":"D\u00f6rt B\u00fcy\u00fcklerin sosyal medyadaki takip\u00e7i say\u0131s\u0131 T\u00fcrkiye n\u00fcfusuna yakla\u015ft\u0131","datePublished":"2025-12-04T11:11:02+00:00","mainEntityOfPage":{"@id":"https:\/\/kuzeyinsesi.org\/index.php\/2025\/12\/04\/dort-buyuklerin-sosyal-medyadaki-takipci-sayisi-turkiye-nufusuna-yaklasti\/"},"wordCount":672,"commentCount":0,"image":{"@id":"https:\/\/kuzeyinsesi.org\/index.php\/2025\/12\/04\/dort-buyuklerin-sosyal-medyadaki-takipci-sayisi-turkiye-nufusuna-yaklasti\/#primaryimage"},"thumbnailUrl":"https:\/\/kuzeyinsesi.org\/wp-content\/uploads\/2025\/12\/dort-buyukler-2422017.jpg","articleSection":["Spor"],"inLanguage":"tr","potentialAction":[{"@type":"CommentAction","name":"Comment","target":["https:\/\/kuzeyinsesi.org\/index.php\/2025\/12\/04\/dort-buyuklerin-sosyal-medyadaki-takipci-sayisi-turkiye-nufusuna-yaklasti\/#respond"]}]},{"@type":"WebPage","@id":"https:\/\/kuzeyinsesi.org\/index.php\/2025\/12\/04\/dort-buyuklerin-sosyal-medyadaki-takipci-sayisi-turkiye-nufusuna-yaklasti\/","url":"https:\/\/kuzeyinsesi.org\/index.php\/2025\/12\/04\/dort-buyuklerin-sosyal-medyadaki-takipci-sayisi-turkiye-nufusuna-yaklasti\/","name":"D\u00f6rt B\u00fcy\u00fcklerin sosyal medyadaki takip\u00e7i say\u0131s\u0131 T\u00fcrkiye n\u00fcfusuna yakla\u015ft\u0131 - Kuzeyin Sesi","isPartOf":{"@id":"https:\/\/kuzeyinsesi.org\/#website"},"primaryImageOfPage":{"@id":"https:\/\/kuzeyinsesi.org\/index.php\/2025\/12\/04\/dort-buyuklerin-sosyal-medyadaki-takipci-sayisi-turkiye-nufusuna-yaklasti\/#primaryimage"},"image":{"@id":"https:\/\/kuzeyinsesi.org\/index.php\/2025\/12\/04\/dort-buyuklerin-sosyal-medyadaki-takipci-sayisi-turkiye-nufusuna-yaklasti\/#primaryimage"},"thumbnailUrl":"https:\/\/kuzeyinsesi.org\/wp-content\/uploads\/2025\/12\/dort-buyukler-2422017.jpg","datePublished":"2025-12-04T11:11:02+00:00","author":{"@id":"https:\/\/kuzeyinsesi.org\/#\/schema\/person\/9f859689cdf01485597712386e37f5aa"},"breadcrumb":{"@id":"https:\/\/kuzeyinsesi.org\/index.php\/2025\/12\/04\/dort-buyuklerin-sosyal-medyadaki-takipci-sayisi-turkiye-nufusuna-yaklasti\/#breadcrumb"},"inLanguage":"tr","potentialAction":[{"@type":"ReadAction","target":["https:\/\/kuzeyinsesi.org\/index.php\/2025\/12\/04\/dort-buyuklerin-sosyal-medyadaki-takipci-sayisi-turkiye-nufusuna-yaklasti\/"]}]},{"@type":"ImageObject","inLanguage":"tr","@id":"https:\/\/kuzeyinsesi.org\/index.php\/2025\/12\/04\/dort-buyuklerin-sosyal-medyadaki-takipci-sayisi-turkiye-nufusuna-yaklasti\/#primaryimage","url":"https:\/\/kuzeyinsesi.org\/wp-content\/uploads\/2025\/12\/dort-buyukler-2422017.jpg","contentUrl":"https:\/\/kuzeyinsesi.org\/wp-content\/uploads\/2025\/12\/dort-buyukler-2422017.jpg","width":1280,"height":720},{"@type":"BreadcrumbList","@id":"https:\/\/kuzeyinsesi.org\/index.php\/2025\/12\/04\/dort-buyuklerin-sosyal-medyadaki-takipci-sayisi-turkiye-nufusuna-yaklasti\/#breadcrumb","itemListElement":[{"@type":"ListItem","position":1,"name":"Anasayfa","item":"https:\/\/kuzeyinsesi.org\/"},{"@type":"ListItem","position":2,"name":"D\u00f6rt B\u00fcy\u00fcklerin sosyal medyadaki takip\u00e7i say\u0131s\u0131 T\u00fcrkiye n\u00fcfusuna yakla\u015ft\u0131"}]},{"@type":"WebSite","@id":"https:\/\/kuzeyinsesi.org\/#website","url":"https:\/\/kuzeyinsesi.org\/","name":"Kuzeyin Sesi","description":"Do\u011fru Haberin Adresi","potentialAction":[{"@type":"SearchAction","target":{"@type":"EntryPoint","urlTemplate":"https:\/\/kuzeyinsesi.org\/?s={search_term_string}"},"query-input":{"@type":"PropertyValueSpecification","valueRequired":true,"valueName":"search_term_string"}}],"inLanguage":"tr"},{"@type":"Person","@id":"https:\/\/kuzeyinsesi.org\/#\/schema\/person\/9f859689cdf01485597712386e37f5aa","name":"Kuzeyin Sesi","image":{"@type":"ImageObject","inLanguage":"tr","@id":"https:\/\/secure.gravatar.com\/avatar\/bab33852abfd8b282518d6ed81826833d77c3c882d9ab608add591ccace47a44?s=96&d=mm&r=g","url":"https:\/\/secure.gravatar.com\/avatar\/bab33852abfd8b282518d6ed81826833d77c3c882d9ab608add591ccace47a44?s=96&d=mm&r=g","contentUrl":"https:\/\/secure.gravatar.com\/avatar\/bab33852abfd8b282518d6ed81826833d77c3c882d9ab608add591ccace47a44?s=96&d=mm&r=g","caption":"Kuzeyin Sesi"},"sameAs":["https:\/\/kuzeyinsesi.org"],"url":"https:\/\/kuzeyinsesi.org\/index.php\/author\/guven\/"}]}},"_links":{"self":[{"href":"https:\/\/kuzeyinsesi.org\/index.php\/wp-json\/wp\/v2\/posts\/35074","targetHints":{"allow":["GET"]}}],"collection":[{"href":"https:\/\/kuzeyinsesi.org\/index.php\/wp-json\/wp\/v2\/posts"}],"about":[{"href":"https:\/\/kuzeyinsesi.org\/index.php\/wp-json\/wp\/v2\/types\/post"}],"author":[{"embeddable":true,"href":"https:\/\/kuzeyinsesi.org\/index.php\/wp-json\/wp\/v2\/users\/1"}],"replies":[{"embeddable":true,"href":"https:\/\/kuzeyinsesi.org\/index.php\/wp-json\/wp\/v2\/comments?post=35074"}],"version-history":[{"count":0,"href":"https:\/\/kuzeyinsesi.org\/index.php\/wp-json\/wp\/v2\/posts\/35074\/revisions"}],"wp:featuredmedia":[{"embeddable":true,"href":"https:\/\/kuzeyinsesi.org\/index.php\/wp-json\/wp\/v2\/media\/35075"}],"wp:attachment":[{"href":"https:\/\/kuzeyinsesi.org\/index.php\/wp-json\/wp\/v2\/media?parent=35074"}],"wp:term":[{"taxonomy":"category","embeddable":true,"href":"https:\/\/kuzeyinsesi.org\/index.php\/wp-json\/wp\/v2\/categories?post=35074"},{"taxonomy":"post_tag","embeddable":true,"href":"https:\/\/kuzeyinsesi.org\/index.php\/wp-json\/wp\/v2\/tags?post=35074"}],"curies":[{"name":"wp","href":"https:\/\/api.w.org\/{rel}","templated":true}]}}