{"id":35043,"date":"2025-12-02T11:56:08","date_gmt":"2025-12-02T09:56:08","guid":{"rendered":"https:\/\/kuzeyinsesi.org\/index.php\/2025\/12\/02\/milli-para-sporcular-uluslararasi-organizasyonlarda-218-madalya-kazandi\/"},"modified":"2025-12-02T11:56:08","modified_gmt":"2025-12-02T09:56:08","slug":"milli-para-sporcular-uluslararasi-organizasyonlarda-218-madalya-kazandi","status":"publish","type":"post","link":"https:\/\/kuzeyinsesi.org\/index.php\/2025\/12\/02\/milli-para-sporcular-uluslararasi-organizasyonlarda-218-madalya-kazandi\/","title":{"rendered":"Milli para sporcular uluslararas\u0131 organizasyonlarda 218 madalya kazand\u0131"},"content":{"rendered":"<p><\/p>\n<div>\n<p>&#13;<br \/>\n\t<a href=\"https:\/\/www.trthaber.com\/etiket\/birlesmis-milletler\/\" target=\"_blank\">Birle\u015fmi\u015f Milletler<\/a> taraf\u0131ndan 1992&#8217;den bu yana engelli bireyler i\u00e7in fark\u0131ndal\u0131k olu\u015fturmak amac\u0131yla desteklenen 3 Aral\u0131k D\u00fcnya <a href=\"https:\/\/www.trthaber.com\/etiket\/engelliler\/\" target=\"_blank\">Engelliler<\/a> G\u00fcn\u00fc&#8217;nde engelli bireylerin toplumsal fark\u0131ndal\u0131\u011f\u0131n\u0131 art\u0131rmak, haklar\u0131n\u0131 savunmak ve toplumsal e\u015fitli\u011fi <a href=\"https:\/\/www.trthaber.com\/etiket\/tesvik\/\" target=\"_blank\">te\u015fvik<\/a> etmek hedefleniyor.<\/p>\n<p>&#13;<br \/>\n\tBu kapsamda <a href=\"https:\/\/www.trthaber.com\/etiket\/genclik-ve-spor-bakanligi\/\" target=\"_blank\">Gen\u00e7lik ve Spor Bakanl\u0131\u011f\u0131<\/a> da engelli bireyler i\u00e7in \u00f6zel projeler geli\u015ftirerek, onlar\u0131n sporla hayata tutunmalar\u0131 i\u00e7in \u00e7al\u0131\u015fmalar\u0131n\u0131 s\u00fcrd\u00fcr\u00fcyor.<\/p>\n<p>&#13;<br \/>\n\tBakanl\u0131ktan al\u0131nan bilgilere g\u00f6re milli para sporcular, 1 Ocak-27 Kas\u0131m 2025 tarihlerinde d\u00fczenlenen d\u00fcnya \u015fampiyonalar\u0131nda 13 alt\u0131n, 24 <a href=\"https:\/\/www.trthaber.com\/etiket\/gumus\/\" target=\"_blank\">g\u00fcm\u00fc\u015f<\/a> ve 21 bronz olmak \u00fczere 58 madalya kazand\u0131.<\/p>\n<p>&#13;<br \/>\n\tAy-y\u0131ld\u0131zl\u0131lar, Avrupa \u015fampiyonalar\u0131nda ise 65 alt\u0131n, 56 g\u00fcm\u00fc\u015f ve 39 bronz olmak \u00fczere 160 madalya elde etti.<\/p>\n<p>&#13;<br \/>\n\tPara d\u00fcnya ve Avrupa \u015fampiyonalar\u0131nda kazan\u0131lan madalyalar\u0131n bran\u015flara g\u00f6re da\u011f\u0131l\u0131m\u0131 \u015fu \u015fekilde:<\/p>\n<p>&#13;<br \/>\n\tAt\u0131c\u0131l\u0131k: Para D\u00fcnya \u015eampiyonas\u0131&#8217;nda 1 alt\u0131n, Para Avrupa \u015eampiyonas\u0131&#8217;nda ise 4 alt\u0131n, 2 g\u00fcm\u00fc\u015f, 1 bronz<\/p>\n<p>&#13;<br \/>\n\tAtletizm: Para D\u00fcnya \u015eampiyonas\u0131&#8217;nda 1 alt\u0131n, 4 g\u00fcm\u00fc\u015f<\/p>\n<p>&#13;<br \/>\n\tBadminton: Para Avrupa \u015eampiyonas\u0131&#8217;nda 4 g\u00fcm\u00fc\u015f, 6 bronz<\/p>\n<p>&#13;<br \/>\n\tDans: Para D\u00fcnya \u015eampiyonas\u0131&#8217;nda 2 g\u00fcm\u00fc\u015f, 1 bronz<\/p>\n<p>&#13;<br \/>\n\tEskrim: Para D\u00fcnya \u015eampiyonas\u0131&#8217;nda 1 bronz<\/p>\n<p>&#13;<br \/>\n\tG\u00f6rme Engelliler: Para D\u00fcnya \u015eampiyonas\u0131&#8217;nda 1 g\u00fcm\u00fc\u015f, Para Avrupa \u015eampiyonas\u0131&#8217;nda 2 alt\u0131n<\/p>\n<p>&#13;<br \/>\n\tHalter: Para D\u00fcnya \u015eampiyonas\u0131&#8217;nda 1 alt\u0131n, 1 g\u00fcm\u00fc\u015f<\/p>\n<p>&#13;<br \/>\n\tJudo: Para D\u00fcnya \u015eampiyonas\u0131&#8217;nda 2 g\u00fcm\u00fc\u015f, 4 bronz, Para Avrupa \u015eampiyonas\u0131&#8217;nda 2 alt\u0131n, 2 g\u00fcm\u00fc\u015f, 6 bronz<\/p>\n<p>&#13;<br \/>\n\tKarate: Para Avrupa \u015eampiyonas\u0131&#8217;nda 2 alt\u0131n<\/p>\n<p>&#13;<br \/>\n\tK\u00fcrek: Para D\u00fcnya \u015eampiyonas\u0131&#8217;nda 1 alt\u0131n<\/p>\n<p>&#13;<br \/>\n\tMasa Tenisi: Para Avrupa \u015eampiyonas\u0131&#8217;nda 1 alt\u0131n, 4 g\u00fcm\u00fc\u015f, 3 bronz<\/p>\n<p>&#13;<br \/>\n\tOk\u00e7uluk: Para D\u00fcnya \u015eampiyonas\u0131&#8217;nda 1 alt\u0131n, 3 g\u00fcm\u00fc\u015f<\/p>\n<p>&#13;<br \/>\n\tTekvando: Para Avrupa \u015eampiyonas\u0131&#8217;nda 1 alt\u0131n, 4 g\u00fcm\u00fc\u015f, 3 bronz<\/p>\n<p>&#13;<br \/>\n\tTriatlon: Para Avrupa \u015eampiyonas\u0131&#8217;nda 1 g\u00fcm\u00fc\u015f<\/p>\n<p>&#13;<br \/>\n\tV\u00fccut Geli\u015ftirme: Para Avrupa \u015eampiyonas\u0131&#8217;nda 1 alt\u0131n<\/p>\n<p>&#13;<br \/>\n\tY\u00fczme: Para D\u00fcnya \u015eampiyonas\u0131&#8217;nda 5 alt\u0131n, 1 g\u00fcm\u00fc\u015f, 4 bronz<\/p>\n<h2>&#13;<br \/>\n\tEn \u00e7ok madalyay\u0131 \u00f6zel sporcular kazand\u0131<\/h2>\n<p>&#13;<br \/>\n\tPara <a href=\"https:\/\/www.trthaber.com\/etiket\/milli-sporcular\/\" target=\"_blank\">milli sporcular<\/a> aras\u0131nda bu y\u0131l d\u00fcnya ve Avrupa \u015fampiyonalar\u0131nda en \u00e7ok madalyay\u0131 \u00f6zel sporcular elde etti.<\/p>\n<p>&#13;<br \/>\n\t\u00d6zel sporcular, d\u00fcnya \u015fampiyonalar\u0131nda 3 alt\u0131n, 10 g\u00fcm\u00fc\u015f, 11 bronz, Avrupa \u015fampiyonalar\u0131nda ise 52 alt\u0131n, 39 g\u00fcm\u00fc\u015f, 20 bronz olmak \u00fczere 135 madalya kazand\u0131.<\/p>\n<h2>&#13;<br \/>\n\tBakan Bak: Engelli vatanda\u015flar\u0131m\u0131z sadece 3 Aral\u0131k&#8217;ta de\u011fil, her an akl\u0131m\u0131zda<\/h2>\n<p>&#13;<br \/>\n\tGen\u00e7lik ve Spor Bakan\u0131 Osman A\u015fk\u0131n Bak, 3 Aral\u0131k <a href=\"https:\/\/www.trthaber.com\/etiket\/dunya-engelliler-gunu\/\" target=\"_blank\">D\u00fcnya Engelliler G\u00fcn\u00fc<\/a> dolay\u0131s\u0131yla AA&#8217;ya yapt\u0131\u011f\u0131 a\u00e7\u0131klamada, &#8220;Engelli vatanda\u015flar\u0131m\u0131z sadece 3 Aral\u0131k&#8217;ta de\u011fil, her an akl\u0131m\u0131zda. Engelli bireyler i\u00e7in sporun ve hayat\u0131n her alan\u0131nda devrim niteli\u011finde yat\u0131r\u0131mlar yapmaya kararl\u0131l\u0131kla devam ediyoruz.&#8221; dedi.<\/p>\n<p>&#13;<br \/>\n\tBakanl\u0131k olarak Cumhurba\u015fkan\u0131 Recep Tayyip Erdo\u011fan&#8217;\u0131n direktifleri do\u011frultusunda engelli bireyler i\u00e7in \u00f6zel projeler \u00fcrettiklerini aktaran Bak, &#8220;Bakanl\u0131\u011f\u0131m\u0131z her vatanda\u015f\u0131m\u0131z\u0131n e\u015fit ko\u015fullarda hayata kat\u0131l\u0131m\u0131n\u0131 sa\u011flamay\u0131 temel ilke edinmektedir. Uluslararas\u0131 alanda adeta destan yazan sporcular\u0131m\u0131z\u0131n ba\u015far\u0131s\u0131, bu \u00e7aba ve eme\u011fimizin en somut \u00f6rneklerinden biridir. Hayata ge\u00e7irdi\u011fimiz Engelsiz Gen\u00e7lik Merkezi ve Engelsiz Spor Okullar\u0131 ile her ya\u015ftan bireyin spora kat\u0131l\u0131m\u0131n\u0131 art\u0131rarak yeni ba\u015far\u0131 hikayelerinin yaz\u0131lmas\u0131na \u00f6nc\u00fcl\u00fck ediyoruz. Bedensel, g\u00f6rme, i\u015fitme engelliler ve \u00f6zel sporcular federasyonlar\u0131m\u0131z\u0131n i\u015f birli\u011fiyle <a href=\"https:\/\/www.trthaber.com\/etiket\/egitim\/\" target=\"_blank\">e\u011fitim<\/a> verdi\u011fimiz antren\u00f6rlerimiz arac\u0131l\u0131\u011f\u0131yla engelli bireylerin spora aktif kat\u0131l\u0131m\u0131n\u0131 te\u015fvik ettik. \u00d6zel gereksinimi olan bireylerin sporla bulu\u015fmas\u0131na, spor altyap\u0131s\u0131n\u0131n geli\u015fmesine katk\u0131 sunmaya devam edece\u011fiz.&#8221; ifadelerini kulland\u0131.<\/p>\n<p>&#13;<br \/>\n\tBakan Bak, 2007 y\u0131l\u0131ndan sonra engelli eri\u015fimine uygun yap\u0131lan spor tesisleriyle engelli vatanda\u015flar\u0131n \u00f6n\u00fcndeki t\u00fcm sorunlar\u0131n kald\u0131r\u0131ld\u0131\u011f\u0131n\u0131 vurgulayarak, \u015funlar\u0131 kaydetti:<\/p>\n<p>&#13;<br \/>\n\t&#8220;Daha \u00f6nce evinden \u00e7\u0131kamayan engelli vatanda\u015flar\u0131m\u0131z, engelli eri\u015fimine uygun yap\u0131lan spor tesisleriyle hayata tutundu. Engelli vatanda\u015flar\u0131m\u0131z sadece 3 Aral\u0131k&#8217;ta de\u011fil, her an akl\u0131m\u0131zda. \u00dclke olarak ciddi bir spor altyap\u0131s\u0131na ve alan\u0131nda uzman antren\u00f6rlere sahibiz. Her engelli bireyimizin, engel derecesine g\u00f6re mutlaka ilgilenece\u011fi ve yapaca\u011f\u0131 bir spor bran\u015f\u0131 var. <a href=\"https:\/\/www.trthaber.com\/etiket\/aksaray\/\" target=\"_blank\">Aksaray<\/a> ilimizde sadece engelli sporcular\u0131m\u0131z\u0131n, paralimpik oyunlara haz\u0131rlanabilmeleri i\u00e7in \u00f6zel olarak, T\u00fcrkiye&#8217;nin ilk Paralimpik Oyunlar Haz\u0131rl\u0131k Merkezi&#8217;ni 2015 y\u0131l\u0131nda hizmete a\u00e7t\u0131k. Haz\u0131rl\u0131k merkezinin yan\u0131nda 2021&#8217;de engelli sporcular\u0131n eri\u015fimine uygun 7 antrenman salonuna sahip merkez spor salonu binas\u0131 faaliyete ge\u00e7ti. Tak\u0131mlar, merkezden d\u0131\u015far\u0131 \u00e7\u0131kma gereksinimi duymadan antrenmanlar\u0131n\u0131 kolayl\u0131kla yapabiliyor. Spor salonlar\u0131n\u0131n konaklama alan\u0131na yak\u0131n konumda olmas\u0131 da milli tak\u0131mlar ve kentteki di\u011fer engelli sporcular i\u00e7in avantaj sa\u011fl\u0131yor.&#8221;<\/p>\n<\/p><\/div>\n","protected":false},"excerpt":{"rendered":"<p>&#13; Birle\u015fmi\u015f Milletler taraf\u0131ndan 1992&#8217;den bu yana engelli bireyler i\u00e7in fark\u0131ndal\u0131k olu\u015fturmak amac\u0131yla desteklenen 3 Aral\u0131k D\u00fcnya Engelliler G\u00fcn\u00fc&#8217;nde engelli bireylerin toplumsal fark\u0131ndal\u0131\u011f\u0131n\u0131 art\u0131rmak, haklar\u0131n\u0131 savunmak ve toplumsal e\u015fitli\u011fi te\u015fvik etmek hedefleniyor. &#13; Bu kapsamda Gen\u00e7lik ve Spor Bakanl\u0131\u011f\u0131 da engelli bireyler i\u00e7in \u00f6zel projeler geli\u015ftirerek, onlar\u0131n sporla hayata tutunmalar\u0131 i\u00e7in \u00e7al\u0131\u015fmalar\u0131n\u0131 s\u00fcrd\u00fcr\u00fcyor. &#13; Bakanl\u0131ktan [&hellip;]<\/p>\n","protected":false},"author":1,"featured_media":35044,"comment_status":"open","ping_status":"open","sticky":false,"template":"","format":"standard","meta":{"jnews-multi-image_gallery":[],"jnews_single_post":[],"jnews_primary_category":[],"jnews_social_meta":[],"jnews_override_counter":[],"footnotes":""},"categories":[4],"tags":[],"class_list":["post-35043","post","type-post","status-publish","format-standard","has-post-thumbnail","hentry","category-spor"],"yoast_head":"<!-- This site is optimized with the Yoast SEO plugin v27.5 - https:\/\/yoast.com\/product\/yoast-seo-wordpress\/ -->\n<title>Milli para sporcular uluslararas\u0131 organizasyonlarda 218 madalya kazand\u0131 - Kuzeyin Sesi<\/title>\n<meta name=\"robots\" content=\"index, follow, max-snippet:-1, max-image-preview:large, max-video-preview:-1\" \/>\n<link rel=\"canonical\" href=\"https:\/\/kuzeyinsesi.org\/index.php\/2025\/12\/02\/milli-para-sporcular-uluslararasi-organizasyonlarda-218-madalya-kazandi\/\" \/>\n<meta property=\"og:locale\" content=\"tr_TR\" \/>\n<meta property=\"og:type\" content=\"article\" \/>\n<meta property=\"og:title\" content=\"Milli para sporcular uluslararas\u0131 organizasyonlarda 218 madalya kazand\u0131 - Kuzeyin Sesi\" \/>\n<meta property=\"og:description\" content=\"&#013; Birle\u015fmi\u015f Milletler taraf\u0131ndan 1992&#8217;den bu yana engelli bireyler i\u00e7in fark\u0131ndal\u0131k olu\u015fturmak amac\u0131yla desteklenen 3 Aral\u0131k D\u00fcnya Engelliler G\u00fcn\u00fc&#8217;nde engelli bireylerin toplumsal fark\u0131ndal\u0131\u011f\u0131n\u0131 art\u0131rmak, haklar\u0131n\u0131 savunmak ve toplumsal e\u015fitli\u011fi te\u015fvik etmek hedefleniyor. &#013; Bu kapsamda Gen\u00e7lik ve Spor Bakanl\u0131\u011f\u0131 da engelli bireyler i\u00e7in \u00f6zel projeler geli\u015ftirerek, onlar\u0131n sporla hayata tutunmalar\u0131 i\u00e7in \u00e7al\u0131\u015fmalar\u0131n\u0131 s\u00fcrd\u00fcr\u00fcyor. &#013; Bakanl\u0131ktan [&hellip;]\" \/>\n<meta property=\"og:url\" content=\"https:\/\/kuzeyinsesi.org\/index.php\/2025\/12\/02\/milli-para-sporcular-uluslararasi-organizasyonlarda-218-madalya-kazandi\/\" \/>\n<meta property=\"og:site_name\" content=\"Kuzeyin Sesi\" \/>\n<meta property=\"article:publisher\" content=\"https:\/\/www.facebook.com\/kuzeyinsesii\" \/>\n<meta property=\"article:published_time\" content=\"2025-12-02T09:56:08+00:00\" \/>\n<meta property=\"og:image\" content=\"https:\/\/trthaberstatic.cdn.wp.trt.com.tr\/resimler\/2420000\/para-sporcular-2421286.jpg\" \/>\n<meta name=\"author\" content=\"Kuzeyin Sesi\" \/>\n<meta name=\"twitter:card\" content=\"summary_large_image\" \/>\n<meta name=\"twitter:creator\" content=\"@kuzeyinsesii\" \/>\n<meta name=\"twitter:site\" content=\"@kuzeyinsesii\" \/>\n<meta name=\"twitter:label1\" content=\"Yazan:\" \/>\n\t<meta name=\"twitter:data1\" content=\"Kuzeyin Sesi\" \/>\n\t<meta name=\"twitter:label2\" content=\"Tahmini okuma s\u00fcresi\" \/>\n\t<meta name=\"twitter:data2\" content=\"4 dakika\" \/>\n<script type=\"application\/ld+json\" class=\"yoast-schema-graph\">{\"@context\":\"https:\\\/\\\/schema.org\",\"@graph\":[{\"@type\":\"Article\",\"@id\":\"https:\\\/\\\/kuzeyinsesi.org\\\/index.php\\\/2025\\\/12\\\/02\\\/milli-para-sporcular-uluslararasi-organizasyonlarda-218-madalya-kazandi\\\/#article\",\"isPartOf\":{\"@id\":\"https:\\\/\\\/kuzeyinsesi.org\\\/index.php\\\/2025\\\/12\\\/02\\\/milli-para-sporcular-uluslararasi-organizasyonlarda-218-madalya-kazandi\\\/\"},\"author\":{\"name\":\"Kuzeyin Sesi\",\"@id\":\"https:\\\/\\\/kuzeyinsesi.org\\\/#\\\/schema\\\/person\\\/9f859689cdf01485597712386e37f5aa\"},\"headline\":\"Milli para sporcular uluslararas\u0131 organizasyonlarda 218 madalya kazand\u0131\",\"datePublished\":\"2025-12-02T09:56:08+00:00\",\"mainEntityOfPage\":{\"@id\":\"https:\\\/\\\/kuzeyinsesi.org\\\/index.php\\\/2025\\\/12\\\/02\\\/milli-para-sporcular-uluslararasi-organizasyonlarda-218-madalya-kazandi\\\/\"},\"wordCount\":816,\"commentCount\":0,\"image\":{\"@id\":\"https:\\\/\\\/kuzeyinsesi.org\\\/index.php\\\/2025\\\/12\\\/02\\\/milli-para-sporcular-uluslararasi-organizasyonlarda-218-madalya-kazandi\\\/#primaryimage\"},\"thumbnailUrl\":\"https:\\\/\\\/kuzeyinsesi.org\\\/wp-content\\\/uploads\\\/2025\\\/12\\\/para-sporcular-2421286.jpg\",\"articleSection\":[\"Spor\"],\"inLanguage\":\"tr\",\"potentialAction\":[{\"@type\":\"CommentAction\",\"name\":\"Comment\",\"target\":[\"https:\\\/\\\/kuzeyinsesi.org\\\/index.php\\\/2025\\\/12\\\/02\\\/milli-para-sporcular-uluslararasi-organizasyonlarda-218-madalya-kazandi\\\/#respond\"]}]},{\"@type\":\"WebPage\",\"@id\":\"https:\\\/\\\/kuzeyinsesi.org\\\/index.php\\\/2025\\\/12\\\/02\\\/milli-para-sporcular-uluslararasi-organizasyonlarda-218-madalya-kazandi\\\/\",\"url\":\"https:\\\/\\\/kuzeyinsesi.org\\\/index.php\\\/2025\\\/12\\\/02\\\/milli-para-sporcular-uluslararasi-organizasyonlarda-218-madalya-kazandi\\\/\",\"name\":\"Milli para sporcular uluslararas\u0131 organizasyonlarda 218 madalya kazand\u0131 - Kuzeyin Sesi\",\"isPartOf\":{\"@id\":\"https:\\\/\\\/kuzeyinsesi.org\\\/#website\"},\"primaryImageOfPage\":{\"@id\":\"https:\\\/\\\/kuzeyinsesi.org\\\/index.php\\\/2025\\\/12\\\/02\\\/milli-para-sporcular-uluslararasi-organizasyonlarda-218-madalya-kazandi\\\/#primaryimage\"},\"image\":{\"@id\":\"https:\\\/\\\/kuzeyinsesi.org\\\/index.php\\\/2025\\\/12\\\/02\\\/milli-para-sporcular-uluslararasi-organizasyonlarda-218-madalya-kazandi\\\/#primaryimage\"},\"thumbnailUrl\":\"https:\\\/\\\/kuzeyinsesi.org\\\/wp-content\\\/uploads\\\/2025\\\/12\\\/para-sporcular-2421286.jpg\",\"datePublished\":\"2025-12-02T09:56:08+00:00\",\"author\":{\"@id\":\"https:\\\/\\\/kuzeyinsesi.org\\\/#\\\/schema\\\/person\\\/9f859689cdf01485597712386e37f5aa\"},\"breadcrumb\":{\"@id\":\"https:\\\/\\\/kuzeyinsesi.org\\\/index.php\\\/2025\\\/12\\\/02\\\/milli-para-sporcular-uluslararasi-organizasyonlarda-218-madalya-kazandi\\\/#breadcrumb\"},\"inLanguage\":\"tr\",\"potentialAction\":[{\"@type\":\"ReadAction\",\"target\":[\"https:\\\/\\\/kuzeyinsesi.org\\\/index.php\\\/2025\\\/12\\\/02\\\/milli-para-sporcular-uluslararasi-organizasyonlarda-218-madalya-kazandi\\\/\"]}]},{\"@type\":\"ImageObject\",\"inLanguage\":\"tr\",\"@id\":\"https:\\\/\\\/kuzeyinsesi.org\\\/index.php\\\/2025\\\/12\\\/02\\\/milli-para-sporcular-uluslararasi-organizasyonlarda-218-madalya-kazandi\\\/#primaryimage\",\"url\":\"https:\\\/\\\/kuzeyinsesi.org\\\/wp-content\\\/uploads\\\/2025\\\/12\\\/para-sporcular-2421286.jpg\",\"contentUrl\":\"https:\\\/\\\/kuzeyinsesi.org\\\/wp-content\\\/uploads\\\/2025\\\/12\\\/para-sporcular-2421286.jpg\",\"width\":1280,\"height\":720},{\"@type\":\"BreadcrumbList\",\"@id\":\"https:\\\/\\\/kuzeyinsesi.org\\\/index.php\\\/2025\\\/12\\\/02\\\/milli-para-sporcular-uluslararasi-organizasyonlarda-218-madalya-kazandi\\\/#breadcrumb\",\"itemListElement\":[{\"@type\":\"ListItem\",\"position\":1,\"name\":\"Anasayfa\",\"item\":\"https:\\\/\\\/kuzeyinsesi.org\\\/\"},{\"@type\":\"ListItem\",\"position\":2,\"name\":\"Milli para sporcular uluslararas\u0131 organizasyonlarda 218 madalya kazand\u0131\"}]},{\"@type\":\"WebSite\",\"@id\":\"https:\\\/\\\/kuzeyinsesi.org\\\/#website\",\"url\":\"https:\\\/\\\/kuzeyinsesi.org\\\/\",\"name\":\"Kuzeyin Sesi\",\"description\":\"Do\u011fru Haberin Adresi\",\"potentialAction\":[{\"@type\":\"SearchAction\",\"target\":{\"@type\":\"EntryPoint\",\"urlTemplate\":\"https:\\\/\\\/kuzeyinsesi.org\\\/?s={search_term_string}\"},\"query-input\":{\"@type\":\"PropertyValueSpecification\",\"valueRequired\":true,\"valueName\":\"search_term_string\"}}],\"inLanguage\":\"tr\"},{\"@type\":\"Person\",\"@id\":\"https:\\\/\\\/kuzeyinsesi.org\\\/#\\\/schema\\\/person\\\/9f859689cdf01485597712386e37f5aa\",\"name\":\"Kuzeyin Sesi\",\"image\":{\"@type\":\"ImageObject\",\"inLanguage\":\"tr\",\"@id\":\"https:\\\/\\\/secure.gravatar.com\\\/avatar\\\/bab33852abfd8b282518d6ed81826833d77c3c882d9ab608add591ccace47a44?s=96&d=mm&r=g\",\"url\":\"https:\\\/\\\/secure.gravatar.com\\\/avatar\\\/bab33852abfd8b282518d6ed81826833d77c3c882d9ab608add591ccace47a44?s=96&d=mm&r=g\",\"contentUrl\":\"https:\\\/\\\/secure.gravatar.com\\\/avatar\\\/bab33852abfd8b282518d6ed81826833d77c3c882d9ab608add591ccace47a44?s=96&d=mm&r=g\",\"caption\":\"Kuzeyin Sesi\"},\"sameAs\":[\"https:\\\/\\\/kuzeyinsesi.org\"],\"url\":\"https:\\\/\\\/kuzeyinsesi.org\\\/index.php\\\/author\\\/guven\\\/\"}]}<\/script>\n<!-- \/ Yoast SEO plugin. -->","yoast_head_json":{"title":"Milli para sporcular uluslararas\u0131 organizasyonlarda 218 madalya kazand\u0131 - Kuzeyin Sesi","robots":{"index":"index","follow":"follow","max-snippet":"max-snippet:-1","max-image-preview":"max-image-preview:large","max-video-preview":"max-video-preview:-1"},"canonical":"https:\/\/kuzeyinsesi.org\/index.php\/2025\/12\/02\/milli-para-sporcular-uluslararasi-organizasyonlarda-218-madalya-kazandi\/","og_locale":"tr_TR","og_type":"article","og_title":"Milli para sporcular uluslararas\u0131 organizasyonlarda 218 madalya kazand\u0131 - Kuzeyin Sesi","og_description":"&#13; Birle\u015fmi\u015f Milletler taraf\u0131ndan 1992&#8217;den bu yana engelli bireyler i\u00e7in fark\u0131ndal\u0131k olu\u015fturmak amac\u0131yla desteklenen 3 Aral\u0131k D\u00fcnya Engelliler G\u00fcn\u00fc&#8217;nde engelli bireylerin toplumsal fark\u0131ndal\u0131\u011f\u0131n\u0131 art\u0131rmak, haklar\u0131n\u0131 savunmak ve toplumsal e\u015fitli\u011fi te\u015fvik etmek hedefleniyor. &#13; Bu kapsamda Gen\u00e7lik ve Spor Bakanl\u0131\u011f\u0131 da engelli bireyler i\u00e7in \u00f6zel projeler geli\u015ftirerek, onlar\u0131n sporla hayata tutunmalar\u0131 i\u00e7in \u00e7al\u0131\u015fmalar\u0131n\u0131 s\u00fcrd\u00fcr\u00fcyor. &#13; Bakanl\u0131ktan [&hellip;]","og_url":"https:\/\/kuzeyinsesi.org\/index.php\/2025\/12\/02\/milli-para-sporcular-uluslararasi-organizasyonlarda-218-madalya-kazandi\/","og_site_name":"Kuzeyin Sesi","article_publisher":"https:\/\/www.facebook.com\/kuzeyinsesii","article_published_time":"2025-12-02T09:56:08+00:00","og_image":[{"url":"https:\/\/trthaberstatic.cdn.wp.trt.com.tr\/resimler\/2420000\/para-sporcular-2421286.jpg","type":"","width":"","height":""}],"author":"Kuzeyin Sesi","twitter_card":"summary_large_image","twitter_creator":"@kuzeyinsesii","twitter_site":"@kuzeyinsesii","twitter_misc":{"Yazan:":"Kuzeyin Sesi","Tahmini okuma s\u00fcresi":"4 dakika"},"schema":{"@context":"https:\/\/schema.org","@graph":[{"@type":"Article","@id":"https:\/\/kuzeyinsesi.org\/index.php\/2025\/12\/02\/milli-para-sporcular-uluslararasi-organizasyonlarda-218-madalya-kazandi\/#article","isPartOf":{"@id":"https:\/\/kuzeyinsesi.org\/index.php\/2025\/12\/02\/milli-para-sporcular-uluslararasi-organizasyonlarda-218-madalya-kazandi\/"},"author":{"name":"Kuzeyin Sesi","@id":"https:\/\/kuzeyinsesi.org\/#\/schema\/person\/9f859689cdf01485597712386e37f5aa"},"headline":"Milli para sporcular uluslararas\u0131 organizasyonlarda 218 madalya kazand\u0131","datePublished":"2025-12-02T09:56:08+00:00","mainEntityOfPage":{"@id":"https:\/\/kuzeyinsesi.org\/index.php\/2025\/12\/02\/milli-para-sporcular-uluslararasi-organizasyonlarda-218-madalya-kazandi\/"},"wordCount":816,"commentCount":0,"image":{"@id":"https:\/\/kuzeyinsesi.org\/index.php\/2025\/12\/02\/milli-para-sporcular-uluslararasi-organizasyonlarda-218-madalya-kazandi\/#primaryimage"},"thumbnailUrl":"https:\/\/kuzeyinsesi.org\/wp-content\/uploads\/2025\/12\/para-sporcular-2421286.jpg","articleSection":["Spor"],"inLanguage":"tr","potentialAction":[{"@type":"CommentAction","name":"Comment","target":["https:\/\/kuzeyinsesi.org\/index.php\/2025\/12\/02\/milli-para-sporcular-uluslararasi-organizasyonlarda-218-madalya-kazandi\/#respond"]}]},{"@type":"WebPage","@id":"https:\/\/kuzeyinsesi.org\/index.php\/2025\/12\/02\/milli-para-sporcular-uluslararasi-organizasyonlarda-218-madalya-kazandi\/","url":"https:\/\/kuzeyinsesi.org\/index.php\/2025\/12\/02\/milli-para-sporcular-uluslararasi-organizasyonlarda-218-madalya-kazandi\/","name":"Milli para sporcular uluslararas\u0131 organizasyonlarda 218 madalya kazand\u0131 - Kuzeyin Sesi","isPartOf":{"@id":"https:\/\/kuzeyinsesi.org\/#website"},"primaryImageOfPage":{"@id":"https:\/\/kuzeyinsesi.org\/index.php\/2025\/12\/02\/milli-para-sporcular-uluslararasi-organizasyonlarda-218-madalya-kazandi\/#primaryimage"},"image":{"@id":"https:\/\/kuzeyinsesi.org\/index.php\/2025\/12\/02\/milli-para-sporcular-uluslararasi-organizasyonlarda-218-madalya-kazandi\/#primaryimage"},"thumbnailUrl":"https:\/\/kuzeyinsesi.org\/wp-content\/uploads\/2025\/12\/para-sporcular-2421286.jpg","datePublished":"2025-12-02T09:56:08+00:00","author":{"@id":"https:\/\/kuzeyinsesi.org\/#\/schema\/person\/9f859689cdf01485597712386e37f5aa"},"breadcrumb":{"@id":"https:\/\/kuzeyinsesi.org\/index.php\/2025\/12\/02\/milli-para-sporcular-uluslararasi-organizasyonlarda-218-madalya-kazandi\/#breadcrumb"},"inLanguage":"tr","potentialAction":[{"@type":"ReadAction","target":["https:\/\/kuzeyinsesi.org\/index.php\/2025\/12\/02\/milli-para-sporcular-uluslararasi-organizasyonlarda-218-madalya-kazandi\/"]}]},{"@type":"ImageObject","inLanguage":"tr","@id":"https:\/\/kuzeyinsesi.org\/index.php\/2025\/12\/02\/milli-para-sporcular-uluslararasi-organizasyonlarda-218-madalya-kazandi\/#primaryimage","url":"https:\/\/kuzeyinsesi.org\/wp-content\/uploads\/2025\/12\/para-sporcular-2421286.jpg","contentUrl":"https:\/\/kuzeyinsesi.org\/wp-content\/uploads\/2025\/12\/para-sporcular-2421286.jpg","width":1280,"height":720},{"@type":"BreadcrumbList","@id":"https:\/\/kuzeyinsesi.org\/index.php\/2025\/12\/02\/milli-para-sporcular-uluslararasi-organizasyonlarda-218-madalya-kazandi\/#breadcrumb","itemListElement":[{"@type":"ListItem","position":1,"name":"Anasayfa","item":"https:\/\/kuzeyinsesi.org\/"},{"@type":"ListItem","position":2,"name":"Milli para sporcular uluslararas\u0131 organizasyonlarda 218 madalya kazand\u0131"}]},{"@type":"WebSite","@id":"https:\/\/kuzeyinsesi.org\/#website","url":"https:\/\/kuzeyinsesi.org\/","name":"Kuzeyin Sesi","description":"Do\u011fru Haberin Adresi","potentialAction":[{"@type":"SearchAction","target":{"@type":"EntryPoint","urlTemplate":"https:\/\/kuzeyinsesi.org\/?s={search_term_string}"},"query-input":{"@type":"PropertyValueSpecification","valueRequired":true,"valueName":"search_term_string"}}],"inLanguage":"tr"},{"@type":"Person","@id":"https:\/\/kuzeyinsesi.org\/#\/schema\/person\/9f859689cdf01485597712386e37f5aa","name":"Kuzeyin Sesi","image":{"@type":"ImageObject","inLanguage":"tr","@id":"https:\/\/secure.gravatar.com\/avatar\/bab33852abfd8b282518d6ed81826833d77c3c882d9ab608add591ccace47a44?s=96&d=mm&r=g","url":"https:\/\/secure.gravatar.com\/avatar\/bab33852abfd8b282518d6ed81826833d77c3c882d9ab608add591ccace47a44?s=96&d=mm&r=g","contentUrl":"https:\/\/secure.gravatar.com\/avatar\/bab33852abfd8b282518d6ed81826833d77c3c882d9ab608add591ccace47a44?s=96&d=mm&r=g","caption":"Kuzeyin Sesi"},"sameAs":["https:\/\/kuzeyinsesi.org"],"url":"https:\/\/kuzeyinsesi.org\/index.php\/author\/guven\/"}]}},"_links":{"self":[{"href":"https:\/\/kuzeyinsesi.org\/index.php\/wp-json\/wp\/v2\/posts\/35043","targetHints":{"allow":["GET"]}}],"collection":[{"href":"https:\/\/kuzeyinsesi.org\/index.php\/wp-json\/wp\/v2\/posts"}],"about":[{"href":"https:\/\/kuzeyinsesi.org\/index.php\/wp-json\/wp\/v2\/types\/post"}],"author":[{"embeddable":true,"href":"https:\/\/kuzeyinsesi.org\/index.php\/wp-json\/wp\/v2\/users\/1"}],"replies":[{"embeddable":true,"href":"https:\/\/kuzeyinsesi.org\/index.php\/wp-json\/wp\/v2\/comments?post=35043"}],"version-history":[{"count":0,"href":"https:\/\/kuzeyinsesi.org\/index.php\/wp-json\/wp\/v2\/posts\/35043\/revisions"}],"wp:featuredmedia":[{"embeddable":true,"href":"https:\/\/kuzeyinsesi.org\/index.php\/wp-json\/wp\/v2\/media\/35044"}],"wp:attachment":[{"href":"https:\/\/kuzeyinsesi.org\/index.php\/wp-json\/wp\/v2\/media?parent=35043"}],"wp:term":[{"taxonomy":"category","embeddable":true,"href":"https:\/\/kuzeyinsesi.org\/index.php\/wp-json\/wp\/v2\/categories?post=35043"},{"taxonomy":"post_tag","embeddable":true,"href":"https:\/\/kuzeyinsesi.org\/index.php\/wp-json\/wp\/v2\/tags?post=35043"}],"curies":[{"name":"wp","href":"https:\/\/api.w.org\/{rel}","templated":true}]}}