{"id":35016,"date":"2025-11-30T19:57:31","date_gmt":"2025-11-30T17:57:31","guid":{"rendered":"https:\/\/kuzeyinsesi.org\/index.php\/2025\/11\/30\/12-dev-adam-dunya-kupasi-elemelerinde-isvicreyi-8560-yendi\/"},"modified":"2025-11-30T19:57:31","modified_gmt":"2025-11-30T17:57:31","slug":"12-dev-adam-dunya-kupasi-elemelerinde-isvicreyi-8560-yendi","status":"publish","type":"post","link":"https:\/\/kuzeyinsesi.org\/index.php\/2025\/11\/30\/12-dev-adam-dunya-kupasi-elemelerinde-isvicreyi-8560-yendi\/","title":{"rendered":"12 Dev Adam D\u00fcnya Kupas\u0131 Elemeleri&#039;nde \u0130svi\u00e7re&#039;yi 8560 yendi"},"content":{"rendered":"<p><\/p>\n<div>\n<p>&#13;<br \/>\n\tA Milli Erkek Basketbol Tak\u0131m\u0131m\u0131z, FIBA 2027 D\u00fcnya Kupas\u0131 Avrupa Elemeleri 1. Tur C Grubu ikinci ma\u00e7\u0131nda deplasmanda \u0130svi\u00e7re ile kar\u015f\u0131la\u015ft\u0131.<\/p>\n<p>&#13;<br \/>\n\t12 Dev Adam, TRT 1&#8217;den naklen yay\u0131nlanan kar\u015f\u0131la\u015fmay\u0131 85-60 kazanarak 2&#8217;de 2 yapt\u0131.<\/p>\n<p>&#13;<br \/>\n\tT\u00fcrkiye, D\u00fcnya Kupas\u0131 yolunda sahas\u0131nda \u00e7\u0131kt\u0131\u011f\u0131 ilk m\u00fccadelede Bosna Hersek&#8217;i 93-71 ma\u011flup etmi\u015fti.<\/p>\n<\/p><\/div>\n","protected":false},"excerpt":{"rendered":"<p>&#13; A Milli Erkek Basketbol Tak\u0131m\u0131m\u0131z, FIBA 2027 D\u00fcnya Kupas\u0131 Avrupa Elemeleri 1. Tur C Grubu ikinci ma\u00e7\u0131nda deplasmanda \u0130svi\u00e7re ile kar\u015f\u0131la\u015ft\u0131. &#13; 12 Dev Adam, TRT 1&#8217;den naklen yay\u0131nlanan kar\u015f\u0131la\u015fmay\u0131 85-60 kazanarak 2&#8217;de 2 yapt\u0131. &#13; T\u00fcrkiye, D\u00fcnya Kupas\u0131 yolunda sahas\u0131nda \u00e7\u0131kt\u0131\u011f\u0131 ilk m\u00fccadelede Bosna Hersek&#8217;i 93-71 ma\u011flup etmi\u015fti.<\/p>\n","protected":false},"author":1,"featured_media":35017,"comment_status":"open","ping_status":"open","sticky":false,"template":"","format":"standard","meta":{"jnews-multi-image_gallery":[],"jnews_single_post":[],"jnews_primary_category":[],"jnews_social_meta":[],"jnews_override_counter":[],"footnotes":""},"categories":[4],"tags":[],"class_list":["post-35016","post","type-post","status-publish","format-standard","has-post-thumbnail","hentry","category-spor"],"yoast_head":"<!-- This site is optimized with the Yoast SEO plugin v27.5 - https:\/\/yoast.com\/product\/yoast-seo-wordpress\/ -->\n<title>12 Dev Adam D\u00fcnya Kupas\u0131 Elemeleri&#039;nde \u0130svi\u00e7re&#039;yi 8560 yendi - Kuzeyin Sesi<\/title>\n<meta name=\"robots\" content=\"index, follow, max-snippet:-1, max-image-preview:large, max-video-preview:-1\" \/>\n<link rel=\"canonical\" href=\"https:\/\/kuzeyinsesi.org\/index.php\/2025\/11\/30\/12-dev-adam-dunya-kupasi-elemelerinde-isvicreyi-8560-yendi\/\" \/>\n<meta property=\"og:locale\" content=\"tr_TR\" \/>\n<meta property=\"og:type\" content=\"article\" \/>\n<meta property=\"og:title\" content=\"12 Dev Adam D\u00fcnya Kupas\u0131 Elemeleri&#039;nde \u0130svi\u00e7re&#039;yi 8560 yendi - Kuzeyin Sesi\" \/>\n<meta property=\"og:description\" content=\"&#013; A Milli Erkek Basketbol Tak\u0131m\u0131m\u0131z, FIBA 2027 D\u00fcnya Kupas\u0131 Avrupa Elemeleri 1. Tur C Grubu ikinci ma\u00e7\u0131nda deplasmanda \u0130svi\u00e7re ile kar\u015f\u0131la\u015ft\u0131. &#013; 12 Dev Adam, TRT 1&#8217;den naklen yay\u0131nlanan kar\u015f\u0131la\u015fmay\u0131 85-60 kazanarak 2&#8217;de 2 yapt\u0131. &#013; T\u00fcrkiye, D\u00fcnya Kupas\u0131 yolunda sahas\u0131nda \u00e7\u0131kt\u0131\u011f\u0131 ilk m\u00fccadelede Bosna Hersek&#8217;i 93-71 ma\u011flup etmi\u015fti.\" \/>\n<meta property=\"og:url\" content=\"https:\/\/kuzeyinsesi.org\/index.php\/2025\/11\/30\/12-dev-adam-dunya-kupasi-elemelerinde-isvicreyi-8560-yendi\/\" \/>\n<meta property=\"og:site_name\" content=\"Kuzeyin Sesi\" \/>\n<meta property=\"article:publisher\" content=\"https:\/\/www.facebook.com\/kuzeyinsesii\" \/>\n<meta property=\"article:published_time\" content=\"2025-11-30T17:57:31+00:00\" \/>\n<meta property=\"og:image\" content=\"https:\/\/trthaberstatic.cdn.wp.trt.com.tr\/resimler\/2420000\/12-dev-adam-aa-2420966.jpg\" \/>\n<meta name=\"author\" content=\"Kuzeyin Sesi\" \/>\n<meta name=\"twitter:card\" content=\"summary_large_image\" \/>\n<meta name=\"twitter:creator\" content=\"@kuzeyinsesii\" \/>\n<meta name=\"twitter:site\" content=\"@kuzeyinsesii\" \/>\n<meta name=\"twitter:label1\" content=\"Yazan:\" \/>\n\t<meta name=\"twitter:data1\" content=\"Kuzeyin Sesi\" \/>\n<script type=\"application\/ld+json\" class=\"yoast-schema-graph\">{\"@context\":\"https:\\\/\\\/schema.org\",\"@graph\":[{\"@type\":\"Article\",\"@id\":\"https:\\\/\\\/kuzeyinsesi.org\\\/index.php\\\/2025\\\/11\\\/30\\\/12-dev-adam-dunya-kupasi-elemelerinde-isvicreyi-8560-yendi\\\/#article\",\"isPartOf\":{\"@id\":\"https:\\\/\\\/kuzeyinsesi.org\\\/index.php\\\/2025\\\/11\\\/30\\\/12-dev-adam-dunya-kupasi-elemelerinde-isvicreyi-8560-yendi\\\/\"},\"author\":{\"name\":\"Kuzeyin Sesi\",\"@id\":\"https:\\\/\\\/kuzeyinsesi.org\\\/#\\\/schema\\\/person\\\/9f859689cdf01485597712386e37f5aa\"},\"headline\":\"12 Dev Adam D\u00fcnya Kupas\u0131 Elemeleri&#039;nde \u0130svi\u00e7re&#039;yi 8560 yendi\",\"datePublished\":\"2025-11-30T17:57:31+00:00\",\"mainEntityOfPage\":{\"@id\":\"https:\\\/\\\/kuzeyinsesi.org\\\/index.php\\\/2025\\\/11\\\/30\\\/12-dev-adam-dunya-kupasi-elemelerinde-isvicreyi-8560-yendi\\\/\"},\"wordCount\":72,\"commentCount\":0,\"image\":{\"@id\":\"https:\\\/\\\/kuzeyinsesi.org\\\/index.php\\\/2025\\\/11\\\/30\\\/12-dev-adam-dunya-kupasi-elemelerinde-isvicreyi-8560-yendi\\\/#primaryimage\"},\"thumbnailUrl\":\"https:\\\/\\\/kuzeyinsesi.org\\\/wp-content\\\/uploads\\\/2025\\\/11\\\/12-dev-adam-aa-2420966.jpg\",\"articleSection\":[\"Spor\"],\"inLanguage\":\"tr\",\"potentialAction\":[{\"@type\":\"CommentAction\",\"name\":\"Comment\",\"target\":[\"https:\\\/\\\/kuzeyinsesi.org\\\/index.php\\\/2025\\\/11\\\/30\\\/12-dev-adam-dunya-kupasi-elemelerinde-isvicreyi-8560-yendi\\\/#respond\"]}]},{\"@type\":\"WebPage\",\"@id\":\"https:\\\/\\\/kuzeyinsesi.org\\\/index.php\\\/2025\\\/11\\\/30\\\/12-dev-adam-dunya-kupasi-elemelerinde-isvicreyi-8560-yendi\\\/\",\"url\":\"https:\\\/\\\/kuzeyinsesi.org\\\/index.php\\\/2025\\\/11\\\/30\\\/12-dev-adam-dunya-kupasi-elemelerinde-isvicreyi-8560-yendi\\\/\",\"name\":\"12 Dev Adam D\u00fcnya Kupas\u0131 Elemeleri&#039;nde \u0130svi\u00e7re&#039;yi 8560 yendi - Kuzeyin Sesi\",\"isPartOf\":{\"@id\":\"https:\\\/\\\/kuzeyinsesi.org\\\/#website\"},\"primaryImageOfPage\":{\"@id\":\"https:\\\/\\\/kuzeyinsesi.org\\\/index.php\\\/2025\\\/11\\\/30\\\/12-dev-adam-dunya-kupasi-elemelerinde-isvicreyi-8560-yendi\\\/#primaryimage\"},\"image\":{\"@id\":\"https:\\\/\\\/kuzeyinsesi.org\\\/index.php\\\/2025\\\/11\\\/30\\\/12-dev-adam-dunya-kupasi-elemelerinde-isvicreyi-8560-yendi\\\/#primaryimage\"},\"thumbnailUrl\":\"https:\\\/\\\/kuzeyinsesi.org\\\/wp-content\\\/uploads\\\/2025\\\/11\\\/12-dev-adam-aa-2420966.jpg\",\"datePublished\":\"2025-11-30T17:57:31+00:00\",\"author\":{\"@id\":\"https:\\\/\\\/kuzeyinsesi.org\\\/#\\\/schema\\\/person\\\/9f859689cdf01485597712386e37f5aa\"},\"breadcrumb\":{\"@id\":\"https:\\\/\\\/kuzeyinsesi.org\\\/index.php\\\/2025\\\/11\\\/30\\\/12-dev-adam-dunya-kupasi-elemelerinde-isvicreyi-8560-yendi\\\/#breadcrumb\"},\"inLanguage\":\"tr\",\"potentialAction\":[{\"@type\":\"ReadAction\",\"target\":[\"https:\\\/\\\/kuzeyinsesi.org\\\/index.php\\\/2025\\\/11\\\/30\\\/12-dev-adam-dunya-kupasi-elemelerinde-isvicreyi-8560-yendi\\\/\"]}]},{\"@type\":\"ImageObject\",\"inLanguage\":\"tr\",\"@id\":\"https:\\\/\\\/kuzeyinsesi.org\\\/index.php\\\/2025\\\/11\\\/30\\\/12-dev-adam-dunya-kupasi-elemelerinde-isvicreyi-8560-yendi\\\/#primaryimage\",\"url\":\"https:\\\/\\\/kuzeyinsesi.org\\\/wp-content\\\/uploads\\\/2025\\\/11\\\/12-dev-adam-aa-2420966.jpg\",\"contentUrl\":\"https:\\\/\\\/kuzeyinsesi.org\\\/wp-content\\\/uploads\\\/2025\\\/11\\\/12-dev-adam-aa-2420966.jpg\",\"width\":1280,\"height\":720},{\"@type\":\"BreadcrumbList\",\"@id\":\"https:\\\/\\\/kuzeyinsesi.org\\\/index.php\\\/2025\\\/11\\\/30\\\/12-dev-adam-dunya-kupasi-elemelerinde-isvicreyi-8560-yendi\\\/#breadcrumb\",\"itemListElement\":[{\"@type\":\"ListItem\",\"position\":1,\"name\":\"Anasayfa\",\"item\":\"https:\\\/\\\/kuzeyinsesi.org\\\/\"},{\"@type\":\"ListItem\",\"position\":2,\"name\":\"12 Dev Adam D\u00fcnya Kupas\u0131 Elemeleri&#039;nde \u0130svi\u00e7re&#039;yi 8560 yendi\"}]},{\"@type\":\"WebSite\",\"@id\":\"https:\\\/\\\/kuzeyinsesi.org\\\/#website\",\"url\":\"https:\\\/\\\/kuzeyinsesi.org\\\/\",\"name\":\"Kuzeyin Sesi\",\"description\":\"Do\u011fru Haberin Adresi\",\"potentialAction\":[{\"@type\":\"SearchAction\",\"target\":{\"@type\":\"EntryPoint\",\"urlTemplate\":\"https:\\\/\\\/kuzeyinsesi.org\\\/?s={search_term_string}\"},\"query-input\":{\"@type\":\"PropertyValueSpecification\",\"valueRequired\":true,\"valueName\":\"search_term_string\"}}],\"inLanguage\":\"tr\"},{\"@type\":\"Person\",\"@id\":\"https:\\\/\\\/kuzeyinsesi.org\\\/#\\\/schema\\\/person\\\/9f859689cdf01485597712386e37f5aa\",\"name\":\"Kuzeyin Sesi\",\"image\":{\"@type\":\"ImageObject\",\"inLanguage\":\"tr\",\"@id\":\"https:\\\/\\\/secure.gravatar.com\\\/avatar\\\/bab33852abfd8b282518d6ed81826833d77c3c882d9ab608add591ccace47a44?s=96&d=mm&r=g\",\"url\":\"https:\\\/\\\/secure.gravatar.com\\\/avatar\\\/bab33852abfd8b282518d6ed81826833d77c3c882d9ab608add591ccace47a44?s=96&d=mm&r=g\",\"contentUrl\":\"https:\\\/\\\/secure.gravatar.com\\\/avatar\\\/bab33852abfd8b282518d6ed81826833d77c3c882d9ab608add591ccace47a44?s=96&d=mm&r=g\",\"caption\":\"Kuzeyin Sesi\"},\"sameAs\":[\"https:\\\/\\\/kuzeyinsesi.org\"],\"url\":\"https:\\\/\\\/kuzeyinsesi.org\\\/index.php\\\/author\\\/guven\\\/\"}]}<\/script>\n<!-- \/ Yoast SEO plugin. -->","yoast_head_json":{"title":"12 Dev Adam D\u00fcnya Kupas\u0131 Elemeleri&#039;nde \u0130svi\u00e7re&#039;yi 8560 yendi - Kuzeyin Sesi","robots":{"index":"index","follow":"follow","max-snippet":"max-snippet:-1","max-image-preview":"max-image-preview:large","max-video-preview":"max-video-preview:-1"},"canonical":"https:\/\/kuzeyinsesi.org\/index.php\/2025\/11\/30\/12-dev-adam-dunya-kupasi-elemelerinde-isvicreyi-8560-yendi\/","og_locale":"tr_TR","og_type":"article","og_title":"12 Dev Adam D\u00fcnya Kupas\u0131 Elemeleri&#039;nde \u0130svi\u00e7re&#039;yi 8560 yendi - Kuzeyin Sesi","og_description":"&#13; A Milli Erkek Basketbol Tak\u0131m\u0131m\u0131z, FIBA 2027 D\u00fcnya Kupas\u0131 Avrupa Elemeleri 1. Tur C Grubu ikinci ma\u00e7\u0131nda deplasmanda \u0130svi\u00e7re ile kar\u015f\u0131la\u015ft\u0131. &#13; 12 Dev Adam, TRT 1&#8217;den naklen yay\u0131nlanan kar\u015f\u0131la\u015fmay\u0131 85-60 kazanarak 2&#8217;de 2 yapt\u0131. &#13; T\u00fcrkiye, D\u00fcnya Kupas\u0131 yolunda sahas\u0131nda \u00e7\u0131kt\u0131\u011f\u0131 ilk m\u00fccadelede Bosna Hersek&#8217;i 93-71 ma\u011flup etmi\u015fti.","og_url":"https:\/\/kuzeyinsesi.org\/index.php\/2025\/11\/30\/12-dev-adam-dunya-kupasi-elemelerinde-isvicreyi-8560-yendi\/","og_site_name":"Kuzeyin Sesi","article_publisher":"https:\/\/www.facebook.com\/kuzeyinsesii","article_published_time":"2025-11-30T17:57:31+00:00","og_image":[{"url":"https:\/\/trthaberstatic.cdn.wp.trt.com.tr\/resimler\/2420000\/12-dev-adam-aa-2420966.jpg","type":"","width":"","height":""}],"author":"Kuzeyin Sesi","twitter_card":"summary_large_image","twitter_creator":"@kuzeyinsesii","twitter_site":"@kuzeyinsesii","twitter_misc":{"Yazan:":"Kuzeyin Sesi"},"schema":{"@context":"https:\/\/schema.org","@graph":[{"@type":"Article","@id":"https:\/\/kuzeyinsesi.org\/index.php\/2025\/11\/30\/12-dev-adam-dunya-kupasi-elemelerinde-isvicreyi-8560-yendi\/#article","isPartOf":{"@id":"https:\/\/kuzeyinsesi.org\/index.php\/2025\/11\/30\/12-dev-adam-dunya-kupasi-elemelerinde-isvicreyi-8560-yendi\/"},"author":{"name":"Kuzeyin Sesi","@id":"https:\/\/kuzeyinsesi.org\/#\/schema\/person\/9f859689cdf01485597712386e37f5aa"},"headline":"12 Dev Adam D\u00fcnya Kupas\u0131 Elemeleri&#039;nde \u0130svi\u00e7re&#039;yi 8560 yendi","datePublished":"2025-11-30T17:57:31+00:00","mainEntityOfPage":{"@id":"https:\/\/kuzeyinsesi.org\/index.php\/2025\/11\/30\/12-dev-adam-dunya-kupasi-elemelerinde-isvicreyi-8560-yendi\/"},"wordCount":72,"commentCount":0,"image":{"@id":"https:\/\/kuzeyinsesi.org\/index.php\/2025\/11\/30\/12-dev-adam-dunya-kupasi-elemelerinde-isvicreyi-8560-yendi\/#primaryimage"},"thumbnailUrl":"https:\/\/kuzeyinsesi.org\/wp-content\/uploads\/2025\/11\/12-dev-adam-aa-2420966.jpg","articleSection":["Spor"],"inLanguage":"tr","potentialAction":[{"@type":"CommentAction","name":"Comment","target":["https:\/\/kuzeyinsesi.org\/index.php\/2025\/11\/30\/12-dev-adam-dunya-kupasi-elemelerinde-isvicreyi-8560-yendi\/#respond"]}]},{"@type":"WebPage","@id":"https:\/\/kuzeyinsesi.org\/index.php\/2025\/11\/30\/12-dev-adam-dunya-kupasi-elemelerinde-isvicreyi-8560-yendi\/","url":"https:\/\/kuzeyinsesi.org\/index.php\/2025\/11\/30\/12-dev-adam-dunya-kupasi-elemelerinde-isvicreyi-8560-yendi\/","name":"12 Dev Adam D\u00fcnya Kupas\u0131 Elemeleri&#039;nde \u0130svi\u00e7re&#039;yi 8560 yendi - Kuzeyin Sesi","isPartOf":{"@id":"https:\/\/kuzeyinsesi.org\/#website"},"primaryImageOfPage":{"@id":"https:\/\/kuzeyinsesi.org\/index.php\/2025\/11\/30\/12-dev-adam-dunya-kupasi-elemelerinde-isvicreyi-8560-yendi\/#primaryimage"},"image":{"@id":"https:\/\/kuzeyinsesi.org\/index.php\/2025\/11\/30\/12-dev-adam-dunya-kupasi-elemelerinde-isvicreyi-8560-yendi\/#primaryimage"},"thumbnailUrl":"https:\/\/kuzeyinsesi.org\/wp-content\/uploads\/2025\/11\/12-dev-adam-aa-2420966.jpg","datePublished":"2025-11-30T17:57:31+00:00","author":{"@id":"https:\/\/kuzeyinsesi.org\/#\/schema\/person\/9f859689cdf01485597712386e37f5aa"},"breadcrumb":{"@id":"https:\/\/kuzeyinsesi.org\/index.php\/2025\/11\/30\/12-dev-adam-dunya-kupasi-elemelerinde-isvicreyi-8560-yendi\/#breadcrumb"},"inLanguage":"tr","potentialAction":[{"@type":"ReadAction","target":["https:\/\/kuzeyinsesi.org\/index.php\/2025\/11\/30\/12-dev-adam-dunya-kupasi-elemelerinde-isvicreyi-8560-yendi\/"]}]},{"@type":"ImageObject","inLanguage":"tr","@id":"https:\/\/kuzeyinsesi.org\/index.php\/2025\/11\/30\/12-dev-adam-dunya-kupasi-elemelerinde-isvicreyi-8560-yendi\/#primaryimage","url":"https:\/\/kuzeyinsesi.org\/wp-content\/uploads\/2025\/11\/12-dev-adam-aa-2420966.jpg","contentUrl":"https:\/\/kuzeyinsesi.org\/wp-content\/uploads\/2025\/11\/12-dev-adam-aa-2420966.jpg","width":1280,"height":720},{"@type":"BreadcrumbList","@id":"https:\/\/kuzeyinsesi.org\/index.php\/2025\/11\/30\/12-dev-adam-dunya-kupasi-elemelerinde-isvicreyi-8560-yendi\/#breadcrumb","itemListElement":[{"@type":"ListItem","position":1,"name":"Anasayfa","item":"https:\/\/kuzeyinsesi.org\/"},{"@type":"ListItem","position":2,"name":"12 Dev Adam D\u00fcnya Kupas\u0131 Elemeleri&#039;nde \u0130svi\u00e7re&#039;yi 8560 yendi"}]},{"@type":"WebSite","@id":"https:\/\/kuzeyinsesi.org\/#website","url":"https:\/\/kuzeyinsesi.org\/","name":"Kuzeyin Sesi","description":"Do\u011fru Haberin Adresi","potentialAction":[{"@type":"SearchAction","target":{"@type":"EntryPoint","urlTemplate":"https:\/\/kuzeyinsesi.org\/?s={search_term_string}"},"query-input":{"@type":"PropertyValueSpecification","valueRequired":true,"valueName":"search_term_string"}}],"inLanguage":"tr"},{"@type":"Person","@id":"https:\/\/kuzeyinsesi.org\/#\/schema\/person\/9f859689cdf01485597712386e37f5aa","name":"Kuzeyin Sesi","image":{"@type":"ImageObject","inLanguage":"tr","@id":"https:\/\/secure.gravatar.com\/avatar\/bab33852abfd8b282518d6ed81826833d77c3c882d9ab608add591ccace47a44?s=96&d=mm&r=g","url":"https:\/\/secure.gravatar.com\/avatar\/bab33852abfd8b282518d6ed81826833d77c3c882d9ab608add591ccace47a44?s=96&d=mm&r=g","contentUrl":"https:\/\/secure.gravatar.com\/avatar\/bab33852abfd8b282518d6ed81826833d77c3c882d9ab608add591ccace47a44?s=96&d=mm&r=g","caption":"Kuzeyin Sesi"},"sameAs":["https:\/\/kuzeyinsesi.org"],"url":"https:\/\/kuzeyinsesi.org\/index.php\/author\/guven\/"}]}},"_links":{"self":[{"href":"https:\/\/kuzeyinsesi.org\/index.php\/wp-json\/wp\/v2\/posts\/35016","targetHints":{"allow":["GET"]}}],"collection":[{"href":"https:\/\/kuzeyinsesi.org\/index.php\/wp-json\/wp\/v2\/posts"}],"about":[{"href":"https:\/\/kuzeyinsesi.org\/index.php\/wp-json\/wp\/v2\/types\/post"}],"author":[{"embeddable":true,"href":"https:\/\/kuzeyinsesi.org\/index.php\/wp-json\/wp\/v2\/users\/1"}],"replies":[{"embeddable":true,"href":"https:\/\/kuzeyinsesi.org\/index.php\/wp-json\/wp\/v2\/comments?post=35016"}],"version-history":[{"count":0,"href":"https:\/\/kuzeyinsesi.org\/index.php\/wp-json\/wp\/v2\/posts\/35016\/revisions"}],"wp:featuredmedia":[{"embeddable":true,"href":"https:\/\/kuzeyinsesi.org\/index.php\/wp-json\/wp\/v2\/media\/35017"}],"wp:attachment":[{"href":"https:\/\/kuzeyinsesi.org\/index.php\/wp-json\/wp\/v2\/media?parent=35016"}],"wp:term":[{"taxonomy":"category","embeddable":true,"href":"https:\/\/kuzeyinsesi.org\/index.php\/wp-json\/wp\/v2\/categories?post=35016"},{"taxonomy":"post_tag","embeddable":true,"href":"https:\/\/kuzeyinsesi.org\/index.php\/wp-json\/wp\/v2\/tags?post=35016"}],"curies":[{"name":"wp","href":"https:\/\/api.w.org\/{rel}","templated":true}]}}