{"id":35014,"date":"2025-11-29T14:13:52","date_gmt":"2025-11-29T12:13:52","guid":{"rendered":"https:\/\/kuzeyinsesi.org\/index.php\/2025\/11\/29\/tahkim-kurulu-bahisten-ceza-alan-35-futbolcunun-itirazlarini-reddetti\/"},"modified":"2025-11-29T14:13:52","modified_gmt":"2025-11-29T12:13:52","slug":"tahkim-kurulu-bahisten-ceza-alan-35-futbolcunun-itirazlarini-reddetti","status":"publish","type":"post","link":"https:\/\/kuzeyinsesi.org\/index.php\/2025\/11\/29\/tahkim-kurulu-bahisten-ceza-alan-35-futbolcunun-itirazlarini-reddetti\/","title":{"rendered":"Tahkim Kurulu, bahisten ceza alan 35 futbolcunun itirazlar\u0131n\u0131 reddetti"},"content":{"rendered":"<p><\/p>\n<div>\n<p>&#13;<br \/>\n\tTFF&#8217;nin sitesinde yer alan a\u00e7\u0131klamaya g\u00f6re kurul, 35 futbolcunun cezalara itirazlar\u0131n\u0131 oy birli\u011fiyle reddetti ve cezalar\u0131n\u0131 onad\u0131.<\/p>\n<p>&#13;<br \/>\n\tKurul, cezalara yap\u0131lan itirazlar\u0131n yan\u0131 s\u0131ra baz\u0131 futbolcular\u0131n ceza erteleme taleplerini de yine oy birli\u011fiyle reddetti.<\/p>\n<p>&#13;<br \/>\n\tKocaelispor ile oynanan lig ma\u00e7\u0131n\u0131n ard\u0131ndan Profesyonel Futbol Disiplin Kurulu (PFDK) taraf\u0131ndan para cezas\u0131na \u00e7arpt\u0131r\u0131lan Galatasaray&#8217;\u0131n itiraz\u0131 da Tahkim Kurulu taraf\u0131ndan reddedildi.<\/p>\n<p>&#13;<br \/>\n\tPFDK, sar\u0131-k\u0131rm\u0131z\u0131l\u0131 kul\u00fcbe \u00e7irkin ve k\u00f6t\u00fc tezah\u00fcrat sebebiyle 520 bin lira, merdiven bo\u015fluklar\u0131n\u0131n bo\u015f b\u0131rak\u0131lmamas\u0131 nedeniyle 120 bin lira ve taraftar\u0131n\u0131n sebep oldu\u011fu saha olaylar\u0131 sebebiyle de 220 bin lira olmak \u00fczere toplam 860 bin lira para cezas\u0131 vermi\u015fti.<\/p>\n<\/p><\/div>\n","protected":false},"excerpt":{"rendered":"<p>&#13; TFF&#8217;nin sitesinde yer alan a\u00e7\u0131klamaya g\u00f6re kurul, 35 futbolcunun cezalara itirazlar\u0131n\u0131 oy birli\u011fiyle reddetti ve cezalar\u0131n\u0131 onad\u0131. &#13; Kurul, cezalara yap\u0131lan itirazlar\u0131n yan\u0131 s\u0131ra baz\u0131 futbolcular\u0131n ceza erteleme taleplerini de yine oy birli\u011fiyle reddetti. &#13; Kocaelispor ile oynanan lig ma\u00e7\u0131n\u0131n ard\u0131ndan Profesyonel Futbol Disiplin Kurulu (PFDK) taraf\u0131ndan para cezas\u0131na \u00e7arpt\u0131r\u0131lan Galatasaray&#8217;\u0131n itiraz\u0131 da Tahkim [&hellip;]<\/p>\n","protected":false},"author":1,"featured_media":35015,"comment_status":"open","ping_status":"open","sticky":false,"template":"","format":"standard","meta":{"jnews-multi-image_gallery":[],"jnews_single_post":[],"jnews_primary_category":[],"jnews_social_meta":[],"jnews_override_counter":[],"footnotes":""},"categories":[4],"tags":[],"class_list":["post-35014","post","type-post","status-publish","format-standard","has-post-thumbnail","hentry","category-spor"],"yoast_head":"<!-- This site is optimized with the Yoast SEO plugin v27.5 - https:\/\/yoast.com\/product\/yoast-seo-wordpress\/ -->\n<title>Tahkim Kurulu, bahisten ceza alan 35 futbolcunun itirazlar\u0131n\u0131 reddetti - Kuzeyin Sesi<\/title>\n<meta name=\"robots\" content=\"index, follow, max-snippet:-1, max-image-preview:large, max-video-preview:-1\" \/>\n<link rel=\"canonical\" href=\"https:\/\/kuzeyinsesi.org\/index.php\/2025\/11\/29\/tahkim-kurulu-bahisten-ceza-alan-35-futbolcunun-itirazlarini-reddetti\/\" \/>\n<meta property=\"og:locale\" content=\"tr_TR\" \/>\n<meta property=\"og:type\" content=\"article\" \/>\n<meta property=\"og:title\" content=\"Tahkim Kurulu, bahisten ceza alan 35 futbolcunun itirazlar\u0131n\u0131 reddetti - Kuzeyin Sesi\" \/>\n<meta property=\"og:description\" content=\"&#013; TFF&#8217;nin sitesinde yer alan a\u00e7\u0131klamaya g\u00f6re kurul, 35 futbolcunun cezalara itirazlar\u0131n\u0131 oy birli\u011fiyle reddetti ve cezalar\u0131n\u0131 onad\u0131. &#013; Kurul, cezalara yap\u0131lan itirazlar\u0131n yan\u0131 s\u0131ra baz\u0131 futbolcular\u0131n ceza erteleme taleplerini de yine oy birli\u011fiyle reddetti. &#013; Kocaelispor ile oynanan lig ma\u00e7\u0131n\u0131n ard\u0131ndan Profesyonel Futbol Disiplin Kurulu (PFDK) taraf\u0131ndan para cezas\u0131na \u00e7arpt\u0131r\u0131lan Galatasaray&#8217;\u0131n itiraz\u0131 da Tahkim [&hellip;]\" \/>\n<meta property=\"og:url\" content=\"https:\/\/kuzeyinsesi.org\/index.php\/2025\/11\/29\/tahkim-kurulu-bahisten-ceza-alan-35-futbolcunun-itirazlarini-reddetti\/\" \/>\n<meta property=\"og:site_name\" content=\"Kuzeyin Sesi\" \/>\n<meta property=\"article:publisher\" content=\"https:\/\/www.facebook.com\/kuzeyinsesii\" \/>\n<meta property=\"article:published_time\" content=\"2025-11-29T12:13:52+00:00\" \/>\n<meta property=\"og:image\" content=\"https:\/\/trthaberstatic.cdn.wp.trt.com.tr\/resimler\/2042000\/tff-aa-2043963.jpg\" \/>\n<meta name=\"author\" content=\"Kuzeyin Sesi\" \/>\n<meta name=\"twitter:card\" content=\"summary_large_image\" \/>\n<meta name=\"twitter:creator\" content=\"@kuzeyinsesii\" \/>\n<meta name=\"twitter:site\" content=\"@kuzeyinsesii\" \/>\n<meta name=\"twitter:label1\" content=\"Yazan:\" \/>\n\t<meta name=\"twitter:data1\" content=\"Kuzeyin Sesi\" \/>\n\t<meta name=\"twitter:label2\" content=\"Tahmini okuma s\u00fcresi\" \/>\n\t<meta name=\"twitter:data2\" content=\"1 dakika\" \/>\n<script type=\"application\/ld+json\" class=\"yoast-schema-graph\">{\"@context\":\"https:\\\/\\\/schema.org\",\"@graph\":[{\"@type\":\"Article\",\"@id\":\"https:\\\/\\\/kuzeyinsesi.org\\\/index.php\\\/2025\\\/11\\\/29\\\/tahkim-kurulu-bahisten-ceza-alan-35-futbolcunun-itirazlarini-reddetti\\\/#article\",\"isPartOf\":{\"@id\":\"https:\\\/\\\/kuzeyinsesi.org\\\/index.php\\\/2025\\\/11\\\/29\\\/tahkim-kurulu-bahisten-ceza-alan-35-futbolcunun-itirazlarini-reddetti\\\/\"},\"author\":{\"name\":\"Kuzeyin Sesi\",\"@id\":\"https:\\\/\\\/kuzeyinsesi.org\\\/#\\\/schema\\\/person\\\/9f859689cdf01485597712386e37f5aa\"},\"headline\":\"Tahkim Kurulu, bahisten ceza alan 35 futbolcunun itirazlar\u0131n\u0131 reddetti\",\"datePublished\":\"2025-11-29T12:13:52+00:00\",\"mainEntityOfPage\":{\"@id\":\"https:\\\/\\\/kuzeyinsesi.org\\\/index.php\\\/2025\\\/11\\\/29\\\/tahkim-kurulu-bahisten-ceza-alan-35-futbolcunun-itirazlarini-reddetti\\\/\"},\"wordCount\":134,\"commentCount\":0,\"image\":{\"@id\":\"https:\\\/\\\/kuzeyinsesi.org\\\/index.php\\\/2025\\\/11\\\/29\\\/tahkim-kurulu-bahisten-ceza-alan-35-futbolcunun-itirazlarini-reddetti\\\/#primaryimage\"},\"thumbnailUrl\":\"https:\\\/\\\/kuzeyinsesi.org\\\/wp-content\\\/uploads\\\/2025\\\/11\\\/tff-aa-2043963.jpg\",\"articleSection\":[\"Spor\"],\"inLanguage\":\"tr\",\"potentialAction\":[{\"@type\":\"CommentAction\",\"name\":\"Comment\",\"target\":[\"https:\\\/\\\/kuzeyinsesi.org\\\/index.php\\\/2025\\\/11\\\/29\\\/tahkim-kurulu-bahisten-ceza-alan-35-futbolcunun-itirazlarini-reddetti\\\/#respond\"]}]},{\"@type\":\"WebPage\",\"@id\":\"https:\\\/\\\/kuzeyinsesi.org\\\/index.php\\\/2025\\\/11\\\/29\\\/tahkim-kurulu-bahisten-ceza-alan-35-futbolcunun-itirazlarini-reddetti\\\/\",\"url\":\"https:\\\/\\\/kuzeyinsesi.org\\\/index.php\\\/2025\\\/11\\\/29\\\/tahkim-kurulu-bahisten-ceza-alan-35-futbolcunun-itirazlarini-reddetti\\\/\",\"name\":\"Tahkim Kurulu, bahisten ceza alan 35 futbolcunun itirazlar\u0131n\u0131 reddetti - Kuzeyin Sesi\",\"isPartOf\":{\"@id\":\"https:\\\/\\\/kuzeyinsesi.org\\\/#website\"},\"primaryImageOfPage\":{\"@id\":\"https:\\\/\\\/kuzeyinsesi.org\\\/index.php\\\/2025\\\/11\\\/29\\\/tahkim-kurulu-bahisten-ceza-alan-35-futbolcunun-itirazlarini-reddetti\\\/#primaryimage\"},\"image\":{\"@id\":\"https:\\\/\\\/kuzeyinsesi.org\\\/index.php\\\/2025\\\/11\\\/29\\\/tahkim-kurulu-bahisten-ceza-alan-35-futbolcunun-itirazlarini-reddetti\\\/#primaryimage\"},\"thumbnailUrl\":\"https:\\\/\\\/kuzeyinsesi.org\\\/wp-content\\\/uploads\\\/2025\\\/11\\\/tff-aa-2043963.jpg\",\"datePublished\":\"2025-11-29T12:13:52+00:00\",\"author\":{\"@id\":\"https:\\\/\\\/kuzeyinsesi.org\\\/#\\\/schema\\\/person\\\/9f859689cdf01485597712386e37f5aa\"},\"breadcrumb\":{\"@id\":\"https:\\\/\\\/kuzeyinsesi.org\\\/index.php\\\/2025\\\/11\\\/29\\\/tahkim-kurulu-bahisten-ceza-alan-35-futbolcunun-itirazlarini-reddetti\\\/#breadcrumb\"},\"inLanguage\":\"tr\",\"potentialAction\":[{\"@type\":\"ReadAction\",\"target\":[\"https:\\\/\\\/kuzeyinsesi.org\\\/index.php\\\/2025\\\/11\\\/29\\\/tahkim-kurulu-bahisten-ceza-alan-35-futbolcunun-itirazlarini-reddetti\\\/\"]}]},{\"@type\":\"ImageObject\",\"inLanguage\":\"tr\",\"@id\":\"https:\\\/\\\/kuzeyinsesi.org\\\/index.php\\\/2025\\\/11\\\/29\\\/tahkim-kurulu-bahisten-ceza-alan-35-futbolcunun-itirazlarini-reddetti\\\/#primaryimage\",\"url\":\"https:\\\/\\\/kuzeyinsesi.org\\\/wp-content\\\/uploads\\\/2025\\\/11\\\/tff-aa-2043963.jpg\",\"contentUrl\":\"https:\\\/\\\/kuzeyinsesi.org\\\/wp-content\\\/uploads\\\/2025\\\/11\\\/tff-aa-2043963.jpg\",\"width\":1280,\"height\":720},{\"@type\":\"BreadcrumbList\",\"@id\":\"https:\\\/\\\/kuzeyinsesi.org\\\/index.php\\\/2025\\\/11\\\/29\\\/tahkim-kurulu-bahisten-ceza-alan-35-futbolcunun-itirazlarini-reddetti\\\/#breadcrumb\",\"itemListElement\":[{\"@type\":\"ListItem\",\"position\":1,\"name\":\"Anasayfa\",\"item\":\"https:\\\/\\\/kuzeyinsesi.org\\\/\"},{\"@type\":\"ListItem\",\"position\":2,\"name\":\"Tahkim Kurulu, bahisten ceza alan 35 futbolcunun itirazlar\u0131n\u0131 reddetti\"}]},{\"@type\":\"WebSite\",\"@id\":\"https:\\\/\\\/kuzeyinsesi.org\\\/#website\",\"url\":\"https:\\\/\\\/kuzeyinsesi.org\\\/\",\"name\":\"Kuzeyin Sesi\",\"description\":\"Do\u011fru Haberin Adresi\",\"potentialAction\":[{\"@type\":\"SearchAction\",\"target\":{\"@type\":\"EntryPoint\",\"urlTemplate\":\"https:\\\/\\\/kuzeyinsesi.org\\\/?s={search_term_string}\"},\"query-input\":{\"@type\":\"PropertyValueSpecification\",\"valueRequired\":true,\"valueName\":\"search_term_string\"}}],\"inLanguage\":\"tr\"},{\"@type\":\"Person\",\"@id\":\"https:\\\/\\\/kuzeyinsesi.org\\\/#\\\/schema\\\/person\\\/9f859689cdf01485597712386e37f5aa\",\"name\":\"Kuzeyin Sesi\",\"image\":{\"@type\":\"ImageObject\",\"inLanguage\":\"tr\",\"@id\":\"https:\\\/\\\/secure.gravatar.com\\\/avatar\\\/bab33852abfd8b282518d6ed81826833d77c3c882d9ab608add591ccace47a44?s=96&d=mm&r=g\",\"url\":\"https:\\\/\\\/secure.gravatar.com\\\/avatar\\\/bab33852abfd8b282518d6ed81826833d77c3c882d9ab608add591ccace47a44?s=96&d=mm&r=g\",\"contentUrl\":\"https:\\\/\\\/secure.gravatar.com\\\/avatar\\\/bab33852abfd8b282518d6ed81826833d77c3c882d9ab608add591ccace47a44?s=96&d=mm&r=g\",\"caption\":\"Kuzeyin Sesi\"},\"sameAs\":[\"https:\\\/\\\/kuzeyinsesi.org\"],\"url\":\"https:\\\/\\\/kuzeyinsesi.org\\\/index.php\\\/author\\\/guven\\\/\"}]}<\/script>\n<!-- \/ Yoast SEO plugin. -->","yoast_head_json":{"title":"Tahkim Kurulu, bahisten ceza alan 35 futbolcunun itirazlar\u0131n\u0131 reddetti - Kuzeyin Sesi","robots":{"index":"index","follow":"follow","max-snippet":"max-snippet:-1","max-image-preview":"max-image-preview:large","max-video-preview":"max-video-preview:-1"},"canonical":"https:\/\/kuzeyinsesi.org\/index.php\/2025\/11\/29\/tahkim-kurulu-bahisten-ceza-alan-35-futbolcunun-itirazlarini-reddetti\/","og_locale":"tr_TR","og_type":"article","og_title":"Tahkim Kurulu, bahisten ceza alan 35 futbolcunun itirazlar\u0131n\u0131 reddetti - Kuzeyin Sesi","og_description":"&#13; TFF&#8217;nin sitesinde yer alan a\u00e7\u0131klamaya g\u00f6re kurul, 35 futbolcunun cezalara itirazlar\u0131n\u0131 oy birli\u011fiyle reddetti ve cezalar\u0131n\u0131 onad\u0131. &#13; Kurul, cezalara yap\u0131lan itirazlar\u0131n yan\u0131 s\u0131ra baz\u0131 futbolcular\u0131n ceza erteleme taleplerini de yine oy birli\u011fiyle reddetti. &#13; Kocaelispor ile oynanan lig ma\u00e7\u0131n\u0131n ard\u0131ndan Profesyonel Futbol Disiplin Kurulu (PFDK) taraf\u0131ndan para cezas\u0131na \u00e7arpt\u0131r\u0131lan Galatasaray&#8217;\u0131n itiraz\u0131 da Tahkim [&hellip;]","og_url":"https:\/\/kuzeyinsesi.org\/index.php\/2025\/11\/29\/tahkim-kurulu-bahisten-ceza-alan-35-futbolcunun-itirazlarini-reddetti\/","og_site_name":"Kuzeyin Sesi","article_publisher":"https:\/\/www.facebook.com\/kuzeyinsesii","article_published_time":"2025-11-29T12:13:52+00:00","og_image":[{"url":"https:\/\/trthaberstatic.cdn.wp.trt.com.tr\/resimler\/2042000\/tff-aa-2043963.jpg","type":"","width":"","height":""}],"author":"Kuzeyin Sesi","twitter_card":"summary_large_image","twitter_creator":"@kuzeyinsesii","twitter_site":"@kuzeyinsesii","twitter_misc":{"Yazan:":"Kuzeyin Sesi","Tahmini okuma s\u00fcresi":"1 dakika"},"schema":{"@context":"https:\/\/schema.org","@graph":[{"@type":"Article","@id":"https:\/\/kuzeyinsesi.org\/index.php\/2025\/11\/29\/tahkim-kurulu-bahisten-ceza-alan-35-futbolcunun-itirazlarini-reddetti\/#article","isPartOf":{"@id":"https:\/\/kuzeyinsesi.org\/index.php\/2025\/11\/29\/tahkim-kurulu-bahisten-ceza-alan-35-futbolcunun-itirazlarini-reddetti\/"},"author":{"name":"Kuzeyin Sesi","@id":"https:\/\/kuzeyinsesi.org\/#\/schema\/person\/9f859689cdf01485597712386e37f5aa"},"headline":"Tahkim Kurulu, bahisten ceza alan 35 futbolcunun itirazlar\u0131n\u0131 reddetti","datePublished":"2025-11-29T12:13:52+00:00","mainEntityOfPage":{"@id":"https:\/\/kuzeyinsesi.org\/index.php\/2025\/11\/29\/tahkim-kurulu-bahisten-ceza-alan-35-futbolcunun-itirazlarini-reddetti\/"},"wordCount":134,"commentCount":0,"image":{"@id":"https:\/\/kuzeyinsesi.org\/index.php\/2025\/11\/29\/tahkim-kurulu-bahisten-ceza-alan-35-futbolcunun-itirazlarini-reddetti\/#primaryimage"},"thumbnailUrl":"https:\/\/kuzeyinsesi.org\/wp-content\/uploads\/2025\/11\/tff-aa-2043963.jpg","articleSection":["Spor"],"inLanguage":"tr","potentialAction":[{"@type":"CommentAction","name":"Comment","target":["https:\/\/kuzeyinsesi.org\/index.php\/2025\/11\/29\/tahkim-kurulu-bahisten-ceza-alan-35-futbolcunun-itirazlarini-reddetti\/#respond"]}]},{"@type":"WebPage","@id":"https:\/\/kuzeyinsesi.org\/index.php\/2025\/11\/29\/tahkim-kurulu-bahisten-ceza-alan-35-futbolcunun-itirazlarini-reddetti\/","url":"https:\/\/kuzeyinsesi.org\/index.php\/2025\/11\/29\/tahkim-kurulu-bahisten-ceza-alan-35-futbolcunun-itirazlarini-reddetti\/","name":"Tahkim Kurulu, bahisten ceza alan 35 futbolcunun itirazlar\u0131n\u0131 reddetti - Kuzeyin Sesi","isPartOf":{"@id":"https:\/\/kuzeyinsesi.org\/#website"},"primaryImageOfPage":{"@id":"https:\/\/kuzeyinsesi.org\/index.php\/2025\/11\/29\/tahkim-kurulu-bahisten-ceza-alan-35-futbolcunun-itirazlarini-reddetti\/#primaryimage"},"image":{"@id":"https:\/\/kuzeyinsesi.org\/index.php\/2025\/11\/29\/tahkim-kurulu-bahisten-ceza-alan-35-futbolcunun-itirazlarini-reddetti\/#primaryimage"},"thumbnailUrl":"https:\/\/kuzeyinsesi.org\/wp-content\/uploads\/2025\/11\/tff-aa-2043963.jpg","datePublished":"2025-11-29T12:13:52+00:00","author":{"@id":"https:\/\/kuzeyinsesi.org\/#\/schema\/person\/9f859689cdf01485597712386e37f5aa"},"breadcrumb":{"@id":"https:\/\/kuzeyinsesi.org\/index.php\/2025\/11\/29\/tahkim-kurulu-bahisten-ceza-alan-35-futbolcunun-itirazlarini-reddetti\/#breadcrumb"},"inLanguage":"tr","potentialAction":[{"@type":"ReadAction","target":["https:\/\/kuzeyinsesi.org\/index.php\/2025\/11\/29\/tahkim-kurulu-bahisten-ceza-alan-35-futbolcunun-itirazlarini-reddetti\/"]}]},{"@type":"ImageObject","inLanguage":"tr","@id":"https:\/\/kuzeyinsesi.org\/index.php\/2025\/11\/29\/tahkim-kurulu-bahisten-ceza-alan-35-futbolcunun-itirazlarini-reddetti\/#primaryimage","url":"https:\/\/kuzeyinsesi.org\/wp-content\/uploads\/2025\/11\/tff-aa-2043963.jpg","contentUrl":"https:\/\/kuzeyinsesi.org\/wp-content\/uploads\/2025\/11\/tff-aa-2043963.jpg","width":1280,"height":720},{"@type":"BreadcrumbList","@id":"https:\/\/kuzeyinsesi.org\/index.php\/2025\/11\/29\/tahkim-kurulu-bahisten-ceza-alan-35-futbolcunun-itirazlarini-reddetti\/#breadcrumb","itemListElement":[{"@type":"ListItem","position":1,"name":"Anasayfa","item":"https:\/\/kuzeyinsesi.org\/"},{"@type":"ListItem","position":2,"name":"Tahkim Kurulu, bahisten ceza alan 35 futbolcunun itirazlar\u0131n\u0131 reddetti"}]},{"@type":"WebSite","@id":"https:\/\/kuzeyinsesi.org\/#website","url":"https:\/\/kuzeyinsesi.org\/","name":"Kuzeyin Sesi","description":"Do\u011fru Haberin Adresi","potentialAction":[{"@type":"SearchAction","target":{"@type":"EntryPoint","urlTemplate":"https:\/\/kuzeyinsesi.org\/?s={search_term_string}"},"query-input":{"@type":"PropertyValueSpecification","valueRequired":true,"valueName":"search_term_string"}}],"inLanguage":"tr"},{"@type":"Person","@id":"https:\/\/kuzeyinsesi.org\/#\/schema\/person\/9f859689cdf01485597712386e37f5aa","name":"Kuzeyin Sesi","image":{"@type":"ImageObject","inLanguage":"tr","@id":"https:\/\/secure.gravatar.com\/avatar\/bab33852abfd8b282518d6ed81826833d77c3c882d9ab608add591ccace47a44?s=96&d=mm&r=g","url":"https:\/\/secure.gravatar.com\/avatar\/bab33852abfd8b282518d6ed81826833d77c3c882d9ab608add591ccace47a44?s=96&d=mm&r=g","contentUrl":"https:\/\/secure.gravatar.com\/avatar\/bab33852abfd8b282518d6ed81826833d77c3c882d9ab608add591ccace47a44?s=96&d=mm&r=g","caption":"Kuzeyin Sesi"},"sameAs":["https:\/\/kuzeyinsesi.org"],"url":"https:\/\/kuzeyinsesi.org\/index.php\/author\/guven\/"}]}},"_links":{"self":[{"href":"https:\/\/kuzeyinsesi.org\/index.php\/wp-json\/wp\/v2\/posts\/35014","targetHints":{"allow":["GET"]}}],"collection":[{"href":"https:\/\/kuzeyinsesi.org\/index.php\/wp-json\/wp\/v2\/posts"}],"about":[{"href":"https:\/\/kuzeyinsesi.org\/index.php\/wp-json\/wp\/v2\/types\/post"}],"author":[{"embeddable":true,"href":"https:\/\/kuzeyinsesi.org\/index.php\/wp-json\/wp\/v2\/users\/1"}],"replies":[{"embeddable":true,"href":"https:\/\/kuzeyinsesi.org\/index.php\/wp-json\/wp\/v2\/comments?post=35014"}],"version-history":[{"count":0,"href":"https:\/\/kuzeyinsesi.org\/index.php\/wp-json\/wp\/v2\/posts\/35014\/revisions"}],"wp:featuredmedia":[{"embeddable":true,"href":"https:\/\/kuzeyinsesi.org\/index.php\/wp-json\/wp\/v2\/media\/35015"}],"wp:attachment":[{"href":"https:\/\/kuzeyinsesi.org\/index.php\/wp-json\/wp\/v2\/media?parent=35014"}],"wp:term":[{"taxonomy":"category","embeddable":true,"href":"https:\/\/kuzeyinsesi.org\/index.php\/wp-json\/wp\/v2\/categories?post=35014"},{"taxonomy":"post_tag","embeddable":true,"href":"https:\/\/kuzeyinsesi.org\/index.php\/wp-json\/wp\/v2\/tags?post=35014"}],"curies":[{"name":"wp","href":"https:\/\/api.w.org\/{rel}","templated":true}]}}