{"id":34961,"date":"2025-11-21T14:13:39","date_gmt":"2025-11-21T12:13:39","guid":{"rendered":"https:\/\/kuzeyinsesi.org\/index.php\/2025\/11\/21\/hatayspor-1021-gun-sonra-yuvaya-donuyor\/"},"modified":"2025-11-21T14:13:39","modified_gmt":"2025-11-21T12:13:39","slug":"hatayspor-1021-gun-sonra-yuvaya-donuyor","status":"publish","type":"post","link":"https:\/\/kuzeyinsesi.org\/index.php\/2025\/11\/21\/hatayspor-1021-gun-sonra-yuvaya-donuyor\/","title":{"rendered":"Hatayspor, 1021 g\u00fcn sonra yuvaya d\u00f6n\u00fcyor"},"content":{"rendered":"<p><\/p>\n<div>\n<p>&#13;<br \/>\n\tPazarc\u0131k ve Elbistan merkezli <a href=\"https:\/\/www.trthaber.com\/etiket\/6-subat\/\" target=\"_blank\">6 \u015eubat<\/a> depremlerinde Ganal\u0131 futbolcu Christian Atsu, sportif direkt\u00f6r Taner Savut, altyap\u0131 kaleci antren\u00f6r\u00fc H\u00fcseyin Danahalilo\u011flu, 14-15 ya\u015f alt\u0131 tak\u0131m\u0131 futbolcular\u0131 Fatin Can ve Hamza S\u00fcrer, malzeme sorumlusu Onur Akdeniz ile mutfak \u00e7al\u0131\u015fan\u0131 Suzan Berber&#8217;i kaybeden Hatayspor&#8217;un, afetten sonra <a href=\"https:\/\/www.trthaber.com\/etiket\/mersin\/\" target=\"_blank\">Mersin<\/a> Stad\u0131&#8217;nda \u00e7\u0131kt\u0131\u011f\u0131 i\u00e7 saha ma\u00e7lar\u0131n\u0131 tekrar kentinde oynayaca\u011f\u0131n\u0131 duyurmas\u0131 taraftar\u0131n\u0131 mutlu etti.<\/p>\n<p>&#13;<br \/>\n\tAntakya il\u00e7esindeki <a href=\"https:\/\/www.trthaber.com\/etiket\/hatay\/\" target=\"_blank\">Hatay<\/a> Stadyumu&#8217;na son olarak depremden 1 g\u00fcn \u00f6nce, 5 \u015eubat&#8217;ta S\u00fcper Lig&#8217;de Kas\u0131mpa\u015fa&#8217;y\u0131 1-0 yendi\u011fi kar\u015f\u0131la\u015fmada \u00e7\u0131kan Hatayspor, Trendyol 1. Lig&#8217;in 14. haftas\u0131nda 22 Kas\u0131m Cumartesi g\u00fcn\u00fc \u0130skenderun Fuat Tosyal\u0131 Stadyumu&#8217;nda Atko Grup <a href=\"https:\/\/www.trthaber.com\/etiket\/pendikspor\/\" target=\"_blank\">Pendikspor<\/a> ile yap\u0131laca\u011f\u0131 m\u00fcsabakayla 1021 g\u00fcn sonra \u015fehrinde taraftar\u0131yla bulu\u015facak.<\/p>\n<p>&#13;<br \/>\n\tAntrenmanlar\u0131n\u0131 bir s\u00fcre daha Erdemli At\u0131\u015f Poligonu&#8217;ndaki sahada s\u00fcrd\u00fcrecek olan Hatayspor, stad\u0131ndaki onar\u0131m \u00e7al\u0131\u015fmalar\u0131 tamamlana kadar i\u00e7 saha ma\u00e7lar\u0131n\u0131 \u0130skenderun Fuat Tosyal\u0131 Stadyumu&#8217;nda oynayacak.<\/p>\n<p>&#13;<br \/>\n\tBu y\u0131l ligde \u00e7\u0131kt\u0131\u011f\u0131 13 ma\u00e7tan 9 ma\u011flubiyet ve 4 beraberlikle ayr\u0131lan bordo-beyazl\u0131 ekip, taraftar\u0131yla kucakla\u015faca\u011f\u0131 i\u00e7 saha m\u00fcsabakalar\u0131nda daha ba\u015far\u0131l\u0131 sonu\u00e7lar almay\u0131 hedefliyor.<\/p>\n<h2>&#13;<br \/>\n\t&#8220;Karar\u0131n ba\u015far\u0131ya olumlu etkisi olaca\u011f\u0131 kanaatindeyim&#8221;<\/h2>\n<p>&#13;<br \/>\n\t<a href=\"https:\/\/www.trthaber.com\/etiket\/hatayspor\/\" target=\"_blank\">Hatayspor<\/a> Kul\u00fcb\u00fc Ba\u015fkan\u0131 Ethem \u00c7ak\u0131r, <a href=\"https:\/\/www.trthaber.com\/etiket\/kahramanmaras\/\" target=\"_blank\">Kahramanmara\u015f<\/a> merkezli 6 \u015eubat depremlerinin ard\u0131ndan \u015fehrin tak\u0131mdan uzak kald\u0131\u011f\u0131n\u0131 s\u00f6yledi.<\/p>\n<p>&#13;<br \/>\n\tTak\u0131m\u0131n bu s\u00fcre\u00e7te 19 Aral\u0131k 2024&#8217;te Ziraat <a href=\"https:\/\/www.trthaber.com\/etiket\/turkiye-kupasi\/\" target=\"_blank\">T\u00fcrkiye Kupas\u0131<\/a> 5. tur ma\u00e7\u0131nda K\u0131r\u0131khan \u0130l\u00e7e Stadyumu&#8217;nda \u0130skenderunspor&#8217;un konu\u011fu oldu\u011funu hat\u0131rlatan \u00c7ak\u0131r, Hatayspor taraftar\u0131n\u0131n 1021 g\u00fcnl\u00fck \u00f6zlemini cumartesi g\u00fcn\u00fc sonland\u0131raca\u011f\u0131n\u0131 belirtti.<\/p>\n<p>&#13;<br \/>\n\tBa\u015fkan \u00c7ak\u0131r, g\u00f6revi devrald\u0131ktan sonra tak\u0131m\u0131n i\u00e7 saha ma\u00e7lar\u0131n\u0131 Hatay&#8217;da oynamas\u0131n\u0131 hedeflediklerini ifade ederek, &#8220;Bu hedefimizi in\u015fallah 22 Kas\u0131m Cumartesi g\u00fcn\u00fc \u0130skenderun Fuat Tosyal\u0131 Stadyumu&#8217;nda ger\u00e7ekle\u015ftirece\u011fiz. Bizde de buruk bir heyecan var. Taraftarlar\u0131m\u0131z\u0131n da heyecanl\u0131 oldu\u011funu g\u00f6r\u00fcyoruz ve hissediyoruz. Futbolcular\u0131m\u0131zla da g\u00f6r\u00fc\u015fmelerimizi yapt\u0131k. Onlar da tak\u0131m\u0131n memlekete d\u00f6nmesini talep ettiler. Biz de bu y\u00f6nde bir karar ald\u0131k. \u0130n\u015fallah Hatayspor i\u00e7in hay\u0131rl\u0131s\u0131 olacak. Bu karar\u0131n ba\u015far\u0131ya olumlu etkisi olaca\u011f\u0131 kanaatindeyim.&#8221; diye konu\u015ftu.<\/p>\n<h2>&#13;<br \/>\n\t&#8220;Bu tak\u0131m sokakta top oynasa kald\u0131r\u0131mlar\u0131 trib\u00fcn yapar\u0131z&#8221;<\/h2>\n<p>&#13;<br \/>\n\tHatayspor Taraftarlar Derne\u011fi Ba\u015fkan\u0131 Sadullah Ergin de hasret kald\u0131klar\u0131 tak\u0131mlar\u0131na kavu\u015facak olman\u0131n heyecan\u0131 i\u00e7erisinde olduklar\u0131n\u0131 ifade etti.<\/p>\n<p>&#13;<br \/>\n\tBordo-beyazl\u0131 taraftar\u0131 cumartesi g\u00fcn\u00fc tak\u0131m\u0131 desteklemeye \u00e7a\u011f\u0131ran Ergin, \u015funlar\u0131 dile getirdi:<\/p>\n<p>&#13;<br \/>\n\t&#8220;15 il\u00e7e tek y\u00fcrek ayn\u0131 ac\u0131lar\u0131 ya\u015fad\u0131k. Art\u0131k ayn\u0131 sevinci de birlikte ya\u015famak istiyoruz. Hep beraber tek ses, tek v\u00fccut olarak bu k\u00f6t\u00fc g\u00fcnlerden, ayn\u0131 \u015fehrimiz gibi aya\u011fa kalk\u0131p yeniden hedefe ko\u015fmam\u0131z laz\u0131m. Hatayspor&#8217;un hangi ligde, ka\u00e7\u0131nc\u0131 s\u0131rada ya da hangi konumda oldu\u011fu taraftar olarak bizim pek ilgilendirmiyor. Bu tak\u0131m sokakta top oynasa kald\u0131r\u0131mlar\u0131 trib\u00fcn yapar\u0131z. Biz armam\u0131z\u0131n, bordo-beyaz renklerin pe\u015finde ko\u015fmaya, tak\u0131m\u0131m\u0131z\u0131 trib\u00fcnlerde desteklemeye devam edece\u011fiz.&#8221;<\/p>\n<p>&#13;<br \/>\n\tDesteklerinden dolay\u0131 Mersin halk\u0131na te\u015fekk\u00fcr eden Ergin, Hatayspor&#8217;un taraftarlar\u0131n\u0131n da deste\u011fiyle ba\u015far\u0131 yakalayaca\u011f\u0131na inand\u0131\u011f\u0131n\u0131 da s\u00f6zlerine ekledi.<\/p>\n<h2>&#13;<br \/>\n\t&#8220;Taraftar b\u00fct\u00fcnleyici ve sahada itici bir g\u00fc\u00e7t\u00fcr&#8221;<\/h2>\n<p>&#13;<br \/>\n\tTrib\u00fcn liderlerinden T\u00fcrker \u00d6zkaya da tak\u0131m\u0131n yeniden kente d\u00f6nece\u011fi i\u00e7in mutlu olduklar\u0131n\u0131 anlatt\u0131.<\/p>\n<p>&#13;<br \/>\n\tKarar\u0131n al\u0131nmas\u0131nda eme\u011fi ge\u00e7enlere te\u015fekk\u00fcr eden \u00d6zkaya, \u015funlar\u0131 kaydetti:<\/p>\n<p>&#13;<br \/>\n\t&#8220;1021 g\u00fcn \u00e7ok uzun bir zaman. Tak\u0131m\u0131m\u0131z \u015fehre yeniden gelmesi bizler i\u00e7in ayr\u0131 \u00f6nem ta\u015f\u0131yor. Taraftarlar\u0131m\u0131z\u0131 trib\u00fcnlere bekliyoruz, gelsinler ve tak\u0131m\u0131m\u0131z\u0131 yaln\u0131z b\u0131rakmas\u0131nlar. Taraftar b\u00fct\u00fcnleyici ve sahada itici bir g\u00fc\u00e7t\u00fcr. Taraflar\u0131m\u0131z\u0131n deste\u011fiyle tak\u0131m\u0131m\u0131z\u0131n \u015faha kalkaca\u011f\u0131na inananlardan\u0131m.&#8221; diye konu\u015ftu.<\/p>\n<\/p><\/div>\n","protected":false},"excerpt":{"rendered":"<p>&#13; Pazarc\u0131k ve Elbistan merkezli 6 \u015eubat depremlerinde Ganal\u0131 futbolcu Christian Atsu, sportif direkt\u00f6r Taner Savut, altyap\u0131 kaleci antren\u00f6r\u00fc H\u00fcseyin Danahalilo\u011flu, 14-15 ya\u015f alt\u0131 tak\u0131m\u0131 futbolcular\u0131 Fatin Can ve Hamza S\u00fcrer, malzeme sorumlusu Onur Akdeniz ile mutfak \u00e7al\u0131\u015fan\u0131 Suzan Berber&#8217;i kaybeden Hatayspor&#8217;un, afetten sonra Mersin Stad\u0131&#8217;nda \u00e7\u0131kt\u0131\u011f\u0131 i\u00e7 saha ma\u00e7lar\u0131n\u0131 tekrar kentinde oynayaca\u011f\u0131n\u0131 duyurmas\u0131 taraftar\u0131n\u0131 [&hellip;]<\/p>\n","protected":false},"author":1,"featured_media":34962,"comment_status":"open","ping_status":"open","sticky":false,"template":"","format":"standard","meta":{"jnews-multi-image_gallery":[],"jnews_single_post":[],"jnews_primary_category":[],"jnews_social_meta":[],"jnews_override_counter":[],"footnotes":""},"categories":[4],"tags":[],"class_list":["post-34961","post","type-post","status-publish","format-standard","has-post-thumbnail","hentry","category-spor"],"yoast_head":"<!-- This site is optimized with the Yoast SEO plugin v27.5 - https:\/\/yoast.com\/product\/yoast-seo-wordpress\/ -->\n<title>Hatayspor, 1021 g\u00fcn sonra yuvaya d\u00f6n\u00fcyor - Kuzeyin Sesi<\/title>\n<meta name=\"robots\" content=\"index, follow, max-snippet:-1, max-image-preview:large, max-video-preview:-1\" \/>\n<link rel=\"canonical\" href=\"https:\/\/kuzeyinsesi.org\/index.php\/2025\/11\/21\/hatayspor-1021-gun-sonra-yuvaya-donuyor\/\" \/>\n<meta property=\"og:locale\" content=\"tr_TR\" \/>\n<meta property=\"og:type\" content=\"article\" \/>\n<meta property=\"og:title\" content=\"Hatayspor, 1021 g\u00fcn sonra yuvaya d\u00f6n\u00fcyor - Kuzeyin Sesi\" \/>\n<meta property=\"og:description\" content=\"&#013; Pazarc\u0131k ve Elbistan merkezli 6 \u015eubat depremlerinde Ganal\u0131 futbolcu Christian Atsu, sportif direkt\u00f6r Taner Savut, altyap\u0131 kaleci antren\u00f6r\u00fc H\u00fcseyin Danahalilo\u011flu, 14-15 ya\u015f alt\u0131 tak\u0131m\u0131 futbolcular\u0131 Fatin Can ve Hamza S\u00fcrer, malzeme sorumlusu Onur Akdeniz ile mutfak \u00e7al\u0131\u015fan\u0131 Suzan Berber&#8217;i kaybeden Hatayspor&#8217;un, afetten sonra Mersin Stad\u0131&#8217;nda \u00e7\u0131kt\u0131\u011f\u0131 i\u00e7 saha ma\u00e7lar\u0131n\u0131 tekrar kentinde oynayaca\u011f\u0131n\u0131 duyurmas\u0131 taraftar\u0131n\u0131 [&hellip;]\" \/>\n<meta property=\"og:url\" content=\"https:\/\/kuzeyinsesi.org\/index.php\/2025\/11\/21\/hatayspor-1021-gun-sonra-yuvaya-donuyor\/\" \/>\n<meta property=\"og:site_name\" content=\"Kuzeyin Sesi\" \/>\n<meta property=\"article:publisher\" content=\"https:\/\/www.facebook.com\/kuzeyinsesii\" \/>\n<meta property=\"article:published_time\" content=\"2025-11-21T12:13:39+00:00\" \/>\n<meta property=\"og:image\" content=\"https:\/\/trthaberstatic.cdn.wp.trt.com.tr\/resimler\/2418000\/hatayspor-2418727.jpg\" \/>\n<meta name=\"author\" content=\"Kuzeyin Sesi\" \/>\n<meta name=\"twitter:card\" content=\"summary_large_image\" \/>\n<meta name=\"twitter:creator\" content=\"@kuzeyinsesii\" \/>\n<meta name=\"twitter:site\" content=\"@kuzeyinsesii\" \/>\n<meta name=\"twitter:label1\" content=\"Yazan:\" \/>\n\t<meta name=\"twitter:data1\" content=\"Kuzeyin Sesi\" \/>\n\t<meta name=\"twitter:label2\" content=\"Tahmini okuma s\u00fcresi\" \/>\n\t<meta name=\"twitter:data2\" content=\"3 dakika\" \/>\n<script type=\"application\/ld+json\" class=\"yoast-schema-graph\">{\"@context\":\"https:\\\/\\\/schema.org\",\"@graph\":[{\"@type\":\"Article\",\"@id\":\"https:\\\/\\\/kuzeyinsesi.org\\\/index.php\\\/2025\\\/11\\\/21\\\/hatayspor-1021-gun-sonra-yuvaya-donuyor\\\/#article\",\"isPartOf\":{\"@id\":\"https:\\\/\\\/kuzeyinsesi.org\\\/index.php\\\/2025\\\/11\\\/21\\\/hatayspor-1021-gun-sonra-yuvaya-donuyor\\\/\"},\"author\":{\"name\":\"Kuzeyin Sesi\",\"@id\":\"https:\\\/\\\/kuzeyinsesi.org\\\/#\\\/schema\\\/person\\\/9f859689cdf01485597712386e37f5aa\"},\"headline\":\"Hatayspor, 1021 g\u00fcn sonra yuvaya d\u00f6n\u00fcyor\",\"datePublished\":\"2025-11-21T12:13:39+00:00\",\"mainEntityOfPage\":{\"@id\":\"https:\\\/\\\/kuzeyinsesi.org\\\/index.php\\\/2025\\\/11\\\/21\\\/hatayspor-1021-gun-sonra-yuvaya-donuyor\\\/\"},\"wordCount\":692,\"commentCount\":0,\"image\":{\"@id\":\"https:\\\/\\\/kuzeyinsesi.org\\\/index.php\\\/2025\\\/11\\\/21\\\/hatayspor-1021-gun-sonra-yuvaya-donuyor\\\/#primaryimage\"},\"thumbnailUrl\":\"https:\\\/\\\/kuzeyinsesi.org\\\/wp-content\\\/uploads\\\/2025\\\/11\\\/hatayspor-2418727.jpg\",\"articleSection\":[\"Spor\"],\"inLanguage\":\"tr\",\"potentialAction\":[{\"@type\":\"CommentAction\",\"name\":\"Comment\",\"target\":[\"https:\\\/\\\/kuzeyinsesi.org\\\/index.php\\\/2025\\\/11\\\/21\\\/hatayspor-1021-gun-sonra-yuvaya-donuyor\\\/#respond\"]}]},{\"@type\":\"WebPage\",\"@id\":\"https:\\\/\\\/kuzeyinsesi.org\\\/index.php\\\/2025\\\/11\\\/21\\\/hatayspor-1021-gun-sonra-yuvaya-donuyor\\\/\",\"url\":\"https:\\\/\\\/kuzeyinsesi.org\\\/index.php\\\/2025\\\/11\\\/21\\\/hatayspor-1021-gun-sonra-yuvaya-donuyor\\\/\",\"name\":\"Hatayspor, 1021 g\u00fcn sonra yuvaya d\u00f6n\u00fcyor - Kuzeyin Sesi\",\"isPartOf\":{\"@id\":\"https:\\\/\\\/kuzeyinsesi.org\\\/#website\"},\"primaryImageOfPage\":{\"@id\":\"https:\\\/\\\/kuzeyinsesi.org\\\/index.php\\\/2025\\\/11\\\/21\\\/hatayspor-1021-gun-sonra-yuvaya-donuyor\\\/#primaryimage\"},\"image\":{\"@id\":\"https:\\\/\\\/kuzeyinsesi.org\\\/index.php\\\/2025\\\/11\\\/21\\\/hatayspor-1021-gun-sonra-yuvaya-donuyor\\\/#primaryimage\"},\"thumbnailUrl\":\"https:\\\/\\\/kuzeyinsesi.org\\\/wp-content\\\/uploads\\\/2025\\\/11\\\/hatayspor-2418727.jpg\",\"datePublished\":\"2025-11-21T12:13:39+00:00\",\"author\":{\"@id\":\"https:\\\/\\\/kuzeyinsesi.org\\\/#\\\/schema\\\/person\\\/9f859689cdf01485597712386e37f5aa\"},\"breadcrumb\":{\"@id\":\"https:\\\/\\\/kuzeyinsesi.org\\\/index.php\\\/2025\\\/11\\\/21\\\/hatayspor-1021-gun-sonra-yuvaya-donuyor\\\/#breadcrumb\"},\"inLanguage\":\"tr\",\"potentialAction\":[{\"@type\":\"ReadAction\",\"target\":[\"https:\\\/\\\/kuzeyinsesi.org\\\/index.php\\\/2025\\\/11\\\/21\\\/hatayspor-1021-gun-sonra-yuvaya-donuyor\\\/\"]}]},{\"@type\":\"ImageObject\",\"inLanguage\":\"tr\",\"@id\":\"https:\\\/\\\/kuzeyinsesi.org\\\/index.php\\\/2025\\\/11\\\/21\\\/hatayspor-1021-gun-sonra-yuvaya-donuyor\\\/#primaryimage\",\"url\":\"https:\\\/\\\/kuzeyinsesi.org\\\/wp-content\\\/uploads\\\/2025\\\/11\\\/hatayspor-2418727.jpg\",\"contentUrl\":\"https:\\\/\\\/kuzeyinsesi.org\\\/wp-content\\\/uploads\\\/2025\\\/11\\\/hatayspor-2418727.jpg\",\"width\":1280,\"height\":720},{\"@type\":\"BreadcrumbList\",\"@id\":\"https:\\\/\\\/kuzeyinsesi.org\\\/index.php\\\/2025\\\/11\\\/21\\\/hatayspor-1021-gun-sonra-yuvaya-donuyor\\\/#breadcrumb\",\"itemListElement\":[{\"@type\":\"ListItem\",\"position\":1,\"name\":\"Anasayfa\",\"item\":\"https:\\\/\\\/kuzeyinsesi.org\\\/\"},{\"@type\":\"ListItem\",\"position\":2,\"name\":\"Hatayspor, 1021 g\u00fcn sonra yuvaya d\u00f6n\u00fcyor\"}]},{\"@type\":\"WebSite\",\"@id\":\"https:\\\/\\\/kuzeyinsesi.org\\\/#website\",\"url\":\"https:\\\/\\\/kuzeyinsesi.org\\\/\",\"name\":\"Kuzeyin Sesi\",\"description\":\"Do\u011fru Haberin Adresi\",\"potentialAction\":[{\"@type\":\"SearchAction\",\"target\":{\"@type\":\"EntryPoint\",\"urlTemplate\":\"https:\\\/\\\/kuzeyinsesi.org\\\/?s={search_term_string}\"},\"query-input\":{\"@type\":\"PropertyValueSpecification\",\"valueRequired\":true,\"valueName\":\"search_term_string\"}}],\"inLanguage\":\"tr\"},{\"@type\":\"Person\",\"@id\":\"https:\\\/\\\/kuzeyinsesi.org\\\/#\\\/schema\\\/person\\\/9f859689cdf01485597712386e37f5aa\",\"name\":\"Kuzeyin Sesi\",\"image\":{\"@type\":\"ImageObject\",\"inLanguage\":\"tr\",\"@id\":\"https:\\\/\\\/secure.gravatar.com\\\/avatar\\\/bab33852abfd8b282518d6ed81826833d77c3c882d9ab608add591ccace47a44?s=96&d=mm&r=g\",\"url\":\"https:\\\/\\\/secure.gravatar.com\\\/avatar\\\/bab33852abfd8b282518d6ed81826833d77c3c882d9ab608add591ccace47a44?s=96&d=mm&r=g\",\"contentUrl\":\"https:\\\/\\\/secure.gravatar.com\\\/avatar\\\/bab33852abfd8b282518d6ed81826833d77c3c882d9ab608add591ccace47a44?s=96&d=mm&r=g\",\"caption\":\"Kuzeyin Sesi\"},\"sameAs\":[\"https:\\\/\\\/kuzeyinsesi.org\"],\"url\":\"https:\\\/\\\/kuzeyinsesi.org\\\/index.php\\\/author\\\/guven\\\/\"}]}<\/script>\n<!-- \/ Yoast SEO plugin. -->","yoast_head_json":{"title":"Hatayspor, 1021 g\u00fcn sonra yuvaya d\u00f6n\u00fcyor - Kuzeyin Sesi","robots":{"index":"index","follow":"follow","max-snippet":"max-snippet:-1","max-image-preview":"max-image-preview:large","max-video-preview":"max-video-preview:-1"},"canonical":"https:\/\/kuzeyinsesi.org\/index.php\/2025\/11\/21\/hatayspor-1021-gun-sonra-yuvaya-donuyor\/","og_locale":"tr_TR","og_type":"article","og_title":"Hatayspor, 1021 g\u00fcn sonra yuvaya d\u00f6n\u00fcyor - Kuzeyin Sesi","og_description":"&#13; Pazarc\u0131k ve Elbistan merkezli 6 \u015eubat depremlerinde Ganal\u0131 futbolcu Christian Atsu, sportif direkt\u00f6r Taner Savut, altyap\u0131 kaleci antren\u00f6r\u00fc H\u00fcseyin Danahalilo\u011flu, 14-15 ya\u015f alt\u0131 tak\u0131m\u0131 futbolcular\u0131 Fatin Can ve Hamza S\u00fcrer, malzeme sorumlusu Onur Akdeniz ile mutfak \u00e7al\u0131\u015fan\u0131 Suzan Berber&#8217;i kaybeden Hatayspor&#8217;un, afetten sonra Mersin Stad\u0131&#8217;nda \u00e7\u0131kt\u0131\u011f\u0131 i\u00e7 saha ma\u00e7lar\u0131n\u0131 tekrar kentinde oynayaca\u011f\u0131n\u0131 duyurmas\u0131 taraftar\u0131n\u0131 [&hellip;]","og_url":"https:\/\/kuzeyinsesi.org\/index.php\/2025\/11\/21\/hatayspor-1021-gun-sonra-yuvaya-donuyor\/","og_site_name":"Kuzeyin Sesi","article_publisher":"https:\/\/www.facebook.com\/kuzeyinsesii","article_published_time":"2025-11-21T12:13:39+00:00","og_image":[{"url":"https:\/\/trthaberstatic.cdn.wp.trt.com.tr\/resimler\/2418000\/hatayspor-2418727.jpg","type":"","width":"","height":""}],"author":"Kuzeyin Sesi","twitter_card":"summary_large_image","twitter_creator":"@kuzeyinsesii","twitter_site":"@kuzeyinsesii","twitter_misc":{"Yazan:":"Kuzeyin Sesi","Tahmini okuma s\u00fcresi":"3 dakika"},"schema":{"@context":"https:\/\/schema.org","@graph":[{"@type":"Article","@id":"https:\/\/kuzeyinsesi.org\/index.php\/2025\/11\/21\/hatayspor-1021-gun-sonra-yuvaya-donuyor\/#article","isPartOf":{"@id":"https:\/\/kuzeyinsesi.org\/index.php\/2025\/11\/21\/hatayspor-1021-gun-sonra-yuvaya-donuyor\/"},"author":{"name":"Kuzeyin Sesi","@id":"https:\/\/kuzeyinsesi.org\/#\/schema\/person\/9f859689cdf01485597712386e37f5aa"},"headline":"Hatayspor, 1021 g\u00fcn sonra yuvaya d\u00f6n\u00fcyor","datePublished":"2025-11-21T12:13:39+00:00","mainEntityOfPage":{"@id":"https:\/\/kuzeyinsesi.org\/index.php\/2025\/11\/21\/hatayspor-1021-gun-sonra-yuvaya-donuyor\/"},"wordCount":692,"commentCount":0,"image":{"@id":"https:\/\/kuzeyinsesi.org\/index.php\/2025\/11\/21\/hatayspor-1021-gun-sonra-yuvaya-donuyor\/#primaryimage"},"thumbnailUrl":"https:\/\/kuzeyinsesi.org\/wp-content\/uploads\/2025\/11\/hatayspor-2418727.jpg","articleSection":["Spor"],"inLanguage":"tr","potentialAction":[{"@type":"CommentAction","name":"Comment","target":["https:\/\/kuzeyinsesi.org\/index.php\/2025\/11\/21\/hatayspor-1021-gun-sonra-yuvaya-donuyor\/#respond"]}]},{"@type":"WebPage","@id":"https:\/\/kuzeyinsesi.org\/index.php\/2025\/11\/21\/hatayspor-1021-gun-sonra-yuvaya-donuyor\/","url":"https:\/\/kuzeyinsesi.org\/index.php\/2025\/11\/21\/hatayspor-1021-gun-sonra-yuvaya-donuyor\/","name":"Hatayspor, 1021 g\u00fcn sonra yuvaya d\u00f6n\u00fcyor - Kuzeyin Sesi","isPartOf":{"@id":"https:\/\/kuzeyinsesi.org\/#website"},"primaryImageOfPage":{"@id":"https:\/\/kuzeyinsesi.org\/index.php\/2025\/11\/21\/hatayspor-1021-gun-sonra-yuvaya-donuyor\/#primaryimage"},"image":{"@id":"https:\/\/kuzeyinsesi.org\/index.php\/2025\/11\/21\/hatayspor-1021-gun-sonra-yuvaya-donuyor\/#primaryimage"},"thumbnailUrl":"https:\/\/kuzeyinsesi.org\/wp-content\/uploads\/2025\/11\/hatayspor-2418727.jpg","datePublished":"2025-11-21T12:13:39+00:00","author":{"@id":"https:\/\/kuzeyinsesi.org\/#\/schema\/person\/9f859689cdf01485597712386e37f5aa"},"breadcrumb":{"@id":"https:\/\/kuzeyinsesi.org\/index.php\/2025\/11\/21\/hatayspor-1021-gun-sonra-yuvaya-donuyor\/#breadcrumb"},"inLanguage":"tr","potentialAction":[{"@type":"ReadAction","target":["https:\/\/kuzeyinsesi.org\/index.php\/2025\/11\/21\/hatayspor-1021-gun-sonra-yuvaya-donuyor\/"]}]},{"@type":"ImageObject","inLanguage":"tr","@id":"https:\/\/kuzeyinsesi.org\/index.php\/2025\/11\/21\/hatayspor-1021-gun-sonra-yuvaya-donuyor\/#primaryimage","url":"https:\/\/kuzeyinsesi.org\/wp-content\/uploads\/2025\/11\/hatayspor-2418727.jpg","contentUrl":"https:\/\/kuzeyinsesi.org\/wp-content\/uploads\/2025\/11\/hatayspor-2418727.jpg","width":1280,"height":720},{"@type":"BreadcrumbList","@id":"https:\/\/kuzeyinsesi.org\/index.php\/2025\/11\/21\/hatayspor-1021-gun-sonra-yuvaya-donuyor\/#breadcrumb","itemListElement":[{"@type":"ListItem","position":1,"name":"Anasayfa","item":"https:\/\/kuzeyinsesi.org\/"},{"@type":"ListItem","position":2,"name":"Hatayspor, 1021 g\u00fcn sonra yuvaya d\u00f6n\u00fcyor"}]},{"@type":"WebSite","@id":"https:\/\/kuzeyinsesi.org\/#website","url":"https:\/\/kuzeyinsesi.org\/","name":"Kuzeyin Sesi","description":"Do\u011fru Haberin Adresi","potentialAction":[{"@type":"SearchAction","target":{"@type":"EntryPoint","urlTemplate":"https:\/\/kuzeyinsesi.org\/?s={search_term_string}"},"query-input":{"@type":"PropertyValueSpecification","valueRequired":true,"valueName":"search_term_string"}}],"inLanguage":"tr"},{"@type":"Person","@id":"https:\/\/kuzeyinsesi.org\/#\/schema\/person\/9f859689cdf01485597712386e37f5aa","name":"Kuzeyin Sesi","image":{"@type":"ImageObject","inLanguage":"tr","@id":"https:\/\/secure.gravatar.com\/avatar\/bab33852abfd8b282518d6ed81826833d77c3c882d9ab608add591ccace47a44?s=96&d=mm&r=g","url":"https:\/\/secure.gravatar.com\/avatar\/bab33852abfd8b282518d6ed81826833d77c3c882d9ab608add591ccace47a44?s=96&d=mm&r=g","contentUrl":"https:\/\/secure.gravatar.com\/avatar\/bab33852abfd8b282518d6ed81826833d77c3c882d9ab608add591ccace47a44?s=96&d=mm&r=g","caption":"Kuzeyin Sesi"},"sameAs":["https:\/\/kuzeyinsesi.org"],"url":"https:\/\/kuzeyinsesi.org\/index.php\/author\/guven\/"}]}},"_links":{"self":[{"href":"https:\/\/kuzeyinsesi.org\/index.php\/wp-json\/wp\/v2\/posts\/34961","targetHints":{"allow":["GET"]}}],"collection":[{"href":"https:\/\/kuzeyinsesi.org\/index.php\/wp-json\/wp\/v2\/posts"}],"about":[{"href":"https:\/\/kuzeyinsesi.org\/index.php\/wp-json\/wp\/v2\/types\/post"}],"author":[{"embeddable":true,"href":"https:\/\/kuzeyinsesi.org\/index.php\/wp-json\/wp\/v2\/users\/1"}],"replies":[{"embeddable":true,"href":"https:\/\/kuzeyinsesi.org\/index.php\/wp-json\/wp\/v2\/comments?post=34961"}],"version-history":[{"count":0,"href":"https:\/\/kuzeyinsesi.org\/index.php\/wp-json\/wp\/v2\/posts\/34961\/revisions"}],"wp:featuredmedia":[{"embeddable":true,"href":"https:\/\/kuzeyinsesi.org\/index.php\/wp-json\/wp\/v2\/media\/34962"}],"wp:attachment":[{"href":"https:\/\/kuzeyinsesi.org\/index.php\/wp-json\/wp\/v2\/media?parent=34961"}],"wp:term":[{"taxonomy":"category","embeddable":true,"href":"https:\/\/kuzeyinsesi.org\/index.php\/wp-json\/wp\/v2\/categories?post=34961"},{"taxonomy":"post_tag","embeddable":true,"href":"https:\/\/kuzeyinsesi.org\/index.php\/wp-json\/wp\/v2\/tags?post=34961"}],"curies":[{"name":"wp","href":"https:\/\/api.w.org\/{rel}","templated":true}]}}