{"id":34945,"date":"2025-11-21T08:44:52","date_gmt":"2025-11-21T06:44:52","guid":{"rendered":"https:\/\/kuzeyinsesi.org\/index.php\/2025\/11\/21\/turgay-deniz-londradaki-albaraka-zirvesinde-konustu\/"},"modified":"2025-11-21T08:44:52","modified_gmt":"2025-11-21T06:44:52","slug":"turgay-deniz-londradaki-albaraka-zirvesinde-konustu","status":"publish","type":"post","link":"https:\/\/kuzeyinsesi.org\/index.php\/2025\/11\/21\/turgay-deniz-londradaki-albaraka-zirvesinde-konustu\/","title":{"rendered":"Turgay Deniz, Londra\u2019daki AlBaraka Zirvesi\u2019nde konu\u015ftu"},"content":{"rendered":"<p><\/p>\n<div class=\"entry-content-wrapper\">\n<div class=\"entry-content-inner\">\n<p>K\u0131br\u0131s T\u00fcrk Ticaret Odas\u0131 (KTTO) Ba\u015fkan\u0131 Turgay Deniz, Londra\u2019da d\u00fczenlenen 4. AlBaraka Summit\u2019e kat\u0131larak konu\u015fma yapt\u0131.<\/p>\n<p>KTTO\u2019dan yap\u0131lan a\u00e7\u0131klamaya g\u00f6re, zirve kapsam\u0131nda \u201cEkonomik H\u0131zlanman\u0131n ve \u0130\u015f D\u00fcnyas\u0131 A\u011flar\u0131n\u0131n Motoru Olarak Ticaret Odalar\u0131\u201d ba\u015fl\u0131kl\u0131 oturumda konu\u015fan Deniz, Kuzey K\u0131br\u0131s\u2019taki i\u015fletmelerin k\u00fcresel pazarlara entegrasyonu konusunda mesajlar verdi.<\/p>\n<p>Deniz, panelde yapt\u0131\u011f\u0131 de\u011ferlendirmede, ikili i\u015f birliklerinin g\u00fc\u00e7lendirilmesi, b\u00f6lgesel ticaret a\u011flar\u0131na eri\u015fimin art\u0131r\u0131lmas\u0131 ve sekt\u00f6rel i\u015f ile yat\u0131r\u0131m potansiyelinin geli\u015ftirilmesinin \u00f6nemine dikkat \u00e7ekerek, KTTO\u2019nun y\u00fcr\u00fctt\u00fc\u011f\u00fc \u00e7al\u0131\u015fmalarla, K\u0131br\u0131s T\u00fcrk giri\u015fimcilerinin uluslararas\u0131 i\u015f d\u00fcnyas\u0131nda daha fazla yer almas\u0131n\u0131 hedeflediklerini vurgulad\u0131.<\/p>\n<\/div>\n<\/div>\n<div class=\"reaction-wrapper reaction-wrapper-style-1\">\n<div class=\"reaction-wrapper-inner\">\n<div class=\"reaction-wrapper-icons\" data-post-id=\"709658\">\n<div class=\"reaction-item\" data-reaction=\"mutlu\" aria-label=\"Mutlu\" data-reacted=\"no\"><\/div>\n<\/div>\n<\/div>\n<\/div>\n","protected":false},"excerpt":{"rendered":"<p>K\u0131br\u0131s T\u00fcrk Ticaret Odas\u0131 (KTTO) Ba\u015fkan\u0131 Turgay Deniz, Londra\u2019da d\u00fczenlenen 4. AlBaraka Summit\u2019e kat\u0131larak konu\u015fma yapt\u0131. KTTO\u2019dan yap\u0131lan a\u00e7\u0131klamaya g\u00f6re, zirve kapsam\u0131nda \u201cEkonomik H\u0131zlanman\u0131n ve \u0130\u015f D\u00fcnyas\u0131 A\u011flar\u0131n\u0131n Motoru Olarak Ticaret Odalar\u0131\u201d ba\u015fl\u0131kl\u0131 oturumda konu\u015fan Deniz, Kuzey K\u0131br\u0131s\u2019taki i\u015fletmelerin k\u00fcresel pazarlara entegrasyonu konusunda mesajlar verdi. Deniz, panelde yapt\u0131\u011f\u0131 de\u011ferlendirmede, ikili i\u015f birliklerinin g\u00fc\u00e7lendirilmesi, b\u00f6lgesel ticaret [&hellip;]<\/p>\n","protected":false},"author":1,"featured_media":34946,"comment_status":"open","ping_status":"open","sticky":false,"template":"","format":"standard","meta":{"jnews-multi-image_gallery":[],"jnews_single_post":[],"jnews_primary_category":[],"jnews_social_meta":[],"jnews_override_counter":[],"footnotes":""},"categories":[1],"tags":[],"class_list":["post-34945","post","type-post","status-publish","format-standard","has-post-thumbnail","hentry","category-kibris"],"yoast_head":"<!-- This site is optimized with the Yoast SEO plugin v27.5 - https:\/\/yoast.com\/product\/yoast-seo-wordpress\/ -->\n<title>Turgay Deniz, Londra\u2019daki AlBaraka Zirvesi\u2019nde konu\u015ftu - Kuzeyin Sesi<\/title>\n<meta name=\"robots\" content=\"index, follow, max-snippet:-1, max-image-preview:large, max-video-preview:-1\" \/>\n<link rel=\"canonical\" href=\"https:\/\/kuzeyinsesi.org\/index.php\/2025\/11\/21\/turgay-deniz-londradaki-albaraka-zirvesinde-konustu\/\" \/>\n<meta property=\"og:locale\" content=\"tr_TR\" \/>\n<meta property=\"og:type\" content=\"article\" \/>\n<meta property=\"og:title\" content=\"Turgay Deniz, Londra\u2019daki AlBaraka Zirvesi\u2019nde konu\u015ftu - Kuzeyin Sesi\" \/>\n<meta property=\"og:description\" content=\"K\u0131br\u0131s T\u00fcrk Ticaret Odas\u0131 (KTTO) Ba\u015fkan\u0131 Turgay Deniz, Londra\u2019da d\u00fczenlenen 4. AlBaraka Summit\u2019e kat\u0131larak konu\u015fma yapt\u0131. KTTO\u2019dan yap\u0131lan a\u00e7\u0131klamaya g\u00f6re, zirve kapsam\u0131nda \u201cEkonomik H\u0131zlanman\u0131n ve \u0130\u015f D\u00fcnyas\u0131 A\u011flar\u0131n\u0131n Motoru Olarak Ticaret Odalar\u0131\u201d ba\u015fl\u0131kl\u0131 oturumda konu\u015fan Deniz, Kuzey K\u0131br\u0131s\u2019taki i\u015fletmelerin k\u00fcresel pazarlara entegrasyonu konusunda mesajlar verdi. Deniz, panelde yapt\u0131\u011f\u0131 de\u011ferlendirmede, ikili i\u015f birliklerinin g\u00fc\u00e7lendirilmesi, b\u00f6lgesel ticaret [&hellip;]\" \/>\n<meta property=\"og:url\" content=\"https:\/\/kuzeyinsesi.org\/index.php\/2025\/11\/21\/turgay-deniz-londradaki-albaraka-zirvesinde-konustu\/\" \/>\n<meta property=\"og:site_name\" content=\"Kuzeyin Sesi\" \/>\n<meta property=\"article:publisher\" content=\"https:\/\/www.facebook.com\/kuzeyinsesii\" \/>\n<meta property=\"article:published_time\" content=\"2025-11-21T06:44:52+00:00\" \/>\n<meta property=\"og:image\" content=\"https:\/\/www.bimanset.com\/wp-content\/uploads\/2025\/11\/deniz-1024x587-1.jpg\" \/>\n<meta name=\"author\" content=\"Kuzeyin Sesi\" \/>\n<meta name=\"twitter:card\" content=\"summary_large_image\" \/>\n<meta name=\"twitter:creator\" content=\"@kuzeyinsesii\" \/>\n<meta name=\"twitter:site\" content=\"@kuzeyinsesii\" \/>\n<meta name=\"twitter:label1\" content=\"Yazan:\" \/>\n\t<meta name=\"twitter:data1\" content=\"Kuzeyin Sesi\" \/>\n\t<meta name=\"twitter:label2\" content=\"Tahmini okuma s\u00fcresi\" \/>\n\t<meta name=\"twitter:data2\" content=\"1 dakika\" \/>\n<script type=\"application\/ld+json\" class=\"yoast-schema-graph\">{\"@context\":\"https:\\\/\\\/schema.org\",\"@graph\":[{\"@type\":\"Article\",\"@id\":\"https:\\\/\\\/kuzeyinsesi.org\\\/index.php\\\/2025\\\/11\\\/21\\\/turgay-deniz-londradaki-albaraka-zirvesinde-konustu\\\/#article\",\"isPartOf\":{\"@id\":\"https:\\\/\\\/kuzeyinsesi.org\\\/index.php\\\/2025\\\/11\\\/21\\\/turgay-deniz-londradaki-albaraka-zirvesinde-konustu\\\/\"},\"author\":{\"name\":\"Kuzeyin Sesi\",\"@id\":\"https:\\\/\\\/kuzeyinsesi.org\\\/#\\\/schema\\\/person\\\/9f859689cdf01485597712386e37f5aa\"},\"headline\":\"Turgay Deniz, Londra\u2019daki AlBaraka Zirvesi\u2019nde konu\u015ftu\",\"datePublished\":\"2025-11-21T06:44:52+00:00\",\"mainEntityOfPage\":{\"@id\":\"https:\\\/\\\/kuzeyinsesi.org\\\/index.php\\\/2025\\\/11\\\/21\\\/turgay-deniz-londradaki-albaraka-zirvesinde-konustu\\\/\"},\"wordCount\":141,\"commentCount\":0,\"image\":{\"@id\":\"https:\\\/\\\/kuzeyinsesi.org\\\/index.php\\\/2025\\\/11\\\/21\\\/turgay-deniz-londradaki-albaraka-zirvesinde-konustu\\\/#primaryimage\"},\"thumbnailUrl\":\"https:\\\/\\\/kuzeyinsesi.org\\\/wp-content\\\/uploads\\\/2025\\\/11\\\/deniz-1024x587-1.jpg\",\"articleSection\":[\"K\u0131br\u0131s\"],\"inLanguage\":\"tr\",\"potentialAction\":[{\"@type\":\"CommentAction\",\"name\":\"Comment\",\"target\":[\"https:\\\/\\\/kuzeyinsesi.org\\\/index.php\\\/2025\\\/11\\\/21\\\/turgay-deniz-londradaki-albaraka-zirvesinde-konustu\\\/#respond\"]}]},{\"@type\":\"WebPage\",\"@id\":\"https:\\\/\\\/kuzeyinsesi.org\\\/index.php\\\/2025\\\/11\\\/21\\\/turgay-deniz-londradaki-albaraka-zirvesinde-konustu\\\/\",\"url\":\"https:\\\/\\\/kuzeyinsesi.org\\\/index.php\\\/2025\\\/11\\\/21\\\/turgay-deniz-londradaki-albaraka-zirvesinde-konustu\\\/\",\"name\":\"Turgay Deniz, Londra\u2019daki AlBaraka Zirvesi\u2019nde konu\u015ftu - Kuzeyin Sesi\",\"isPartOf\":{\"@id\":\"https:\\\/\\\/kuzeyinsesi.org\\\/#website\"},\"primaryImageOfPage\":{\"@id\":\"https:\\\/\\\/kuzeyinsesi.org\\\/index.php\\\/2025\\\/11\\\/21\\\/turgay-deniz-londradaki-albaraka-zirvesinde-konustu\\\/#primaryimage\"},\"image\":{\"@id\":\"https:\\\/\\\/kuzeyinsesi.org\\\/index.php\\\/2025\\\/11\\\/21\\\/turgay-deniz-londradaki-albaraka-zirvesinde-konustu\\\/#primaryimage\"},\"thumbnailUrl\":\"https:\\\/\\\/kuzeyinsesi.org\\\/wp-content\\\/uploads\\\/2025\\\/11\\\/deniz-1024x587-1.jpg\",\"datePublished\":\"2025-11-21T06:44:52+00:00\",\"author\":{\"@id\":\"https:\\\/\\\/kuzeyinsesi.org\\\/#\\\/schema\\\/person\\\/9f859689cdf01485597712386e37f5aa\"},\"breadcrumb\":{\"@id\":\"https:\\\/\\\/kuzeyinsesi.org\\\/index.php\\\/2025\\\/11\\\/21\\\/turgay-deniz-londradaki-albaraka-zirvesinde-konustu\\\/#breadcrumb\"},\"inLanguage\":\"tr\",\"potentialAction\":[{\"@type\":\"ReadAction\",\"target\":[\"https:\\\/\\\/kuzeyinsesi.org\\\/index.php\\\/2025\\\/11\\\/21\\\/turgay-deniz-londradaki-albaraka-zirvesinde-konustu\\\/\"]}]},{\"@type\":\"ImageObject\",\"inLanguage\":\"tr\",\"@id\":\"https:\\\/\\\/kuzeyinsesi.org\\\/index.php\\\/2025\\\/11\\\/21\\\/turgay-deniz-londradaki-albaraka-zirvesinde-konustu\\\/#primaryimage\",\"url\":\"https:\\\/\\\/kuzeyinsesi.org\\\/wp-content\\\/uploads\\\/2025\\\/11\\\/deniz-1024x587-1.jpg\",\"contentUrl\":\"https:\\\/\\\/kuzeyinsesi.org\\\/wp-content\\\/uploads\\\/2025\\\/11\\\/deniz-1024x587-1.jpg\",\"width\":1024,\"height\":587},{\"@type\":\"BreadcrumbList\",\"@id\":\"https:\\\/\\\/kuzeyinsesi.org\\\/index.php\\\/2025\\\/11\\\/21\\\/turgay-deniz-londradaki-albaraka-zirvesinde-konustu\\\/#breadcrumb\",\"itemListElement\":[{\"@type\":\"ListItem\",\"position\":1,\"name\":\"Anasayfa\",\"item\":\"https:\\\/\\\/kuzeyinsesi.org\\\/\"},{\"@type\":\"ListItem\",\"position\":2,\"name\":\"Turgay Deniz, Londra\u2019daki AlBaraka Zirvesi\u2019nde konu\u015ftu\"}]},{\"@type\":\"WebSite\",\"@id\":\"https:\\\/\\\/kuzeyinsesi.org\\\/#website\",\"url\":\"https:\\\/\\\/kuzeyinsesi.org\\\/\",\"name\":\"Kuzeyin Sesi\",\"description\":\"Do\u011fru Haberin Adresi\",\"potentialAction\":[{\"@type\":\"SearchAction\",\"target\":{\"@type\":\"EntryPoint\",\"urlTemplate\":\"https:\\\/\\\/kuzeyinsesi.org\\\/?s={search_term_string}\"},\"query-input\":{\"@type\":\"PropertyValueSpecification\",\"valueRequired\":true,\"valueName\":\"search_term_string\"}}],\"inLanguage\":\"tr\"},{\"@type\":\"Person\",\"@id\":\"https:\\\/\\\/kuzeyinsesi.org\\\/#\\\/schema\\\/person\\\/9f859689cdf01485597712386e37f5aa\",\"name\":\"Kuzeyin Sesi\",\"image\":{\"@type\":\"ImageObject\",\"inLanguage\":\"tr\",\"@id\":\"https:\\\/\\\/secure.gravatar.com\\\/avatar\\\/bab33852abfd8b282518d6ed81826833d77c3c882d9ab608add591ccace47a44?s=96&d=mm&r=g\",\"url\":\"https:\\\/\\\/secure.gravatar.com\\\/avatar\\\/bab33852abfd8b282518d6ed81826833d77c3c882d9ab608add591ccace47a44?s=96&d=mm&r=g\",\"contentUrl\":\"https:\\\/\\\/secure.gravatar.com\\\/avatar\\\/bab33852abfd8b282518d6ed81826833d77c3c882d9ab608add591ccace47a44?s=96&d=mm&r=g\",\"caption\":\"Kuzeyin Sesi\"},\"sameAs\":[\"https:\\\/\\\/kuzeyinsesi.org\"],\"url\":\"https:\\\/\\\/kuzeyinsesi.org\\\/index.php\\\/author\\\/guven\\\/\"}]}<\/script>\n<!-- \/ Yoast SEO plugin. -->","yoast_head_json":{"title":"Turgay Deniz, Londra\u2019daki AlBaraka Zirvesi\u2019nde konu\u015ftu - Kuzeyin Sesi","robots":{"index":"index","follow":"follow","max-snippet":"max-snippet:-1","max-image-preview":"max-image-preview:large","max-video-preview":"max-video-preview:-1"},"canonical":"https:\/\/kuzeyinsesi.org\/index.php\/2025\/11\/21\/turgay-deniz-londradaki-albaraka-zirvesinde-konustu\/","og_locale":"tr_TR","og_type":"article","og_title":"Turgay Deniz, Londra\u2019daki AlBaraka Zirvesi\u2019nde konu\u015ftu - Kuzeyin Sesi","og_description":"K\u0131br\u0131s T\u00fcrk Ticaret Odas\u0131 (KTTO) Ba\u015fkan\u0131 Turgay Deniz, Londra\u2019da d\u00fczenlenen 4. AlBaraka Summit\u2019e kat\u0131larak konu\u015fma yapt\u0131. KTTO\u2019dan yap\u0131lan a\u00e7\u0131klamaya g\u00f6re, zirve kapsam\u0131nda \u201cEkonomik H\u0131zlanman\u0131n ve \u0130\u015f D\u00fcnyas\u0131 A\u011flar\u0131n\u0131n Motoru Olarak Ticaret Odalar\u0131\u201d ba\u015fl\u0131kl\u0131 oturumda konu\u015fan Deniz, Kuzey K\u0131br\u0131s\u2019taki i\u015fletmelerin k\u00fcresel pazarlara entegrasyonu konusunda mesajlar verdi. Deniz, panelde yapt\u0131\u011f\u0131 de\u011ferlendirmede, ikili i\u015f birliklerinin g\u00fc\u00e7lendirilmesi, b\u00f6lgesel ticaret [&hellip;]","og_url":"https:\/\/kuzeyinsesi.org\/index.php\/2025\/11\/21\/turgay-deniz-londradaki-albaraka-zirvesinde-konustu\/","og_site_name":"Kuzeyin Sesi","article_publisher":"https:\/\/www.facebook.com\/kuzeyinsesii","article_published_time":"2025-11-21T06:44:52+00:00","og_image":[{"url":"https:\/\/www.bimanset.com\/wp-content\/uploads\/2025\/11\/deniz-1024x587-1.jpg","type":"","width":"","height":""}],"author":"Kuzeyin Sesi","twitter_card":"summary_large_image","twitter_creator":"@kuzeyinsesii","twitter_site":"@kuzeyinsesii","twitter_misc":{"Yazan:":"Kuzeyin Sesi","Tahmini okuma s\u00fcresi":"1 dakika"},"schema":{"@context":"https:\/\/schema.org","@graph":[{"@type":"Article","@id":"https:\/\/kuzeyinsesi.org\/index.php\/2025\/11\/21\/turgay-deniz-londradaki-albaraka-zirvesinde-konustu\/#article","isPartOf":{"@id":"https:\/\/kuzeyinsesi.org\/index.php\/2025\/11\/21\/turgay-deniz-londradaki-albaraka-zirvesinde-konustu\/"},"author":{"name":"Kuzeyin Sesi","@id":"https:\/\/kuzeyinsesi.org\/#\/schema\/person\/9f859689cdf01485597712386e37f5aa"},"headline":"Turgay Deniz, Londra\u2019daki AlBaraka Zirvesi\u2019nde konu\u015ftu","datePublished":"2025-11-21T06:44:52+00:00","mainEntityOfPage":{"@id":"https:\/\/kuzeyinsesi.org\/index.php\/2025\/11\/21\/turgay-deniz-londradaki-albaraka-zirvesinde-konustu\/"},"wordCount":141,"commentCount":0,"image":{"@id":"https:\/\/kuzeyinsesi.org\/index.php\/2025\/11\/21\/turgay-deniz-londradaki-albaraka-zirvesinde-konustu\/#primaryimage"},"thumbnailUrl":"https:\/\/kuzeyinsesi.org\/wp-content\/uploads\/2025\/11\/deniz-1024x587-1.jpg","articleSection":["K\u0131br\u0131s"],"inLanguage":"tr","potentialAction":[{"@type":"CommentAction","name":"Comment","target":["https:\/\/kuzeyinsesi.org\/index.php\/2025\/11\/21\/turgay-deniz-londradaki-albaraka-zirvesinde-konustu\/#respond"]}]},{"@type":"WebPage","@id":"https:\/\/kuzeyinsesi.org\/index.php\/2025\/11\/21\/turgay-deniz-londradaki-albaraka-zirvesinde-konustu\/","url":"https:\/\/kuzeyinsesi.org\/index.php\/2025\/11\/21\/turgay-deniz-londradaki-albaraka-zirvesinde-konustu\/","name":"Turgay Deniz, Londra\u2019daki AlBaraka Zirvesi\u2019nde konu\u015ftu - Kuzeyin Sesi","isPartOf":{"@id":"https:\/\/kuzeyinsesi.org\/#website"},"primaryImageOfPage":{"@id":"https:\/\/kuzeyinsesi.org\/index.php\/2025\/11\/21\/turgay-deniz-londradaki-albaraka-zirvesinde-konustu\/#primaryimage"},"image":{"@id":"https:\/\/kuzeyinsesi.org\/index.php\/2025\/11\/21\/turgay-deniz-londradaki-albaraka-zirvesinde-konustu\/#primaryimage"},"thumbnailUrl":"https:\/\/kuzeyinsesi.org\/wp-content\/uploads\/2025\/11\/deniz-1024x587-1.jpg","datePublished":"2025-11-21T06:44:52+00:00","author":{"@id":"https:\/\/kuzeyinsesi.org\/#\/schema\/person\/9f859689cdf01485597712386e37f5aa"},"breadcrumb":{"@id":"https:\/\/kuzeyinsesi.org\/index.php\/2025\/11\/21\/turgay-deniz-londradaki-albaraka-zirvesinde-konustu\/#breadcrumb"},"inLanguage":"tr","potentialAction":[{"@type":"ReadAction","target":["https:\/\/kuzeyinsesi.org\/index.php\/2025\/11\/21\/turgay-deniz-londradaki-albaraka-zirvesinde-konustu\/"]}]},{"@type":"ImageObject","inLanguage":"tr","@id":"https:\/\/kuzeyinsesi.org\/index.php\/2025\/11\/21\/turgay-deniz-londradaki-albaraka-zirvesinde-konustu\/#primaryimage","url":"https:\/\/kuzeyinsesi.org\/wp-content\/uploads\/2025\/11\/deniz-1024x587-1.jpg","contentUrl":"https:\/\/kuzeyinsesi.org\/wp-content\/uploads\/2025\/11\/deniz-1024x587-1.jpg","width":1024,"height":587},{"@type":"BreadcrumbList","@id":"https:\/\/kuzeyinsesi.org\/index.php\/2025\/11\/21\/turgay-deniz-londradaki-albaraka-zirvesinde-konustu\/#breadcrumb","itemListElement":[{"@type":"ListItem","position":1,"name":"Anasayfa","item":"https:\/\/kuzeyinsesi.org\/"},{"@type":"ListItem","position":2,"name":"Turgay Deniz, Londra\u2019daki AlBaraka Zirvesi\u2019nde konu\u015ftu"}]},{"@type":"WebSite","@id":"https:\/\/kuzeyinsesi.org\/#website","url":"https:\/\/kuzeyinsesi.org\/","name":"Kuzeyin Sesi","description":"Do\u011fru Haberin Adresi","potentialAction":[{"@type":"SearchAction","target":{"@type":"EntryPoint","urlTemplate":"https:\/\/kuzeyinsesi.org\/?s={search_term_string}"},"query-input":{"@type":"PropertyValueSpecification","valueRequired":true,"valueName":"search_term_string"}}],"inLanguage":"tr"},{"@type":"Person","@id":"https:\/\/kuzeyinsesi.org\/#\/schema\/person\/9f859689cdf01485597712386e37f5aa","name":"Kuzeyin Sesi","image":{"@type":"ImageObject","inLanguage":"tr","@id":"https:\/\/secure.gravatar.com\/avatar\/bab33852abfd8b282518d6ed81826833d77c3c882d9ab608add591ccace47a44?s=96&d=mm&r=g","url":"https:\/\/secure.gravatar.com\/avatar\/bab33852abfd8b282518d6ed81826833d77c3c882d9ab608add591ccace47a44?s=96&d=mm&r=g","contentUrl":"https:\/\/secure.gravatar.com\/avatar\/bab33852abfd8b282518d6ed81826833d77c3c882d9ab608add591ccace47a44?s=96&d=mm&r=g","caption":"Kuzeyin Sesi"},"sameAs":["https:\/\/kuzeyinsesi.org"],"url":"https:\/\/kuzeyinsesi.org\/index.php\/author\/guven\/"}]}},"_links":{"self":[{"href":"https:\/\/kuzeyinsesi.org\/index.php\/wp-json\/wp\/v2\/posts\/34945","targetHints":{"allow":["GET"]}}],"collection":[{"href":"https:\/\/kuzeyinsesi.org\/index.php\/wp-json\/wp\/v2\/posts"}],"about":[{"href":"https:\/\/kuzeyinsesi.org\/index.php\/wp-json\/wp\/v2\/types\/post"}],"author":[{"embeddable":true,"href":"https:\/\/kuzeyinsesi.org\/index.php\/wp-json\/wp\/v2\/users\/1"}],"replies":[{"embeddable":true,"href":"https:\/\/kuzeyinsesi.org\/index.php\/wp-json\/wp\/v2\/comments?post=34945"}],"version-history":[{"count":0,"href":"https:\/\/kuzeyinsesi.org\/index.php\/wp-json\/wp\/v2\/posts\/34945\/revisions"}],"wp:featuredmedia":[{"embeddable":true,"href":"https:\/\/kuzeyinsesi.org\/index.php\/wp-json\/wp\/v2\/media\/34946"}],"wp:attachment":[{"href":"https:\/\/kuzeyinsesi.org\/index.php\/wp-json\/wp\/v2\/media?parent=34945"}],"wp:term":[{"taxonomy":"category","embeddable":true,"href":"https:\/\/kuzeyinsesi.org\/index.php\/wp-json\/wp\/v2\/categories?post=34945"},{"taxonomy":"post_tag","embeddable":true,"href":"https:\/\/kuzeyinsesi.org\/index.php\/wp-json\/wp\/v2\/tags?post=34945"}],"curies":[{"name":"wp","href":"https:\/\/api.w.org\/{rel}","templated":true}]}}