{"id":3486,"date":"2024-05-27T11:01:05","date_gmt":"2024-05-27T08:01:05","guid":{"rendered":"https:\/\/kuzeyinsesi.com\/index.php\/2024\/05\/27\/vebal-beddua-ingiltere-lift-off-film-festivalinden-secki-aldi\/"},"modified":"2024-05-27T11:01:05","modified_gmt":"2024-05-27T08:01:05","slug":"vebal-beddua-ingiltere-lift-off-film-festivalinden-secki-aldi","status":"publish","type":"post","link":"https:\/\/kuzeyinsesi.org\/index.php\/2024\/05\/27\/vebal-beddua-ingiltere-lift-off-film-festivalinden-secki-aldi\/","title":{"rendered":"\u201cVebal- Beddua\u201d \u0130ngiltere Lift-Off Film Festivali\u2019nden se\u00e7ki ald\u0131"},"content":{"rendered":"<div>\n<div class=\"mariselle-image-container center\">\n                                            <\/div>\n<p>K\u0131br\u0131s T\u00fcrk Sinema Derne\u011fi ve SineSmart Film i\u015f birli\u011finde \u00e7ekimi yap\u0131lan \u201cVebal-Beddua\u201d adl\u0131 k\u0131sa film bu y\u0131l 14\u2019\u00fcnc\u00fcs\u00fc d\u00fczenlenen \u0130ngiltere Lift-Off K\u00fcresel A\u011f Uluslararas\u0131 Film Festivali\u2019nden se\u00e7ki ald\u0131.<\/p>\n<p>K\u0131br\u0131s T\u00fcrk Sinema Derne\u011fi Y\u00f6netim Kurulu Ba\u015fkan\u0131 M\u00fcge G\u00fcnay\u2019\u0131n verdi\u011fi bilgiye g\u00f6re, film, \u015eafak Yolcu\u2019nun Vebal adl\u0131 roman\u0131ndan bir kesit olup, iki k\u0131z karde\u015fin evden at\u0131lmalar\u0131n\u0131n ard\u0131ndan ettikleri bedduay\u0131 konu al\u0131yor.<\/p>\n<p>Lefko\u015fa\u2019n\u0131n eski kundurac\u0131lar\u0131ndan olan Abit dedenin atalar\u0131n\u0131n hikayesini anlatan filmin yap\u0131mc\u0131l\u0131\u011f\u0131n\u0131 Yusuf Darbukac\u0131, Senaryosunu \u015eafak Yolcu, Y\u00f6netmenli\u011fini M\u00fcge G\u00fcnay \u00fcstlendi.<\/p>\n<p>Ba\u015frollerinde Ye\u015fim Kumral ve Mehmet Y\u00f6r\u00fcko\u011flu\u2019nun yer ald\u0131\u011f\u0131 filmin G\u00f6r\u00fcnt\u00fc Y\u00f6netmeni Stephan Tamuno, Sanat Y\u00f6netmeni Ay\u015fe \u015eirin Ta\u015fk\u0131n, Y\u00f6netmen Yard\u0131mc\u0131s\u0131 ise, Erg\u00fcn Kemaneciler\u2026<\/p>\n<p>Sinema severlerin ve sinema sekt\u00f6r\u00fcnden ki\u015filerin kat\u0131ld\u0131\u011f\u0131 festival 3-17 Haziran tarihleri aras\u0131nda, \u0130ngiltere PineWood st\u00fcdyolar\u0131nda yer alacak.<\/p>\n<\/p><\/div>\n<p><script async\n                    defer\n                    crossorigin=\"anonymous\"\n                    src=\"https:\/\/connect.facebook.net\/tr_TR\/sdk.js#xfbml=1&#038;version=v3.3\"\n            ><\/script><\/p>\n","protected":false},"excerpt":{"rendered":"<p>K\u0131br\u0131s T\u00fcrk Sinema Derne\u011fi ve SineSmart Film i\u015f birli\u011finde \u00e7ekimi yap\u0131lan \u201cVebal-Beddua\u201d adl\u0131 k\u0131sa film bu y\u0131l 14\u2019\u00fcnc\u00fcs\u00fc d\u00fczenlenen \u0130ngiltere Lift-Off K\u00fcresel A\u011f Uluslararas\u0131 Film Festivali\u2019nden se\u00e7ki ald\u0131. K\u0131br\u0131s T\u00fcrk Sinema Derne\u011fi Y\u00f6netim Kurulu Ba\u015fkan\u0131 M\u00fcge G\u00fcnay\u2019\u0131n verdi\u011fi bilgiye g\u00f6re, film, \u015eafak Yolcu\u2019nun Vebal adl\u0131 roman\u0131ndan bir kesit olup, iki k\u0131z karde\u015fin evden at\u0131lmalar\u0131n\u0131n ard\u0131ndan [&hellip;]<\/p>\n","protected":false},"author":1,"featured_media":3487,"comment_status":"open","ping_status":"open","sticky":false,"template":"","format":"standard","meta":{"jnews-multi-image_gallery":[],"jnews_single_post":[],"jnews_primary_category":[],"jnews_social_meta":[],"jnews_override_counter":[],"footnotes":""},"categories":[6],"tags":[],"class_list":["post-3486","post","type-post","status-publish","format-standard","has-post-thumbnail","hentry","category-yasam"],"yoast_head":"<!-- This site is optimized with the Yoast SEO plugin v27.5 - https:\/\/yoast.com\/product\/yoast-seo-wordpress\/ -->\n<title>\u201cVebal- Beddua\u201d \u0130ngiltere Lift-Off Film Festivali\u2019nden se\u00e7ki ald\u0131 - Kuzeyin Sesi<\/title>\n<meta name=\"robots\" content=\"index, follow, max-snippet:-1, max-image-preview:large, max-video-preview:-1\" \/>\n<link rel=\"canonical\" href=\"https:\/\/kuzeyinsesi.org\/index.php\/2024\/05\/27\/vebal-beddua-ingiltere-lift-off-film-festivalinden-secki-aldi\/\" \/>\n<meta property=\"og:locale\" content=\"tr_TR\" \/>\n<meta property=\"og:type\" content=\"article\" \/>\n<meta property=\"og:title\" content=\"\u201cVebal- Beddua\u201d \u0130ngiltere Lift-Off Film Festivali\u2019nden se\u00e7ki ald\u0131 - Kuzeyin Sesi\" \/>\n<meta property=\"og:description\" content=\"K\u0131br\u0131s T\u00fcrk Sinema Derne\u011fi ve SineSmart Film i\u015f birli\u011finde \u00e7ekimi yap\u0131lan \u201cVebal-Beddua\u201d adl\u0131 k\u0131sa film bu y\u0131l 14\u2019\u00fcnc\u00fcs\u00fc d\u00fczenlenen \u0130ngiltere Lift-Off K\u00fcresel A\u011f Uluslararas\u0131 Film Festivali\u2019nden se\u00e7ki ald\u0131. K\u0131br\u0131s T\u00fcrk Sinema Derne\u011fi Y\u00f6netim Kurulu Ba\u015fkan\u0131 M\u00fcge G\u00fcnay\u2019\u0131n verdi\u011fi bilgiye g\u00f6re, film, \u015eafak Yolcu\u2019nun Vebal adl\u0131 roman\u0131ndan bir kesit olup, iki k\u0131z karde\u015fin evden at\u0131lmalar\u0131n\u0131n ard\u0131ndan [&hellip;]\" \/>\n<meta property=\"og:url\" content=\"https:\/\/kuzeyinsesi.org\/index.php\/2024\/05\/27\/vebal-beddua-ingiltere-lift-off-film-festivalinden-secki-aldi\/\" \/>\n<meta property=\"og:site_name\" content=\"Kuzeyin Sesi\" \/>\n<meta property=\"article:publisher\" content=\"https:\/\/www.facebook.com\/kuzeyinsesii\" \/>\n<meta property=\"article:published_time\" content=\"2024-05-27T08:01:05+00:00\" \/>\n<meta property=\"og:image\" content=\"https:\/\/kuzeyinsesi.org\/wp-content\/uploads\/2024\/05\/vebal.jpg\" \/>\n\t<meta property=\"og:image:width\" content=\"864\" \/>\n\t<meta property=\"og:image:height\" content=\"486\" \/>\n\t<meta property=\"og:image:type\" content=\"image\/jpeg\" \/>\n<meta name=\"author\" content=\"Kuzeyin Sesi\" \/>\n<meta name=\"twitter:card\" content=\"summary_large_image\" \/>\n<meta name=\"twitter:creator\" content=\"@kuzeyinsesii\" \/>\n<meta name=\"twitter:site\" content=\"@kuzeyinsesii\" \/>\n<meta name=\"twitter:label1\" content=\"Yazan:\" \/>\n\t<meta name=\"twitter:data1\" content=\"Kuzeyin Sesi\" \/>\n\t<meta name=\"twitter:label2\" content=\"Tahmini okuma s\u00fcresi\" \/>\n\t<meta name=\"twitter:data2\" content=\"1 dakika\" \/>\n<script type=\"application\/ld+json\" class=\"yoast-schema-graph\">{\"@context\":\"https:\\\/\\\/schema.org\",\"@graph\":[{\"@type\":\"Article\",\"@id\":\"https:\\\/\\\/kuzeyinsesi.org\\\/index.php\\\/2024\\\/05\\\/27\\\/vebal-beddua-ingiltere-lift-off-film-festivalinden-secki-aldi\\\/#article\",\"isPartOf\":{\"@id\":\"https:\\\/\\\/kuzeyinsesi.org\\\/index.php\\\/2024\\\/05\\\/27\\\/vebal-beddua-ingiltere-lift-off-film-festivalinden-secki-aldi\\\/\"},\"author\":{\"name\":\"Kuzeyin Sesi\",\"@id\":\"https:\\\/\\\/kuzeyinsesi.org\\\/#\\\/schema\\\/person\\\/9f859689cdf01485597712386e37f5aa\"},\"headline\":\"\u201cVebal- Beddua\u201d \u0130ngiltere Lift-Off Film Festivali\u2019nden se\u00e7ki ald\u0131\",\"datePublished\":\"2024-05-27T08:01:05+00:00\",\"mainEntityOfPage\":{\"@id\":\"https:\\\/\\\/kuzeyinsesi.org\\\/index.php\\\/2024\\\/05\\\/27\\\/vebal-beddua-ingiltere-lift-off-film-festivalinden-secki-aldi\\\/\"},\"wordCount\":200,\"commentCount\":0,\"image\":{\"@id\":\"https:\\\/\\\/kuzeyinsesi.org\\\/index.php\\\/2024\\\/05\\\/27\\\/vebal-beddua-ingiltere-lift-off-film-festivalinden-secki-aldi\\\/#primaryimage\"},\"thumbnailUrl\":\"https:\\\/\\\/kuzeyinsesi.org\\\/wp-content\\\/uploads\\\/2024\\\/05\\\/vebal.jpg\",\"articleSection\":[\"Ya\u015fam\"],\"inLanguage\":\"tr\",\"potentialAction\":[{\"@type\":\"CommentAction\",\"name\":\"Comment\",\"target\":[\"https:\\\/\\\/kuzeyinsesi.org\\\/index.php\\\/2024\\\/05\\\/27\\\/vebal-beddua-ingiltere-lift-off-film-festivalinden-secki-aldi\\\/#respond\"]}]},{\"@type\":\"WebPage\",\"@id\":\"https:\\\/\\\/kuzeyinsesi.org\\\/index.php\\\/2024\\\/05\\\/27\\\/vebal-beddua-ingiltere-lift-off-film-festivalinden-secki-aldi\\\/\",\"url\":\"https:\\\/\\\/kuzeyinsesi.org\\\/index.php\\\/2024\\\/05\\\/27\\\/vebal-beddua-ingiltere-lift-off-film-festivalinden-secki-aldi\\\/\",\"name\":\"\u201cVebal- Beddua\u201d \u0130ngiltere Lift-Off Film Festivali\u2019nden se\u00e7ki ald\u0131 - Kuzeyin Sesi\",\"isPartOf\":{\"@id\":\"https:\\\/\\\/kuzeyinsesi.org\\\/#website\"},\"primaryImageOfPage\":{\"@id\":\"https:\\\/\\\/kuzeyinsesi.org\\\/index.php\\\/2024\\\/05\\\/27\\\/vebal-beddua-ingiltere-lift-off-film-festivalinden-secki-aldi\\\/#primaryimage\"},\"image\":{\"@id\":\"https:\\\/\\\/kuzeyinsesi.org\\\/index.php\\\/2024\\\/05\\\/27\\\/vebal-beddua-ingiltere-lift-off-film-festivalinden-secki-aldi\\\/#primaryimage\"},\"thumbnailUrl\":\"https:\\\/\\\/kuzeyinsesi.org\\\/wp-content\\\/uploads\\\/2024\\\/05\\\/vebal.jpg\",\"datePublished\":\"2024-05-27T08:01:05+00:00\",\"author\":{\"@id\":\"https:\\\/\\\/kuzeyinsesi.org\\\/#\\\/schema\\\/person\\\/9f859689cdf01485597712386e37f5aa\"},\"breadcrumb\":{\"@id\":\"https:\\\/\\\/kuzeyinsesi.org\\\/index.php\\\/2024\\\/05\\\/27\\\/vebal-beddua-ingiltere-lift-off-film-festivalinden-secki-aldi\\\/#breadcrumb\"},\"inLanguage\":\"tr\",\"potentialAction\":[{\"@type\":\"ReadAction\",\"target\":[\"https:\\\/\\\/kuzeyinsesi.org\\\/index.php\\\/2024\\\/05\\\/27\\\/vebal-beddua-ingiltere-lift-off-film-festivalinden-secki-aldi\\\/\"]}]},{\"@type\":\"ImageObject\",\"inLanguage\":\"tr\",\"@id\":\"https:\\\/\\\/kuzeyinsesi.org\\\/index.php\\\/2024\\\/05\\\/27\\\/vebal-beddua-ingiltere-lift-off-film-festivalinden-secki-aldi\\\/#primaryimage\",\"url\":\"https:\\\/\\\/kuzeyinsesi.org\\\/wp-content\\\/uploads\\\/2024\\\/05\\\/vebal.jpg\",\"contentUrl\":\"https:\\\/\\\/kuzeyinsesi.org\\\/wp-content\\\/uploads\\\/2024\\\/05\\\/vebal.jpg\",\"width\":864,\"height\":486},{\"@type\":\"BreadcrumbList\",\"@id\":\"https:\\\/\\\/kuzeyinsesi.org\\\/index.php\\\/2024\\\/05\\\/27\\\/vebal-beddua-ingiltere-lift-off-film-festivalinden-secki-aldi\\\/#breadcrumb\",\"itemListElement\":[{\"@type\":\"ListItem\",\"position\":1,\"name\":\"Anasayfa\",\"item\":\"https:\\\/\\\/kuzeyinsesi.org\\\/\"},{\"@type\":\"ListItem\",\"position\":2,\"name\":\"\u201cVebal- Beddua\u201d \u0130ngiltere Lift-Off Film Festivali\u2019nden se\u00e7ki ald\u0131\"}]},{\"@type\":\"WebSite\",\"@id\":\"https:\\\/\\\/kuzeyinsesi.org\\\/#website\",\"url\":\"https:\\\/\\\/kuzeyinsesi.org\\\/\",\"name\":\"Kuzeyin Sesi\",\"description\":\"Do\u011fru Haberin Adresi\",\"potentialAction\":[{\"@type\":\"SearchAction\",\"target\":{\"@type\":\"EntryPoint\",\"urlTemplate\":\"https:\\\/\\\/kuzeyinsesi.org\\\/?s={search_term_string}\"},\"query-input\":{\"@type\":\"PropertyValueSpecification\",\"valueRequired\":true,\"valueName\":\"search_term_string\"}}],\"inLanguage\":\"tr\"},{\"@type\":\"Person\",\"@id\":\"https:\\\/\\\/kuzeyinsesi.org\\\/#\\\/schema\\\/person\\\/9f859689cdf01485597712386e37f5aa\",\"name\":\"Kuzeyin Sesi\",\"image\":{\"@type\":\"ImageObject\",\"inLanguage\":\"tr\",\"@id\":\"https:\\\/\\\/secure.gravatar.com\\\/avatar\\\/bab33852abfd8b282518d6ed81826833d77c3c882d9ab608add591ccace47a44?s=96&d=mm&r=g\",\"url\":\"https:\\\/\\\/secure.gravatar.com\\\/avatar\\\/bab33852abfd8b282518d6ed81826833d77c3c882d9ab608add591ccace47a44?s=96&d=mm&r=g\",\"contentUrl\":\"https:\\\/\\\/secure.gravatar.com\\\/avatar\\\/bab33852abfd8b282518d6ed81826833d77c3c882d9ab608add591ccace47a44?s=96&d=mm&r=g\",\"caption\":\"Kuzeyin Sesi\"},\"sameAs\":[\"https:\\\/\\\/kuzeyinsesi.org\"],\"url\":\"https:\\\/\\\/kuzeyinsesi.org\\\/index.php\\\/author\\\/guven\\\/\"}]}<\/script>\n<!-- \/ Yoast SEO plugin. -->","yoast_head_json":{"title":"\u201cVebal- Beddua\u201d \u0130ngiltere Lift-Off Film Festivali\u2019nden se\u00e7ki ald\u0131 - Kuzeyin Sesi","robots":{"index":"index","follow":"follow","max-snippet":"max-snippet:-1","max-image-preview":"max-image-preview:large","max-video-preview":"max-video-preview:-1"},"canonical":"https:\/\/kuzeyinsesi.org\/index.php\/2024\/05\/27\/vebal-beddua-ingiltere-lift-off-film-festivalinden-secki-aldi\/","og_locale":"tr_TR","og_type":"article","og_title":"\u201cVebal- Beddua\u201d \u0130ngiltere Lift-Off Film Festivali\u2019nden se\u00e7ki ald\u0131 - Kuzeyin Sesi","og_description":"K\u0131br\u0131s T\u00fcrk Sinema Derne\u011fi ve SineSmart Film i\u015f birli\u011finde \u00e7ekimi yap\u0131lan \u201cVebal-Beddua\u201d adl\u0131 k\u0131sa film bu y\u0131l 14\u2019\u00fcnc\u00fcs\u00fc d\u00fczenlenen \u0130ngiltere Lift-Off K\u00fcresel A\u011f Uluslararas\u0131 Film Festivali\u2019nden se\u00e7ki ald\u0131. K\u0131br\u0131s T\u00fcrk Sinema Derne\u011fi Y\u00f6netim Kurulu Ba\u015fkan\u0131 M\u00fcge G\u00fcnay\u2019\u0131n verdi\u011fi bilgiye g\u00f6re, film, \u015eafak Yolcu\u2019nun Vebal adl\u0131 roman\u0131ndan bir kesit olup, iki k\u0131z karde\u015fin evden at\u0131lmalar\u0131n\u0131n ard\u0131ndan [&hellip;]","og_url":"https:\/\/kuzeyinsesi.org\/index.php\/2024\/05\/27\/vebal-beddua-ingiltere-lift-off-film-festivalinden-secki-aldi\/","og_site_name":"Kuzeyin Sesi","article_publisher":"https:\/\/www.facebook.com\/kuzeyinsesii","article_published_time":"2024-05-27T08:01:05+00:00","og_image":[{"width":864,"height":486,"url":"https:\/\/kuzeyinsesi.org\/wp-content\/uploads\/2024\/05\/vebal.jpg","type":"image\/jpeg"}],"author":"Kuzeyin Sesi","twitter_card":"summary_large_image","twitter_creator":"@kuzeyinsesii","twitter_site":"@kuzeyinsesii","twitter_misc":{"Yazan:":"Kuzeyin Sesi","Tahmini okuma s\u00fcresi":"1 dakika"},"schema":{"@context":"https:\/\/schema.org","@graph":[{"@type":"Article","@id":"https:\/\/kuzeyinsesi.org\/index.php\/2024\/05\/27\/vebal-beddua-ingiltere-lift-off-film-festivalinden-secki-aldi\/#article","isPartOf":{"@id":"https:\/\/kuzeyinsesi.org\/index.php\/2024\/05\/27\/vebal-beddua-ingiltere-lift-off-film-festivalinden-secki-aldi\/"},"author":{"name":"Kuzeyin Sesi","@id":"https:\/\/kuzeyinsesi.org\/#\/schema\/person\/9f859689cdf01485597712386e37f5aa"},"headline":"\u201cVebal- Beddua\u201d \u0130ngiltere Lift-Off Film Festivali\u2019nden se\u00e7ki ald\u0131","datePublished":"2024-05-27T08:01:05+00:00","mainEntityOfPage":{"@id":"https:\/\/kuzeyinsesi.org\/index.php\/2024\/05\/27\/vebal-beddua-ingiltere-lift-off-film-festivalinden-secki-aldi\/"},"wordCount":200,"commentCount":0,"image":{"@id":"https:\/\/kuzeyinsesi.org\/index.php\/2024\/05\/27\/vebal-beddua-ingiltere-lift-off-film-festivalinden-secki-aldi\/#primaryimage"},"thumbnailUrl":"https:\/\/kuzeyinsesi.org\/wp-content\/uploads\/2024\/05\/vebal.jpg","articleSection":["Ya\u015fam"],"inLanguage":"tr","potentialAction":[{"@type":"CommentAction","name":"Comment","target":["https:\/\/kuzeyinsesi.org\/index.php\/2024\/05\/27\/vebal-beddua-ingiltere-lift-off-film-festivalinden-secki-aldi\/#respond"]}]},{"@type":"WebPage","@id":"https:\/\/kuzeyinsesi.org\/index.php\/2024\/05\/27\/vebal-beddua-ingiltere-lift-off-film-festivalinden-secki-aldi\/","url":"https:\/\/kuzeyinsesi.org\/index.php\/2024\/05\/27\/vebal-beddua-ingiltere-lift-off-film-festivalinden-secki-aldi\/","name":"\u201cVebal- Beddua\u201d \u0130ngiltere Lift-Off Film Festivali\u2019nden se\u00e7ki ald\u0131 - Kuzeyin Sesi","isPartOf":{"@id":"https:\/\/kuzeyinsesi.org\/#website"},"primaryImageOfPage":{"@id":"https:\/\/kuzeyinsesi.org\/index.php\/2024\/05\/27\/vebal-beddua-ingiltere-lift-off-film-festivalinden-secki-aldi\/#primaryimage"},"image":{"@id":"https:\/\/kuzeyinsesi.org\/index.php\/2024\/05\/27\/vebal-beddua-ingiltere-lift-off-film-festivalinden-secki-aldi\/#primaryimage"},"thumbnailUrl":"https:\/\/kuzeyinsesi.org\/wp-content\/uploads\/2024\/05\/vebal.jpg","datePublished":"2024-05-27T08:01:05+00:00","author":{"@id":"https:\/\/kuzeyinsesi.org\/#\/schema\/person\/9f859689cdf01485597712386e37f5aa"},"breadcrumb":{"@id":"https:\/\/kuzeyinsesi.org\/index.php\/2024\/05\/27\/vebal-beddua-ingiltere-lift-off-film-festivalinden-secki-aldi\/#breadcrumb"},"inLanguage":"tr","potentialAction":[{"@type":"ReadAction","target":["https:\/\/kuzeyinsesi.org\/index.php\/2024\/05\/27\/vebal-beddua-ingiltere-lift-off-film-festivalinden-secki-aldi\/"]}]},{"@type":"ImageObject","inLanguage":"tr","@id":"https:\/\/kuzeyinsesi.org\/index.php\/2024\/05\/27\/vebal-beddua-ingiltere-lift-off-film-festivalinden-secki-aldi\/#primaryimage","url":"https:\/\/kuzeyinsesi.org\/wp-content\/uploads\/2024\/05\/vebal.jpg","contentUrl":"https:\/\/kuzeyinsesi.org\/wp-content\/uploads\/2024\/05\/vebal.jpg","width":864,"height":486},{"@type":"BreadcrumbList","@id":"https:\/\/kuzeyinsesi.org\/index.php\/2024\/05\/27\/vebal-beddua-ingiltere-lift-off-film-festivalinden-secki-aldi\/#breadcrumb","itemListElement":[{"@type":"ListItem","position":1,"name":"Anasayfa","item":"https:\/\/kuzeyinsesi.org\/"},{"@type":"ListItem","position":2,"name":"\u201cVebal- Beddua\u201d \u0130ngiltere Lift-Off Film Festivali\u2019nden se\u00e7ki ald\u0131"}]},{"@type":"WebSite","@id":"https:\/\/kuzeyinsesi.org\/#website","url":"https:\/\/kuzeyinsesi.org\/","name":"Kuzeyin Sesi","description":"Do\u011fru Haberin Adresi","potentialAction":[{"@type":"SearchAction","target":{"@type":"EntryPoint","urlTemplate":"https:\/\/kuzeyinsesi.org\/?s={search_term_string}"},"query-input":{"@type":"PropertyValueSpecification","valueRequired":true,"valueName":"search_term_string"}}],"inLanguage":"tr"},{"@type":"Person","@id":"https:\/\/kuzeyinsesi.org\/#\/schema\/person\/9f859689cdf01485597712386e37f5aa","name":"Kuzeyin Sesi","image":{"@type":"ImageObject","inLanguage":"tr","@id":"https:\/\/secure.gravatar.com\/avatar\/bab33852abfd8b282518d6ed81826833d77c3c882d9ab608add591ccace47a44?s=96&d=mm&r=g","url":"https:\/\/secure.gravatar.com\/avatar\/bab33852abfd8b282518d6ed81826833d77c3c882d9ab608add591ccace47a44?s=96&d=mm&r=g","contentUrl":"https:\/\/secure.gravatar.com\/avatar\/bab33852abfd8b282518d6ed81826833d77c3c882d9ab608add591ccace47a44?s=96&d=mm&r=g","caption":"Kuzeyin Sesi"},"sameAs":["https:\/\/kuzeyinsesi.org"],"url":"https:\/\/kuzeyinsesi.org\/index.php\/author\/guven\/"}]}},"_links":{"self":[{"href":"https:\/\/kuzeyinsesi.org\/index.php\/wp-json\/wp\/v2\/posts\/3486","targetHints":{"allow":["GET"]}}],"collection":[{"href":"https:\/\/kuzeyinsesi.org\/index.php\/wp-json\/wp\/v2\/posts"}],"about":[{"href":"https:\/\/kuzeyinsesi.org\/index.php\/wp-json\/wp\/v2\/types\/post"}],"author":[{"embeddable":true,"href":"https:\/\/kuzeyinsesi.org\/index.php\/wp-json\/wp\/v2\/users\/1"}],"replies":[{"embeddable":true,"href":"https:\/\/kuzeyinsesi.org\/index.php\/wp-json\/wp\/v2\/comments?post=3486"}],"version-history":[{"count":0,"href":"https:\/\/kuzeyinsesi.org\/index.php\/wp-json\/wp\/v2\/posts\/3486\/revisions"}],"wp:featuredmedia":[{"embeddable":true,"href":"https:\/\/kuzeyinsesi.org\/index.php\/wp-json\/wp\/v2\/media\/3487"}],"wp:attachment":[{"href":"https:\/\/kuzeyinsesi.org\/index.php\/wp-json\/wp\/v2\/media?parent=3486"}],"wp:term":[{"taxonomy":"category","embeddable":true,"href":"https:\/\/kuzeyinsesi.org\/index.php\/wp-json\/wp\/v2\/categories?post=3486"},{"taxonomy":"post_tag","embeddable":true,"href":"https:\/\/kuzeyinsesi.org\/index.php\/wp-json\/wp\/v2\/tags?post=3486"}],"curies":[{"name":"wp","href":"https:\/\/api.w.org\/{rel}","templated":true}]}}