{"id":34832,"date":"2025-11-14T10:16:19","date_gmt":"2025-11-14T08:16:19","guid":{"rendered":"https:\/\/kuzeyinsesi.org\/index.php\/2025\/11\/14\/bizim-cocuklarin-rakibi-bulgaristan\/"},"modified":"2025-11-14T10:16:19","modified_gmt":"2025-11-14T08:16:19","slug":"bizim-cocuklarin-rakibi-bulgaristan","status":"publish","type":"post","link":"https:\/\/kuzeyinsesi.org\/index.php\/2025\/11\/14\/bizim-cocuklarin-rakibi-bulgaristan\/","title":{"rendered":"Bizim \u00e7ocuklar\u0131n rakibi Bulgaristan"},"content":{"rendered":"<p><\/p>\n<div>\n<p>&#13;<br \/>\n\tAtat\u00fcrk Spor Kompleksi Matl\u0131 Stad\u0131&#8217;nda oynanacak kar\u015f\u0131la\u015fma, saat 20.00&#8217;de ba\u015flayacak.<\/p>\n<p>&#13;<br \/>\n\tKar\u015f\u0131la\u015fmada <a href=\"https:\/\/www.trthaber.com\/etiket\/iskocya\/\" target=\"_blank\">\u0130sko\u00e7ya<\/a> Futbol Federasyonundan hakem Nicholas Walsh d\u00fcd\u00fck \u00e7alacak. Walsh&#8217;\u0131n yard\u0131mc\u0131l\u0131klar\u0131n\u0131 ayn\u0131 \u00fclkeden Francis Connor ve Daniel McFarlane yapacak. M\u00fccadelenin 4. hakemi Donald Robertson olacak.<\/p>\n<p>&#13;<br \/>\n\tT\u00fcrkiye, E Grubu&#8217;ndaki be\u015finci ma\u00e7lar \u00f6ncesinde 9 puanla ikinci, <a href=\"https:\/\/www.trthaber.com\/etiket\/gurcistan\/\" target=\"_blank\">G\u00fcrcistan<\/a> ise 3 puanla \u00fc\u00e7\u00fcnc\u00fc s\u0131rada yer al\u0131yor. Ay-y\u0131ld\u0131zl\u0131 ekibin bu kar\u015f\u0131la\u015fmadan alaca\u011f\u0131 puan ya da puanlar grubu ilk iki s\u0131rada bitirmesini ve play-off hakk\u0131 elde etmesini sa\u011flayacak.<\/p>\n<p>&#13;<br \/>\n\tGrupta 4&#8217;te 4 yapan <a href=\"https:\/\/www.trthaber.com\/etiket\/ispanya\/\" target=\"_blank\">\u0130spanya<\/a> 12 puanla ilk s\u0131ran\u0131n sahibi olurken, puan alamayan <a href=\"https:\/\/www.trthaber.com\/etiket\/bulgaristan\/\" target=\"_blank\">Bulgaristan<\/a> ise son s\u0131rada bulunuyor.<\/p>\n<p>&#13;<br \/>\n\t\u0130ki tak\u0131m aras\u0131nda Sofya&#8217;da oynanan ma\u00e7\u0131 milli tak\u0131m\u0131m\u0131z 6-1 kazand\u0131.<\/p>\n<p>&#13;<br \/>\n\tGrubun di\u011fer ma\u00e7\u0131nda yar\u0131n ayn\u0131 saatte G\u00fcrcistan, \u0130spanya&#8217;y\u0131 konuk edecek.<\/p>\n<h2>&#13;<br \/>\n\tGrup lideri do\u011frudan D\u00fcnya Kupas\u0131&#8217;na gidecek<\/h2>\n<p>&#13;<br \/>\n\tABD, <a href=\"https:\/\/www.trthaber.com\/etiket\/meksika\/\" target=\"_blank\">Meksika<\/a> ve Kanada&#8217;n\u0131n ev sahipli\u011finde d\u00fczenlenecek ve 48 tak\u0131m\u0131n m\u00fccadele edece\u011fi 2026 D\u00fcnya Kupas\u0131&#8217;na, eleme ma\u00e7lar\u0131 sonucunda Avrupa&#8217;dan 16 tak\u0131m kat\u0131l\u0131m hakk\u0131 kazanacak.<\/p>\n<p>&#13;<br \/>\n\tKas\u0131m ay\u0131nda sona erecek Avrupa elemelerinde, gruplar\u0131n\u0131 lider tamamlayan 12 tak\u0131m do\u011frudan D\u00fcnya Kupas\u0131&#8217;na kat\u0131l\u0131m hakk\u0131 elde edecek.<\/p>\n<p>&#13;<br \/>\n\tSon 4 bilet i\u00e7in ise 12 grup ikincisi ile <a href=\"https:\/\/www.trthaber.com\/etiket\/uefa\/\" target=\"_blank\">UEFA<\/a> Uluslar Ligi&#8217;nden gelecek 4 tak\u0131m\u0131n kat\u0131l\u0131m\u0131yla toplam 16 tak\u0131m m\u00fccadele edecek. Play-off ma\u00e7lar\u0131 2026&#8217;n\u0131n mart ay\u0131nda oynanacak.<\/p>\n<\/p><\/div>\n","protected":false},"excerpt":{"rendered":"<p>&#13; Atat\u00fcrk Spor Kompleksi Matl\u0131 Stad\u0131&#8217;nda oynanacak kar\u015f\u0131la\u015fma, saat 20.00&#8217;de ba\u015flayacak. &#13; Kar\u015f\u0131la\u015fmada \u0130sko\u00e7ya Futbol Federasyonundan hakem Nicholas Walsh d\u00fcd\u00fck \u00e7alacak. Walsh&#8217;\u0131n yard\u0131mc\u0131l\u0131klar\u0131n\u0131 ayn\u0131 \u00fclkeden Francis Connor ve Daniel McFarlane yapacak. M\u00fccadelenin 4. hakemi Donald Robertson olacak. &#13; T\u00fcrkiye, E Grubu&#8217;ndaki be\u015finci ma\u00e7lar \u00f6ncesinde 9 puanla ikinci, G\u00fcrcistan ise 3 puanla \u00fc\u00e7\u00fcnc\u00fc s\u0131rada yer al\u0131yor. [&hellip;]<\/p>\n","protected":false},"author":1,"featured_media":34833,"comment_status":"open","ping_status":"open","sticky":false,"template":"","format":"standard","meta":{"jnews-multi-image_gallery":[],"jnews_single_post":[],"jnews_primary_category":[],"jnews_social_meta":[],"jnews_override_counter":[],"footnotes":""},"categories":[4],"tags":[],"class_list":["post-34832","post","type-post","status-publish","format-standard","has-post-thumbnail","hentry","category-spor"],"yoast_head":"<!-- This site is optimized with the Yoast SEO plugin v27.5 - https:\/\/yoast.com\/product\/yoast-seo-wordpress\/ -->\n<title>Bizim \u00e7ocuklar\u0131n rakibi Bulgaristan - Kuzeyin Sesi<\/title>\n<meta name=\"robots\" content=\"index, follow, max-snippet:-1, max-image-preview:large, max-video-preview:-1\" \/>\n<link rel=\"canonical\" href=\"https:\/\/kuzeyinsesi.org\/index.php\/2025\/11\/14\/bizim-cocuklarin-rakibi-bulgaristan\/\" \/>\n<meta property=\"og:locale\" content=\"tr_TR\" \/>\n<meta property=\"og:type\" content=\"article\" \/>\n<meta property=\"og:title\" content=\"Bizim \u00e7ocuklar\u0131n rakibi Bulgaristan - Kuzeyin Sesi\" \/>\n<meta property=\"og:description\" content=\"&#013; Atat\u00fcrk Spor Kompleksi Matl\u0131 Stad\u0131&#8217;nda oynanacak kar\u015f\u0131la\u015fma, saat 20.00&#8217;de ba\u015flayacak. &#013; Kar\u015f\u0131la\u015fmada \u0130sko\u00e7ya Futbol Federasyonundan hakem Nicholas Walsh d\u00fcd\u00fck \u00e7alacak. Walsh&#8217;\u0131n yard\u0131mc\u0131l\u0131klar\u0131n\u0131 ayn\u0131 \u00fclkeden Francis Connor ve Daniel McFarlane yapacak. M\u00fccadelenin 4. hakemi Donald Robertson olacak. &#013; T\u00fcrkiye, E Grubu&#8217;ndaki be\u015finci ma\u00e7lar \u00f6ncesinde 9 puanla ikinci, G\u00fcrcistan ise 3 puanla \u00fc\u00e7\u00fcnc\u00fc s\u0131rada yer al\u0131yor. [&hellip;]\" \/>\n<meta property=\"og:url\" content=\"https:\/\/kuzeyinsesi.org\/index.php\/2025\/11\/14\/bizim-cocuklarin-rakibi-bulgaristan\/\" \/>\n<meta property=\"og:site_name\" content=\"Kuzeyin Sesi\" \/>\n<meta property=\"article:publisher\" content=\"https:\/\/www.facebook.com\/kuzeyinsesii\" \/>\n<meta property=\"article:published_time\" content=\"2025-11-14T08:16:19+00:00\" \/>\n<meta property=\"og:image\" content=\"https:\/\/trthaberstatic.cdn.wp.trt.com.tr\/resimler\/2406000\/milli-takim-aa-2407860.jpg\" \/>\n<meta name=\"author\" content=\"Kuzeyin Sesi\" \/>\n<meta name=\"twitter:card\" content=\"summary_large_image\" \/>\n<meta name=\"twitter:creator\" content=\"@kuzeyinsesii\" \/>\n<meta name=\"twitter:site\" content=\"@kuzeyinsesii\" \/>\n<meta name=\"twitter:label1\" content=\"Yazan:\" \/>\n\t<meta name=\"twitter:data1\" content=\"Kuzeyin Sesi\" \/>\n\t<meta name=\"twitter:label2\" content=\"Tahmini okuma s\u00fcresi\" \/>\n\t<meta name=\"twitter:data2\" content=\"1 dakika\" \/>\n<script type=\"application\/ld+json\" class=\"yoast-schema-graph\">{\"@context\":\"https:\\\/\\\/schema.org\",\"@graph\":[{\"@type\":\"Article\",\"@id\":\"https:\\\/\\\/kuzeyinsesi.org\\\/index.php\\\/2025\\\/11\\\/14\\\/bizim-cocuklarin-rakibi-bulgaristan\\\/#article\",\"isPartOf\":{\"@id\":\"https:\\\/\\\/kuzeyinsesi.org\\\/index.php\\\/2025\\\/11\\\/14\\\/bizim-cocuklarin-rakibi-bulgaristan\\\/\"},\"author\":{\"name\":\"Kuzeyin Sesi\",\"@id\":\"https:\\\/\\\/kuzeyinsesi.org\\\/#\\\/schema\\\/person\\\/9f859689cdf01485597712386e37f5aa\"},\"headline\":\"Bizim \u00e7ocuklar\u0131n rakibi Bulgaristan\",\"datePublished\":\"2025-11-14T08:16:19+00:00\",\"mainEntityOfPage\":{\"@id\":\"https:\\\/\\\/kuzeyinsesi.org\\\/index.php\\\/2025\\\/11\\\/14\\\/bizim-cocuklarin-rakibi-bulgaristan\\\/\"},\"wordCount\":259,\"commentCount\":0,\"image\":{\"@id\":\"https:\\\/\\\/kuzeyinsesi.org\\\/index.php\\\/2025\\\/11\\\/14\\\/bizim-cocuklarin-rakibi-bulgaristan\\\/#primaryimage\"},\"thumbnailUrl\":\"https:\\\/\\\/kuzeyinsesi.org\\\/wp-content\\\/uploads\\\/2025\\\/11\\\/milli-takim-aa-2407860.jpg\",\"articleSection\":[\"Spor\"],\"inLanguage\":\"tr\",\"potentialAction\":[{\"@type\":\"CommentAction\",\"name\":\"Comment\",\"target\":[\"https:\\\/\\\/kuzeyinsesi.org\\\/index.php\\\/2025\\\/11\\\/14\\\/bizim-cocuklarin-rakibi-bulgaristan\\\/#respond\"]}]},{\"@type\":\"WebPage\",\"@id\":\"https:\\\/\\\/kuzeyinsesi.org\\\/index.php\\\/2025\\\/11\\\/14\\\/bizim-cocuklarin-rakibi-bulgaristan\\\/\",\"url\":\"https:\\\/\\\/kuzeyinsesi.org\\\/index.php\\\/2025\\\/11\\\/14\\\/bizim-cocuklarin-rakibi-bulgaristan\\\/\",\"name\":\"Bizim \u00e7ocuklar\u0131n rakibi Bulgaristan - Kuzeyin Sesi\",\"isPartOf\":{\"@id\":\"https:\\\/\\\/kuzeyinsesi.org\\\/#website\"},\"primaryImageOfPage\":{\"@id\":\"https:\\\/\\\/kuzeyinsesi.org\\\/index.php\\\/2025\\\/11\\\/14\\\/bizim-cocuklarin-rakibi-bulgaristan\\\/#primaryimage\"},\"image\":{\"@id\":\"https:\\\/\\\/kuzeyinsesi.org\\\/index.php\\\/2025\\\/11\\\/14\\\/bizim-cocuklarin-rakibi-bulgaristan\\\/#primaryimage\"},\"thumbnailUrl\":\"https:\\\/\\\/kuzeyinsesi.org\\\/wp-content\\\/uploads\\\/2025\\\/11\\\/milli-takim-aa-2407860.jpg\",\"datePublished\":\"2025-11-14T08:16:19+00:00\",\"author\":{\"@id\":\"https:\\\/\\\/kuzeyinsesi.org\\\/#\\\/schema\\\/person\\\/9f859689cdf01485597712386e37f5aa\"},\"breadcrumb\":{\"@id\":\"https:\\\/\\\/kuzeyinsesi.org\\\/index.php\\\/2025\\\/11\\\/14\\\/bizim-cocuklarin-rakibi-bulgaristan\\\/#breadcrumb\"},\"inLanguage\":\"tr\",\"potentialAction\":[{\"@type\":\"ReadAction\",\"target\":[\"https:\\\/\\\/kuzeyinsesi.org\\\/index.php\\\/2025\\\/11\\\/14\\\/bizim-cocuklarin-rakibi-bulgaristan\\\/\"]}]},{\"@type\":\"ImageObject\",\"inLanguage\":\"tr\",\"@id\":\"https:\\\/\\\/kuzeyinsesi.org\\\/index.php\\\/2025\\\/11\\\/14\\\/bizim-cocuklarin-rakibi-bulgaristan\\\/#primaryimage\",\"url\":\"https:\\\/\\\/kuzeyinsesi.org\\\/wp-content\\\/uploads\\\/2025\\\/11\\\/milli-takim-aa-2407860.jpg\",\"contentUrl\":\"https:\\\/\\\/kuzeyinsesi.org\\\/wp-content\\\/uploads\\\/2025\\\/11\\\/milli-takim-aa-2407860.jpg\",\"width\":1280,\"height\":720},{\"@type\":\"BreadcrumbList\",\"@id\":\"https:\\\/\\\/kuzeyinsesi.org\\\/index.php\\\/2025\\\/11\\\/14\\\/bizim-cocuklarin-rakibi-bulgaristan\\\/#breadcrumb\",\"itemListElement\":[{\"@type\":\"ListItem\",\"position\":1,\"name\":\"Anasayfa\",\"item\":\"https:\\\/\\\/kuzeyinsesi.org\\\/\"},{\"@type\":\"ListItem\",\"position\":2,\"name\":\"Bizim \u00e7ocuklar\u0131n rakibi Bulgaristan\"}]},{\"@type\":\"WebSite\",\"@id\":\"https:\\\/\\\/kuzeyinsesi.org\\\/#website\",\"url\":\"https:\\\/\\\/kuzeyinsesi.org\\\/\",\"name\":\"Kuzeyin Sesi\",\"description\":\"Do\u011fru Haberin Adresi\",\"potentialAction\":[{\"@type\":\"SearchAction\",\"target\":{\"@type\":\"EntryPoint\",\"urlTemplate\":\"https:\\\/\\\/kuzeyinsesi.org\\\/?s={search_term_string}\"},\"query-input\":{\"@type\":\"PropertyValueSpecification\",\"valueRequired\":true,\"valueName\":\"search_term_string\"}}],\"inLanguage\":\"tr\"},{\"@type\":\"Person\",\"@id\":\"https:\\\/\\\/kuzeyinsesi.org\\\/#\\\/schema\\\/person\\\/9f859689cdf01485597712386e37f5aa\",\"name\":\"Kuzeyin Sesi\",\"image\":{\"@type\":\"ImageObject\",\"inLanguage\":\"tr\",\"@id\":\"https:\\\/\\\/secure.gravatar.com\\\/avatar\\\/bab33852abfd8b282518d6ed81826833d77c3c882d9ab608add591ccace47a44?s=96&d=mm&r=g\",\"url\":\"https:\\\/\\\/secure.gravatar.com\\\/avatar\\\/bab33852abfd8b282518d6ed81826833d77c3c882d9ab608add591ccace47a44?s=96&d=mm&r=g\",\"contentUrl\":\"https:\\\/\\\/secure.gravatar.com\\\/avatar\\\/bab33852abfd8b282518d6ed81826833d77c3c882d9ab608add591ccace47a44?s=96&d=mm&r=g\",\"caption\":\"Kuzeyin Sesi\"},\"sameAs\":[\"https:\\\/\\\/kuzeyinsesi.org\"],\"url\":\"https:\\\/\\\/kuzeyinsesi.org\\\/index.php\\\/author\\\/guven\\\/\"}]}<\/script>\n<!-- \/ Yoast SEO plugin. -->","yoast_head_json":{"title":"Bizim \u00e7ocuklar\u0131n rakibi Bulgaristan - Kuzeyin Sesi","robots":{"index":"index","follow":"follow","max-snippet":"max-snippet:-1","max-image-preview":"max-image-preview:large","max-video-preview":"max-video-preview:-1"},"canonical":"https:\/\/kuzeyinsesi.org\/index.php\/2025\/11\/14\/bizim-cocuklarin-rakibi-bulgaristan\/","og_locale":"tr_TR","og_type":"article","og_title":"Bizim \u00e7ocuklar\u0131n rakibi Bulgaristan - Kuzeyin Sesi","og_description":"&#13; Atat\u00fcrk Spor Kompleksi Matl\u0131 Stad\u0131&#8217;nda oynanacak kar\u015f\u0131la\u015fma, saat 20.00&#8217;de ba\u015flayacak. &#13; Kar\u015f\u0131la\u015fmada \u0130sko\u00e7ya Futbol Federasyonundan hakem Nicholas Walsh d\u00fcd\u00fck \u00e7alacak. Walsh&#8217;\u0131n yard\u0131mc\u0131l\u0131klar\u0131n\u0131 ayn\u0131 \u00fclkeden Francis Connor ve Daniel McFarlane yapacak. M\u00fccadelenin 4. hakemi Donald Robertson olacak. &#13; T\u00fcrkiye, E Grubu&#8217;ndaki be\u015finci ma\u00e7lar \u00f6ncesinde 9 puanla ikinci, G\u00fcrcistan ise 3 puanla \u00fc\u00e7\u00fcnc\u00fc s\u0131rada yer al\u0131yor. [&hellip;]","og_url":"https:\/\/kuzeyinsesi.org\/index.php\/2025\/11\/14\/bizim-cocuklarin-rakibi-bulgaristan\/","og_site_name":"Kuzeyin Sesi","article_publisher":"https:\/\/www.facebook.com\/kuzeyinsesii","article_published_time":"2025-11-14T08:16:19+00:00","og_image":[{"url":"https:\/\/trthaberstatic.cdn.wp.trt.com.tr\/resimler\/2406000\/milli-takim-aa-2407860.jpg","type":"","width":"","height":""}],"author":"Kuzeyin Sesi","twitter_card":"summary_large_image","twitter_creator":"@kuzeyinsesii","twitter_site":"@kuzeyinsesii","twitter_misc":{"Yazan:":"Kuzeyin Sesi","Tahmini okuma s\u00fcresi":"1 dakika"},"schema":{"@context":"https:\/\/schema.org","@graph":[{"@type":"Article","@id":"https:\/\/kuzeyinsesi.org\/index.php\/2025\/11\/14\/bizim-cocuklarin-rakibi-bulgaristan\/#article","isPartOf":{"@id":"https:\/\/kuzeyinsesi.org\/index.php\/2025\/11\/14\/bizim-cocuklarin-rakibi-bulgaristan\/"},"author":{"name":"Kuzeyin Sesi","@id":"https:\/\/kuzeyinsesi.org\/#\/schema\/person\/9f859689cdf01485597712386e37f5aa"},"headline":"Bizim \u00e7ocuklar\u0131n rakibi Bulgaristan","datePublished":"2025-11-14T08:16:19+00:00","mainEntityOfPage":{"@id":"https:\/\/kuzeyinsesi.org\/index.php\/2025\/11\/14\/bizim-cocuklarin-rakibi-bulgaristan\/"},"wordCount":259,"commentCount":0,"image":{"@id":"https:\/\/kuzeyinsesi.org\/index.php\/2025\/11\/14\/bizim-cocuklarin-rakibi-bulgaristan\/#primaryimage"},"thumbnailUrl":"https:\/\/kuzeyinsesi.org\/wp-content\/uploads\/2025\/11\/milli-takim-aa-2407860.jpg","articleSection":["Spor"],"inLanguage":"tr","potentialAction":[{"@type":"CommentAction","name":"Comment","target":["https:\/\/kuzeyinsesi.org\/index.php\/2025\/11\/14\/bizim-cocuklarin-rakibi-bulgaristan\/#respond"]}]},{"@type":"WebPage","@id":"https:\/\/kuzeyinsesi.org\/index.php\/2025\/11\/14\/bizim-cocuklarin-rakibi-bulgaristan\/","url":"https:\/\/kuzeyinsesi.org\/index.php\/2025\/11\/14\/bizim-cocuklarin-rakibi-bulgaristan\/","name":"Bizim \u00e7ocuklar\u0131n rakibi Bulgaristan - Kuzeyin Sesi","isPartOf":{"@id":"https:\/\/kuzeyinsesi.org\/#website"},"primaryImageOfPage":{"@id":"https:\/\/kuzeyinsesi.org\/index.php\/2025\/11\/14\/bizim-cocuklarin-rakibi-bulgaristan\/#primaryimage"},"image":{"@id":"https:\/\/kuzeyinsesi.org\/index.php\/2025\/11\/14\/bizim-cocuklarin-rakibi-bulgaristan\/#primaryimage"},"thumbnailUrl":"https:\/\/kuzeyinsesi.org\/wp-content\/uploads\/2025\/11\/milli-takim-aa-2407860.jpg","datePublished":"2025-11-14T08:16:19+00:00","author":{"@id":"https:\/\/kuzeyinsesi.org\/#\/schema\/person\/9f859689cdf01485597712386e37f5aa"},"breadcrumb":{"@id":"https:\/\/kuzeyinsesi.org\/index.php\/2025\/11\/14\/bizim-cocuklarin-rakibi-bulgaristan\/#breadcrumb"},"inLanguage":"tr","potentialAction":[{"@type":"ReadAction","target":["https:\/\/kuzeyinsesi.org\/index.php\/2025\/11\/14\/bizim-cocuklarin-rakibi-bulgaristan\/"]}]},{"@type":"ImageObject","inLanguage":"tr","@id":"https:\/\/kuzeyinsesi.org\/index.php\/2025\/11\/14\/bizim-cocuklarin-rakibi-bulgaristan\/#primaryimage","url":"https:\/\/kuzeyinsesi.org\/wp-content\/uploads\/2025\/11\/milli-takim-aa-2407860.jpg","contentUrl":"https:\/\/kuzeyinsesi.org\/wp-content\/uploads\/2025\/11\/milli-takim-aa-2407860.jpg","width":1280,"height":720},{"@type":"BreadcrumbList","@id":"https:\/\/kuzeyinsesi.org\/index.php\/2025\/11\/14\/bizim-cocuklarin-rakibi-bulgaristan\/#breadcrumb","itemListElement":[{"@type":"ListItem","position":1,"name":"Anasayfa","item":"https:\/\/kuzeyinsesi.org\/"},{"@type":"ListItem","position":2,"name":"Bizim \u00e7ocuklar\u0131n rakibi Bulgaristan"}]},{"@type":"WebSite","@id":"https:\/\/kuzeyinsesi.org\/#website","url":"https:\/\/kuzeyinsesi.org\/","name":"Kuzeyin Sesi","description":"Do\u011fru Haberin Adresi","potentialAction":[{"@type":"SearchAction","target":{"@type":"EntryPoint","urlTemplate":"https:\/\/kuzeyinsesi.org\/?s={search_term_string}"},"query-input":{"@type":"PropertyValueSpecification","valueRequired":true,"valueName":"search_term_string"}}],"inLanguage":"tr"},{"@type":"Person","@id":"https:\/\/kuzeyinsesi.org\/#\/schema\/person\/9f859689cdf01485597712386e37f5aa","name":"Kuzeyin Sesi","image":{"@type":"ImageObject","inLanguage":"tr","@id":"https:\/\/secure.gravatar.com\/avatar\/bab33852abfd8b282518d6ed81826833d77c3c882d9ab608add591ccace47a44?s=96&d=mm&r=g","url":"https:\/\/secure.gravatar.com\/avatar\/bab33852abfd8b282518d6ed81826833d77c3c882d9ab608add591ccace47a44?s=96&d=mm&r=g","contentUrl":"https:\/\/secure.gravatar.com\/avatar\/bab33852abfd8b282518d6ed81826833d77c3c882d9ab608add591ccace47a44?s=96&d=mm&r=g","caption":"Kuzeyin Sesi"},"sameAs":["https:\/\/kuzeyinsesi.org"],"url":"https:\/\/kuzeyinsesi.org\/index.php\/author\/guven\/"}]}},"_links":{"self":[{"href":"https:\/\/kuzeyinsesi.org\/index.php\/wp-json\/wp\/v2\/posts\/34832","targetHints":{"allow":["GET"]}}],"collection":[{"href":"https:\/\/kuzeyinsesi.org\/index.php\/wp-json\/wp\/v2\/posts"}],"about":[{"href":"https:\/\/kuzeyinsesi.org\/index.php\/wp-json\/wp\/v2\/types\/post"}],"author":[{"embeddable":true,"href":"https:\/\/kuzeyinsesi.org\/index.php\/wp-json\/wp\/v2\/users\/1"}],"replies":[{"embeddable":true,"href":"https:\/\/kuzeyinsesi.org\/index.php\/wp-json\/wp\/v2\/comments?post=34832"}],"version-history":[{"count":0,"href":"https:\/\/kuzeyinsesi.org\/index.php\/wp-json\/wp\/v2\/posts\/34832\/revisions"}],"wp:featuredmedia":[{"embeddable":true,"href":"https:\/\/kuzeyinsesi.org\/index.php\/wp-json\/wp\/v2\/media\/34833"}],"wp:attachment":[{"href":"https:\/\/kuzeyinsesi.org\/index.php\/wp-json\/wp\/v2\/media?parent=34832"}],"wp:term":[{"taxonomy":"category","embeddable":true,"href":"https:\/\/kuzeyinsesi.org\/index.php\/wp-json\/wp\/v2\/categories?post=34832"},{"taxonomy":"post_tag","embeddable":true,"href":"https:\/\/kuzeyinsesi.org\/index.php\/wp-json\/wp\/v2\/tags?post=34832"}],"curies":[{"name":"wp","href":"https:\/\/api.w.org\/{rel}","templated":true}]}}