{"id":347,"date":"2024-04-25T06:35:19","date_gmt":"2024-04-25T03:35:19","guid":{"rendered":"https:\/\/kuzeyinsesi.com\/index.php\/2024\/04\/25\/kirsehirli-ogrencinin-mauro-icardi-hayali-gerceklesti\/"},"modified":"2024-04-25T06:35:19","modified_gmt":"2024-04-25T03:35:19","slug":"kirsehirli-ogrencinin-mauro-icardi-hayali-gerceklesti","status":"publish","type":"post","link":"https:\/\/kuzeyinsesi.org\/index.php\/2024\/04\/25\/kirsehirli-ogrencinin-mauro-icardi-hayali-gerceklesti\/","title":{"rendered":"K\u0131r\u015fehirli \u00f6\u011frencinin Mauro Icardi hayali ger\u00e7ekle\u015fti"},"content":{"rendered":"<p><\/p>\n<div>\n<p>&#13;<br \/>\n\t\u0130l Milli <a href=\"https:\/\/www.trthaber.com\/etiket\/egitim\/\" target=\"_blank\" rel=\"noopener\">E\u011fitim<\/a> M\u00fcd\u00fcrl\u00fc\u011f\u00fcnden yap\u0131lan a\u00e7\u0131klamaya g\u00f6re, okula gidemedi\u011fi i\u00e7in evde e\u011fitim alan Murat Da\u011fdeviren&#8217;e, yar\u0131y\u0131l karnesini Vali Buhara ve \u0130l Milli E\u011fitim M\u00fcd\u00fcr\u00fc Yasin G\u00fcl\u015fen&#8217;in, evinde verdikleri hat\u0131rlat\u0131ld\u0131.<\/p>\n<p><\/p>\n<p>&#13;<br \/>\n\tBuhara, ziyaret s\u0131ras\u0131nda \u00f6\u011frenciye taraftar\u0131 oldu\u011fu <a href=\"https:\/\/www.trthaber.com\/etiket\/galatasaray\/\" target=\"_blank\" rel=\"noopener\">Galatasaray<\/a> formas\u0131n\u0131 hediye etti. Da\u011fdeviren&#8217;in Galatasarayl\u0131 futbolcu Mauro Icardi ile tan\u0131\u015fmak iste\u011fini s\u00f6ylemesi \u00fczerine Vali Buhara, \u00f6\u011frencinin hayalini ger\u00e7ekle\u015ftirmek i\u00e7in s\u00f6z verdi.<\/p>\n<p>&#13;<br \/>\n\tArd\u0131ndan gerekli giri\u015fimlerde bulunularak \u00f6\u011frenci Trendyol S\u00fcper Lig&#8217;in 26. haftas\u0131nda Galatasaray&#8217;\u0131n deplasmanda <a href=\"https:\/\/www.trthaber.com\/etiket\/mke-ankaragucu\/\" target=\"_blank\" rel=\"noopener\">MKE Ankarag\u00fcc\u00fc<\/a> ile oynad\u0131\u011f\u0131 ma\u00e7a g\u00f6t\u00fcr\u00fcld\u00fc.<\/p>\n<p><img decoding=\"async\" alt=\"K\u0131r\u015fehirli \u00f6\u011frencinin Mauro Icardi hayali ger\u00e7ekle\u015fti\" src=\"https:\/\/www.trthaber.com\/dosyalar\/images\/AA-20240219-33748451-33748447-KIRSEHIRLI_OGRENCININ_MAURO_ICARDI_ILE_GORUSME_HAYALINI_VALI_BUHARA_GERCEKLESTIRDI.jpg\"\/><\/p>\n<p>&#13;<br \/>\n\tKar\u015f\u0131la\u015fma \u00f6ncesinde \u0130l Milli E\u011fitim M\u00fcd\u00fcr\u00fc G\u00fcl\u015fen e\u015fli\u011finde Mauro Icardi ve di\u011fer futbolcularla bir araya gelen \u00f6\u011frenci, foto\u011fraf \u00e7ektirdi.<\/p>\n<p>&#13;<br \/>\n\tMurat Da\u011fdeviren, en b\u00fcy\u00fck hayallerinden birini yerine getirdi\u011fi i\u00e7in Vali Buhara&#8217;ya te\u015fekk\u00fcr etti.<\/p>\n<p><img decoding=\"async\" alt=\"K\u0131r\u015fehirli \u00f6\u011frencinin Mauro Icardi hayali ger\u00e7ekle\u015fti\" src=\"https:\/\/www.trthaber.com\/dosyalar\/images\/AA-20240219-33748451-33748448-KIRSEHIRLI_OGRENCININ_MAURO_ICARDI_ILE_GORUSME_HAYALINI_VALI_BUHARA_GERCEKLESTIRDI.jpg\"\/><\/p>\n<\/p><\/div>\n","protected":false},"excerpt":{"rendered":"<p>&#13; \u0130l Milli E\u011fitim M\u00fcd\u00fcrl\u00fc\u011f\u00fcnden yap\u0131lan a\u00e7\u0131klamaya g\u00f6re, okula gidemedi\u011fi i\u00e7in evde e\u011fitim alan Murat Da\u011fdeviren&#8217;e, yar\u0131y\u0131l karnesini Vali Buhara ve \u0130l Milli E\u011fitim M\u00fcd\u00fcr\u00fc Yasin G\u00fcl\u015fen&#8217;in, evinde verdikleri hat\u0131rlat\u0131ld\u0131. &#13; Buhara, ziyaret s\u0131ras\u0131nda \u00f6\u011frenciye taraftar\u0131 oldu\u011fu Galatasaray formas\u0131n\u0131 hediye etti. Da\u011fdeviren&#8217;in Galatasarayl\u0131 futbolcu Mauro Icardi ile tan\u0131\u015fmak iste\u011fini s\u00f6ylemesi \u00fczerine Vali Buhara, \u00f6\u011frencinin hayalini [&hellip;]<\/p>\n","protected":false},"author":1,"featured_media":348,"comment_status":"open","ping_status":"open","sticky":false,"template":"","format":"standard","meta":{"jnews-multi-image_gallery":[],"jnews_single_post":[],"jnews_primary_category":[],"jnews_social_meta":[],"jnews_override_counter":[],"footnotes":""},"categories":[4],"tags":[],"class_list":["post-347","post","type-post","status-publish","format-standard","has-post-thumbnail","hentry","category-spor"],"yoast_head":"<!-- This site is optimized with the Yoast SEO plugin v27.5 - https:\/\/yoast.com\/product\/yoast-seo-wordpress\/ -->\n<title>K\u0131r\u015fehirli \u00f6\u011frencinin Mauro Icardi hayali ger\u00e7ekle\u015fti - Kuzeyin Sesi<\/title>\n<meta name=\"robots\" content=\"index, follow, max-snippet:-1, max-image-preview:large, max-video-preview:-1\" \/>\n<link rel=\"canonical\" href=\"https:\/\/kuzeyinsesi.org\/index.php\/2024\/04\/25\/kirsehirli-ogrencinin-mauro-icardi-hayali-gerceklesti\/\" \/>\n<meta property=\"og:locale\" content=\"tr_TR\" \/>\n<meta property=\"og:type\" content=\"article\" \/>\n<meta property=\"og:title\" content=\"K\u0131r\u015fehirli \u00f6\u011frencinin Mauro Icardi hayali ger\u00e7ekle\u015fti - Kuzeyin Sesi\" \/>\n<meta property=\"og:description\" content=\"&#013; \u0130l Milli E\u011fitim M\u00fcd\u00fcrl\u00fc\u011f\u00fcnden yap\u0131lan a\u00e7\u0131klamaya g\u00f6re, okula gidemedi\u011fi i\u00e7in evde e\u011fitim alan Murat Da\u011fdeviren&#8217;e, yar\u0131y\u0131l karnesini Vali Buhara ve \u0130l Milli E\u011fitim M\u00fcd\u00fcr\u00fc Yasin G\u00fcl\u015fen&#8217;in, evinde verdikleri hat\u0131rlat\u0131ld\u0131. &#013; Buhara, ziyaret s\u0131ras\u0131nda \u00f6\u011frenciye taraftar\u0131 oldu\u011fu Galatasaray formas\u0131n\u0131 hediye etti. Da\u011fdeviren&#8217;in Galatasarayl\u0131 futbolcu Mauro Icardi ile tan\u0131\u015fmak iste\u011fini s\u00f6ylemesi \u00fczerine Vali Buhara, \u00f6\u011frencinin hayalini [&hellip;]\" \/>\n<meta property=\"og:url\" content=\"https:\/\/kuzeyinsesi.org\/index.php\/2024\/04\/25\/kirsehirli-ogrencinin-mauro-icardi-hayali-gerceklesti\/\" \/>\n<meta property=\"og:site_name\" content=\"Kuzeyin Sesi\" \/>\n<meta property=\"article:publisher\" content=\"https:\/\/www.facebook.com\/kuzeyinsesii\" \/>\n<meta property=\"article:published_time\" content=\"2024-04-25T03:35:19+00:00\" \/>\n<meta property=\"og:image\" content=\"https:\/\/kuzeyinsesi.org\/wp-content\/uploads\/2024\/04\/2188842.jpg\" \/>\n\t<meta property=\"og:image:width\" content=\"1280\" \/>\n\t<meta property=\"og:image:height\" content=\"720\" \/>\n\t<meta property=\"og:image:type\" content=\"image\/jpeg\" \/>\n<meta name=\"author\" content=\"Kuzeyin Sesi\" \/>\n<meta name=\"twitter:card\" content=\"summary_large_image\" \/>\n<meta name=\"twitter:creator\" content=\"@kuzeyinsesii\" \/>\n<meta name=\"twitter:site\" content=\"@kuzeyinsesii\" \/>\n<meta name=\"twitter:label1\" content=\"Yazan:\" \/>\n\t<meta name=\"twitter:data1\" content=\"Kuzeyin Sesi\" \/>\n\t<meta name=\"twitter:label2\" content=\"Tahmini okuma s\u00fcresi\" \/>\n\t<meta name=\"twitter:data2\" content=\"1 dakika\" \/>\n<script type=\"application\/ld+json\" class=\"yoast-schema-graph\">{\"@context\":\"https:\\\/\\\/schema.org\",\"@graph\":[{\"@type\":\"Article\",\"@id\":\"https:\\\/\\\/kuzeyinsesi.org\\\/index.php\\\/2024\\\/04\\\/25\\\/kirsehirli-ogrencinin-mauro-icardi-hayali-gerceklesti\\\/#article\",\"isPartOf\":{\"@id\":\"https:\\\/\\\/kuzeyinsesi.org\\\/index.php\\\/2024\\\/04\\\/25\\\/kirsehirli-ogrencinin-mauro-icardi-hayali-gerceklesti\\\/\"},\"author\":{\"name\":\"Kuzeyin Sesi\",\"@id\":\"https:\\\/\\\/kuzeyinsesi.org\\\/#\\\/schema\\\/person\\\/9f859689cdf01485597712386e37f5aa\"},\"headline\":\"K\u0131r\u015fehirli \u00f6\u011frencinin Mauro Icardi hayali ger\u00e7ekle\u015fti\",\"datePublished\":\"2024-04-25T03:35:19+00:00\",\"mainEntityOfPage\":{\"@id\":\"https:\\\/\\\/kuzeyinsesi.org\\\/index.php\\\/2024\\\/04\\\/25\\\/kirsehirli-ogrencinin-mauro-icardi-hayali-gerceklesti\\\/\"},\"wordCount\":181,\"commentCount\":0,\"image\":{\"@id\":\"https:\\\/\\\/kuzeyinsesi.org\\\/index.php\\\/2024\\\/04\\\/25\\\/kirsehirli-ogrencinin-mauro-icardi-hayali-gerceklesti\\\/#primaryimage\"},\"thumbnailUrl\":\"https:\\\/\\\/kuzeyinsesi.org\\\/wp-content\\\/uploads\\\/2024\\\/04\\\/2188842.jpg\",\"articleSection\":[\"Spor\"],\"inLanguage\":\"tr\",\"potentialAction\":[{\"@type\":\"CommentAction\",\"name\":\"Comment\",\"target\":[\"https:\\\/\\\/kuzeyinsesi.org\\\/index.php\\\/2024\\\/04\\\/25\\\/kirsehirli-ogrencinin-mauro-icardi-hayali-gerceklesti\\\/#respond\"]}]},{\"@type\":\"WebPage\",\"@id\":\"https:\\\/\\\/kuzeyinsesi.org\\\/index.php\\\/2024\\\/04\\\/25\\\/kirsehirli-ogrencinin-mauro-icardi-hayali-gerceklesti\\\/\",\"url\":\"https:\\\/\\\/kuzeyinsesi.org\\\/index.php\\\/2024\\\/04\\\/25\\\/kirsehirli-ogrencinin-mauro-icardi-hayali-gerceklesti\\\/\",\"name\":\"K\u0131r\u015fehirli \u00f6\u011frencinin Mauro Icardi hayali ger\u00e7ekle\u015fti - Kuzeyin Sesi\",\"isPartOf\":{\"@id\":\"https:\\\/\\\/kuzeyinsesi.org\\\/#website\"},\"primaryImageOfPage\":{\"@id\":\"https:\\\/\\\/kuzeyinsesi.org\\\/index.php\\\/2024\\\/04\\\/25\\\/kirsehirli-ogrencinin-mauro-icardi-hayali-gerceklesti\\\/#primaryimage\"},\"image\":{\"@id\":\"https:\\\/\\\/kuzeyinsesi.org\\\/index.php\\\/2024\\\/04\\\/25\\\/kirsehirli-ogrencinin-mauro-icardi-hayali-gerceklesti\\\/#primaryimage\"},\"thumbnailUrl\":\"https:\\\/\\\/kuzeyinsesi.org\\\/wp-content\\\/uploads\\\/2024\\\/04\\\/2188842.jpg\",\"datePublished\":\"2024-04-25T03:35:19+00:00\",\"author\":{\"@id\":\"https:\\\/\\\/kuzeyinsesi.org\\\/#\\\/schema\\\/person\\\/9f859689cdf01485597712386e37f5aa\"},\"breadcrumb\":{\"@id\":\"https:\\\/\\\/kuzeyinsesi.org\\\/index.php\\\/2024\\\/04\\\/25\\\/kirsehirli-ogrencinin-mauro-icardi-hayali-gerceklesti\\\/#breadcrumb\"},\"inLanguage\":\"tr\",\"potentialAction\":[{\"@type\":\"ReadAction\",\"target\":[\"https:\\\/\\\/kuzeyinsesi.org\\\/index.php\\\/2024\\\/04\\\/25\\\/kirsehirli-ogrencinin-mauro-icardi-hayali-gerceklesti\\\/\"]}]},{\"@type\":\"ImageObject\",\"inLanguage\":\"tr\",\"@id\":\"https:\\\/\\\/kuzeyinsesi.org\\\/index.php\\\/2024\\\/04\\\/25\\\/kirsehirli-ogrencinin-mauro-icardi-hayali-gerceklesti\\\/#primaryimage\",\"url\":\"https:\\\/\\\/kuzeyinsesi.org\\\/wp-content\\\/uploads\\\/2024\\\/04\\\/2188842.jpg\",\"contentUrl\":\"https:\\\/\\\/kuzeyinsesi.org\\\/wp-content\\\/uploads\\\/2024\\\/04\\\/2188842.jpg\",\"width\":1280,\"height\":720},{\"@type\":\"BreadcrumbList\",\"@id\":\"https:\\\/\\\/kuzeyinsesi.org\\\/index.php\\\/2024\\\/04\\\/25\\\/kirsehirli-ogrencinin-mauro-icardi-hayali-gerceklesti\\\/#breadcrumb\",\"itemListElement\":[{\"@type\":\"ListItem\",\"position\":1,\"name\":\"Anasayfa\",\"item\":\"https:\\\/\\\/kuzeyinsesi.org\\\/\"},{\"@type\":\"ListItem\",\"position\":2,\"name\":\"K\u0131r\u015fehirli \u00f6\u011frencinin Mauro Icardi hayali ger\u00e7ekle\u015fti\"}]},{\"@type\":\"WebSite\",\"@id\":\"https:\\\/\\\/kuzeyinsesi.org\\\/#website\",\"url\":\"https:\\\/\\\/kuzeyinsesi.org\\\/\",\"name\":\"Kuzeyin Sesi\",\"description\":\"Do\u011fru Haberin Adresi\",\"potentialAction\":[{\"@type\":\"SearchAction\",\"target\":{\"@type\":\"EntryPoint\",\"urlTemplate\":\"https:\\\/\\\/kuzeyinsesi.org\\\/?s={search_term_string}\"},\"query-input\":{\"@type\":\"PropertyValueSpecification\",\"valueRequired\":true,\"valueName\":\"search_term_string\"}}],\"inLanguage\":\"tr\"},{\"@type\":\"Person\",\"@id\":\"https:\\\/\\\/kuzeyinsesi.org\\\/#\\\/schema\\\/person\\\/9f859689cdf01485597712386e37f5aa\",\"name\":\"Kuzeyin Sesi\",\"image\":{\"@type\":\"ImageObject\",\"inLanguage\":\"tr\",\"@id\":\"https:\\\/\\\/secure.gravatar.com\\\/avatar\\\/bab33852abfd8b282518d6ed81826833d77c3c882d9ab608add591ccace47a44?s=96&d=mm&r=g\",\"url\":\"https:\\\/\\\/secure.gravatar.com\\\/avatar\\\/bab33852abfd8b282518d6ed81826833d77c3c882d9ab608add591ccace47a44?s=96&d=mm&r=g\",\"contentUrl\":\"https:\\\/\\\/secure.gravatar.com\\\/avatar\\\/bab33852abfd8b282518d6ed81826833d77c3c882d9ab608add591ccace47a44?s=96&d=mm&r=g\",\"caption\":\"Kuzeyin Sesi\"},\"sameAs\":[\"https:\\\/\\\/kuzeyinsesi.org\"],\"url\":\"https:\\\/\\\/kuzeyinsesi.org\\\/index.php\\\/author\\\/guven\\\/\"}]}<\/script>\n<!-- \/ Yoast SEO plugin. -->","yoast_head_json":{"title":"K\u0131r\u015fehirli \u00f6\u011frencinin Mauro Icardi hayali ger\u00e7ekle\u015fti - Kuzeyin Sesi","robots":{"index":"index","follow":"follow","max-snippet":"max-snippet:-1","max-image-preview":"max-image-preview:large","max-video-preview":"max-video-preview:-1"},"canonical":"https:\/\/kuzeyinsesi.org\/index.php\/2024\/04\/25\/kirsehirli-ogrencinin-mauro-icardi-hayali-gerceklesti\/","og_locale":"tr_TR","og_type":"article","og_title":"K\u0131r\u015fehirli \u00f6\u011frencinin Mauro Icardi hayali ger\u00e7ekle\u015fti - Kuzeyin Sesi","og_description":"&#13; \u0130l Milli E\u011fitim M\u00fcd\u00fcrl\u00fc\u011f\u00fcnden yap\u0131lan a\u00e7\u0131klamaya g\u00f6re, okula gidemedi\u011fi i\u00e7in evde e\u011fitim alan Murat Da\u011fdeviren&#8217;e, yar\u0131y\u0131l karnesini Vali Buhara ve \u0130l Milli E\u011fitim M\u00fcd\u00fcr\u00fc Yasin G\u00fcl\u015fen&#8217;in, evinde verdikleri hat\u0131rlat\u0131ld\u0131. &#13; Buhara, ziyaret s\u0131ras\u0131nda \u00f6\u011frenciye taraftar\u0131 oldu\u011fu Galatasaray formas\u0131n\u0131 hediye etti. Da\u011fdeviren&#8217;in Galatasarayl\u0131 futbolcu Mauro Icardi ile tan\u0131\u015fmak iste\u011fini s\u00f6ylemesi \u00fczerine Vali Buhara, \u00f6\u011frencinin hayalini [&hellip;]","og_url":"https:\/\/kuzeyinsesi.org\/index.php\/2024\/04\/25\/kirsehirli-ogrencinin-mauro-icardi-hayali-gerceklesti\/","og_site_name":"Kuzeyin Sesi","article_publisher":"https:\/\/www.facebook.com\/kuzeyinsesii","article_published_time":"2024-04-25T03:35:19+00:00","og_image":[{"width":1280,"height":720,"url":"https:\/\/kuzeyinsesi.org\/wp-content\/uploads\/2024\/04\/2188842.jpg","type":"image\/jpeg"}],"author":"Kuzeyin Sesi","twitter_card":"summary_large_image","twitter_creator":"@kuzeyinsesii","twitter_site":"@kuzeyinsesii","twitter_misc":{"Yazan:":"Kuzeyin Sesi","Tahmini okuma s\u00fcresi":"1 dakika"},"schema":{"@context":"https:\/\/schema.org","@graph":[{"@type":"Article","@id":"https:\/\/kuzeyinsesi.org\/index.php\/2024\/04\/25\/kirsehirli-ogrencinin-mauro-icardi-hayali-gerceklesti\/#article","isPartOf":{"@id":"https:\/\/kuzeyinsesi.org\/index.php\/2024\/04\/25\/kirsehirli-ogrencinin-mauro-icardi-hayali-gerceklesti\/"},"author":{"name":"Kuzeyin Sesi","@id":"https:\/\/kuzeyinsesi.org\/#\/schema\/person\/9f859689cdf01485597712386e37f5aa"},"headline":"K\u0131r\u015fehirli \u00f6\u011frencinin Mauro Icardi hayali ger\u00e7ekle\u015fti","datePublished":"2024-04-25T03:35:19+00:00","mainEntityOfPage":{"@id":"https:\/\/kuzeyinsesi.org\/index.php\/2024\/04\/25\/kirsehirli-ogrencinin-mauro-icardi-hayali-gerceklesti\/"},"wordCount":181,"commentCount":0,"image":{"@id":"https:\/\/kuzeyinsesi.org\/index.php\/2024\/04\/25\/kirsehirli-ogrencinin-mauro-icardi-hayali-gerceklesti\/#primaryimage"},"thumbnailUrl":"https:\/\/kuzeyinsesi.org\/wp-content\/uploads\/2024\/04\/2188842.jpg","articleSection":["Spor"],"inLanguage":"tr","potentialAction":[{"@type":"CommentAction","name":"Comment","target":["https:\/\/kuzeyinsesi.org\/index.php\/2024\/04\/25\/kirsehirli-ogrencinin-mauro-icardi-hayali-gerceklesti\/#respond"]}]},{"@type":"WebPage","@id":"https:\/\/kuzeyinsesi.org\/index.php\/2024\/04\/25\/kirsehirli-ogrencinin-mauro-icardi-hayali-gerceklesti\/","url":"https:\/\/kuzeyinsesi.org\/index.php\/2024\/04\/25\/kirsehirli-ogrencinin-mauro-icardi-hayali-gerceklesti\/","name":"K\u0131r\u015fehirli \u00f6\u011frencinin Mauro Icardi hayali ger\u00e7ekle\u015fti - Kuzeyin Sesi","isPartOf":{"@id":"https:\/\/kuzeyinsesi.org\/#website"},"primaryImageOfPage":{"@id":"https:\/\/kuzeyinsesi.org\/index.php\/2024\/04\/25\/kirsehirli-ogrencinin-mauro-icardi-hayali-gerceklesti\/#primaryimage"},"image":{"@id":"https:\/\/kuzeyinsesi.org\/index.php\/2024\/04\/25\/kirsehirli-ogrencinin-mauro-icardi-hayali-gerceklesti\/#primaryimage"},"thumbnailUrl":"https:\/\/kuzeyinsesi.org\/wp-content\/uploads\/2024\/04\/2188842.jpg","datePublished":"2024-04-25T03:35:19+00:00","author":{"@id":"https:\/\/kuzeyinsesi.org\/#\/schema\/person\/9f859689cdf01485597712386e37f5aa"},"breadcrumb":{"@id":"https:\/\/kuzeyinsesi.org\/index.php\/2024\/04\/25\/kirsehirli-ogrencinin-mauro-icardi-hayali-gerceklesti\/#breadcrumb"},"inLanguage":"tr","potentialAction":[{"@type":"ReadAction","target":["https:\/\/kuzeyinsesi.org\/index.php\/2024\/04\/25\/kirsehirli-ogrencinin-mauro-icardi-hayali-gerceklesti\/"]}]},{"@type":"ImageObject","inLanguage":"tr","@id":"https:\/\/kuzeyinsesi.org\/index.php\/2024\/04\/25\/kirsehirli-ogrencinin-mauro-icardi-hayali-gerceklesti\/#primaryimage","url":"https:\/\/kuzeyinsesi.org\/wp-content\/uploads\/2024\/04\/2188842.jpg","contentUrl":"https:\/\/kuzeyinsesi.org\/wp-content\/uploads\/2024\/04\/2188842.jpg","width":1280,"height":720},{"@type":"BreadcrumbList","@id":"https:\/\/kuzeyinsesi.org\/index.php\/2024\/04\/25\/kirsehirli-ogrencinin-mauro-icardi-hayali-gerceklesti\/#breadcrumb","itemListElement":[{"@type":"ListItem","position":1,"name":"Anasayfa","item":"https:\/\/kuzeyinsesi.org\/"},{"@type":"ListItem","position":2,"name":"K\u0131r\u015fehirli \u00f6\u011frencinin Mauro Icardi hayali ger\u00e7ekle\u015fti"}]},{"@type":"WebSite","@id":"https:\/\/kuzeyinsesi.org\/#website","url":"https:\/\/kuzeyinsesi.org\/","name":"Kuzeyin Sesi","description":"Do\u011fru Haberin Adresi","potentialAction":[{"@type":"SearchAction","target":{"@type":"EntryPoint","urlTemplate":"https:\/\/kuzeyinsesi.org\/?s={search_term_string}"},"query-input":{"@type":"PropertyValueSpecification","valueRequired":true,"valueName":"search_term_string"}}],"inLanguage":"tr"},{"@type":"Person","@id":"https:\/\/kuzeyinsesi.org\/#\/schema\/person\/9f859689cdf01485597712386e37f5aa","name":"Kuzeyin Sesi","image":{"@type":"ImageObject","inLanguage":"tr","@id":"https:\/\/secure.gravatar.com\/avatar\/bab33852abfd8b282518d6ed81826833d77c3c882d9ab608add591ccace47a44?s=96&d=mm&r=g","url":"https:\/\/secure.gravatar.com\/avatar\/bab33852abfd8b282518d6ed81826833d77c3c882d9ab608add591ccace47a44?s=96&d=mm&r=g","contentUrl":"https:\/\/secure.gravatar.com\/avatar\/bab33852abfd8b282518d6ed81826833d77c3c882d9ab608add591ccace47a44?s=96&d=mm&r=g","caption":"Kuzeyin Sesi"},"sameAs":["https:\/\/kuzeyinsesi.org"],"url":"https:\/\/kuzeyinsesi.org\/index.php\/author\/guven\/"}]}},"_links":{"self":[{"href":"https:\/\/kuzeyinsesi.org\/index.php\/wp-json\/wp\/v2\/posts\/347","targetHints":{"allow":["GET"]}}],"collection":[{"href":"https:\/\/kuzeyinsesi.org\/index.php\/wp-json\/wp\/v2\/posts"}],"about":[{"href":"https:\/\/kuzeyinsesi.org\/index.php\/wp-json\/wp\/v2\/types\/post"}],"author":[{"embeddable":true,"href":"https:\/\/kuzeyinsesi.org\/index.php\/wp-json\/wp\/v2\/users\/1"}],"replies":[{"embeddable":true,"href":"https:\/\/kuzeyinsesi.org\/index.php\/wp-json\/wp\/v2\/comments?post=347"}],"version-history":[{"count":0,"href":"https:\/\/kuzeyinsesi.org\/index.php\/wp-json\/wp\/v2\/posts\/347\/revisions"}],"wp:featuredmedia":[{"embeddable":true,"href":"https:\/\/kuzeyinsesi.org\/index.php\/wp-json\/wp\/v2\/media\/348"}],"wp:attachment":[{"href":"https:\/\/kuzeyinsesi.org\/index.php\/wp-json\/wp\/v2\/media?parent=347"}],"wp:term":[{"taxonomy":"category","embeddable":true,"href":"https:\/\/kuzeyinsesi.org\/index.php\/wp-json\/wp\/v2\/categories?post=347"},{"taxonomy":"post_tag","embeddable":true,"href":"https:\/\/kuzeyinsesi.org\/index.php\/wp-json\/wp\/v2\/tags?post=347"}],"curies":[{"name":"wp","href":"https:\/\/api.w.org\/{rel}","templated":true}]}}