{"id":3443,"date":"2024-05-26T15:40:25","date_gmt":"2024-05-26T12:40:25","guid":{"rendered":"https:\/\/kuzeyinsesi.com\/index.php\/2024\/05\/26\/elleri-var-ozgurlugun-isimli-album-yayinlandi\/"},"modified":"2024-05-26T15:40:25","modified_gmt":"2024-05-26T12:40:25","slug":"elleri-var-ozgurlugun-isimli-album-yayinlandi","status":"publish","type":"post","link":"https:\/\/kuzeyinsesi.org\/index.php\/2024\/05\/26\/elleri-var-ozgurlugun-isimli-album-yayinlandi\/","title":{"rendered":"\u201cElleri Var \u00d6zg\u00fcrl\u00fc\u011f\u00fcn\u201d isimli alb\u00fcm yay\u0131nland\u0131"},"content":{"rendered":"<div>\n<div class=\"mariselle-image-container center\">\n                                            <\/div>\n<p>Baraka K\u00fclt\u00fcr Merkezi m\u00fczik toplulu\u011fu Sol Anahtar\u0131\u2019n\u0131n da dahil oldu\u011fu, devrimci m\u00fczik gruplar\u0131n\u0131n olu\u015fturdu\u011fu Sol M\u00fczik Platformu\u2019nun \u201cElleri Var \u00d6zg\u00fcrl\u00fc\u011f\u00fcn\u201d isimli alb\u00fcm\u00fc yay\u0131nland\u0131. <\/p>\n<p>Baraka\u2019dan yap\u0131lan a\u00e7\u0131klamada, Sol Anahtar\u0131\u2019n\u0131n alb\u00fcmde yer alan \u201cKasiyerin \u015eark\u0131s\u0131\u201d isimli \u015fark\u0131s\u0131n\u0131n, dinleyicilerin be\u011fenisine sunulup, sosyal medya kanallar\u0131nda yay\u0131na girdi\u011fi duyuruldu. <\/p>\n<p>Eyl\u00fcl ay\u0131nda \u00e7\u0131kan \u201cKavga\u201d alb\u00fcm\u00fcn\u00fcn ard\u0131ndan Sol M\u00fczik\u2019in ikinci alb\u00fcm\u00fcnde 16 \u015fark\u0131n\u0131n yer ald\u0131\u011f\u0131 kaydedilen a\u00e7\u0131klamada, alb\u00fcm\u00fcn solmuzik.com internet sitesinde ve t\u00fcm dinleme platformlar\u0131nda yay\u0131nda oldu\u011fu kaydedildi.<\/p>\n<p>Alb\u00fcm\u00fcn spotify ve youtube platformlar\u0131 ba\u011flant\u0131lar\u0131 \u015fu \u015fekilde:<\/p>\n<p>\u201chttps:\/\/spotify.link\/1M88SnNHCJb<\/p>\n<p>https:\/\/www.youtube.com\/playlist?list=PLlsKclG6J5WvfKyw_pJsPA3Mzu5-z0pNi\u201d<\/p>\n<\/p><\/div>\n<p><script async\n                    defer\n                    crossorigin=\"anonymous\"\n                    src=\"https:\/\/connect.facebook.net\/tr_TR\/sdk.js#xfbml=1&#038;version=v3.3\"\n            ><\/script><\/p>\n","protected":false},"excerpt":{"rendered":"<p>Baraka K\u00fclt\u00fcr Merkezi m\u00fczik toplulu\u011fu Sol Anahtar\u0131\u2019n\u0131n da dahil oldu\u011fu, devrimci m\u00fczik gruplar\u0131n\u0131n olu\u015fturdu\u011fu Sol M\u00fczik Platformu\u2019nun \u201cElleri Var \u00d6zg\u00fcrl\u00fc\u011f\u00fcn\u201d isimli alb\u00fcm\u00fc yay\u0131nland\u0131. Baraka\u2019dan yap\u0131lan a\u00e7\u0131klamada, Sol Anahtar\u0131\u2019n\u0131n alb\u00fcmde yer alan \u201cKasiyerin \u015eark\u0131s\u0131\u201d isimli \u015fark\u0131s\u0131n\u0131n, dinleyicilerin be\u011fenisine sunulup, sosyal medya kanallar\u0131nda yay\u0131na girdi\u011fi duyuruldu. Eyl\u00fcl ay\u0131nda \u00e7\u0131kan \u201cKavga\u201d alb\u00fcm\u00fcn\u00fcn ard\u0131ndan Sol M\u00fczik\u2019in ikinci alb\u00fcm\u00fcnde 16 [&hellip;]<\/p>\n","protected":false},"author":1,"featured_media":3445,"comment_status":"open","ping_status":"open","sticky":false,"template":"","format":"standard","meta":{"jnews-multi-image_gallery":[],"jnews_single_post":[],"jnews_primary_category":[],"jnews_social_meta":[],"jnews_override_counter":[],"footnotes":""},"categories":[6],"tags":[],"class_list":["post-3443","post","type-post","status-publish","format-standard","has-post-thumbnail","hentry","category-yasam"],"yoast_head":"<!-- This site is optimized with the Yoast SEO plugin v27.5 - https:\/\/yoast.com\/product\/yoast-seo-wordpress\/ -->\n<title>\u201cElleri Var \u00d6zg\u00fcrl\u00fc\u011f\u00fcn\u201d isimli alb\u00fcm yay\u0131nland\u0131 - Kuzeyin Sesi<\/title>\n<meta name=\"robots\" content=\"index, follow, max-snippet:-1, max-image-preview:large, max-video-preview:-1\" \/>\n<link rel=\"canonical\" href=\"https:\/\/kuzeyinsesi.org\/index.php\/2024\/05\/26\/elleri-var-ozgurlugun-isimli-album-yayinlandi\/\" \/>\n<meta property=\"og:locale\" content=\"tr_TR\" \/>\n<meta property=\"og:type\" content=\"article\" \/>\n<meta property=\"og:title\" content=\"\u201cElleri Var \u00d6zg\u00fcrl\u00fc\u011f\u00fcn\u201d isimli alb\u00fcm yay\u0131nland\u0131 - Kuzeyin Sesi\" \/>\n<meta property=\"og:description\" content=\"Baraka K\u00fclt\u00fcr Merkezi m\u00fczik toplulu\u011fu Sol Anahtar\u0131\u2019n\u0131n da dahil oldu\u011fu, devrimci m\u00fczik gruplar\u0131n\u0131n olu\u015fturdu\u011fu Sol M\u00fczik Platformu\u2019nun \u201cElleri Var \u00d6zg\u00fcrl\u00fc\u011f\u00fcn\u201d isimli alb\u00fcm\u00fc yay\u0131nland\u0131. Baraka\u2019dan yap\u0131lan a\u00e7\u0131klamada, Sol Anahtar\u0131\u2019n\u0131n alb\u00fcmde yer alan \u201cKasiyerin \u015eark\u0131s\u0131\u201d isimli \u015fark\u0131s\u0131n\u0131n, dinleyicilerin be\u011fenisine sunulup, sosyal medya kanallar\u0131nda yay\u0131na girdi\u011fi duyuruldu. Eyl\u00fcl ay\u0131nda \u00e7\u0131kan \u201cKavga\u201d alb\u00fcm\u00fcn\u00fcn ard\u0131ndan Sol M\u00fczik\u2019in ikinci alb\u00fcm\u00fcnde 16 [&hellip;]\" \/>\n<meta property=\"og:url\" content=\"https:\/\/kuzeyinsesi.org\/index.php\/2024\/05\/26\/elleri-var-ozgurlugun-isimli-album-yayinlandi\/\" \/>\n<meta property=\"og:site_name\" content=\"Kuzeyin Sesi\" \/>\n<meta property=\"article:publisher\" content=\"https:\/\/www.facebook.com\/kuzeyinsesii\" \/>\n<meta property=\"article:published_time\" content=\"2024-05-26T12:40:25+00:00\" \/>\n<meta property=\"og:image\" content=\"https:\/\/kuzeyinsesi.org\/wp-content\/uploads\/2024\/05\/sol-anahtari.jpeg\" \/>\n\t<meta property=\"og:image:width\" content=\"1600\" \/>\n\t<meta property=\"og:image:height\" content=\"1066\" \/>\n\t<meta property=\"og:image:type\" content=\"image\/jpeg\" \/>\n<meta name=\"author\" content=\"Kuzeyin Sesi\" \/>\n<meta name=\"twitter:card\" content=\"summary_large_image\" \/>\n<meta name=\"twitter:creator\" content=\"@kuzeyinsesii\" \/>\n<meta name=\"twitter:site\" content=\"@kuzeyinsesii\" \/>\n<meta name=\"twitter:label1\" content=\"Yazan:\" \/>\n\t<meta name=\"twitter:data1\" content=\"Kuzeyin Sesi\" \/>\n\t<meta name=\"twitter:label2\" content=\"Tahmini okuma s\u00fcresi\" \/>\n\t<meta name=\"twitter:data2\" content=\"1 dakika\" \/>\n<script type=\"application\/ld+json\" class=\"yoast-schema-graph\">{\"@context\":\"https:\\\/\\\/schema.org\",\"@graph\":[{\"@type\":\"Article\",\"@id\":\"https:\\\/\\\/kuzeyinsesi.org\\\/index.php\\\/2024\\\/05\\\/26\\\/elleri-var-ozgurlugun-isimli-album-yayinlandi\\\/#article\",\"isPartOf\":{\"@id\":\"https:\\\/\\\/kuzeyinsesi.org\\\/index.php\\\/2024\\\/05\\\/26\\\/elleri-var-ozgurlugun-isimli-album-yayinlandi\\\/\"},\"author\":{\"name\":\"Kuzeyin Sesi\",\"@id\":\"https:\\\/\\\/kuzeyinsesi.org\\\/#\\\/schema\\\/person\\\/9f859689cdf01485597712386e37f5aa\"},\"headline\":\"\u201cElleri Var \u00d6zg\u00fcrl\u00fc\u011f\u00fcn\u201d isimli alb\u00fcm yay\u0131nland\u0131\",\"datePublished\":\"2024-05-26T12:40:25+00:00\",\"mainEntityOfPage\":{\"@id\":\"https:\\\/\\\/kuzeyinsesi.org\\\/index.php\\\/2024\\\/05\\\/26\\\/elleri-var-ozgurlugun-isimli-album-yayinlandi\\\/\"},\"wordCount\":162,\"commentCount\":0,\"image\":{\"@id\":\"https:\\\/\\\/kuzeyinsesi.org\\\/index.php\\\/2024\\\/05\\\/26\\\/elleri-var-ozgurlugun-isimli-album-yayinlandi\\\/#primaryimage\"},\"thumbnailUrl\":\"https:\\\/\\\/kuzeyinsesi.org\\\/wp-content\\\/uploads\\\/2024\\\/05\\\/sol-anahtari.jpeg\",\"articleSection\":[\"Ya\u015fam\"],\"inLanguage\":\"tr\",\"potentialAction\":[{\"@type\":\"CommentAction\",\"name\":\"Comment\",\"target\":[\"https:\\\/\\\/kuzeyinsesi.org\\\/index.php\\\/2024\\\/05\\\/26\\\/elleri-var-ozgurlugun-isimli-album-yayinlandi\\\/#respond\"]}]},{\"@type\":\"WebPage\",\"@id\":\"https:\\\/\\\/kuzeyinsesi.org\\\/index.php\\\/2024\\\/05\\\/26\\\/elleri-var-ozgurlugun-isimli-album-yayinlandi\\\/\",\"url\":\"https:\\\/\\\/kuzeyinsesi.org\\\/index.php\\\/2024\\\/05\\\/26\\\/elleri-var-ozgurlugun-isimli-album-yayinlandi\\\/\",\"name\":\"\u201cElleri Var \u00d6zg\u00fcrl\u00fc\u011f\u00fcn\u201d isimli alb\u00fcm yay\u0131nland\u0131 - Kuzeyin Sesi\",\"isPartOf\":{\"@id\":\"https:\\\/\\\/kuzeyinsesi.org\\\/#website\"},\"primaryImageOfPage\":{\"@id\":\"https:\\\/\\\/kuzeyinsesi.org\\\/index.php\\\/2024\\\/05\\\/26\\\/elleri-var-ozgurlugun-isimli-album-yayinlandi\\\/#primaryimage\"},\"image\":{\"@id\":\"https:\\\/\\\/kuzeyinsesi.org\\\/index.php\\\/2024\\\/05\\\/26\\\/elleri-var-ozgurlugun-isimli-album-yayinlandi\\\/#primaryimage\"},\"thumbnailUrl\":\"https:\\\/\\\/kuzeyinsesi.org\\\/wp-content\\\/uploads\\\/2024\\\/05\\\/sol-anahtari.jpeg\",\"datePublished\":\"2024-05-26T12:40:25+00:00\",\"author\":{\"@id\":\"https:\\\/\\\/kuzeyinsesi.org\\\/#\\\/schema\\\/person\\\/9f859689cdf01485597712386e37f5aa\"},\"breadcrumb\":{\"@id\":\"https:\\\/\\\/kuzeyinsesi.org\\\/index.php\\\/2024\\\/05\\\/26\\\/elleri-var-ozgurlugun-isimli-album-yayinlandi\\\/#breadcrumb\"},\"inLanguage\":\"tr\",\"potentialAction\":[{\"@type\":\"ReadAction\",\"target\":[\"https:\\\/\\\/kuzeyinsesi.org\\\/index.php\\\/2024\\\/05\\\/26\\\/elleri-var-ozgurlugun-isimli-album-yayinlandi\\\/\"]}]},{\"@type\":\"ImageObject\",\"inLanguage\":\"tr\",\"@id\":\"https:\\\/\\\/kuzeyinsesi.org\\\/index.php\\\/2024\\\/05\\\/26\\\/elleri-var-ozgurlugun-isimli-album-yayinlandi\\\/#primaryimage\",\"url\":\"https:\\\/\\\/kuzeyinsesi.org\\\/wp-content\\\/uploads\\\/2024\\\/05\\\/sol-anahtari.jpeg\",\"contentUrl\":\"https:\\\/\\\/kuzeyinsesi.org\\\/wp-content\\\/uploads\\\/2024\\\/05\\\/sol-anahtari.jpeg\",\"width\":1600,\"height\":1066},{\"@type\":\"BreadcrumbList\",\"@id\":\"https:\\\/\\\/kuzeyinsesi.org\\\/index.php\\\/2024\\\/05\\\/26\\\/elleri-var-ozgurlugun-isimli-album-yayinlandi\\\/#breadcrumb\",\"itemListElement\":[{\"@type\":\"ListItem\",\"position\":1,\"name\":\"Anasayfa\",\"item\":\"https:\\\/\\\/kuzeyinsesi.org\\\/\"},{\"@type\":\"ListItem\",\"position\":2,\"name\":\"\u201cElleri Var \u00d6zg\u00fcrl\u00fc\u011f\u00fcn\u201d isimli alb\u00fcm yay\u0131nland\u0131\"}]},{\"@type\":\"WebSite\",\"@id\":\"https:\\\/\\\/kuzeyinsesi.org\\\/#website\",\"url\":\"https:\\\/\\\/kuzeyinsesi.org\\\/\",\"name\":\"Kuzeyin Sesi\",\"description\":\"Do\u011fru Haberin Adresi\",\"potentialAction\":[{\"@type\":\"SearchAction\",\"target\":{\"@type\":\"EntryPoint\",\"urlTemplate\":\"https:\\\/\\\/kuzeyinsesi.org\\\/?s={search_term_string}\"},\"query-input\":{\"@type\":\"PropertyValueSpecification\",\"valueRequired\":true,\"valueName\":\"search_term_string\"}}],\"inLanguage\":\"tr\"},{\"@type\":\"Person\",\"@id\":\"https:\\\/\\\/kuzeyinsesi.org\\\/#\\\/schema\\\/person\\\/9f859689cdf01485597712386e37f5aa\",\"name\":\"Kuzeyin Sesi\",\"image\":{\"@type\":\"ImageObject\",\"inLanguage\":\"tr\",\"@id\":\"https:\\\/\\\/secure.gravatar.com\\\/avatar\\\/bab33852abfd8b282518d6ed81826833d77c3c882d9ab608add591ccace47a44?s=96&d=mm&r=g\",\"url\":\"https:\\\/\\\/secure.gravatar.com\\\/avatar\\\/bab33852abfd8b282518d6ed81826833d77c3c882d9ab608add591ccace47a44?s=96&d=mm&r=g\",\"contentUrl\":\"https:\\\/\\\/secure.gravatar.com\\\/avatar\\\/bab33852abfd8b282518d6ed81826833d77c3c882d9ab608add591ccace47a44?s=96&d=mm&r=g\",\"caption\":\"Kuzeyin Sesi\"},\"sameAs\":[\"https:\\\/\\\/kuzeyinsesi.org\"],\"url\":\"https:\\\/\\\/kuzeyinsesi.org\\\/index.php\\\/author\\\/guven\\\/\"}]}<\/script>\n<!-- \/ Yoast SEO plugin. -->","yoast_head_json":{"title":"\u201cElleri Var \u00d6zg\u00fcrl\u00fc\u011f\u00fcn\u201d isimli alb\u00fcm yay\u0131nland\u0131 - Kuzeyin Sesi","robots":{"index":"index","follow":"follow","max-snippet":"max-snippet:-1","max-image-preview":"max-image-preview:large","max-video-preview":"max-video-preview:-1"},"canonical":"https:\/\/kuzeyinsesi.org\/index.php\/2024\/05\/26\/elleri-var-ozgurlugun-isimli-album-yayinlandi\/","og_locale":"tr_TR","og_type":"article","og_title":"\u201cElleri Var \u00d6zg\u00fcrl\u00fc\u011f\u00fcn\u201d isimli alb\u00fcm yay\u0131nland\u0131 - Kuzeyin Sesi","og_description":"Baraka K\u00fclt\u00fcr Merkezi m\u00fczik toplulu\u011fu Sol Anahtar\u0131\u2019n\u0131n da dahil oldu\u011fu, devrimci m\u00fczik gruplar\u0131n\u0131n olu\u015fturdu\u011fu Sol M\u00fczik Platformu\u2019nun \u201cElleri Var \u00d6zg\u00fcrl\u00fc\u011f\u00fcn\u201d isimli alb\u00fcm\u00fc yay\u0131nland\u0131. Baraka\u2019dan yap\u0131lan a\u00e7\u0131klamada, Sol Anahtar\u0131\u2019n\u0131n alb\u00fcmde yer alan \u201cKasiyerin \u015eark\u0131s\u0131\u201d isimli \u015fark\u0131s\u0131n\u0131n, dinleyicilerin be\u011fenisine sunulup, sosyal medya kanallar\u0131nda yay\u0131na girdi\u011fi duyuruldu. Eyl\u00fcl ay\u0131nda \u00e7\u0131kan \u201cKavga\u201d alb\u00fcm\u00fcn\u00fcn ard\u0131ndan Sol M\u00fczik\u2019in ikinci alb\u00fcm\u00fcnde 16 [&hellip;]","og_url":"https:\/\/kuzeyinsesi.org\/index.php\/2024\/05\/26\/elleri-var-ozgurlugun-isimli-album-yayinlandi\/","og_site_name":"Kuzeyin Sesi","article_publisher":"https:\/\/www.facebook.com\/kuzeyinsesii","article_published_time":"2024-05-26T12:40:25+00:00","og_image":[{"width":1600,"height":1066,"url":"https:\/\/kuzeyinsesi.org\/wp-content\/uploads\/2024\/05\/sol-anahtari.jpeg","type":"image\/jpeg"}],"author":"Kuzeyin Sesi","twitter_card":"summary_large_image","twitter_creator":"@kuzeyinsesii","twitter_site":"@kuzeyinsesii","twitter_misc":{"Yazan:":"Kuzeyin Sesi","Tahmini okuma s\u00fcresi":"1 dakika"},"schema":{"@context":"https:\/\/schema.org","@graph":[{"@type":"Article","@id":"https:\/\/kuzeyinsesi.org\/index.php\/2024\/05\/26\/elleri-var-ozgurlugun-isimli-album-yayinlandi\/#article","isPartOf":{"@id":"https:\/\/kuzeyinsesi.org\/index.php\/2024\/05\/26\/elleri-var-ozgurlugun-isimli-album-yayinlandi\/"},"author":{"name":"Kuzeyin Sesi","@id":"https:\/\/kuzeyinsesi.org\/#\/schema\/person\/9f859689cdf01485597712386e37f5aa"},"headline":"\u201cElleri Var \u00d6zg\u00fcrl\u00fc\u011f\u00fcn\u201d isimli alb\u00fcm yay\u0131nland\u0131","datePublished":"2024-05-26T12:40:25+00:00","mainEntityOfPage":{"@id":"https:\/\/kuzeyinsesi.org\/index.php\/2024\/05\/26\/elleri-var-ozgurlugun-isimli-album-yayinlandi\/"},"wordCount":162,"commentCount":0,"image":{"@id":"https:\/\/kuzeyinsesi.org\/index.php\/2024\/05\/26\/elleri-var-ozgurlugun-isimli-album-yayinlandi\/#primaryimage"},"thumbnailUrl":"https:\/\/kuzeyinsesi.org\/wp-content\/uploads\/2024\/05\/sol-anahtari.jpeg","articleSection":["Ya\u015fam"],"inLanguage":"tr","potentialAction":[{"@type":"CommentAction","name":"Comment","target":["https:\/\/kuzeyinsesi.org\/index.php\/2024\/05\/26\/elleri-var-ozgurlugun-isimli-album-yayinlandi\/#respond"]}]},{"@type":"WebPage","@id":"https:\/\/kuzeyinsesi.org\/index.php\/2024\/05\/26\/elleri-var-ozgurlugun-isimli-album-yayinlandi\/","url":"https:\/\/kuzeyinsesi.org\/index.php\/2024\/05\/26\/elleri-var-ozgurlugun-isimli-album-yayinlandi\/","name":"\u201cElleri Var \u00d6zg\u00fcrl\u00fc\u011f\u00fcn\u201d isimli alb\u00fcm yay\u0131nland\u0131 - Kuzeyin Sesi","isPartOf":{"@id":"https:\/\/kuzeyinsesi.org\/#website"},"primaryImageOfPage":{"@id":"https:\/\/kuzeyinsesi.org\/index.php\/2024\/05\/26\/elleri-var-ozgurlugun-isimli-album-yayinlandi\/#primaryimage"},"image":{"@id":"https:\/\/kuzeyinsesi.org\/index.php\/2024\/05\/26\/elleri-var-ozgurlugun-isimli-album-yayinlandi\/#primaryimage"},"thumbnailUrl":"https:\/\/kuzeyinsesi.org\/wp-content\/uploads\/2024\/05\/sol-anahtari.jpeg","datePublished":"2024-05-26T12:40:25+00:00","author":{"@id":"https:\/\/kuzeyinsesi.org\/#\/schema\/person\/9f859689cdf01485597712386e37f5aa"},"breadcrumb":{"@id":"https:\/\/kuzeyinsesi.org\/index.php\/2024\/05\/26\/elleri-var-ozgurlugun-isimli-album-yayinlandi\/#breadcrumb"},"inLanguage":"tr","potentialAction":[{"@type":"ReadAction","target":["https:\/\/kuzeyinsesi.org\/index.php\/2024\/05\/26\/elleri-var-ozgurlugun-isimli-album-yayinlandi\/"]}]},{"@type":"ImageObject","inLanguage":"tr","@id":"https:\/\/kuzeyinsesi.org\/index.php\/2024\/05\/26\/elleri-var-ozgurlugun-isimli-album-yayinlandi\/#primaryimage","url":"https:\/\/kuzeyinsesi.org\/wp-content\/uploads\/2024\/05\/sol-anahtari.jpeg","contentUrl":"https:\/\/kuzeyinsesi.org\/wp-content\/uploads\/2024\/05\/sol-anahtari.jpeg","width":1600,"height":1066},{"@type":"BreadcrumbList","@id":"https:\/\/kuzeyinsesi.org\/index.php\/2024\/05\/26\/elleri-var-ozgurlugun-isimli-album-yayinlandi\/#breadcrumb","itemListElement":[{"@type":"ListItem","position":1,"name":"Anasayfa","item":"https:\/\/kuzeyinsesi.org\/"},{"@type":"ListItem","position":2,"name":"\u201cElleri Var \u00d6zg\u00fcrl\u00fc\u011f\u00fcn\u201d isimli alb\u00fcm yay\u0131nland\u0131"}]},{"@type":"WebSite","@id":"https:\/\/kuzeyinsesi.org\/#website","url":"https:\/\/kuzeyinsesi.org\/","name":"Kuzeyin Sesi","description":"Do\u011fru Haberin Adresi","potentialAction":[{"@type":"SearchAction","target":{"@type":"EntryPoint","urlTemplate":"https:\/\/kuzeyinsesi.org\/?s={search_term_string}"},"query-input":{"@type":"PropertyValueSpecification","valueRequired":true,"valueName":"search_term_string"}}],"inLanguage":"tr"},{"@type":"Person","@id":"https:\/\/kuzeyinsesi.org\/#\/schema\/person\/9f859689cdf01485597712386e37f5aa","name":"Kuzeyin Sesi","image":{"@type":"ImageObject","inLanguage":"tr","@id":"https:\/\/secure.gravatar.com\/avatar\/bab33852abfd8b282518d6ed81826833d77c3c882d9ab608add591ccace47a44?s=96&d=mm&r=g","url":"https:\/\/secure.gravatar.com\/avatar\/bab33852abfd8b282518d6ed81826833d77c3c882d9ab608add591ccace47a44?s=96&d=mm&r=g","contentUrl":"https:\/\/secure.gravatar.com\/avatar\/bab33852abfd8b282518d6ed81826833d77c3c882d9ab608add591ccace47a44?s=96&d=mm&r=g","caption":"Kuzeyin Sesi"},"sameAs":["https:\/\/kuzeyinsesi.org"],"url":"https:\/\/kuzeyinsesi.org\/index.php\/author\/guven\/"}]}},"_links":{"self":[{"href":"https:\/\/kuzeyinsesi.org\/index.php\/wp-json\/wp\/v2\/posts\/3443","targetHints":{"allow":["GET"]}}],"collection":[{"href":"https:\/\/kuzeyinsesi.org\/index.php\/wp-json\/wp\/v2\/posts"}],"about":[{"href":"https:\/\/kuzeyinsesi.org\/index.php\/wp-json\/wp\/v2\/types\/post"}],"author":[{"embeddable":true,"href":"https:\/\/kuzeyinsesi.org\/index.php\/wp-json\/wp\/v2\/users\/1"}],"replies":[{"embeddable":true,"href":"https:\/\/kuzeyinsesi.org\/index.php\/wp-json\/wp\/v2\/comments?post=3443"}],"version-history":[{"count":0,"href":"https:\/\/kuzeyinsesi.org\/index.php\/wp-json\/wp\/v2\/posts\/3443\/revisions"}],"wp:featuredmedia":[{"embeddable":true,"href":"https:\/\/kuzeyinsesi.org\/index.php\/wp-json\/wp\/v2\/media\/3445"}],"wp:attachment":[{"href":"https:\/\/kuzeyinsesi.org\/index.php\/wp-json\/wp\/v2\/media?parent=3443"}],"wp:term":[{"taxonomy":"category","embeddable":true,"href":"https:\/\/kuzeyinsesi.org\/index.php\/wp-json\/wp\/v2\/categories?post=3443"},{"taxonomy":"post_tag","embeddable":true,"href":"https:\/\/kuzeyinsesi.org\/index.php\/wp-json\/wp\/v2\/tags?post=3443"}],"curies":[{"name":"wp","href":"https:\/\/api.w.org\/{rel}","templated":true}]}}