{"id":34416,"date":"2025-10-29T15:56:36","date_gmt":"2025-10-29T13:56:36","guid":{"rendered":"https:\/\/kuzeyinsesi.org\/index.php\/2025\/10\/29\/cumhurbaskanligi-yat-yarislari-cumhuriyet-kupasi-etabinin-starti-istanbuldan-verildi\/"},"modified":"2025-10-29T15:56:36","modified_gmt":"2025-10-29T13:56:36","slug":"cumhurbaskanligi-yat-yarislari-cumhuriyet-kupasi-etabinin-starti-istanbuldan-verildi","status":"publish","type":"post","link":"https:\/\/kuzeyinsesi.org\/index.php\/2025\/10\/29\/cumhurbaskanligi-yat-yarislari-cumhuriyet-kupasi-etabinin-starti-istanbuldan-verildi\/","title":{"rendered":"Cumhurba\u015fkanl\u0131\u011f\u0131 Yat Yar\u0131\u015flar\u0131 Cumhuriyet Kupas\u0131 etab\u0131n\u0131n start\u0131 \u0130stanbul&#039;dan verildi"},"content":{"rendered":"<p><\/p>\n<div>\n<p>&#13;<br \/>\n\t<a href=\"https:\/\/www.trthaber.com\/etiket\/istanbul\/\" target=\"_blank\">\u0130stanbul<\/a> A\u00e7\u0131k Deniz Yat Yar\u0131\u015f Kul\u00fcb\u00fc taraf\u0131ndan organize edilen yar\u0131\u015f, Dolmabah\u00e7e&#8217;de <a href=\"https:\/\/www.trthaber.com\/etiket\/mustafa-kemal-ataturk\/\" target=\"_blank\">Mustafa Kemal Atat\u00fcrk<\/a> ve silah arkada\u015flar\u0131 i\u00e7in yap\u0131lan sayg\u0131 duru\u015fu ve \u0130stiklal Mar\u015f\u0131&#8217;n\u0131n ard\u0131ndan ba\u015flad\u0131.<\/p>\n<p>&#13;<br \/>\n\t\u0130stanbul A\u00e7\u0131k Deniz Yat Yar\u0131\u015f Kul\u00fcb\u00fc Ba\u015fkan\u0131 ve Organizasyon Komitesi Ba\u015fkan\u0131 Ekrem Yemlihao\u011flu, yapt\u0131\u011f\u0131 konu\u015fmada, Cumhuriyet&#8217;in 102. y\u0131l\u0131n\u0131 denizde, yelkenlerle selamlaman\u0131n b\u00fcy\u00fck onur oldu\u011funu belirterek &#8220;Bu organizasyonun en b\u00fcy\u00fck ama\u00e7lar\u0131ndan biri, gen\u00e7lerimizi yelken sporuna <a href=\"https:\/\/www.trthaber.com\/etiket\/tesvik\/\" target=\"_blank\">te\u015fvik<\/a> etmek ve onlar\u0131 denizle bulu\u015fturmak. Cumhuriyet gen\u00e7lerinin, disiplinli, dayan\u0131kl\u0131 ve tak\u0131m ruhuyla hareket eden bireyler olarak yeti\u015fmesi i\u00e7in yelken sporu \u00e7ok k\u0131ymetli bir ara\u00e7t\u0131r. Bu yar\u0131\u015flar, gen\u00e7lere ilham verecek, denizin g\u00fcc\u00fcn\u00fc ve \u00f6zg\u00fcrl\u00fc\u011f\u00fcn\u00fc hissettirecektir.&#8221; ifadelerini kulland\u0131.<\/p>\n<p><\/p>\n<p>&#13;<br \/>\n\tSamsun, Kuzey K\u0131br\u0131s T\u00fcrk Cumhuriyeti (KKTC) ve <a href=\"https:\/\/www.trthaber.com\/etiket\/canakkale\/\" target=\"_blank\">\u00c7anakkale<\/a> etaplar\u0131n\u0131n ard\u0131ndan \u0130stanbul&#8217;da yap\u0131lan final etab\u0131nda 70 tekne ve 700&#8217;\u00fc a\u015fk\u0131n sporcu yelken a\u00e7t\u0131.<\/p>\n<p>&#13;<br \/>\n\t1-2 Kas\u0131m tarihlerinde d\u00fczenlenecek \u015famand\u0131ra ve co\u011frafi parkur yar\u0131\u015flar\u0131n\u0131n ard\u0131ndan organizasyon tamamlanacak. Samsun, KKTC, \u00c7anakkale ve \u0130stanbul yar\u0131\u015flar\u0131nda toplamda en iyi dereceyi elde edecek ekip, <a href=\"https:\/\/www.trthaber.com\/etiket\/cumhurbaskanligi\/\" target=\"_blank\">Cumhurba\u015fkanl\u0131\u011f\u0131<\/a> 6. Uluslararas\u0131 Yat Yar\u0131\u015flar\u0131 \u015eampiyonu olarak Cumhurba\u015fkanl\u0131\u011f\u0131 Kupas\u0131&#8217;n\u0131 kazanacak.<\/p>\n<p>&#13;<br \/>\n\tOrganizasyon 2 Kas\u0131m&#8217;da Fi\u015fekhane&#8217;de yap\u0131lacak \u00f6d\u00fcl t\u00f6reniyle tamamlanacak.<\/p>\n<\/p><\/div>\n","protected":false},"excerpt":{"rendered":"<p>&#13; \u0130stanbul A\u00e7\u0131k Deniz Yat Yar\u0131\u015f Kul\u00fcb\u00fc taraf\u0131ndan organize edilen yar\u0131\u015f, Dolmabah\u00e7e&#8217;de Mustafa Kemal Atat\u00fcrk ve silah arkada\u015flar\u0131 i\u00e7in yap\u0131lan sayg\u0131 duru\u015fu ve \u0130stiklal Mar\u015f\u0131&#8217;n\u0131n ard\u0131ndan ba\u015flad\u0131. &#13; \u0130stanbul A\u00e7\u0131k Deniz Yat Yar\u0131\u015f Kul\u00fcb\u00fc Ba\u015fkan\u0131 ve Organizasyon Komitesi Ba\u015fkan\u0131 Ekrem Yemlihao\u011flu, yapt\u0131\u011f\u0131 konu\u015fmada, Cumhuriyet&#8217;in 102. y\u0131l\u0131n\u0131 denizde, yelkenlerle selamlaman\u0131n b\u00fcy\u00fck onur oldu\u011funu belirterek &#8220;Bu organizasyonun [&hellip;]<\/p>\n","protected":false},"author":1,"featured_media":34417,"comment_status":"open","ping_status":"open","sticky":false,"template":"","format":"standard","meta":{"jnews-multi-image_gallery":[],"jnews_single_post":[],"jnews_primary_category":[],"jnews_social_meta":[],"jnews_override_counter":[],"footnotes":""},"categories":[4],"tags":[],"class_list":["post-34416","post","type-post","status-publish","format-standard","has-post-thumbnail","hentry","category-spor"],"yoast_head":"<!-- This site is optimized with the Yoast SEO plugin v27.5 - https:\/\/yoast.com\/product\/yoast-seo-wordpress\/ -->\n<title>Cumhurba\u015fkanl\u0131\u011f\u0131 Yat Yar\u0131\u015flar\u0131 Cumhuriyet Kupas\u0131 etab\u0131n\u0131n start\u0131 \u0130stanbul&#039;dan verildi - Kuzeyin Sesi<\/title>\n<meta name=\"robots\" content=\"index, follow, max-snippet:-1, max-image-preview:large, max-video-preview:-1\" \/>\n<link rel=\"canonical\" href=\"https:\/\/kuzeyinsesi.org\/index.php\/2025\/10\/29\/cumhurbaskanligi-yat-yarislari-cumhuriyet-kupasi-etabinin-starti-istanbuldan-verildi\/\" \/>\n<meta property=\"og:locale\" content=\"tr_TR\" \/>\n<meta property=\"og:type\" content=\"article\" \/>\n<meta property=\"og:title\" content=\"Cumhurba\u015fkanl\u0131\u011f\u0131 Yat Yar\u0131\u015flar\u0131 Cumhuriyet Kupas\u0131 etab\u0131n\u0131n start\u0131 \u0130stanbul&#039;dan verildi - Kuzeyin Sesi\" \/>\n<meta property=\"og:description\" content=\"&#013; \u0130stanbul A\u00e7\u0131k Deniz Yat Yar\u0131\u015f Kul\u00fcb\u00fc taraf\u0131ndan organize edilen yar\u0131\u015f, Dolmabah\u00e7e&#8217;de Mustafa Kemal Atat\u00fcrk ve silah arkada\u015flar\u0131 i\u00e7in yap\u0131lan sayg\u0131 duru\u015fu ve \u0130stiklal Mar\u015f\u0131&#8217;n\u0131n ard\u0131ndan ba\u015flad\u0131. &#013; \u0130stanbul A\u00e7\u0131k Deniz Yat Yar\u0131\u015f Kul\u00fcb\u00fc Ba\u015fkan\u0131 ve Organizasyon Komitesi Ba\u015fkan\u0131 Ekrem Yemlihao\u011flu, yapt\u0131\u011f\u0131 konu\u015fmada, Cumhuriyet&#8217;in 102. y\u0131l\u0131n\u0131 denizde, yelkenlerle selamlaman\u0131n b\u00fcy\u00fck onur oldu\u011funu belirterek &#8220;Bu organizasyonun [&hellip;]\" \/>\n<meta property=\"og:url\" content=\"https:\/\/kuzeyinsesi.org\/index.php\/2025\/10\/29\/cumhurbaskanligi-yat-yarislari-cumhuriyet-kupasi-etabinin-starti-istanbuldan-verildi\/\" \/>\n<meta property=\"og:site_name\" content=\"Kuzeyin Sesi\" \/>\n<meta property=\"article:publisher\" content=\"https:\/\/www.facebook.com\/kuzeyinsesii\" \/>\n<meta property=\"article:published_time\" content=\"2025-10-29T13:56:36+00:00\" \/>\n<meta property=\"og:image\" content=\"https:\/\/www.trthaber.com\/dosyalar\/images\/aa_picture_20251029_39555135.jpg\" \/>\n<meta name=\"author\" content=\"Kuzeyin Sesi\" \/>\n<meta name=\"twitter:card\" content=\"summary_large_image\" \/>\n<meta name=\"twitter:creator\" content=\"@kuzeyinsesii\" \/>\n<meta name=\"twitter:site\" content=\"@kuzeyinsesii\" \/>\n<meta name=\"twitter:label1\" content=\"Yazan:\" \/>\n\t<meta name=\"twitter:data1\" content=\"Kuzeyin Sesi\" \/>\n\t<meta name=\"twitter:label2\" content=\"Tahmini okuma s\u00fcresi\" \/>\n\t<meta name=\"twitter:data2\" content=\"1 dakika\" \/>\n<script type=\"application\/ld+json\" class=\"yoast-schema-graph\">{\"@context\":\"https:\\\/\\\/schema.org\",\"@graph\":[{\"@type\":\"Article\",\"@id\":\"https:\\\/\\\/kuzeyinsesi.org\\\/index.php\\\/2025\\\/10\\\/29\\\/cumhurbaskanligi-yat-yarislari-cumhuriyet-kupasi-etabinin-starti-istanbuldan-verildi\\\/#article\",\"isPartOf\":{\"@id\":\"https:\\\/\\\/kuzeyinsesi.org\\\/index.php\\\/2025\\\/10\\\/29\\\/cumhurbaskanligi-yat-yarislari-cumhuriyet-kupasi-etabinin-starti-istanbuldan-verildi\\\/\"},\"author\":{\"name\":\"Kuzeyin Sesi\",\"@id\":\"https:\\\/\\\/kuzeyinsesi.org\\\/#\\\/schema\\\/person\\\/9f859689cdf01485597712386e37f5aa\"},\"headline\":\"Cumhurba\u015fkanl\u0131\u011f\u0131 Yat Yar\u0131\u015flar\u0131 Cumhuriyet Kupas\u0131 etab\u0131n\u0131n start\u0131 \u0130stanbul&#039;dan verildi\",\"datePublished\":\"2025-10-29T13:56:36+00:00\",\"mainEntityOfPage\":{\"@id\":\"https:\\\/\\\/kuzeyinsesi.org\\\/index.php\\\/2025\\\/10\\\/29\\\/cumhurbaskanligi-yat-yarislari-cumhuriyet-kupasi-etabinin-starti-istanbuldan-verildi\\\/\"},\"wordCount\":252,\"commentCount\":0,\"image\":{\"@id\":\"https:\\\/\\\/kuzeyinsesi.org\\\/index.php\\\/2025\\\/10\\\/29\\\/cumhurbaskanligi-yat-yarislari-cumhuriyet-kupasi-etabinin-starti-istanbuldan-verildi\\\/#primaryimage\"},\"thumbnailUrl\":\"https:\\\/\\\/kuzeyinsesi.org\\\/wp-content\\\/uploads\\\/2025\\\/10\\\/yat-yarislariaa-2412445.jpg\",\"articleSection\":[\"Spor\"],\"inLanguage\":\"tr\",\"potentialAction\":[{\"@type\":\"CommentAction\",\"name\":\"Comment\",\"target\":[\"https:\\\/\\\/kuzeyinsesi.org\\\/index.php\\\/2025\\\/10\\\/29\\\/cumhurbaskanligi-yat-yarislari-cumhuriyet-kupasi-etabinin-starti-istanbuldan-verildi\\\/#respond\"]}]},{\"@type\":\"WebPage\",\"@id\":\"https:\\\/\\\/kuzeyinsesi.org\\\/index.php\\\/2025\\\/10\\\/29\\\/cumhurbaskanligi-yat-yarislari-cumhuriyet-kupasi-etabinin-starti-istanbuldan-verildi\\\/\",\"url\":\"https:\\\/\\\/kuzeyinsesi.org\\\/index.php\\\/2025\\\/10\\\/29\\\/cumhurbaskanligi-yat-yarislari-cumhuriyet-kupasi-etabinin-starti-istanbuldan-verildi\\\/\",\"name\":\"Cumhurba\u015fkanl\u0131\u011f\u0131 Yat Yar\u0131\u015flar\u0131 Cumhuriyet Kupas\u0131 etab\u0131n\u0131n start\u0131 \u0130stanbul&#039;dan verildi - Kuzeyin Sesi\",\"isPartOf\":{\"@id\":\"https:\\\/\\\/kuzeyinsesi.org\\\/#website\"},\"primaryImageOfPage\":{\"@id\":\"https:\\\/\\\/kuzeyinsesi.org\\\/index.php\\\/2025\\\/10\\\/29\\\/cumhurbaskanligi-yat-yarislari-cumhuriyet-kupasi-etabinin-starti-istanbuldan-verildi\\\/#primaryimage\"},\"image\":{\"@id\":\"https:\\\/\\\/kuzeyinsesi.org\\\/index.php\\\/2025\\\/10\\\/29\\\/cumhurbaskanligi-yat-yarislari-cumhuriyet-kupasi-etabinin-starti-istanbuldan-verildi\\\/#primaryimage\"},\"thumbnailUrl\":\"https:\\\/\\\/kuzeyinsesi.org\\\/wp-content\\\/uploads\\\/2025\\\/10\\\/yat-yarislariaa-2412445.jpg\",\"datePublished\":\"2025-10-29T13:56:36+00:00\",\"author\":{\"@id\":\"https:\\\/\\\/kuzeyinsesi.org\\\/#\\\/schema\\\/person\\\/9f859689cdf01485597712386e37f5aa\"},\"breadcrumb\":{\"@id\":\"https:\\\/\\\/kuzeyinsesi.org\\\/index.php\\\/2025\\\/10\\\/29\\\/cumhurbaskanligi-yat-yarislari-cumhuriyet-kupasi-etabinin-starti-istanbuldan-verildi\\\/#breadcrumb\"},\"inLanguage\":\"tr\",\"potentialAction\":[{\"@type\":\"ReadAction\",\"target\":[\"https:\\\/\\\/kuzeyinsesi.org\\\/index.php\\\/2025\\\/10\\\/29\\\/cumhurbaskanligi-yat-yarislari-cumhuriyet-kupasi-etabinin-starti-istanbuldan-verildi\\\/\"]}]},{\"@type\":\"ImageObject\",\"inLanguage\":\"tr\",\"@id\":\"https:\\\/\\\/kuzeyinsesi.org\\\/index.php\\\/2025\\\/10\\\/29\\\/cumhurbaskanligi-yat-yarislari-cumhuriyet-kupasi-etabinin-starti-istanbuldan-verildi\\\/#primaryimage\",\"url\":\"https:\\\/\\\/kuzeyinsesi.org\\\/wp-content\\\/uploads\\\/2025\\\/10\\\/yat-yarislariaa-2412445.jpg\",\"contentUrl\":\"https:\\\/\\\/kuzeyinsesi.org\\\/wp-content\\\/uploads\\\/2025\\\/10\\\/yat-yarislariaa-2412445.jpg\",\"width\":1280,\"height\":720},{\"@type\":\"BreadcrumbList\",\"@id\":\"https:\\\/\\\/kuzeyinsesi.org\\\/index.php\\\/2025\\\/10\\\/29\\\/cumhurbaskanligi-yat-yarislari-cumhuriyet-kupasi-etabinin-starti-istanbuldan-verildi\\\/#breadcrumb\",\"itemListElement\":[{\"@type\":\"ListItem\",\"position\":1,\"name\":\"Anasayfa\",\"item\":\"https:\\\/\\\/kuzeyinsesi.org\\\/\"},{\"@type\":\"ListItem\",\"position\":2,\"name\":\"Cumhurba\u015fkanl\u0131\u011f\u0131 Yat Yar\u0131\u015flar\u0131 Cumhuriyet Kupas\u0131 etab\u0131n\u0131n start\u0131 \u0130stanbul&#039;dan verildi\"}]},{\"@type\":\"WebSite\",\"@id\":\"https:\\\/\\\/kuzeyinsesi.org\\\/#website\",\"url\":\"https:\\\/\\\/kuzeyinsesi.org\\\/\",\"name\":\"Kuzeyin Sesi\",\"description\":\"Do\u011fru Haberin Adresi\",\"potentialAction\":[{\"@type\":\"SearchAction\",\"target\":{\"@type\":\"EntryPoint\",\"urlTemplate\":\"https:\\\/\\\/kuzeyinsesi.org\\\/?s={search_term_string}\"},\"query-input\":{\"@type\":\"PropertyValueSpecification\",\"valueRequired\":true,\"valueName\":\"search_term_string\"}}],\"inLanguage\":\"tr\"},{\"@type\":\"Person\",\"@id\":\"https:\\\/\\\/kuzeyinsesi.org\\\/#\\\/schema\\\/person\\\/9f859689cdf01485597712386e37f5aa\",\"name\":\"Kuzeyin Sesi\",\"image\":{\"@type\":\"ImageObject\",\"inLanguage\":\"tr\",\"@id\":\"https:\\\/\\\/secure.gravatar.com\\\/avatar\\\/bab33852abfd8b282518d6ed81826833d77c3c882d9ab608add591ccace47a44?s=96&d=mm&r=g\",\"url\":\"https:\\\/\\\/secure.gravatar.com\\\/avatar\\\/bab33852abfd8b282518d6ed81826833d77c3c882d9ab608add591ccace47a44?s=96&d=mm&r=g\",\"contentUrl\":\"https:\\\/\\\/secure.gravatar.com\\\/avatar\\\/bab33852abfd8b282518d6ed81826833d77c3c882d9ab608add591ccace47a44?s=96&d=mm&r=g\",\"caption\":\"Kuzeyin Sesi\"},\"sameAs\":[\"https:\\\/\\\/kuzeyinsesi.org\"],\"url\":\"https:\\\/\\\/kuzeyinsesi.org\\\/index.php\\\/author\\\/guven\\\/\"}]}<\/script>\n<!-- \/ Yoast SEO plugin. -->","yoast_head_json":{"title":"Cumhurba\u015fkanl\u0131\u011f\u0131 Yat Yar\u0131\u015flar\u0131 Cumhuriyet Kupas\u0131 etab\u0131n\u0131n start\u0131 \u0130stanbul&#039;dan verildi - Kuzeyin Sesi","robots":{"index":"index","follow":"follow","max-snippet":"max-snippet:-1","max-image-preview":"max-image-preview:large","max-video-preview":"max-video-preview:-1"},"canonical":"https:\/\/kuzeyinsesi.org\/index.php\/2025\/10\/29\/cumhurbaskanligi-yat-yarislari-cumhuriyet-kupasi-etabinin-starti-istanbuldan-verildi\/","og_locale":"tr_TR","og_type":"article","og_title":"Cumhurba\u015fkanl\u0131\u011f\u0131 Yat Yar\u0131\u015flar\u0131 Cumhuriyet Kupas\u0131 etab\u0131n\u0131n start\u0131 \u0130stanbul&#039;dan verildi - Kuzeyin Sesi","og_description":"&#13; \u0130stanbul A\u00e7\u0131k Deniz Yat Yar\u0131\u015f Kul\u00fcb\u00fc taraf\u0131ndan organize edilen yar\u0131\u015f, Dolmabah\u00e7e&#8217;de Mustafa Kemal Atat\u00fcrk ve silah arkada\u015flar\u0131 i\u00e7in yap\u0131lan sayg\u0131 duru\u015fu ve \u0130stiklal Mar\u015f\u0131&#8217;n\u0131n ard\u0131ndan ba\u015flad\u0131. &#13; \u0130stanbul A\u00e7\u0131k Deniz Yat Yar\u0131\u015f Kul\u00fcb\u00fc Ba\u015fkan\u0131 ve Organizasyon Komitesi Ba\u015fkan\u0131 Ekrem Yemlihao\u011flu, yapt\u0131\u011f\u0131 konu\u015fmada, Cumhuriyet&#8217;in 102. y\u0131l\u0131n\u0131 denizde, yelkenlerle selamlaman\u0131n b\u00fcy\u00fck onur oldu\u011funu belirterek &#8220;Bu organizasyonun [&hellip;]","og_url":"https:\/\/kuzeyinsesi.org\/index.php\/2025\/10\/29\/cumhurbaskanligi-yat-yarislari-cumhuriyet-kupasi-etabinin-starti-istanbuldan-verildi\/","og_site_name":"Kuzeyin Sesi","article_publisher":"https:\/\/www.facebook.com\/kuzeyinsesii","article_published_time":"2025-10-29T13:56:36+00:00","og_image":[{"url":"https:\/\/www.trthaber.com\/dosyalar\/images\/aa_picture_20251029_39555135.jpg","type":"","width":"","height":""}],"author":"Kuzeyin Sesi","twitter_card":"summary_large_image","twitter_creator":"@kuzeyinsesii","twitter_site":"@kuzeyinsesii","twitter_misc":{"Yazan:":"Kuzeyin Sesi","Tahmini okuma s\u00fcresi":"1 dakika"},"schema":{"@context":"https:\/\/schema.org","@graph":[{"@type":"Article","@id":"https:\/\/kuzeyinsesi.org\/index.php\/2025\/10\/29\/cumhurbaskanligi-yat-yarislari-cumhuriyet-kupasi-etabinin-starti-istanbuldan-verildi\/#article","isPartOf":{"@id":"https:\/\/kuzeyinsesi.org\/index.php\/2025\/10\/29\/cumhurbaskanligi-yat-yarislari-cumhuriyet-kupasi-etabinin-starti-istanbuldan-verildi\/"},"author":{"name":"Kuzeyin Sesi","@id":"https:\/\/kuzeyinsesi.org\/#\/schema\/person\/9f859689cdf01485597712386e37f5aa"},"headline":"Cumhurba\u015fkanl\u0131\u011f\u0131 Yat Yar\u0131\u015flar\u0131 Cumhuriyet Kupas\u0131 etab\u0131n\u0131n start\u0131 \u0130stanbul&#039;dan verildi","datePublished":"2025-10-29T13:56:36+00:00","mainEntityOfPage":{"@id":"https:\/\/kuzeyinsesi.org\/index.php\/2025\/10\/29\/cumhurbaskanligi-yat-yarislari-cumhuriyet-kupasi-etabinin-starti-istanbuldan-verildi\/"},"wordCount":252,"commentCount":0,"image":{"@id":"https:\/\/kuzeyinsesi.org\/index.php\/2025\/10\/29\/cumhurbaskanligi-yat-yarislari-cumhuriyet-kupasi-etabinin-starti-istanbuldan-verildi\/#primaryimage"},"thumbnailUrl":"https:\/\/kuzeyinsesi.org\/wp-content\/uploads\/2025\/10\/yat-yarislariaa-2412445.jpg","articleSection":["Spor"],"inLanguage":"tr","potentialAction":[{"@type":"CommentAction","name":"Comment","target":["https:\/\/kuzeyinsesi.org\/index.php\/2025\/10\/29\/cumhurbaskanligi-yat-yarislari-cumhuriyet-kupasi-etabinin-starti-istanbuldan-verildi\/#respond"]}]},{"@type":"WebPage","@id":"https:\/\/kuzeyinsesi.org\/index.php\/2025\/10\/29\/cumhurbaskanligi-yat-yarislari-cumhuriyet-kupasi-etabinin-starti-istanbuldan-verildi\/","url":"https:\/\/kuzeyinsesi.org\/index.php\/2025\/10\/29\/cumhurbaskanligi-yat-yarislari-cumhuriyet-kupasi-etabinin-starti-istanbuldan-verildi\/","name":"Cumhurba\u015fkanl\u0131\u011f\u0131 Yat Yar\u0131\u015flar\u0131 Cumhuriyet Kupas\u0131 etab\u0131n\u0131n start\u0131 \u0130stanbul&#039;dan verildi - Kuzeyin Sesi","isPartOf":{"@id":"https:\/\/kuzeyinsesi.org\/#website"},"primaryImageOfPage":{"@id":"https:\/\/kuzeyinsesi.org\/index.php\/2025\/10\/29\/cumhurbaskanligi-yat-yarislari-cumhuriyet-kupasi-etabinin-starti-istanbuldan-verildi\/#primaryimage"},"image":{"@id":"https:\/\/kuzeyinsesi.org\/index.php\/2025\/10\/29\/cumhurbaskanligi-yat-yarislari-cumhuriyet-kupasi-etabinin-starti-istanbuldan-verildi\/#primaryimage"},"thumbnailUrl":"https:\/\/kuzeyinsesi.org\/wp-content\/uploads\/2025\/10\/yat-yarislariaa-2412445.jpg","datePublished":"2025-10-29T13:56:36+00:00","author":{"@id":"https:\/\/kuzeyinsesi.org\/#\/schema\/person\/9f859689cdf01485597712386e37f5aa"},"breadcrumb":{"@id":"https:\/\/kuzeyinsesi.org\/index.php\/2025\/10\/29\/cumhurbaskanligi-yat-yarislari-cumhuriyet-kupasi-etabinin-starti-istanbuldan-verildi\/#breadcrumb"},"inLanguage":"tr","potentialAction":[{"@type":"ReadAction","target":["https:\/\/kuzeyinsesi.org\/index.php\/2025\/10\/29\/cumhurbaskanligi-yat-yarislari-cumhuriyet-kupasi-etabinin-starti-istanbuldan-verildi\/"]}]},{"@type":"ImageObject","inLanguage":"tr","@id":"https:\/\/kuzeyinsesi.org\/index.php\/2025\/10\/29\/cumhurbaskanligi-yat-yarislari-cumhuriyet-kupasi-etabinin-starti-istanbuldan-verildi\/#primaryimage","url":"https:\/\/kuzeyinsesi.org\/wp-content\/uploads\/2025\/10\/yat-yarislariaa-2412445.jpg","contentUrl":"https:\/\/kuzeyinsesi.org\/wp-content\/uploads\/2025\/10\/yat-yarislariaa-2412445.jpg","width":1280,"height":720},{"@type":"BreadcrumbList","@id":"https:\/\/kuzeyinsesi.org\/index.php\/2025\/10\/29\/cumhurbaskanligi-yat-yarislari-cumhuriyet-kupasi-etabinin-starti-istanbuldan-verildi\/#breadcrumb","itemListElement":[{"@type":"ListItem","position":1,"name":"Anasayfa","item":"https:\/\/kuzeyinsesi.org\/"},{"@type":"ListItem","position":2,"name":"Cumhurba\u015fkanl\u0131\u011f\u0131 Yat Yar\u0131\u015flar\u0131 Cumhuriyet Kupas\u0131 etab\u0131n\u0131n start\u0131 \u0130stanbul&#039;dan verildi"}]},{"@type":"WebSite","@id":"https:\/\/kuzeyinsesi.org\/#website","url":"https:\/\/kuzeyinsesi.org\/","name":"Kuzeyin Sesi","description":"Do\u011fru Haberin Adresi","potentialAction":[{"@type":"SearchAction","target":{"@type":"EntryPoint","urlTemplate":"https:\/\/kuzeyinsesi.org\/?s={search_term_string}"},"query-input":{"@type":"PropertyValueSpecification","valueRequired":true,"valueName":"search_term_string"}}],"inLanguage":"tr"},{"@type":"Person","@id":"https:\/\/kuzeyinsesi.org\/#\/schema\/person\/9f859689cdf01485597712386e37f5aa","name":"Kuzeyin Sesi","image":{"@type":"ImageObject","inLanguage":"tr","@id":"https:\/\/secure.gravatar.com\/avatar\/bab33852abfd8b282518d6ed81826833d77c3c882d9ab608add591ccace47a44?s=96&d=mm&r=g","url":"https:\/\/secure.gravatar.com\/avatar\/bab33852abfd8b282518d6ed81826833d77c3c882d9ab608add591ccace47a44?s=96&d=mm&r=g","contentUrl":"https:\/\/secure.gravatar.com\/avatar\/bab33852abfd8b282518d6ed81826833d77c3c882d9ab608add591ccace47a44?s=96&d=mm&r=g","caption":"Kuzeyin Sesi"},"sameAs":["https:\/\/kuzeyinsesi.org"],"url":"https:\/\/kuzeyinsesi.org\/index.php\/author\/guven\/"}]}},"_links":{"self":[{"href":"https:\/\/kuzeyinsesi.org\/index.php\/wp-json\/wp\/v2\/posts\/34416","targetHints":{"allow":["GET"]}}],"collection":[{"href":"https:\/\/kuzeyinsesi.org\/index.php\/wp-json\/wp\/v2\/posts"}],"about":[{"href":"https:\/\/kuzeyinsesi.org\/index.php\/wp-json\/wp\/v2\/types\/post"}],"author":[{"embeddable":true,"href":"https:\/\/kuzeyinsesi.org\/index.php\/wp-json\/wp\/v2\/users\/1"}],"replies":[{"embeddable":true,"href":"https:\/\/kuzeyinsesi.org\/index.php\/wp-json\/wp\/v2\/comments?post=34416"}],"version-history":[{"count":0,"href":"https:\/\/kuzeyinsesi.org\/index.php\/wp-json\/wp\/v2\/posts\/34416\/revisions"}],"wp:featuredmedia":[{"embeddable":true,"href":"https:\/\/kuzeyinsesi.org\/index.php\/wp-json\/wp\/v2\/media\/34417"}],"wp:attachment":[{"href":"https:\/\/kuzeyinsesi.org\/index.php\/wp-json\/wp\/v2\/media?parent=34416"}],"wp:term":[{"taxonomy":"category","embeddable":true,"href":"https:\/\/kuzeyinsesi.org\/index.php\/wp-json\/wp\/v2\/categories?post=34416"},{"taxonomy":"post_tag","embeddable":true,"href":"https:\/\/kuzeyinsesi.org\/index.php\/wp-json\/wp\/v2\/tags?post=34416"}],"curies":[{"name":"wp","href":"https:\/\/api.w.org\/{rel}","templated":true}]}}