{"id":3431,"date":"2024-05-26T13:37:25","date_gmt":"2024-05-26T10:37:25","guid":{"rendered":"https:\/\/kuzeyinsesi.com\/index.php\/2024\/05\/26\/rus-sanatcilardan-bellapaiste-sergi\/"},"modified":"2024-05-26T13:37:25","modified_gmt":"2024-05-26T10:37:25","slug":"rus-sanatcilardan-bellapaiste-sergi","status":"publish","type":"post","link":"https:\/\/kuzeyinsesi.org\/index.php\/2024\/05\/26\/rus-sanatcilardan-bellapaiste-sergi\/","title":{"rendered":"Rus sanat\u00e7\u0131lardan Bellapais\u2019te sergi"},"content":{"rendered":"<div>\n<div class=\"mariselle-image-container center\">\n                                            <\/div>\n<p>Rus ressamlar Svetlana Karepina ve Olena Vakuliuk, Bellapais Manast\u0131r\u0131\u2019nda resim sergisi a\u00e7\u0131yor. <\/p>\n<p>Ortak serginin a\u00e7\u0131l\u0131\u015f\u0131 3 Haziran Pazartesi g\u00fcn\u00fc saat 19.30\u2019da yap\u0131lacak. \u201cGe\u00e7mi\u015fin g\u00fcn\u00fcm\u00fczle bulu\u015ftu\u011fu yer\u201d isimli serginin k\u00fcrat\u00f6rl\u00fc\u011f\u00fcn\u00fc, Asst. Prof. Dr. Pervin Kurceren yapacak.<\/p>\n<p>Verilen bilgiye g\u00f6re, \u201cK\u0131br\u0131s\u2019\u0131n tarihi ve k\u00fclt\u00fcrel ge\u00e7mi\u015fi ile g\u00fcn\u00fcm\u00fcz\u00fc bulu\u015fturan\u201d eserlerin yer alaca\u011f\u0131 sergide iki sanat\u00e7\u0131n\u0131n otuz eseri sanat severlerin be\u011fenisine sunulacak.<\/p>\n<\/p><\/div>\n<p><script async\n                    defer\n                    crossorigin=\"anonymous\"\n                    src=\"https:\/\/connect.facebook.net\/tr_TR\/sdk.js#xfbml=1&#038;version=v3.3\"\n            ><\/script><\/p>\n","protected":false},"excerpt":{"rendered":"<p>Rus ressamlar Svetlana Karepina ve Olena Vakuliuk, Bellapais Manast\u0131r\u0131\u2019nda resim sergisi a\u00e7\u0131yor. Ortak serginin a\u00e7\u0131l\u0131\u015f\u0131 3 Haziran Pazartesi g\u00fcn\u00fc saat 19.30\u2019da yap\u0131lacak. \u201cGe\u00e7mi\u015fin g\u00fcn\u00fcm\u00fczle bulu\u015ftu\u011fu yer\u201d isimli serginin k\u00fcrat\u00f6rl\u00fc\u011f\u00fcn\u00fc, Asst. Prof. Dr. Pervin Kurceren yapacak. Verilen bilgiye g\u00f6re, \u201cK\u0131br\u0131s\u2019\u0131n tarihi ve k\u00fclt\u00fcrel ge\u00e7mi\u015fi ile g\u00fcn\u00fcm\u00fcz\u00fc bulu\u015fturan\u201d eserlerin yer alaca\u011f\u0131 sergide iki sanat\u00e7\u0131n\u0131n otuz eseri sanat [&hellip;]<\/p>\n","protected":false},"author":1,"featured_media":3432,"comment_status":"open","ping_status":"open","sticky":false,"template":"","format":"standard","meta":{"jnews-multi-image_gallery":[],"jnews_single_post":[],"jnews_primary_category":[],"jnews_social_meta":[],"jnews_override_counter":[],"footnotes":""},"categories":[6],"tags":[],"class_list":["post-3431","post","type-post","status-publish","format-standard","has-post-thumbnail","hentry","category-yasam"],"yoast_head":"<!-- This site is optimized with the Yoast SEO plugin v27.5 - https:\/\/yoast.com\/product\/yoast-seo-wordpress\/ -->\n<title>Rus sanat\u00e7\u0131lardan Bellapais\u2019te sergi - Kuzeyin Sesi<\/title>\n<meta name=\"robots\" content=\"index, follow, max-snippet:-1, max-image-preview:large, max-video-preview:-1\" \/>\n<link rel=\"canonical\" href=\"https:\/\/kuzeyinsesi.org\/index.php\/2024\/05\/26\/rus-sanatcilardan-bellapaiste-sergi\/\" \/>\n<meta property=\"og:locale\" content=\"tr_TR\" \/>\n<meta property=\"og:type\" content=\"article\" \/>\n<meta property=\"og:title\" content=\"Rus sanat\u00e7\u0131lardan Bellapais\u2019te sergi - Kuzeyin Sesi\" \/>\n<meta property=\"og:description\" content=\"Rus ressamlar Svetlana Karepina ve Olena Vakuliuk, Bellapais Manast\u0131r\u0131\u2019nda resim sergisi a\u00e7\u0131yor. Ortak serginin a\u00e7\u0131l\u0131\u015f\u0131 3 Haziran Pazartesi g\u00fcn\u00fc saat 19.30\u2019da yap\u0131lacak. \u201cGe\u00e7mi\u015fin g\u00fcn\u00fcm\u00fczle bulu\u015ftu\u011fu yer\u201d isimli serginin k\u00fcrat\u00f6rl\u00fc\u011f\u00fcn\u00fc, Asst. Prof. Dr. Pervin Kurceren yapacak. Verilen bilgiye g\u00f6re, \u201cK\u0131br\u0131s\u2019\u0131n tarihi ve k\u00fclt\u00fcrel ge\u00e7mi\u015fi ile g\u00fcn\u00fcm\u00fcz\u00fc bulu\u015fturan\u201d eserlerin yer alaca\u011f\u0131 sergide iki sanat\u00e7\u0131n\u0131n otuz eseri sanat [&hellip;]\" \/>\n<meta property=\"og:url\" content=\"https:\/\/kuzeyinsesi.org\/index.php\/2024\/05\/26\/rus-sanatcilardan-bellapaiste-sergi\/\" \/>\n<meta property=\"og:site_name\" content=\"Kuzeyin Sesi\" \/>\n<meta property=\"article:publisher\" content=\"https:\/\/www.facebook.com\/kuzeyinsesii\" \/>\n<meta property=\"article:published_time\" content=\"2024-05-26T10:37:25+00:00\" \/>\n<meta property=\"og:image\" content=\"https:\/\/kuzeyinsesi.org\/wp-content\/uploads\/2024\/05\/rus-ressamlarin-sergisi.jpg\" \/>\n\t<meta property=\"og:image:width\" content=\"960\" \/>\n\t<meta property=\"og:image:height\" content=\"1280\" \/>\n\t<meta property=\"og:image:type\" content=\"image\/jpeg\" \/>\n<meta name=\"author\" content=\"Kuzeyin Sesi\" \/>\n<meta name=\"twitter:card\" content=\"summary_large_image\" \/>\n<meta name=\"twitter:creator\" content=\"@kuzeyinsesii\" \/>\n<meta name=\"twitter:site\" content=\"@kuzeyinsesii\" \/>\n<meta name=\"twitter:label1\" content=\"Yazan:\" \/>\n\t<meta name=\"twitter:data1\" content=\"Kuzeyin Sesi\" \/>\n<script type=\"application\/ld+json\" class=\"yoast-schema-graph\">{\"@context\":\"https:\\\/\\\/schema.org\",\"@graph\":[{\"@type\":\"Article\",\"@id\":\"https:\\\/\\\/kuzeyinsesi.org\\\/index.php\\\/2024\\\/05\\\/26\\\/rus-sanatcilardan-bellapaiste-sergi\\\/#article\",\"isPartOf\":{\"@id\":\"https:\\\/\\\/kuzeyinsesi.org\\\/index.php\\\/2024\\\/05\\\/26\\\/rus-sanatcilardan-bellapaiste-sergi\\\/\"},\"author\":{\"name\":\"Kuzeyin Sesi\",\"@id\":\"https:\\\/\\\/kuzeyinsesi.org\\\/#\\\/schema\\\/person\\\/9f859689cdf01485597712386e37f5aa\"},\"headline\":\"Rus sanat\u00e7\u0131lardan Bellapais\u2019te sergi\",\"datePublished\":\"2024-05-26T10:37:25+00:00\",\"mainEntityOfPage\":{\"@id\":\"https:\\\/\\\/kuzeyinsesi.org\\\/index.php\\\/2024\\\/05\\\/26\\\/rus-sanatcilardan-bellapaiste-sergi\\\/\"},\"wordCount\":94,\"commentCount\":0,\"image\":{\"@id\":\"https:\\\/\\\/kuzeyinsesi.org\\\/index.php\\\/2024\\\/05\\\/26\\\/rus-sanatcilardan-bellapaiste-sergi\\\/#primaryimage\"},\"thumbnailUrl\":\"https:\\\/\\\/kuzeyinsesi.org\\\/wp-content\\\/uploads\\\/2024\\\/05\\\/rus-ressamlarin-sergisi.jpg\",\"articleSection\":[\"Ya\u015fam\"],\"inLanguage\":\"tr\",\"potentialAction\":[{\"@type\":\"CommentAction\",\"name\":\"Comment\",\"target\":[\"https:\\\/\\\/kuzeyinsesi.org\\\/index.php\\\/2024\\\/05\\\/26\\\/rus-sanatcilardan-bellapaiste-sergi\\\/#respond\"]}]},{\"@type\":\"WebPage\",\"@id\":\"https:\\\/\\\/kuzeyinsesi.org\\\/index.php\\\/2024\\\/05\\\/26\\\/rus-sanatcilardan-bellapaiste-sergi\\\/\",\"url\":\"https:\\\/\\\/kuzeyinsesi.org\\\/index.php\\\/2024\\\/05\\\/26\\\/rus-sanatcilardan-bellapaiste-sergi\\\/\",\"name\":\"Rus sanat\u00e7\u0131lardan Bellapais\u2019te sergi - Kuzeyin Sesi\",\"isPartOf\":{\"@id\":\"https:\\\/\\\/kuzeyinsesi.org\\\/#website\"},\"primaryImageOfPage\":{\"@id\":\"https:\\\/\\\/kuzeyinsesi.org\\\/index.php\\\/2024\\\/05\\\/26\\\/rus-sanatcilardan-bellapaiste-sergi\\\/#primaryimage\"},\"image\":{\"@id\":\"https:\\\/\\\/kuzeyinsesi.org\\\/index.php\\\/2024\\\/05\\\/26\\\/rus-sanatcilardan-bellapaiste-sergi\\\/#primaryimage\"},\"thumbnailUrl\":\"https:\\\/\\\/kuzeyinsesi.org\\\/wp-content\\\/uploads\\\/2024\\\/05\\\/rus-ressamlarin-sergisi.jpg\",\"datePublished\":\"2024-05-26T10:37:25+00:00\",\"author\":{\"@id\":\"https:\\\/\\\/kuzeyinsesi.org\\\/#\\\/schema\\\/person\\\/9f859689cdf01485597712386e37f5aa\"},\"breadcrumb\":{\"@id\":\"https:\\\/\\\/kuzeyinsesi.org\\\/index.php\\\/2024\\\/05\\\/26\\\/rus-sanatcilardan-bellapaiste-sergi\\\/#breadcrumb\"},\"inLanguage\":\"tr\",\"potentialAction\":[{\"@type\":\"ReadAction\",\"target\":[\"https:\\\/\\\/kuzeyinsesi.org\\\/index.php\\\/2024\\\/05\\\/26\\\/rus-sanatcilardan-bellapaiste-sergi\\\/\"]}]},{\"@type\":\"ImageObject\",\"inLanguage\":\"tr\",\"@id\":\"https:\\\/\\\/kuzeyinsesi.org\\\/index.php\\\/2024\\\/05\\\/26\\\/rus-sanatcilardan-bellapaiste-sergi\\\/#primaryimage\",\"url\":\"https:\\\/\\\/kuzeyinsesi.org\\\/wp-content\\\/uploads\\\/2024\\\/05\\\/rus-ressamlarin-sergisi.jpg\",\"contentUrl\":\"https:\\\/\\\/kuzeyinsesi.org\\\/wp-content\\\/uploads\\\/2024\\\/05\\\/rus-ressamlarin-sergisi.jpg\",\"width\":960,\"height\":1280},{\"@type\":\"BreadcrumbList\",\"@id\":\"https:\\\/\\\/kuzeyinsesi.org\\\/index.php\\\/2024\\\/05\\\/26\\\/rus-sanatcilardan-bellapaiste-sergi\\\/#breadcrumb\",\"itemListElement\":[{\"@type\":\"ListItem\",\"position\":1,\"name\":\"Anasayfa\",\"item\":\"https:\\\/\\\/kuzeyinsesi.org\\\/\"},{\"@type\":\"ListItem\",\"position\":2,\"name\":\"Rus sanat\u00e7\u0131lardan Bellapais\u2019te sergi\"}]},{\"@type\":\"WebSite\",\"@id\":\"https:\\\/\\\/kuzeyinsesi.org\\\/#website\",\"url\":\"https:\\\/\\\/kuzeyinsesi.org\\\/\",\"name\":\"Kuzeyin Sesi\",\"description\":\"Do\u011fru Haberin Adresi\",\"potentialAction\":[{\"@type\":\"SearchAction\",\"target\":{\"@type\":\"EntryPoint\",\"urlTemplate\":\"https:\\\/\\\/kuzeyinsesi.org\\\/?s={search_term_string}\"},\"query-input\":{\"@type\":\"PropertyValueSpecification\",\"valueRequired\":true,\"valueName\":\"search_term_string\"}}],\"inLanguage\":\"tr\"},{\"@type\":\"Person\",\"@id\":\"https:\\\/\\\/kuzeyinsesi.org\\\/#\\\/schema\\\/person\\\/9f859689cdf01485597712386e37f5aa\",\"name\":\"Kuzeyin Sesi\",\"image\":{\"@type\":\"ImageObject\",\"inLanguage\":\"tr\",\"@id\":\"https:\\\/\\\/secure.gravatar.com\\\/avatar\\\/bab33852abfd8b282518d6ed81826833d77c3c882d9ab608add591ccace47a44?s=96&d=mm&r=g\",\"url\":\"https:\\\/\\\/secure.gravatar.com\\\/avatar\\\/bab33852abfd8b282518d6ed81826833d77c3c882d9ab608add591ccace47a44?s=96&d=mm&r=g\",\"contentUrl\":\"https:\\\/\\\/secure.gravatar.com\\\/avatar\\\/bab33852abfd8b282518d6ed81826833d77c3c882d9ab608add591ccace47a44?s=96&d=mm&r=g\",\"caption\":\"Kuzeyin Sesi\"},\"sameAs\":[\"https:\\\/\\\/kuzeyinsesi.org\"],\"url\":\"https:\\\/\\\/kuzeyinsesi.org\\\/index.php\\\/author\\\/guven\\\/\"}]}<\/script>\n<!-- \/ Yoast SEO plugin. -->","yoast_head_json":{"title":"Rus sanat\u00e7\u0131lardan Bellapais\u2019te sergi - Kuzeyin Sesi","robots":{"index":"index","follow":"follow","max-snippet":"max-snippet:-1","max-image-preview":"max-image-preview:large","max-video-preview":"max-video-preview:-1"},"canonical":"https:\/\/kuzeyinsesi.org\/index.php\/2024\/05\/26\/rus-sanatcilardan-bellapaiste-sergi\/","og_locale":"tr_TR","og_type":"article","og_title":"Rus sanat\u00e7\u0131lardan Bellapais\u2019te sergi - Kuzeyin Sesi","og_description":"Rus ressamlar Svetlana Karepina ve Olena Vakuliuk, Bellapais Manast\u0131r\u0131\u2019nda resim sergisi a\u00e7\u0131yor. Ortak serginin a\u00e7\u0131l\u0131\u015f\u0131 3 Haziran Pazartesi g\u00fcn\u00fc saat 19.30\u2019da yap\u0131lacak. \u201cGe\u00e7mi\u015fin g\u00fcn\u00fcm\u00fczle bulu\u015ftu\u011fu yer\u201d isimli serginin k\u00fcrat\u00f6rl\u00fc\u011f\u00fcn\u00fc, Asst. Prof. Dr. Pervin Kurceren yapacak. Verilen bilgiye g\u00f6re, \u201cK\u0131br\u0131s\u2019\u0131n tarihi ve k\u00fclt\u00fcrel ge\u00e7mi\u015fi ile g\u00fcn\u00fcm\u00fcz\u00fc bulu\u015fturan\u201d eserlerin yer alaca\u011f\u0131 sergide iki sanat\u00e7\u0131n\u0131n otuz eseri sanat [&hellip;]","og_url":"https:\/\/kuzeyinsesi.org\/index.php\/2024\/05\/26\/rus-sanatcilardan-bellapaiste-sergi\/","og_site_name":"Kuzeyin Sesi","article_publisher":"https:\/\/www.facebook.com\/kuzeyinsesii","article_published_time":"2024-05-26T10:37:25+00:00","og_image":[{"width":960,"height":1280,"url":"https:\/\/kuzeyinsesi.org\/wp-content\/uploads\/2024\/05\/rus-ressamlarin-sergisi.jpg","type":"image\/jpeg"}],"author":"Kuzeyin Sesi","twitter_card":"summary_large_image","twitter_creator":"@kuzeyinsesii","twitter_site":"@kuzeyinsesii","twitter_misc":{"Yazan:":"Kuzeyin Sesi"},"schema":{"@context":"https:\/\/schema.org","@graph":[{"@type":"Article","@id":"https:\/\/kuzeyinsesi.org\/index.php\/2024\/05\/26\/rus-sanatcilardan-bellapaiste-sergi\/#article","isPartOf":{"@id":"https:\/\/kuzeyinsesi.org\/index.php\/2024\/05\/26\/rus-sanatcilardan-bellapaiste-sergi\/"},"author":{"name":"Kuzeyin Sesi","@id":"https:\/\/kuzeyinsesi.org\/#\/schema\/person\/9f859689cdf01485597712386e37f5aa"},"headline":"Rus sanat\u00e7\u0131lardan Bellapais\u2019te sergi","datePublished":"2024-05-26T10:37:25+00:00","mainEntityOfPage":{"@id":"https:\/\/kuzeyinsesi.org\/index.php\/2024\/05\/26\/rus-sanatcilardan-bellapaiste-sergi\/"},"wordCount":94,"commentCount":0,"image":{"@id":"https:\/\/kuzeyinsesi.org\/index.php\/2024\/05\/26\/rus-sanatcilardan-bellapaiste-sergi\/#primaryimage"},"thumbnailUrl":"https:\/\/kuzeyinsesi.org\/wp-content\/uploads\/2024\/05\/rus-ressamlarin-sergisi.jpg","articleSection":["Ya\u015fam"],"inLanguage":"tr","potentialAction":[{"@type":"CommentAction","name":"Comment","target":["https:\/\/kuzeyinsesi.org\/index.php\/2024\/05\/26\/rus-sanatcilardan-bellapaiste-sergi\/#respond"]}]},{"@type":"WebPage","@id":"https:\/\/kuzeyinsesi.org\/index.php\/2024\/05\/26\/rus-sanatcilardan-bellapaiste-sergi\/","url":"https:\/\/kuzeyinsesi.org\/index.php\/2024\/05\/26\/rus-sanatcilardan-bellapaiste-sergi\/","name":"Rus sanat\u00e7\u0131lardan Bellapais\u2019te sergi - Kuzeyin Sesi","isPartOf":{"@id":"https:\/\/kuzeyinsesi.org\/#website"},"primaryImageOfPage":{"@id":"https:\/\/kuzeyinsesi.org\/index.php\/2024\/05\/26\/rus-sanatcilardan-bellapaiste-sergi\/#primaryimage"},"image":{"@id":"https:\/\/kuzeyinsesi.org\/index.php\/2024\/05\/26\/rus-sanatcilardan-bellapaiste-sergi\/#primaryimage"},"thumbnailUrl":"https:\/\/kuzeyinsesi.org\/wp-content\/uploads\/2024\/05\/rus-ressamlarin-sergisi.jpg","datePublished":"2024-05-26T10:37:25+00:00","author":{"@id":"https:\/\/kuzeyinsesi.org\/#\/schema\/person\/9f859689cdf01485597712386e37f5aa"},"breadcrumb":{"@id":"https:\/\/kuzeyinsesi.org\/index.php\/2024\/05\/26\/rus-sanatcilardan-bellapaiste-sergi\/#breadcrumb"},"inLanguage":"tr","potentialAction":[{"@type":"ReadAction","target":["https:\/\/kuzeyinsesi.org\/index.php\/2024\/05\/26\/rus-sanatcilardan-bellapaiste-sergi\/"]}]},{"@type":"ImageObject","inLanguage":"tr","@id":"https:\/\/kuzeyinsesi.org\/index.php\/2024\/05\/26\/rus-sanatcilardan-bellapaiste-sergi\/#primaryimage","url":"https:\/\/kuzeyinsesi.org\/wp-content\/uploads\/2024\/05\/rus-ressamlarin-sergisi.jpg","contentUrl":"https:\/\/kuzeyinsesi.org\/wp-content\/uploads\/2024\/05\/rus-ressamlarin-sergisi.jpg","width":960,"height":1280},{"@type":"BreadcrumbList","@id":"https:\/\/kuzeyinsesi.org\/index.php\/2024\/05\/26\/rus-sanatcilardan-bellapaiste-sergi\/#breadcrumb","itemListElement":[{"@type":"ListItem","position":1,"name":"Anasayfa","item":"https:\/\/kuzeyinsesi.org\/"},{"@type":"ListItem","position":2,"name":"Rus sanat\u00e7\u0131lardan Bellapais\u2019te sergi"}]},{"@type":"WebSite","@id":"https:\/\/kuzeyinsesi.org\/#website","url":"https:\/\/kuzeyinsesi.org\/","name":"Kuzeyin Sesi","description":"Do\u011fru Haberin Adresi","potentialAction":[{"@type":"SearchAction","target":{"@type":"EntryPoint","urlTemplate":"https:\/\/kuzeyinsesi.org\/?s={search_term_string}"},"query-input":{"@type":"PropertyValueSpecification","valueRequired":true,"valueName":"search_term_string"}}],"inLanguage":"tr"},{"@type":"Person","@id":"https:\/\/kuzeyinsesi.org\/#\/schema\/person\/9f859689cdf01485597712386e37f5aa","name":"Kuzeyin Sesi","image":{"@type":"ImageObject","inLanguage":"tr","@id":"https:\/\/secure.gravatar.com\/avatar\/bab33852abfd8b282518d6ed81826833d77c3c882d9ab608add591ccace47a44?s=96&d=mm&r=g","url":"https:\/\/secure.gravatar.com\/avatar\/bab33852abfd8b282518d6ed81826833d77c3c882d9ab608add591ccace47a44?s=96&d=mm&r=g","contentUrl":"https:\/\/secure.gravatar.com\/avatar\/bab33852abfd8b282518d6ed81826833d77c3c882d9ab608add591ccace47a44?s=96&d=mm&r=g","caption":"Kuzeyin Sesi"},"sameAs":["https:\/\/kuzeyinsesi.org"],"url":"https:\/\/kuzeyinsesi.org\/index.php\/author\/guven\/"}]}},"_links":{"self":[{"href":"https:\/\/kuzeyinsesi.org\/index.php\/wp-json\/wp\/v2\/posts\/3431","targetHints":{"allow":["GET"]}}],"collection":[{"href":"https:\/\/kuzeyinsesi.org\/index.php\/wp-json\/wp\/v2\/posts"}],"about":[{"href":"https:\/\/kuzeyinsesi.org\/index.php\/wp-json\/wp\/v2\/types\/post"}],"author":[{"embeddable":true,"href":"https:\/\/kuzeyinsesi.org\/index.php\/wp-json\/wp\/v2\/users\/1"}],"replies":[{"embeddable":true,"href":"https:\/\/kuzeyinsesi.org\/index.php\/wp-json\/wp\/v2\/comments?post=3431"}],"version-history":[{"count":0,"href":"https:\/\/kuzeyinsesi.org\/index.php\/wp-json\/wp\/v2\/posts\/3431\/revisions"}],"wp:featuredmedia":[{"embeddable":true,"href":"https:\/\/kuzeyinsesi.org\/index.php\/wp-json\/wp\/v2\/media\/3432"}],"wp:attachment":[{"href":"https:\/\/kuzeyinsesi.org\/index.php\/wp-json\/wp\/v2\/media?parent=3431"}],"wp:term":[{"taxonomy":"category","embeddable":true,"href":"https:\/\/kuzeyinsesi.org\/index.php\/wp-json\/wp\/v2\/categories?post=3431"},{"taxonomy":"post_tag","embeddable":true,"href":"https:\/\/kuzeyinsesi.org\/index.php\/wp-json\/wp\/v2\/tags?post=3431"}],"curies":[{"name":"wp","href":"https:\/\/api.w.org\/{rel}","templated":true}]}}