{"id":3415,"date":"2024-05-26T08:30:56","date_gmt":"2024-05-26T05:30:56","guid":{"rendered":"https:\/\/kuzeyinsesi.com\/index.php\/2024\/05\/26\/cannes-film-festivalinde-oduller-sahiplerini-buldu\/"},"modified":"2024-05-26T08:30:56","modified_gmt":"2024-05-26T05:30:56","slug":"cannes-film-festivalinde-oduller-sahiplerini-buldu","status":"publish","type":"post","link":"https:\/\/kuzeyinsesi.org\/index.php\/2024\/05\/26\/cannes-film-festivalinde-oduller-sahiplerini-buldu\/","title":{"rendered":"Cannes Film Festivali\u2019nde \u00f6d\u00fcller sahiplerini buldu"},"content":{"rendered":"<div>\n<div class=\"mariselle-image-container center\">\n                                            <\/div>\n<p>Fransa\u2019a bu y\u0131l 77\u2019ncisi d\u00fczenlenen ve 22 filmin yar\u0131\u015ft\u0131\u011f\u0131 Cannes Film Festivali\u2019nde Alt\u0131n Palmiye \u00f6d\u00fcl\u00fc sahibini buldu. Cannes Film Festivali\u2019nde Alt\u0131n Palmiye \u00f6d\u00fcl\u00fc Sean Baker\u2019\u0131n \u201cAnora\u201d filmine verildi.<\/p>\n<p>Fransa\u2019n\u0131n Cannes kentinde 14 May\u0131s\u2019ta ba\u015flayan festivalin \u00f6d\u00fcl t\u00f6reni, Cannes Festival Saray\u0131\u2019nda yap\u0131ld\u0131.<\/p>\n<p>Alt\u0131n Palmiye \u00f6d\u00fcl\u00fc, Amerikal\u0131 y\u00f6netmen Sean Baker\u2019\u0131n \u201cAnora\u201d drama filmine verildi.<\/p>\n<p><strong>J\u00fcri \u00d6zel \u00d6d\u00fcl\u00fc\u2019n\u00fcn sahibi \u201cEmilia Perez\u201d filminin oldu<\/strong><br \/>Frans\u0131z y\u00f6netmen Coralie Fargeat\u2019n\u0131n \u201cThe Substance\u201d filmi, \u201cEn \u0130yi Senaryo\u201d \u00f6d\u00fcl\u00fcne lay\u0131k g\u00f6r\u00fcld\u00fc.<\/p>\n<p>J\u00fcri \u00d6zel \u00d6d\u00fcl\u00fc\u2019n\u00fcn sahibi, Frans\u0131z senarist ve y\u00f6netmen Jacques Audiard\u2019\u0131n \u201cEmilia Perez\u201d filmi oldu.<\/p>\n<p>\u0130ranl\u0131 y\u00f6netmen Mohammad Rasoulof\u2019un \u201cThe Seed of the Sacred Fig\u201d filmine \u201c\u00d6zel \u00d6d\u00fcl\u201d verildi.<\/p>\n<p>B\u00fcy\u00fck \u00d6d\u00fcl\u2019e Payal Kapadia\u2019n\u0131n \u201cAll We Imagine as Light\u201d isimli filmi lay\u0131k g\u00f6r\u00fcl\u00fcrken, en iyi y\u00f6netmen \u00f6d\u00fcl\u00fc \u201cGrand Tour\u201d filmi ile Portekizli y\u00f6netmen Miguel Gomes\u2019e sunuldu.<\/p>\n<p>Festivalde, en iyi kad\u0131n oyuncu \u00f6d\u00fcl\u00fc \u201cEmilia Perez\u201d filmindeki performanslar\u0131yla Adriana Paz, Zoe Saldana, Karla Sofia Gascon ve Selena Gomez\u2019e verilirken, en iyi erkek oyuncu \u00f6d\u00fcl\u00fcn\u00fcn sahibi \u201cKinds of Kindness\u201d filmindeki rol\u00fcyle Jesse Plemons oldu.<\/p>\n<p>Alt\u0131n Kamera \u00f6d\u00fcl\u00fc de \u201cArmand\u201d filmiyle Norve\u00e7li y\u00f6netmen Halfdan Ullman Tondel\u2019e verildi.<\/p>\n<p><strong>Festivalde Filistin\u2019e destek mesajlar\u0131 verildi<\/strong><br \/>Festivalde ba\u015flad\u0131\u011f\u0131 14 May\u0131s\u2019tan bu yana \u0130srail sald\u0131r\u0131lar\u0131n\u0131n s\u00fcrd\u00fc\u011f\u00fc ve binlerce sivilin hayat\u0131n\u0131 kaybetti\u011fi Gazze de unutulmad\u0131. \u00dcnl\u00fc isimler festival boyunca, kulland\u0131klar\u0131 aksesuarlar ya da k\u0131yafetleri ile Filistin\u2019e destek mesaj\u0131 verdi.<\/p>\n<p>\u0130talyan oyuncu Jasmine Trinca, Filistinlilere destek amac\u0131yla Filistin bayra\u011f\u0131 desenli bro\u015f takm\u0131\u015ft\u0131.<\/p>\n<p>Cezayir as\u0131ll\u0131 Frans\u0131z oyuncu Leila Bekhti\u2019nin Filistinlilere destek amac\u0131yla karpuz motifli bro\u015f takmas\u0131 sosyal medyada b\u00fcy\u00fck be\u011feni alm\u0131\u015ft\u0131.<\/p>\n<p><strong>\u0130srail\u2019in Gazze\u2019deki katliam\u0131<\/strong><br \/>\u0130srail ordusu, 7 May\u0131s\u2019ta Refah\u2019\u0131n do\u011fusuna kara sald\u0131r\u0131s\u0131 ba\u015flatm\u0131\u015f M\u0131s\u0131r\u2019a a\u00e7\u0131lan s\u0131n\u0131r kap\u0131s\u0131 Refah\u2019\u0131n Filistin taraf\u0131nda kontrol\u00fc ele ge\u00e7irmi\u015fti.<\/p>\n<p>\u0130srail ordusunun i\u015fgal etti\u011fi b\u00f6lge Gazze\u2019ye insani yard\u0131mlar\u0131n giri\u015finde ana ge\u00e7i\u015f noktas\u0131 olan ve Gazze \u015eeridi\u2019ndeki Filistinlilerin yurt d\u0131\u015f\u0131na \u00e7\u0131kmak i\u00e7in kulland\u0131klar\u0131 tek ge\u00e7i\u015f noktas\u0131 M\u0131s\u0131r s\u0131n\u0131r\u0131ndaki Refah S\u0131n\u0131r Kap\u0131s\u0131\u2019n\u0131 da i\u00e7eriyor.<\/p>\n<p>\u0130srail\u2019in 7 Ekim\u2019den bu yana Gazze \u015eeridi\u2019ne d\u00fczenledi\u011fi sald\u0131r\u0131larda en az 15 bin 103\u2019\u00fc \u00e7ocuk, 9 bin 849\u2019u kad\u0131n olmak \u00fczere 35 bin 903 Filistinli \u00f6ld\u00fcr\u00fcld\u00fc, 80 bin 420 ki\u015fi yaraland\u0131.<\/p>\n<p>Enkaz alt\u0131nda hala binlerce \u00f6l\u00fc oldu\u011fu bildirilirken, halk\u0131n s\u0131\u011f\u0131nd\u0131\u011f\u0131 hastane ve e\u011fitim kurumlar\u0131 hedef al\u0131narak sivil altyap\u0131 da tahrip ediliyor.<\/p>\n<p>Gazze\u2019deki Sa\u011fl\u0131k Bakanl\u0131\u011f\u0131 S\u00f6zc\u00fcs\u00fc E\u015fref el-Kudra, Gazze\u2019de 20 binden fazla kanser, kalp hastas\u0131 ile yaral\u0131n\u0131n s\u0131n\u0131r kap\u0131s\u0131n\u0131n a\u00e7\u0131lmas\u0131n\u0131 bekledi\u011fini a\u00e7\u0131klad\u0131.<\/p>\n<p>S\u00f6zc\u00fc, \u201c\u0130srail\u2019in 7 Ekim\u2019den bu yana d\u00fczenledi\u011fi sald\u0131r\u0131larda 493\u2019ten fazla sa\u011fl\u0131k personelinin \u00f6ld\u00fcr\u00fcld\u00fc\u011f\u00fcn\u00fc, 310\u2019dan fazlas\u0131n\u0131n al\u0131konuldu\u011funu\u201d kaydetti.<\/p>\n<\/p><\/div>\n<p><script async\n                    defer\n                    crossorigin=\"anonymous\"\n                    src=\"https:\/\/connect.facebook.net\/tr_TR\/sdk.js#xfbml=1&#038;version=v3.3\"\n            ><\/script><\/p>\n","protected":false},"excerpt":{"rendered":"<p>Fransa\u2019a bu y\u0131l 77\u2019ncisi d\u00fczenlenen ve 22 filmin yar\u0131\u015ft\u0131\u011f\u0131 Cannes Film Festivali\u2019nde Alt\u0131n Palmiye \u00f6d\u00fcl\u00fc sahibini buldu. Cannes Film Festivali\u2019nde Alt\u0131n Palmiye \u00f6d\u00fcl\u00fc Sean Baker\u2019\u0131n \u201cAnora\u201d filmine verildi. Fransa\u2019n\u0131n Cannes kentinde 14 May\u0131s\u2019ta ba\u015flayan festivalin \u00f6d\u00fcl t\u00f6reni, Cannes Festival Saray\u0131\u2019nda yap\u0131ld\u0131. Alt\u0131n Palmiye \u00f6d\u00fcl\u00fc, Amerikal\u0131 y\u00f6netmen Sean Baker\u2019\u0131n \u201cAnora\u201d drama filmine verildi. J\u00fcri \u00d6zel \u00d6d\u00fcl\u00fc\u2019n\u00fcn [&hellip;]<\/p>\n","protected":false},"author":1,"featured_media":3416,"comment_status":"open","ping_status":"open","sticky":false,"template":"","format":"standard","meta":{"jnews-multi-image_gallery":[],"jnews_single_post":[],"jnews_primary_category":[],"jnews_social_meta":[],"jnews_override_counter":[],"footnotes":""},"categories":[6],"tags":[],"class_list":["post-3415","post","type-post","status-publish","format-standard","has-post-thumbnail","hentry","category-yasam"],"yoast_head":"<!-- This site is optimized with the Yoast SEO plugin v27.5 - https:\/\/yoast.com\/product\/yoast-seo-wordpress\/ -->\n<title>Cannes Film Festivali\u2019nde \u00f6d\u00fcller sahiplerini buldu - Kuzeyin Sesi<\/title>\n<meta name=\"robots\" content=\"index, follow, max-snippet:-1, max-image-preview:large, max-video-preview:-1\" \/>\n<link rel=\"canonical\" href=\"https:\/\/kuzeyinsesi.org\/index.php\/2024\/05\/26\/cannes-film-festivalinde-oduller-sahiplerini-buldu\/\" \/>\n<meta property=\"og:locale\" content=\"tr_TR\" \/>\n<meta property=\"og:type\" content=\"article\" \/>\n<meta property=\"og:title\" content=\"Cannes Film Festivali\u2019nde \u00f6d\u00fcller sahiplerini buldu - Kuzeyin Sesi\" \/>\n<meta property=\"og:description\" content=\"Fransa\u2019a bu y\u0131l 77\u2019ncisi d\u00fczenlenen ve 22 filmin yar\u0131\u015ft\u0131\u011f\u0131 Cannes Film Festivali\u2019nde Alt\u0131n Palmiye \u00f6d\u00fcl\u00fc sahibini buldu. Cannes Film Festivali\u2019nde Alt\u0131n Palmiye \u00f6d\u00fcl\u00fc Sean Baker\u2019\u0131n \u201cAnora\u201d filmine verildi. Fransa\u2019n\u0131n Cannes kentinde 14 May\u0131s\u2019ta ba\u015flayan festivalin \u00f6d\u00fcl t\u00f6reni, Cannes Festival Saray\u0131\u2019nda yap\u0131ld\u0131. Alt\u0131n Palmiye \u00f6d\u00fcl\u00fc, Amerikal\u0131 y\u00f6netmen Sean Baker\u2019\u0131n \u201cAnora\u201d drama filmine verildi. J\u00fcri \u00d6zel \u00d6d\u00fcl\u00fc\u2019n\u00fcn [&hellip;]\" \/>\n<meta property=\"og:url\" content=\"https:\/\/kuzeyinsesi.org\/index.php\/2024\/05\/26\/cannes-film-festivalinde-oduller-sahiplerini-buldu\/\" \/>\n<meta property=\"og:site_name\" content=\"Kuzeyin Sesi\" \/>\n<meta property=\"article:publisher\" content=\"https:\/\/www.facebook.com\/kuzeyinsesii\" \/>\n<meta property=\"article:published_time\" content=\"2024-05-26T05:30:56+00:00\" \/>\n<meta property=\"og:image\" content=\"https:\/\/kuzeyinsesi.org\/wp-content\/uploads\/2024\/05\/can.jpg\" \/>\n\t<meta property=\"og:image:width\" content=\"1005\" \/>\n\t<meta property=\"og:image:height\" content=\"533\" \/>\n\t<meta property=\"og:image:type\" content=\"image\/jpeg\" \/>\n<meta name=\"author\" content=\"Kuzeyin Sesi\" \/>\n<meta name=\"twitter:card\" content=\"summary_large_image\" \/>\n<meta name=\"twitter:creator\" content=\"@kuzeyinsesii\" \/>\n<meta name=\"twitter:site\" content=\"@kuzeyinsesii\" \/>\n<meta name=\"twitter:label1\" content=\"Yazan:\" \/>\n\t<meta name=\"twitter:data1\" content=\"Kuzeyin Sesi\" \/>\n\t<meta name=\"twitter:label2\" content=\"Tahmini okuma s\u00fcresi\" \/>\n\t<meta name=\"twitter:data2\" content=\"3 dakika\" \/>\n<script type=\"application\/ld+json\" class=\"yoast-schema-graph\">{\"@context\":\"https:\\\/\\\/schema.org\",\"@graph\":[{\"@type\":\"Article\",\"@id\":\"https:\\\/\\\/kuzeyinsesi.org\\\/index.php\\\/2024\\\/05\\\/26\\\/cannes-film-festivalinde-oduller-sahiplerini-buldu\\\/#article\",\"isPartOf\":{\"@id\":\"https:\\\/\\\/kuzeyinsesi.org\\\/index.php\\\/2024\\\/05\\\/26\\\/cannes-film-festivalinde-oduller-sahiplerini-buldu\\\/\"},\"author\":{\"name\":\"Kuzeyin Sesi\",\"@id\":\"https:\\\/\\\/kuzeyinsesi.org\\\/#\\\/schema\\\/person\\\/9f859689cdf01485597712386e37f5aa\"},\"headline\":\"Cannes Film Festivali\u2019nde \u00f6d\u00fcller sahiplerini buldu\",\"datePublished\":\"2024-05-26T05:30:56+00:00\",\"mainEntityOfPage\":{\"@id\":\"https:\\\/\\\/kuzeyinsesi.org\\\/index.php\\\/2024\\\/05\\\/26\\\/cannes-film-festivalinde-oduller-sahiplerini-buldu\\\/\"},\"wordCount\":568,\"commentCount\":0,\"image\":{\"@id\":\"https:\\\/\\\/kuzeyinsesi.org\\\/index.php\\\/2024\\\/05\\\/26\\\/cannes-film-festivalinde-oduller-sahiplerini-buldu\\\/#primaryimage\"},\"thumbnailUrl\":\"https:\\\/\\\/kuzeyinsesi.org\\\/wp-content\\\/uploads\\\/2024\\\/05\\\/can.jpg\",\"articleSection\":[\"Ya\u015fam\"],\"inLanguage\":\"tr\",\"potentialAction\":[{\"@type\":\"CommentAction\",\"name\":\"Comment\",\"target\":[\"https:\\\/\\\/kuzeyinsesi.org\\\/index.php\\\/2024\\\/05\\\/26\\\/cannes-film-festivalinde-oduller-sahiplerini-buldu\\\/#respond\"]}]},{\"@type\":\"WebPage\",\"@id\":\"https:\\\/\\\/kuzeyinsesi.org\\\/index.php\\\/2024\\\/05\\\/26\\\/cannes-film-festivalinde-oduller-sahiplerini-buldu\\\/\",\"url\":\"https:\\\/\\\/kuzeyinsesi.org\\\/index.php\\\/2024\\\/05\\\/26\\\/cannes-film-festivalinde-oduller-sahiplerini-buldu\\\/\",\"name\":\"Cannes Film Festivali\u2019nde \u00f6d\u00fcller sahiplerini buldu - Kuzeyin Sesi\",\"isPartOf\":{\"@id\":\"https:\\\/\\\/kuzeyinsesi.org\\\/#website\"},\"primaryImageOfPage\":{\"@id\":\"https:\\\/\\\/kuzeyinsesi.org\\\/index.php\\\/2024\\\/05\\\/26\\\/cannes-film-festivalinde-oduller-sahiplerini-buldu\\\/#primaryimage\"},\"image\":{\"@id\":\"https:\\\/\\\/kuzeyinsesi.org\\\/index.php\\\/2024\\\/05\\\/26\\\/cannes-film-festivalinde-oduller-sahiplerini-buldu\\\/#primaryimage\"},\"thumbnailUrl\":\"https:\\\/\\\/kuzeyinsesi.org\\\/wp-content\\\/uploads\\\/2024\\\/05\\\/can.jpg\",\"datePublished\":\"2024-05-26T05:30:56+00:00\",\"author\":{\"@id\":\"https:\\\/\\\/kuzeyinsesi.org\\\/#\\\/schema\\\/person\\\/9f859689cdf01485597712386e37f5aa\"},\"breadcrumb\":{\"@id\":\"https:\\\/\\\/kuzeyinsesi.org\\\/index.php\\\/2024\\\/05\\\/26\\\/cannes-film-festivalinde-oduller-sahiplerini-buldu\\\/#breadcrumb\"},\"inLanguage\":\"tr\",\"potentialAction\":[{\"@type\":\"ReadAction\",\"target\":[\"https:\\\/\\\/kuzeyinsesi.org\\\/index.php\\\/2024\\\/05\\\/26\\\/cannes-film-festivalinde-oduller-sahiplerini-buldu\\\/\"]}]},{\"@type\":\"ImageObject\",\"inLanguage\":\"tr\",\"@id\":\"https:\\\/\\\/kuzeyinsesi.org\\\/index.php\\\/2024\\\/05\\\/26\\\/cannes-film-festivalinde-oduller-sahiplerini-buldu\\\/#primaryimage\",\"url\":\"https:\\\/\\\/kuzeyinsesi.org\\\/wp-content\\\/uploads\\\/2024\\\/05\\\/can.jpg\",\"contentUrl\":\"https:\\\/\\\/kuzeyinsesi.org\\\/wp-content\\\/uploads\\\/2024\\\/05\\\/can.jpg\",\"width\":1005,\"height\":533},{\"@type\":\"BreadcrumbList\",\"@id\":\"https:\\\/\\\/kuzeyinsesi.org\\\/index.php\\\/2024\\\/05\\\/26\\\/cannes-film-festivalinde-oduller-sahiplerini-buldu\\\/#breadcrumb\",\"itemListElement\":[{\"@type\":\"ListItem\",\"position\":1,\"name\":\"Anasayfa\",\"item\":\"https:\\\/\\\/kuzeyinsesi.org\\\/\"},{\"@type\":\"ListItem\",\"position\":2,\"name\":\"Cannes Film Festivali\u2019nde \u00f6d\u00fcller sahiplerini buldu\"}]},{\"@type\":\"WebSite\",\"@id\":\"https:\\\/\\\/kuzeyinsesi.org\\\/#website\",\"url\":\"https:\\\/\\\/kuzeyinsesi.org\\\/\",\"name\":\"Kuzeyin Sesi\",\"description\":\"Do\u011fru Haberin Adresi\",\"potentialAction\":[{\"@type\":\"SearchAction\",\"target\":{\"@type\":\"EntryPoint\",\"urlTemplate\":\"https:\\\/\\\/kuzeyinsesi.org\\\/?s={search_term_string}\"},\"query-input\":{\"@type\":\"PropertyValueSpecification\",\"valueRequired\":true,\"valueName\":\"search_term_string\"}}],\"inLanguage\":\"tr\"},{\"@type\":\"Person\",\"@id\":\"https:\\\/\\\/kuzeyinsesi.org\\\/#\\\/schema\\\/person\\\/9f859689cdf01485597712386e37f5aa\",\"name\":\"Kuzeyin Sesi\",\"image\":{\"@type\":\"ImageObject\",\"inLanguage\":\"tr\",\"@id\":\"https:\\\/\\\/secure.gravatar.com\\\/avatar\\\/bab33852abfd8b282518d6ed81826833d77c3c882d9ab608add591ccace47a44?s=96&d=mm&r=g\",\"url\":\"https:\\\/\\\/secure.gravatar.com\\\/avatar\\\/bab33852abfd8b282518d6ed81826833d77c3c882d9ab608add591ccace47a44?s=96&d=mm&r=g\",\"contentUrl\":\"https:\\\/\\\/secure.gravatar.com\\\/avatar\\\/bab33852abfd8b282518d6ed81826833d77c3c882d9ab608add591ccace47a44?s=96&d=mm&r=g\",\"caption\":\"Kuzeyin Sesi\"},\"sameAs\":[\"https:\\\/\\\/kuzeyinsesi.org\"],\"url\":\"https:\\\/\\\/kuzeyinsesi.org\\\/index.php\\\/author\\\/guven\\\/\"}]}<\/script>\n<!-- \/ Yoast SEO plugin. -->","yoast_head_json":{"title":"Cannes Film Festivali\u2019nde \u00f6d\u00fcller sahiplerini buldu - Kuzeyin Sesi","robots":{"index":"index","follow":"follow","max-snippet":"max-snippet:-1","max-image-preview":"max-image-preview:large","max-video-preview":"max-video-preview:-1"},"canonical":"https:\/\/kuzeyinsesi.org\/index.php\/2024\/05\/26\/cannes-film-festivalinde-oduller-sahiplerini-buldu\/","og_locale":"tr_TR","og_type":"article","og_title":"Cannes Film Festivali\u2019nde \u00f6d\u00fcller sahiplerini buldu - Kuzeyin Sesi","og_description":"Fransa\u2019a bu y\u0131l 77\u2019ncisi d\u00fczenlenen ve 22 filmin yar\u0131\u015ft\u0131\u011f\u0131 Cannes Film Festivali\u2019nde Alt\u0131n Palmiye \u00f6d\u00fcl\u00fc sahibini buldu. Cannes Film Festivali\u2019nde Alt\u0131n Palmiye \u00f6d\u00fcl\u00fc Sean Baker\u2019\u0131n \u201cAnora\u201d filmine verildi. Fransa\u2019n\u0131n Cannes kentinde 14 May\u0131s\u2019ta ba\u015flayan festivalin \u00f6d\u00fcl t\u00f6reni, Cannes Festival Saray\u0131\u2019nda yap\u0131ld\u0131. Alt\u0131n Palmiye \u00f6d\u00fcl\u00fc, Amerikal\u0131 y\u00f6netmen Sean Baker\u2019\u0131n \u201cAnora\u201d drama filmine verildi. J\u00fcri \u00d6zel \u00d6d\u00fcl\u00fc\u2019n\u00fcn [&hellip;]","og_url":"https:\/\/kuzeyinsesi.org\/index.php\/2024\/05\/26\/cannes-film-festivalinde-oduller-sahiplerini-buldu\/","og_site_name":"Kuzeyin Sesi","article_publisher":"https:\/\/www.facebook.com\/kuzeyinsesii","article_published_time":"2024-05-26T05:30:56+00:00","og_image":[{"width":1005,"height":533,"url":"https:\/\/kuzeyinsesi.org\/wp-content\/uploads\/2024\/05\/can.jpg","type":"image\/jpeg"}],"author":"Kuzeyin Sesi","twitter_card":"summary_large_image","twitter_creator":"@kuzeyinsesii","twitter_site":"@kuzeyinsesii","twitter_misc":{"Yazan:":"Kuzeyin Sesi","Tahmini okuma s\u00fcresi":"3 dakika"},"schema":{"@context":"https:\/\/schema.org","@graph":[{"@type":"Article","@id":"https:\/\/kuzeyinsesi.org\/index.php\/2024\/05\/26\/cannes-film-festivalinde-oduller-sahiplerini-buldu\/#article","isPartOf":{"@id":"https:\/\/kuzeyinsesi.org\/index.php\/2024\/05\/26\/cannes-film-festivalinde-oduller-sahiplerini-buldu\/"},"author":{"name":"Kuzeyin Sesi","@id":"https:\/\/kuzeyinsesi.org\/#\/schema\/person\/9f859689cdf01485597712386e37f5aa"},"headline":"Cannes Film Festivali\u2019nde \u00f6d\u00fcller sahiplerini buldu","datePublished":"2024-05-26T05:30:56+00:00","mainEntityOfPage":{"@id":"https:\/\/kuzeyinsesi.org\/index.php\/2024\/05\/26\/cannes-film-festivalinde-oduller-sahiplerini-buldu\/"},"wordCount":568,"commentCount":0,"image":{"@id":"https:\/\/kuzeyinsesi.org\/index.php\/2024\/05\/26\/cannes-film-festivalinde-oduller-sahiplerini-buldu\/#primaryimage"},"thumbnailUrl":"https:\/\/kuzeyinsesi.org\/wp-content\/uploads\/2024\/05\/can.jpg","articleSection":["Ya\u015fam"],"inLanguage":"tr","potentialAction":[{"@type":"CommentAction","name":"Comment","target":["https:\/\/kuzeyinsesi.org\/index.php\/2024\/05\/26\/cannes-film-festivalinde-oduller-sahiplerini-buldu\/#respond"]}]},{"@type":"WebPage","@id":"https:\/\/kuzeyinsesi.org\/index.php\/2024\/05\/26\/cannes-film-festivalinde-oduller-sahiplerini-buldu\/","url":"https:\/\/kuzeyinsesi.org\/index.php\/2024\/05\/26\/cannes-film-festivalinde-oduller-sahiplerini-buldu\/","name":"Cannes Film Festivali\u2019nde \u00f6d\u00fcller sahiplerini buldu - Kuzeyin Sesi","isPartOf":{"@id":"https:\/\/kuzeyinsesi.org\/#website"},"primaryImageOfPage":{"@id":"https:\/\/kuzeyinsesi.org\/index.php\/2024\/05\/26\/cannes-film-festivalinde-oduller-sahiplerini-buldu\/#primaryimage"},"image":{"@id":"https:\/\/kuzeyinsesi.org\/index.php\/2024\/05\/26\/cannes-film-festivalinde-oduller-sahiplerini-buldu\/#primaryimage"},"thumbnailUrl":"https:\/\/kuzeyinsesi.org\/wp-content\/uploads\/2024\/05\/can.jpg","datePublished":"2024-05-26T05:30:56+00:00","author":{"@id":"https:\/\/kuzeyinsesi.org\/#\/schema\/person\/9f859689cdf01485597712386e37f5aa"},"breadcrumb":{"@id":"https:\/\/kuzeyinsesi.org\/index.php\/2024\/05\/26\/cannes-film-festivalinde-oduller-sahiplerini-buldu\/#breadcrumb"},"inLanguage":"tr","potentialAction":[{"@type":"ReadAction","target":["https:\/\/kuzeyinsesi.org\/index.php\/2024\/05\/26\/cannes-film-festivalinde-oduller-sahiplerini-buldu\/"]}]},{"@type":"ImageObject","inLanguage":"tr","@id":"https:\/\/kuzeyinsesi.org\/index.php\/2024\/05\/26\/cannes-film-festivalinde-oduller-sahiplerini-buldu\/#primaryimage","url":"https:\/\/kuzeyinsesi.org\/wp-content\/uploads\/2024\/05\/can.jpg","contentUrl":"https:\/\/kuzeyinsesi.org\/wp-content\/uploads\/2024\/05\/can.jpg","width":1005,"height":533},{"@type":"BreadcrumbList","@id":"https:\/\/kuzeyinsesi.org\/index.php\/2024\/05\/26\/cannes-film-festivalinde-oduller-sahiplerini-buldu\/#breadcrumb","itemListElement":[{"@type":"ListItem","position":1,"name":"Anasayfa","item":"https:\/\/kuzeyinsesi.org\/"},{"@type":"ListItem","position":2,"name":"Cannes Film Festivali\u2019nde \u00f6d\u00fcller sahiplerini buldu"}]},{"@type":"WebSite","@id":"https:\/\/kuzeyinsesi.org\/#website","url":"https:\/\/kuzeyinsesi.org\/","name":"Kuzeyin Sesi","description":"Do\u011fru Haberin Adresi","potentialAction":[{"@type":"SearchAction","target":{"@type":"EntryPoint","urlTemplate":"https:\/\/kuzeyinsesi.org\/?s={search_term_string}"},"query-input":{"@type":"PropertyValueSpecification","valueRequired":true,"valueName":"search_term_string"}}],"inLanguage":"tr"},{"@type":"Person","@id":"https:\/\/kuzeyinsesi.org\/#\/schema\/person\/9f859689cdf01485597712386e37f5aa","name":"Kuzeyin Sesi","image":{"@type":"ImageObject","inLanguage":"tr","@id":"https:\/\/secure.gravatar.com\/avatar\/bab33852abfd8b282518d6ed81826833d77c3c882d9ab608add591ccace47a44?s=96&d=mm&r=g","url":"https:\/\/secure.gravatar.com\/avatar\/bab33852abfd8b282518d6ed81826833d77c3c882d9ab608add591ccace47a44?s=96&d=mm&r=g","contentUrl":"https:\/\/secure.gravatar.com\/avatar\/bab33852abfd8b282518d6ed81826833d77c3c882d9ab608add591ccace47a44?s=96&d=mm&r=g","caption":"Kuzeyin Sesi"},"sameAs":["https:\/\/kuzeyinsesi.org"],"url":"https:\/\/kuzeyinsesi.org\/index.php\/author\/guven\/"}]}},"_links":{"self":[{"href":"https:\/\/kuzeyinsesi.org\/index.php\/wp-json\/wp\/v2\/posts\/3415","targetHints":{"allow":["GET"]}}],"collection":[{"href":"https:\/\/kuzeyinsesi.org\/index.php\/wp-json\/wp\/v2\/posts"}],"about":[{"href":"https:\/\/kuzeyinsesi.org\/index.php\/wp-json\/wp\/v2\/types\/post"}],"author":[{"embeddable":true,"href":"https:\/\/kuzeyinsesi.org\/index.php\/wp-json\/wp\/v2\/users\/1"}],"replies":[{"embeddable":true,"href":"https:\/\/kuzeyinsesi.org\/index.php\/wp-json\/wp\/v2\/comments?post=3415"}],"version-history":[{"count":0,"href":"https:\/\/kuzeyinsesi.org\/index.php\/wp-json\/wp\/v2\/posts\/3415\/revisions"}],"wp:featuredmedia":[{"embeddable":true,"href":"https:\/\/kuzeyinsesi.org\/index.php\/wp-json\/wp\/v2\/media\/3416"}],"wp:attachment":[{"href":"https:\/\/kuzeyinsesi.org\/index.php\/wp-json\/wp\/v2\/media?parent=3415"}],"wp:term":[{"taxonomy":"category","embeddable":true,"href":"https:\/\/kuzeyinsesi.org\/index.php\/wp-json\/wp\/v2\/categories?post=3415"},{"taxonomy":"post_tag","embeddable":true,"href":"https:\/\/kuzeyinsesi.org\/index.php\/wp-json\/wp\/v2\/tags?post=3415"}],"curies":[{"name":"wp","href":"https:\/\/api.w.org\/{rel}","templated":true}]}}