{"id":34103,"date":"2025-10-27T20:21:24","date_gmt":"2025-10-27T18:21:24","guid":{"rendered":"https:\/\/kuzeyinsesi.org\/index.php\/2025\/10\/27\/abdde-federal-calisanlardan-hukumet-kapanmasini-sonlandirin-cagrisi\/"},"modified":"2025-10-27T20:21:24","modified_gmt":"2025-10-27T18:21:24","slug":"abdde-federal-calisanlardan-hukumet-kapanmasini-sonlandirin-cagrisi","status":"publish","type":"post","link":"https:\/\/kuzeyinsesi.org\/index.php\/2025\/10\/27\/abdde-federal-calisanlardan-hukumet-kapanmasini-sonlandirin-cagrisi\/","title":{"rendered":"ABD&#039;de federal \u00e7al\u0131\u015fanlardan h\u00fck\u00fcmet kapanmas\u0131n\u0131 sonland\u0131r\u0131n \u00e7a\u011fr\u0131s\u0131"},"content":{"rendered":"<p><\/p>\n<div>\n<p>&#13;<br \/>\n\tAFGE Ulusal Ba\u015fkan\u0131 Everett Kelley, yapt\u0131\u011f\u0131 a\u00e7\u0131klamada, h\u00fck\u00fcmet kapanmas\u0131n\u0131 sona erdirmenin zaman\u0131n\u0131n geldi\u011fini belirtti.<\/p>\n<p>&#13;<br \/>\n\tKapanmay\u0131, &#8220;ailelere, topluluklara ve \u00fclkeyi bir arada tutan kurumlara zarar veren \u00f6nlenebilir bir kriz&#8221; olarak tan\u0131mlayan Kelley, hala net bir sonun g\u00f6r\u00fcn\u00fcrde olmad\u0131\u011f\u0131n\u0131 kaydetti.<\/p>\n<p>&#13;<br \/>\n\tKelley, 800 binden fazla federal ve h\u00fck\u00fcmet \u00e7al\u0131\u015fan\u0131n\u0131 temsil ettiklerini aktararak, &#8220;Bunlar vatansever Amerikal\u0131lar, ebeveynler, bak\u0131m verenler ve gaziler, Washington&#8217;daki siyasi anla\u015fmazl\u0131klar nedeniyle maa\u015fs\u0131z \u00e7al\u0131\u015fmaya zorlan\u0131yor ve kira, market, <a href=\"https:\/\/www.trthaber.com\/etiket\/benzin\/\" target=\"_blank\">benzin<\/a> ve ila\u00e7 masraflar\u0131n\u0131 kar\u015f\u0131lamaya \u00e7al\u0131\u015f\u0131yor. Bu kabul edilemez.&#8221; ifadelerini kulland\u0131.<\/p>\n<p>&#13;<br \/>\n\tH\u00fck\u00fcmet kapanmalar\u0131n\u0131n Washington&#8217;da tekrarlayan bir taktik haline geldi\u011fine i\u015faret eden Kelley, bunun bir &#8220;kazanan\u0131&#8221; olmad\u0131\u011f\u0131n\u0131 s\u00f6yledi.<\/p>\n<p>&#13;<br \/>\n\tKelley, bu durumun <a href=\"https:\/\/www.trthaber.com\/etiket\/vergi\/\" target=\"_blank\">vergi<\/a> m\u00fckelleflerine milyarlarca dolara mal oldu\u011funu, k\u00fc\u00e7\u00fck i\u015fletmelere zarar verdi\u011fini ve h\u00fck\u00fcmete olan g\u00fcveni sarst\u0131\u011f\u0131n\u0131 vurgulayarak, h\u00fck\u00fcmetin derhal a\u00e7\u0131lmas\u0131 ve \u00e7al\u0131\u015fanlar\u0131n maa\u015flar\u0131n\u0131n \u00f6denmesi \u00e7a\u011fr\u0131s\u0131 yapt\u0131.<\/p>\n<h2>&#13;<br \/>\n\tFederal h\u00fck\u00fcmet 1 Ekim&#8217;den bu yana kapal\u0131<\/h2>\n<p>&#13;<br \/>\n\tABD&#8217;de Cumhuriyet\u00e7iler ve Demokratlar\u0131n <a href=\"https:\/\/www.trthaber.com\/etiket\/butce\/\" target=\"_blank\">b\u00fct\u00e7e<\/a> \u00fczerinde anla\u015fmaya varamamas\u0131 ve Kongre&#8217;nin yeni <a href=\"https:\/\/www.trthaber.com\/etiket\/mali\/\" target=\"_blank\">mali<\/a> y\u0131l ba\u015flamadan ge\u00e7ici b\u00fct\u00e7e tasar\u0131s\u0131n\u0131 onaylayamamas\u0131 nedeniyle federal h\u00fck\u00fcmet 1 Ekim&#8217;den bu yana kapal\u0131 bulunuyor.<\/p>\n<p>&#13;<br \/>\n\tAmerikan kanunlar\u0131na g\u00f6re Kongre, 1 Ekim&#8217;de ba\u015flay\u0131p 30 Eyl\u00fcl&#8217;de sona eren mali y\u0131l i\u00e7in b\u00fct\u00e7eyi onaylayamazsa, aran\u0131n ge\u00e7ici b\u00fct\u00e7elerle kapat\u0131lmas\u0131 gerekiyor.<\/p>\n<p>&#13;<br \/>\n\tGe\u00e7ici b\u00fct\u00e7enin de kabul edilemedi\u011fi d\u00f6nemlerde federal h\u00fck\u00fcmet, harcama yetkisini kaybederek temel hizmetler d\u0131\u015f\u0131ndaki t\u00fcm faaliyetlerini durduruyor.<\/p>\n<p>&#13;<br \/>\n\tBu s\u00fcre\u00e7te, &#8220;temel&#8221; olmayan hizmetlerde g\u00f6revli kamu \u00e7al\u0131\u015fanlar\u0131 \u00fccretsiz izne \u00e7\u0131kar\u0131l\u0131rken, <a href=\"https:\/\/www.trthaber.com\/etiket\/abd\/\" target=\"_blank\">ABD<\/a> ordusu, istihbarat kurumlar\u0131, kamu hastaneleri, havaalanlar\u0131 ve hapishanelerde g\u00f6revli personel \u00e7al\u0131\u015fmaya devam ediyor. Bu \u00e7al\u0131\u015fanlar, kapanma d\u00f6nemlerindeki maa\u015flar\u0131n\u0131, genellikle Kongre yeni bir b\u00fct\u00e7e ge\u00e7irene kadar alam\u0131yor.<\/p>\n<\/p><\/div>\n","protected":false},"excerpt":{"rendered":"<p>&#13; AFGE Ulusal Ba\u015fkan\u0131 Everett Kelley, yapt\u0131\u011f\u0131 a\u00e7\u0131klamada, h\u00fck\u00fcmet kapanmas\u0131n\u0131 sona erdirmenin zaman\u0131n\u0131n geldi\u011fini belirtti. &#13; Kapanmay\u0131, &#8220;ailelere, topluluklara ve \u00fclkeyi bir arada tutan kurumlara zarar veren \u00f6nlenebilir bir kriz&#8221; olarak tan\u0131mlayan Kelley, hala net bir sonun g\u00f6r\u00fcn\u00fcrde olmad\u0131\u011f\u0131n\u0131 kaydetti. &#13; Kelley, 800 binden fazla federal ve h\u00fck\u00fcmet \u00e7al\u0131\u015fan\u0131n\u0131 temsil ettiklerini aktararak, &#8220;Bunlar vatansever Amerikal\u0131lar, [&hellip;]<\/p>\n","protected":false},"author":1,"featured_media":34104,"comment_status":"open","ping_status":"open","sticky":false,"template":"","format":"standard","meta":{"jnews-multi-image_gallery":[],"jnews_single_post":[],"jnews_primary_category":[],"jnews_social_meta":[],"jnews_override_counter":[],"footnotes":""},"categories":[2],"tags":[],"class_list":["post-34103","post","type-post","status-publish","format-standard","has-post-thumbnail","hentry","category-dunya"],"yoast_head":"<!-- This site is optimized with the Yoast SEO plugin v27.5 - https:\/\/yoast.com\/product\/yoast-seo-wordpress\/ -->\n<title>ABD&#039;de federal \u00e7al\u0131\u015fanlardan h\u00fck\u00fcmet kapanmas\u0131n\u0131 sonland\u0131r\u0131n \u00e7a\u011fr\u0131s\u0131 - Kuzeyin Sesi<\/title>\n<meta name=\"robots\" content=\"index, follow, max-snippet:-1, max-image-preview:large, max-video-preview:-1\" \/>\n<link rel=\"canonical\" href=\"https:\/\/kuzeyinsesi.org\/index.php\/2025\/10\/27\/abdde-federal-calisanlardan-hukumet-kapanmasini-sonlandirin-cagrisi\/\" \/>\n<meta property=\"og:locale\" content=\"tr_TR\" \/>\n<meta property=\"og:type\" content=\"article\" \/>\n<meta property=\"og:title\" content=\"ABD&#039;de federal \u00e7al\u0131\u015fanlardan h\u00fck\u00fcmet kapanmas\u0131n\u0131 sonland\u0131r\u0131n \u00e7a\u011fr\u0131s\u0131 - Kuzeyin Sesi\" \/>\n<meta property=\"og:description\" content=\"&#013; AFGE Ulusal Ba\u015fkan\u0131 Everett Kelley, yapt\u0131\u011f\u0131 a\u00e7\u0131klamada, h\u00fck\u00fcmet kapanmas\u0131n\u0131 sona erdirmenin zaman\u0131n\u0131n geldi\u011fini belirtti. &#013; Kapanmay\u0131, &#8220;ailelere, topluluklara ve \u00fclkeyi bir arada tutan kurumlara zarar veren \u00f6nlenebilir bir kriz&#8221; olarak tan\u0131mlayan Kelley, hala net bir sonun g\u00f6r\u00fcn\u00fcrde olmad\u0131\u011f\u0131n\u0131 kaydetti. &#013; Kelley, 800 binden fazla federal ve h\u00fck\u00fcmet \u00e7al\u0131\u015fan\u0131n\u0131 temsil ettiklerini aktararak, &#8220;Bunlar vatansever Amerikal\u0131lar, [&hellip;]\" \/>\n<meta property=\"og:url\" content=\"https:\/\/kuzeyinsesi.org\/index.php\/2025\/10\/27\/abdde-federal-calisanlardan-hukumet-kapanmasini-sonlandirin-cagrisi\/\" \/>\n<meta property=\"og:site_name\" content=\"Kuzeyin Sesi\" \/>\n<meta property=\"article:publisher\" content=\"https:\/\/www.facebook.com\/kuzeyinsesii\" \/>\n<meta property=\"article:published_time\" content=\"2025-10-27T18:21:24+00:00\" \/>\n<meta property=\"og:image\" content=\"https:\/\/trthaberstatic.cdn.wp.trt.com.tr\/resimler\/1488000\/abd-kongre-binasi-reuters-1489244.jpg\" \/>\n<meta name=\"author\" content=\"Kuzeyin Sesi\" \/>\n<meta name=\"twitter:card\" content=\"summary_large_image\" \/>\n<meta name=\"twitter:creator\" content=\"@kuzeyinsesii\" \/>\n<meta name=\"twitter:site\" content=\"@kuzeyinsesii\" \/>\n<meta name=\"twitter:label1\" content=\"Yazan:\" \/>\n\t<meta name=\"twitter:data1\" content=\"Kuzeyin Sesi\" \/>\n\t<meta name=\"twitter:label2\" content=\"Tahmini okuma s\u00fcresi\" \/>\n\t<meta name=\"twitter:data2\" content=\"2 dakika\" \/>\n<script type=\"application\/ld+json\" class=\"yoast-schema-graph\">{\"@context\":\"https:\\\/\\\/schema.org\",\"@graph\":[{\"@type\":\"Article\",\"@id\":\"https:\\\/\\\/kuzeyinsesi.org\\\/index.php\\\/2025\\\/10\\\/27\\\/abdde-federal-calisanlardan-hukumet-kapanmasini-sonlandirin-cagrisi\\\/#article\",\"isPartOf\":{\"@id\":\"https:\\\/\\\/kuzeyinsesi.org\\\/index.php\\\/2025\\\/10\\\/27\\\/abdde-federal-calisanlardan-hukumet-kapanmasini-sonlandirin-cagrisi\\\/\"},\"author\":{\"name\":\"Kuzeyin Sesi\",\"@id\":\"https:\\\/\\\/kuzeyinsesi.org\\\/#\\\/schema\\\/person\\\/9f859689cdf01485597712386e37f5aa\"},\"headline\":\"ABD&#039;de federal \u00e7al\u0131\u015fanlardan h\u00fck\u00fcmet kapanmas\u0131n\u0131 sonland\u0131r\u0131n \u00e7a\u011fr\u0131s\u0131\",\"datePublished\":\"2025-10-27T18:21:24+00:00\",\"mainEntityOfPage\":{\"@id\":\"https:\\\/\\\/kuzeyinsesi.org\\\/index.php\\\/2025\\\/10\\\/27\\\/abdde-federal-calisanlardan-hukumet-kapanmasini-sonlandirin-cagrisi\\\/\"},\"wordCount\":361,\"commentCount\":0,\"image\":{\"@id\":\"https:\\\/\\\/kuzeyinsesi.org\\\/index.php\\\/2025\\\/10\\\/27\\\/abdde-federal-calisanlardan-hukumet-kapanmasini-sonlandirin-cagrisi\\\/#primaryimage\"},\"thumbnailUrl\":\"https:\\\/\\\/kuzeyinsesi.org\\\/wp-content\\\/uploads\\\/2025\\\/10\\\/abd-kongre-binasi-reuters-1489244.jpg\",\"articleSection\":[\"D\u00fcnya\"],\"inLanguage\":\"tr\",\"potentialAction\":[{\"@type\":\"CommentAction\",\"name\":\"Comment\",\"target\":[\"https:\\\/\\\/kuzeyinsesi.org\\\/index.php\\\/2025\\\/10\\\/27\\\/abdde-federal-calisanlardan-hukumet-kapanmasini-sonlandirin-cagrisi\\\/#respond\"]}]},{\"@type\":\"WebPage\",\"@id\":\"https:\\\/\\\/kuzeyinsesi.org\\\/index.php\\\/2025\\\/10\\\/27\\\/abdde-federal-calisanlardan-hukumet-kapanmasini-sonlandirin-cagrisi\\\/\",\"url\":\"https:\\\/\\\/kuzeyinsesi.org\\\/index.php\\\/2025\\\/10\\\/27\\\/abdde-federal-calisanlardan-hukumet-kapanmasini-sonlandirin-cagrisi\\\/\",\"name\":\"ABD&#039;de federal \u00e7al\u0131\u015fanlardan h\u00fck\u00fcmet kapanmas\u0131n\u0131 sonland\u0131r\u0131n \u00e7a\u011fr\u0131s\u0131 - Kuzeyin Sesi\",\"isPartOf\":{\"@id\":\"https:\\\/\\\/kuzeyinsesi.org\\\/#website\"},\"primaryImageOfPage\":{\"@id\":\"https:\\\/\\\/kuzeyinsesi.org\\\/index.php\\\/2025\\\/10\\\/27\\\/abdde-federal-calisanlardan-hukumet-kapanmasini-sonlandirin-cagrisi\\\/#primaryimage\"},\"image\":{\"@id\":\"https:\\\/\\\/kuzeyinsesi.org\\\/index.php\\\/2025\\\/10\\\/27\\\/abdde-federal-calisanlardan-hukumet-kapanmasini-sonlandirin-cagrisi\\\/#primaryimage\"},\"thumbnailUrl\":\"https:\\\/\\\/kuzeyinsesi.org\\\/wp-content\\\/uploads\\\/2025\\\/10\\\/abd-kongre-binasi-reuters-1489244.jpg\",\"datePublished\":\"2025-10-27T18:21:24+00:00\",\"author\":{\"@id\":\"https:\\\/\\\/kuzeyinsesi.org\\\/#\\\/schema\\\/person\\\/9f859689cdf01485597712386e37f5aa\"},\"breadcrumb\":{\"@id\":\"https:\\\/\\\/kuzeyinsesi.org\\\/index.php\\\/2025\\\/10\\\/27\\\/abdde-federal-calisanlardan-hukumet-kapanmasini-sonlandirin-cagrisi\\\/#breadcrumb\"},\"inLanguage\":\"tr\",\"potentialAction\":[{\"@type\":\"ReadAction\",\"target\":[\"https:\\\/\\\/kuzeyinsesi.org\\\/index.php\\\/2025\\\/10\\\/27\\\/abdde-federal-calisanlardan-hukumet-kapanmasini-sonlandirin-cagrisi\\\/\"]}]},{\"@type\":\"ImageObject\",\"inLanguage\":\"tr\",\"@id\":\"https:\\\/\\\/kuzeyinsesi.org\\\/index.php\\\/2025\\\/10\\\/27\\\/abdde-federal-calisanlardan-hukumet-kapanmasini-sonlandirin-cagrisi\\\/#primaryimage\",\"url\":\"https:\\\/\\\/kuzeyinsesi.org\\\/wp-content\\\/uploads\\\/2025\\\/10\\\/abd-kongre-binasi-reuters-1489244.jpg\",\"contentUrl\":\"https:\\\/\\\/kuzeyinsesi.org\\\/wp-content\\\/uploads\\\/2025\\\/10\\\/abd-kongre-binasi-reuters-1489244.jpg\",\"width\":1280,\"height\":720},{\"@type\":\"BreadcrumbList\",\"@id\":\"https:\\\/\\\/kuzeyinsesi.org\\\/index.php\\\/2025\\\/10\\\/27\\\/abdde-federal-calisanlardan-hukumet-kapanmasini-sonlandirin-cagrisi\\\/#breadcrumb\",\"itemListElement\":[{\"@type\":\"ListItem\",\"position\":1,\"name\":\"Anasayfa\",\"item\":\"https:\\\/\\\/kuzeyinsesi.org\\\/\"},{\"@type\":\"ListItem\",\"position\":2,\"name\":\"ABD&#039;de federal \u00e7al\u0131\u015fanlardan h\u00fck\u00fcmet kapanmas\u0131n\u0131 sonland\u0131r\u0131n \u00e7a\u011fr\u0131s\u0131\"}]},{\"@type\":\"WebSite\",\"@id\":\"https:\\\/\\\/kuzeyinsesi.org\\\/#website\",\"url\":\"https:\\\/\\\/kuzeyinsesi.org\\\/\",\"name\":\"Kuzeyin Sesi\",\"description\":\"Do\u011fru Haberin Adresi\",\"potentialAction\":[{\"@type\":\"SearchAction\",\"target\":{\"@type\":\"EntryPoint\",\"urlTemplate\":\"https:\\\/\\\/kuzeyinsesi.org\\\/?s={search_term_string}\"},\"query-input\":{\"@type\":\"PropertyValueSpecification\",\"valueRequired\":true,\"valueName\":\"search_term_string\"}}],\"inLanguage\":\"tr\"},{\"@type\":\"Person\",\"@id\":\"https:\\\/\\\/kuzeyinsesi.org\\\/#\\\/schema\\\/person\\\/9f859689cdf01485597712386e37f5aa\",\"name\":\"Kuzeyin Sesi\",\"image\":{\"@type\":\"ImageObject\",\"inLanguage\":\"tr\",\"@id\":\"https:\\\/\\\/secure.gravatar.com\\\/avatar\\\/bab33852abfd8b282518d6ed81826833d77c3c882d9ab608add591ccace47a44?s=96&d=mm&r=g\",\"url\":\"https:\\\/\\\/secure.gravatar.com\\\/avatar\\\/bab33852abfd8b282518d6ed81826833d77c3c882d9ab608add591ccace47a44?s=96&d=mm&r=g\",\"contentUrl\":\"https:\\\/\\\/secure.gravatar.com\\\/avatar\\\/bab33852abfd8b282518d6ed81826833d77c3c882d9ab608add591ccace47a44?s=96&d=mm&r=g\",\"caption\":\"Kuzeyin Sesi\"},\"sameAs\":[\"https:\\\/\\\/kuzeyinsesi.org\"],\"url\":\"https:\\\/\\\/kuzeyinsesi.org\\\/index.php\\\/author\\\/guven\\\/\"}]}<\/script>\n<!-- \/ Yoast SEO plugin. -->","yoast_head_json":{"title":"ABD&#039;de federal \u00e7al\u0131\u015fanlardan h\u00fck\u00fcmet kapanmas\u0131n\u0131 sonland\u0131r\u0131n \u00e7a\u011fr\u0131s\u0131 - Kuzeyin Sesi","robots":{"index":"index","follow":"follow","max-snippet":"max-snippet:-1","max-image-preview":"max-image-preview:large","max-video-preview":"max-video-preview:-1"},"canonical":"https:\/\/kuzeyinsesi.org\/index.php\/2025\/10\/27\/abdde-federal-calisanlardan-hukumet-kapanmasini-sonlandirin-cagrisi\/","og_locale":"tr_TR","og_type":"article","og_title":"ABD&#039;de federal \u00e7al\u0131\u015fanlardan h\u00fck\u00fcmet kapanmas\u0131n\u0131 sonland\u0131r\u0131n \u00e7a\u011fr\u0131s\u0131 - Kuzeyin Sesi","og_description":"&#13; AFGE Ulusal Ba\u015fkan\u0131 Everett Kelley, yapt\u0131\u011f\u0131 a\u00e7\u0131klamada, h\u00fck\u00fcmet kapanmas\u0131n\u0131 sona erdirmenin zaman\u0131n\u0131n geldi\u011fini belirtti. &#13; Kapanmay\u0131, &#8220;ailelere, topluluklara ve \u00fclkeyi bir arada tutan kurumlara zarar veren \u00f6nlenebilir bir kriz&#8221; olarak tan\u0131mlayan Kelley, hala net bir sonun g\u00f6r\u00fcn\u00fcrde olmad\u0131\u011f\u0131n\u0131 kaydetti. &#13; Kelley, 800 binden fazla federal ve h\u00fck\u00fcmet \u00e7al\u0131\u015fan\u0131n\u0131 temsil ettiklerini aktararak, &#8220;Bunlar vatansever Amerikal\u0131lar, [&hellip;]","og_url":"https:\/\/kuzeyinsesi.org\/index.php\/2025\/10\/27\/abdde-federal-calisanlardan-hukumet-kapanmasini-sonlandirin-cagrisi\/","og_site_name":"Kuzeyin Sesi","article_publisher":"https:\/\/www.facebook.com\/kuzeyinsesii","article_published_time":"2025-10-27T18:21:24+00:00","og_image":[{"url":"https:\/\/trthaberstatic.cdn.wp.trt.com.tr\/resimler\/1488000\/abd-kongre-binasi-reuters-1489244.jpg","type":"","width":"","height":""}],"author":"Kuzeyin Sesi","twitter_card":"summary_large_image","twitter_creator":"@kuzeyinsesii","twitter_site":"@kuzeyinsesii","twitter_misc":{"Yazan:":"Kuzeyin Sesi","Tahmini okuma s\u00fcresi":"2 dakika"},"schema":{"@context":"https:\/\/schema.org","@graph":[{"@type":"Article","@id":"https:\/\/kuzeyinsesi.org\/index.php\/2025\/10\/27\/abdde-federal-calisanlardan-hukumet-kapanmasini-sonlandirin-cagrisi\/#article","isPartOf":{"@id":"https:\/\/kuzeyinsesi.org\/index.php\/2025\/10\/27\/abdde-federal-calisanlardan-hukumet-kapanmasini-sonlandirin-cagrisi\/"},"author":{"name":"Kuzeyin Sesi","@id":"https:\/\/kuzeyinsesi.org\/#\/schema\/person\/9f859689cdf01485597712386e37f5aa"},"headline":"ABD&#039;de federal \u00e7al\u0131\u015fanlardan h\u00fck\u00fcmet kapanmas\u0131n\u0131 sonland\u0131r\u0131n \u00e7a\u011fr\u0131s\u0131","datePublished":"2025-10-27T18:21:24+00:00","mainEntityOfPage":{"@id":"https:\/\/kuzeyinsesi.org\/index.php\/2025\/10\/27\/abdde-federal-calisanlardan-hukumet-kapanmasini-sonlandirin-cagrisi\/"},"wordCount":361,"commentCount":0,"image":{"@id":"https:\/\/kuzeyinsesi.org\/index.php\/2025\/10\/27\/abdde-federal-calisanlardan-hukumet-kapanmasini-sonlandirin-cagrisi\/#primaryimage"},"thumbnailUrl":"https:\/\/kuzeyinsesi.org\/wp-content\/uploads\/2025\/10\/abd-kongre-binasi-reuters-1489244.jpg","articleSection":["D\u00fcnya"],"inLanguage":"tr","potentialAction":[{"@type":"CommentAction","name":"Comment","target":["https:\/\/kuzeyinsesi.org\/index.php\/2025\/10\/27\/abdde-federal-calisanlardan-hukumet-kapanmasini-sonlandirin-cagrisi\/#respond"]}]},{"@type":"WebPage","@id":"https:\/\/kuzeyinsesi.org\/index.php\/2025\/10\/27\/abdde-federal-calisanlardan-hukumet-kapanmasini-sonlandirin-cagrisi\/","url":"https:\/\/kuzeyinsesi.org\/index.php\/2025\/10\/27\/abdde-federal-calisanlardan-hukumet-kapanmasini-sonlandirin-cagrisi\/","name":"ABD&#039;de federal \u00e7al\u0131\u015fanlardan h\u00fck\u00fcmet kapanmas\u0131n\u0131 sonland\u0131r\u0131n \u00e7a\u011fr\u0131s\u0131 - Kuzeyin Sesi","isPartOf":{"@id":"https:\/\/kuzeyinsesi.org\/#website"},"primaryImageOfPage":{"@id":"https:\/\/kuzeyinsesi.org\/index.php\/2025\/10\/27\/abdde-federal-calisanlardan-hukumet-kapanmasini-sonlandirin-cagrisi\/#primaryimage"},"image":{"@id":"https:\/\/kuzeyinsesi.org\/index.php\/2025\/10\/27\/abdde-federal-calisanlardan-hukumet-kapanmasini-sonlandirin-cagrisi\/#primaryimage"},"thumbnailUrl":"https:\/\/kuzeyinsesi.org\/wp-content\/uploads\/2025\/10\/abd-kongre-binasi-reuters-1489244.jpg","datePublished":"2025-10-27T18:21:24+00:00","author":{"@id":"https:\/\/kuzeyinsesi.org\/#\/schema\/person\/9f859689cdf01485597712386e37f5aa"},"breadcrumb":{"@id":"https:\/\/kuzeyinsesi.org\/index.php\/2025\/10\/27\/abdde-federal-calisanlardan-hukumet-kapanmasini-sonlandirin-cagrisi\/#breadcrumb"},"inLanguage":"tr","potentialAction":[{"@type":"ReadAction","target":["https:\/\/kuzeyinsesi.org\/index.php\/2025\/10\/27\/abdde-federal-calisanlardan-hukumet-kapanmasini-sonlandirin-cagrisi\/"]}]},{"@type":"ImageObject","inLanguage":"tr","@id":"https:\/\/kuzeyinsesi.org\/index.php\/2025\/10\/27\/abdde-federal-calisanlardan-hukumet-kapanmasini-sonlandirin-cagrisi\/#primaryimage","url":"https:\/\/kuzeyinsesi.org\/wp-content\/uploads\/2025\/10\/abd-kongre-binasi-reuters-1489244.jpg","contentUrl":"https:\/\/kuzeyinsesi.org\/wp-content\/uploads\/2025\/10\/abd-kongre-binasi-reuters-1489244.jpg","width":1280,"height":720},{"@type":"BreadcrumbList","@id":"https:\/\/kuzeyinsesi.org\/index.php\/2025\/10\/27\/abdde-federal-calisanlardan-hukumet-kapanmasini-sonlandirin-cagrisi\/#breadcrumb","itemListElement":[{"@type":"ListItem","position":1,"name":"Anasayfa","item":"https:\/\/kuzeyinsesi.org\/"},{"@type":"ListItem","position":2,"name":"ABD&#039;de federal \u00e7al\u0131\u015fanlardan h\u00fck\u00fcmet kapanmas\u0131n\u0131 sonland\u0131r\u0131n \u00e7a\u011fr\u0131s\u0131"}]},{"@type":"WebSite","@id":"https:\/\/kuzeyinsesi.org\/#website","url":"https:\/\/kuzeyinsesi.org\/","name":"Kuzeyin Sesi","description":"Do\u011fru Haberin Adresi","potentialAction":[{"@type":"SearchAction","target":{"@type":"EntryPoint","urlTemplate":"https:\/\/kuzeyinsesi.org\/?s={search_term_string}"},"query-input":{"@type":"PropertyValueSpecification","valueRequired":true,"valueName":"search_term_string"}}],"inLanguage":"tr"},{"@type":"Person","@id":"https:\/\/kuzeyinsesi.org\/#\/schema\/person\/9f859689cdf01485597712386e37f5aa","name":"Kuzeyin Sesi","image":{"@type":"ImageObject","inLanguage":"tr","@id":"https:\/\/secure.gravatar.com\/avatar\/bab33852abfd8b282518d6ed81826833d77c3c882d9ab608add591ccace47a44?s=96&d=mm&r=g","url":"https:\/\/secure.gravatar.com\/avatar\/bab33852abfd8b282518d6ed81826833d77c3c882d9ab608add591ccace47a44?s=96&d=mm&r=g","contentUrl":"https:\/\/secure.gravatar.com\/avatar\/bab33852abfd8b282518d6ed81826833d77c3c882d9ab608add591ccace47a44?s=96&d=mm&r=g","caption":"Kuzeyin Sesi"},"sameAs":["https:\/\/kuzeyinsesi.org"],"url":"https:\/\/kuzeyinsesi.org\/index.php\/author\/guven\/"}]}},"_links":{"self":[{"href":"https:\/\/kuzeyinsesi.org\/index.php\/wp-json\/wp\/v2\/posts\/34103","targetHints":{"allow":["GET"]}}],"collection":[{"href":"https:\/\/kuzeyinsesi.org\/index.php\/wp-json\/wp\/v2\/posts"}],"about":[{"href":"https:\/\/kuzeyinsesi.org\/index.php\/wp-json\/wp\/v2\/types\/post"}],"author":[{"embeddable":true,"href":"https:\/\/kuzeyinsesi.org\/index.php\/wp-json\/wp\/v2\/users\/1"}],"replies":[{"embeddable":true,"href":"https:\/\/kuzeyinsesi.org\/index.php\/wp-json\/wp\/v2\/comments?post=34103"}],"version-history":[{"count":0,"href":"https:\/\/kuzeyinsesi.org\/index.php\/wp-json\/wp\/v2\/posts\/34103\/revisions"}],"wp:featuredmedia":[{"embeddable":true,"href":"https:\/\/kuzeyinsesi.org\/index.php\/wp-json\/wp\/v2\/media\/34104"}],"wp:attachment":[{"href":"https:\/\/kuzeyinsesi.org\/index.php\/wp-json\/wp\/v2\/media?parent=34103"}],"wp:term":[{"taxonomy":"category","embeddable":true,"href":"https:\/\/kuzeyinsesi.org\/index.php\/wp-json\/wp\/v2\/categories?post=34103"},{"taxonomy":"post_tag","embeddable":true,"href":"https:\/\/kuzeyinsesi.org\/index.php\/wp-json\/wp\/v2\/tags?post=34103"}],"curies":[{"name":"wp","href":"https:\/\/api.w.org\/{rel}","templated":true}]}}