{"id":34058,"date":"2025-10-27T08:52:51","date_gmt":"2025-10-27T06:52:51","guid":{"rendered":"https:\/\/kuzeyinsesi.org\/index.php\/2025\/10\/27\/instagram-izlenen-reels-videolarini-bulmayi-kolaylastiracak-izleme-gecmisi-ozelligini-kullanima-sundu\/"},"modified":"2025-10-27T08:52:51","modified_gmt":"2025-10-27T06:52:51","slug":"instagram-izlenen-reels-videolarini-bulmayi-kolaylastiracak-izleme-gecmisi-ozelligini-kullanima-sundu","status":"publish","type":"post","link":"https:\/\/kuzeyinsesi.org\/index.php\/2025\/10\/27\/instagram-izlenen-reels-videolarini-bulmayi-kolaylastiracak-izleme-gecmisi-ozelligini-kullanima-sundu\/","title":{"rendered":"Instagram, izlenen Reels videolar\u0131n\u0131 bulmay\u0131 kolayla\u015ft\u0131racak izleme ge\u00e7mi\u015fi \u00f6zelli\u011fini kullan\u0131ma sundu"},"content":{"rendered":"<p><\/p>\n<div>\n<p>&#13;<br \/>\n\t<a href=\"https:\/\/www.trthaber.com\/etiket\/instagram\/\" target=\"_blank\">Instagram<\/a> CEO\u2019su Adam Mosseri, Threads platformunda yapt\u0131\u011f\u0131 a\u00e7\u0131klamada, kullan\u0131c\u0131lar\u0131n art\u0131k izledikleri Reels videolar\u0131na ge\u00e7mi\u015ften ula\u015fabilece\u011fini duyurdu. Mosseri, payla\u015ft\u0131\u011f\u0131 videoda bir\u00e7ok kullan\u0131c\u0131n\u0131n daha \u00f6nce izledi\u011fi bir Reels videosunu arama sekmesinde veya hesaplar aras\u0131nda bulmakta zorland\u0131\u011f\u0131n\u0131, bu \u00f6zelli\u011fin tam da bu soruna \u00e7\u00f6z\u00fcm getirdi\u011fini belirtti.<\/p>\n<p>&#13;<br \/>\n\tMeta, ge\u00e7en y\u0131l Instagram\u2019da kullan\u0131c\u0131lar\u0131n ak\u0131\u015flar\u0131 yenilenirken izlemekte olduklar\u0131 videolar\u0131n aniden kaybolmas\u0131na neden olan \u201crug pull\u201d hatas\u0131n\u0131 d\u00fczeltme s\u00f6z\u00fc vermi\u015fti. Yeni izleme ge\u00e7mi\u015fi, bu t\u00fcr durumlarda kullan\u0131c\u0131lar\u0131n videolar\u0131na kolayca geri d\u00f6nmelerini sa\u011flayacak.<\/p>\n<h2>&#13;<br \/>\n\tAyarlardan eri\u015filebilecek<\/h2>\n<p>&#13;<br \/>\n\tMosseri\u2019nin a\u00e7\u0131klamas\u0131na g\u00f6re, kullan\u0131c\u0131lar izleme ge\u00e7mi\u015fine ula\u015fmak i\u00e7in profil ayarlar\u0131na girip \u201cYour activity\u201d (Etkinli\u011fin) sekmesinden \u201cWatch History\u201d (\u0130zleme Ge\u00e7mi\u015fi) b\u00f6l\u00fcm\u00fcn\u00fc se\u00e7ebilecek. Bu b\u00f6l\u00fcmde, uygulama \u00fczerinde izlenen Reels videolar\u0131n\u0131n kay\u0131tl\u0131 bir listesi yer alacak.<\/p>\n<p>&#13;<br \/>\n\tDaha \u00f6nce kullan\u0131c\u0131lar yaln\u0131zca \u201cKaydedilenler\u201d, \u201cBe\u011fenilenler\u201d veya \u201cPayla\u015f\u0131lanlar\u201d \u00fczerinden ge\u00e7mi\u015f videolara ula\u015fabiliyordu. Yeni \u00f6zellikle birlikte art\u0131k izlenen t\u00fcm Reels videolar\u0131 belirli bir ar\u015fivde g\u00f6r\u00fclebilecek.<\/p>\n<h2>&#13;<br \/>\n\tFiltreleme ve s\u0131ralama se\u00e7enekleri<\/h2>\n<p>&#13;<br \/>\n\tInstagram, izleme ge\u00e7mi\u015fine filtreleme \u00f6zellikleri de ekledi. Kullan\u0131c\u0131lar izledikleri videolar\u0131 tarih aral\u0131\u011f\u0131na, payla\u015fan hesaba veya yenilik s\u0131ras\u0131na g\u00f6re s\u0131ralayabilecek.<\/p>\n<p>&#13;<br \/>\n\tBu yenilik, Reels algoritmas\u0131nda s\u0131k\u00e7a ya\u015fanan otomatik yenileme sorunlar\u0131n\u0131n kullan\u0131c\u0131 deneyimini etkilemesini \u00f6nlemeyi ama\u00e7l\u0131yor.<\/p>\n<\/p><\/div>\n","protected":false},"excerpt":{"rendered":"<p>&#13; Instagram CEO\u2019su Adam Mosseri, Threads platformunda yapt\u0131\u011f\u0131 a\u00e7\u0131klamada, kullan\u0131c\u0131lar\u0131n art\u0131k izledikleri Reels videolar\u0131na ge\u00e7mi\u015ften ula\u015fabilece\u011fini duyurdu. Mosseri, payla\u015ft\u0131\u011f\u0131 videoda bir\u00e7ok kullan\u0131c\u0131n\u0131n daha \u00f6nce izledi\u011fi bir Reels videosunu arama sekmesinde veya hesaplar aras\u0131nda bulmakta zorland\u0131\u011f\u0131n\u0131, bu \u00f6zelli\u011fin tam da bu soruna \u00e7\u00f6z\u00fcm getirdi\u011fini belirtti. &#13; Meta, ge\u00e7en y\u0131l Instagram\u2019da kullan\u0131c\u0131lar\u0131n ak\u0131\u015flar\u0131 yenilenirken izlemekte olduklar\u0131 videolar\u0131n [&hellip;]<\/p>\n","protected":false},"author":1,"featured_media":34059,"comment_status":"open","ping_status":"open","sticky":false,"template":"","format":"standard","meta":{"jnews-multi-image_gallery":[],"jnews_single_post":[],"jnews_primary_category":[],"jnews_social_meta":[],"jnews_override_counter":[],"footnotes":""},"categories":[2],"tags":[],"class_list":["post-34058","post","type-post","status-publish","format-standard","has-post-thumbnail","hentry","category-dunya"],"yoast_head":"<!-- This site is optimized with the Yoast SEO plugin v27.5 - https:\/\/yoast.com\/product\/yoast-seo-wordpress\/ -->\n<title>Instagram, izlenen Reels videolar\u0131n\u0131 bulmay\u0131 kolayla\u015ft\u0131racak izleme ge\u00e7mi\u015fi \u00f6zelli\u011fini kullan\u0131ma sundu - Kuzeyin Sesi<\/title>\n<meta name=\"robots\" content=\"index, follow, max-snippet:-1, max-image-preview:large, max-video-preview:-1\" \/>\n<link rel=\"canonical\" href=\"https:\/\/kuzeyinsesi.org\/index.php\/2025\/10\/27\/instagram-izlenen-reels-videolarini-bulmayi-kolaylastiracak-izleme-gecmisi-ozelligini-kullanima-sundu\/\" \/>\n<meta property=\"og:locale\" content=\"tr_TR\" \/>\n<meta property=\"og:type\" content=\"article\" \/>\n<meta property=\"og:title\" content=\"Instagram, izlenen Reels videolar\u0131n\u0131 bulmay\u0131 kolayla\u015ft\u0131racak izleme ge\u00e7mi\u015fi \u00f6zelli\u011fini kullan\u0131ma sundu - Kuzeyin Sesi\" \/>\n<meta property=\"og:description\" content=\"&#013; Instagram CEO\u2019su Adam Mosseri, Threads platformunda yapt\u0131\u011f\u0131 a\u00e7\u0131klamada, kullan\u0131c\u0131lar\u0131n art\u0131k izledikleri Reels videolar\u0131na ge\u00e7mi\u015ften ula\u015fabilece\u011fini duyurdu. Mosseri, payla\u015ft\u0131\u011f\u0131 videoda bir\u00e7ok kullan\u0131c\u0131n\u0131n daha \u00f6nce izledi\u011fi bir Reels videosunu arama sekmesinde veya hesaplar aras\u0131nda bulmakta zorland\u0131\u011f\u0131n\u0131, bu \u00f6zelli\u011fin tam da bu soruna \u00e7\u00f6z\u00fcm getirdi\u011fini belirtti. &#013; Meta, ge\u00e7en y\u0131l Instagram\u2019da kullan\u0131c\u0131lar\u0131n ak\u0131\u015flar\u0131 yenilenirken izlemekte olduklar\u0131 videolar\u0131n [&hellip;]\" \/>\n<meta property=\"og:url\" content=\"https:\/\/kuzeyinsesi.org\/index.php\/2025\/10\/27\/instagram-izlenen-reels-videolarini-bulmayi-kolaylastiracak-izleme-gecmisi-ozelligini-kullanima-sundu\/\" \/>\n<meta property=\"og:site_name\" content=\"Kuzeyin Sesi\" \/>\n<meta property=\"article:publisher\" content=\"https:\/\/www.facebook.com\/kuzeyinsesii\" \/>\n<meta property=\"article:published_time\" content=\"2025-10-27T06:52:51+00:00\" \/>\n<meta property=\"og:image\" content=\"https:\/\/trthaberstatic.cdn.wp.trt.com.tr\/resimler\/2068000\/instagram-aa-2068430.jpg\" \/>\n<meta name=\"author\" content=\"Kuzeyin Sesi\" \/>\n<meta name=\"twitter:card\" content=\"summary_large_image\" \/>\n<meta name=\"twitter:creator\" content=\"@kuzeyinsesii\" \/>\n<meta name=\"twitter:site\" content=\"@kuzeyinsesii\" \/>\n<meta name=\"twitter:label1\" content=\"Yazan:\" \/>\n\t<meta name=\"twitter:data1\" content=\"Kuzeyin Sesi\" \/>\n\t<meta name=\"twitter:label2\" content=\"Tahmini okuma s\u00fcresi\" \/>\n\t<meta name=\"twitter:data2\" content=\"1 dakika\" \/>\n<script type=\"application\/ld+json\" class=\"yoast-schema-graph\">{\"@context\":\"https:\\\/\\\/schema.org\",\"@graph\":[{\"@type\":\"Article\",\"@id\":\"https:\\\/\\\/kuzeyinsesi.org\\\/index.php\\\/2025\\\/10\\\/27\\\/instagram-izlenen-reels-videolarini-bulmayi-kolaylastiracak-izleme-gecmisi-ozelligini-kullanima-sundu\\\/#article\",\"isPartOf\":{\"@id\":\"https:\\\/\\\/kuzeyinsesi.org\\\/index.php\\\/2025\\\/10\\\/27\\\/instagram-izlenen-reels-videolarini-bulmayi-kolaylastiracak-izleme-gecmisi-ozelligini-kullanima-sundu\\\/\"},\"author\":{\"name\":\"Kuzeyin Sesi\",\"@id\":\"https:\\\/\\\/kuzeyinsesi.org\\\/#\\\/schema\\\/person\\\/9f859689cdf01485597712386e37f5aa\"},\"headline\":\"Instagram, izlenen Reels videolar\u0131n\u0131 bulmay\u0131 kolayla\u015ft\u0131racak izleme ge\u00e7mi\u015fi \u00f6zelli\u011fini kullan\u0131ma sundu\",\"datePublished\":\"2025-10-27T06:52:51+00:00\",\"mainEntityOfPage\":{\"@id\":\"https:\\\/\\\/kuzeyinsesi.org\\\/index.php\\\/2025\\\/10\\\/27\\\/instagram-izlenen-reels-videolarini-bulmayi-kolaylastiracak-izleme-gecmisi-ozelligini-kullanima-sundu\\\/\"},\"wordCount\":290,\"commentCount\":0,\"image\":{\"@id\":\"https:\\\/\\\/kuzeyinsesi.org\\\/index.php\\\/2025\\\/10\\\/27\\\/instagram-izlenen-reels-videolarini-bulmayi-kolaylastiracak-izleme-gecmisi-ozelligini-kullanima-sundu\\\/#primaryimage\"},\"thumbnailUrl\":\"https:\\\/\\\/kuzeyinsesi.org\\\/wp-content\\\/uploads\\\/2025\\\/10\\\/instagram-aa-2068430.jpg\",\"articleSection\":[\"D\u00fcnya\"],\"inLanguage\":\"tr\",\"potentialAction\":[{\"@type\":\"CommentAction\",\"name\":\"Comment\",\"target\":[\"https:\\\/\\\/kuzeyinsesi.org\\\/index.php\\\/2025\\\/10\\\/27\\\/instagram-izlenen-reels-videolarini-bulmayi-kolaylastiracak-izleme-gecmisi-ozelligini-kullanima-sundu\\\/#respond\"]}]},{\"@type\":\"WebPage\",\"@id\":\"https:\\\/\\\/kuzeyinsesi.org\\\/index.php\\\/2025\\\/10\\\/27\\\/instagram-izlenen-reels-videolarini-bulmayi-kolaylastiracak-izleme-gecmisi-ozelligini-kullanima-sundu\\\/\",\"url\":\"https:\\\/\\\/kuzeyinsesi.org\\\/index.php\\\/2025\\\/10\\\/27\\\/instagram-izlenen-reels-videolarini-bulmayi-kolaylastiracak-izleme-gecmisi-ozelligini-kullanima-sundu\\\/\",\"name\":\"Instagram, izlenen Reels videolar\u0131n\u0131 bulmay\u0131 kolayla\u015ft\u0131racak izleme ge\u00e7mi\u015fi \u00f6zelli\u011fini kullan\u0131ma sundu - Kuzeyin Sesi\",\"isPartOf\":{\"@id\":\"https:\\\/\\\/kuzeyinsesi.org\\\/#website\"},\"primaryImageOfPage\":{\"@id\":\"https:\\\/\\\/kuzeyinsesi.org\\\/index.php\\\/2025\\\/10\\\/27\\\/instagram-izlenen-reels-videolarini-bulmayi-kolaylastiracak-izleme-gecmisi-ozelligini-kullanima-sundu\\\/#primaryimage\"},\"image\":{\"@id\":\"https:\\\/\\\/kuzeyinsesi.org\\\/index.php\\\/2025\\\/10\\\/27\\\/instagram-izlenen-reels-videolarini-bulmayi-kolaylastiracak-izleme-gecmisi-ozelligini-kullanima-sundu\\\/#primaryimage\"},\"thumbnailUrl\":\"https:\\\/\\\/kuzeyinsesi.org\\\/wp-content\\\/uploads\\\/2025\\\/10\\\/instagram-aa-2068430.jpg\",\"datePublished\":\"2025-10-27T06:52:51+00:00\",\"author\":{\"@id\":\"https:\\\/\\\/kuzeyinsesi.org\\\/#\\\/schema\\\/person\\\/9f859689cdf01485597712386e37f5aa\"},\"breadcrumb\":{\"@id\":\"https:\\\/\\\/kuzeyinsesi.org\\\/index.php\\\/2025\\\/10\\\/27\\\/instagram-izlenen-reels-videolarini-bulmayi-kolaylastiracak-izleme-gecmisi-ozelligini-kullanima-sundu\\\/#breadcrumb\"},\"inLanguage\":\"tr\",\"potentialAction\":[{\"@type\":\"ReadAction\",\"target\":[\"https:\\\/\\\/kuzeyinsesi.org\\\/index.php\\\/2025\\\/10\\\/27\\\/instagram-izlenen-reels-videolarini-bulmayi-kolaylastiracak-izleme-gecmisi-ozelligini-kullanima-sundu\\\/\"]}]},{\"@type\":\"ImageObject\",\"inLanguage\":\"tr\",\"@id\":\"https:\\\/\\\/kuzeyinsesi.org\\\/index.php\\\/2025\\\/10\\\/27\\\/instagram-izlenen-reels-videolarini-bulmayi-kolaylastiracak-izleme-gecmisi-ozelligini-kullanima-sundu\\\/#primaryimage\",\"url\":\"https:\\\/\\\/kuzeyinsesi.org\\\/wp-content\\\/uploads\\\/2025\\\/10\\\/instagram-aa-2068430.jpg\",\"contentUrl\":\"https:\\\/\\\/kuzeyinsesi.org\\\/wp-content\\\/uploads\\\/2025\\\/10\\\/instagram-aa-2068430.jpg\",\"width\":1280,\"height\":720},{\"@type\":\"BreadcrumbList\",\"@id\":\"https:\\\/\\\/kuzeyinsesi.org\\\/index.php\\\/2025\\\/10\\\/27\\\/instagram-izlenen-reels-videolarini-bulmayi-kolaylastiracak-izleme-gecmisi-ozelligini-kullanima-sundu\\\/#breadcrumb\",\"itemListElement\":[{\"@type\":\"ListItem\",\"position\":1,\"name\":\"Anasayfa\",\"item\":\"https:\\\/\\\/kuzeyinsesi.org\\\/\"},{\"@type\":\"ListItem\",\"position\":2,\"name\":\"Instagram, izlenen Reels videolar\u0131n\u0131 bulmay\u0131 kolayla\u015ft\u0131racak izleme ge\u00e7mi\u015fi \u00f6zelli\u011fini kullan\u0131ma sundu\"}]},{\"@type\":\"WebSite\",\"@id\":\"https:\\\/\\\/kuzeyinsesi.org\\\/#website\",\"url\":\"https:\\\/\\\/kuzeyinsesi.org\\\/\",\"name\":\"Kuzeyin Sesi\",\"description\":\"Do\u011fru Haberin Adresi\",\"potentialAction\":[{\"@type\":\"SearchAction\",\"target\":{\"@type\":\"EntryPoint\",\"urlTemplate\":\"https:\\\/\\\/kuzeyinsesi.org\\\/?s={search_term_string}\"},\"query-input\":{\"@type\":\"PropertyValueSpecification\",\"valueRequired\":true,\"valueName\":\"search_term_string\"}}],\"inLanguage\":\"tr\"},{\"@type\":\"Person\",\"@id\":\"https:\\\/\\\/kuzeyinsesi.org\\\/#\\\/schema\\\/person\\\/9f859689cdf01485597712386e37f5aa\",\"name\":\"Kuzeyin Sesi\",\"image\":{\"@type\":\"ImageObject\",\"inLanguage\":\"tr\",\"@id\":\"https:\\\/\\\/secure.gravatar.com\\\/avatar\\\/bab33852abfd8b282518d6ed81826833d77c3c882d9ab608add591ccace47a44?s=96&d=mm&r=g\",\"url\":\"https:\\\/\\\/secure.gravatar.com\\\/avatar\\\/bab33852abfd8b282518d6ed81826833d77c3c882d9ab608add591ccace47a44?s=96&d=mm&r=g\",\"contentUrl\":\"https:\\\/\\\/secure.gravatar.com\\\/avatar\\\/bab33852abfd8b282518d6ed81826833d77c3c882d9ab608add591ccace47a44?s=96&d=mm&r=g\",\"caption\":\"Kuzeyin Sesi\"},\"sameAs\":[\"https:\\\/\\\/kuzeyinsesi.org\"],\"url\":\"https:\\\/\\\/kuzeyinsesi.org\\\/index.php\\\/author\\\/guven\\\/\"}]}<\/script>\n<!-- \/ Yoast SEO plugin. -->","yoast_head_json":{"title":"Instagram, izlenen Reels videolar\u0131n\u0131 bulmay\u0131 kolayla\u015ft\u0131racak izleme ge\u00e7mi\u015fi \u00f6zelli\u011fini kullan\u0131ma sundu - Kuzeyin Sesi","robots":{"index":"index","follow":"follow","max-snippet":"max-snippet:-1","max-image-preview":"max-image-preview:large","max-video-preview":"max-video-preview:-1"},"canonical":"https:\/\/kuzeyinsesi.org\/index.php\/2025\/10\/27\/instagram-izlenen-reels-videolarini-bulmayi-kolaylastiracak-izleme-gecmisi-ozelligini-kullanima-sundu\/","og_locale":"tr_TR","og_type":"article","og_title":"Instagram, izlenen Reels videolar\u0131n\u0131 bulmay\u0131 kolayla\u015ft\u0131racak izleme ge\u00e7mi\u015fi \u00f6zelli\u011fini kullan\u0131ma sundu - Kuzeyin Sesi","og_description":"&#13; Instagram CEO\u2019su Adam Mosseri, Threads platformunda yapt\u0131\u011f\u0131 a\u00e7\u0131klamada, kullan\u0131c\u0131lar\u0131n art\u0131k izledikleri Reels videolar\u0131na ge\u00e7mi\u015ften ula\u015fabilece\u011fini duyurdu. Mosseri, payla\u015ft\u0131\u011f\u0131 videoda bir\u00e7ok kullan\u0131c\u0131n\u0131n daha \u00f6nce izledi\u011fi bir Reels videosunu arama sekmesinde veya hesaplar aras\u0131nda bulmakta zorland\u0131\u011f\u0131n\u0131, bu \u00f6zelli\u011fin tam da bu soruna \u00e7\u00f6z\u00fcm getirdi\u011fini belirtti. &#13; Meta, ge\u00e7en y\u0131l Instagram\u2019da kullan\u0131c\u0131lar\u0131n ak\u0131\u015flar\u0131 yenilenirken izlemekte olduklar\u0131 videolar\u0131n [&hellip;]","og_url":"https:\/\/kuzeyinsesi.org\/index.php\/2025\/10\/27\/instagram-izlenen-reels-videolarini-bulmayi-kolaylastiracak-izleme-gecmisi-ozelligini-kullanima-sundu\/","og_site_name":"Kuzeyin Sesi","article_publisher":"https:\/\/www.facebook.com\/kuzeyinsesii","article_published_time":"2025-10-27T06:52:51+00:00","og_image":[{"url":"https:\/\/trthaberstatic.cdn.wp.trt.com.tr\/resimler\/2068000\/instagram-aa-2068430.jpg","type":"","width":"","height":""}],"author":"Kuzeyin Sesi","twitter_card":"summary_large_image","twitter_creator":"@kuzeyinsesii","twitter_site":"@kuzeyinsesii","twitter_misc":{"Yazan:":"Kuzeyin Sesi","Tahmini okuma s\u00fcresi":"1 dakika"},"schema":{"@context":"https:\/\/schema.org","@graph":[{"@type":"Article","@id":"https:\/\/kuzeyinsesi.org\/index.php\/2025\/10\/27\/instagram-izlenen-reels-videolarini-bulmayi-kolaylastiracak-izleme-gecmisi-ozelligini-kullanima-sundu\/#article","isPartOf":{"@id":"https:\/\/kuzeyinsesi.org\/index.php\/2025\/10\/27\/instagram-izlenen-reels-videolarini-bulmayi-kolaylastiracak-izleme-gecmisi-ozelligini-kullanima-sundu\/"},"author":{"name":"Kuzeyin Sesi","@id":"https:\/\/kuzeyinsesi.org\/#\/schema\/person\/9f859689cdf01485597712386e37f5aa"},"headline":"Instagram, izlenen Reels videolar\u0131n\u0131 bulmay\u0131 kolayla\u015ft\u0131racak izleme ge\u00e7mi\u015fi \u00f6zelli\u011fini kullan\u0131ma sundu","datePublished":"2025-10-27T06:52:51+00:00","mainEntityOfPage":{"@id":"https:\/\/kuzeyinsesi.org\/index.php\/2025\/10\/27\/instagram-izlenen-reels-videolarini-bulmayi-kolaylastiracak-izleme-gecmisi-ozelligini-kullanima-sundu\/"},"wordCount":290,"commentCount":0,"image":{"@id":"https:\/\/kuzeyinsesi.org\/index.php\/2025\/10\/27\/instagram-izlenen-reels-videolarini-bulmayi-kolaylastiracak-izleme-gecmisi-ozelligini-kullanima-sundu\/#primaryimage"},"thumbnailUrl":"https:\/\/kuzeyinsesi.org\/wp-content\/uploads\/2025\/10\/instagram-aa-2068430.jpg","articleSection":["D\u00fcnya"],"inLanguage":"tr","potentialAction":[{"@type":"CommentAction","name":"Comment","target":["https:\/\/kuzeyinsesi.org\/index.php\/2025\/10\/27\/instagram-izlenen-reels-videolarini-bulmayi-kolaylastiracak-izleme-gecmisi-ozelligini-kullanima-sundu\/#respond"]}]},{"@type":"WebPage","@id":"https:\/\/kuzeyinsesi.org\/index.php\/2025\/10\/27\/instagram-izlenen-reels-videolarini-bulmayi-kolaylastiracak-izleme-gecmisi-ozelligini-kullanima-sundu\/","url":"https:\/\/kuzeyinsesi.org\/index.php\/2025\/10\/27\/instagram-izlenen-reels-videolarini-bulmayi-kolaylastiracak-izleme-gecmisi-ozelligini-kullanima-sundu\/","name":"Instagram, izlenen Reels videolar\u0131n\u0131 bulmay\u0131 kolayla\u015ft\u0131racak izleme ge\u00e7mi\u015fi \u00f6zelli\u011fini kullan\u0131ma sundu - Kuzeyin Sesi","isPartOf":{"@id":"https:\/\/kuzeyinsesi.org\/#website"},"primaryImageOfPage":{"@id":"https:\/\/kuzeyinsesi.org\/index.php\/2025\/10\/27\/instagram-izlenen-reels-videolarini-bulmayi-kolaylastiracak-izleme-gecmisi-ozelligini-kullanima-sundu\/#primaryimage"},"image":{"@id":"https:\/\/kuzeyinsesi.org\/index.php\/2025\/10\/27\/instagram-izlenen-reels-videolarini-bulmayi-kolaylastiracak-izleme-gecmisi-ozelligini-kullanima-sundu\/#primaryimage"},"thumbnailUrl":"https:\/\/kuzeyinsesi.org\/wp-content\/uploads\/2025\/10\/instagram-aa-2068430.jpg","datePublished":"2025-10-27T06:52:51+00:00","author":{"@id":"https:\/\/kuzeyinsesi.org\/#\/schema\/person\/9f859689cdf01485597712386e37f5aa"},"breadcrumb":{"@id":"https:\/\/kuzeyinsesi.org\/index.php\/2025\/10\/27\/instagram-izlenen-reels-videolarini-bulmayi-kolaylastiracak-izleme-gecmisi-ozelligini-kullanima-sundu\/#breadcrumb"},"inLanguage":"tr","potentialAction":[{"@type":"ReadAction","target":["https:\/\/kuzeyinsesi.org\/index.php\/2025\/10\/27\/instagram-izlenen-reels-videolarini-bulmayi-kolaylastiracak-izleme-gecmisi-ozelligini-kullanima-sundu\/"]}]},{"@type":"ImageObject","inLanguage":"tr","@id":"https:\/\/kuzeyinsesi.org\/index.php\/2025\/10\/27\/instagram-izlenen-reels-videolarini-bulmayi-kolaylastiracak-izleme-gecmisi-ozelligini-kullanima-sundu\/#primaryimage","url":"https:\/\/kuzeyinsesi.org\/wp-content\/uploads\/2025\/10\/instagram-aa-2068430.jpg","contentUrl":"https:\/\/kuzeyinsesi.org\/wp-content\/uploads\/2025\/10\/instagram-aa-2068430.jpg","width":1280,"height":720},{"@type":"BreadcrumbList","@id":"https:\/\/kuzeyinsesi.org\/index.php\/2025\/10\/27\/instagram-izlenen-reels-videolarini-bulmayi-kolaylastiracak-izleme-gecmisi-ozelligini-kullanima-sundu\/#breadcrumb","itemListElement":[{"@type":"ListItem","position":1,"name":"Anasayfa","item":"https:\/\/kuzeyinsesi.org\/"},{"@type":"ListItem","position":2,"name":"Instagram, izlenen Reels videolar\u0131n\u0131 bulmay\u0131 kolayla\u015ft\u0131racak izleme ge\u00e7mi\u015fi \u00f6zelli\u011fini kullan\u0131ma sundu"}]},{"@type":"WebSite","@id":"https:\/\/kuzeyinsesi.org\/#website","url":"https:\/\/kuzeyinsesi.org\/","name":"Kuzeyin Sesi","description":"Do\u011fru Haberin Adresi","potentialAction":[{"@type":"SearchAction","target":{"@type":"EntryPoint","urlTemplate":"https:\/\/kuzeyinsesi.org\/?s={search_term_string}"},"query-input":{"@type":"PropertyValueSpecification","valueRequired":true,"valueName":"search_term_string"}}],"inLanguage":"tr"},{"@type":"Person","@id":"https:\/\/kuzeyinsesi.org\/#\/schema\/person\/9f859689cdf01485597712386e37f5aa","name":"Kuzeyin Sesi","image":{"@type":"ImageObject","inLanguage":"tr","@id":"https:\/\/secure.gravatar.com\/avatar\/bab33852abfd8b282518d6ed81826833d77c3c882d9ab608add591ccace47a44?s=96&d=mm&r=g","url":"https:\/\/secure.gravatar.com\/avatar\/bab33852abfd8b282518d6ed81826833d77c3c882d9ab608add591ccace47a44?s=96&d=mm&r=g","contentUrl":"https:\/\/secure.gravatar.com\/avatar\/bab33852abfd8b282518d6ed81826833d77c3c882d9ab608add591ccace47a44?s=96&d=mm&r=g","caption":"Kuzeyin Sesi"},"sameAs":["https:\/\/kuzeyinsesi.org"],"url":"https:\/\/kuzeyinsesi.org\/index.php\/author\/guven\/"}]}},"_links":{"self":[{"href":"https:\/\/kuzeyinsesi.org\/index.php\/wp-json\/wp\/v2\/posts\/34058","targetHints":{"allow":["GET"]}}],"collection":[{"href":"https:\/\/kuzeyinsesi.org\/index.php\/wp-json\/wp\/v2\/posts"}],"about":[{"href":"https:\/\/kuzeyinsesi.org\/index.php\/wp-json\/wp\/v2\/types\/post"}],"author":[{"embeddable":true,"href":"https:\/\/kuzeyinsesi.org\/index.php\/wp-json\/wp\/v2\/users\/1"}],"replies":[{"embeddable":true,"href":"https:\/\/kuzeyinsesi.org\/index.php\/wp-json\/wp\/v2\/comments?post=34058"}],"version-history":[{"count":0,"href":"https:\/\/kuzeyinsesi.org\/index.php\/wp-json\/wp\/v2\/posts\/34058\/revisions"}],"wp:featuredmedia":[{"embeddable":true,"href":"https:\/\/kuzeyinsesi.org\/index.php\/wp-json\/wp\/v2\/media\/34059"}],"wp:attachment":[{"href":"https:\/\/kuzeyinsesi.org\/index.php\/wp-json\/wp\/v2\/media?parent=34058"}],"wp:term":[{"taxonomy":"category","embeddable":true,"href":"https:\/\/kuzeyinsesi.org\/index.php\/wp-json\/wp\/v2\/categories?post=34058"},{"taxonomy":"post_tag","embeddable":true,"href":"https:\/\/kuzeyinsesi.org\/index.php\/wp-json\/wp\/v2\/tags?post=34058"}],"curies":[{"name":"wp","href":"https:\/\/api.w.org\/{rel}","templated":true}]}}